{"id":19195,"date":"2020-04-26T12:23:39","date_gmt":"2020-04-26T10:23:39","guid":{"rendered":"https:\/\/kunmedierne.dk\/mors\/?p=19195"},"modified":"2024-08-12T14:06:12","modified_gmt":"2024-08-12T12:06:12","slug":"kirken-der-fik-mere-lys-fra-oven","status":"publish","type":"post","link":"https:\/\/kunmedierne.dk\/mors\/kirken-der-fik-mere-lys-fra-oven\/","title":{"rendered":"Kirken der fik (mere) lys fra oven"},"content":{"rendered":"<p><strong>ERSLEV<\/strong>: Den er beskeden af st\u00f8rrelse, men Erslev Kirke er en lille lys oplevelse at tr\u00e6de ind i.<\/p>\n<p>Det har sognepr\u00e6st Peter \u00d8sterby J\u00f8rgensen og hans menighed kunnet gl\u00e6de sig over i mere end 20 \u00e5r, efter at kirken i 1990&#8217;erne var igennem en stor og vellykket renovering, der b\u00e5de udvendigt og indvendigt l\u00f8ftede det visuelle indtryk.<\/p>\n<p>Og det kirkerum, der f\u00f8r renoveringen m\u00e5ske var lige lovlig tynget af de m\u00f8rke bj\u00e6lker i loftet, fik med en lysere nuance p\u00e5 murv\u00e6rket over bj\u00e6lkerne nu n\u00e6rmest lys fra oven og en markant lysere stemning at tr\u00e6de ind i.<\/p>\n<div id=\"attachment_19211\" style=\"width: 360px\" class=\"wp-caption alignright\"><img loading=\"lazy\" decoding=\"async\" aria-describedby=\"caption-attachment-19211\" class=\"size-full wp-image-19211\" src=\"https:\/\/kunmedierne.dk\/mors\/wp-content\/uploads\/2020\/04\/erslev5.jpg\" alt=\"\" width=\"350\" height=\"367\" srcset=\"https:\/\/kunmedierne.dk\/mors\/wp-content\/uploads\/2020\/04\/erslev5.jpg 350w, https:\/\/kunmedierne.dk\/mors\/wp-content\/uploads\/2020\/04\/erslev5-286x300.jpg 286w\" sizes=\"auto, (max-width: 350px) 100vw, 350px\" \/><p id=\"caption-attachment-19211\" class=\"wp-caption-text\">Alterbilledet fra 1751 forestiller nadveren.<\/p><\/div>\n<p>Det var dog ikke kun farverne, der blev frisket op. P\u00e5 altret havde man i en \u00e5rr\u00e6kke anvendt et maleri af Jesu d\u00e5b udf\u00f8rt af Bodil Kaalund (1930-2016), dansk maler, grafiker tekstilkunstner og forfatter.<\/p>\n<p>Men da man havde haft det oprindelige alterbillede udf\u00f8rt af Jens Trane i 1751 til en konservator, var man ikke i tvivl om, at det skulle have h\u00e6derspladsen i kirken. Maleriet, der er i naivistisk stil og med nadveren som motiv, passede ganske enkelt meget bedre til den renoverede version af Erslev Kirke.<\/p>\n<p>Peter \u00d8sterby J\u00f8rgensen fort\u00e6ller, at Bodil Kaalunds maleri i stedet blev placeret ved kapellet, hvilket fik hende til at afl\u00e6gge kirken et bes\u00f8g.<\/p>\n<p>&#8220;Jeg var der ikke selv den dag, men hun kom op og s\u00e5 sit billede og sagde: &#8216;N\u00f8j, har jeg nogensinde malet noget, der var s\u00e5 m\u00f8rkt?&#8217; S\u00e5 det var n\u00e6sten, som om hun forstod det,&#8221; siger sognepr\u00e6sten og tilf\u00f8jer, at Bodil Kaalund i stedet bad om at f\u00e5 sit maleri\u00a0placeret p\u00e5 Museet for Religi\u00f8s Kunst i Lemvig, hvor det nu kan ses lige som flere andre af hendes v\u00e6rker.<\/p>\n<p>&nbsp;<\/p>\n<p><strong>Har kunnet ses vidt omkring<\/strong><\/p>\n<p>Ved Erslev Kirke kan man se s\u00e5 meget andet. Man kan faktisk se vidt omkring p\u00e5 Mors.<\/p>\n<div id=\"attachment_19212\" style=\"width: 360px\" class=\"wp-caption alignright\"><img loading=\"lazy\" decoding=\"async\" aria-describedby=\"caption-attachment-19212\" class=\"size-full wp-image-19212\" src=\"https:\/\/kunmedierne.dk\/mors\/wp-content\/uploads\/2020\/04\/erslev7.jpg\" alt=\"\" width=\"350\" height=\"368\" srcset=\"https:\/\/kunmedierne.dk\/mors\/wp-content\/uploads\/2020\/04\/erslev7.jpg 350w, https:\/\/kunmedierne.dk\/mors\/wp-content\/uploads\/2020\/04\/erslev7-285x300.jpg 285w\" sizes=\"auto, (max-width: 350px) 100vw, 350px\" \/><p id=\"caption-attachment-19212\" class=\"wp-caption-text\">P\u00e5 skibets nordv\u00e6g h\u00e6nger et stort krucifiks fra 1500-tallet. Korstr\u00e6et og malingen er dog nyere.<\/p><\/div>\n<p>&#8220;Den er h\u00f8jt beliggende i byen og for s\u00e5 vidt ogs\u00e5 i sognet. F\u00f8r byen blev, som den er nu, har den sikkert v\u00e6ret synlig viden om,&#8221; siger Peter \u00d8sterby J\u00f8rgensen og beretter, at det er kirken stadig, hvis man placerer sig, s\u00e5 synsfeltet rammer fra den rigtige vinkel &#8211; imellem husene.<\/p>\n<p>Og kommer man ind i kirken, f\u00e5r man alts\u00e5 mere lys fra oven end tidligere. Det g\u00e6lder ogs\u00e5 p\u00e5 en \u00e5rets l\u00e6ngste n\u00e6tter.<\/p>\n<p>&#8220;En af \u00e5rets stjernestunder er juleaften klokken 23. Her er kirken ikke fyldt til bristepunktet, men den er godt besat. Det er et h\u00f8jdepunkt i Erslev Sogn,&#8221; siger Peter \u00d8sterby J\u00f8rgensen, der vurderer, at kirkeorglet og &#8220;Det kimer nu til julefest&#8221; har en s\u00e6rlig del af \u00e6ren for det.<\/p>\n<p>&nbsp;<\/p>\n<blockquote>\n<h3>\u00d8ENS KIRKER<\/h3>\n<p>Der findes 34 kirker p\u00e5 Mors, og KunMors kommer i 2020 til at fort\u00e6lle om hver eneste af dem. Det g\u00f8r vi i serien \u201c\u00d8ens kirker\u201d, der s\u00f8ndag efter s\u00f8ndag pr\u00e6senterer en af de mange kirker.<\/p>\n<p>&nbsp;<\/p>\n<p>Tidligere har vi skrevet om: <a href=\"https:\/\/kunmedierne.dk\/mors\/hoeje-tindinger-paa-pudsigt-alterbillede\/\" target=\"_blank\" rel=\"noopener noreferrer\">T\u00f8ds\u00f8 Kirke<\/a>, <a href=\"https:\/\/kunmedierne.dk\/mors\/den-lille-kirke-med-mikael-dragedraeber-og-de-andre-klenodier\/\" target=\"_blank\" rel=\"noopener noreferrer\">J\u00f8rsby Kirke<\/a>, <a href=\"https:\/\/kunmedierne.dk\/mors\/voksne-maend-graeder-af-bevaegelse-i-moedet-med-vejerslev-kirke\/\" target=\"_blank\" rel=\"noopener noreferrer\">Vejerslev Kirke<\/a>, <a href=\"https:\/\/kunmedierne.dk\/mors\/en-kirke-behoever-ikke-goere-meget-vaesen-af-sig\/\" target=\"_blank\" rel=\"noopener noreferrer\">Flade Kirke<\/a>, <a href=\"https:\/\/kunmedierne.dk\/mors\/kirken-hvor-tankerne-kan-vandre-lige-som-foedderne\/\" target=\"_blank\" rel=\"noopener noreferrer\">T\u00e6bring Kirke<\/a>, <a href=\"https:\/\/kunmedierne.dk\/mors\/et-vartegn-paa-sammenhold-og-en-kirke-med-et-helt-saerligt-lys\/\">Ager\u00f8 Kirke<\/a>, <a href=\"https:\/\/kunmedierne.dk\/mors\/to-sarkofager-goer-ljoerslev-kirke-til-noget-saerligt\/\">Lj\u00f8rslev Kirke<\/a>, <a href=\"https:\/\/kunmedierne.dk\/mors\/skotoejsaesken-med-den-formidable-akustik\/\">L\u00f8dderup Kirke<\/a>, <a href=\"https:\/\/kunmedierne.dk\/mors\/taenk-hvis-kirkens-mure-kunne-huske-alle-historierne\/\" target=\"_blank\" rel=\"noopener noreferrer\">Bjergby Kirke<\/a>, <a href=\"https:\/\/kunmedierne.dk\/mors\/erik-heide-malede-en-hest\/\" target=\"_blank\" rel=\"noopener noreferrer\">\u00d8ster J\u00f8lby Kirke<\/a>, <a href=\"https:\/\/kunmedierne.dk\/mors\/kirken-med-det-unikke-stenhoved\/\">Ovtrup Kirke<\/a> og <a href=\"https:\/\/kunmedierne.dk\/mors\/spottet-udefra-giver-det-smukkeste-lys-i-oerding-kirke\/\" target=\"_blank\" rel=\"noopener noreferrer\">\u00d8rding Kirke<\/a>.<\/p>\n<p>&nbsp;<\/p>\n<p>L\u00e6s mere om Erslev Kirke p\u00e5 Aalborg Stifts <a href=\"https:\/\/aalborgstift.dk\/stiftet\/kirker?--fit_diocesedata-churchdb%5B%40package%5D=fit.diocesedata&amp;--fit_diocesedata-churchdb%5B%40controller%5D=parish&amp;--fit_diocesedata-churchdb%5B%40action%5D=show&amp;--fit_diocesedata-churchdb%5B%40format%5D=html&amp;--fit_diocesedata-churchdb%5Bparish%5D%5B__identity%5D=a211fb52-c296-44d0-9ec4-5228f6b1bb7a\" target=\"_blank\" rel=\"noopener noreferrer\">hjemmeside<\/a>.<\/p>\n<p>&nbsp;<\/p>\n<p>Billederne til artikelserien er venligst udl\u00e5nt af Niels Clemmensen\/Aalborg Stift.<\/p><\/blockquote>\n<p>&nbsp;<\/p>\n","protected":false},"excerpt":{"rendered":"<p>ERSLEV: Den er beskeden af st\u00f8rrelse, men Erslev Kirke er en lille lys oplevelse at tr\u00e6de ind i. Det har sognepr\u00e6st Peter \u00d8sterby J\u00f8rgensen og hans menighed kunnet gl\u00e6de sig over i mere end 20 \u00e5r, efter at kirken i 1990&#8217;erne var igennem en stor og vellykket renovering, der b\u00e5de udvendigt og indvendigt l\u00f8ftede det [&hellip;]<\/p>\n","protected":false},"author":8,"featured_media":19205,"comment_status":"open","ping_status":"open","sticky":false,"template":"","format":"gallery","meta":{"_acf_changed":false,"footnotes":""},"categories":[51],"tags":[161],"class_list":["post-19195","post","type-post","status-publish","format-gallery","has-post-thumbnail","hentry","category-lokalt","tag-kirker","post_format-post-format-gallery"],"acf":[],"yoast_head":"<!-- This site is optimized with the Yoast SEO plugin v26.8 - https:\/\/yoast.com\/product\/yoast-seo-wordpress\/ -->\n<title>Kirken der fik (mere) lys fra oven - Mors<\/title>\n<meta name=\"robots\" content=\"index, follow, max-snippet:-1, max-image-preview:large, max-video-preview:-1\" \/>\n<link rel=\"canonical\" href=\"https:\/\/kunmedierne.dk\/mors\/kirken-der-fik-mere-lys-fra-oven\/\" \/>\n<meta property=\"og:locale\" content=\"da_DK\" \/>\n<meta property=\"og:type\" content=\"article\" \/>\n<meta property=\"og:title\" content=\"Kirken der fik (mere) lys fra oven - Mors\" \/>\n<meta property=\"og:description\" content=\"ERSLEV: Den er beskeden af st\u00f8rrelse, men Erslev Kirke er en lille lys oplevelse at tr\u00e6de ind i. Det har sognepr\u00e6st Peter \u00d8sterby J\u00f8rgensen og hans menighed kunnet gl\u00e6de sig over i mere end 20 \u00e5r, efter at kirken i 1990&#8217;erne var igennem en stor og vellykket renovering, der b\u00e5de udvendigt og indvendigt l\u00f8ftede det [&hellip;]\" \/>\n<meta property=\"og:url\" content=\"https:\/\/kunmedierne.dk\/mors\/kirken-der-fik-mere-lys-fra-oven\/\" \/>\n<meta property=\"og:site_name\" content=\"Mors\" \/>\n<meta property=\"article:published_time\" content=\"2020-04-26T10:23:39+00:00\" \/>\n<meta property=\"article:modified_time\" content=\"2024-08-12T12:06:12+00:00\" \/>\n<meta property=\"og:image\" content=\"https:\/\/kunmedierne.dk\/mors\/wp-content\/uploads\/2020\/04\/erslev1.jpg\" \/>\n\t<meta property=\"og:image:width\" content=\"770\" \/>\n\t<meta property=\"og:image:height\" content=\"514\" \/>\n\t<meta property=\"og:image:type\" content=\"image\/jpeg\" \/>\n<meta name=\"author\" content=\"David H\u00f8jmark\" \/>\n<meta name=\"twitter:card\" content=\"summary_large_image\" \/>\n<meta name=\"twitter:label1\" content=\"Skrevet af\" \/>\n\t<meta name=\"twitter:data1\" content=\"David H\u00f8jmark\" \/>\n\t<meta name=\"twitter:label2\" content=\"Estimeret l\u00e6setid\" \/>\n\t<meta name=\"twitter:data2\" content=\"3 minutter\" \/>\n<script type=\"application\/ld+json\" class=\"yoast-schema-graph\">{\"@context\":\"https:\/\/schema.org\",\"@graph\":[{\"@type\":\"Article\",\"@id\":\"https:\/\/kunmedierne.dk\/mors\/kirken-der-fik-mere-lys-fra-oven\/#article\",\"isPartOf\":{\"@id\":\"https:\/\/kunmedierne.dk\/mors\/kirken-der-fik-mere-lys-fra-oven\/\"},\"author\":{\"name\":\"David H\u00f8jmark\",\"@id\":\"https:\/\/kunmedierne.dk\/mors\/#\/schema\/person\/5fe23251bf1d0abbcdc6f7896579d548\"},\"headline\":\"Kirken der fik (mere) lys fra oven\",\"datePublished\":\"2020-04-26T10:23:39+00:00\",\"dateModified\":\"2024-08-12T12:06:12+00:00\",\"mainEntityOfPage\":{\"@id\":\"https:\/\/kunmedierne.dk\/mors\/kirken-der-fik-mere-lys-fra-oven\/\"},\"wordCount\":612,\"commentCount\":0,\"publisher\":{\"@id\":\"https:\/\/kunmedierne.dk\/mors\/#organization\"},\"image\":{\"@id\":\"https:\/\/kunmedierne.dk\/mors\/kirken-der-fik-mere-lys-fra-oven\/#primaryimage\"},\"thumbnailUrl\":\"https:\/\/kunmedierne.dk\/mors\/wp-content\/uploads\/2020\/04\/erslev1.jpg\",\"keywords\":[\"Kirkestof\"],\"articleSection\":[\"Lokalt\"],\"inLanguage\":\"da-DK\",\"potentialAction\":[{\"@type\":\"CommentAction\",\"name\":\"Comment\",\"target\":[\"https:\/\/kunmedierne.dk\/mors\/kirken-der-fik-mere-lys-fra-oven\/#respond\"]}]},{\"@type\":\"WebPage\",\"@id\":\"https:\/\/kunmedierne.dk\/mors\/kirken-der-fik-mere-lys-fra-oven\/\",\"url\":\"https:\/\/kunmedierne.dk\/mors\/kirken-der-fik-mere-lys-fra-oven\/\",\"name\":\"Kirken der fik (mere) lys fra oven - Mors\",\"isPartOf\":{\"@id\":\"https:\/\/kunmedierne.dk\/mors\/#website\"},\"primaryImageOfPage\":{\"@id\":\"https:\/\/kunmedierne.dk\/mors\/kirken-der-fik-mere-lys-fra-oven\/#primaryimage\"},\"image\":{\"@id\":\"https:\/\/kunmedierne.dk\/mors\/kirken-der-fik-mere-lys-fra-oven\/#primaryimage\"},\"thumbnailUrl\":\"https:\/\/kunmedierne.dk\/mors\/wp-content\/uploads\/2020\/04\/erslev1.jpg\",\"datePublished\":\"2020-04-26T10:23:39+00:00\",\"dateModified\":\"2024-08-12T12:06:12+00:00\",\"breadcrumb\":{\"@id\":\"https:\/\/kunmedierne.dk\/mors\/kirken-der-fik-mere-lys-fra-oven\/#breadcrumb\"},\"inLanguage\":\"da-DK\",\"potentialAction\":[{\"@type\":\"ReadAction\",\"target\":[\"https:\/\/kunmedierne.dk\/mors\/kirken-der-fik-mere-lys-fra-oven\/\"]}]},{\"@type\":\"ImageObject\",\"inLanguage\":\"da-DK\",\"@id\":\"https:\/\/kunmedierne.dk\/mors\/kirken-der-fik-mere-lys-fra-oven\/#primaryimage\",\"url\":\"https:\/\/kunmedierne.dk\/mors\/wp-content\/uploads\/2020\/04\/erslev1.jpg\",\"contentUrl\":\"https:\/\/kunmedierne.dk\/mors\/wp-content\/uploads\/2020\/04\/erslev1.jpg\",\"width\":770,\"height\":514,\"caption\":\"Foto: Niels Clemmensen\/Aalborg Stift.\"},{\"@type\":\"BreadcrumbList\",\"@id\":\"https:\/\/kunmedierne.dk\/mors\/kirken-der-fik-mere-lys-fra-oven\/#breadcrumb\",\"itemListElement\":[{\"@type\":\"ListItem\",\"position\":1,\"name\":\"Hjem\",\"item\":\"https:\/\/kunmedierne.dk\/mors\/\"},{\"@type\":\"ListItem\",\"position\":2,\"name\":\"Kirken der fik (mere) lys fra oven\"}]},{\"@type\":\"WebSite\",\"@id\":\"https:\/\/kunmedierne.dk\/mors\/#website\",\"url\":\"https:\/\/kunmedierne.dk\/mors\/\",\"name\":\"Mors\",\"description\":\"et netmedie med journalistik om livet p\u00e5 Mors\",\"publisher\":{\"@id\":\"https:\/\/kunmedierne.dk\/mors\/#organization\"},\"potentialAction\":[{\"@type\":\"SearchAction\",\"target\":{\"@type\":\"EntryPoint\",\"urlTemplate\":\"https:\/\/kunmedierne.dk\/mors\/?s={search_term_string}\"},\"query-input\":{\"@type\":\"PropertyValueSpecification\",\"valueRequired\":true,\"valueName\":\"search_term_string\"}}],\"inLanguage\":\"da-DK\"},{\"@type\":\"Organization\",\"@id\":\"https:\/\/kunmedierne.dk\/mors\/#organization\",\"name\":\"Mors\",\"url\":\"https:\/\/kunmedierne.dk\/mors\/\",\"logo\":{\"@type\":\"ImageObject\",\"inLanguage\":\"da-DK\",\"@id\":\"https:\/\/kunmedierne.dk\/mors\/#\/schema\/logo\/image\/\",\"url\":\"https:\/\/kunmedierne.dk\/mors\/wp-content\/uploads\/2024\/08\/kunmors-logo.svg\",\"contentUrl\":\"https:\/\/kunmedierne.dk\/mors\/wp-content\/uploads\/2024\/08\/kunmors-logo.svg\",\"caption\":\"Mors\"},\"image\":{\"@id\":\"https:\/\/kunmedierne.dk\/mors\/#\/schema\/logo\/image\/\"}},{\"@type\":\"Person\",\"@id\":\"https:\/\/kunmedierne.dk\/mors\/#\/schema\/person\/5fe23251bf1d0abbcdc6f7896579d548\",\"name\":\"David H\u00f8jmark\",\"image\":{\"@type\":\"ImageObject\",\"inLanguage\":\"da-DK\",\"@id\":\"https:\/\/kunmedierne.dk\/mors\/#\/schema\/person\/image\/\",\"url\":\"https:\/\/secure.gravatar.com\/avatar\/4315d6fb9ef244d729989f5f90268eb08d5bf8a3d84402f595fa194bb35784fd?s=96&d=mm&r=g\",\"contentUrl\":\"https:\/\/secure.gravatar.com\/avatar\/4315d6fb9ef244d729989f5f90268eb08d5bf8a3d84402f595fa194bb35784fd?s=96&d=mm&r=g\",\"caption\":\"David H\u00f8jmark\"},\"sameAs\":[\"https:\/\/www.kunmedierne.dk\"],\"url\":\"https:\/\/kunmedierne.dk\/mors\/author\/david\/\"}]}<\/script>\n<!-- \/ Yoast SEO plugin. -->","yoast_head_json":{"title":"Kirken der fik (mere) lys fra oven - Mors","robots":{"index":"index","follow":"follow","max-snippet":"max-snippet:-1","max-image-preview":"max-image-preview:large","max-video-preview":"max-video-preview:-1"},"canonical":"https:\/\/kunmedierne.dk\/mors\/kirken-der-fik-mere-lys-fra-oven\/","og_locale":"da_DK","og_type":"article","og_title":"Kirken der fik (mere) lys fra oven - Mors","og_description":"ERSLEV: Den er beskeden af st\u00f8rrelse, men Erslev Kirke er en lille lys oplevelse at tr\u00e6de ind i. Det har sognepr\u00e6st Peter \u00d8sterby J\u00f8rgensen og hans menighed kunnet gl\u00e6de sig over i mere end 20 \u00e5r, efter at kirken i 1990&#8217;erne var igennem en stor og vellykket renovering, der b\u00e5de udvendigt og indvendigt l\u00f8ftede det [&hellip;]","og_url":"https:\/\/kunmedierne.dk\/mors\/kirken-der-fik-mere-lys-fra-oven\/","og_site_name":"Mors","article_published_time":"2020-04-26T10:23:39+00:00","article_modified_time":"2024-08-12T12:06:12+00:00","og_image":[{"width":770,"height":514,"url":"https:\/\/kunmedierne.dk\/mors\/wp-content\/uploads\/2020\/04\/erslev1.jpg","type":"image\/jpeg"}],"author":"David H\u00f8jmark","twitter_card":"summary_large_image","twitter_misc":{"Skrevet af":"David H\u00f8jmark","Estimeret l\u00e6setid":"3 minutter"},"schema":{"@context":"https:\/\/schema.org","@graph":[{"@type":"Article","@id":"https:\/\/kunmedierne.dk\/mors\/kirken-der-fik-mere-lys-fra-oven\/#article","isPartOf":{"@id":"https:\/\/kunmedierne.dk\/mors\/kirken-der-fik-mere-lys-fra-oven\/"},"author":{"name":"David H\u00f8jmark","@id":"https:\/\/kunmedierne.dk\/mors\/#\/schema\/person\/5fe23251bf1d0abbcdc6f7896579d548"},"headline":"Kirken der fik (mere) lys fra oven","datePublished":"2020-04-26T10:23:39+00:00","dateModified":"2024-08-12T12:06:12+00:00","mainEntityOfPage":{"@id":"https:\/\/kunmedierne.dk\/mors\/kirken-der-fik-mere-lys-fra-oven\/"},"wordCount":612,"commentCount":0,"publisher":{"@id":"https:\/\/kunmedierne.dk\/mors\/#organization"},"image":{"@id":"https:\/\/kunmedierne.dk\/mors\/kirken-der-fik-mere-lys-fra-oven\/#primaryimage"},"thumbnailUrl":"https:\/\/kunmedierne.dk\/mors\/wp-content\/uploads\/2020\/04\/erslev1.jpg","keywords":["Kirkestof"],"articleSection":["Lokalt"],"inLanguage":"da-DK","potentialAction":[{"@type":"CommentAction","name":"Comment","target":["https:\/\/kunmedierne.dk\/mors\/kirken-der-fik-mere-lys-fra-oven\/#respond"]}]},{"@type":"WebPage","@id":"https:\/\/kunmedierne.dk\/mors\/kirken-der-fik-mere-lys-fra-oven\/","url":"https:\/\/kunmedierne.dk\/mors\/kirken-der-fik-mere-lys-fra-oven\/","name":"Kirken der fik (mere) lys fra oven - Mors","isPartOf":{"@id":"https:\/\/kunmedierne.dk\/mors\/#website"},"primaryImageOfPage":{"@id":"https:\/\/kunmedierne.dk\/mors\/kirken-der-fik-mere-lys-fra-oven\/#primaryimage"},"image":{"@id":"https:\/\/kunmedierne.dk\/mors\/kirken-der-fik-mere-lys-fra-oven\/#primaryimage"},"thumbnailUrl":"https:\/\/kunmedierne.dk\/mors\/wp-content\/uploads\/2020\/04\/erslev1.jpg","datePublished":"2020-04-26T10:23:39+00:00","dateModified":"2024-08-12T12:06:12+00:00","breadcrumb":{"@id":"https:\/\/kunmedierne.dk\/mors\/kirken-der-fik-mere-lys-fra-oven\/#breadcrumb"},"inLanguage":"da-DK","potentialAction":[{"@type":"ReadAction","target":["https:\/\/kunmedierne.dk\/mors\/kirken-der-fik-mere-lys-fra-oven\/"]}]},{"@type":"ImageObject","inLanguage":"da-DK","@id":"https:\/\/kunmedierne.dk\/mors\/kirken-der-fik-mere-lys-fra-oven\/#primaryimage","url":"https:\/\/kunmedierne.dk\/mors\/wp-content\/uploads\/2020\/04\/erslev1.jpg","contentUrl":"https:\/\/kunmedierne.dk\/mors\/wp-content\/uploads\/2020\/04\/erslev1.jpg","width":770,"height":514,"caption":"Foto: Niels Clemmensen\/Aalborg Stift."},{"@type":"BreadcrumbList","@id":"https:\/\/kunmedierne.dk\/mors\/kirken-der-fik-mere-lys-fra-oven\/#breadcrumb","itemListElement":[{"@type":"ListItem","position":1,"name":"Hjem","item":"https:\/\/kunmedierne.dk\/mors\/"},{"@type":"ListItem","position":2,"name":"Kirken der fik (mere) lys fra oven"}]},{"@type":"WebSite","@id":"https:\/\/kunmedierne.dk\/mors\/#website","url":"https:\/\/kunmedierne.dk\/mors\/","name":"Mors","description":"et netmedie med journalistik om livet p\u00e5 Mors","publisher":{"@id":"https:\/\/kunmedierne.dk\/mors\/#organization"},"potentialAction":[{"@type":"SearchAction","target":{"@type":"EntryPoint","urlTemplate":"https:\/\/kunmedierne.dk\/mors\/?s={search_term_string}"},"query-input":{"@type":"PropertyValueSpecification","valueRequired":true,"valueName":"search_term_string"}}],"inLanguage":"da-DK"},{"@type":"Organization","@id":"https:\/\/kunmedierne.dk\/mors\/#organization","name":"Mors","url":"https:\/\/kunmedierne.dk\/mors\/","logo":{"@type":"ImageObject","inLanguage":"da-DK","@id":"https:\/\/kunmedierne.dk\/mors\/#\/schema\/logo\/image\/","url":"https:\/\/kunmedierne.dk\/mors\/wp-content\/uploads\/2024\/08\/kunmors-logo.svg","contentUrl":"https:\/\/kunmedierne.dk\/mors\/wp-content\/uploads\/2024\/08\/kunmors-logo.svg","caption":"Mors"},"image":{"@id":"https:\/\/kunmedierne.dk\/mors\/#\/schema\/logo\/image\/"}},{"@type":"Person","@id":"https:\/\/kunmedierne.dk\/mors\/#\/schema\/person\/5fe23251bf1d0abbcdc6f7896579d548","name":"David H\u00f8jmark","image":{"@type":"ImageObject","inLanguage":"da-DK","@id":"https:\/\/kunmedierne.dk\/mors\/#\/schema\/person\/image\/","url":"https:\/\/secure.gravatar.com\/avatar\/4315d6fb9ef244d729989f5f90268eb08d5bf8a3d84402f595fa194bb35784fd?s=96&d=mm&r=g","contentUrl":"https:\/\/secure.gravatar.com\/avatar\/4315d6fb9ef244d729989f5f90268eb08d5bf8a3d84402f595fa194bb35784fd?s=96&d=mm&r=g","caption":"David H\u00f8jmark"},"sameAs":["https:\/\/www.kunmedierne.dk"],"url":"https:\/\/kunmedierne.dk\/mors\/author\/david\/"}]}},"_links":{"self":[{"href":"https:\/\/kunmedierne.dk\/mors\/wp-json\/wp\/v2\/posts\/19195","targetHints":{"allow":["GET"]}}],"collection":[{"href":"https:\/\/kunmedierne.dk\/mors\/wp-json\/wp\/v2\/posts"}],"about":[{"href":"https:\/\/kunmedierne.dk\/mors\/wp-json\/wp\/v2\/types\/post"}],"author":[{"embeddable":true,"href":"https:\/\/kunmedierne.dk\/mors\/wp-json\/wp\/v2\/users\/8"}],"replies":[{"embeddable":true,"href":"https:\/\/kunmedierne.dk\/mors\/wp-json\/wp\/v2\/comments?post=19195"}],"version-history":[{"count":3,"href":"https:\/\/kunmedierne.dk\/mors\/wp-json\/wp\/v2\/posts\/19195\/revisions"}],"predecessor-version":[{"id":20247,"href":"https:\/\/kunmedierne.dk\/mors\/wp-json\/wp\/v2\/posts\/19195\/revisions\/20247"}],"wp:featuredmedia":[{"embeddable":true,"href":"https:\/\/kunmedierne.dk\/mors\/wp-json\/wp\/v2\/media\/19205"}],"wp:attachment":[{"href":"https:\/\/kunmedierne.dk\/mors\/wp-json\/wp\/v2\/media?parent=19195"}],"wp:term":[{"taxonomy":"category","embeddable":true,"href":"https:\/\/kunmedierne.dk\/mors\/wp-json\/wp\/v2\/categories?post=19195"},{"taxonomy":"post_tag","embeddable":true,"href":"https:\/\/kunmedierne.dk\/mors\/wp-json\/wp\/v2\/tags?post=19195"}],"curies":[{"name":"wp","href":"https:\/\/api.w.org\/{rel}","templated":true}]}}