{"id":19119,"date":"2020-04-25T18:34:18","date_gmt":"2020-04-25T16:34:18","guid":{"rendered":"https:\/\/kunmedierne.dk\/mors\/?p=19119"},"modified":"2024-08-12T14:06:12","modified_gmt":"2024-08-12T12:06:12","slug":"det-er-brandaergerligt-irriterende-og-frustrerende","status":"publish","type":"post","link":"https:\/\/kunmedierne.dk\/mors\/det-er-brandaergerligt-irriterende-og-frustrerende\/","title":{"rendered":"&#8211; Det er brand\u00e6rgerligt, irriterende og frustrerende"},"content":{"rendered":"<p><strong>MORS<\/strong>: Der var lagt op til den helt store fest i september, men allerede inden udgangen af april m\u00e5tte Mors\u00f8 LandboUngdom konstatere, at \u00f8en ikke bliver v\u00e6rt for DM i traktortr\u00e6k 2020.<\/p>\n<p>Det, der skulle have v\u00e6ret det hidtil st\u00f8rste traktortr\u00e6kst\u00e6vne p\u00e5 Mors, <a href=\"https:\/\/kunmedierne.dk\/mors\/dm-i-traktortraek-paa-mors-er-aflyst\/\" target=\"_blank\" rel=\"noopener noreferrer\">blev fredag aflyst<\/a>, og den lokale formand l\u00e6gger ikke skjul p\u00e5 skuffelsen over det.<\/p>\n<p>&#8220;Det er brand\u00e6rgerligt. Det er irriterende, og det er frustrerende,&#8221; siger Mads S\u00f8ndergaard, formand for Mors\u00f8 LandboUngdom, der havde gl\u00e6det sig til den store begivenhed.<\/p>\n<p>DM i traktortr\u00e6k plejer at tr\u00e6kke omkring 3000 tilskuere, og med campister og stor fest om aftenen var der lagt op til en af \u00e5rets store dage p\u00e5 Mors.<\/p>\n<p>Ikke mindst for den lokale afdeling af LandboUngdom.<\/p>\n<p>&#8220;Jeg havde set frem til det. Vi lavede jo den nye bane sidste \u00e5r og fik den pr\u00f8vet af. Og jeg havde bare gl\u00e6det mig til, at det skulle v\u00e6re p\u00e5 Mors,&#8221; siger Mads S\u00f8ndergaard.<\/p>\n<p>&nbsp;<\/p>\n<p><strong>Skal helt sikkert til Mors<\/strong><\/p>\n<p>Skuffelsen er dog betydeligt st\u00f8rre end overraskelsen, for coronakrisens mange aflysninger g\u00f8r, at Mors\u00f8 LandboUngdom i et stykke tid har t\u00e6nkt tanken, at DM-st\u00e6vnet kunne skride i svinget.<\/p>\n<p>&#8220;Under omst\u00e6ndighederne er det jo forst\u00e5eligt. Det kommer ikke som nogen overraskelse, og det er noget, vi har overvejet i et stykke tid. Det er ikke en beslutning, der er taget fra den ene dag til anden,&#8221; siger Mads S\u00f8ndergaard om aflysningen, der blev besluttet af LandboUngdom p\u00e5 nationalt niveau.<\/p>\n<p>&#8220;Men det er selvf\u00f8lgelig tr\u00e6ls som arrang\u00f8r, for man havde sat sig for, at det skulle blive godt. Og at det skulle v\u00e6re et superarrangement for Mors,&#8221; siger han.<\/p>\n<p>H\u00e5bet er nu, at Mors kan f\u00e5 v\u00e6rtsskabet i 2021 i stedet. Det er dog ikke s\u00e5 ligetil, da arrang\u00f8rerne af DM 2021 (Herning) ogs\u00e5 har EM i pl\u00f8jning 2022 og derfor n\u00e6ppe kan flytte sit DM-v\u00e6rtsskab et \u00e5r frem.<\/p>\n<p>De cirka 100 medlemmer af Mors\u00f8 LandboUngdom m\u00e5 derfor vente og se, om de f\u00e5r lov til at g\u00f8re fors\u00f8get igen allerede n\u00e6ste \u00e5r.<\/p>\n<p>&#8220;Vi har ikke overvejet det helt n\u00f8jagtigt endnu. Men det skal da til Mors p\u00e5 et tidspunkt, det er helt sikkert,&#8221; siger Mads S\u00f8ndergaard.<\/p>\n","protected":false},"excerpt":{"rendered":"<p>MORS: Der var lagt op til den helt store fest i september, men allerede inden udgangen af april m\u00e5tte Mors\u00f8 LandboUngdom konstatere, at \u00f8en ikke bliver v\u00e6rt for DM i traktortr\u00e6k 2020. Det, der skulle have v\u00e6ret det hidtil st\u00f8rste traktortr\u00e6kst\u00e6vne p\u00e5 Mors, blev fredag aflyst, og den lokale formand l\u00e6gger ikke skjul p\u00e5 skuffelsen [&hellip;]<\/p>\n","protected":false},"author":8,"featured_media":19053,"comment_status":"open","ping_status":"open","sticky":false,"template":"","format":"standard","meta":{"_acf_changed":false,"footnotes":""},"categories":[51],"tags":[],"class_list":["post-19119","post","type-post","status-publish","format-standard","has-post-thumbnail","hentry","category-lokalt"],"acf":[],"yoast_head":"<!-- This site is optimized with the Yoast SEO plugin v26.8 - https:\/\/yoast.com\/product\/yoast-seo-wordpress\/ -->\n<title>- Det er brand\u00e6rgerligt, irriterende og frustrerende - Mors<\/title>\n<meta name=\"robots\" content=\"index, follow, max-snippet:-1, max-image-preview:large, max-video-preview:-1\" \/>\n<link rel=\"canonical\" href=\"https:\/\/kunmedierne.dk\/mors\/det-er-brandaergerligt-irriterende-og-frustrerende\/\" \/>\n<meta property=\"og:locale\" content=\"da_DK\" \/>\n<meta property=\"og:type\" content=\"article\" \/>\n<meta property=\"og:title\" content=\"- Det er brand\u00e6rgerligt, irriterende og frustrerende - Mors\" \/>\n<meta property=\"og:description\" content=\"MORS: Der var lagt op til den helt store fest i september, men allerede inden udgangen af april m\u00e5tte Mors\u00f8 LandboUngdom konstatere, at \u00f8en ikke bliver v\u00e6rt for DM i traktortr\u00e6k 2020. Det, der skulle have v\u00e6ret det hidtil st\u00f8rste traktortr\u00e6kst\u00e6vne p\u00e5 Mors, blev fredag aflyst, og den lokale formand l\u00e6gger ikke skjul p\u00e5 skuffelsen [&hellip;]\" \/>\n<meta property=\"og:url\" content=\"https:\/\/kunmedierne.dk\/mors\/det-er-brandaergerligt-irriterende-og-frustrerende\/\" \/>\n<meta property=\"og:site_name\" content=\"Mors\" \/>\n<meta property=\"article:published_time\" content=\"2020-04-25T16:34:18+00:00\" \/>\n<meta property=\"article:modified_time\" content=\"2024-08-12T12:06:12+00:00\" \/>\n<meta property=\"og:image\" content=\"https:\/\/kunmedierne.dk\/mors\/wp-content\/uploads\/2020\/04\/traktortr\u00e6k.jpg\" \/>\n\t<meta property=\"og:image:width\" content=\"770\" \/>\n\t<meta property=\"og:image:height\" content=\"513\" \/>\n\t<meta property=\"og:image:type\" content=\"image\/jpeg\" \/>\n<meta name=\"author\" content=\"David H\u00f8jmark\" \/>\n<meta name=\"twitter:card\" content=\"summary_large_image\" \/>\n<meta name=\"twitter:label1\" content=\"Skrevet af\" \/>\n\t<meta name=\"twitter:data1\" content=\"David H\u00f8jmark\" \/>\n\t<meta name=\"twitter:label2\" content=\"Estimeret l\u00e6setid\" \/>\n\t<meta name=\"twitter:data2\" content=\"2 minutter\" \/>\n<script type=\"application\/ld+json\" class=\"yoast-schema-graph\">{\"@context\":\"https:\/\/schema.org\",\"@graph\":[{\"@type\":\"Article\",\"@id\":\"https:\/\/kunmedierne.dk\/mors\/det-er-brandaergerligt-irriterende-og-frustrerende\/#article\",\"isPartOf\":{\"@id\":\"https:\/\/kunmedierne.dk\/mors\/det-er-brandaergerligt-irriterende-og-frustrerende\/\"},\"author\":{\"name\":\"David H\u00f8jmark\",\"@id\":\"https:\/\/kunmedierne.dk\/mors\/#\/schema\/person\/5fe23251bf1d0abbcdc6f7896579d548\"},\"headline\":\"&#8211; Det er brand\u00e6rgerligt, irriterende og frustrerende\",\"datePublished\":\"2020-04-25T16:34:18+00:00\",\"dateModified\":\"2024-08-12T12:06:12+00:00\",\"mainEntityOfPage\":{\"@id\":\"https:\/\/kunmedierne.dk\/mors\/det-er-brandaergerligt-irriterende-og-frustrerende\/\"},\"wordCount\":396,\"commentCount\":0,\"publisher\":{\"@id\":\"https:\/\/kunmedierne.dk\/mors\/#organization\"},\"image\":{\"@id\":\"https:\/\/kunmedierne.dk\/mors\/det-er-brandaergerligt-irriterende-og-frustrerende\/#primaryimage\"},\"thumbnailUrl\":\"https:\/\/kunmedierne.dk\/mors\/wp-content\/uploads\/2020\/04\/traktortr\u00e6k.jpg\",\"articleSection\":[\"Lokalt\"],\"inLanguage\":\"da-DK\",\"potentialAction\":[{\"@type\":\"CommentAction\",\"name\":\"Comment\",\"target\":[\"https:\/\/kunmedierne.dk\/mors\/det-er-brandaergerligt-irriterende-og-frustrerende\/#respond\"]}]},{\"@type\":\"WebPage\",\"@id\":\"https:\/\/kunmedierne.dk\/mors\/det-er-brandaergerligt-irriterende-og-frustrerende\/\",\"url\":\"https:\/\/kunmedierne.dk\/mors\/det-er-brandaergerligt-irriterende-og-frustrerende\/\",\"name\":\"- Det er brand\u00e6rgerligt, irriterende og frustrerende - Mors\",\"isPartOf\":{\"@id\":\"https:\/\/kunmedierne.dk\/mors\/#website\"},\"primaryImageOfPage\":{\"@id\":\"https:\/\/kunmedierne.dk\/mors\/det-er-brandaergerligt-irriterende-og-frustrerende\/#primaryimage\"},\"image\":{\"@id\":\"https:\/\/kunmedierne.dk\/mors\/det-er-brandaergerligt-irriterende-og-frustrerende\/#primaryimage\"},\"thumbnailUrl\":\"https:\/\/kunmedierne.dk\/mors\/wp-content\/uploads\/2020\/04\/traktortr\u00e6k.jpg\",\"datePublished\":\"2020-04-25T16:34:18+00:00\",\"dateModified\":\"2024-08-12T12:06:12+00:00\",\"breadcrumb\":{\"@id\":\"https:\/\/kunmedierne.dk\/mors\/det-er-brandaergerligt-irriterende-og-frustrerende\/#breadcrumb\"},\"inLanguage\":\"da-DK\",\"potentialAction\":[{\"@type\":\"ReadAction\",\"target\":[\"https:\/\/kunmedierne.dk\/mors\/det-er-brandaergerligt-irriterende-og-frustrerende\/\"]}]},{\"@type\":\"ImageObject\",\"inLanguage\":\"da-DK\",\"@id\":\"https:\/\/kunmedierne.dk\/mors\/det-er-brandaergerligt-irriterende-og-frustrerende\/#primaryimage\",\"url\":\"https:\/\/kunmedierne.dk\/mors\/wp-content\/uploads\/2020\/04\/traktortr\u00e6k.jpg\",\"contentUrl\":\"https:\/\/kunmedierne.dk\/mors\/wp-content\/uploads\/2020\/04\/traktortr\u00e6k.jpg\",\"width\":770,\"height\":513,\"caption\":\"Dette flotte syn bliver ikke til noget p\u00e5 Mors til september. Foto: Daniel Skinbjerg\/LandboUngdom.\"},{\"@type\":\"BreadcrumbList\",\"@id\":\"https:\/\/kunmedierne.dk\/mors\/det-er-brandaergerligt-irriterende-og-frustrerende\/#breadcrumb\",\"itemListElement\":[{\"@type\":\"ListItem\",\"position\":1,\"name\":\"Hjem\",\"item\":\"https:\/\/kunmedierne.dk\/mors\/\"},{\"@type\":\"ListItem\",\"position\":2,\"name\":\"&#8211; Det er brand\u00e6rgerligt, irriterende og frustrerende\"}]},{\"@type\":\"WebSite\",\"@id\":\"https:\/\/kunmedierne.dk\/mors\/#website\",\"url\":\"https:\/\/kunmedierne.dk\/mors\/\",\"name\":\"Mors\",\"description\":\"et netmedie med journalistik om livet p\u00e5 Mors\",\"publisher\":{\"@id\":\"https:\/\/kunmedierne.dk\/mors\/#organization\"},\"potentialAction\":[{\"@type\":\"SearchAction\",\"target\":{\"@type\":\"EntryPoint\",\"urlTemplate\":\"https:\/\/kunmedierne.dk\/mors\/?s={search_term_string}\"},\"query-input\":{\"@type\":\"PropertyValueSpecification\",\"valueRequired\":true,\"valueName\":\"search_term_string\"}}],\"inLanguage\":\"da-DK\"},{\"@type\":\"Organization\",\"@id\":\"https:\/\/kunmedierne.dk\/mors\/#organization\",\"name\":\"Mors\",\"url\":\"https:\/\/kunmedierne.dk\/mors\/\",\"logo\":{\"@type\":\"ImageObject\",\"inLanguage\":\"da-DK\",\"@id\":\"https:\/\/kunmedierne.dk\/mors\/#\/schema\/logo\/image\/\",\"url\":\"https:\/\/kunmedierne.dk\/mors\/wp-content\/uploads\/2024\/08\/kunmors-logo.svg\",\"contentUrl\":\"https:\/\/kunmedierne.dk\/mors\/wp-content\/uploads\/2024\/08\/kunmors-logo.svg\",\"caption\":\"Mors\"},\"image\":{\"@id\":\"https:\/\/kunmedierne.dk\/mors\/#\/schema\/logo\/image\/\"}},{\"@type\":\"Person\",\"@id\":\"https:\/\/kunmedierne.dk\/mors\/#\/schema\/person\/5fe23251bf1d0abbcdc6f7896579d548\",\"name\":\"David H\u00f8jmark\",\"image\":{\"@type\":\"ImageObject\",\"inLanguage\":\"da-DK\",\"@id\":\"https:\/\/kunmedierne.dk\/mors\/#\/schema\/person\/image\/\",\"url\":\"https:\/\/secure.gravatar.com\/avatar\/4315d6fb9ef244d729989f5f90268eb08d5bf8a3d84402f595fa194bb35784fd?s=96&d=mm&r=g\",\"contentUrl\":\"https:\/\/secure.gravatar.com\/avatar\/4315d6fb9ef244d729989f5f90268eb08d5bf8a3d84402f595fa194bb35784fd?s=96&d=mm&r=g\",\"caption\":\"David H\u00f8jmark\"},\"sameAs\":[\"https:\/\/www.kunmedierne.dk\"],\"url\":\"https:\/\/kunmedierne.dk\/mors\/author\/david\/\"}]}<\/script>\n<!-- \/ Yoast SEO plugin. -->","yoast_head_json":{"title":"- Det er brand\u00e6rgerligt, irriterende og frustrerende - Mors","robots":{"index":"index","follow":"follow","max-snippet":"max-snippet:-1","max-image-preview":"max-image-preview:large","max-video-preview":"max-video-preview:-1"},"canonical":"https:\/\/kunmedierne.dk\/mors\/det-er-brandaergerligt-irriterende-og-frustrerende\/","og_locale":"da_DK","og_type":"article","og_title":"- Det er brand\u00e6rgerligt, irriterende og frustrerende - Mors","og_description":"MORS: Der var lagt op til den helt store fest i september, men allerede inden udgangen af april m\u00e5tte Mors\u00f8 LandboUngdom konstatere, at \u00f8en ikke bliver v\u00e6rt for DM i traktortr\u00e6k 2020. Det, der skulle have v\u00e6ret det hidtil st\u00f8rste traktortr\u00e6kst\u00e6vne p\u00e5 Mors, blev fredag aflyst, og den lokale formand l\u00e6gger ikke skjul p\u00e5 skuffelsen [&hellip;]","og_url":"https:\/\/kunmedierne.dk\/mors\/det-er-brandaergerligt-irriterende-og-frustrerende\/","og_site_name":"Mors","article_published_time":"2020-04-25T16:34:18+00:00","article_modified_time":"2024-08-12T12:06:12+00:00","og_image":[{"width":770,"height":513,"url":"https:\/\/kunmedierne.dk\/mors\/wp-content\/uploads\/2020\/04\/traktortr\u00e6k.jpg","type":"image\/jpeg"}],"author":"David H\u00f8jmark","twitter_card":"summary_large_image","twitter_misc":{"Skrevet af":"David H\u00f8jmark","Estimeret l\u00e6setid":"2 minutter"},"schema":{"@context":"https:\/\/schema.org","@graph":[{"@type":"Article","@id":"https:\/\/kunmedierne.dk\/mors\/det-er-brandaergerligt-irriterende-og-frustrerende\/#article","isPartOf":{"@id":"https:\/\/kunmedierne.dk\/mors\/det-er-brandaergerligt-irriterende-og-frustrerende\/"},"author":{"name":"David H\u00f8jmark","@id":"https:\/\/kunmedierne.dk\/mors\/#\/schema\/person\/5fe23251bf1d0abbcdc6f7896579d548"},"headline":"&#8211; Det er brand\u00e6rgerligt, irriterende og frustrerende","datePublished":"2020-04-25T16:34:18+00:00","dateModified":"2024-08-12T12:06:12+00:00","mainEntityOfPage":{"@id":"https:\/\/kunmedierne.dk\/mors\/det-er-brandaergerligt-irriterende-og-frustrerende\/"},"wordCount":396,"commentCount":0,"publisher":{"@id":"https:\/\/kunmedierne.dk\/mors\/#organization"},"image":{"@id":"https:\/\/kunmedierne.dk\/mors\/det-er-brandaergerligt-irriterende-og-frustrerende\/#primaryimage"},"thumbnailUrl":"https:\/\/kunmedierne.dk\/mors\/wp-content\/uploads\/2020\/04\/traktortr\u00e6k.jpg","articleSection":["Lokalt"],"inLanguage":"da-DK","potentialAction":[{"@type":"CommentAction","name":"Comment","target":["https:\/\/kunmedierne.dk\/mors\/det-er-brandaergerligt-irriterende-og-frustrerende\/#respond"]}]},{"@type":"WebPage","@id":"https:\/\/kunmedierne.dk\/mors\/det-er-brandaergerligt-irriterende-og-frustrerende\/","url":"https:\/\/kunmedierne.dk\/mors\/det-er-brandaergerligt-irriterende-og-frustrerende\/","name":"- Det er brand\u00e6rgerligt, irriterende og frustrerende - Mors","isPartOf":{"@id":"https:\/\/kunmedierne.dk\/mors\/#website"},"primaryImageOfPage":{"@id":"https:\/\/kunmedierne.dk\/mors\/det-er-brandaergerligt-irriterende-og-frustrerende\/#primaryimage"},"image":{"@id":"https:\/\/kunmedierne.dk\/mors\/det-er-brandaergerligt-irriterende-og-frustrerende\/#primaryimage"},"thumbnailUrl":"https:\/\/kunmedierne.dk\/mors\/wp-content\/uploads\/2020\/04\/traktortr\u00e6k.jpg","datePublished":"2020-04-25T16:34:18+00:00","dateModified":"2024-08-12T12:06:12+00:00","breadcrumb":{"@id":"https:\/\/kunmedierne.dk\/mors\/det-er-brandaergerligt-irriterende-og-frustrerende\/#breadcrumb"},"inLanguage":"da-DK","potentialAction":[{"@type":"ReadAction","target":["https:\/\/kunmedierne.dk\/mors\/det-er-brandaergerligt-irriterende-og-frustrerende\/"]}]},{"@type":"ImageObject","inLanguage":"da-DK","@id":"https:\/\/kunmedierne.dk\/mors\/det-er-brandaergerligt-irriterende-og-frustrerende\/#primaryimage","url":"https:\/\/kunmedierne.dk\/mors\/wp-content\/uploads\/2020\/04\/traktortr\u00e6k.jpg","contentUrl":"https:\/\/kunmedierne.dk\/mors\/wp-content\/uploads\/2020\/04\/traktortr\u00e6k.jpg","width":770,"height":513,"caption":"Dette flotte syn bliver ikke til noget p\u00e5 Mors til september. Foto: Daniel Skinbjerg\/LandboUngdom."},{"@type":"BreadcrumbList","@id":"https:\/\/kunmedierne.dk\/mors\/det-er-brandaergerligt-irriterende-og-frustrerende\/#breadcrumb","itemListElement":[{"@type":"ListItem","position":1,"name":"Hjem","item":"https:\/\/kunmedierne.dk\/mors\/"},{"@type":"ListItem","position":2,"name":"&#8211; Det er brand\u00e6rgerligt, irriterende og frustrerende"}]},{"@type":"WebSite","@id":"https:\/\/kunmedierne.dk\/mors\/#website","url":"https:\/\/kunmedierne.dk\/mors\/","name":"Mors","description":"et netmedie med journalistik om livet p\u00e5 Mors","publisher":{"@id":"https:\/\/kunmedierne.dk\/mors\/#organization"},"potentialAction":[{"@type":"SearchAction","target":{"@type":"EntryPoint","urlTemplate":"https:\/\/kunmedierne.dk\/mors\/?s={search_term_string}"},"query-input":{"@type":"PropertyValueSpecification","valueRequired":true,"valueName":"search_term_string"}}],"inLanguage":"da-DK"},{"@type":"Organization","@id":"https:\/\/kunmedierne.dk\/mors\/#organization","name":"Mors","url":"https:\/\/kunmedierne.dk\/mors\/","logo":{"@type":"ImageObject","inLanguage":"da-DK","@id":"https:\/\/kunmedierne.dk\/mors\/#\/schema\/logo\/image\/","url":"https:\/\/kunmedierne.dk\/mors\/wp-content\/uploads\/2024\/08\/kunmors-logo.svg","contentUrl":"https:\/\/kunmedierne.dk\/mors\/wp-content\/uploads\/2024\/08\/kunmors-logo.svg","caption":"Mors"},"image":{"@id":"https:\/\/kunmedierne.dk\/mors\/#\/schema\/logo\/image\/"}},{"@type":"Person","@id":"https:\/\/kunmedierne.dk\/mors\/#\/schema\/person\/5fe23251bf1d0abbcdc6f7896579d548","name":"David H\u00f8jmark","image":{"@type":"ImageObject","inLanguage":"da-DK","@id":"https:\/\/kunmedierne.dk\/mors\/#\/schema\/person\/image\/","url":"https:\/\/secure.gravatar.com\/avatar\/4315d6fb9ef244d729989f5f90268eb08d5bf8a3d84402f595fa194bb35784fd?s=96&d=mm&r=g","contentUrl":"https:\/\/secure.gravatar.com\/avatar\/4315d6fb9ef244d729989f5f90268eb08d5bf8a3d84402f595fa194bb35784fd?s=96&d=mm&r=g","caption":"David H\u00f8jmark"},"sameAs":["https:\/\/www.kunmedierne.dk"],"url":"https:\/\/kunmedierne.dk\/mors\/author\/david\/"}]}},"_links":{"self":[{"href":"https:\/\/kunmedierne.dk\/mors\/wp-json\/wp\/v2\/posts\/19119","targetHints":{"allow":["GET"]}}],"collection":[{"href":"https:\/\/kunmedierne.dk\/mors\/wp-json\/wp\/v2\/posts"}],"about":[{"href":"https:\/\/kunmedierne.dk\/mors\/wp-json\/wp\/v2\/types\/post"}],"author":[{"embeddable":true,"href":"https:\/\/kunmedierne.dk\/mors\/wp-json\/wp\/v2\/users\/8"}],"replies":[{"embeddable":true,"href":"https:\/\/kunmedierne.dk\/mors\/wp-json\/wp\/v2\/comments?post=19119"}],"version-history":[{"count":1,"href":"https:\/\/kunmedierne.dk\/mors\/wp-json\/wp\/v2\/posts\/19119\/revisions"}],"predecessor-version":[{"id":19120,"href":"https:\/\/kunmedierne.dk\/mors\/wp-json\/wp\/v2\/posts\/19119\/revisions\/19120"}],"wp:featuredmedia":[{"embeddable":true,"href":"https:\/\/kunmedierne.dk\/mors\/wp-json\/wp\/v2\/media\/19053"}],"wp:attachment":[{"href":"https:\/\/kunmedierne.dk\/mors\/wp-json\/wp\/v2\/media?parent=19119"}],"wp:term":[{"taxonomy":"category","embeddable":true,"href":"https:\/\/kunmedierne.dk\/mors\/wp-json\/wp\/v2\/categories?post=19119"},{"taxonomy":"post_tag","embeddable":true,"href":"https:\/\/kunmedierne.dk\/mors\/wp-json\/wp\/v2\/tags?post=19119"}],"curies":[{"name":"wp","href":"https:\/\/api.w.org\/{rel}","templated":true}]}}