{"id":19095,"date":"2020-04-25T13:35:40","date_gmt":"2020-04-25T11:35:40","guid":{"rendered":"https:\/\/kunmedierne.dk\/mors\/?p=19095"},"modified":"2024-08-12T14:06:12","modified_gmt":"2024-08-12T12:06:12","slug":"skoleboern-markerer-75-aaret-for-befrielsen-med-digital-udstilling","status":"publish","type":"post","link":"https:\/\/kunmedierne.dk\/mors\/skoleboern-markerer-75-aaret-for-befrielsen-med-digital-udstilling\/","title":{"rendered":"Skoleb\u00f8rn markerer 75-\u00e5ret for befrielsen med digital udstilling"},"content":{"rendered":"<p><strong><img loading=\"lazy\" decoding=\"async\" class=\"wp-image-19097 alignright\" src=\"https:\/\/kunmedierne.dk\/mors\/wp-content\/uploads\/2020\/04\/Niels-v\u00e5gner-Freden-kom-presse.jpg\" alt=\"\" width=\"250\" height=\"250\" srcset=\"https:\/\/kunmedierne.dk\/mors\/wp-content\/uploads\/2020\/04\/Niels-v\u00e5gner-Freden-kom-presse.jpg 350w, https:\/\/kunmedierne.dk\/mors\/wp-content\/uploads\/2020\/04\/Niels-v\u00e5gner-Freden-kom-presse-150x150.jpg 150w, https:\/\/kunmedierne.dk\/mors\/wp-content\/uploads\/2020\/04\/Niels-v\u00e5gner-Freden-kom-presse-300x300.jpg 300w, https:\/\/kunmedierne.dk\/mors\/wp-content\/uploads\/2020\/04\/Niels-v\u00e5gner-Freden-kom-presse-100x100.jpg 100w\" sizes=\"auto, (max-width: 250px) 100vw, 250px\" \/>MORS<\/strong>: For 75 \u00e5r siden ventede danskerne med l\u00e6ngsel p\u00e5 freden efter fem \u00e5r med tysk bes\u00e6ttelse. Nu s\u00f8rger en flok elever fra 0. klasse p\u00e5 M.C. Holms Skole i Nyk\u00f8bing for, at befrielsen bliver mindet.<\/p>\n<p>Det g\u00f8r de i samarbejde med Museum Mors i en digital udstilling, der med sm\u00e5 billedfort\u00e6llinger viser, at b\u00f8rn i 2020 sagtens kan forholde sig til b\u00f8rneliv under bes\u00e6ttelsen &#8211; og b\u00f8rneliv i dag.<\/p>\n<p>I samarbejdet med b\u00f8rnene er kunst og kulturformidler for b\u00f8rn og unge ved Museum Mors<span class=\"v1Apple-converted-space\">, <\/span>Mette Elimar Jensen, og b\u00f8rnehaveklassleder Marianne Vangsgaard Torbensen fra M. C. Holms Skole i gang med et forl\u00f8b p\u00e5 skolen. Oprindelig var planen, at det skulle blive til en udstilling i skoletjenestens lokaler p\u00e5 museet i maj, men da coronakrisen satte en stopper for den plan, blev den \u00e6ndret til at v\u00e6re en digital udstilling p\u00e5 museets hjemmeside.<\/p>\n<div id=\"attachment_19098\" style=\"width: 260px\" class=\"wp-caption alignright\"><img loading=\"lazy\" decoding=\"async\" aria-describedby=\"caption-attachment-19098\" class=\"wp-image-19098\" src=\"https:\/\/kunmedierne.dk\/mors\/wp-content\/uploads\/2020\/04\/Kikkasse-Freden-kom-presse.jpg\" alt=\"\" width=\"250\" height=\"250\" srcset=\"https:\/\/kunmedierne.dk\/mors\/wp-content\/uploads\/2020\/04\/Kikkasse-Freden-kom-presse.jpg 350w, https:\/\/kunmedierne.dk\/mors\/wp-content\/uploads\/2020\/04\/Kikkasse-Freden-kom-presse-150x150.jpg 150w, https:\/\/kunmedierne.dk\/mors\/wp-content\/uploads\/2020\/04\/Kikkasse-Freden-kom-presse-300x300.jpg 300w, https:\/\/kunmedierne.dk\/mors\/wp-content\/uploads\/2020\/04\/Kikkasse-Freden-kom-presse-100x100.jpg 100w\" sizes=\"auto, (max-width: 250px) 100vw, 250px\" \/><p id=\"caption-attachment-19098\" class=\"wp-caption-text\">B\u00f8rn fra M. C. Holms Skole har lavet tekster og kikkasser til Ingas historie. Inga var seks \u00e5r gammel da tyskerne besatte Danmark.<\/p><\/div>\n<p>Og som man kan se p\u00e5 billederne til artiklen her, har det ikke forhindret b\u00f8rnene i at s\u00e6tte billeder p\u00e5 de ord, de er blevet fortalt om Danmark for 75 \u00e5r siden.<\/p>\n<p>Samtidig har det digitale forl\u00f8b gjort nye muligheder synlige, vurderer Mette Elimar Jensen.<\/p>\n<p>&#8220;Krisen til trods har det vist sig at v\u00e6re en rigtig sjov, men udfordrende m\u00e5de at arbejde p\u00e5. Der er tr\u00e5dt nye stier til fremtidens m\u00e5de at samarbejde p\u00e5,&#8221; siger hun.<\/p>\n<p>Udstillingen udvikler sig l\u00f8bende frem imod 4. maj.<\/p>\n<p>&nbsp;<\/p>\n<div id=\"attachment_19099\" style=\"width: 780px\" class=\"wp-caption alignnone\"><img loading=\"lazy\" decoding=\"async\" aria-describedby=\"caption-attachment-19099\" class=\"wp-image-19099 size-full\" src=\"https:\/\/kunmedierne.dk\/mors\/wp-content\/uploads\/2020\/04\/Freden-kom-presse.jpg\" alt=\"\" width=\"770\" height=\"230\" srcset=\"https:\/\/kunmedierne.dk\/mors\/wp-content\/uploads\/2020\/04\/Freden-kom-presse.jpg 770w, https:\/\/kunmedierne.dk\/mors\/wp-content\/uploads\/2020\/04\/Freden-kom-presse-300x90.jpg 300w, https:\/\/kunmedierne.dk\/mors\/wp-content\/uploads\/2020\/04\/Freden-kom-presse-768x229.jpg 768w, https:\/\/kunmedierne.dk\/mors\/wp-content\/uploads\/2020\/04\/Freden-kom-presse-600x179.jpg 600w\" sizes=\"auto, (max-width: 770px) 100vw, 770px\" \/><p id=\"caption-attachment-19099\" class=\"wp-caption-text\">Introbillede til den digitale udstilling p\u00e5 Museum Mors hjemmeside.<\/p><\/div>\n","protected":false},"excerpt":{"rendered":"<p>MORS: For 75 \u00e5r siden ventede danskerne med l\u00e6ngsel p\u00e5 freden efter fem \u00e5r med tysk bes\u00e6ttelse. Nu s\u00f8rger en flok elever fra 0. klasse p\u00e5 M.C. Holms Skole i Nyk\u00f8bing for, at befrielsen bliver mindet. Det g\u00f8r de i samarbejde med Museum Mors i en digital udstilling, der med sm\u00e5 billedfort\u00e6llinger viser, at b\u00f8rn [&hellip;]<\/p>\n","protected":false},"author":8,"featured_media":19096,"comment_status":"open","ping_status":"open","sticky":false,"template":"","format":"standard","meta":{"_acf_changed":false,"footnotes":""},"categories":[49],"tags":[170],"class_list":["post-19095","post","type-post","status-publish","format-standard","has-post-thumbnail","hentry","category-kultur","tag-uddannelse"],"acf":[],"yoast_head":"<!-- This site is optimized with the Yoast SEO plugin v26.8 - https:\/\/yoast.com\/product\/yoast-seo-wordpress\/ -->\n<title>Skoleb\u00f8rn markerer 75-\u00e5ret for befrielsen med digital udstilling - Mors<\/title>\n<meta name=\"robots\" content=\"index, follow, max-snippet:-1, max-image-preview:large, max-video-preview:-1\" \/>\n<link rel=\"canonical\" href=\"https:\/\/kunmedierne.dk\/mors\/skoleboern-markerer-75-aaret-for-befrielsen-med-digital-udstilling\/\" \/>\n<meta property=\"og:locale\" content=\"da_DK\" \/>\n<meta property=\"og:type\" content=\"article\" \/>\n<meta property=\"og:title\" content=\"Skoleb\u00f8rn markerer 75-\u00e5ret for befrielsen med digital udstilling - Mors\" \/>\n<meta property=\"og:description\" content=\"MORS: For 75 \u00e5r siden ventede danskerne med l\u00e6ngsel p\u00e5 freden efter fem \u00e5r med tysk bes\u00e6ttelse. Nu s\u00f8rger en flok elever fra 0. klasse p\u00e5 M.C. Holms Skole i Nyk\u00f8bing for, at befrielsen bliver mindet. Det g\u00f8r de i samarbejde med Museum Mors i en digital udstilling, der med sm\u00e5 billedfort\u00e6llinger viser, at b\u00f8rn [&hellip;]\" \/>\n<meta property=\"og:url\" content=\"https:\/\/kunmedierne.dk\/mors\/skoleboern-markerer-75-aaret-for-befrielsen-med-digital-udstilling\/\" \/>\n<meta property=\"og:site_name\" content=\"Mors\" \/>\n<meta property=\"article:published_time\" content=\"2020-04-25T11:35:40+00:00\" \/>\n<meta property=\"article:modified_time\" content=\"2024-08-12T12:06:12+00:00\" \/>\n<meta property=\"og:image\" content=\"https:\/\/kunmedierne.dk\/mors\/wp-content\/uploads\/2020\/04\/9.-april-Freden-kom-presse2.jpg\" \/>\n\t<meta property=\"og:image:width\" content=\"770\" \/>\n\t<meta property=\"og:image:height\" content=\"513\" \/>\n\t<meta property=\"og:image:type\" content=\"image\/jpeg\" \/>\n<meta name=\"author\" content=\"David H\u00f8jmark\" \/>\n<meta name=\"twitter:card\" content=\"summary_large_image\" \/>\n<meta name=\"twitter:label1\" content=\"Skrevet af\" \/>\n\t<meta name=\"twitter:data1\" content=\"David H\u00f8jmark\" \/>\n\t<meta name=\"twitter:label2\" content=\"Estimeret l\u00e6setid\" \/>\n\t<meta name=\"twitter:data2\" content=\"1 minut\" \/>\n<script type=\"application\/ld+json\" class=\"yoast-schema-graph\">{\"@context\":\"https:\/\/schema.org\",\"@graph\":[{\"@type\":\"Article\",\"@id\":\"https:\/\/kunmedierne.dk\/mors\/skoleboern-markerer-75-aaret-for-befrielsen-med-digital-udstilling\/#article\",\"isPartOf\":{\"@id\":\"https:\/\/kunmedierne.dk\/mors\/skoleboern-markerer-75-aaret-for-befrielsen-med-digital-udstilling\/\"},\"author\":{\"name\":\"David H\u00f8jmark\",\"@id\":\"https:\/\/kunmedierne.dk\/mors\/#\/schema\/person\/5fe23251bf1d0abbcdc6f7896579d548\"},\"headline\":\"Skoleb\u00f8rn markerer 75-\u00e5ret for befrielsen med digital udstilling\",\"datePublished\":\"2020-04-25T11:35:40+00:00\",\"dateModified\":\"2024-08-12T12:06:12+00:00\",\"mainEntityOfPage\":{\"@id\":\"https:\/\/kunmedierne.dk\/mors\/skoleboern-markerer-75-aaret-for-befrielsen-med-digital-udstilling\/\"},\"wordCount\":304,\"commentCount\":0,\"publisher\":{\"@id\":\"https:\/\/kunmedierne.dk\/mors\/#organization\"},\"image\":{\"@id\":\"https:\/\/kunmedierne.dk\/mors\/skoleboern-markerer-75-aaret-for-befrielsen-med-digital-udstilling\/#primaryimage\"},\"thumbnailUrl\":\"https:\/\/kunmedierne.dk\/mors\/wp-content\/uploads\/2020\/04\/9.-april-Freden-kom-presse2.jpg\",\"keywords\":[\"Skoler og uddannelse\"],\"articleSection\":[\"Kultur\"],\"inLanguage\":\"da-DK\",\"potentialAction\":[{\"@type\":\"CommentAction\",\"name\":\"Comment\",\"target\":[\"https:\/\/kunmedierne.dk\/mors\/skoleboern-markerer-75-aaret-for-befrielsen-med-digital-udstilling\/#respond\"]}]},{\"@type\":\"WebPage\",\"@id\":\"https:\/\/kunmedierne.dk\/mors\/skoleboern-markerer-75-aaret-for-befrielsen-med-digital-udstilling\/\",\"url\":\"https:\/\/kunmedierne.dk\/mors\/skoleboern-markerer-75-aaret-for-befrielsen-med-digital-udstilling\/\",\"name\":\"Skoleb\u00f8rn markerer 75-\u00e5ret for befrielsen med digital udstilling - Mors\",\"isPartOf\":{\"@id\":\"https:\/\/kunmedierne.dk\/mors\/#website\"},\"primaryImageOfPage\":{\"@id\":\"https:\/\/kunmedierne.dk\/mors\/skoleboern-markerer-75-aaret-for-befrielsen-med-digital-udstilling\/#primaryimage\"},\"image\":{\"@id\":\"https:\/\/kunmedierne.dk\/mors\/skoleboern-markerer-75-aaret-for-befrielsen-med-digital-udstilling\/#primaryimage\"},\"thumbnailUrl\":\"https:\/\/kunmedierne.dk\/mors\/wp-content\/uploads\/2020\/04\/9.-april-Freden-kom-presse2.jpg\",\"datePublished\":\"2020-04-25T11:35:40+00:00\",\"dateModified\":\"2024-08-12T12:06:12+00:00\",\"breadcrumb\":{\"@id\":\"https:\/\/kunmedierne.dk\/mors\/skoleboern-markerer-75-aaret-for-befrielsen-med-digital-udstilling\/#breadcrumb\"},\"inLanguage\":\"da-DK\",\"potentialAction\":[{\"@type\":\"ReadAction\",\"target\":[\"https:\/\/kunmedierne.dk\/mors\/skoleboern-markerer-75-aaret-for-befrielsen-med-digital-udstilling\/\"]}]},{\"@type\":\"ImageObject\",\"inLanguage\":\"da-DK\",\"@id\":\"https:\/\/kunmedierne.dk\/mors\/skoleboern-markerer-75-aaret-for-befrielsen-med-digital-udstilling\/#primaryimage\",\"url\":\"https:\/\/kunmedierne.dk\/mors\/wp-content\/uploads\/2020\/04\/9.-april-Freden-kom-presse2.jpg\",\"contentUrl\":\"https:\/\/kunmedierne.dk\/mors\/wp-content\/uploads\/2020\/04\/9.-april-Freden-kom-presse2.jpg\",\"width\":770,\"height\":513,\"caption\":\"Mette Elimar Jensen, som er grafiker har lavet basis illustrationerne til projektet. Her ses Niels kigge p\u00e5 flyvemaskinerne om morgenen 9. april 1940.\"},{\"@type\":\"BreadcrumbList\",\"@id\":\"https:\/\/kunmedierne.dk\/mors\/skoleboern-markerer-75-aaret-for-befrielsen-med-digital-udstilling\/#breadcrumb\",\"itemListElement\":[{\"@type\":\"ListItem\",\"position\":1,\"name\":\"Hjem\",\"item\":\"https:\/\/kunmedierne.dk\/mors\/\"},{\"@type\":\"ListItem\",\"position\":2,\"name\":\"Skoleb\u00f8rn markerer 75-\u00e5ret for befrielsen med digital udstilling\"}]},{\"@type\":\"WebSite\",\"@id\":\"https:\/\/kunmedierne.dk\/mors\/#website\",\"url\":\"https:\/\/kunmedierne.dk\/mors\/\",\"name\":\"Mors\",\"description\":\"et netmedie med journalistik om livet p\u00e5 Mors\",\"publisher\":{\"@id\":\"https:\/\/kunmedierne.dk\/mors\/#organization\"},\"potentialAction\":[{\"@type\":\"SearchAction\",\"target\":{\"@type\":\"EntryPoint\",\"urlTemplate\":\"https:\/\/kunmedierne.dk\/mors\/?s={search_term_string}\"},\"query-input\":{\"@type\":\"PropertyValueSpecification\",\"valueRequired\":true,\"valueName\":\"search_term_string\"}}],\"inLanguage\":\"da-DK\"},{\"@type\":\"Organization\",\"@id\":\"https:\/\/kunmedierne.dk\/mors\/#organization\",\"name\":\"Mors\",\"url\":\"https:\/\/kunmedierne.dk\/mors\/\",\"logo\":{\"@type\":\"ImageObject\",\"inLanguage\":\"da-DK\",\"@id\":\"https:\/\/kunmedierne.dk\/mors\/#\/schema\/logo\/image\/\",\"url\":\"https:\/\/kunmedierne.dk\/mors\/wp-content\/uploads\/2024\/08\/kunmors-logo.svg\",\"contentUrl\":\"https:\/\/kunmedierne.dk\/mors\/wp-content\/uploads\/2024\/08\/kunmors-logo.svg\",\"caption\":\"Mors\"},\"image\":{\"@id\":\"https:\/\/kunmedierne.dk\/mors\/#\/schema\/logo\/image\/\"}},{\"@type\":\"Person\",\"@id\":\"https:\/\/kunmedierne.dk\/mors\/#\/schema\/person\/5fe23251bf1d0abbcdc6f7896579d548\",\"name\":\"David H\u00f8jmark\",\"image\":{\"@type\":\"ImageObject\",\"inLanguage\":\"da-DK\",\"@id\":\"https:\/\/kunmedierne.dk\/mors\/#\/schema\/person\/image\/\",\"url\":\"https:\/\/secure.gravatar.com\/avatar\/4315d6fb9ef244d729989f5f90268eb08d5bf8a3d84402f595fa194bb35784fd?s=96&d=mm&r=g\",\"contentUrl\":\"https:\/\/secure.gravatar.com\/avatar\/4315d6fb9ef244d729989f5f90268eb08d5bf8a3d84402f595fa194bb35784fd?s=96&d=mm&r=g\",\"caption\":\"David H\u00f8jmark\"},\"sameAs\":[\"https:\/\/www.kunmedierne.dk\"],\"url\":\"https:\/\/kunmedierne.dk\/mors\/author\/david\/\"}]}<\/script>\n<!-- \/ Yoast SEO plugin. -->","yoast_head_json":{"title":"Skoleb\u00f8rn markerer 75-\u00e5ret for befrielsen med digital udstilling - Mors","robots":{"index":"index","follow":"follow","max-snippet":"max-snippet:-1","max-image-preview":"max-image-preview:large","max-video-preview":"max-video-preview:-1"},"canonical":"https:\/\/kunmedierne.dk\/mors\/skoleboern-markerer-75-aaret-for-befrielsen-med-digital-udstilling\/","og_locale":"da_DK","og_type":"article","og_title":"Skoleb\u00f8rn markerer 75-\u00e5ret for befrielsen med digital udstilling - Mors","og_description":"MORS: For 75 \u00e5r siden ventede danskerne med l\u00e6ngsel p\u00e5 freden efter fem \u00e5r med tysk bes\u00e6ttelse. Nu s\u00f8rger en flok elever fra 0. klasse p\u00e5 M.C. Holms Skole i Nyk\u00f8bing for, at befrielsen bliver mindet. Det g\u00f8r de i samarbejde med Museum Mors i en digital udstilling, der med sm\u00e5 billedfort\u00e6llinger viser, at b\u00f8rn [&hellip;]","og_url":"https:\/\/kunmedierne.dk\/mors\/skoleboern-markerer-75-aaret-for-befrielsen-med-digital-udstilling\/","og_site_name":"Mors","article_published_time":"2020-04-25T11:35:40+00:00","article_modified_time":"2024-08-12T12:06:12+00:00","og_image":[{"width":770,"height":513,"url":"https:\/\/kunmedierne.dk\/mors\/wp-content\/uploads\/2020\/04\/9.-april-Freden-kom-presse2.jpg","type":"image\/jpeg"}],"author":"David H\u00f8jmark","twitter_card":"summary_large_image","twitter_misc":{"Skrevet af":"David H\u00f8jmark","Estimeret l\u00e6setid":"1 minut"},"schema":{"@context":"https:\/\/schema.org","@graph":[{"@type":"Article","@id":"https:\/\/kunmedierne.dk\/mors\/skoleboern-markerer-75-aaret-for-befrielsen-med-digital-udstilling\/#article","isPartOf":{"@id":"https:\/\/kunmedierne.dk\/mors\/skoleboern-markerer-75-aaret-for-befrielsen-med-digital-udstilling\/"},"author":{"name":"David H\u00f8jmark","@id":"https:\/\/kunmedierne.dk\/mors\/#\/schema\/person\/5fe23251bf1d0abbcdc6f7896579d548"},"headline":"Skoleb\u00f8rn markerer 75-\u00e5ret for befrielsen med digital udstilling","datePublished":"2020-04-25T11:35:40+00:00","dateModified":"2024-08-12T12:06:12+00:00","mainEntityOfPage":{"@id":"https:\/\/kunmedierne.dk\/mors\/skoleboern-markerer-75-aaret-for-befrielsen-med-digital-udstilling\/"},"wordCount":304,"commentCount":0,"publisher":{"@id":"https:\/\/kunmedierne.dk\/mors\/#organization"},"image":{"@id":"https:\/\/kunmedierne.dk\/mors\/skoleboern-markerer-75-aaret-for-befrielsen-med-digital-udstilling\/#primaryimage"},"thumbnailUrl":"https:\/\/kunmedierne.dk\/mors\/wp-content\/uploads\/2020\/04\/9.-april-Freden-kom-presse2.jpg","keywords":["Skoler og uddannelse"],"articleSection":["Kultur"],"inLanguage":"da-DK","potentialAction":[{"@type":"CommentAction","name":"Comment","target":["https:\/\/kunmedierne.dk\/mors\/skoleboern-markerer-75-aaret-for-befrielsen-med-digital-udstilling\/#respond"]}]},{"@type":"WebPage","@id":"https:\/\/kunmedierne.dk\/mors\/skoleboern-markerer-75-aaret-for-befrielsen-med-digital-udstilling\/","url":"https:\/\/kunmedierne.dk\/mors\/skoleboern-markerer-75-aaret-for-befrielsen-med-digital-udstilling\/","name":"Skoleb\u00f8rn markerer 75-\u00e5ret for befrielsen med digital udstilling - Mors","isPartOf":{"@id":"https:\/\/kunmedierne.dk\/mors\/#website"},"primaryImageOfPage":{"@id":"https:\/\/kunmedierne.dk\/mors\/skoleboern-markerer-75-aaret-for-befrielsen-med-digital-udstilling\/#primaryimage"},"image":{"@id":"https:\/\/kunmedierne.dk\/mors\/skoleboern-markerer-75-aaret-for-befrielsen-med-digital-udstilling\/#primaryimage"},"thumbnailUrl":"https:\/\/kunmedierne.dk\/mors\/wp-content\/uploads\/2020\/04\/9.-april-Freden-kom-presse2.jpg","datePublished":"2020-04-25T11:35:40+00:00","dateModified":"2024-08-12T12:06:12+00:00","breadcrumb":{"@id":"https:\/\/kunmedierne.dk\/mors\/skoleboern-markerer-75-aaret-for-befrielsen-med-digital-udstilling\/#breadcrumb"},"inLanguage":"da-DK","potentialAction":[{"@type":"ReadAction","target":["https:\/\/kunmedierne.dk\/mors\/skoleboern-markerer-75-aaret-for-befrielsen-med-digital-udstilling\/"]}]},{"@type":"ImageObject","inLanguage":"da-DK","@id":"https:\/\/kunmedierne.dk\/mors\/skoleboern-markerer-75-aaret-for-befrielsen-med-digital-udstilling\/#primaryimage","url":"https:\/\/kunmedierne.dk\/mors\/wp-content\/uploads\/2020\/04\/9.-april-Freden-kom-presse2.jpg","contentUrl":"https:\/\/kunmedierne.dk\/mors\/wp-content\/uploads\/2020\/04\/9.-april-Freden-kom-presse2.jpg","width":770,"height":513,"caption":"Mette Elimar Jensen, som er grafiker har lavet basis illustrationerne til projektet. Her ses Niels kigge p\u00e5 flyvemaskinerne om morgenen 9. april 1940."},{"@type":"BreadcrumbList","@id":"https:\/\/kunmedierne.dk\/mors\/skoleboern-markerer-75-aaret-for-befrielsen-med-digital-udstilling\/#breadcrumb","itemListElement":[{"@type":"ListItem","position":1,"name":"Hjem","item":"https:\/\/kunmedierne.dk\/mors\/"},{"@type":"ListItem","position":2,"name":"Skoleb\u00f8rn markerer 75-\u00e5ret for befrielsen med digital udstilling"}]},{"@type":"WebSite","@id":"https:\/\/kunmedierne.dk\/mors\/#website","url":"https:\/\/kunmedierne.dk\/mors\/","name":"Mors","description":"et netmedie med journalistik om livet p\u00e5 Mors","publisher":{"@id":"https:\/\/kunmedierne.dk\/mors\/#organization"},"potentialAction":[{"@type":"SearchAction","target":{"@type":"EntryPoint","urlTemplate":"https:\/\/kunmedierne.dk\/mors\/?s={search_term_string}"},"query-input":{"@type":"PropertyValueSpecification","valueRequired":true,"valueName":"search_term_string"}}],"inLanguage":"da-DK"},{"@type":"Organization","@id":"https:\/\/kunmedierne.dk\/mors\/#organization","name":"Mors","url":"https:\/\/kunmedierne.dk\/mors\/","logo":{"@type":"ImageObject","inLanguage":"da-DK","@id":"https:\/\/kunmedierne.dk\/mors\/#\/schema\/logo\/image\/","url":"https:\/\/kunmedierne.dk\/mors\/wp-content\/uploads\/2024\/08\/kunmors-logo.svg","contentUrl":"https:\/\/kunmedierne.dk\/mors\/wp-content\/uploads\/2024\/08\/kunmors-logo.svg","caption":"Mors"},"image":{"@id":"https:\/\/kunmedierne.dk\/mors\/#\/schema\/logo\/image\/"}},{"@type":"Person","@id":"https:\/\/kunmedierne.dk\/mors\/#\/schema\/person\/5fe23251bf1d0abbcdc6f7896579d548","name":"David H\u00f8jmark","image":{"@type":"ImageObject","inLanguage":"da-DK","@id":"https:\/\/kunmedierne.dk\/mors\/#\/schema\/person\/image\/","url":"https:\/\/secure.gravatar.com\/avatar\/4315d6fb9ef244d729989f5f90268eb08d5bf8a3d84402f595fa194bb35784fd?s=96&d=mm&r=g","contentUrl":"https:\/\/secure.gravatar.com\/avatar\/4315d6fb9ef244d729989f5f90268eb08d5bf8a3d84402f595fa194bb35784fd?s=96&d=mm&r=g","caption":"David H\u00f8jmark"},"sameAs":["https:\/\/www.kunmedierne.dk"],"url":"https:\/\/kunmedierne.dk\/mors\/author\/david\/"}]}},"_links":{"self":[{"href":"https:\/\/kunmedierne.dk\/mors\/wp-json\/wp\/v2\/posts\/19095","targetHints":{"allow":["GET"]}}],"collection":[{"href":"https:\/\/kunmedierne.dk\/mors\/wp-json\/wp\/v2\/posts"}],"about":[{"href":"https:\/\/kunmedierne.dk\/mors\/wp-json\/wp\/v2\/types\/post"}],"author":[{"embeddable":true,"href":"https:\/\/kunmedierne.dk\/mors\/wp-json\/wp\/v2\/users\/8"}],"replies":[{"embeddable":true,"href":"https:\/\/kunmedierne.dk\/mors\/wp-json\/wp\/v2\/comments?post=19095"}],"version-history":[{"count":7,"href":"https:\/\/kunmedierne.dk\/mors\/wp-json\/wp\/v2\/posts\/19095\/revisions"}],"predecessor-version":[{"id":19106,"href":"https:\/\/kunmedierne.dk\/mors\/wp-json\/wp\/v2\/posts\/19095\/revisions\/19106"}],"wp:featuredmedia":[{"embeddable":true,"href":"https:\/\/kunmedierne.dk\/mors\/wp-json\/wp\/v2\/media\/19096"}],"wp:attachment":[{"href":"https:\/\/kunmedierne.dk\/mors\/wp-json\/wp\/v2\/media?parent=19095"}],"wp:term":[{"taxonomy":"category","embeddable":true,"href":"https:\/\/kunmedierne.dk\/mors\/wp-json\/wp\/v2\/categories?post=19095"},{"taxonomy":"post_tag","embeddable":true,"href":"https:\/\/kunmedierne.dk\/mors\/wp-json\/wp\/v2\/tags?post=19095"}],"curies":[{"name":"wp","href":"https:\/\/api.w.org\/{rel}","templated":true}]}}