{"id":19043,"date":"2020-04-24T19:29:42","date_gmt":"2020-04-24T17:29:42","guid":{"rendered":"https:\/\/kunmedierne.dk\/mors\/?p=19043"},"modified":"2024-08-12T14:06:12","modified_gmt":"2024-08-12T12:06:12","slug":"dm-i-traktortraek-paa-mors-er-aflyst","status":"publish","type":"post","link":"https:\/\/kunmedierne.dk\/mors\/dm-i-traktortraek-paa-mors-er-aflyst\/","title":{"rendered":"DM i traktortr\u00e6k p\u00e5 Mors er aflyst"},"content":{"rendered":"<p><strong>MORS<\/strong>: Der er lang tid til september, men der er endnu l\u00e6ngere til det n\u00e6ste DM i traktortr\u00e6k.<\/p>\n<p>Og det er rigtig \u00e6rgerligt, for i 2020 skulle det have v\u00e6ret p\u00e5 Mors, hvor Mors\u00f8 Landbrugsskole med Region Viborg som arrang\u00f8r 5. september skulle have st\u00e5et for den popul\u00e6re konkurrence.<\/p>\n<p>&#8220;Der er stor risiko for, at vi den 5. september ikke vil f\u00e5 lov til at afholde et DM, og det vil helt sikkert ikke blive et DM, som vi \u00f8nsker det. Desuden er kvalifikations-strukturen til DM spolereret af de mange aflyste lokale traktortr\u00e6k. Derfor v\u00e6lger vi at aflyse,&#8221; fort\u00e6ller LandboUngdoms formand, Thorbj\u00f8rn Koefoed, i en pressemeddelelse.<\/p>\n<div class=\"text_exposed_show\">\n<p>St\u00e6vnet skulle v\u00e6re afholdt p\u00e5 den nyanlagte bane ved Mors\u00f8 Landbrugsskole, men grundet corona-situationen har man alts\u00e5 valgt at aflyse.\u00a0Region Viborg ellers var godt i gang med planl\u00e6gningen af et stort og flot DM-st\u00e6vne med et m\u00e5l om over 4.000 tilskuere, f\u00f8r covid-19 nedlukkede Danmark.<\/p>\n<p>&#8220;Vi frivillige havde gl\u00e6det os til at give alle traktor-elskere et fantastisk DM, men vi er helt med p\u00e5, at omst\u00e6ndighederne g\u00f8r det umuligt at afholde et DM i traktortr\u00e6k,&#8221; fort\u00e6ller Steffen S\u00f8rensen fra Region Viborg og styregruppen bag DM i traktortr\u00e6k.<\/p>\n<p>&nbsp;<\/p>\n<p><strong>Ikke alt i LandboUngdom er aflyst<\/strong><\/p>\n<p>Der vil muligvis blive afholdt lokale traktortr\u00e6k rundt om i Danmark i l\u00f8bet af sommeren, hvis de kan gennemf\u00f8res under\u00a0regeringens og\u00a0Sundhedsstyrelsen forskrifter og anbefalinger. Men der vil alts\u00e5 ikke v\u00e6re kvalifikation videre til DM.<\/p>\n<p>&#8220;LandboUngdom er i en sv\u00e6r tid lige nu. Kernen i vores forening er at samles og v\u00e6re sammen, som vi jo ikke har mulighed nu. Jeg m\u00e6rker dog stadig f\u00e6llesskabet p\u00e5 tv\u00e6rs af organisationen, og vi gl\u00e6der os ligesom alle andre til, at vi igen kan m\u00f8des,&#8221; siger formand Thorbj\u00f8n Koefoed.<\/p>\n<p>LandboUngdom er en landsd\u00e6kkende organisation for unge p\u00e5 landet med cirka 4.000 medlemmer fordelt p\u00e5 46 lokalforeninger.<\/p>\n<\/div>\n","protected":false},"excerpt":{"rendered":"<p>MORS: Der er lang tid til september, men der er endnu l\u00e6ngere til det n\u00e6ste DM i traktortr\u00e6k. Og det er rigtig \u00e6rgerligt, for i 2020 skulle det have v\u00e6ret p\u00e5 Mors, hvor Mors\u00f8 Landbrugsskole med Region Viborg som arrang\u00f8r 5. september skulle have st\u00e5et for den popul\u00e6re konkurrence. &#8220;Der er stor risiko for, at [&hellip;]<\/p>\n","protected":false},"author":8,"featured_media":19053,"comment_status":"open","ping_status":"open","sticky":false,"template":"","format":"standard","meta":{"_acf_changed":false,"footnotes":""},"categories":[51],"tags":[],"class_list":["post-19043","post","type-post","status-publish","format-standard","has-post-thumbnail","hentry","category-lokalt"],"acf":[],"yoast_head":"<!-- This site is optimized with the Yoast SEO plugin v26.8 - https:\/\/yoast.com\/product\/yoast-seo-wordpress\/ -->\n<title>DM i traktortr\u00e6k p\u00e5 Mors er aflyst - Mors<\/title>\n<meta name=\"robots\" content=\"index, follow, max-snippet:-1, max-image-preview:large, max-video-preview:-1\" \/>\n<link rel=\"canonical\" href=\"https:\/\/kunmedierne.dk\/mors\/dm-i-traktortraek-paa-mors-er-aflyst\/\" \/>\n<meta property=\"og:locale\" content=\"da_DK\" \/>\n<meta property=\"og:type\" content=\"article\" \/>\n<meta property=\"og:title\" content=\"DM i traktortr\u00e6k p\u00e5 Mors er aflyst - Mors\" \/>\n<meta property=\"og:description\" content=\"MORS: Der er lang tid til september, men der er endnu l\u00e6ngere til det n\u00e6ste DM i traktortr\u00e6k. Og det er rigtig \u00e6rgerligt, for i 2020 skulle det have v\u00e6ret p\u00e5 Mors, hvor Mors\u00f8 Landbrugsskole med Region Viborg som arrang\u00f8r 5. september skulle have st\u00e5et for den popul\u00e6re konkurrence. &#8220;Der er stor risiko for, at [&hellip;]\" \/>\n<meta property=\"og:url\" content=\"https:\/\/kunmedierne.dk\/mors\/dm-i-traktortraek-paa-mors-er-aflyst\/\" \/>\n<meta property=\"og:site_name\" content=\"Mors\" \/>\n<meta property=\"article:published_time\" content=\"2020-04-24T17:29:42+00:00\" \/>\n<meta property=\"article:modified_time\" content=\"2024-08-12T12:06:12+00:00\" \/>\n<meta property=\"og:image\" content=\"https:\/\/kunmedierne.dk\/mors\/wp-content\/uploads\/2020\/04\/traktortr\u00e6k.jpg\" \/>\n\t<meta property=\"og:image:width\" content=\"770\" \/>\n\t<meta property=\"og:image:height\" content=\"513\" \/>\n\t<meta property=\"og:image:type\" content=\"image\/jpeg\" \/>\n<meta name=\"author\" content=\"David H\u00f8jmark\" \/>\n<meta name=\"twitter:card\" content=\"summary_large_image\" \/>\n<meta name=\"twitter:label1\" content=\"Skrevet af\" \/>\n\t<meta name=\"twitter:data1\" content=\"David H\u00f8jmark\" \/>\n\t<meta name=\"twitter:label2\" content=\"Estimeret l\u00e6setid\" \/>\n\t<meta name=\"twitter:data2\" content=\"2 minutter\" \/>\n<script type=\"application\/ld+json\" class=\"yoast-schema-graph\">{\"@context\":\"https:\/\/schema.org\",\"@graph\":[{\"@type\":\"Article\",\"@id\":\"https:\/\/kunmedierne.dk\/mors\/dm-i-traktortraek-paa-mors-er-aflyst\/#article\",\"isPartOf\":{\"@id\":\"https:\/\/kunmedierne.dk\/mors\/dm-i-traktortraek-paa-mors-er-aflyst\/\"},\"author\":{\"name\":\"David H\u00f8jmark\",\"@id\":\"https:\/\/kunmedierne.dk\/mors\/#\/schema\/person\/5fe23251bf1d0abbcdc6f7896579d548\"},\"headline\":\"DM i traktortr\u00e6k p\u00e5 Mors er aflyst\",\"datePublished\":\"2020-04-24T17:29:42+00:00\",\"dateModified\":\"2024-08-12T12:06:12+00:00\",\"mainEntityOfPage\":{\"@id\":\"https:\/\/kunmedierne.dk\/mors\/dm-i-traktortraek-paa-mors-er-aflyst\/\"},\"wordCount\":344,\"commentCount\":0,\"publisher\":{\"@id\":\"https:\/\/kunmedierne.dk\/mors\/#organization\"},\"image\":{\"@id\":\"https:\/\/kunmedierne.dk\/mors\/dm-i-traktortraek-paa-mors-er-aflyst\/#primaryimage\"},\"thumbnailUrl\":\"https:\/\/kunmedierne.dk\/mors\/wp-content\/uploads\/2020\/04\/traktortr\u00e6k.jpg\",\"articleSection\":[\"Lokalt\"],\"inLanguage\":\"da-DK\",\"potentialAction\":[{\"@type\":\"CommentAction\",\"name\":\"Comment\",\"target\":[\"https:\/\/kunmedierne.dk\/mors\/dm-i-traktortraek-paa-mors-er-aflyst\/#respond\"]}]},{\"@type\":\"WebPage\",\"@id\":\"https:\/\/kunmedierne.dk\/mors\/dm-i-traktortraek-paa-mors-er-aflyst\/\",\"url\":\"https:\/\/kunmedierne.dk\/mors\/dm-i-traktortraek-paa-mors-er-aflyst\/\",\"name\":\"DM i traktortr\u00e6k p\u00e5 Mors er aflyst - Mors\",\"isPartOf\":{\"@id\":\"https:\/\/kunmedierne.dk\/mors\/#website\"},\"primaryImageOfPage\":{\"@id\":\"https:\/\/kunmedierne.dk\/mors\/dm-i-traktortraek-paa-mors-er-aflyst\/#primaryimage\"},\"image\":{\"@id\":\"https:\/\/kunmedierne.dk\/mors\/dm-i-traktortraek-paa-mors-er-aflyst\/#primaryimage\"},\"thumbnailUrl\":\"https:\/\/kunmedierne.dk\/mors\/wp-content\/uploads\/2020\/04\/traktortr\u00e6k.jpg\",\"datePublished\":\"2020-04-24T17:29:42+00:00\",\"dateModified\":\"2024-08-12T12:06:12+00:00\",\"breadcrumb\":{\"@id\":\"https:\/\/kunmedierne.dk\/mors\/dm-i-traktortraek-paa-mors-er-aflyst\/#breadcrumb\"},\"inLanguage\":\"da-DK\",\"potentialAction\":[{\"@type\":\"ReadAction\",\"target\":[\"https:\/\/kunmedierne.dk\/mors\/dm-i-traktortraek-paa-mors-er-aflyst\/\"]}]},{\"@type\":\"ImageObject\",\"inLanguage\":\"da-DK\",\"@id\":\"https:\/\/kunmedierne.dk\/mors\/dm-i-traktortraek-paa-mors-er-aflyst\/#primaryimage\",\"url\":\"https:\/\/kunmedierne.dk\/mors\/wp-content\/uploads\/2020\/04\/traktortr\u00e6k.jpg\",\"contentUrl\":\"https:\/\/kunmedierne.dk\/mors\/wp-content\/uploads\/2020\/04\/traktortr\u00e6k.jpg\",\"width\":770,\"height\":513,\"caption\":\"Dette flotte syn bliver ikke til noget p\u00e5 Mors til september. Foto: Daniel Skinbjerg\/LandboUngdom.\"},{\"@type\":\"BreadcrumbList\",\"@id\":\"https:\/\/kunmedierne.dk\/mors\/dm-i-traktortraek-paa-mors-er-aflyst\/#breadcrumb\",\"itemListElement\":[{\"@type\":\"ListItem\",\"position\":1,\"name\":\"Hjem\",\"item\":\"https:\/\/kunmedierne.dk\/mors\/\"},{\"@type\":\"ListItem\",\"position\":2,\"name\":\"DM i traktortr\u00e6k p\u00e5 Mors er aflyst\"}]},{\"@type\":\"WebSite\",\"@id\":\"https:\/\/kunmedierne.dk\/mors\/#website\",\"url\":\"https:\/\/kunmedierne.dk\/mors\/\",\"name\":\"Mors\",\"description\":\"et netmedie med journalistik om livet p\u00e5 Mors\",\"publisher\":{\"@id\":\"https:\/\/kunmedierne.dk\/mors\/#organization\"},\"potentialAction\":[{\"@type\":\"SearchAction\",\"target\":{\"@type\":\"EntryPoint\",\"urlTemplate\":\"https:\/\/kunmedierne.dk\/mors\/?s={search_term_string}\"},\"query-input\":{\"@type\":\"PropertyValueSpecification\",\"valueRequired\":true,\"valueName\":\"search_term_string\"}}],\"inLanguage\":\"da-DK\"},{\"@type\":\"Organization\",\"@id\":\"https:\/\/kunmedierne.dk\/mors\/#organization\",\"name\":\"Mors\",\"url\":\"https:\/\/kunmedierne.dk\/mors\/\",\"logo\":{\"@type\":\"ImageObject\",\"inLanguage\":\"da-DK\",\"@id\":\"https:\/\/kunmedierne.dk\/mors\/#\/schema\/logo\/image\/\",\"url\":\"https:\/\/kunmedierne.dk\/mors\/wp-content\/uploads\/2024\/08\/kunmors-logo.svg\",\"contentUrl\":\"https:\/\/kunmedierne.dk\/mors\/wp-content\/uploads\/2024\/08\/kunmors-logo.svg\",\"caption\":\"Mors\"},\"image\":{\"@id\":\"https:\/\/kunmedierne.dk\/mors\/#\/schema\/logo\/image\/\"}},{\"@type\":\"Person\",\"@id\":\"https:\/\/kunmedierne.dk\/mors\/#\/schema\/person\/5fe23251bf1d0abbcdc6f7896579d548\",\"name\":\"David H\u00f8jmark\",\"image\":{\"@type\":\"ImageObject\",\"inLanguage\":\"da-DK\",\"@id\":\"https:\/\/kunmedierne.dk\/mors\/#\/schema\/person\/image\/\",\"url\":\"https:\/\/secure.gravatar.com\/avatar\/4315d6fb9ef244d729989f5f90268eb08d5bf8a3d84402f595fa194bb35784fd?s=96&d=mm&r=g\",\"contentUrl\":\"https:\/\/secure.gravatar.com\/avatar\/4315d6fb9ef244d729989f5f90268eb08d5bf8a3d84402f595fa194bb35784fd?s=96&d=mm&r=g\",\"caption\":\"David H\u00f8jmark\"},\"sameAs\":[\"https:\/\/www.kunmedierne.dk\"],\"url\":\"https:\/\/kunmedierne.dk\/mors\/author\/david\/\"}]}<\/script>\n<!-- \/ Yoast SEO plugin. -->","yoast_head_json":{"title":"DM i traktortr\u00e6k p\u00e5 Mors er aflyst - Mors","robots":{"index":"index","follow":"follow","max-snippet":"max-snippet:-1","max-image-preview":"max-image-preview:large","max-video-preview":"max-video-preview:-1"},"canonical":"https:\/\/kunmedierne.dk\/mors\/dm-i-traktortraek-paa-mors-er-aflyst\/","og_locale":"da_DK","og_type":"article","og_title":"DM i traktortr\u00e6k p\u00e5 Mors er aflyst - Mors","og_description":"MORS: Der er lang tid til september, men der er endnu l\u00e6ngere til det n\u00e6ste DM i traktortr\u00e6k. Og det er rigtig \u00e6rgerligt, for i 2020 skulle det have v\u00e6ret p\u00e5 Mors, hvor Mors\u00f8 Landbrugsskole med Region Viborg som arrang\u00f8r 5. september skulle have st\u00e5et for den popul\u00e6re konkurrence. &#8220;Der er stor risiko for, at [&hellip;]","og_url":"https:\/\/kunmedierne.dk\/mors\/dm-i-traktortraek-paa-mors-er-aflyst\/","og_site_name":"Mors","article_published_time":"2020-04-24T17:29:42+00:00","article_modified_time":"2024-08-12T12:06:12+00:00","og_image":[{"width":770,"height":513,"url":"https:\/\/kunmedierne.dk\/mors\/wp-content\/uploads\/2020\/04\/traktortr\u00e6k.jpg","type":"image\/jpeg"}],"author":"David H\u00f8jmark","twitter_card":"summary_large_image","twitter_misc":{"Skrevet af":"David H\u00f8jmark","Estimeret l\u00e6setid":"2 minutter"},"schema":{"@context":"https:\/\/schema.org","@graph":[{"@type":"Article","@id":"https:\/\/kunmedierne.dk\/mors\/dm-i-traktortraek-paa-mors-er-aflyst\/#article","isPartOf":{"@id":"https:\/\/kunmedierne.dk\/mors\/dm-i-traktortraek-paa-mors-er-aflyst\/"},"author":{"name":"David H\u00f8jmark","@id":"https:\/\/kunmedierne.dk\/mors\/#\/schema\/person\/5fe23251bf1d0abbcdc6f7896579d548"},"headline":"DM i traktortr\u00e6k p\u00e5 Mors er aflyst","datePublished":"2020-04-24T17:29:42+00:00","dateModified":"2024-08-12T12:06:12+00:00","mainEntityOfPage":{"@id":"https:\/\/kunmedierne.dk\/mors\/dm-i-traktortraek-paa-mors-er-aflyst\/"},"wordCount":344,"commentCount":0,"publisher":{"@id":"https:\/\/kunmedierne.dk\/mors\/#organization"},"image":{"@id":"https:\/\/kunmedierne.dk\/mors\/dm-i-traktortraek-paa-mors-er-aflyst\/#primaryimage"},"thumbnailUrl":"https:\/\/kunmedierne.dk\/mors\/wp-content\/uploads\/2020\/04\/traktortr\u00e6k.jpg","articleSection":["Lokalt"],"inLanguage":"da-DK","potentialAction":[{"@type":"CommentAction","name":"Comment","target":["https:\/\/kunmedierne.dk\/mors\/dm-i-traktortraek-paa-mors-er-aflyst\/#respond"]}]},{"@type":"WebPage","@id":"https:\/\/kunmedierne.dk\/mors\/dm-i-traktortraek-paa-mors-er-aflyst\/","url":"https:\/\/kunmedierne.dk\/mors\/dm-i-traktortraek-paa-mors-er-aflyst\/","name":"DM i traktortr\u00e6k p\u00e5 Mors er aflyst - Mors","isPartOf":{"@id":"https:\/\/kunmedierne.dk\/mors\/#website"},"primaryImageOfPage":{"@id":"https:\/\/kunmedierne.dk\/mors\/dm-i-traktortraek-paa-mors-er-aflyst\/#primaryimage"},"image":{"@id":"https:\/\/kunmedierne.dk\/mors\/dm-i-traktortraek-paa-mors-er-aflyst\/#primaryimage"},"thumbnailUrl":"https:\/\/kunmedierne.dk\/mors\/wp-content\/uploads\/2020\/04\/traktortr\u00e6k.jpg","datePublished":"2020-04-24T17:29:42+00:00","dateModified":"2024-08-12T12:06:12+00:00","breadcrumb":{"@id":"https:\/\/kunmedierne.dk\/mors\/dm-i-traktortraek-paa-mors-er-aflyst\/#breadcrumb"},"inLanguage":"da-DK","potentialAction":[{"@type":"ReadAction","target":["https:\/\/kunmedierne.dk\/mors\/dm-i-traktortraek-paa-mors-er-aflyst\/"]}]},{"@type":"ImageObject","inLanguage":"da-DK","@id":"https:\/\/kunmedierne.dk\/mors\/dm-i-traktortraek-paa-mors-er-aflyst\/#primaryimage","url":"https:\/\/kunmedierne.dk\/mors\/wp-content\/uploads\/2020\/04\/traktortr\u00e6k.jpg","contentUrl":"https:\/\/kunmedierne.dk\/mors\/wp-content\/uploads\/2020\/04\/traktortr\u00e6k.jpg","width":770,"height":513,"caption":"Dette flotte syn bliver ikke til noget p\u00e5 Mors til september. Foto: Daniel Skinbjerg\/LandboUngdom."},{"@type":"BreadcrumbList","@id":"https:\/\/kunmedierne.dk\/mors\/dm-i-traktortraek-paa-mors-er-aflyst\/#breadcrumb","itemListElement":[{"@type":"ListItem","position":1,"name":"Hjem","item":"https:\/\/kunmedierne.dk\/mors\/"},{"@type":"ListItem","position":2,"name":"DM i traktortr\u00e6k p\u00e5 Mors er aflyst"}]},{"@type":"WebSite","@id":"https:\/\/kunmedierne.dk\/mors\/#website","url":"https:\/\/kunmedierne.dk\/mors\/","name":"Mors","description":"et netmedie med journalistik om livet p\u00e5 Mors","publisher":{"@id":"https:\/\/kunmedierne.dk\/mors\/#organization"},"potentialAction":[{"@type":"SearchAction","target":{"@type":"EntryPoint","urlTemplate":"https:\/\/kunmedierne.dk\/mors\/?s={search_term_string}"},"query-input":{"@type":"PropertyValueSpecification","valueRequired":true,"valueName":"search_term_string"}}],"inLanguage":"da-DK"},{"@type":"Organization","@id":"https:\/\/kunmedierne.dk\/mors\/#organization","name":"Mors","url":"https:\/\/kunmedierne.dk\/mors\/","logo":{"@type":"ImageObject","inLanguage":"da-DK","@id":"https:\/\/kunmedierne.dk\/mors\/#\/schema\/logo\/image\/","url":"https:\/\/kunmedierne.dk\/mors\/wp-content\/uploads\/2024\/08\/kunmors-logo.svg","contentUrl":"https:\/\/kunmedierne.dk\/mors\/wp-content\/uploads\/2024\/08\/kunmors-logo.svg","caption":"Mors"},"image":{"@id":"https:\/\/kunmedierne.dk\/mors\/#\/schema\/logo\/image\/"}},{"@type":"Person","@id":"https:\/\/kunmedierne.dk\/mors\/#\/schema\/person\/5fe23251bf1d0abbcdc6f7896579d548","name":"David H\u00f8jmark","image":{"@type":"ImageObject","inLanguage":"da-DK","@id":"https:\/\/kunmedierne.dk\/mors\/#\/schema\/person\/image\/","url":"https:\/\/secure.gravatar.com\/avatar\/4315d6fb9ef244d729989f5f90268eb08d5bf8a3d84402f595fa194bb35784fd?s=96&d=mm&r=g","contentUrl":"https:\/\/secure.gravatar.com\/avatar\/4315d6fb9ef244d729989f5f90268eb08d5bf8a3d84402f595fa194bb35784fd?s=96&d=mm&r=g","caption":"David H\u00f8jmark"},"sameAs":["https:\/\/www.kunmedierne.dk"],"url":"https:\/\/kunmedierne.dk\/mors\/author\/david\/"}]}},"_links":{"self":[{"href":"https:\/\/kunmedierne.dk\/mors\/wp-json\/wp\/v2\/posts\/19043","targetHints":{"allow":["GET"]}}],"collection":[{"href":"https:\/\/kunmedierne.dk\/mors\/wp-json\/wp\/v2\/posts"}],"about":[{"href":"https:\/\/kunmedierne.dk\/mors\/wp-json\/wp\/v2\/types\/post"}],"author":[{"embeddable":true,"href":"https:\/\/kunmedierne.dk\/mors\/wp-json\/wp\/v2\/users\/8"}],"replies":[{"embeddable":true,"href":"https:\/\/kunmedierne.dk\/mors\/wp-json\/wp\/v2\/comments?post=19043"}],"version-history":[{"count":2,"href":"https:\/\/kunmedierne.dk\/mors\/wp-json\/wp\/v2\/posts\/19043\/revisions"}],"predecessor-version":[{"id":19055,"href":"https:\/\/kunmedierne.dk\/mors\/wp-json\/wp\/v2\/posts\/19043\/revisions\/19055"}],"wp:featuredmedia":[{"embeddable":true,"href":"https:\/\/kunmedierne.dk\/mors\/wp-json\/wp\/v2\/media\/19053"}],"wp:attachment":[{"href":"https:\/\/kunmedierne.dk\/mors\/wp-json\/wp\/v2\/media?parent=19043"}],"wp:term":[{"taxonomy":"category","embeddable":true,"href":"https:\/\/kunmedierne.dk\/mors\/wp-json\/wp\/v2\/categories?post=19043"},{"taxonomy":"post_tag","embeddable":true,"href":"https:\/\/kunmedierne.dk\/mors\/wp-json\/wp\/v2\/tags?post=19043"}],"curies":[{"name":"wp","href":"https:\/\/api.w.org\/{rel}","templated":true}]}}