{"id":18970,"date":"2020-04-24T12:22:59","date_gmt":"2020-04-24T10:22:59","guid":{"rendered":"https:\/\/kunmedierne.dk\/mors\/?p=18970"},"modified":"2024-08-12T14:06:12","modified_gmt":"2024-08-12T12:06:12","slug":"regionen-aabner-for-test-af-ansatte-uden-symptomer","status":"publish","type":"post","link":"https:\/\/kunmedierne.dk\/mors\/regionen-aabner-for-test-af-ansatte-uden-symptomer\/","title":{"rendered":"Regionen \u00e5bner for test af ansatte uden symptomer"},"content":{"rendered":"<p class=\"v1Brdtekst-PM\"><strong>MORS<\/strong>: Mange ansatte i Region Nordjylland kan i den kommende weekend f\u00e5 foretaget test for covid-19. Alt hospitalspersonale og ansatte i Specialsektoren samt Den Pr\u00e6hospitale Virksomhed har s\u00e5ledes mulighed for at m\u00f8de op til test, selvom man ikke har symptomer p\u00e5 COVID-19.<\/p>\n<p class=\"v1Brdtekst-PM\">&#8220;Vi har i den seneste tid arbejdet benh\u00e5rdt p\u00e5 at opbygge testkapacitet, for at vi kan f\u00f8lge Sundhedsstyrelsens retningslinjer for test. Samtidig ved vi ogs\u00e5, at flere ansatte har udtrykt \u00f8nske om at blive testet. Vi h\u00e5ber, at et stort antal ansatte vil tage imod tilbuddet, hvis de har det mindste \u00f8nske herom,&#8221; siger regionr\u00e5dsformand Ulla Astman (S).<\/p>\n<p class=\"v1Brdtekst-PM\">Erfaringsm\u00e6ssigt er testaktiviteten lavere i weekender end p\u00e5 hverdage. Det er blandt andet en af grundene til at give tilbuddet \u2013 at s\u00f8rge for at udnytte testkapaciteten i videst mulig udstr\u00e6kning, ligesom det forh\u00e5bentligt kan give en afklaring til et stort antal ansatte i regionen.<\/p>\n<p>&nbsp;<\/p>\n<p><b>Supplement til test af symptomatiske <\/b><\/p>\n<p>Selvom weekendens test kan medvirke til en afklaring for den enkelte, l\u00e6gger Ulla Astman samtidig v\u00e6gt p\u00e5, at det er vigtigt, at man efter en eventuel negativ pr\u00f8ve stadig har fuldt fokus p\u00e5 at overholde Sundhedsstyrelsens retningslinjer om afstand, hygiejne og brugen af v\u00e6rnemidler.<\/p>\n<p class=\"v1Brdtekst-PM\">&#8220;Og s\u00e5 er der tale om et supplement. Vi har fortsat stort fokus p\u00e5, at ansatte og borgere med symptomer stadig skal henvende sig til egen l\u00e6ge, for at blive testet. Derudover er vi ogs\u00e5 begyndt med at teste alle patienter, der skal indl\u00e6gges i mere end et d\u00f8gn. Det vil sige, at vi alt i alt skruer gevaldigt op for test i regionen,&#8221; siger Ulla Astman.<\/p>\n<p class=\"v1Brdtekst-PM\">Hun understreger, at alle der har symptomer altid kan blive testet uanset ugedag. Tiltaget i den kommende weekend er et ekstra tilbud til ansatte uden symptomer, som er bekymrede, eller har brug for en afklaring af om de er syge eller ej<\/p>\n<p class=\"v1Brdtekst-PM\">Medarbejdere kan i weekenden blive testet i Aalborg, Hj\u00f8rring eller Thisted.<\/p>\n<p>&nbsp;<\/p>\n<p><strong>Kun i denne weekend<\/strong><\/p>\n<p>Fredag har alt personale i almen praksis desuden f\u00e5et samme tilbud om at f\u00e5 foretaget testning og det skyldes samme \u00e5rsag &#8211; nemlig at udnytte testkapaciteten.<\/p>\n<p class=\"v1Brdtekst-PM\">I f\u00f8rste omgang g\u00e6lder tilbuddet kun denne weekend for de regionsansatte. Det skyldes blandt andet, at de nye retningslinjer om test l\u00e6gger op til, at visse borgere og personale i \u00e6ldre- og sundhedssektoren uden symptomer i h\u00f8jere grad skal testes. Derfor arbejdes der lige nu p\u00e5 at lave en mere endelig model for denne rutinem\u00e6ssige testning.<\/p>\n","protected":false},"excerpt":{"rendered":"<p>MORS: Mange ansatte i Region Nordjylland kan i den kommende weekend f\u00e5 foretaget test for covid-19. Alt hospitalspersonale og ansatte i Specialsektoren samt Den Pr\u00e6hospitale Virksomhed har s\u00e5ledes mulighed for at m\u00f8de op til test, selvom man ikke har symptomer p\u00e5 COVID-19. &#8220;Vi har i den seneste tid arbejdet benh\u00e5rdt p\u00e5 at opbygge testkapacitet, for [&hellip;]<\/p>\n","protected":false},"author":8,"featured_media":18972,"comment_status":"open","ping_status":"open","sticky":false,"template":"","format":"standard","meta":{"_acf_changed":false,"footnotes":""},"categories":[51],"tags":[],"class_list":["post-18970","post","type-post","status-publish","format-standard","has-post-thumbnail","hentry","category-lokalt"],"acf":[],"yoast_head":"<!-- This site is optimized with the Yoast SEO plugin v26.8 - https:\/\/yoast.com\/product\/yoast-seo-wordpress\/ -->\n<title>Regionen \u00e5bner for test af ansatte uden symptomer - Mors<\/title>\n<meta name=\"robots\" content=\"index, follow, max-snippet:-1, max-image-preview:large, max-video-preview:-1\" \/>\n<link rel=\"canonical\" href=\"https:\/\/kunmedierne.dk\/mors\/regionen-aabner-for-test-af-ansatte-uden-symptomer\/\" \/>\n<meta property=\"og:locale\" content=\"da_DK\" \/>\n<meta property=\"og:type\" content=\"article\" \/>\n<meta property=\"og:title\" content=\"Regionen \u00e5bner for test af ansatte uden symptomer - Mors\" \/>\n<meta property=\"og:description\" content=\"MORS: Mange ansatte i Region Nordjylland kan i den kommende weekend f\u00e5 foretaget test for covid-19. Alt hospitalspersonale og ansatte i Specialsektoren samt Den Pr\u00e6hospitale Virksomhed har s\u00e5ledes mulighed for at m\u00f8de op til test, selvom man ikke har symptomer p\u00e5 COVID-19. &#8220;Vi har i den seneste tid arbejdet benh\u00e5rdt p\u00e5 at opbygge testkapacitet, for [&hellip;]\" \/>\n<meta property=\"og:url\" content=\"https:\/\/kunmedierne.dk\/mors\/regionen-aabner-for-test-af-ansatte-uden-symptomer\/\" \/>\n<meta property=\"og:site_name\" content=\"Mors\" \/>\n<meta property=\"article:published_time\" content=\"2020-04-24T10:22:59+00:00\" \/>\n<meta property=\"article:modified_time\" content=\"2024-08-12T12:06:12+00:00\" \/>\n<meta property=\"og:image\" content=\"https:\/\/kunmedierne.dk\/mors\/wp-content\/uploads\/2020\/04\/Corona-test_2-1200px.jpg\" \/>\n\t<meta property=\"og:image:width\" content=\"770\" \/>\n\t<meta property=\"og:image:height\" content=\"513\" \/>\n\t<meta property=\"og:image:type\" content=\"image\/jpeg\" \/>\n<meta name=\"author\" content=\"David H\u00f8jmark\" \/>\n<meta name=\"twitter:card\" content=\"summary_large_image\" \/>\n<meta name=\"twitter:label1\" content=\"Skrevet af\" \/>\n\t<meta name=\"twitter:data1\" content=\"David H\u00f8jmark\" \/>\n\t<meta name=\"twitter:label2\" content=\"Estimeret l\u00e6setid\" \/>\n\t<meta name=\"twitter:data2\" content=\"2 minutter\" \/>\n<script type=\"application\/ld+json\" class=\"yoast-schema-graph\">{\"@context\":\"https:\/\/schema.org\",\"@graph\":[{\"@type\":\"Article\",\"@id\":\"https:\/\/kunmedierne.dk\/mors\/regionen-aabner-for-test-af-ansatte-uden-symptomer\/#article\",\"isPartOf\":{\"@id\":\"https:\/\/kunmedierne.dk\/mors\/regionen-aabner-for-test-af-ansatte-uden-symptomer\/\"},\"author\":{\"name\":\"David H\u00f8jmark\",\"@id\":\"https:\/\/kunmedierne.dk\/mors\/#\/schema\/person\/5fe23251bf1d0abbcdc6f7896579d548\"},\"headline\":\"Regionen \u00e5bner for test af ansatte uden symptomer\",\"datePublished\":\"2020-04-24T10:22:59+00:00\",\"dateModified\":\"2024-08-12T12:06:12+00:00\",\"mainEntityOfPage\":{\"@id\":\"https:\/\/kunmedierne.dk\/mors\/regionen-aabner-for-test-af-ansatte-uden-symptomer\/\"},\"wordCount\":434,\"commentCount\":0,\"publisher\":{\"@id\":\"https:\/\/kunmedierne.dk\/mors\/#organization\"},\"image\":{\"@id\":\"https:\/\/kunmedierne.dk\/mors\/regionen-aabner-for-test-af-ansatte-uden-symptomer\/#primaryimage\"},\"thumbnailUrl\":\"https:\/\/kunmedierne.dk\/mors\/wp-content\/uploads\/2020\/04\/Corona-test_2-1200px.jpg\",\"articleSection\":[\"Lokalt\"],\"inLanguage\":\"da-DK\",\"potentialAction\":[{\"@type\":\"CommentAction\",\"name\":\"Comment\",\"target\":[\"https:\/\/kunmedierne.dk\/mors\/regionen-aabner-for-test-af-ansatte-uden-symptomer\/#respond\"]}]},{\"@type\":\"WebPage\",\"@id\":\"https:\/\/kunmedierne.dk\/mors\/regionen-aabner-for-test-af-ansatte-uden-symptomer\/\",\"url\":\"https:\/\/kunmedierne.dk\/mors\/regionen-aabner-for-test-af-ansatte-uden-symptomer\/\",\"name\":\"Regionen \u00e5bner for test af ansatte uden symptomer - Mors\",\"isPartOf\":{\"@id\":\"https:\/\/kunmedierne.dk\/mors\/#website\"},\"primaryImageOfPage\":{\"@id\":\"https:\/\/kunmedierne.dk\/mors\/regionen-aabner-for-test-af-ansatte-uden-symptomer\/#primaryimage\"},\"image\":{\"@id\":\"https:\/\/kunmedierne.dk\/mors\/regionen-aabner-for-test-af-ansatte-uden-symptomer\/#primaryimage\"},\"thumbnailUrl\":\"https:\/\/kunmedierne.dk\/mors\/wp-content\/uploads\/2020\/04\/Corona-test_2-1200px.jpg\",\"datePublished\":\"2020-04-24T10:22:59+00:00\",\"dateModified\":\"2024-08-12T12:06:12+00:00\",\"breadcrumb\":{\"@id\":\"https:\/\/kunmedierne.dk\/mors\/regionen-aabner-for-test-af-ansatte-uden-symptomer\/#breadcrumb\"},\"inLanguage\":\"da-DK\",\"potentialAction\":[{\"@type\":\"ReadAction\",\"target\":[\"https:\/\/kunmedierne.dk\/mors\/regionen-aabner-for-test-af-ansatte-uden-symptomer\/\"]}]},{\"@type\":\"ImageObject\",\"inLanguage\":\"da-DK\",\"@id\":\"https:\/\/kunmedierne.dk\/mors\/regionen-aabner-for-test-af-ansatte-uden-symptomer\/#primaryimage\",\"url\":\"https:\/\/kunmedierne.dk\/mors\/wp-content\/uploads\/2020\/04\/Corona-test_2-1200px.jpg\",\"contentUrl\":\"https:\/\/kunmedierne.dk\/mors\/wp-content\/uploads\/2020\/04\/Corona-test_2-1200px.jpg\",\"width\":770,\"height\":513,\"caption\":\"Foto: Line Bloch Klostergaard, Region Nordjylland.\"},{\"@type\":\"BreadcrumbList\",\"@id\":\"https:\/\/kunmedierne.dk\/mors\/regionen-aabner-for-test-af-ansatte-uden-symptomer\/#breadcrumb\",\"itemListElement\":[{\"@type\":\"ListItem\",\"position\":1,\"name\":\"Hjem\",\"item\":\"https:\/\/kunmedierne.dk\/mors\/\"},{\"@type\":\"ListItem\",\"position\":2,\"name\":\"Regionen \u00e5bner for test af ansatte uden symptomer\"}]},{\"@type\":\"WebSite\",\"@id\":\"https:\/\/kunmedierne.dk\/mors\/#website\",\"url\":\"https:\/\/kunmedierne.dk\/mors\/\",\"name\":\"Mors\",\"description\":\"et netmedie med journalistik om livet p\u00e5 Mors\",\"publisher\":{\"@id\":\"https:\/\/kunmedierne.dk\/mors\/#organization\"},\"potentialAction\":[{\"@type\":\"SearchAction\",\"target\":{\"@type\":\"EntryPoint\",\"urlTemplate\":\"https:\/\/kunmedierne.dk\/mors\/?s={search_term_string}\"},\"query-input\":{\"@type\":\"PropertyValueSpecification\",\"valueRequired\":true,\"valueName\":\"search_term_string\"}}],\"inLanguage\":\"da-DK\"},{\"@type\":\"Organization\",\"@id\":\"https:\/\/kunmedierne.dk\/mors\/#organization\",\"name\":\"Mors\",\"url\":\"https:\/\/kunmedierne.dk\/mors\/\",\"logo\":{\"@type\":\"ImageObject\",\"inLanguage\":\"da-DK\",\"@id\":\"https:\/\/kunmedierne.dk\/mors\/#\/schema\/logo\/image\/\",\"url\":\"https:\/\/kunmedierne.dk\/mors\/wp-content\/uploads\/2024\/08\/kunmors-logo.svg\",\"contentUrl\":\"https:\/\/kunmedierne.dk\/mors\/wp-content\/uploads\/2024\/08\/kunmors-logo.svg\",\"caption\":\"Mors\"},\"image\":{\"@id\":\"https:\/\/kunmedierne.dk\/mors\/#\/schema\/logo\/image\/\"}},{\"@type\":\"Person\",\"@id\":\"https:\/\/kunmedierne.dk\/mors\/#\/schema\/person\/5fe23251bf1d0abbcdc6f7896579d548\",\"name\":\"David H\u00f8jmark\",\"image\":{\"@type\":\"ImageObject\",\"inLanguage\":\"da-DK\",\"@id\":\"https:\/\/kunmedierne.dk\/mors\/#\/schema\/person\/image\/\",\"url\":\"https:\/\/secure.gravatar.com\/avatar\/4315d6fb9ef244d729989f5f90268eb08d5bf8a3d84402f595fa194bb35784fd?s=96&d=mm&r=g\",\"contentUrl\":\"https:\/\/secure.gravatar.com\/avatar\/4315d6fb9ef244d729989f5f90268eb08d5bf8a3d84402f595fa194bb35784fd?s=96&d=mm&r=g\",\"caption\":\"David H\u00f8jmark\"},\"sameAs\":[\"https:\/\/www.kunmedierne.dk\"],\"url\":\"https:\/\/kunmedierne.dk\/mors\/author\/david\/\"}]}<\/script>\n<!-- \/ Yoast SEO plugin. -->","yoast_head_json":{"title":"Regionen \u00e5bner for test af ansatte uden symptomer - Mors","robots":{"index":"index","follow":"follow","max-snippet":"max-snippet:-1","max-image-preview":"max-image-preview:large","max-video-preview":"max-video-preview:-1"},"canonical":"https:\/\/kunmedierne.dk\/mors\/regionen-aabner-for-test-af-ansatte-uden-symptomer\/","og_locale":"da_DK","og_type":"article","og_title":"Regionen \u00e5bner for test af ansatte uden symptomer - Mors","og_description":"MORS: Mange ansatte i Region Nordjylland kan i den kommende weekend f\u00e5 foretaget test for covid-19. Alt hospitalspersonale og ansatte i Specialsektoren samt Den Pr\u00e6hospitale Virksomhed har s\u00e5ledes mulighed for at m\u00f8de op til test, selvom man ikke har symptomer p\u00e5 COVID-19. &#8220;Vi har i den seneste tid arbejdet benh\u00e5rdt p\u00e5 at opbygge testkapacitet, for [&hellip;]","og_url":"https:\/\/kunmedierne.dk\/mors\/regionen-aabner-for-test-af-ansatte-uden-symptomer\/","og_site_name":"Mors","article_published_time":"2020-04-24T10:22:59+00:00","article_modified_time":"2024-08-12T12:06:12+00:00","og_image":[{"width":770,"height":513,"url":"https:\/\/kunmedierne.dk\/mors\/wp-content\/uploads\/2020\/04\/Corona-test_2-1200px.jpg","type":"image\/jpeg"}],"author":"David H\u00f8jmark","twitter_card":"summary_large_image","twitter_misc":{"Skrevet af":"David H\u00f8jmark","Estimeret l\u00e6setid":"2 minutter"},"schema":{"@context":"https:\/\/schema.org","@graph":[{"@type":"Article","@id":"https:\/\/kunmedierne.dk\/mors\/regionen-aabner-for-test-af-ansatte-uden-symptomer\/#article","isPartOf":{"@id":"https:\/\/kunmedierne.dk\/mors\/regionen-aabner-for-test-af-ansatte-uden-symptomer\/"},"author":{"name":"David H\u00f8jmark","@id":"https:\/\/kunmedierne.dk\/mors\/#\/schema\/person\/5fe23251bf1d0abbcdc6f7896579d548"},"headline":"Regionen \u00e5bner for test af ansatte uden symptomer","datePublished":"2020-04-24T10:22:59+00:00","dateModified":"2024-08-12T12:06:12+00:00","mainEntityOfPage":{"@id":"https:\/\/kunmedierne.dk\/mors\/regionen-aabner-for-test-af-ansatte-uden-symptomer\/"},"wordCount":434,"commentCount":0,"publisher":{"@id":"https:\/\/kunmedierne.dk\/mors\/#organization"},"image":{"@id":"https:\/\/kunmedierne.dk\/mors\/regionen-aabner-for-test-af-ansatte-uden-symptomer\/#primaryimage"},"thumbnailUrl":"https:\/\/kunmedierne.dk\/mors\/wp-content\/uploads\/2020\/04\/Corona-test_2-1200px.jpg","articleSection":["Lokalt"],"inLanguage":"da-DK","potentialAction":[{"@type":"CommentAction","name":"Comment","target":["https:\/\/kunmedierne.dk\/mors\/regionen-aabner-for-test-af-ansatte-uden-symptomer\/#respond"]}]},{"@type":"WebPage","@id":"https:\/\/kunmedierne.dk\/mors\/regionen-aabner-for-test-af-ansatte-uden-symptomer\/","url":"https:\/\/kunmedierne.dk\/mors\/regionen-aabner-for-test-af-ansatte-uden-symptomer\/","name":"Regionen \u00e5bner for test af ansatte uden symptomer - Mors","isPartOf":{"@id":"https:\/\/kunmedierne.dk\/mors\/#website"},"primaryImageOfPage":{"@id":"https:\/\/kunmedierne.dk\/mors\/regionen-aabner-for-test-af-ansatte-uden-symptomer\/#primaryimage"},"image":{"@id":"https:\/\/kunmedierne.dk\/mors\/regionen-aabner-for-test-af-ansatte-uden-symptomer\/#primaryimage"},"thumbnailUrl":"https:\/\/kunmedierne.dk\/mors\/wp-content\/uploads\/2020\/04\/Corona-test_2-1200px.jpg","datePublished":"2020-04-24T10:22:59+00:00","dateModified":"2024-08-12T12:06:12+00:00","breadcrumb":{"@id":"https:\/\/kunmedierne.dk\/mors\/regionen-aabner-for-test-af-ansatte-uden-symptomer\/#breadcrumb"},"inLanguage":"da-DK","potentialAction":[{"@type":"ReadAction","target":["https:\/\/kunmedierne.dk\/mors\/regionen-aabner-for-test-af-ansatte-uden-symptomer\/"]}]},{"@type":"ImageObject","inLanguage":"da-DK","@id":"https:\/\/kunmedierne.dk\/mors\/regionen-aabner-for-test-af-ansatte-uden-symptomer\/#primaryimage","url":"https:\/\/kunmedierne.dk\/mors\/wp-content\/uploads\/2020\/04\/Corona-test_2-1200px.jpg","contentUrl":"https:\/\/kunmedierne.dk\/mors\/wp-content\/uploads\/2020\/04\/Corona-test_2-1200px.jpg","width":770,"height":513,"caption":"Foto: Line Bloch Klostergaard, Region Nordjylland."},{"@type":"BreadcrumbList","@id":"https:\/\/kunmedierne.dk\/mors\/regionen-aabner-for-test-af-ansatte-uden-symptomer\/#breadcrumb","itemListElement":[{"@type":"ListItem","position":1,"name":"Hjem","item":"https:\/\/kunmedierne.dk\/mors\/"},{"@type":"ListItem","position":2,"name":"Regionen \u00e5bner for test af ansatte uden symptomer"}]},{"@type":"WebSite","@id":"https:\/\/kunmedierne.dk\/mors\/#website","url":"https:\/\/kunmedierne.dk\/mors\/","name":"Mors","description":"et netmedie med journalistik om livet p\u00e5 Mors","publisher":{"@id":"https:\/\/kunmedierne.dk\/mors\/#organization"},"potentialAction":[{"@type":"SearchAction","target":{"@type":"EntryPoint","urlTemplate":"https:\/\/kunmedierne.dk\/mors\/?s={search_term_string}"},"query-input":{"@type":"PropertyValueSpecification","valueRequired":true,"valueName":"search_term_string"}}],"inLanguage":"da-DK"},{"@type":"Organization","@id":"https:\/\/kunmedierne.dk\/mors\/#organization","name":"Mors","url":"https:\/\/kunmedierne.dk\/mors\/","logo":{"@type":"ImageObject","inLanguage":"da-DK","@id":"https:\/\/kunmedierne.dk\/mors\/#\/schema\/logo\/image\/","url":"https:\/\/kunmedierne.dk\/mors\/wp-content\/uploads\/2024\/08\/kunmors-logo.svg","contentUrl":"https:\/\/kunmedierne.dk\/mors\/wp-content\/uploads\/2024\/08\/kunmors-logo.svg","caption":"Mors"},"image":{"@id":"https:\/\/kunmedierne.dk\/mors\/#\/schema\/logo\/image\/"}},{"@type":"Person","@id":"https:\/\/kunmedierne.dk\/mors\/#\/schema\/person\/5fe23251bf1d0abbcdc6f7896579d548","name":"David H\u00f8jmark","image":{"@type":"ImageObject","inLanguage":"da-DK","@id":"https:\/\/kunmedierne.dk\/mors\/#\/schema\/person\/image\/","url":"https:\/\/secure.gravatar.com\/avatar\/4315d6fb9ef244d729989f5f90268eb08d5bf8a3d84402f595fa194bb35784fd?s=96&d=mm&r=g","contentUrl":"https:\/\/secure.gravatar.com\/avatar\/4315d6fb9ef244d729989f5f90268eb08d5bf8a3d84402f595fa194bb35784fd?s=96&d=mm&r=g","caption":"David H\u00f8jmark"},"sameAs":["https:\/\/www.kunmedierne.dk"],"url":"https:\/\/kunmedierne.dk\/mors\/author\/david\/"}]}},"_links":{"self":[{"href":"https:\/\/kunmedierne.dk\/mors\/wp-json\/wp\/v2\/posts\/18970","targetHints":{"allow":["GET"]}}],"collection":[{"href":"https:\/\/kunmedierne.dk\/mors\/wp-json\/wp\/v2\/posts"}],"about":[{"href":"https:\/\/kunmedierne.dk\/mors\/wp-json\/wp\/v2\/types\/post"}],"author":[{"embeddable":true,"href":"https:\/\/kunmedierne.dk\/mors\/wp-json\/wp\/v2\/users\/8"}],"replies":[{"embeddable":true,"href":"https:\/\/kunmedierne.dk\/mors\/wp-json\/wp\/v2\/comments?post=18970"}],"version-history":[{"count":1,"href":"https:\/\/kunmedierne.dk\/mors\/wp-json\/wp\/v2\/posts\/18970\/revisions"}],"predecessor-version":[{"id":18971,"href":"https:\/\/kunmedierne.dk\/mors\/wp-json\/wp\/v2\/posts\/18970\/revisions\/18971"}],"wp:featuredmedia":[{"embeddable":true,"href":"https:\/\/kunmedierne.dk\/mors\/wp-json\/wp\/v2\/media\/18972"}],"wp:attachment":[{"href":"https:\/\/kunmedierne.dk\/mors\/wp-json\/wp\/v2\/media?parent=18970"}],"wp:term":[{"taxonomy":"category","embeddable":true,"href":"https:\/\/kunmedierne.dk\/mors\/wp-json\/wp\/v2\/categories?post=18970"},{"taxonomy":"post_tag","embeddable":true,"href":"https:\/\/kunmedierne.dk\/mors\/wp-json\/wp\/v2\/tags?post=18970"}],"curies":[{"name":"wp","href":"https:\/\/api.w.org\/{rel}","templated":true}]}}