{"id":18923,"date":"2020-04-24T06:00:34","date_gmt":"2020-04-24T04:00:34","guid":{"rendered":"https:\/\/kunmedierne.dk\/mors\/?p=18923"},"modified":"2024-08-12T14:06:12","modified_gmt":"2024-08-12T12:06:12","slug":"komite-til-minister-fremryk-udvidelsen-af-rute-26-og-rute-34","status":"publish","type":"post","link":"https:\/\/kunmedierne.dk\/mors\/komite-til-minister-fremryk-udvidelsen-af-rute-26-og-rute-34\/","title":{"rendered":"Komit\u00e9 til minister: Fremryk udvidelsen af Rute 26 og Rute 34"},"content":{"rendered":"<p><strong>MORS<\/strong>:\u00a0<b><\/b><b><\/b>Danmarks virksomheder skal have hj\u00e6lp til at f\u00e5 gang i v\u00e6ksten igen, n\u00e5r vi engang er ude p\u00e5 anden side af coronakrisen, og Komit\u00e9en for udvidelse af Rute 26 og Rute 34 har et forslag til, hvordan man fra regeringens side kan gavne det lokale erhvervsliv b\u00e5de p\u00e5 kort og langt sigt. I et brev til transportminister Benny Engelbrecht opfordres regeringen til at fremrykke udbygningen af Rute 26 og Rute 34 fra Hanstholm til Herning:<\/p>\n<p>&#8220;En fremrykning af de statslige investeringer i den tiltr\u00e6ngte udbygning af Rute 26 og Rute 34 fra Hanstholm til Herning vil f\u00e5 dobbelt effekt: Dels vil anl\u00e6gsarbejderne gavne besk\u00e6ftigelsen og s\u00e6tte gang i hjulene oven p\u00e5 Corona-krisen. Og dels vil omr\u00e5dets erhvervsliv inden for en overskuelig tidsramme f\u00e5 en tidssvarende infrastruktur, som er en helt afg\u00f8rende foruds\u00e6tning for fortsat v\u00e6kst&#8221;, hedder det i brevet fra komit\u00e9en, som er dannet i et samarbejde mellem Thisted, Mors\u00f8, Skive og Herning kommuner.<\/p>\n<p>Komit\u00e9en begrunder yderligere sit forslag med argumentet om, at det vil v\u00e6re oplagt at tage fat p\u00e5 de &#8211; i denne sammenh\u00e6ng &#8211; mindre og veldefinerede infrastruktur-projekter, der ikke forudses at kr\u00e6ve langvarige politiske forhandlinger.<\/p>\n<p>&#8220;Vi appellerer derfor til, at staten fremmer den l\u00e6nge \u00f8nskede udbygning af Rute 26 og Rute 34 fra Hanstholm til Herning. En str\u00e6kning, der udg\u00f8r en veritabel livsnerve for landsdelens virksomheder og for en befolkning, der ikke i n\u00e6r samme grad som borgere andre egne af landet kan benytte kollektiv trafik til og fra arbejde. Vi er dybt afh\u00e6ngige af vejtransport, b\u00e5de n\u00e5r varerne fra omr\u00e5dets mange succesrige produktionsvirksomheder skal ud p\u00e5 det danske og de internationale markeder og n\u00e5r virksomhedernes ansatte skal pendle til og fra arbejde&#8221;, hedder det i henvendelsen til transportministeren.<\/p>\n<p>Endelig p\u00e5peger komit\u00e9en den f\u00e6lles forpligtelse til at f\u00e5 sat gang i \u00f8konomien:<\/p>\n<p>&#8220;Regeringen har fjernet anl\u00e6gsloftet for kommuner og regioner, og kommunerne samler nu alle \u00f8konomiske kr\u00e6fter om at give det lokale erhvervsliv en hj\u00e6lpende h\u00e5nd, s\u00e5 samfundet \u00f8konomisk kan rettes op, n\u00e5r den aktuelle krise klinger af. Vi beder om, at staten foretager et tilsvarende tr\u00e6k og fremmer de statslige investeringer i infrastruktur for at gavne besk\u00e6ftigelsen p\u00e5 kort sigt og v\u00e6ksten her i omr\u00e5det p\u00e5 l\u00e6ngere sigt.&#8221;<\/p>\n","protected":false},"excerpt":{"rendered":"<p>MORS:\u00a0Danmarks virksomheder skal have hj\u00e6lp til at f\u00e5 gang i v\u00e6ksten igen, n\u00e5r vi engang er ude p\u00e5 anden side af coronakrisen, og Komit\u00e9en for udvidelse af Rute 26 og Rute 34 har et forslag til, hvordan man fra regeringens side kan gavne det lokale erhvervsliv b\u00e5de p\u00e5 kort og langt sigt. I et brev [&hellip;]<\/p>\n","protected":false},"author":8,"featured_media":2778,"comment_status":"open","ping_status":"open","sticky":false,"template":"","format":"standard","meta":{"_acf_changed":false,"footnotes":""},"categories":[51],"tags":[159,167],"class_list":["post-18923","post","type-post","status-publish","format-standard","has-post-thumbnail","hentry","category-lokalt","tag-erhverv","tag-politik"],"acf":[],"yoast_head":"<!-- This site is optimized with the Yoast SEO plugin v26.8 - https:\/\/yoast.com\/product\/yoast-seo-wordpress\/ -->\n<title>Komit\u00e9 til minister: Fremryk udvidelsen af Rute 26 og Rute 34 - Mors<\/title>\n<meta name=\"robots\" content=\"index, follow, max-snippet:-1, max-image-preview:large, max-video-preview:-1\" \/>\n<link rel=\"canonical\" href=\"https:\/\/kunmedierne.dk\/mors\/komite-til-minister-fremryk-udvidelsen-af-rute-26-og-rute-34\/\" \/>\n<meta property=\"og:locale\" content=\"da_DK\" \/>\n<meta property=\"og:type\" content=\"article\" \/>\n<meta property=\"og:title\" content=\"Komit\u00e9 til minister: Fremryk udvidelsen af Rute 26 og Rute 34 - Mors\" \/>\n<meta property=\"og:description\" content=\"MORS:\u00a0Danmarks virksomheder skal have hj\u00e6lp til at f\u00e5 gang i v\u00e6ksten igen, n\u00e5r vi engang er ude p\u00e5 anden side af coronakrisen, og Komit\u00e9en for udvidelse af Rute 26 og Rute 34 har et forslag til, hvordan man fra regeringens side kan gavne det lokale erhvervsliv b\u00e5de p\u00e5 kort og langt sigt. I et brev [&hellip;]\" \/>\n<meta property=\"og:url\" content=\"https:\/\/kunmedierne.dk\/mors\/komite-til-minister-fremryk-udvidelsen-af-rute-26-og-rute-34\/\" \/>\n<meta property=\"og:site_name\" content=\"Mors\" \/>\n<meta property=\"article:published_time\" content=\"2020-04-24T04:00:34+00:00\" \/>\n<meta property=\"article:modified_time\" content=\"2024-08-12T12:06:12+00:00\" \/>\n<meta property=\"og:image\" content=\"https:\/\/kunmedierne.dk\/mors\/wp-content\/uploads\/2020\/01\/200106-henny-hansen-sallingsundbroen.jpg\" \/>\n\t<meta property=\"og:image:width\" content=\"770\" \/>\n\t<meta property=\"og:image:height\" content=\"503\" \/>\n\t<meta property=\"og:image:type\" content=\"image\/jpeg\" \/>\n<meta name=\"author\" content=\"David H\u00f8jmark\" \/>\n<meta name=\"twitter:card\" content=\"summary_large_image\" \/>\n<meta name=\"twitter:label1\" content=\"Skrevet af\" \/>\n\t<meta name=\"twitter:data1\" content=\"David H\u00f8jmark\" \/>\n\t<meta name=\"twitter:label2\" content=\"Estimeret l\u00e6setid\" \/>\n\t<meta name=\"twitter:data2\" content=\"2 minutter\" \/>\n<script type=\"application\/ld+json\" class=\"yoast-schema-graph\">{\"@context\":\"https:\/\/schema.org\",\"@graph\":[{\"@type\":\"Article\",\"@id\":\"https:\/\/kunmedierne.dk\/mors\/komite-til-minister-fremryk-udvidelsen-af-rute-26-og-rute-34\/#article\",\"isPartOf\":{\"@id\":\"https:\/\/kunmedierne.dk\/mors\/komite-til-minister-fremryk-udvidelsen-af-rute-26-og-rute-34\/\"},\"author\":{\"name\":\"David H\u00f8jmark\",\"@id\":\"https:\/\/kunmedierne.dk\/mors\/#\/schema\/person\/5fe23251bf1d0abbcdc6f7896579d548\"},\"headline\":\"Komit\u00e9 til minister: Fremryk udvidelsen af Rute 26 og Rute 34\",\"datePublished\":\"2020-04-24T04:00:34+00:00\",\"dateModified\":\"2024-08-12T12:06:12+00:00\",\"mainEntityOfPage\":{\"@id\":\"https:\/\/kunmedierne.dk\/mors\/komite-til-minister-fremryk-udvidelsen-af-rute-26-og-rute-34\/\"},\"wordCount\":405,\"commentCount\":0,\"publisher\":{\"@id\":\"https:\/\/kunmedierne.dk\/mors\/#organization\"},\"image\":{\"@id\":\"https:\/\/kunmedierne.dk\/mors\/komite-til-minister-fremryk-udvidelsen-af-rute-26-og-rute-34\/#primaryimage\"},\"thumbnailUrl\":\"https:\/\/kunmedierne.dk\/mors\/wp-content\/uploads\/2020\/01\/200106-henny-hansen-sallingsundbroen.jpg\",\"keywords\":[\"Erhverv\",\"Politik\"],\"articleSection\":[\"Lokalt\"],\"inLanguage\":\"da-DK\",\"potentialAction\":[{\"@type\":\"CommentAction\",\"name\":\"Comment\",\"target\":[\"https:\/\/kunmedierne.dk\/mors\/komite-til-minister-fremryk-udvidelsen-af-rute-26-og-rute-34\/#respond\"]}]},{\"@type\":\"WebPage\",\"@id\":\"https:\/\/kunmedierne.dk\/mors\/komite-til-minister-fremryk-udvidelsen-af-rute-26-og-rute-34\/\",\"url\":\"https:\/\/kunmedierne.dk\/mors\/komite-til-minister-fremryk-udvidelsen-af-rute-26-og-rute-34\/\",\"name\":\"Komit\u00e9 til minister: Fremryk udvidelsen af Rute 26 og Rute 34 - Mors\",\"isPartOf\":{\"@id\":\"https:\/\/kunmedierne.dk\/mors\/#website\"},\"primaryImageOfPage\":{\"@id\":\"https:\/\/kunmedierne.dk\/mors\/komite-til-minister-fremryk-udvidelsen-af-rute-26-og-rute-34\/#primaryimage\"},\"image\":{\"@id\":\"https:\/\/kunmedierne.dk\/mors\/komite-til-minister-fremryk-udvidelsen-af-rute-26-og-rute-34\/#primaryimage\"},\"thumbnailUrl\":\"https:\/\/kunmedierne.dk\/mors\/wp-content\/uploads\/2020\/01\/200106-henny-hansen-sallingsundbroen.jpg\",\"datePublished\":\"2020-04-24T04:00:34+00:00\",\"dateModified\":\"2024-08-12T12:06:12+00:00\",\"breadcrumb\":{\"@id\":\"https:\/\/kunmedierne.dk\/mors\/komite-til-minister-fremryk-udvidelsen-af-rute-26-og-rute-34\/#breadcrumb\"},\"inLanguage\":\"da-DK\",\"potentialAction\":[{\"@type\":\"ReadAction\",\"target\":[\"https:\/\/kunmedierne.dk\/mors\/komite-til-minister-fremryk-udvidelsen-af-rute-26-og-rute-34\/\"]}]},{\"@type\":\"ImageObject\",\"inLanguage\":\"da-DK\",\"@id\":\"https:\/\/kunmedierne.dk\/mors\/komite-til-minister-fremryk-udvidelsen-af-rute-26-og-rute-34\/#primaryimage\",\"url\":\"https:\/\/kunmedierne.dk\/mors\/wp-content\/uploads\/2020\/01\/200106-henny-hansen-sallingsundbroen.jpg\",\"contentUrl\":\"https:\/\/kunmedierne.dk\/mors\/wp-content\/uploads\/2020\/01\/200106-henny-hansen-sallingsundbroen.jpg\",\"width\":770,\"height\":503,\"caption\":\"Sallingsundbroen. Foto: Henny Hansen\"},{\"@type\":\"BreadcrumbList\",\"@id\":\"https:\/\/kunmedierne.dk\/mors\/komite-til-minister-fremryk-udvidelsen-af-rute-26-og-rute-34\/#breadcrumb\",\"itemListElement\":[{\"@type\":\"ListItem\",\"position\":1,\"name\":\"Hjem\",\"item\":\"https:\/\/kunmedierne.dk\/mors\/\"},{\"@type\":\"ListItem\",\"position\":2,\"name\":\"Komit\u00e9 til minister: Fremryk udvidelsen af Rute 26 og Rute 34\"}]},{\"@type\":\"WebSite\",\"@id\":\"https:\/\/kunmedierne.dk\/mors\/#website\",\"url\":\"https:\/\/kunmedierne.dk\/mors\/\",\"name\":\"Mors\",\"description\":\"et netmedie med journalistik om livet p\u00e5 Mors\",\"publisher\":{\"@id\":\"https:\/\/kunmedierne.dk\/mors\/#organization\"},\"potentialAction\":[{\"@type\":\"SearchAction\",\"target\":{\"@type\":\"EntryPoint\",\"urlTemplate\":\"https:\/\/kunmedierne.dk\/mors\/?s={search_term_string}\"},\"query-input\":{\"@type\":\"PropertyValueSpecification\",\"valueRequired\":true,\"valueName\":\"search_term_string\"}}],\"inLanguage\":\"da-DK\"},{\"@type\":\"Organization\",\"@id\":\"https:\/\/kunmedierne.dk\/mors\/#organization\",\"name\":\"Mors\",\"url\":\"https:\/\/kunmedierne.dk\/mors\/\",\"logo\":{\"@type\":\"ImageObject\",\"inLanguage\":\"da-DK\",\"@id\":\"https:\/\/kunmedierne.dk\/mors\/#\/schema\/logo\/image\/\",\"url\":\"https:\/\/kunmedierne.dk\/mors\/wp-content\/uploads\/2024\/08\/kunmors-logo.svg\",\"contentUrl\":\"https:\/\/kunmedierne.dk\/mors\/wp-content\/uploads\/2024\/08\/kunmors-logo.svg\",\"caption\":\"Mors\"},\"image\":{\"@id\":\"https:\/\/kunmedierne.dk\/mors\/#\/schema\/logo\/image\/\"}},{\"@type\":\"Person\",\"@id\":\"https:\/\/kunmedierne.dk\/mors\/#\/schema\/person\/5fe23251bf1d0abbcdc6f7896579d548\",\"name\":\"David H\u00f8jmark\",\"image\":{\"@type\":\"ImageObject\",\"inLanguage\":\"da-DK\",\"@id\":\"https:\/\/kunmedierne.dk\/mors\/#\/schema\/person\/image\/\",\"url\":\"https:\/\/secure.gravatar.com\/avatar\/4315d6fb9ef244d729989f5f90268eb08d5bf8a3d84402f595fa194bb35784fd?s=96&d=mm&r=g\",\"contentUrl\":\"https:\/\/secure.gravatar.com\/avatar\/4315d6fb9ef244d729989f5f90268eb08d5bf8a3d84402f595fa194bb35784fd?s=96&d=mm&r=g\",\"caption\":\"David H\u00f8jmark\"},\"sameAs\":[\"https:\/\/www.kunmedierne.dk\"],\"url\":\"https:\/\/kunmedierne.dk\/mors\/author\/david\/\"}]}<\/script>\n<!-- \/ Yoast SEO plugin. -->","yoast_head_json":{"title":"Komit\u00e9 til minister: Fremryk udvidelsen af Rute 26 og Rute 34 - Mors","robots":{"index":"index","follow":"follow","max-snippet":"max-snippet:-1","max-image-preview":"max-image-preview:large","max-video-preview":"max-video-preview:-1"},"canonical":"https:\/\/kunmedierne.dk\/mors\/komite-til-minister-fremryk-udvidelsen-af-rute-26-og-rute-34\/","og_locale":"da_DK","og_type":"article","og_title":"Komit\u00e9 til minister: Fremryk udvidelsen af Rute 26 og Rute 34 - Mors","og_description":"MORS:\u00a0Danmarks virksomheder skal have hj\u00e6lp til at f\u00e5 gang i v\u00e6ksten igen, n\u00e5r vi engang er ude p\u00e5 anden side af coronakrisen, og Komit\u00e9en for udvidelse af Rute 26 og Rute 34 har et forslag til, hvordan man fra regeringens side kan gavne det lokale erhvervsliv b\u00e5de p\u00e5 kort og langt sigt. I et brev [&hellip;]","og_url":"https:\/\/kunmedierne.dk\/mors\/komite-til-minister-fremryk-udvidelsen-af-rute-26-og-rute-34\/","og_site_name":"Mors","article_published_time":"2020-04-24T04:00:34+00:00","article_modified_time":"2024-08-12T12:06:12+00:00","og_image":[{"width":770,"height":503,"url":"https:\/\/kunmedierne.dk\/mors\/wp-content\/uploads\/2020\/01\/200106-henny-hansen-sallingsundbroen.jpg","type":"image\/jpeg"}],"author":"David H\u00f8jmark","twitter_card":"summary_large_image","twitter_misc":{"Skrevet af":"David H\u00f8jmark","Estimeret l\u00e6setid":"2 minutter"},"schema":{"@context":"https:\/\/schema.org","@graph":[{"@type":"Article","@id":"https:\/\/kunmedierne.dk\/mors\/komite-til-minister-fremryk-udvidelsen-af-rute-26-og-rute-34\/#article","isPartOf":{"@id":"https:\/\/kunmedierne.dk\/mors\/komite-til-minister-fremryk-udvidelsen-af-rute-26-og-rute-34\/"},"author":{"name":"David H\u00f8jmark","@id":"https:\/\/kunmedierne.dk\/mors\/#\/schema\/person\/5fe23251bf1d0abbcdc6f7896579d548"},"headline":"Komit\u00e9 til minister: Fremryk udvidelsen af Rute 26 og Rute 34","datePublished":"2020-04-24T04:00:34+00:00","dateModified":"2024-08-12T12:06:12+00:00","mainEntityOfPage":{"@id":"https:\/\/kunmedierne.dk\/mors\/komite-til-minister-fremryk-udvidelsen-af-rute-26-og-rute-34\/"},"wordCount":405,"commentCount":0,"publisher":{"@id":"https:\/\/kunmedierne.dk\/mors\/#organization"},"image":{"@id":"https:\/\/kunmedierne.dk\/mors\/komite-til-minister-fremryk-udvidelsen-af-rute-26-og-rute-34\/#primaryimage"},"thumbnailUrl":"https:\/\/kunmedierne.dk\/mors\/wp-content\/uploads\/2020\/01\/200106-henny-hansen-sallingsundbroen.jpg","keywords":["Erhverv","Politik"],"articleSection":["Lokalt"],"inLanguage":"da-DK","potentialAction":[{"@type":"CommentAction","name":"Comment","target":["https:\/\/kunmedierne.dk\/mors\/komite-til-minister-fremryk-udvidelsen-af-rute-26-og-rute-34\/#respond"]}]},{"@type":"WebPage","@id":"https:\/\/kunmedierne.dk\/mors\/komite-til-minister-fremryk-udvidelsen-af-rute-26-og-rute-34\/","url":"https:\/\/kunmedierne.dk\/mors\/komite-til-minister-fremryk-udvidelsen-af-rute-26-og-rute-34\/","name":"Komit\u00e9 til minister: Fremryk udvidelsen af Rute 26 og Rute 34 - Mors","isPartOf":{"@id":"https:\/\/kunmedierne.dk\/mors\/#website"},"primaryImageOfPage":{"@id":"https:\/\/kunmedierne.dk\/mors\/komite-til-minister-fremryk-udvidelsen-af-rute-26-og-rute-34\/#primaryimage"},"image":{"@id":"https:\/\/kunmedierne.dk\/mors\/komite-til-minister-fremryk-udvidelsen-af-rute-26-og-rute-34\/#primaryimage"},"thumbnailUrl":"https:\/\/kunmedierne.dk\/mors\/wp-content\/uploads\/2020\/01\/200106-henny-hansen-sallingsundbroen.jpg","datePublished":"2020-04-24T04:00:34+00:00","dateModified":"2024-08-12T12:06:12+00:00","breadcrumb":{"@id":"https:\/\/kunmedierne.dk\/mors\/komite-til-minister-fremryk-udvidelsen-af-rute-26-og-rute-34\/#breadcrumb"},"inLanguage":"da-DK","potentialAction":[{"@type":"ReadAction","target":["https:\/\/kunmedierne.dk\/mors\/komite-til-minister-fremryk-udvidelsen-af-rute-26-og-rute-34\/"]}]},{"@type":"ImageObject","inLanguage":"da-DK","@id":"https:\/\/kunmedierne.dk\/mors\/komite-til-minister-fremryk-udvidelsen-af-rute-26-og-rute-34\/#primaryimage","url":"https:\/\/kunmedierne.dk\/mors\/wp-content\/uploads\/2020\/01\/200106-henny-hansen-sallingsundbroen.jpg","contentUrl":"https:\/\/kunmedierne.dk\/mors\/wp-content\/uploads\/2020\/01\/200106-henny-hansen-sallingsundbroen.jpg","width":770,"height":503,"caption":"Sallingsundbroen. Foto: Henny Hansen"},{"@type":"BreadcrumbList","@id":"https:\/\/kunmedierne.dk\/mors\/komite-til-minister-fremryk-udvidelsen-af-rute-26-og-rute-34\/#breadcrumb","itemListElement":[{"@type":"ListItem","position":1,"name":"Hjem","item":"https:\/\/kunmedierne.dk\/mors\/"},{"@type":"ListItem","position":2,"name":"Komit\u00e9 til minister: Fremryk udvidelsen af Rute 26 og Rute 34"}]},{"@type":"WebSite","@id":"https:\/\/kunmedierne.dk\/mors\/#website","url":"https:\/\/kunmedierne.dk\/mors\/","name":"Mors","description":"et netmedie med journalistik om livet p\u00e5 Mors","publisher":{"@id":"https:\/\/kunmedierne.dk\/mors\/#organization"},"potentialAction":[{"@type":"SearchAction","target":{"@type":"EntryPoint","urlTemplate":"https:\/\/kunmedierne.dk\/mors\/?s={search_term_string}"},"query-input":{"@type":"PropertyValueSpecification","valueRequired":true,"valueName":"search_term_string"}}],"inLanguage":"da-DK"},{"@type":"Organization","@id":"https:\/\/kunmedierne.dk\/mors\/#organization","name":"Mors","url":"https:\/\/kunmedierne.dk\/mors\/","logo":{"@type":"ImageObject","inLanguage":"da-DK","@id":"https:\/\/kunmedierne.dk\/mors\/#\/schema\/logo\/image\/","url":"https:\/\/kunmedierne.dk\/mors\/wp-content\/uploads\/2024\/08\/kunmors-logo.svg","contentUrl":"https:\/\/kunmedierne.dk\/mors\/wp-content\/uploads\/2024\/08\/kunmors-logo.svg","caption":"Mors"},"image":{"@id":"https:\/\/kunmedierne.dk\/mors\/#\/schema\/logo\/image\/"}},{"@type":"Person","@id":"https:\/\/kunmedierne.dk\/mors\/#\/schema\/person\/5fe23251bf1d0abbcdc6f7896579d548","name":"David H\u00f8jmark","image":{"@type":"ImageObject","inLanguage":"da-DK","@id":"https:\/\/kunmedierne.dk\/mors\/#\/schema\/person\/image\/","url":"https:\/\/secure.gravatar.com\/avatar\/4315d6fb9ef244d729989f5f90268eb08d5bf8a3d84402f595fa194bb35784fd?s=96&d=mm&r=g","contentUrl":"https:\/\/secure.gravatar.com\/avatar\/4315d6fb9ef244d729989f5f90268eb08d5bf8a3d84402f595fa194bb35784fd?s=96&d=mm&r=g","caption":"David H\u00f8jmark"},"sameAs":["https:\/\/www.kunmedierne.dk"],"url":"https:\/\/kunmedierne.dk\/mors\/author\/david\/"}]}},"_links":{"self":[{"href":"https:\/\/kunmedierne.dk\/mors\/wp-json\/wp\/v2\/posts\/18923","targetHints":{"allow":["GET"]}}],"collection":[{"href":"https:\/\/kunmedierne.dk\/mors\/wp-json\/wp\/v2\/posts"}],"about":[{"href":"https:\/\/kunmedierne.dk\/mors\/wp-json\/wp\/v2\/types\/post"}],"author":[{"embeddable":true,"href":"https:\/\/kunmedierne.dk\/mors\/wp-json\/wp\/v2\/users\/8"}],"replies":[{"embeddable":true,"href":"https:\/\/kunmedierne.dk\/mors\/wp-json\/wp\/v2\/comments?post=18923"}],"version-history":[{"count":1,"href":"https:\/\/kunmedierne.dk\/mors\/wp-json\/wp\/v2\/posts\/18923\/revisions"}],"predecessor-version":[{"id":18924,"href":"https:\/\/kunmedierne.dk\/mors\/wp-json\/wp\/v2\/posts\/18923\/revisions\/18924"}],"wp:featuredmedia":[{"embeddable":true,"href":"https:\/\/kunmedierne.dk\/mors\/wp-json\/wp\/v2\/media\/2778"}],"wp:attachment":[{"href":"https:\/\/kunmedierne.dk\/mors\/wp-json\/wp\/v2\/media?parent=18923"}],"wp:term":[{"taxonomy":"category","embeddable":true,"href":"https:\/\/kunmedierne.dk\/mors\/wp-json\/wp\/v2\/categories?post=18923"},{"taxonomy":"post_tag","embeddable":true,"href":"https:\/\/kunmedierne.dk\/mors\/wp-json\/wp\/v2\/tags?post=18923"}],"curies":[{"name":"wp","href":"https:\/\/api.w.org\/{rel}","templated":true}]}}