{"id":18753,"date":"2020-04-23T11:04:32","date_gmt":"2020-04-23T09:04:32","guid":{"rendered":"https:\/\/kunmedierne.dk\/mors\/?p=18753"},"modified":"2024-08-12T14:06:12","modified_gmt":"2024-08-12T12:06:12","slug":"lauge-larsen-en-absurd-opdeling","status":"publish","type":"post","link":"https:\/\/kunmedierne.dk\/mors\/lauge-larsen-en-absurd-opdeling\/","title":{"rendered":"&#8211; En absurd opdeling"},"content":{"rendered":"<p><em>Debatindl\u00e6g af Lauge Larsen (S), Refshammervej 32, Nyk\u00f8bing, medlem af regionsr\u00e5det for Nordjylland:\u00a0<\/em><\/p>\n<p><strong>MORS\/THY<\/strong>: Specielt her i coronatiden virker den geografiske opdeling p\u00e5 Mors og i Thy af lokalradio- og fjernsyn helt absurd.<\/p>\n<p>I forbindelse med de gamle amter skulle Radio Midt &amp; Vest og TV Midtvest d\u00e6kke Viborg Amt og Ringk\u00f8bing Amt.<\/p>\n<p>Det gav god mening, og de to medier har fungeret godt og professionelt.<\/p>\n<p>Men det gik galt i forbindelse med den sidste kommunalreform. Her blev Thy og Mors en del af Region Nordjylland, men af uransagelige grunde holdt man fast ved den gamle opdeling af lokalmedierne.<\/p>\n<p>Denne opdeling har udviklet sig til en besynderlig aff\u00e6re, der blandt andet har den konsekvens, at thyboer og morsingboer slet ikke f\u00f8ler sig som nordjyder. En nylig unders\u00f8gelse viste, at kun 23 procent af morsingboerne opfatter sig som nordjyder. Men det er forst\u00e5eligt, at det er s\u00e5dan. De to store regionale kanaler, der d\u00e6kker omr\u00e5det er fyldt med stof om forholdene i region Midtjylland.<\/p>\n<p>Men det er da tosset. Vi har for s\u00e5 vidt ingen interesse i sygehusene i dette omr\u00e5de. For os er det sygehusene i Thisted, Aalborg, Hj\u00f8rring, Br\u00f8nderslev, Fars\u00f8 og Frederikshavn, der har betydning.<\/p>\n<p>Det er ikke sygehusene i Aarhus, Silkeborg, Herning, Holstebro, Randers og Viborg, der interesserer os, vi kommer der nemlig kun undtagelsesvis.<\/p>\n<p>Den samme absurditet kan siges at g\u00e6lde p\u00e5 regionens \u00f8vrige ansvarsomr\u00e5der. Her kan blandt andet n\u00e6vnes: praktiserende l\u00e6ger, speciall\u00e6ger, specialsektoren med mange institutioner, regional udvikling, r\u00e5stofforvaltning&#8230;<\/p>\n<p>Der er p\u00e5 alle disse omr\u00e5der et stort demokratisk underskud p\u00e5 Mors og i Thy.<\/p>\n<p>Et er, at man b\u00f8ffede i det, da man opdelte regionerne rent mediem\u00e6ssigt, noget andet er, at man ikke f\u00e5r bragt forholdene i orden efterf\u00f8lgende. Min p\u00e5stand er, at man i TV2 ikke er interesseret i at \u00e6ndre p\u00e5 grund af de h\u00f8je seertal hos TV Midtvest i vores omr\u00e5de. Det handler ganske enkelt om annoncekroner. Men det er ikke i orden. Man m\u00e5 ikke v\u00e6re s\u00e5 gr\u00e5dig, at det overskygger alt andet. For radioens vedkommende er det ren politisk sl\u00f8vhed. Her er der da ingen penge i klemme.<\/p>\n<p>S\u00e5 k\u00e6re landspolitikere: se nu at f\u00e5 l\u00f8st dette problem.<\/p>\n<p>Hvor sv\u00e6rt kan det v\u00e6re?!<\/p>\n<hr \/>\n<p><em>Har du et bidrag til den lokale debat? Send det til os p\u00e5 e-mail: debat@kunmedierne.dk\/mors. Husk at l\u00e6se korrektur inden afsendelse p\u00e5 indl\u00e6gget.<\/em><\/p>\n","protected":false},"excerpt":{"rendered":"<p>Debatindl\u00e6g af Lauge Larsen (S), Refshammervej 32, Nyk\u00f8bing, medlem af regionsr\u00e5det for Nordjylland:\u00a0 MORS\/THY: Specielt her i coronatiden virker den geografiske opdeling p\u00e5 Mors og i Thy af lokalradio- og fjernsyn helt absurd. I forbindelse med de gamle amter skulle Radio Midt &amp; Vest og TV Midtvest d\u00e6kke Viborg Amt og Ringk\u00f8bing Amt. Det gav [&hellip;]<\/p>\n","protected":false},"author":11,"featured_media":18765,"comment_status":"open","ping_status":"open","sticky":false,"template":"","format":"standard","meta":{"_acf_changed":false,"footnotes":""},"categories":[56],"tags":[167],"class_list":["post-18753","post","type-post","status-publish","format-standard","has-post-thumbnail","hentry","category-debat","tag-politik"],"acf":[],"yoast_head":"<!-- This site is optimized with the Yoast SEO plugin v26.8 - https:\/\/yoast.com\/product\/yoast-seo-wordpress\/ -->\n<title>- En absurd opdeling - Mors<\/title>\n<meta name=\"robots\" content=\"index, follow, max-snippet:-1, max-image-preview:large, max-video-preview:-1\" \/>\n<link rel=\"canonical\" href=\"https:\/\/kunmedierne.dk\/mors\/lauge-larsen-en-absurd-opdeling\/\" \/>\n<meta property=\"og:locale\" content=\"da_DK\" \/>\n<meta property=\"og:type\" content=\"article\" \/>\n<meta property=\"og:title\" content=\"- En absurd opdeling - Mors\" \/>\n<meta property=\"og:description\" content=\"Debatindl\u00e6g af Lauge Larsen (S), Refshammervej 32, Nyk\u00f8bing, medlem af regionsr\u00e5det for Nordjylland:\u00a0 MORS\/THY: Specielt her i coronatiden virker den geografiske opdeling p\u00e5 Mors og i Thy af lokalradio- og fjernsyn helt absurd. I forbindelse med de gamle amter skulle Radio Midt &amp; Vest og TV Midtvest d\u00e6kke Viborg Amt og Ringk\u00f8bing Amt. Det gav [&hellip;]\" \/>\n<meta property=\"og:url\" content=\"https:\/\/kunmedierne.dk\/mors\/lauge-larsen-en-absurd-opdeling\/\" \/>\n<meta property=\"og:site_name\" content=\"Mors\" \/>\n<meta property=\"article:published_time\" content=\"2020-04-23T09:04:32+00:00\" \/>\n<meta property=\"article:modified_time\" content=\"2024-08-12T12:06:12+00:00\" \/>\n<meta property=\"og:image\" content=\"https:\/\/kunmedierne.dk\/mors\/wp-content\/uploads\/2020\/04\/0-debat-lauge-larsen-region.jpg\" \/>\n\t<meta property=\"og:image:width\" content=\"770\" \/>\n\t<meta property=\"og:image:height\" content=\"513\" \/>\n\t<meta property=\"og:image:type\" content=\"image\/jpeg\" \/>\n<meta name=\"author\" content=\"Debat\" \/>\n<meta name=\"twitter:card\" content=\"summary_large_image\" \/>\n<meta name=\"twitter:label1\" content=\"Skrevet af\" \/>\n\t<meta name=\"twitter:data1\" content=\"Debat\" \/>\n\t<meta name=\"twitter:label2\" content=\"Estimeret l\u00e6setid\" \/>\n\t<meta name=\"twitter:data2\" content=\"2 minutter\" \/>\n<script type=\"application\/ld+json\" class=\"yoast-schema-graph\">{\"@context\":\"https:\/\/schema.org\",\"@graph\":[{\"@type\":\"Article\",\"@id\":\"https:\/\/kunmedierne.dk\/mors\/lauge-larsen-en-absurd-opdeling\/#article\",\"isPartOf\":{\"@id\":\"https:\/\/kunmedierne.dk\/mors\/lauge-larsen-en-absurd-opdeling\/\"},\"author\":{\"name\":\"Debat\",\"@id\":\"https:\/\/kunmedierne.dk\/mors\/#\/schema\/person\/84c1391bce0b43b9bb3a49736bc0ad78\"},\"headline\":\"&#8211; En absurd opdeling\",\"datePublished\":\"2020-04-23T09:04:32+00:00\",\"dateModified\":\"2024-08-12T12:06:12+00:00\",\"mainEntityOfPage\":{\"@id\":\"https:\/\/kunmedierne.dk\/mors\/lauge-larsen-en-absurd-opdeling\/\"},\"wordCount\":428,\"commentCount\":0,\"publisher\":{\"@id\":\"https:\/\/kunmedierne.dk\/mors\/#organization\"},\"image\":{\"@id\":\"https:\/\/kunmedierne.dk\/mors\/lauge-larsen-en-absurd-opdeling\/#primaryimage\"},\"thumbnailUrl\":\"https:\/\/kunmedierne.dk\/mors\/wp-content\/uploads\/2020\/04\/0-debat-lauge-larsen-region.jpg\",\"keywords\":[\"Politik\"],\"articleSection\":[\"Debat\"],\"inLanguage\":\"da-DK\",\"potentialAction\":[{\"@type\":\"CommentAction\",\"name\":\"Comment\",\"target\":[\"https:\/\/kunmedierne.dk\/mors\/lauge-larsen-en-absurd-opdeling\/#respond\"]}]},{\"@type\":\"WebPage\",\"@id\":\"https:\/\/kunmedierne.dk\/mors\/lauge-larsen-en-absurd-opdeling\/\",\"url\":\"https:\/\/kunmedierne.dk\/mors\/lauge-larsen-en-absurd-opdeling\/\",\"name\":\"- En absurd opdeling - Mors\",\"isPartOf\":{\"@id\":\"https:\/\/kunmedierne.dk\/mors\/#website\"},\"primaryImageOfPage\":{\"@id\":\"https:\/\/kunmedierne.dk\/mors\/lauge-larsen-en-absurd-opdeling\/#primaryimage\"},\"image\":{\"@id\":\"https:\/\/kunmedierne.dk\/mors\/lauge-larsen-en-absurd-opdeling\/#primaryimage\"},\"thumbnailUrl\":\"https:\/\/kunmedierne.dk\/mors\/wp-content\/uploads\/2020\/04\/0-debat-lauge-larsen-region.jpg\",\"datePublished\":\"2020-04-23T09:04:32+00:00\",\"dateModified\":\"2024-08-12T12:06:12+00:00\",\"breadcrumb\":{\"@id\":\"https:\/\/kunmedierne.dk\/mors\/lauge-larsen-en-absurd-opdeling\/#breadcrumb\"},\"inLanguage\":\"da-DK\",\"potentialAction\":[{\"@type\":\"ReadAction\",\"target\":[\"https:\/\/kunmedierne.dk\/mors\/lauge-larsen-en-absurd-opdeling\/\"]}]},{\"@type\":\"ImageObject\",\"inLanguage\":\"da-DK\",\"@id\":\"https:\/\/kunmedierne.dk\/mors\/lauge-larsen-en-absurd-opdeling\/#primaryimage\",\"url\":\"https:\/\/kunmedierne.dk\/mors\/wp-content\/uploads\/2020\/04\/0-debat-lauge-larsen-region.jpg\",\"contentUrl\":\"https:\/\/kunmedierne.dk\/mors\/wp-content\/uploads\/2020\/04\/0-debat-lauge-larsen-region.jpg\",\"width\":770,\"height\":513,\"caption\":\"Lauge Larsen (S). Foto: Region Nordjylland.\"},{\"@type\":\"BreadcrumbList\",\"@id\":\"https:\/\/kunmedierne.dk\/mors\/lauge-larsen-en-absurd-opdeling\/#breadcrumb\",\"itemListElement\":[{\"@type\":\"ListItem\",\"position\":1,\"name\":\"Hjem\",\"item\":\"https:\/\/kunmedierne.dk\/mors\/\"},{\"@type\":\"ListItem\",\"position\":2,\"name\":\"&#8211; En absurd opdeling\"}]},{\"@type\":\"WebSite\",\"@id\":\"https:\/\/kunmedierne.dk\/mors\/#website\",\"url\":\"https:\/\/kunmedierne.dk\/mors\/\",\"name\":\"Mors\",\"description\":\"et netmedie med journalistik om livet p\u00e5 Mors\",\"publisher\":{\"@id\":\"https:\/\/kunmedierne.dk\/mors\/#organization\"},\"potentialAction\":[{\"@type\":\"SearchAction\",\"target\":{\"@type\":\"EntryPoint\",\"urlTemplate\":\"https:\/\/kunmedierne.dk\/mors\/?s={search_term_string}\"},\"query-input\":{\"@type\":\"PropertyValueSpecification\",\"valueRequired\":true,\"valueName\":\"search_term_string\"}}],\"inLanguage\":\"da-DK\"},{\"@type\":\"Organization\",\"@id\":\"https:\/\/kunmedierne.dk\/mors\/#organization\",\"name\":\"Mors\",\"url\":\"https:\/\/kunmedierne.dk\/mors\/\",\"logo\":{\"@type\":\"ImageObject\",\"inLanguage\":\"da-DK\",\"@id\":\"https:\/\/kunmedierne.dk\/mors\/#\/schema\/logo\/image\/\",\"url\":\"https:\/\/kunmedierne.dk\/mors\/wp-content\/uploads\/2024\/08\/kunmors-logo.svg\",\"contentUrl\":\"https:\/\/kunmedierne.dk\/mors\/wp-content\/uploads\/2024\/08\/kunmors-logo.svg\",\"caption\":\"Mors\"},\"image\":{\"@id\":\"https:\/\/kunmedierne.dk\/mors\/#\/schema\/logo\/image\/\"}},{\"@type\":\"Person\",\"@id\":\"https:\/\/kunmedierne.dk\/mors\/#\/schema\/person\/84c1391bce0b43b9bb3a49736bc0ad78\",\"name\":\"Debat\",\"image\":{\"@type\":\"ImageObject\",\"inLanguage\":\"da-DK\",\"@id\":\"https:\/\/kunmedierne.dk\/mors\/#\/schema\/person\/image\/\",\"url\":\"https:\/\/secure.gravatar.com\/avatar\/b0fb2e221d618f7c65162ab0d49c7e8a0b580c871ca03af90e42b47b4150654c?s=96&d=mm&r=g\",\"contentUrl\":\"https:\/\/secure.gravatar.com\/avatar\/b0fb2e221d618f7c65162ab0d49c7e8a0b580c871ca03af90e42b47b4150654c?s=96&d=mm&r=g\",\"caption\":\"Debat\"},\"url\":\"https:\/\/kunmedierne.dk\/mors\/author\/debat\/\"}]}<\/script>\n<!-- \/ Yoast SEO plugin. -->","yoast_head_json":{"title":"- En absurd opdeling - Mors","robots":{"index":"index","follow":"follow","max-snippet":"max-snippet:-1","max-image-preview":"max-image-preview:large","max-video-preview":"max-video-preview:-1"},"canonical":"https:\/\/kunmedierne.dk\/mors\/lauge-larsen-en-absurd-opdeling\/","og_locale":"da_DK","og_type":"article","og_title":"- En absurd opdeling - Mors","og_description":"Debatindl\u00e6g af Lauge Larsen (S), Refshammervej 32, Nyk\u00f8bing, medlem af regionsr\u00e5det for Nordjylland:\u00a0 MORS\/THY: Specielt her i coronatiden virker den geografiske opdeling p\u00e5 Mors og i Thy af lokalradio- og fjernsyn helt absurd. I forbindelse med de gamle amter skulle Radio Midt &amp; Vest og TV Midtvest d\u00e6kke Viborg Amt og Ringk\u00f8bing Amt. Det gav [&hellip;]","og_url":"https:\/\/kunmedierne.dk\/mors\/lauge-larsen-en-absurd-opdeling\/","og_site_name":"Mors","article_published_time":"2020-04-23T09:04:32+00:00","article_modified_time":"2024-08-12T12:06:12+00:00","og_image":[{"width":770,"height":513,"url":"https:\/\/kunmedierne.dk\/mors\/wp-content\/uploads\/2020\/04\/0-debat-lauge-larsen-region.jpg","type":"image\/jpeg"}],"author":"Debat","twitter_card":"summary_large_image","twitter_misc":{"Skrevet af":"Debat","Estimeret l\u00e6setid":"2 minutter"},"schema":{"@context":"https:\/\/schema.org","@graph":[{"@type":"Article","@id":"https:\/\/kunmedierne.dk\/mors\/lauge-larsen-en-absurd-opdeling\/#article","isPartOf":{"@id":"https:\/\/kunmedierne.dk\/mors\/lauge-larsen-en-absurd-opdeling\/"},"author":{"name":"Debat","@id":"https:\/\/kunmedierne.dk\/mors\/#\/schema\/person\/84c1391bce0b43b9bb3a49736bc0ad78"},"headline":"&#8211; En absurd opdeling","datePublished":"2020-04-23T09:04:32+00:00","dateModified":"2024-08-12T12:06:12+00:00","mainEntityOfPage":{"@id":"https:\/\/kunmedierne.dk\/mors\/lauge-larsen-en-absurd-opdeling\/"},"wordCount":428,"commentCount":0,"publisher":{"@id":"https:\/\/kunmedierne.dk\/mors\/#organization"},"image":{"@id":"https:\/\/kunmedierne.dk\/mors\/lauge-larsen-en-absurd-opdeling\/#primaryimage"},"thumbnailUrl":"https:\/\/kunmedierne.dk\/mors\/wp-content\/uploads\/2020\/04\/0-debat-lauge-larsen-region.jpg","keywords":["Politik"],"articleSection":["Debat"],"inLanguage":"da-DK","potentialAction":[{"@type":"CommentAction","name":"Comment","target":["https:\/\/kunmedierne.dk\/mors\/lauge-larsen-en-absurd-opdeling\/#respond"]}]},{"@type":"WebPage","@id":"https:\/\/kunmedierne.dk\/mors\/lauge-larsen-en-absurd-opdeling\/","url":"https:\/\/kunmedierne.dk\/mors\/lauge-larsen-en-absurd-opdeling\/","name":"- En absurd opdeling - Mors","isPartOf":{"@id":"https:\/\/kunmedierne.dk\/mors\/#website"},"primaryImageOfPage":{"@id":"https:\/\/kunmedierne.dk\/mors\/lauge-larsen-en-absurd-opdeling\/#primaryimage"},"image":{"@id":"https:\/\/kunmedierne.dk\/mors\/lauge-larsen-en-absurd-opdeling\/#primaryimage"},"thumbnailUrl":"https:\/\/kunmedierne.dk\/mors\/wp-content\/uploads\/2020\/04\/0-debat-lauge-larsen-region.jpg","datePublished":"2020-04-23T09:04:32+00:00","dateModified":"2024-08-12T12:06:12+00:00","breadcrumb":{"@id":"https:\/\/kunmedierne.dk\/mors\/lauge-larsen-en-absurd-opdeling\/#breadcrumb"},"inLanguage":"da-DK","potentialAction":[{"@type":"ReadAction","target":["https:\/\/kunmedierne.dk\/mors\/lauge-larsen-en-absurd-opdeling\/"]}]},{"@type":"ImageObject","inLanguage":"da-DK","@id":"https:\/\/kunmedierne.dk\/mors\/lauge-larsen-en-absurd-opdeling\/#primaryimage","url":"https:\/\/kunmedierne.dk\/mors\/wp-content\/uploads\/2020\/04\/0-debat-lauge-larsen-region.jpg","contentUrl":"https:\/\/kunmedierne.dk\/mors\/wp-content\/uploads\/2020\/04\/0-debat-lauge-larsen-region.jpg","width":770,"height":513,"caption":"Lauge Larsen (S). Foto: Region Nordjylland."},{"@type":"BreadcrumbList","@id":"https:\/\/kunmedierne.dk\/mors\/lauge-larsen-en-absurd-opdeling\/#breadcrumb","itemListElement":[{"@type":"ListItem","position":1,"name":"Hjem","item":"https:\/\/kunmedierne.dk\/mors\/"},{"@type":"ListItem","position":2,"name":"&#8211; En absurd opdeling"}]},{"@type":"WebSite","@id":"https:\/\/kunmedierne.dk\/mors\/#website","url":"https:\/\/kunmedierne.dk\/mors\/","name":"Mors","description":"et netmedie med journalistik om livet p\u00e5 Mors","publisher":{"@id":"https:\/\/kunmedierne.dk\/mors\/#organization"},"potentialAction":[{"@type":"SearchAction","target":{"@type":"EntryPoint","urlTemplate":"https:\/\/kunmedierne.dk\/mors\/?s={search_term_string}"},"query-input":{"@type":"PropertyValueSpecification","valueRequired":true,"valueName":"search_term_string"}}],"inLanguage":"da-DK"},{"@type":"Organization","@id":"https:\/\/kunmedierne.dk\/mors\/#organization","name":"Mors","url":"https:\/\/kunmedierne.dk\/mors\/","logo":{"@type":"ImageObject","inLanguage":"da-DK","@id":"https:\/\/kunmedierne.dk\/mors\/#\/schema\/logo\/image\/","url":"https:\/\/kunmedierne.dk\/mors\/wp-content\/uploads\/2024\/08\/kunmors-logo.svg","contentUrl":"https:\/\/kunmedierne.dk\/mors\/wp-content\/uploads\/2024\/08\/kunmors-logo.svg","caption":"Mors"},"image":{"@id":"https:\/\/kunmedierne.dk\/mors\/#\/schema\/logo\/image\/"}},{"@type":"Person","@id":"https:\/\/kunmedierne.dk\/mors\/#\/schema\/person\/84c1391bce0b43b9bb3a49736bc0ad78","name":"Debat","image":{"@type":"ImageObject","inLanguage":"da-DK","@id":"https:\/\/kunmedierne.dk\/mors\/#\/schema\/person\/image\/","url":"https:\/\/secure.gravatar.com\/avatar\/b0fb2e221d618f7c65162ab0d49c7e8a0b580c871ca03af90e42b47b4150654c?s=96&d=mm&r=g","contentUrl":"https:\/\/secure.gravatar.com\/avatar\/b0fb2e221d618f7c65162ab0d49c7e8a0b580c871ca03af90e42b47b4150654c?s=96&d=mm&r=g","caption":"Debat"},"url":"https:\/\/kunmedierne.dk\/mors\/author\/debat\/"}]}},"_links":{"self":[{"href":"https:\/\/kunmedierne.dk\/mors\/wp-json\/wp\/v2\/posts\/18753","targetHints":{"allow":["GET"]}}],"collection":[{"href":"https:\/\/kunmedierne.dk\/mors\/wp-json\/wp\/v2\/posts"}],"about":[{"href":"https:\/\/kunmedierne.dk\/mors\/wp-json\/wp\/v2\/types\/post"}],"author":[{"embeddable":true,"href":"https:\/\/kunmedierne.dk\/mors\/wp-json\/wp\/v2\/users\/11"}],"replies":[{"embeddable":true,"href":"https:\/\/kunmedierne.dk\/mors\/wp-json\/wp\/v2\/comments?post=18753"}],"version-history":[{"count":6,"href":"https:\/\/kunmedierne.dk\/mors\/wp-json\/wp\/v2\/posts\/18753\/revisions"}],"predecessor-version":[{"id":33005,"href":"https:\/\/kunmedierne.dk\/mors\/wp-json\/wp\/v2\/posts\/18753\/revisions\/33005"}],"wp:featuredmedia":[{"embeddable":true,"href":"https:\/\/kunmedierne.dk\/mors\/wp-json\/wp\/v2\/media\/18765"}],"wp:attachment":[{"href":"https:\/\/kunmedierne.dk\/mors\/wp-json\/wp\/v2\/media?parent=18753"}],"wp:term":[{"taxonomy":"category","embeddable":true,"href":"https:\/\/kunmedierne.dk\/mors\/wp-json\/wp\/v2\/categories?post=18753"},{"taxonomy":"post_tag","embeddable":true,"href":"https:\/\/kunmedierne.dk\/mors\/wp-json\/wp\/v2\/tags?post=18753"}],"curies":[{"name":"wp","href":"https:\/\/api.w.org\/{rel}","templated":true}]}}