{"id":18695,"date":"2020-04-22T13:19:43","date_gmt":"2020-04-22T11:19:43","guid":{"rendered":"https:\/\/kunmedierne.dk\/mors\/?p=18695"},"modified":"2024-08-12T14:06:12","modified_gmt":"2024-08-12T12:06:12","slug":"haandvaerkere-og-havemaend-tager-fat-i-hvidbjerg","status":"publish","type":"post","link":"https:\/\/kunmedierne.dk\/mors\/haandvaerkere-og-havemaend-tager-fat-i-hvidbjerg\/","title":{"rendered":"H\u00e5ndv\u00e6rkere og havem\u00e6nd tager fat i Hvidbjerg"},"content":{"rendered":"<p><strong>HVIDBJERG<\/strong>: &#8220;Vi har i lang tid \u00f8nsket os et orangeri. Nu bygger vi det.&#8221;<\/p>\n<p>Manuela St\u00f8vlb\u00e6k, skoleleder p\u00e5 Sydvestmors Friskole, er i h\u00f8jt hum\u00f8r, da KunMors tirsdag omkring middag l\u00e6gger vejen forbi. Det er alle omkring skolen faktisk, og det skyldes ikke kun det fantastiske for\u00e5rsvejr. Det skyldes ogs\u00e5 den produktivitet, der f\u00f8rer til det \u00f8nskede orangeri, s\u00e5 skolen fremover kan dyrke egne planter og frugter.<\/p>\n<p>Men faktisk tager hun munden lige lovlig fuld, n\u00e5r hun siger &#8220;vi&#8221; om at bygge det. Det er nemlig f\u00f8rst og fremmest eleverne, der st\u00e5r bag arbejdet &#8211; og det er de oven i k\u00f8bet rigtig dygtige til.<\/p>\n<div id=\"attachment_18711\" style=\"width: 310px\" class=\"wp-caption alignright\"><img loading=\"lazy\" decoding=\"async\" aria-describedby=\"caption-attachment-18711\" class=\"wp-image-18711 size-medium\" src=\"https:\/\/kunmedierne.dk\/mors\/wp-content\/uploads\/2020\/04\/svm2-300x200.jpg\" alt=\"\" width=\"300\" height=\"200\" data-wp-editing=\"1\" srcset=\"https:\/\/kunmedierne.dk\/mors\/wp-content\/uploads\/2020\/04\/svm2-300x200.jpg 300w, https:\/\/kunmedierne.dk\/mors\/wp-content\/uploads\/2020\/04\/svm2-768x512.jpg 768w, https:\/\/kunmedierne.dk\/mors\/wp-content\/uploads\/2020\/04\/svm2-360x240.jpg 360w, https:\/\/kunmedierne.dk\/mors\/wp-content\/uploads\/2020\/04\/svm2-600x400.jpg 600w, https:\/\/kunmedierne.dk\/mors\/wp-content\/uploads\/2020\/04\/svm2.jpg 770w\" sizes=\"auto, (max-width: 300px) 100vw, 300px\" \/><p id=\"caption-attachment-18711\" class=\"wp-caption-text\">N\u00e5r man er p\u00e5 maleholdet, skal det n\u00e6sten kunne ses p\u00e5 t\u00f8jet.<\/p><\/div>\n<p>Det ses p\u00e5 arealet, hvor 3. og 4. klasse p\u00e5 en r\u00e6kke forskellige arbejdsstationer arbejder myreflittigt, s\u00e6rdeles selvst\u00e6ndigt og meget koncentreret om en r\u00e6kke opgaver.<\/p>\n<p>Det er nemlig ikke bare et orangeri, der er ved at dukke op. Der skal ogs\u00e5 laves udek\u00f8kken, urtehave og en tilbygning til tennisklubbens hytte. S\u00e5 der er ikke noget at sige til, at de sm\u00e5 h\u00e5ndv\u00e6rkere og havem\u00e6nd er opslugte af arbejdet.<\/p>\n<p>Nogle er det endda s\u00e5 meget, at de af og til glemmer sundhedsmyndighedernes anbefalinger. For lige som voksne i butikker og andre steder kan komme under de to meter, sker det ogs\u00e5, at b\u00f8rnene p\u00e5 Sydvestmors Friskole arbejder s\u00e5 t\u00e6t sammen, at det med at holde afstand ryger ud af fokus.<\/p>\n<p>Men generelt er pladsen s\u00e5 stor, at det kan lade sig g\u00f8re at v\u00e6re aktiv og produktiv uden samtidig at have coronavirus p\u00e5 hjernen.<\/p>\n<p>M\u00e5ske kan man endda f\u00e5 et frikvarter fra den.<\/p>\n<p>&nbsp;<\/p>\n<p><strong>Ogs\u00e5 en kamp for klimaet<\/strong><\/p>\n<p>Pandemien er ellers netop anledningen til, at projektet i Hvidbjerg har f\u00e5et fart.<\/p>\n<p>&#8220;Det er jo det med at skulle lave noget udenfor. P\u00e5 grund af coronaen bliver vi n\u00f8dt til at v\u00e6re ekstra kreative,&#8221; siger Manuela St\u00f8vlb\u00e6k, der gl\u00e6der sig over, at mange fag bliver blandet ind i arbejdet.<\/p>\n<p>Anne-Kirstine Christensen, l\u00e6rer p\u00e5 friskolen, demonstrerer et af dem, mens hun hj\u00e6lper med at m\u00e5le h\u00e6ldningen p\u00e5 en p\u00e6l til tennishyttens tilbygning.<\/p>\n<p>&#8220;Det er s\u00e5 godt som lige,&#8221; siger hun med et grin, mens hun kigger p\u00e5 sin mobiltelefon.<\/p>\n<p>&#8220;Vi kunne ikke finde et vaterpas, men s\u00e5 fandt vi en app,&#8221; tilf\u00f8jer hun.<\/p>\n<div id=\"attachment_18712\" style=\"width: 310px\" class=\"wp-caption alignright\"><img loading=\"lazy\" decoding=\"async\" aria-describedby=\"caption-attachment-18712\" class=\"size-medium wp-image-18712\" src=\"https:\/\/kunmedierne.dk\/mors\/wp-content\/uploads\/2020\/04\/svm3-300x200.jpg\" alt=\"\" width=\"300\" height=\"200\" srcset=\"https:\/\/kunmedierne.dk\/mors\/wp-content\/uploads\/2020\/04\/svm3-300x200.jpg 300w, https:\/\/kunmedierne.dk\/mors\/wp-content\/uploads\/2020\/04\/svm3-768x512.jpg 768w, https:\/\/kunmedierne.dk\/mors\/wp-content\/uploads\/2020\/04\/svm3-360x240.jpg 360w, https:\/\/kunmedierne.dk\/mors\/wp-content\/uploads\/2020\/04\/svm3-600x400.jpg 600w, https:\/\/kunmedierne.dk\/mors\/wp-content\/uploads\/2020\/04\/svm3.jpg 770w\" sizes=\"auto, (max-width: 300px) 100vw, 300px\" \/><p id=\"caption-attachment-18712\" class=\"wp-caption-text\">P\u00e5 en stol og med strakt arm kan man sagtens n\u00e5 loftet med en pensel.<\/p><\/div>\n<p>N\u00e5r hytten st\u00e5r f\u00e6rdig, bliver den i \u00f8vrigt lidt af en klimasucces for friskolen, da den ogs\u00e5 skal tilf\u00f8jes solceller p\u00e5 taget i endnu et skridt imod at v\u00e6re selvforsynende i egen baghave.<\/p>\n<p>Tobias, som er taget hjem, da KunMors n\u00e5r frem, har p\u00e5 egen h\u00e5nd st\u00e5et for at opfylde et andet delm\u00e5l. Han har nemlig helt\u00a0selv lavet b\u00e5lpladsen og demonstreret sit talent for h\u00e5ndv\u00e6rk med en professionelt udf\u00f8rt cirkel af sten kyndigt placeret pr\u00e6cis som den slags skal ligge, n\u00e5r de skal g\u00f8re nytte som b\u00e5l.<\/p>\n<p>&nbsp;<\/p>\n<p><strong>Mange fag kommer i spil<\/strong><\/p>\n<p>S\u00e5 der er rigtig mange sm\u00e5, men kyndige h\u00e6nder i sving &#8211; og det f\u00e5r de formentlig lov til at v\u00e6re l\u00e6nge.<\/p>\n<p>&#8220;Vi bliver ved, indtil coronarestriktionerne er ovre. S\u00e5 vi har en ide om, at det bliver ved til sommerferien,&#8221; siger Manuela St\u00f8vlb\u00e6k.<\/p>\n<p>Dermed kan eleverne se frem til mere h\u00e5ndv\u00e6rk og mindre matematik, men skolelederen afviser, at det f\u00f8rer til et bogligt eftersl\u00e6b.<\/p>\n<div id=\"attachment_18713\" style=\"width: 310px\" class=\"wp-caption alignright\"><img loading=\"lazy\" decoding=\"async\" aria-describedby=\"caption-attachment-18713\" class=\"size-medium wp-image-18713\" src=\"https:\/\/kunmedierne.dk\/mors\/wp-content\/uploads\/2020\/04\/svm5-300x200.jpg\" alt=\"\" width=\"300\" height=\"200\" srcset=\"https:\/\/kunmedierne.dk\/mors\/wp-content\/uploads\/2020\/04\/svm5-300x200.jpg 300w, https:\/\/kunmedierne.dk\/mors\/wp-content\/uploads\/2020\/04\/svm5-768x512.jpg 768w, https:\/\/kunmedierne.dk\/mors\/wp-content\/uploads\/2020\/04\/svm5-360x240.jpg 360w, https:\/\/kunmedierne.dk\/mors\/wp-content\/uploads\/2020\/04\/svm5-600x400.jpg 600w, https:\/\/kunmedierne.dk\/mors\/wp-content\/uploads\/2020\/04\/svm5.jpg 770w\" sizes=\"auto, (max-width: 300px) 100vw, 300px\" \/><p id=\"caption-attachment-18713\" class=\"wp-caption-text\">H\u00e5ndvask er en velkendt disciplin.<\/p><\/div>\n<p>&#8220;Det tror jeg simpelthen ikke p\u00e5. Her kommer det ind p\u00e5 en anden m\u00e5de. Og nu er vi jo ogs\u00e5 s\u00e5 heldige, at vi ogs\u00e5 kan lave undervisning udenfor,&#8221; siger hun og gl\u00e6der sig over, at for\u00e5rsvejret ogs\u00e5 er med projektet.<\/p>\n<p>&#8220;Man skulle tro, at nogen holdt h\u00e5nden under os p\u00e5 en anden m\u00e5de. For ellers var det umuligt,&#8221; siger hun om solskinnet.<\/p>\n<p>Samtidig tilf\u00f8jer hun, at skolen \u00e6ldste elever er p\u00e5 en s\u00e6rlig opgave, hvor de i sm\u00e5 hold cykler og g\u00e5r rundt i omr\u00e5det for at finde spor i mordet p\u00e5 den fiktive person Kurt Peter Leif Thorsen.<\/p>\n<p>Rasmus Christensen, centerleder i Sydvestmors Kultur- og Fritidscenter, har v\u00e6ret blandt de mist\u00e6nkte, men er blevet renset af de unge efterforskere, der tager b\u00e5de dansk, engelsk, fysik, biologi og matematik i brug i opklaringen af mordet.<\/p>\n<p>&nbsp;<\/p>\n<p><strong>Lokalomr\u00e5det spiller med<\/strong><\/p>\n<p>S\u00e5 mange hoveder er i sving p\u00e5 Sydvestmors Friskole &#8211; ogs\u00e5 selv om undervisningen er en helt anden end f\u00f8r coronakrisen.<\/p>\n<p>Det kommer til udtryk i hele byen. Byparken, kirken og andre dele af Hvidbjerg byder ogs\u00e5 ind med plads og rum til friskolen, s\u00e5 det er muligt at g\u00e5 i skole uden at v\u00e6re for mange sammen p\u00e5 sm\u00e5 omr\u00e5der.<\/p>\n<p>&#8220;S\u00e5 lokalsamfundet er ogs\u00e5 en stor medspiller i det her,&#8221; siger Manuela St\u00f8vlb\u00e6k.<\/p>\n<p>KunMors vender tilbage med en ny artikel om det ambiti\u00f8se projekt, n\u00e5r de unge elever er helt f\u00e6rdige.<\/p>\n<div id=\"attachment_18714\" style=\"width: 780px\" class=\"wp-caption alignnone\"><img loading=\"lazy\" decoding=\"async\" aria-describedby=\"caption-attachment-18714\" class=\"wp-image-18714 size-full\" src=\"https:\/\/kunmedierne.dk\/mors\/wp-content\/uploads\/2020\/04\/svm4.jpg\" alt=\"\" width=\"770\" height=\"513\" srcset=\"https:\/\/kunmedierne.dk\/mors\/wp-content\/uploads\/2020\/04\/svm4.jpg 770w, https:\/\/kunmedierne.dk\/mors\/wp-content\/uploads\/2020\/04\/svm4-300x200.jpg 300w, https:\/\/kunmedierne.dk\/mors\/wp-content\/uploads\/2020\/04\/svm4-768x512.jpg 768w, https:\/\/kunmedierne.dk\/mors\/wp-content\/uploads\/2020\/04\/svm4-360x240.jpg 360w, https:\/\/kunmedierne.dk\/mors\/wp-content\/uploads\/2020\/04\/svm4-600x400.jpg 600w\" sizes=\"auto, (max-width: 770px) 100vw, 770px\" \/><p id=\"caption-attachment-18714\" class=\"wp-caption-text\">Tid til en snak i mobilen i en af de sm\u00e5 hytter, eleverne har flettet.<\/p><\/div>\n","protected":false},"excerpt":{"rendered":"<p>HVIDBJERG: &#8220;Vi har i lang tid \u00f8nsket os et orangeri. Nu bygger vi det.&#8221; Manuela St\u00f8vlb\u00e6k, skoleleder p\u00e5 Sydvestmors Friskole, er i h\u00f8jt hum\u00f8r, da KunMors tirsdag omkring middag l\u00e6gger vejen forbi. Det er alle omkring skolen faktisk, og det skyldes ikke kun det fantastiske for\u00e5rsvejr. Det skyldes ogs\u00e5 den produktivitet, der f\u00f8rer til det [&hellip;]<\/p>\n","protected":false},"author":8,"featured_media":18710,"comment_status":"open","ping_status":"open","sticky":false,"template":"","format":"standard","meta":{"_acf_changed":false,"footnotes":""},"categories":[51],"tags":[170],"class_list":["post-18695","post","type-post","status-publish","format-standard","has-post-thumbnail","hentry","category-lokalt","tag-uddannelse"],"acf":[],"yoast_head":"<!-- This site is optimized with the Yoast SEO plugin v26.8 - https:\/\/yoast.com\/product\/yoast-seo-wordpress\/ -->\n<title>H\u00e5ndv\u00e6rkere og havem\u00e6nd tager fat i Hvidbjerg - Mors<\/title>\n<meta name=\"robots\" content=\"index, follow, max-snippet:-1, max-image-preview:large, max-video-preview:-1\" \/>\n<link rel=\"canonical\" href=\"https:\/\/kunmedierne.dk\/mors\/haandvaerkere-og-havemaend-tager-fat-i-hvidbjerg\/\" \/>\n<meta property=\"og:locale\" content=\"da_DK\" \/>\n<meta property=\"og:type\" content=\"article\" \/>\n<meta property=\"og:title\" content=\"H\u00e5ndv\u00e6rkere og havem\u00e6nd tager fat i Hvidbjerg - Mors\" \/>\n<meta property=\"og:description\" content=\"HVIDBJERG: &#8220;Vi har i lang tid \u00f8nsket os et orangeri. Nu bygger vi det.&#8221; Manuela St\u00f8vlb\u00e6k, skoleleder p\u00e5 Sydvestmors Friskole, er i h\u00f8jt hum\u00f8r, da KunMors tirsdag omkring middag l\u00e6gger vejen forbi. Det er alle omkring skolen faktisk, og det skyldes ikke kun det fantastiske for\u00e5rsvejr. Det skyldes ogs\u00e5 den produktivitet, der f\u00f8rer til det [&hellip;]\" \/>\n<meta property=\"og:url\" content=\"https:\/\/kunmedierne.dk\/mors\/haandvaerkere-og-havemaend-tager-fat-i-hvidbjerg\/\" \/>\n<meta property=\"og:site_name\" content=\"Mors\" \/>\n<meta property=\"article:published_time\" content=\"2020-04-22T11:19:43+00:00\" \/>\n<meta property=\"article:modified_time\" content=\"2024-08-12T12:06:12+00:00\" \/>\n<meta property=\"og:image\" content=\"https:\/\/kunmedierne.dk\/mors\/wp-content\/uploads\/2020\/04\/svm1.jpg\" \/>\n\t<meta property=\"og:image:width\" content=\"770\" \/>\n\t<meta property=\"og:image:height\" content=\"513\" \/>\n\t<meta property=\"og:image:type\" content=\"image\/jpeg\" \/>\n<meta name=\"author\" content=\"David H\u00f8jmark\" \/>\n<meta name=\"twitter:card\" content=\"summary_large_image\" \/>\n<meta name=\"twitter:label1\" content=\"Skrevet af\" \/>\n\t<meta name=\"twitter:data1\" content=\"David H\u00f8jmark\" \/>\n\t<meta name=\"twitter:label2\" content=\"Estimeret l\u00e6setid\" \/>\n\t<meta name=\"twitter:data2\" content=\"5 minutter\" \/>\n<script type=\"application\/ld+json\" class=\"yoast-schema-graph\">{\"@context\":\"https:\/\/schema.org\",\"@graph\":[{\"@type\":\"Article\",\"@id\":\"https:\/\/kunmedierne.dk\/mors\/haandvaerkere-og-havemaend-tager-fat-i-hvidbjerg\/#article\",\"isPartOf\":{\"@id\":\"https:\/\/kunmedierne.dk\/mors\/haandvaerkere-og-havemaend-tager-fat-i-hvidbjerg\/\"},\"author\":{\"name\":\"David H\u00f8jmark\",\"@id\":\"https:\/\/kunmedierne.dk\/mors\/#\/schema\/person\/5fe23251bf1d0abbcdc6f7896579d548\"},\"headline\":\"H\u00e5ndv\u00e6rkere og havem\u00e6nd tager fat i Hvidbjerg\",\"datePublished\":\"2020-04-22T11:19:43+00:00\",\"dateModified\":\"2024-08-12T12:06:12+00:00\",\"mainEntityOfPage\":{\"@id\":\"https:\/\/kunmedierne.dk\/mors\/haandvaerkere-og-havemaend-tager-fat-i-hvidbjerg\/\"},\"wordCount\":927,\"commentCount\":0,\"publisher\":{\"@id\":\"https:\/\/kunmedierne.dk\/mors\/#organization\"},\"image\":{\"@id\":\"https:\/\/kunmedierne.dk\/mors\/haandvaerkere-og-havemaend-tager-fat-i-hvidbjerg\/#primaryimage\"},\"thumbnailUrl\":\"https:\/\/kunmedierne.dk\/mors\/wp-content\/uploads\/2020\/04\/svm1.jpg\",\"keywords\":[\"Skoler og uddannelse\"],\"articleSection\":[\"Lokalt\"],\"inLanguage\":\"da-DK\",\"potentialAction\":[{\"@type\":\"CommentAction\",\"name\":\"Comment\",\"target\":[\"https:\/\/kunmedierne.dk\/mors\/haandvaerkere-og-havemaend-tager-fat-i-hvidbjerg\/#respond\"]}]},{\"@type\":\"WebPage\",\"@id\":\"https:\/\/kunmedierne.dk\/mors\/haandvaerkere-og-havemaend-tager-fat-i-hvidbjerg\/\",\"url\":\"https:\/\/kunmedierne.dk\/mors\/haandvaerkere-og-havemaend-tager-fat-i-hvidbjerg\/\",\"name\":\"H\u00e5ndv\u00e6rkere og havem\u00e6nd tager fat i Hvidbjerg - Mors\",\"isPartOf\":{\"@id\":\"https:\/\/kunmedierne.dk\/mors\/#website\"},\"primaryImageOfPage\":{\"@id\":\"https:\/\/kunmedierne.dk\/mors\/haandvaerkere-og-havemaend-tager-fat-i-hvidbjerg\/#primaryimage\"},\"image\":{\"@id\":\"https:\/\/kunmedierne.dk\/mors\/haandvaerkere-og-havemaend-tager-fat-i-hvidbjerg\/#primaryimage\"},\"thumbnailUrl\":\"https:\/\/kunmedierne.dk\/mors\/wp-content\/uploads\/2020\/04\/svm1.jpg\",\"datePublished\":\"2020-04-22T11:19:43+00:00\",\"dateModified\":\"2024-08-12T12:06:12+00:00\",\"breadcrumb\":{\"@id\":\"https:\/\/kunmedierne.dk\/mors\/haandvaerkere-og-havemaend-tager-fat-i-hvidbjerg\/#breadcrumb\"},\"inLanguage\":\"da-DK\",\"potentialAction\":[{\"@type\":\"ReadAction\",\"target\":[\"https:\/\/kunmedierne.dk\/mors\/haandvaerkere-og-havemaend-tager-fat-i-hvidbjerg\/\"]}]},{\"@type\":\"ImageObject\",\"inLanguage\":\"da-DK\",\"@id\":\"https:\/\/kunmedierne.dk\/mors\/haandvaerkere-og-havemaend-tager-fat-i-hvidbjerg\/#primaryimage\",\"url\":\"https:\/\/kunmedierne.dk\/mors\/wp-content\/uploads\/2020\/04\/svm1.jpg\",\"contentUrl\":\"https:\/\/kunmedierne.dk\/mors\/wp-content\/uploads\/2020\/04\/svm1.jpg\",\"width\":770,\"height\":513,\"caption\":\"Lucas og Peter l\u00f8ste selv opgaven med denne del af tilbygningen til tennishytten. Foto: David H\u00f8jmark.\"},{\"@type\":\"BreadcrumbList\",\"@id\":\"https:\/\/kunmedierne.dk\/mors\/haandvaerkere-og-havemaend-tager-fat-i-hvidbjerg\/#breadcrumb\",\"itemListElement\":[{\"@type\":\"ListItem\",\"position\":1,\"name\":\"Hjem\",\"item\":\"https:\/\/kunmedierne.dk\/mors\/\"},{\"@type\":\"ListItem\",\"position\":2,\"name\":\"H\u00e5ndv\u00e6rkere og havem\u00e6nd tager fat i Hvidbjerg\"}]},{\"@type\":\"WebSite\",\"@id\":\"https:\/\/kunmedierne.dk\/mors\/#website\",\"url\":\"https:\/\/kunmedierne.dk\/mors\/\",\"name\":\"Mors\",\"description\":\"et netmedie med journalistik om livet p\u00e5 Mors\",\"publisher\":{\"@id\":\"https:\/\/kunmedierne.dk\/mors\/#organization\"},\"potentialAction\":[{\"@type\":\"SearchAction\",\"target\":{\"@type\":\"EntryPoint\",\"urlTemplate\":\"https:\/\/kunmedierne.dk\/mors\/?s={search_term_string}\"},\"query-input\":{\"@type\":\"PropertyValueSpecification\",\"valueRequired\":true,\"valueName\":\"search_term_string\"}}],\"inLanguage\":\"da-DK\"},{\"@type\":\"Organization\",\"@id\":\"https:\/\/kunmedierne.dk\/mors\/#organization\",\"name\":\"Mors\",\"url\":\"https:\/\/kunmedierne.dk\/mors\/\",\"logo\":{\"@type\":\"ImageObject\",\"inLanguage\":\"da-DK\",\"@id\":\"https:\/\/kunmedierne.dk\/mors\/#\/schema\/logo\/image\/\",\"url\":\"https:\/\/kunmedierne.dk\/mors\/wp-content\/uploads\/2024\/08\/kunmors-logo.svg\",\"contentUrl\":\"https:\/\/kunmedierne.dk\/mors\/wp-content\/uploads\/2024\/08\/kunmors-logo.svg\",\"caption\":\"Mors\"},\"image\":{\"@id\":\"https:\/\/kunmedierne.dk\/mors\/#\/schema\/logo\/image\/\"}},{\"@type\":\"Person\",\"@id\":\"https:\/\/kunmedierne.dk\/mors\/#\/schema\/person\/5fe23251bf1d0abbcdc6f7896579d548\",\"name\":\"David H\u00f8jmark\",\"image\":{\"@type\":\"ImageObject\",\"inLanguage\":\"da-DK\",\"@id\":\"https:\/\/kunmedierne.dk\/mors\/#\/schema\/person\/image\/\",\"url\":\"https:\/\/secure.gravatar.com\/avatar\/4315d6fb9ef244d729989f5f90268eb08d5bf8a3d84402f595fa194bb35784fd?s=96&d=mm&r=g\",\"contentUrl\":\"https:\/\/secure.gravatar.com\/avatar\/4315d6fb9ef244d729989f5f90268eb08d5bf8a3d84402f595fa194bb35784fd?s=96&d=mm&r=g\",\"caption\":\"David H\u00f8jmark\"},\"sameAs\":[\"https:\/\/www.kunmedierne.dk\"],\"url\":\"https:\/\/kunmedierne.dk\/mors\/author\/david\/\"}]}<\/script>\n<!-- \/ Yoast SEO plugin. -->","yoast_head_json":{"title":"H\u00e5ndv\u00e6rkere og havem\u00e6nd tager fat i Hvidbjerg - Mors","robots":{"index":"index","follow":"follow","max-snippet":"max-snippet:-1","max-image-preview":"max-image-preview:large","max-video-preview":"max-video-preview:-1"},"canonical":"https:\/\/kunmedierne.dk\/mors\/haandvaerkere-og-havemaend-tager-fat-i-hvidbjerg\/","og_locale":"da_DK","og_type":"article","og_title":"H\u00e5ndv\u00e6rkere og havem\u00e6nd tager fat i Hvidbjerg - Mors","og_description":"HVIDBJERG: &#8220;Vi har i lang tid \u00f8nsket os et orangeri. Nu bygger vi det.&#8221; Manuela St\u00f8vlb\u00e6k, skoleleder p\u00e5 Sydvestmors Friskole, er i h\u00f8jt hum\u00f8r, da KunMors tirsdag omkring middag l\u00e6gger vejen forbi. Det er alle omkring skolen faktisk, og det skyldes ikke kun det fantastiske for\u00e5rsvejr. Det skyldes ogs\u00e5 den produktivitet, der f\u00f8rer til det [&hellip;]","og_url":"https:\/\/kunmedierne.dk\/mors\/haandvaerkere-og-havemaend-tager-fat-i-hvidbjerg\/","og_site_name":"Mors","article_published_time":"2020-04-22T11:19:43+00:00","article_modified_time":"2024-08-12T12:06:12+00:00","og_image":[{"width":770,"height":513,"url":"https:\/\/kunmedierne.dk\/mors\/wp-content\/uploads\/2020\/04\/svm1.jpg","type":"image\/jpeg"}],"author":"David H\u00f8jmark","twitter_card":"summary_large_image","twitter_misc":{"Skrevet af":"David H\u00f8jmark","Estimeret l\u00e6setid":"5 minutter"},"schema":{"@context":"https:\/\/schema.org","@graph":[{"@type":"Article","@id":"https:\/\/kunmedierne.dk\/mors\/haandvaerkere-og-havemaend-tager-fat-i-hvidbjerg\/#article","isPartOf":{"@id":"https:\/\/kunmedierne.dk\/mors\/haandvaerkere-og-havemaend-tager-fat-i-hvidbjerg\/"},"author":{"name":"David H\u00f8jmark","@id":"https:\/\/kunmedierne.dk\/mors\/#\/schema\/person\/5fe23251bf1d0abbcdc6f7896579d548"},"headline":"H\u00e5ndv\u00e6rkere og havem\u00e6nd tager fat i Hvidbjerg","datePublished":"2020-04-22T11:19:43+00:00","dateModified":"2024-08-12T12:06:12+00:00","mainEntityOfPage":{"@id":"https:\/\/kunmedierne.dk\/mors\/haandvaerkere-og-havemaend-tager-fat-i-hvidbjerg\/"},"wordCount":927,"commentCount":0,"publisher":{"@id":"https:\/\/kunmedierne.dk\/mors\/#organization"},"image":{"@id":"https:\/\/kunmedierne.dk\/mors\/haandvaerkere-og-havemaend-tager-fat-i-hvidbjerg\/#primaryimage"},"thumbnailUrl":"https:\/\/kunmedierne.dk\/mors\/wp-content\/uploads\/2020\/04\/svm1.jpg","keywords":["Skoler og uddannelse"],"articleSection":["Lokalt"],"inLanguage":"da-DK","potentialAction":[{"@type":"CommentAction","name":"Comment","target":["https:\/\/kunmedierne.dk\/mors\/haandvaerkere-og-havemaend-tager-fat-i-hvidbjerg\/#respond"]}]},{"@type":"WebPage","@id":"https:\/\/kunmedierne.dk\/mors\/haandvaerkere-og-havemaend-tager-fat-i-hvidbjerg\/","url":"https:\/\/kunmedierne.dk\/mors\/haandvaerkere-og-havemaend-tager-fat-i-hvidbjerg\/","name":"H\u00e5ndv\u00e6rkere og havem\u00e6nd tager fat i Hvidbjerg - Mors","isPartOf":{"@id":"https:\/\/kunmedierne.dk\/mors\/#website"},"primaryImageOfPage":{"@id":"https:\/\/kunmedierne.dk\/mors\/haandvaerkere-og-havemaend-tager-fat-i-hvidbjerg\/#primaryimage"},"image":{"@id":"https:\/\/kunmedierne.dk\/mors\/haandvaerkere-og-havemaend-tager-fat-i-hvidbjerg\/#primaryimage"},"thumbnailUrl":"https:\/\/kunmedierne.dk\/mors\/wp-content\/uploads\/2020\/04\/svm1.jpg","datePublished":"2020-04-22T11:19:43+00:00","dateModified":"2024-08-12T12:06:12+00:00","breadcrumb":{"@id":"https:\/\/kunmedierne.dk\/mors\/haandvaerkere-og-havemaend-tager-fat-i-hvidbjerg\/#breadcrumb"},"inLanguage":"da-DK","potentialAction":[{"@type":"ReadAction","target":["https:\/\/kunmedierne.dk\/mors\/haandvaerkere-og-havemaend-tager-fat-i-hvidbjerg\/"]}]},{"@type":"ImageObject","inLanguage":"da-DK","@id":"https:\/\/kunmedierne.dk\/mors\/haandvaerkere-og-havemaend-tager-fat-i-hvidbjerg\/#primaryimage","url":"https:\/\/kunmedierne.dk\/mors\/wp-content\/uploads\/2020\/04\/svm1.jpg","contentUrl":"https:\/\/kunmedierne.dk\/mors\/wp-content\/uploads\/2020\/04\/svm1.jpg","width":770,"height":513,"caption":"Lucas og Peter l\u00f8ste selv opgaven med denne del af tilbygningen til tennishytten. Foto: David H\u00f8jmark."},{"@type":"BreadcrumbList","@id":"https:\/\/kunmedierne.dk\/mors\/haandvaerkere-og-havemaend-tager-fat-i-hvidbjerg\/#breadcrumb","itemListElement":[{"@type":"ListItem","position":1,"name":"Hjem","item":"https:\/\/kunmedierne.dk\/mors\/"},{"@type":"ListItem","position":2,"name":"H\u00e5ndv\u00e6rkere og havem\u00e6nd tager fat i Hvidbjerg"}]},{"@type":"WebSite","@id":"https:\/\/kunmedierne.dk\/mors\/#website","url":"https:\/\/kunmedierne.dk\/mors\/","name":"Mors","description":"et netmedie med journalistik om livet p\u00e5 Mors","publisher":{"@id":"https:\/\/kunmedierne.dk\/mors\/#organization"},"potentialAction":[{"@type":"SearchAction","target":{"@type":"EntryPoint","urlTemplate":"https:\/\/kunmedierne.dk\/mors\/?s={search_term_string}"},"query-input":{"@type":"PropertyValueSpecification","valueRequired":true,"valueName":"search_term_string"}}],"inLanguage":"da-DK"},{"@type":"Organization","@id":"https:\/\/kunmedierne.dk\/mors\/#organization","name":"Mors","url":"https:\/\/kunmedierne.dk\/mors\/","logo":{"@type":"ImageObject","inLanguage":"da-DK","@id":"https:\/\/kunmedierne.dk\/mors\/#\/schema\/logo\/image\/","url":"https:\/\/kunmedierne.dk\/mors\/wp-content\/uploads\/2024\/08\/kunmors-logo.svg","contentUrl":"https:\/\/kunmedierne.dk\/mors\/wp-content\/uploads\/2024\/08\/kunmors-logo.svg","caption":"Mors"},"image":{"@id":"https:\/\/kunmedierne.dk\/mors\/#\/schema\/logo\/image\/"}},{"@type":"Person","@id":"https:\/\/kunmedierne.dk\/mors\/#\/schema\/person\/5fe23251bf1d0abbcdc6f7896579d548","name":"David H\u00f8jmark","image":{"@type":"ImageObject","inLanguage":"da-DK","@id":"https:\/\/kunmedierne.dk\/mors\/#\/schema\/person\/image\/","url":"https:\/\/secure.gravatar.com\/avatar\/4315d6fb9ef244d729989f5f90268eb08d5bf8a3d84402f595fa194bb35784fd?s=96&d=mm&r=g","contentUrl":"https:\/\/secure.gravatar.com\/avatar\/4315d6fb9ef244d729989f5f90268eb08d5bf8a3d84402f595fa194bb35784fd?s=96&d=mm&r=g","caption":"David H\u00f8jmark"},"sameAs":["https:\/\/www.kunmedierne.dk"],"url":"https:\/\/kunmedierne.dk\/mors\/author\/david\/"}]}},"_links":{"self":[{"href":"https:\/\/kunmedierne.dk\/mors\/wp-json\/wp\/v2\/posts\/18695","targetHints":{"allow":["GET"]}}],"collection":[{"href":"https:\/\/kunmedierne.dk\/mors\/wp-json\/wp\/v2\/posts"}],"about":[{"href":"https:\/\/kunmedierne.dk\/mors\/wp-json\/wp\/v2\/types\/post"}],"author":[{"embeddable":true,"href":"https:\/\/kunmedierne.dk\/mors\/wp-json\/wp\/v2\/users\/8"}],"replies":[{"embeddable":true,"href":"https:\/\/kunmedierne.dk\/mors\/wp-json\/wp\/v2\/comments?post=18695"}],"version-history":[{"count":5,"href":"https:\/\/kunmedierne.dk\/mors\/wp-json\/wp\/v2\/posts\/18695\/revisions"}],"predecessor-version":[{"id":18733,"href":"https:\/\/kunmedierne.dk\/mors\/wp-json\/wp\/v2\/posts\/18695\/revisions\/18733"}],"wp:featuredmedia":[{"embeddable":true,"href":"https:\/\/kunmedierne.dk\/mors\/wp-json\/wp\/v2\/media\/18710"}],"wp:attachment":[{"href":"https:\/\/kunmedierne.dk\/mors\/wp-json\/wp\/v2\/media?parent=18695"}],"wp:term":[{"taxonomy":"category","embeddable":true,"href":"https:\/\/kunmedierne.dk\/mors\/wp-json\/wp\/v2\/categories?post=18695"},{"taxonomy":"post_tag","embeddable":true,"href":"https:\/\/kunmedierne.dk\/mors\/wp-json\/wp\/v2\/tags?post=18695"}],"curies":[{"name":"wp","href":"https:\/\/api.w.org\/{rel}","templated":true}]}}