{"id":18527,"date":"2020-04-20T14:18:37","date_gmt":"2020-04-20T12:18:37","guid":{"rendered":"https:\/\/kunmedierne.dk\/mors\/?p=18527"},"modified":"2024-08-12T14:06:13","modified_gmt":"2024-08-12T12:06:13","slug":"coronavirus-paa-morsoe-afklaringscenter-tre-ansatte-er-sendt-hjem","status":"publish","type":"post","link":"https:\/\/kunmedierne.dk\/mors\/coronavirus-paa-morsoe-afklaringscenter-tre-ansatte-er-sendt-hjem\/","title":{"rendered":"Coronavirus p\u00e5 Mors\u00f8 Afklaringscenter: Tre ansatte er sendt hjem"},"content":{"rendered":"<p><strong>\u00d8STER J\u00d8LBY<\/strong>: Lederen og to ansatte fra Mors\u00f8 Afklaringscenter er g\u00e5et i isolation i hjemmet efter positive udfald af test for covid-19.<\/p>\n<p>Det bekr\u00e6fter Rasmus Andreasen, kommunikationskonsulent i Mors\u00f8 Kommune, som fort\u00e6ller, at lederen af afklaringscentret var den f\u00f8rste til at m\u00e6rke milde symptomer og derfor bad om at blive testet.<\/p>\n<p>&#8220;Den 16. april fik hun s\u00e5 konstateret, at det var covid-19 &#8211; og siden 16. april er i alt ni fra personalet s\u00e5 blevet testet, hvoraf tre er konstateret smittet,&#8221; siger Rasmus Andreasen.<\/p>\n<p>Han oplyser, at alle ni blev sendt hjem, inden resultatet af testen forel\u00e5, og at de seks \u00f8vrige alts\u00e5 har kunnet m\u00f8de p\u00e5 arbejde igen efter at v\u00e6re konstateret fri for smitte. De tre, der blev testet positive, er i selvisolation i hjemmet.<\/p>\n<p>&nbsp;<\/p>\n<p><strong>Plads til opdeling p\u00e5 centret<\/strong><\/p>\n<p>Mors\u00f8 Afklaringscenter best\u00e5r af et personale p\u00e5 40 medarbejdere, som under normale omst\u00e6ndigheder tager sig af op til 24 beboere. For tiden er der dog kun 10.<\/p>\n<p>&#8220;Jeg vil ikke kalde det held i uheld, for det er et forkert udtryk at bruge, men det giver plads til en god opdeling,&#8221; siger Rasmus Andreasen om arbejdssituationen netop nu.<\/p>\n<p>Ingen af beboerne p\u00e5 afklaringscentret er blevet testet for coronavirus, hvilket Rasmus Andreasen beskriver som helt efter anbefalingerne fra sundhedsmyndighederne.<\/p>\n<p>&#8220;Man skal kun teste, hvis der bliver noget med milde symptomer. Man tester ikke over en bred kam,&#8221; siger han, men tilf\u00f8jer, at Mors\u00f8 Kommune har iv\u00e6rksat en r\u00e6kke tiltag i forbindelse med situationen p\u00e5 Mors\u00f8 Afklaringscenter.<\/p>\n<p>&#8220;Nu er der selvf\u00f8lgelig sk\u00e6rpet opm\u00e6rksomhed om det, og det har personalet ogs\u00e5 f\u00e5et at vide, at de skal have,&#8221; siger Rasmus Andreasen.<\/p>\n<p>&nbsp;<\/p>\n<p><strong>Ny leder konstitueret<\/strong><\/p>\n<p>Han er p\u00e5 sin vis ikke overrasket over, at coronavirussen ogs\u00e5 har n\u00e5et et plejecenter p\u00e5 Mors, da det i de seneste dage er kommet frem, at der er tilf\u00e6lde af smitte hos beboere eller ansatte p\u00e5 plejecentre i halvdelen af landets kommuner.<\/p>\n<p>Samtidig oplyser han, at Anne Krogsgaard, leder af Ansgarshjemmet i \u00d8ster J\u00f8lby, er konstitueret som leder af Mors\u00f8 Afklaringscenter i den sygemeldte leders frav\u00e6r.<\/p>\n<p>KunMors har forh\u00f8rt sig hos Henning S\u00f8rensen (V), formand for det sociale udvalg i Mors\u00f8 Kommune, om situationen p\u00e5 Mors\u00f8 Afklaringscenter. Han har indtil videre ikke nogen politisk kommentar til situationen, men henviser til Rasmus Andreasen for information.<\/p>\n","protected":false},"excerpt":{"rendered":"<p>\u00d8STER J\u00d8LBY: Lederen og to ansatte fra Mors\u00f8 Afklaringscenter er g\u00e5et i isolation i hjemmet efter positive udfald af test for covid-19. Det bekr\u00e6fter Rasmus Andreasen, kommunikationskonsulent i Mors\u00f8 Kommune, som fort\u00e6ller, at lederen af afklaringscentret var den f\u00f8rste til at m\u00e6rke milde symptomer og derfor bad om at blive testet. &#8220;Den 16. april fik [&hellip;]<\/p>\n","protected":false},"author":8,"featured_media":14121,"comment_status":"open","ping_status":"open","sticky":false,"template":"","format":"standard","meta":{"_acf_changed":false,"footnotes":""},"categories":[51],"tags":[],"class_list":["post-18527","post","type-post","status-publish","format-standard","has-post-thumbnail","hentry","category-lokalt"],"acf":[],"yoast_head":"<!-- This site is optimized with the Yoast SEO plugin v26.8 - https:\/\/yoast.com\/product\/yoast-seo-wordpress\/ -->\n<title>Coronavirus p\u00e5 Mors\u00f8 Afklaringscenter: Tre ansatte er sendt hjem - Mors<\/title>\n<meta name=\"robots\" content=\"index, follow, max-snippet:-1, max-image-preview:large, max-video-preview:-1\" \/>\n<link rel=\"canonical\" href=\"https:\/\/kunmedierne.dk\/mors\/coronavirus-paa-morsoe-afklaringscenter-tre-ansatte-er-sendt-hjem\/\" \/>\n<meta property=\"og:locale\" content=\"da_DK\" \/>\n<meta property=\"og:type\" content=\"article\" \/>\n<meta property=\"og:title\" content=\"Coronavirus p\u00e5 Mors\u00f8 Afklaringscenter: Tre ansatte er sendt hjem - Mors\" \/>\n<meta property=\"og:description\" content=\"\u00d8STER J\u00d8LBY: Lederen og to ansatte fra Mors\u00f8 Afklaringscenter er g\u00e5et i isolation i hjemmet efter positive udfald af test for covid-19. Det bekr\u00e6fter Rasmus Andreasen, kommunikationskonsulent i Mors\u00f8 Kommune, som fort\u00e6ller, at lederen af afklaringscentret var den f\u00f8rste til at m\u00e6rke milde symptomer og derfor bad om at blive testet. &#8220;Den 16. april fik [&hellip;]\" \/>\n<meta property=\"og:url\" content=\"https:\/\/kunmedierne.dk\/mors\/coronavirus-paa-morsoe-afklaringscenter-tre-ansatte-er-sendt-hjem\/\" \/>\n<meta property=\"og:site_name\" content=\"Mors\" \/>\n<meta property=\"article:published_time\" content=\"2020-04-20T12:18:37+00:00\" \/>\n<meta property=\"article:modified_time\" content=\"2024-08-12T12:06:13+00:00\" \/>\n<meta property=\"og:image\" content=\"https:\/\/kunmedierne.dk\/mors\/wp-content\/uploads\/2020\/03\/200319-coronavirus.jpg\" \/>\n\t<meta property=\"og:image:width\" content=\"770\" \/>\n\t<meta property=\"og:image:height\" content=\"513\" \/>\n\t<meta property=\"og:image:type\" content=\"image\/jpeg\" \/>\n<meta name=\"author\" content=\"David H\u00f8jmark\" \/>\n<meta name=\"twitter:card\" content=\"summary_large_image\" \/>\n<meta name=\"twitter:label1\" content=\"Skrevet af\" \/>\n\t<meta name=\"twitter:data1\" content=\"David H\u00f8jmark\" \/>\n\t<meta name=\"twitter:label2\" content=\"Estimeret l\u00e6setid\" \/>\n\t<meta name=\"twitter:data2\" content=\"2 minutter\" \/>\n<script type=\"application\/ld+json\" class=\"yoast-schema-graph\">{\"@context\":\"https:\/\/schema.org\",\"@graph\":[{\"@type\":\"Article\",\"@id\":\"https:\/\/kunmedierne.dk\/mors\/coronavirus-paa-morsoe-afklaringscenter-tre-ansatte-er-sendt-hjem\/#article\",\"isPartOf\":{\"@id\":\"https:\/\/kunmedierne.dk\/mors\/coronavirus-paa-morsoe-afklaringscenter-tre-ansatte-er-sendt-hjem\/\"},\"author\":{\"name\":\"David H\u00f8jmark\",\"@id\":\"https:\/\/kunmedierne.dk\/mors\/#\/schema\/person\/5fe23251bf1d0abbcdc6f7896579d548\"},\"headline\":\"Coronavirus p\u00e5 Mors\u00f8 Afklaringscenter: Tre ansatte er sendt hjem\",\"datePublished\":\"2020-04-20T12:18:37+00:00\",\"dateModified\":\"2024-08-12T12:06:13+00:00\",\"mainEntityOfPage\":{\"@id\":\"https:\/\/kunmedierne.dk\/mors\/coronavirus-paa-morsoe-afklaringscenter-tre-ansatte-er-sendt-hjem\/\"},\"wordCount\":407,\"commentCount\":0,\"publisher\":{\"@id\":\"https:\/\/kunmedierne.dk\/mors\/#organization\"},\"image\":{\"@id\":\"https:\/\/kunmedierne.dk\/mors\/coronavirus-paa-morsoe-afklaringscenter-tre-ansatte-er-sendt-hjem\/#primaryimage\"},\"thumbnailUrl\":\"https:\/\/kunmedierne.dk\/mors\/wp-content\/uploads\/2020\/03\/200319-coronavirus.jpg\",\"articleSection\":[\"Lokalt\"],\"inLanguage\":\"da-DK\",\"potentialAction\":[{\"@type\":\"CommentAction\",\"name\":\"Comment\",\"target\":[\"https:\/\/kunmedierne.dk\/mors\/coronavirus-paa-morsoe-afklaringscenter-tre-ansatte-er-sendt-hjem\/#respond\"]}]},{\"@type\":\"WebPage\",\"@id\":\"https:\/\/kunmedierne.dk\/mors\/coronavirus-paa-morsoe-afklaringscenter-tre-ansatte-er-sendt-hjem\/\",\"url\":\"https:\/\/kunmedierne.dk\/mors\/coronavirus-paa-morsoe-afklaringscenter-tre-ansatte-er-sendt-hjem\/\",\"name\":\"Coronavirus p\u00e5 Mors\u00f8 Afklaringscenter: Tre ansatte er sendt hjem - Mors\",\"isPartOf\":{\"@id\":\"https:\/\/kunmedierne.dk\/mors\/#website\"},\"primaryImageOfPage\":{\"@id\":\"https:\/\/kunmedierne.dk\/mors\/coronavirus-paa-morsoe-afklaringscenter-tre-ansatte-er-sendt-hjem\/#primaryimage\"},\"image\":{\"@id\":\"https:\/\/kunmedierne.dk\/mors\/coronavirus-paa-morsoe-afklaringscenter-tre-ansatte-er-sendt-hjem\/#primaryimage\"},\"thumbnailUrl\":\"https:\/\/kunmedierne.dk\/mors\/wp-content\/uploads\/2020\/03\/200319-coronavirus.jpg\",\"datePublished\":\"2020-04-20T12:18:37+00:00\",\"dateModified\":\"2024-08-12T12:06:13+00:00\",\"breadcrumb\":{\"@id\":\"https:\/\/kunmedierne.dk\/mors\/coronavirus-paa-morsoe-afklaringscenter-tre-ansatte-er-sendt-hjem\/#breadcrumb\"},\"inLanguage\":\"da-DK\",\"potentialAction\":[{\"@type\":\"ReadAction\",\"target\":[\"https:\/\/kunmedierne.dk\/mors\/coronavirus-paa-morsoe-afklaringscenter-tre-ansatte-er-sendt-hjem\/\"]}]},{\"@type\":\"ImageObject\",\"inLanguage\":\"da-DK\",\"@id\":\"https:\/\/kunmedierne.dk\/mors\/coronavirus-paa-morsoe-afklaringscenter-tre-ansatte-er-sendt-hjem\/#primaryimage\",\"url\":\"https:\/\/kunmedierne.dk\/mors\/wp-content\/uploads\/2020\/03\/200319-coronavirus.jpg\",\"contentUrl\":\"https:\/\/kunmedierne.dk\/mors\/wp-content\/uploads\/2020\/03\/200319-coronavirus.jpg\",\"width\":770,\"height\":513,\"caption\":\"Coronavirus. Foto: Fusion Medical Animation\/Unsplash.\"},{\"@type\":\"BreadcrumbList\",\"@id\":\"https:\/\/kunmedierne.dk\/mors\/coronavirus-paa-morsoe-afklaringscenter-tre-ansatte-er-sendt-hjem\/#breadcrumb\",\"itemListElement\":[{\"@type\":\"ListItem\",\"position\":1,\"name\":\"Hjem\",\"item\":\"https:\/\/kunmedierne.dk\/mors\/\"},{\"@type\":\"ListItem\",\"position\":2,\"name\":\"Coronavirus p\u00e5 Mors\u00f8 Afklaringscenter: Tre ansatte er sendt hjem\"}]},{\"@type\":\"WebSite\",\"@id\":\"https:\/\/kunmedierne.dk\/mors\/#website\",\"url\":\"https:\/\/kunmedierne.dk\/mors\/\",\"name\":\"Mors\",\"description\":\"et netmedie med journalistik om livet p\u00e5 Mors\",\"publisher\":{\"@id\":\"https:\/\/kunmedierne.dk\/mors\/#organization\"},\"potentialAction\":[{\"@type\":\"SearchAction\",\"target\":{\"@type\":\"EntryPoint\",\"urlTemplate\":\"https:\/\/kunmedierne.dk\/mors\/?s={search_term_string}\"},\"query-input\":{\"@type\":\"PropertyValueSpecification\",\"valueRequired\":true,\"valueName\":\"search_term_string\"}}],\"inLanguage\":\"da-DK\"},{\"@type\":\"Organization\",\"@id\":\"https:\/\/kunmedierne.dk\/mors\/#organization\",\"name\":\"Mors\",\"url\":\"https:\/\/kunmedierne.dk\/mors\/\",\"logo\":{\"@type\":\"ImageObject\",\"inLanguage\":\"da-DK\",\"@id\":\"https:\/\/kunmedierne.dk\/mors\/#\/schema\/logo\/image\/\",\"url\":\"https:\/\/kunmedierne.dk\/mors\/wp-content\/uploads\/2024\/08\/kunmors-logo.svg\",\"contentUrl\":\"https:\/\/kunmedierne.dk\/mors\/wp-content\/uploads\/2024\/08\/kunmors-logo.svg\",\"caption\":\"Mors\"},\"image\":{\"@id\":\"https:\/\/kunmedierne.dk\/mors\/#\/schema\/logo\/image\/\"}},{\"@type\":\"Person\",\"@id\":\"https:\/\/kunmedierne.dk\/mors\/#\/schema\/person\/5fe23251bf1d0abbcdc6f7896579d548\",\"name\":\"David H\u00f8jmark\",\"image\":{\"@type\":\"ImageObject\",\"inLanguage\":\"da-DK\",\"@id\":\"https:\/\/kunmedierne.dk\/mors\/#\/schema\/person\/image\/\",\"url\":\"https:\/\/secure.gravatar.com\/avatar\/4315d6fb9ef244d729989f5f90268eb08d5bf8a3d84402f595fa194bb35784fd?s=96&d=mm&r=g\",\"contentUrl\":\"https:\/\/secure.gravatar.com\/avatar\/4315d6fb9ef244d729989f5f90268eb08d5bf8a3d84402f595fa194bb35784fd?s=96&d=mm&r=g\",\"caption\":\"David H\u00f8jmark\"},\"sameAs\":[\"https:\/\/www.kunmedierne.dk\"],\"url\":\"https:\/\/kunmedierne.dk\/mors\/author\/david\/\"}]}<\/script>\n<!-- \/ Yoast SEO plugin. -->","yoast_head_json":{"title":"Coronavirus p\u00e5 Mors\u00f8 Afklaringscenter: Tre ansatte er sendt hjem - Mors","robots":{"index":"index","follow":"follow","max-snippet":"max-snippet:-1","max-image-preview":"max-image-preview:large","max-video-preview":"max-video-preview:-1"},"canonical":"https:\/\/kunmedierne.dk\/mors\/coronavirus-paa-morsoe-afklaringscenter-tre-ansatte-er-sendt-hjem\/","og_locale":"da_DK","og_type":"article","og_title":"Coronavirus p\u00e5 Mors\u00f8 Afklaringscenter: Tre ansatte er sendt hjem - Mors","og_description":"\u00d8STER J\u00d8LBY: Lederen og to ansatte fra Mors\u00f8 Afklaringscenter er g\u00e5et i isolation i hjemmet efter positive udfald af test for covid-19. Det bekr\u00e6fter Rasmus Andreasen, kommunikationskonsulent i Mors\u00f8 Kommune, som fort\u00e6ller, at lederen af afklaringscentret var den f\u00f8rste til at m\u00e6rke milde symptomer og derfor bad om at blive testet. &#8220;Den 16. april fik [&hellip;]","og_url":"https:\/\/kunmedierne.dk\/mors\/coronavirus-paa-morsoe-afklaringscenter-tre-ansatte-er-sendt-hjem\/","og_site_name":"Mors","article_published_time":"2020-04-20T12:18:37+00:00","article_modified_time":"2024-08-12T12:06:13+00:00","og_image":[{"width":770,"height":513,"url":"https:\/\/kunmedierne.dk\/mors\/wp-content\/uploads\/2020\/03\/200319-coronavirus.jpg","type":"image\/jpeg"}],"author":"David H\u00f8jmark","twitter_card":"summary_large_image","twitter_misc":{"Skrevet af":"David H\u00f8jmark","Estimeret l\u00e6setid":"2 minutter"},"schema":{"@context":"https:\/\/schema.org","@graph":[{"@type":"Article","@id":"https:\/\/kunmedierne.dk\/mors\/coronavirus-paa-morsoe-afklaringscenter-tre-ansatte-er-sendt-hjem\/#article","isPartOf":{"@id":"https:\/\/kunmedierne.dk\/mors\/coronavirus-paa-morsoe-afklaringscenter-tre-ansatte-er-sendt-hjem\/"},"author":{"name":"David H\u00f8jmark","@id":"https:\/\/kunmedierne.dk\/mors\/#\/schema\/person\/5fe23251bf1d0abbcdc6f7896579d548"},"headline":"Coronavirus p\u00e5 Mors\u00f8 Afklaringscenter: Tre ansatte er sendt hjem","datePublished":"2020-04-20T12:18:37+00:00","dateModified":"2024-08-12T12:06:13+00:00","mainEntityOfPage":{"@id":"https:\/\/kunmedierne.dk\/mors\/coronavirus-paa-morsoe-afklaringscenter-tre-ansatte-er-sendt-hjem\/"},"wordCount":407,"commentCount":0,"publisher":{"@id":"https:\/\/kunmedierne.dk\/mors\/#organization"},"image":{"@id":"https:\/\/kunmedierne.dk\/mors\/coronavirus-paa-morsoe-afklaringscenter-tre-ansatte-er-sendt-hjem\/#primaryimage"},"thumbnailUrl":"https:\/\/kunmedierne.dk\/mors\/wp-content\/uploads\/2020\/03\/200319-coronavirus.jpg","articleSection":["Lokalt"],"inLanguage":"da-DK","potentialAction":[{"@type":"CommentAction","name":"Comment","target":["https:\/\/kunmedierne.dk\/mors\/coronavirus-paa-morsoe-afklaringscenter-tre-ansatte-er-sendt-hjem\/#respond"]}]},{"@type":"WebPage","@id":"https:\/\/kunmedierne.dk\/mors\/coronavirus-paa-morsoe-afklaringscenter-tre-ansatte-er-sendt-hjem\/","url":"https:\/\/kunmedierne.dk\/mors\/coronavirus-paa-morsoe-afklaringscenter-tre-ansatte-er-sendt-hjem\/","name":"Coronavirus p\u00e5 Mors\u00f8 Afklaringscenter: Tre ansatte er sendt hjem - Mors","isPartOf":{"@id":"https:\/\/kunmedierne.dk\/mors\/#website"},"primaryImageOfPage":{"@id":"https:\/\/kunmedierne.dk\/mors\/coronavirus-paa-morsoe-afklaringscenter-tre-ansatte-er-sendt-hjem\/#primaryimage"},"image":{"@id":"https:\/\/kunmedierne.dk\/mors\/coronavirus-paa-morsoe-afklaringscenter-tre-ansatte-er-sendt-hjem\/#primaryimage"},"thumbnailUrl":"https:\/\/kunmedierne.dk\/mors\/wp-content\/uploads\/2020\/03\/200319-coronavirus.jpg","datePublished":"2020-04-20T12:18:37+00:00","dateModified":"2024-08-12T12:06:13+00:00","breadcrumb":{"@id":"https:\/\/kunmedierne.dk\/mors\/coronavirus-paa-morsoe-afklaringscenter-tre-ansatte-er-sendt-hjem\/#breadcrumb"},"inLanguage":"da-DK","potentialAction":[{"@type":"ReadAction","target":["https:\/\/kunmedierne.dk\/mors\/coronavirus-paa-morsoe-afklaringscenter-tre-ansatte-er-sendt-hjem\/"]}]},{"@type":"ImageObject","inLanguage":"da-DK","@id":"https:\/\/kunmedierne.dk\/mors\/coronavirus-paa-morsoe-afklaringscenter-tre-ansatte-er-sendt-hjem\/#primaryimage","url":"https:\/\/kunmedierne.dk\/mors\/wp-content\/uploads\/2020\/03\/200319-coronavirus.jpg","contentUrl":"https:\/\/kunmedierne.dk\/mors\/wp-content\/uploads\/2020\/03\/200319-coronavirus.jpg","width":770,"height":513,"caption":"Coronavirus. Foto: Fusion Medical Animation\/Unsplash."},{"@type":"BreadcrumbList","@id":"https:\/\/kunmedierne.dk\/mors\/coronavirus-paa-morsoe-afklaringscenter-tre-ansatte-er-sendt-hjem\/#breadcrumb","itemListElement":[{"@type":"ListItem","position":1,"name":"Hjem","item":"https:\/\/kunmedierne.dk\/mors\/"},{"@type":"ListItem","position":2,"name":"Coronavirus p\u00e5 Mors\u00f8 Afklaringscenter: Tre ansatte er sendt hjem"}]},{"@type":"WebSite","@id":"https:\/\/kunmedierne.dk\/mors\/#website","url":"https:\/\/kunmedierne.dk\/mors\/","name":"Mors","description":"et netmedie med journalistik om livet p\u00e5 Mors","publisher":{"@id":"https:\/\/kunmedierne.dk\/mors\/#organization"},"potentialAction":[{"@type":"SearchAction","target":{"@type":"EntryPoint","urlTemplate":"https:\/\/kunmedierne.dk\/mors\/?s={search_term_string}"},"query-input":{"@type":"PropertyValueSpecification","valueRequired":true,"valueName":"search_term_string"}}],"inLanguage":"da-DK"},{"@type":"Organization","@id":"https:\/\/kunmedierne.dk\/mors\/#organization","name":"Mors","url":"https:\/\/kunmedierne.dk\/mors\/","logo":{"@type":"ImageObject","inLanguage":"da-DK","@id":"https:\/\/kunmedierne.dk\/mors\/#\/schema\/logo\/image\/","url":"https:\/\/kunmedierne.dk\/mors\/wp-content\/uploads\/2024\/08\/kunmors-logo.svg","contentUrl":"https:\/\/kunmedierne.dk\/mors\/wp-content\/uploads\/2024\/08\/kunmors-logo.svg","caption":"Mors"},"image":{"@id":"https:\/\/kunmedierne.dk\/mors\/#\/schema\/logo\/image\/"}},{"@type":"Person","@id":"https:\/\/kunmedierne.dk\/mors\/#\/schema\/person\/5fe23251bf1d0abbcdc6f7896579d548","name":"David H\u00f8jmark","image":{"@type":"ImageObject","inLanguage":"da-DK","@id":"https:\/\/kunmedierne.dk\/mors\/#\/schema\/person\/image\/","url":"https:\/\/secure.gravatar.com\/avatar\/4315d6fb9ef244d729989f5f90268eb08d5bf8a3d84402f595fa194bb35784fd?s=96&d=mm&r=g","contentUrl":"https:\/\/secure.gravatar.com\/avatar\/4315d6fb9ef244d729989f5f90268eb08d5bf8a3d84402f595fa194bb35784fd?s=96&d=mm&r=g","caption":"David H\u00f8jmark"},"sameAs":["https:\/\/www.kunmedierne.dk"],"url":"https:\/\/kunmedierne.dk\/mors\/author\/david\/"}]}},"_links":{"self":[{"href":"https:\/\/kunmedierne.dk\/mors\/wp-json\/wp\/v2\/posts\/18527","targetHints":{"allow":["GET"]}}],"collection":[{"href":"https:\/\/kunmedierne.dk\/mors\/wp-json\/wp\/v2\/posts"}],"about":[{"href":"https:\/\/kunmedierne.dk\/mors\/wp-json\/wp\/v2\/types\/post"}],"author":[{"embeddable":true,"href":"https:\/\/kunmedierne.dk\/mors\/wp-json\/wp\/v2\/users\/8"}],"replies":[{"embeddable":true,"href":"https:\/\/kunmedierne.dk\/mors\/wp-json\/wp\/v2\/comments?post=18527"}],"version-history":[{"count":1,"href":"https:\/\/kunmedierne.dk\/mors\/wp-json\/wp\/v2\/posts\/18527\/revisions"}],"predecessor-version":[{"id":18528,"href":"https:\/\/kunmedierne.dk\/mors\/wp-json\/wp\/v2\/posts\/18527\/revisions\/18528"}],"wp:featuredmedia":[{"embeddable":true,"href":"https:\/\/kunmedierne.dk\/mors\/wp-json\/wp\/v2\/media\/14121"}],"wp:attachment":[{"href":"https:\/\/kunmedierne.dk\/mors\/wp-json\/wp\/v2\/media?parent=18527"}],"wp:term":[{"taxonomy":"category","embeddable":true,"href":"https:\/\/kunmedierne.dk\/mors\/wp-json\/wp\/v2\/categories?post=18527"},{"taxonomy":"post_tag","embeddable":true,"href":"https:\/\/kunmedierne.dk\/mors\/wp-json\/wp\/v2\/tags?post=18527"}],"curies":[{"name":"wp","href":"https:\/\/api.w.org\/{rel}","templated":true}]}}