{"id":18509,"date":"2020-04-20T09:27:25","date_gmt":"2020-04-20T07:27:25","guid":{"rendered":"https:\/\/kunmedierne.dk\/mors\/?p=18509"},"modified":"2024-08-12T14:06:13","modified_gmt":"2024-08-12T12:06:13","slug":"endnu-et-indbrud-i-bmw-paa-fjordvej","status":"publish","type":"post","link":"https:\/\/kunmedierne.dk\/mors\/endnu-et-indbrud-i-bmw-paa-fjordvej\/","title":{"rendered":"Endnu et indbrud i BMW p\u00e5 Fjordvej"},"content":{"rendered":"<p><strong>NYK\u00d8BING<\/strong>: Endnu engang har der v\u00e6ret tyveri fra en BMW parkeret p\u00e5 Fjordvej i Nyk\u00f8bing. I l\u00f8bet af weekenden forsvandt rat og navigationsudstyr fra en BMW. Det var tredje gang inden for kort tid, at det skete. Senest var det mellem <a href=\"https:\/\/kunmedierne.dk\/mors\/sigtet-for-at-vaere-skyld-i-naturbrand-ved-oerding\/\" target=\"_blank\" rel=\"noopener noreferrer\">7. og 8. april<\/a>.<\/p>\n<p>&#8220;Vedkommende har lige n\u00e5et at f\u00e5 nyt rat og navigation i, og s\u00e5 blev det stj\u00e5let igen, ser det ud til,&#8221; siger J\u00f8rgen Jensen, politikommiss\u00e6r ved lokalpolitiet i Thisted, og tilf\u00f8jer, at den form for tyveri ellers ikke er en operation, man foretager s\u00e5 nemt.<\/p>\n<p><strong>NYK\u00d8BING<\/strong>: I en lejlighed p\u00e5 MC Holms Gade i Nyk\u00f8bing blev der mellem torsdag og fredag i sidste uge beg\u00e5et et indbrud. Et vindue blev brudt op, og der blev taget diverse el-v\u00e6rkt\u00f8j samt andet v\u00e6rkt\u00f8j med derfra. V\u00e6rdien af det stj\u00e5lne er endnu ikke opgjort.<\/p>\n<p><strong>\u00d8STER J\u00d8LBY<\/strong>: Som omtalt p\u00e5 KunMors <a href=\"https:\/\/kunmedierne.dk\/mors\/ukrudtsbraender-foraarsagede-brand-i-oester-joelby\/\">fredag<\/a>, opstod der fredag aften brand i en carport i \u00d8ster J\u00f8lby. Ilden, der endte med at fort\u00e6re hele carporten og beskadige naboens, opstod ved brug af en ukrudtsbr\u00e6nder. En 70-\u00e5rig kvinde fra Mors, der hjalp sin s\u00f8n med at fjerne ukrudt, er blevet sigtet for overtr\u00e6delse af beredskabsloven.<\/p>\n<p><strong>SDR. DR\u00c5BY<\/strong>: P\u00e5 Feggesundvej i krydset ved Ejerslev skete der natten til l\u00f8rdag efter klokken to et trafikuheld, da en 18-\u00e5rig mand fra Mors kom k\u00f8rende ad Ejerslevvej mod vest. If\u00f8lge sin forklaring til politiet kiggede han p\u00e5 et tidspunkt ned p\u00e5 speedometeret og blev s\u00e5 bl\u00e6ndet af reflekterende lys med det resultat, at bilen havnede i en to meter h\u00f8j gr\u00f8ft i krydset. B\u00e5de den 18-\u00e5rige og hans medpassager blev k\u00f8rt til tjek p\u00e5 Thisted Sygehus, men slap uden alvorlige skader.<\/p>\n<p><strong>VILS<\/strong>: Fra en have p\u00e5 N\u00e6ssundvej i Thisted blev der i tidsrummet mellem torsdag og l\u00f8rdag stj\u00e5let et havebord til en v\u00e6rdi af 2000 kroner.<\/p>\n<p><strong>NYK\u00d8BING<\/strong>: Mellem fredag og s\u00f8ndag skete det et indbrud i en villa p\u00e5 Jasminvej i Nyk\u00f8bing. En terrassed\u00f8r blev opbrudt, og tre PH-loftslamper, en r\u00f8d sofa af m\u00e6rket Svanen og et smykkeskrin blev taget derfra. V\u00e6rdien af det stj\u00e5lne er ikke opgjort endnu.<\/p>\n<p><strong>NYK\u00d8BING<\/strong>: Mellem l\u00f8rdag og s\u00f8ndag blev et vindue til en k\u00e6lder p\u00e5 Birkevej i Nyk\u00f8bing brudt op. Det skabte efterf\u00f8lgende adgang til stueetagen. Man ved endnu ikke, hvad der er stj\u00e5let fra villaen.<\/p>\n","protected":false},"excerpt":{"rendered":"<p>NYK\u00d8BING: Endnu engang har der v\u00e6ret tyveri fra en BMW parkeret p\u00e5 Fjordvej i Nyk\u00f8bing. I l\u00f8bet af weekenden forsvandt rat og navigationsudstyr fra en BMW. Det var tredje gang inden for kort tid, at det skete. Senest var det mellem 7. og 8. april. &#8220;Vedkommende har lige n\u00e5et at f\u00e5 nyt rat og navigation [&hellip;]<\/p>\n","protected":false},"author":8,"featured_media":14198,"comment_status":"open","ping_status":"open","sticky":false,"template":"","format":"standard","meta":{"_acf_changed":false,"footnotes":""},"categories":[54,51],"tags":[],"class_list":["post-18509","post","type-post","status-publish","format-standard","has-post-thumbnail","hentry","category-54","category-lokalt"],"acf":[],"yoast_head":"<!-- This site is optimized with the Yoast SEO plugin v26.8 - https:\/\/yoast.com\/product\/yoast-seo-wordpress\/ -->\n<title>Endnu et indbrud i BMW p\u00e5 Fjordvej - Mors<\/title>\n<meta name=\"robots\" content=\"index, follow, max-snippet:-1, max-image-preview:large, max-video-preview:-1\" \/>\n<link rel=\"canonical\" href=\"https:\/\/kunmedierne.dk\/mors\/endnu-et-indbrud-i-bmw-paa-fjordvej\/\" \/>\n<meta property=\"og:locale\" content=\"da_DK\" \/>\n<meta property=\"og:type\" content=\"article\" \/>\n<meta property=\"og:title\" content=\"Endnu et indbrud i BMW p\u00e5 Fjordvej - Mors\" \/>\n<meta property=\"og:description\" content=\"NYK\u00d8BING: Endnu engang har der v\u00e6ret tyveri fra en BMW parkeret p\u00e5 Fjordvej i Nyk\u00f8bing. I l\u00f8bet af weekenden forsvandt rat og navigationsudstyr fra en BMW. Det var tredje gang inden for kort tid, at det skete. Senest var det mellem 7. og 8. april. &#8220;Vedkommende har lige n\u00e5et at f\u00e5 nyt rat og navigation [&hellip;]\" \/>\n<meta property=\"og:url\" content=\"https:\/\/kunmedierne.dk\/mors\/endnu-et-indbrud-i-bmw-paa-fjordvej\/\" \/>\n<meta property=\"og:site_name\" content=\"Mors\" \/>\n<meta property=\"article:published_time\" content=\"2020-04-20T07:27:25+00:00\" \/>\n<meta property=\"article:modified_time\" content=\"2024-08-12T12:06:13+00:00\" \/>\n<meta property=\"og:image\" content=\"https:\/\/kunmedierne.dk\/mors\/wp-content\/uploads\/2020\/03\/politi-logo.jpg\" \/>\n\t<meta property=\"og:image:width\" content=\"770\" \/>\n\t<meta property=\"og:image:height\" content=\"513\" \/>\n\t<meta property=\"og:image:type\" content=\"image\/jpeg\" \/>\n<meta name=\"author\" content=\"David H\u00f8jmark\" \/>\n<meta name=\"twitter:card\" content=\"summary_large_image\" \/>\n<meta name=\"twitter:label1\" content=\"Skrevet af\" \/>\n\t<meta name=\"twitter:data1\" content=\"David H\u00f8jmark\" \/>\n\t<meta name=\"twitter:label2\" content=\"Estimeret l\u00e6setid\" \/>\n\t<meta name=\"twitter:data2\" content=\"2 minutter\" \/>\n<script type=\"application\/ld+json\" class=\"yoast-schema-graph\">{\"@context\":\"https:\/\/schema.org\",\"@graph\":[{\"@type\":\"Article\",\"@id\":\"https:\/\/kunmedierne.dk\/mors\/endnu-et-indbrud-i-bmw-paa-fjordvej\/#article\",\"isPartOf\":{\"@id\":\"https:\/\/kunmedierne.dk\/mors\/endnu-et-indbrud-i-bmw-paa-fjordvej\/\"},\"author\":{\"name\":\"David H\u00f8jmark\",\"@id\":\"https:\/\/kunmedierne.dk\/mors\/#\/schema\/person\/5fe23251bf1d0abbcdc6f7896579d548\"},\"headline\":\"Endnu et indbrud i BMW p\u00e5 Fjordvej\",\"datePublished\":\"2020-04-20T07:27:25+00:00\",\"dateModified\":\"2024-08-12T12:06:13+00:00\",\"mainEntityOfPage\":{\"@id\":\"https:\/\/kunmedierne.dk\/mors\/endnu-et-indbrud-i-bmw-paa-fjordvej\/\"},\"wordCount\":433,\"commentCount\":0,\"publisher\":{\"@id\":\"https:\/\/kunmedierne.dk\/mors\/#organization\"},\"image\":{\"@id\":\"https:\/\/kunmedierne.dk\/mors\/endnu-et-indbrud-i-bmw-paa-fjordvej\/#primaryimage\"},\"thumbnailUrl\":\"https:\/\/kunmedierne.dk\/mors\/wp-content\/uploads\/2020\/03\/politi-logo.jpg\",\"articleSection\":[\"112\",\"Lokalt\"],\"inLanguage\":\"da-DK\",\"potentialAction\":[{\"@type\":\"CommentAction\",\"name\":\"Comment\",\"target\":[\"https:\/\/kunmedierne.dk\/mors\/endnu-et-indbrud-i-bmw-paa-fjordvej\/#respond\"]}]},{\"@type\":\"WebPage\",\"@id\":\"https:\/\/kunmedierne.dk\/mors\/endnu-et-indbrud-i-bmw-paa-fjordvej\/\",\"url\":\"https:\/\/kunmedierne.dk\/mors\/endnu-et-indbrud-i-bmw-paa-fjordvej\/\",\"name\":\"Endnu et indbrud i BMW p\u00e5 Fjordvej - Mors\",\"isPartOf\":{\"@id\":\"https:\/\/kunmedierne.dk\/mors\/#website\"},\"primaryImageOfPage\":{\"@id\":\"https:\/\/kunmedierne.dk\/mors\/endnu-et-indbrud-i-bmw-paa-fjordvej\/#primaryimage\"},\"image\":{\"@id\":\"https:\/\/kunmedierne.dk\/mors\/endnu-et-indbrud-i-bmw-paa-fjordvej\/#primaryimage\"},\"thumbnailUrl\":\"https:\/\/kunmedierne.dk\/mors\/wp-content\/uploads\/2020\/03\/politi-logo.jpg\",\"datePublished\":\"2020-04-20T07:27:25+00:00\",\"dateModified\":\"2024-08-12T12:06:13+00:00\",\"breadcrumb\":{\"@id\":\"https:\/\/kunmedierne.dk\/mors\/endnu-et-indbrud-i-bmw-paa-fjordvej\/#breadcrumb\"},\"inLanguage\":\"da-DK\",\"potentialAction\":[{\"@type\":\"ReadAction\",\"target\":[\"https:\/\/kunmedierne.dk\/mors\/endnu-et-indbrud-i-bmw-paa-fjordvej\/\"]}]},{\"@type\":\"ImageObject\",\"inLanguage\":\"da-DK\",\"@id\":\"https:\/\/kunmedierne.dk\/mors\/endnu-et-indbrud-i-bmw-paa-fjordvej\/#primaryimage\",\"url\":\"https:\/\/kunmedierne.dk\/mors\/wp-content\/uploads\/2020\/03\/politi-logo.jpg\",\"contentUrl\":\"https:\/\/kunmedierne.dk\/mors\/wp-content\/uploads\/2020\/03\/politi-logo.jpg\",\"width\":770,\"height\":513,\"caption\":\"Foto: Rigspolitiet\"},{\"@type\":\"BreadcrumbList\",\"@id\":\"https:\/\/kunmedierne.dk\/mors\/endnu-et-indbrud-i-bmw-paa-fjordvej\/#breadcrumb\",\"itemListElement\":[{\"@type\":\"ListItem\",\"position\":1,\"name\":\"Hjem\",\"item\":\"https:\/\/kunmedierne.dk\/mors\/\"},{\"@type\":\"ListItem\",\"position\":2,\"name\":\"Endnu et indbrud i BMW p\u00e5 Fjordvej\"}]},{\"@type\":\"WebSite\",\"@id\":\"https:\/\/kunmedierne.dk\/mors\/#website\",\"url\":\"https:\/\/kunmedierne.dk\/mors\/\",\"name\":\"Mors\",\"description\":\"et netmedie med journalistik om livet p\u00e5 Mors\",\"publisher\":{\"@id\":\"https:\/\/kunmedierne.dk\/mors\/#organization\"},\"potentialAction\":[{\"@type\":\"SearchAction\",\"target\":{\"@type\":\"EntryPoint\",\"urlTemplate\":\"https:\/\/kunmedierne.dk\/mors\/?s={search_term_string}\"},\"query-input\":{\"@type\":\"PropertyValueSpecification\",\"valueRequired\":true,\"valueName\":\"search_term_string\"}}],\"inLanguage\":\"da-DK\"},{\"@type\":\"Organization\",\"@id\":\"https:\/\/kunmedierne.dk\/mors\/#organization\",\"name\":\"Mors\",\"url\":\"https:\/\/kunmedierne.dk\/mors\/\",\"logo\":{\"@type\":\"ImageObject\",\"inLanguage\":\"da-DK\",\"@id\":\"https:\/\/kunmedierne.dk\/mors\/#\/schema\/logo\/image\/\",\"url\":\"https:\/\/kunmedierne.dk\/mors\/wp-content\/uploads\/2024\/08\/kunmors-logo.svg\",\"contentUrl\":\"https:\/\/kunmedierne.dk\/mors\/wp-content\/uploads\/2024\/08\/kunmors-logo.svg\",\"caption\":\"Mors\"},\"image\":{\"@id\":\"https:\/\/kunmedierne.dk\/mors\/#\/schema\/logo\/image\/\"}},{\"@type\":\"Person\",\"@id\":\"https:\/\/kunmedierne.dk\/mors\/#\/schema\/person\/5fe23251bf1d0abbcdc6f7896579d548\",\"name\":\"David H\u00f8jmark\",\"image\":{\"@type\":\"ImageObject\",\"inLanguage\":\"da-DK\",\"@id\":\"https:\/\/kunmedierne.dk\/mors\/#\/schema\/person\/image\/\",\"url\":\"https:\/\/secure.gravatar.com\/avatar\/4315d6fb9ef244d729989f5f90268eb08d5bf8a3d84402f595fa194bb35784fd?s=96&d=mm&r=g\",\"contentUrl\":\"https:\/\/secure.gravatar.com\/avatar\/4315d6fb9ef244d729989f5f90268eb08d5bf8a3d84402f595fa194bb35784fd?s=96&d=mm&r=g\",\"caption\":\"David H\u00f8jmark\"},\"sameAs\":[\"https:\/\/www.kunmedierne.dk\"],\"url\":\"https:\/\/kunmedierne.dk\/mors\/author\/david\/\"}]}<\/script>\n<!-- \/ Yoast SEO plugin. -->","yoast_head_json":{"title":"Endnu et indbrud i BMW p\u00e5 Fjordvej - Mors","robots":{"index":"index","follow":"follow","max-snippet":"max-snippet:-1","max-image-preview":"max-image-preview:large","max-video-preview":"max-video-preview:-1"},"canonical":"https:\/\/kunmedierne.dk\/mors\/endnu-et-indbrud-i-bmw-paa-fjordvej\/","og_locale":"da_DK","og_type":"article","og_title":"Endnu et indbrud i BMW p\u00e5 Fjordvej - Mors","og_description":"NYK\u00d8BING: Endnu engang har der v\u00e6ret tyveri fra en BMW parkeret p\u00e5 Fjordvej i Nyk\u00f8bing. I l\u00f8bet af weekenden forsvandt rat og navigationsudstyr fra en BMW. Det var tredje gang inden for kort tid, at det skete. Senest var det mellem 7. og 8. april. &#8220;Vedkommende har lige n\u00e5et at f\u00e5 nyt rat og navigation [&hellip;]","og_url":"https:\/\/kunmedierne.dk\/mors\/endnu-et-indbrud-i-bmw-paa-fjordvej\/","og_site_name":"Mors","article_published_time":"2020-04-20T07:27:25+00:00","article_modified_time":"2024-08-12T12:06:13+00:00","og_image":[{"width":770,"height":513,"url":"https:\/\/kunmedierne.dk\/mors\/wp-content\/uploads\/2020\/03\/politi-logo.jpg","type":"image\/jpeg"}],"author":"David H\u00f8jmark","twitter_card":"summary_large_image","twitter_misc":{"Skrevet af":"David H\u00f8jmark","Estimeret l\u00e6setid":"2 minutter"},"schema":{"@context":"https:\/\/schema.org","@graph":[{"@type":"Article","@id":"https:\/\/kunmedierne.dk\/mors\/endnu-et-indbrud-i-bmw-paa-fjordvej\/#article","isPartOf":{"@id":"https:\/\/kunmedierne.dk\/mors\/endnu-et-indbrud-i-bmw-paa-fjordvej\/"},"author":{"name":"David H\u00f8jmark","@id":"https:\/\/kunmedierne.dk\/mors\/#\/schema\/person\/5fe23251bf1d0abbcdc6f7896579d548"},"headline":"Endnu et indbrud i BMW p\u00e5 Fjordvej","datePublished":"2020-04-20T07:27:25+00:00","dateModified":"2024-08-12T12:06:13+00:00","mainEntityOfPage":{"@id":"https:\/\/kunmedierne.dk\/mors\/endnu-et-indbrud-i-bmw-paa-fjordvej\/"},"wordCount":433,"commentCount":0,"publisher":{"@id":"https:\/\/kunmedierne.dk\/mors\/#organization"},"image":{"@id":"https:\/\/kunmedierne.dk\/mors\/endnu-et-indbrud-i-bmw-paa-fjordvej\/#primaryimage"},"thumbnailUrl":"https:\/\/kunmedierne.dk\/mors\/wp-content\/uploads\/2020\/03\/politi-logo.jpg","articleSection":["112","Lokalt"],"inLanguage":"da-DK","potentialAction":[{"@type":"CommentAction","name":"Comment","target":["https:\/\/kunmedierne.dk\/mors\/endnu-et-indbrud-i-bmw-paa-fjordvej\/#respond"]}]},{"@type":"WebPage","@id":"https:\/\/kunmedierne.dk\/mors\/endnu-et-indbrud-i-bmw-paa-fjordvej\/","url":"https:\/\/kunmedierne.dk\/mors\/endnu-et-indbrud-i-bmw-paa-fjordvej\/","name":"Endnu et indbrud i BMW p\u00e5 Fjordvej - Mors","isPartOf":{"@id":"https:\/\/kunmedierne.dk\/mors\/#website"},"primaryImageOfPage":{"@id":"https:\/\/kunmedierne.dk\/mors\/endnu-et-indbrud-i-bmw-paa-fjordvej\/#primaryimage"},"image":{"@id":"https:\/\/kunmedierne.dk\/mors\/endnu-et-indbrud-i-bmw-paa-fjordvej\/#primaryimage"},"thumbnailUrl":"https:\/\/kunmedierne.dk\/mors\/wp-content\/uploads\/2020\/03\/politi-logo.jpg","datePublished":"2020-04-20T07:27:25+00:00","dateModified":"2024-08-12T12:06:13+00:00","breadcrumb":{"@id":"https:\/\/kunmedierne.dk\/mors\/endnu-et-indbrud-i-bmw-paa-fjordvej\/#breadcrumb"},"inLanguage":"da-DK","potentialAction":[{"@type":"ReadAction","target":["https:\/\/kunmedierne.dk\/mors\/endnu-et-indbrud-i-bmw-paa-fjordvej\/"]}]},{"@type":"ImageObject","inLanguage":"da-DK","@id":"https:\/\/kunmedierne.dk\/mors\/endnu-et-indbrud-i-bmw-paa-fjordvej\/#primaryimage","url":"https:\/\/kunmedierne.dk\/mors\/wp-content\/uploads\/2020\/03\/politi-logo.jpg","contentUrl":"https:\/\/kunmedierne.dk\/mors\/wp-content\/uploads\/2020\/03\/politi-logo.jpg","width":770,"height":513,"caption":"Foto: Rigspolitiet"},{"@type":"BreadcrumbList","@id":"https:\/\/kunmedierne.dk\/mors\/endnu-et-indbrud-i-bmw-paa-fjordvej\/#breadcrumb","itemListElement":[{"@type":"ListItem","position":1,"name":"Hjem","item":"https:\/\/kunmedierne.dk\/mors\/"},{"@type":"ListItem","position":2,"name":"Endnu et indbrud i BMW p\u00e5 Fjordvej"}]},{"@type":"WebSite","@id":"https:\/\/kunmedierne.dk\/mors\/#website","url":"https:\/\/kunmedierne.dk\/mors\/","name":"Mors","description":"et netmedie med journalistik om livet p\u00e5 Mors","publisher":{"@id":"https:\/\/kunmedierne.dk\/mors\/#organization"},"potentialAction":[{"@type":"SearchAction","target":{"@type":"EntryPoint","urlTemplate":"https:\/\/kunmedierne.dk\/mors\/?s={search_term_string}"},"query-input":{"@type":"PropertyValueSpecification","valueRequired":true,"valueName":"search_term_string"}}],"inLanguage":"da-DK"},{"@type":"Organization","@id":"https:\/\/kunmedierne.dk\/mors\/#organization","name":"Mors","url":"https:\/\/kunmedierne.dk\/mors\/","logo":{"@type":"ImageObject","inLanguage":"da-DK","@id":"https:\/\/kunmedierne.dk\/mors\/#\/schema\/logo\/image\/","url":"https:\/\/kunmedierne.dk\/mors\/wp-content\/uploads\/2024\/08\/kunmors-logo.svg","contentUrl":"https:\/\/kunmedierne.dk\/mors\/wp-content\/uploads\/2024\/08\/kunmors-logo.svg","caption":"Mors"},"image":{"@id":"https:\/\/kunmedierne.dk\/mors\/#\/schema\/logo\/image\/"}},{"@type":"Person","@id":"https:\/\/kunmedierne.dk\/mors\/#\/schema\/person\/5fe23251bf1d0abbcdc6f7896579d548","name":"David H\u00f8jmark","image":{"@type":"ImageObject","inLanguage":"da-DK","@id":"https:\/\/kunmedierne.dk\/mors\/#\/schema\/person\/image\/","url":"https:\/\/secure.gravatar.com\/avatar\/4315d6fb9ef244d729989f5f90268eb08d5bf8a3d84402f595fa194bb35784fd?s=96&d=mm&r=g","contentUrl":"https:\/\/secure.gravatar.com\/avatar\/4315d6fb9ef244d729989f5f90268eb08d5bf8a3d84402f595fa194bb35784fd?s=96&d=mm&r=g","caption":"David H\u00f8jmark"},"sameAs":["https:\/\/www.kunmedierne.dk"],"url":"https:\/\/kunmedierne.dk\/mors\/author\/david\/"}]}},"_links":{"self":[{"href":"https:\/\/kunmedierne.dk\/mors\/wp-json\/wp\/v2\/posts\/18509","targetHints":{"allow":["GET"]}}],"collection":[{"href":"https:\/\/kunmedierne.dk\/mors\/wp-json\/wp\/v2\/posts"}],"about":[{"href":"https:\/\/kunmedierne.dk\/mors\/wp-json\/wp\/v2\/types\/post"}],"author":[{"embeddable":true,"href":"https:\/\/kunmedierne.dk\/mors\/wp-json\/wp\/v2\/users\/8"}],"replies":[{"embeddable":true,"href":"https:\/\/kunmedierne.dk\/mors\/wp-json\/wp\/v2\/comments?post=18509"}],"version-history":[{"count":2,"href":"https:\/\/kunmedierne.dk\/mors\/wp-json\/wp\/v2\/posts\/18509\/revisions"}],"predecessor-version":[{"id":18514,"href":"https:\/\/kunmedierne.dk\/mors\/wp-json\/wp\/v2\/posts\/18509\/revisions\/18514"}],"wp:featuredmedia":[{"embeddable":true,"href":"https:\/\/kunmedierne.dk\/mors\/wp-json\/wp\/v2\/media\/14198"}],"wp:attachment":[{"href":"https:\/\/kunmedierne.dk\/mors\/wp-json\/wp\/v2\/media?parent=18509"}],"wp:term":[{"taxonomy":"category","embeddable":true,"href":"https:\/\/kunmedierne.dk\/mors\/wp-json\/wp\/v2\/categories?post=18509"},{"taxonomy":"post_tag","embeddable":true,"href":"https:\/\/kunmedierne.dk\/mors\/wp-json\/wp\/v2\/tags?post=18509"}],"curies":[{"name":"wp","href":"https:\/\/api.w.org\/{rel}","templated":true}]}}