{"id":18475,"date":"2020-04-19T16:49:01","date_gmt":"2020-04-19T14:49:01","guid":{"rendered":"https:\/\/kunmedierne.dk\/mors\/?p=18475"},"modified":"2024-08-12T14:06:13","modified_gmt":"2024-08-12T12:06:13","slug":"det-store-tryk-kommer-foerst-nu","status":"publish","type":"post","link":"https:\/\/kunmedierne.dk\/mors\/det-store-tryk-kommer-foerst-nu\/","title":{"rendered":"Det store tryk kommer f\u00f8rst nu"},"content":{"rendered":"<p><strong>MORS<\/strong>: De tre dage med genoplukkede skoler og institutioner p\u00e5 Mors var kun f\u00f8rste skridt p\u00e5 vejen for s\u00e5vel b\u00f8rn som voksne.<\/p>\n<p>S\u00e5dan lyder forventningen fra Michael Dahlgaard, chef for skole og dagtilbud i Mors\u00f8 Kommune. For nok m\u00f8dte n\u00e6sten alle skoleb\u00f8rn ind til undervisning, da det onsdag, torsdag og fredag igen blev muligt for de yngste skoleelever. Men for b\u00f8rn i dagplejer og vuggestuer var det kun omkring halvdelen, der dukkede op.<\/p>\n<p>Michael Dahlgaard\u00a0har forh\u00f8rt sig hos institutionsledere med kontakt til for\u00e6ldrene, og forventningen er, at mange flere af de mindste m\u00f8der op mandag morgen. Samtidig har han fuld forst\u00e5else for, at mange for\u00e6ldre holdt deres b\u00f8rn hjemme nogle dage ekstra.<\/p>\n<p>&#8220;Det var jo midt p\u00e5 ugen, og jeg kan godt forst\u00e5 den for\u00e6ldretilgang, at man lige ville lade det komme i gang &#8211; og s\u00e5 er man med fra mandag,&#8221; siger Michael Dahlgaard.<\/p>\n<p>Han beskriver gen\u00e5bningen af skoler og institutioner i Mors\u00f8 Kommune som vellykket, men med mange nye udfordringer.<\/p>\n<p>&#8220;Det har v\u00e6ret h\u00e6sbl\u00e6sende for alle i starten. B\u00e5de planl\u00e6gningsm\u00e6ssigt, hvor det prim\u00e6rt er ledelse, og s\u00e5 i forhold til nogle medarbejdere, der skulle blive klar,&#8221; siger han og vurderer, at kreativ t\u00e6nkning har l\u00f8st s\u00e5 godt som alle udfordringer i en hverdag, der nok er vendt tilbage, men som slet ikke er som f\u00f8r.<\/p>\n<p>Og hverken elever, for\u00e6ldre eller personale har beklaget sig over forl\u00f8bet i de f\u00f8rste dage, fort\u00e6ller Michael Dahlgaard.<\/p>\n<p>&#8220;Jeg skal ikke kunne afvise, at en institutionsleder har h\u00f8rt et lille pip, men jeg har ikke selv h\u00f8rt noget,&#8221; siger han.<\/p>\n<p>&nbsp;<\/p>\n<p><strong>Har l\u00e6rt at g\u00f8re det modsatte<\/strong><\/p>\n<p>Mandag f\u00e5r \u00f8ens p\u00e6dagoger s\u00e5 endnu mere at se til &#8211; og den nye udfordring med at holde afstand bliver udsat for et endnu st\u00f8rre tryk fra en m\u00e5lgruppe, der g\u00e5r efter alt andet end at holde afstand.<\/p>\n<p>&#8220;Det er det med, at man skal have en fuldst\u00e6ndig anden omgang med b\u00f8rnene end den, der giver mening. B\u00f8rn har brug for n\u00e6rv\u00e6r og fysisk kontakt &#8211; og der skal man lige v\u00e6nne sig til at finde nogle veje. Det er sv\u00e6rt,&#8221; siger Michael Dahlgaard og sammenligner med sin egen vane med at give h\u00e5nden, n\u00e5r han m\u00f8der folk &#8211; og nu skulle v\u00e6nne sig til ikke at g\u00f8re det.<\/p>\n<p>For p\u00e6dagoger er udfordringen naturligt nok endnu st\u00f8rre, n\u00e5r de b\u00e5de skal l\u00e6re b\u00f8rnene at holde afstand og selv v\u00e6re p\u00e5passelig med at m\u00f8de b\u00f8rnene med samme n\u00e6rv\u00e6r som f\u00f8r coronakrisen.<\/p>\n<p>&#8220;De har s\u00e5dan set l\u00e6rt at g\u00f8re det modsatte,&#8221; siger Michael Dahlgaard.<\/p>\n","protected":false},"excerpt":{"rendered":"<p>MORS: De tre dage med genoplukkede skoler og institutioner p\u00e5 Mors var kun f\u00f8rste skridt p\u00e5 vejen for s\u00e5vel b\u00f8rn som voksne. S\u00e5dan lyder forventningen fra Michael Dahlgaard, chef for skole og dagtilbud i Mors\u00f8 Kommune. For nok m\u00f8dte n\u00e6sten alle skoleb\u00f8rn ind til undervisning, da det onsdag, torsdag og fredag igen blev muligt for [&hellip;]<\/p>\n","protected":false},"author":8,"featured_media":18479,"comment_status":"open","ping_status":"open","sticky":false,"template":"","format":"standard","meta":{"_acf_changed":false,"footnotes":""},"categories":[51],"tags":[170],"class_list":["post-18475","post","type-post","status-publish","format-standard","has-post-thumbnail","hentry","category-lokalt","tag-uddannelse"],"acf":[],"yoast_head":"<!-- This site is optimized with the Yoast SEO plugin v26.8 - https:\/\/yoast.com\/product\/yoast-seo-wordpress\/ -->\n<title>Det store tryk kommer f\u00f8rst nu - Mors<\/title>\n<meta name=\"robots\" content=\"index, follow, max-snippet:-1, max-image-preview:large, max-video-preview:-1\" \/>\n<link rel=\"canonical\" href=\"https:\/\/kunmedierne.dk\/mors\/det-store-tryk-kommer-foerst-nu\/\" \/>\n<meta property=\"og:locale\" content=\"da_DK\" \/>\n<meta property=\"og:type\" content=\"article\" \/>\n<meta property=\"og:title\" content=\"Det store tryk kommer f\u00f8rst nu - Mors\" \/>\n<meta property=\"og:description\" content=\"MORS: De tre dage med genoplukkede skoler og institutioner p\u00e5 Mors var kun f\u00f8rste skridt p\u00e5 vejen for s\u00e5vel b\u00f8rn som voksne. S\u00e5dan lyder forventningen fra Michael Dahlgaard, chef for skole og dagtilbud i Mors\u00f8 Kommune. For nok m\u00f8dte n\u00e6sten alle skoleb\u00f8rn ind til undervisning, da det onsdag, torsdag og fredag igen blev muligt for [&hellip;]\" \/>\n<meta property=\"og:url\" content=\"https:\/\/kunmedierne.dk\/mors\/det-store-tryk-kommer-foerst-nu\/\" \/>\n<meta property=\"og:site_name\" content=\"Mors\" \/>\n<meta property=\"article:published_time\" content=\"2020-04-19T14:49:01+00:00\" \/>\n<meta property=\"article:modified_time\" content=\"2024-08-12T12:06:13+00:00\" \/>\n<meta property=\"og:image\" content=\"https:\/\/kunmedierne.dk\/mors\/wp-content\/uploads\/2020\/04\/bbc-creative-1w20Cysy1cg-unsplash.jpg\" \/>\n\t<meta property=\"og:image:width\" content=\"770\" \/>\n\t<meta property=\"og:image:height\" content=\"513\" \/>\n\t<meta property=\"og:image:type\" content=\"image\/jpeg\" \/>\n<meta name=\"author\" content=\"David H\u00f8jmark\" \/>\n<meta name=\"twitter:card\" content=\"summary_large_image\" \/>\n<meta name=\"twitter:label1\" content=\"Skrevet af\" \/>\n\t<meta name=\"twitter:data1\" content=\"David H\u00f8jmark\" \/>\n\t<meta name=\"twitter:label2\" content=\"Estimeret l\u00e6setid\" \/>\n\t<meta name=\"twitter:data2\" content=\"2 minutter\" \/>\n<script type=\"application\/ld+json\" class=\"yoast-schema-graph\">{\"@context\":\"https:\/\/schema.org\",\"@graph\":[{\"@type\":\"Article\",\"@id\":\"https:\/\/kunmedierne.dk\/mors\/det-store-tryk-kommer-foerst-nu\/#article\",\"isPartOf\":{\"@id\":\"https:\/\/kunmedierne.dk\/mors\/det-store-tryk-kommer-foerst-nu\/\"},\"author\":{\"name\":\"David H\u00f8jmark\",\"@id\":\"https:\/\/kunmedierne.dk\/mors\/#\/schema\/person\/5fe23251bf1d0abbcdc6f7896579d548\"},\"headline\":\"Det store tryk kommer f\u00f8rst nu\",\"datePublished\":\"2020-04-19T14:49:01+00:00\",\"dateModified\":\"2024-08-12T12:06:13+00:00\",\"mainEntityOfPage\":{\"@id\":\"https:\/\/kunmedierne.dk\/mors\/det-store-tryk-kommer-foerst-nu\/\"},\"wordCount\":491,\"commentCount\":0,\"publisher\":{\"@id\":\"https:\/\/kunmedierne.dk\/mors\/#organization\"},\"image\":{\"@id\":\"https:\/\/kunmedierne.dk\/mors\/det-store-tryk-kommer-foerst-nu\/#primaryimage\"},\"thumbnailUrl\":\"https:\/\/kunmedierne.dk\/mors\/wp-content\/uploads\/2020\/04\/bbc-creative-1w20Cysy1cg-unsplash.jpg\",\"keywords\":[\"Skoler og uddannelse\"],\"articleSection\":[\"Lokalt\"],\"inLanguage\":\"da-DK\",\"potentialAction\":[{\"@type\":\"CommentAction\",\"name\":\"Comment\",\"target\":[\"https:\/\/kunmedierne.dk\/mors\/det-store-tryk-kommer-foerst-nu\/#respond\"]}]},{\"@type\":\"WebPage\",\"@id\":\"https:\/\/kunmedierne.dk\/mors\/det-store-tryk-kommer-foerst-nu\/\",\"url\":\"https:\/\/kunmedierne.dk\/mors\/det-store-tryk-kommer-foerst-nu\/\",\"name\":\"Det store tryk kommer f\u00f8rst nu - Mors\",\"isPartOf\":{\"@id\":\"https:\/\/kunmedierne.dk\/mors\/#website\"},\"primaryImageOfPage\":{\"@id\":\"https:\/\/kunmedierne.dk\/mors\/det-store-tryk-kommer-foerst-nu\/#primaryimage\"},\"image\":{\"@id\":\"https:\/\/kunmedierne.dk\/mors\/det-store-tryk-kommer-foerst-nu\/#primaryimage\"},\"thumbnailUrl\":\"https:\/\/kunmedierne.dk\/mors\/wp-content\/uploads\/2020\/04\/bbc-creative-1w20Cysy1cg-unsplash.jpg\",\"datePublished\":\"2020-04-19T14:49:01+00:00\",\"dateModified\":\"2024-08-12T12:06:13+00:00\",\"breadcrumb\":{\"@id\":\"https:\/\/kunmedierne.dk\/mors\/det-store-tryk-kommer-foerst-nu\/#breadcrumb\"},\"inLanguage\":\"da-DK\",\"potentialAction\":[{\"@type\":\"ReadAction\",\"target\":[\"https:\/\/kunmedierne.dk\/mors\/det-store-tryk-kommer-foerst-nu\/\"]}]},{\"@type\":\"ImageObject\",\"inLanguage\":\"da-DK\",\"@id\":\"https:\/\/kunmedierne.dk\/mors\/det-store-tryk-kommer-foerst-nu\/#primaryimage\",\"url\":\"https:\/\/kunmedierne.dk\/mors\/wp-content\/uploads\/2020\/04\/bbc-creative-1w20Cysy1cg-unsplash.jpg\",\"contentUrl\":\"https:\/\/kunmedierne.dk\/mors\/wp-content\/uploads\/2020\/04\/bbc-creative-1w20Cysy1cg-unsplash.jpg\",\"width\":770,\"height\":513,\"caption\":\"Dagplejer og vuggestuer f\u00e5r endnu flere b\u00f8rn tilbage i de kommende dage. Modelfoto: BBC Creative\/Unsplash.\"},{\"@type\":\"BreadcrumbList\",\"@id\":\"https:\/\/kunmedierne.dk\/mors\/det-store-tryk-kommer-foerst-nu\/#breadcrumb\",\"itemListElement\":[{\"@type\":\"ListItem\",\"position\":1,\"name\":\"Hjem\",\"item\":\"https:\/\/kunmedierne.dk\/mors\/\"},{\"@type\":\"ListItem\",\"position\":2,\"name\":\"Det store tryk kommer f\u00f8rst nu\"}]},{\"@type\":\"WebSite\",\"@id\":\"https:\/\/kunmedierne.dk\/mors\/#website\",\"url\":\"https:\/\/kunmedierne.dk\/mors\/\",\"name\":\"Mors\",\"description\":\"et netmedie med journalistik om livet p\u00e5 Mors\",\"publisher\":{\"@id\":\"https:\/\/kunmedierne.dk\/mors\/#organization\"},\"potentialAction\":[{\"@type\":\"SearchAction\",\"target\":{\"@type\":\"EntryPoint\",\"urlTemplate\":\"https:\/\/kunmedierne.dk\/mors\/?s={search_term_string}\"},\"query-input\":{\"@type\":\"PropertyValueSpecification\",\"valueRequired\":true,\"valueName\":\"search_term_string\"}}],\"inLanguage\":\"da-DK\"},{\"@type\":\"Organization\",\"@id\":\"https:\/\/kunmedierne.dk\/mors\/#organization\",\"name\":\"Mors\",\"url\":\"https:\/\/kunmedierne.dk\/mors\/\",\"logo\":{\"@type\":\"ImageObject\",\"inLanguage\":\"da-DK\",\"@id\":\"https:\/\/kunmedierne.dk\/mors\/#\/schema\/logo\/image\/\",\"url\":\"https:\/\/kunmedierne.dk\/mors\/wp-content\/uploads\/2024\/08\/kunmors-logo.svg\",\"contentUrl\":\"https:\/\/kunmedierne.dk\/mors\/wp-content\/uploads\/2024\/08\/kunmors-logo.svg\",\"caption\":\"Mors\"},\"image\":{\"@id\":\"https:\/\/kunmedierne.dk\/mors\/#\/schema\/logo\/image\/\"}},{\"@type\":\"Person\",\"@id\":\"https:\/\/kunmedierne.dk\/mors\/#\/schema\/person\/5fe23251bf1d0abbcdc6f7896579d548\",\"name\":\"David H\u00f8jmark\",\"image\":{\"@type\":\"ImageObject\",\"inLanguage\":\"da-DK\",\"@id\":\"https:\/\/kunmedierne.dk\/mors\/#\/schema\/person\/image\/\",\"url\":\"https:\/\/secure.gravatar.com\/avatar\/4315d6fb9ef244d729989f5f90268eb08d5bf8a3d84402f595fa194bb35784fd?s=96&d=mm&r=g\",\"contentUrl\":\"https:\/\/secure.gravatar.com\/avatar\/4315d6fb9ef244d729989f5f90268eb08d5bf8a3d84402f595fa194bb35784fd?s=96&d=mm&r=g\",\"caption\":\"David H\u00f8jmark\"},\"sameAs\":[\"https:\/\/www.kunmedierne.dk\"],\"url\":\"https:\/\/kunmedierne.dk\/mors\/author\/david\/\"}]}<\/script>\n<!-- \/ Yoast SEO plugin. -->","yoast_head_json":{"title":"Det store tryk kommer f\u00f8rst nu - Mors","robots":{"index":"index","follow":"follow","max-snippet":"max-snippet:-1","max-image-preview":"max-image-preview:large","max-video-preview":"max-video-preview:-1"},"canonical":"https:\/\/kunmedierne.dk\/mors\/det-store-tryk-kommer-foerst-nu\/","og_locale":"da_DK","og_type":"article","og_title":"Det store tryk kommer f\u00f8rst nu - Mors","og_description":"MORS: De tre dage med genoplukkede skoler og institutioner p\u00e5 Mors var kun f\u00f8rste skridt p\u00e5 vejen for s\u00e5vel b\u00f8rn som voksne. S\u00e5dan lyder forventningen fra Michael Dahlgaard, chef for skole og dagtilbud i Mors\u00f8 Kommune. For nok m\u00f8dte n\u00e6sten alle skoleb\u00f8rn ind til undervisning, da det onsdag, torsdag og fredag igen blev muligt for [&hellip;]","og_url":"https:\/\/kunmedierne.dk\/mors\/det-store-tryk-kommer-foerst-nu\/","og_site_name":"Mors","article_published_time":"2020-04-19T14:49:01+00:00","article_modified_time":"2024-08-12T12:06:13+00:00","og_image":[{"width":770,"height":513,"url":"https:\/\/kunmedierne.dk\/mors\/wp-content\/uploads\/2020\/04\/bbc-creative-1w20Cysy1cg-unsplash.jpg","type":"image\/jpeg"}],"author":"David H\u00f8jmark","twitter_card":"summary_large_image","twitter_misc":{"Skrevet af":"David H\u00f8jmark","Estimeret l\u00e6setid":"2 minutter"},"schema":{"@context":"https:\/\/schema.org","@graph":[{"@type":"Article","@id":"https:\/\/kunmedierne.dk\/mors\/det-store-tryk-kommer-foerst-nu\/#article","isPartOf":{"@id":"https:\/\/kunmedierne.dk\/mors\/det-store-tryk-kommer-foerst-nu\/"},"author":{"name":"David H\u00f8jmark","@id":"https:\/\/kunmedierne.dk\/mors\/#\/schema\/person\/5fe23251bf1d0abbcdc6f7896579d548"},"headline":"Det store tryk kommer f\u00f8rst nu","datePublished":"2020-04-19T14:49:01+00:00","dateModified":"2024-08-12T12:06:13+00:00","mainEntityOfPage":{"@id":"https:\/\/kunmedierne.dk\/mors\/det-store-tryk-kommer-foerst-nu\/"},"wordCount":491,"commentCount":0,"publisher":{"@id":"https:\/\/kunmedierne.dk\/mors\/#organization"},"image":{"@id":"https:\/\/kunmedierne.dk\/mors\/det-store-tryk-kommer-foerst-nu\/#primaryimage"},"thumbnailUrl":"https:\/\/kunmedierne.dk\/mors\/wp-content\/uploads\/2020\/04\/bbc-creative-1w20Cysy1cg-unsplash.jpg","keywords":["Skoler og uddannelse"],"articleSection":["Lokalt"],"inLanguage":"da-DK","potentialAction":[{"@type":"CommentAction","name":"Comment","target":["https:\/\/kunmedierne.dk\/mors\/det-store-tryk-kommer-foerst-nu\/#respond"]}]},{"@type":"WebPage","@id":"https:\/\/kunmedierne.dk\/mors\/det-store-tryk-kommer-foerst-nu\/","url":"https:\/\/kunmedierne.dk\/mors\/det-store-tryk-kommer-foerst-nu\/","name":"Det store tryk kommer f\u00f8rst nu - Mors","isPartOf":{"@id":"https:\/\/kunmedierne.dk\/mors\/#website"},"primaryImageOfPage":{"@id":"https:\/\/kunmedierne.dk\/mors\/det-store-tryk-kommer-foerst-nu\/#primaryimage"},"image":{"@id":"https:\/\/kunmedierne.dk\/mors\/det-store-tryk-kommer-foerst-nu\/#primaryimage"},"thumbnailUrl":"https:\/\/kunmedierne.dk\/mors\/wp-content\/uploads\/2020\/04\/bbc-creative-1w20Cysy1cg-unsplash.jpg","datePublished":"2020-04-19T14:49:01+00:00","dateModified":"2024-08-12T12:06:13+00:00","breadcrumb":{"@id":"https:\/\/kunmedierne.dk\/mors\/det-store-tryk-kommer-foerst-nu\/#breadcrumb"},"inLanguage":"da-DK","potentialAction":[{"@type":"ReadAction","target":["https:\/\/kunmedierne.dk\/mors\/det-store-tryk-kommer-foerst-nu\/"]}]},{"@type":"ImageObject","inLanguage":"da-DK","@id":"https:\/\/kunmedierne.dk\/mors\/det-store-tryk-kommer-foerst-nu\/#primaryimage","url":"https:\/\/kunmedierne.dk\/mors\/wp-content\/uploads\/2020\/04\/bbc-creative-1w20Cysy1cg-unsplash.jpg","contentUrl":"https:\/\/kunmedierne.dk\/mors\/wp-content\/uploads\/2020\/04\/bbc-creative-1w20Cysy1cg-unsplash.jpg","width":770,"height":513,"caption":"Dagplejer og vuggestuer f\u00e5r endnu flere b\u00f8rn tilbage i de kommende dage. Modelfoto: BBC Creative\/Unsplash."},{"@type":"BreadcrumbList","@id":"https:\/\/kunmedierne.dk\/mors\/det-store-tryk-kommer-foerst-nu\/#breadcrumb","itemListElement":[{"@type":"ListItem","position":1,"name":"Hjem","item":"https:\/\/kunmedierne.dk\/mors\/"},{"@type":"ListItem","position":2,"name":"Det store tryk kommer f\u00f8rst nu"}]},{"@type":"WebSite","@id":"https:\/\/kunmedierne.dk\/mors\/#website","url":"https:\/\/kunmedierne.dk\/mors\/","name":"Mors","description":"et netmedie med journalistik om livet p\u00e5 Mors","publisher":{"@id":"https:\/\/kunmedierne.dk\/mors\/#organization"},"potentialAction":[{"@type":"SearchAction","target":{"@type":"EntryPoint","urlTemplate":"https:\/\/kunmedierne.dk\/mors\/?s={search_term_string}"},"query-input":{"@type":"PropertyValueSpecification","valueRequired":true,"valueName":"search_term_string"}}],"inLanguage":"da-DK"},{"@type":"Organization","@id":"https:\/\/kunmedierne.dk\/mors\/#organization","name":"Mors","url":"https:\/\/kunmedierne.dk\/mors\/","logo":{"@type":"ImageObject","inLanguage":"da-DK","@id":"https:\/\/kunmedierne.dk\/mors\/#\/schema\/logo\/image\/","url":"https:\/\/kunmedierne.dk\/mors\/wp-content\/uploads\/2024\/08\/kunmors-logo.svg","contentUrl":"https:\/\/kunmedierne.dk\/mors\/wp-content\/uploads\/2024\/08\/kunmors-logo.svg","caption":"Mors"},"image":{"@id":"https:\/\/kunmedierne.dk\/mors\/#\/schema\/logo\/image\/"}},{"@type":"Person","@id":"https:\/\/kunmedierne.dk\/mors\/#\/schema\/person\/5fe23251bf1d0abbcdc6f7896579d548","name":"David H\u00f8jmark","image":{"@type":"ImageObject","inLanguage":"da-DK","@id":"https:\/\/kunmedierne.dk\/mors\/#\/schema\/person\/image\/","url":"https:\/\/secure.gravatar.com\/avatar\/4315d6fb9ef244d729989f5f90268eb08d5bf8a3d84402f595fa194bb35784fd?s=96&d=mm&r=g","contentUrl":"https:\/\/secure.gravatar.com\/avatar\/4315d6fb9ef244d729989f5f90268eb08d5bf8a3d84402f595fa194bb35784fd?s=96&d=mm&r=g","caption":"David H\u00f8jmark"},"sameAs":["https:\/\/www.kunmedierne.dk"],"url":"https:\/\/kunmedierne.dk\/mors\/author\/david\/"}]}},"_links":{"self":[{"href":"https:\/\/kunmedierne.dk\/mors\/wp-json\/wp\/v2\/posts\/18475","targetHints":{"allow":["GET"]}}],"collection":[{"href":"https:\/\/kunmedierne.dk\/mors\/wp-json\/wp\/v2\/posts"}],"about":[{"href":"https:\/\/kunmedierne.dk\/mors\/wp-json\/wp\/v2\/types\/post"}],"author":[{"embeddable":true,"href":"https:\/\/kunmedierne.dk\/mors\/wp-json\/wp\/v2\/users\/8"}],"replies":[{"embeddable":true,"href":"https:\/\/kunmedierne.dk\/mors\/wp-json\/wp\/v2\/comments?post=18475"}],"version-history":[{"count":3,"href":"https:\/\/kunmedierne.dk\/mors\/wp-json\/wp\/v2\/posts\/18475\/revisions"}],"predecessor-version":[{"id":18480,"href":"https:\/\/kunmedierne.dk\/mors\/wp-json\/wp\/v2\/posts\/18475\/revisions\/18480"}],"wp:featuredmedia":[{"embeddable":true,"href":"https:\/\/kunmedierne.dk\/mors\/wp-json\/wp\/v2\/media\/18479"}],"wp:attachment":[{"href":"https:\/\/kunmedierne.dk\/mors\/wp-json\/wp\/v2\/media?parent=18475"}],"wp:term":[{"taxonomy":"category","embeddable":true,"href":"https:\/\/kunmedierne.dk\/mors\/wp-json\/wp\/v2\/categories?post=18475"},{"taxonomy":"post_tag","embeddable":true,"href":"https:\/\/kunmedierne.dk\/mors\/wp-json\/wp\/v2\/tags?post=18475"}],"curies":[{"name":"wp","href":"https:\/\/api.w.org\/{rel}","templated":true}]}}