{"id":18425,"date":"2020-04-19T10:15:14","date_gmt":"2020-04-19T08:15:14","guid":{"rendered":"https:\/\/kunmedierne.dk\/mors\/?p=18425"},"modified":"2024-08-12T14:06:13","modified_gmt":"2024-08-12T12:06:13","slug":"et-raad-fra-oester-joelby-til-sejerslev-kloe-paa-med-det-fritidscenter","status":"publish","type":"post","link":"https:\/\/kunmedierne.dk\/mors\/et-raad-fra-oester-joelby-til-sejerslev-kloe-paa-med-det-fritidscenter\/","title":{"rendered":"Et r\u00e5d fra \u00d8ster J\u00f8lby til Sejerslev: Kl\u00f8 p\u00e5 med det fritidscenter"},"content":{"rendered":"<p><strong>SEJERSLEV<\/strong>: Det vil blive en livsnerve til hele omr\u00e5det.<\/p>\n<p>Keld Andersen, centerleder i Midtmors Sport, har kun anbefalinger til borgerne i Sejerslev og omegn om at kl\u00f8 p\u00e5, n\u00e5r man sp\u00f8rger ham om nyttev\u00e6rdien af et udvidet og moderniseret Nordmors Fritidscenter.<\/p>\n<p>Som omtalt p\u00e5 <a href=\"https:\/\/kunmedierne.dk\/mors\/fritidscentret-i-sejerslev-vil-modernisere-for-549-millioner\/\">KunMors fredag<\/a> er en arbejdsgruppe i fuld gang med planerne om at udbygge for knap 5,5 millioner kroner. Og det er en rigtig god id\u00e9 mener Keld Andersen &#8211; med \u00d8ster J\u00f8lbys nytte af Midtmors Sport som erfaringsgrundlag.<\/p>\n<p>&#8220;Det er blevet et samlingspunkt. Som vores tidligere pr\u00e6st (Ole Kobbelgaard, red.) ogs\u00e5 sagde engang: Det er blevet det nye tempel,&#8221; siger han om Midtmors Sport, der blev indviet i 2012 og seks \u00e5r senere fik en tilbygning, s\u00e5 det i dag rummer alverdens aktiviteter og tilbud.<\/p>\n<p>&#8220;Det er et samlingspunkt for omr\u00e5det. Og ikke kun for \u00d8ster J\u00f8lby, men for Midtmors i mange henseender,&#8221; siger Keld Andersen.<\/p>\n<p>&nbsp;<\/p>\n<p><strong>\u00d8ster J\u00f8lby mere attraktiv<\/strong><\/p>\n<p>Han tilf\u00f8jer, at i et projekt som det i Sejerslev er det vigtigt at v\u00e6re tro imod de omkringliggende byer og ikke bare \u00e6de deres tilbud. Men samtidig er det vigtigt for hele omr\u00e5det, at der er fysiske rammer til de st\u00f8rre ting.<\/p>\n<p>Det har man nydt godt af med Midtmors Sport.<\/p>\n<p>&#8220;Det har gjort, at det er blevet attraktivt at flytte til \u00d8ster J\u00f8lby, det er der slet ingen tvivl om,&#8221; siger Keld Andersen og anbefaler ogs\u00e5 at sluge de n\u00f8dvendige kameler i forhold og sige farvel til det, der ikke kan st\u00e5 alene.<\/p>\n<p>&#8220;Man skal samle kr\u00e6fterne i det i stedet for at forene dem i flere projekter i byen. Man skal ikke for alt i verden holde liv i forsamlingshuset,&#8221; siger han.<\/p>\n<p>&nbsp;<\/p>\n<p><strong>Lige s\u00e5 vigtigt som en skole<\/strong><\/p>\n<p>Keld Andersen deltog selv i det borgerm\u00f8de i Sejerslev, der i 2019 pr\u00e6senterede projektet for 80 fremm\u00f8dte. Her fortalte han om erfaringerne fra \u00d8ster J\u00f8lby og Midtmors Sport, som netop er inspirationsgrundlag for projektet i Sejerslev.<\/p>\n<p>Og han anbefaler folkene p\u00e5 Nordmors til at kl\u00f8 p\u00e5. Til at l\u00f8se udfordringerne med finansieringen og se mulighederne i det, han beskriver som en livsnerve for omr\u00e5det.<\/p>\n<p>&#8220;Jeg vil n\u00e6sten sige, at det er mindst lige s\u00e5 vigtigt, som at der er en skole. Hvis folk skal flytte til, vil de ogs\u00e5 have, at der er noget til deres b\u00f8rn,&#8221; siger han.<\/p>\n","protected":false},"excerpt":{"rendered":"<p>SEJERSLEV: Det vil blive en livsnerve til hele omr\u00e5det. Keld Andersen, centerleder i Midtmors Sport, har kun anbefalinger til borgerne i Sejerslev og omegn om at kl\u00f8 p\u00e5, n\u00e5r man sp\u00f8rger ham om nyttev\u00e6rdien af et udvidet og moderniseret Nordmors Fritidscenter. Som omtalt p\u00e5 KunMors fredag er en arbejdsgruppe i fuld gang med planerne om [&hellip;]<\/p>\n","protected":false},"author":8,"featured_media":18210,"comment_status":"open","ping_status":"open","sticky":false,"template":"","format":"standard","meta":{"_acf_changed":false,"footnotes":""},"categories":[51],"tags":[],"class_list":["post-18425","post","type-post","status-publish","format-standard","has-post-thumbnail","hentry","category-lokalt"],"acf":[],"yoast_head":"<!-- This site is optimized with the Yoast SEO plugin v26.8 - https:\/\/yoast.com\/product\/yoast-seo-wordpress\/ -->\n<title>Et r\u00e5d fra \u00d8ster J\u00f8lby til Sejerslev: Kl\u00f8 p\u00e5 med det fritidscenter - Mors<\/title>\n<meta name=\"robots\" content=\"index, follow, max-snippet:-1, max-image-preview:large, max-video-preview:-1\" \/>\n<link rel=\"canonical\" href=\"https:\/\/kunmedierne.dk\/mors\/et-raad-fra-oester-joelby-til-sejerslev-kloe-paa-med-det-fritidscenter\/\" \/>\n<meta property=\"og:locale\" content=\"da_DK\" \/>\n<meta property=\"og:type\" content=\"article\" \/>\n<meta property=\"og:title\" content=\"Et r\u00e5d fra \u00d8ster J\u00f8lby til Sejerslev: Kl\u00f8 p\u00e5 med det fritidscenter - Mors\" \/>\n<meta property=\"og:description\" content=\"SEJERSLEV: Det vil blive en livsnerve til hele omr\u00e5det. Keld Andersen, centerleder i Midtmors Sport, har kun anbefalinger til borgerne i Sejerslev og omegn om at kl\u00f8 p\u00e5, n\u00e5r man sp\u00f8rger ham om nyttev\u00e6rdien af et udvidet og moderniseret Nordmors Fritidscenter. Som omtalt p\u00e5 KunMors fredag er en arbejdsgruppe i fuld gang med planerne om [&hellip;]\" \/>\n<meta property=\"og:url\" content=\"https:\/\/kunmedierne.dk\/mors\/et-raad-fra-oester-joelby-til-sejerslev-kloe-paa-med-det-fritidscenter\/\" \/>\n<meta property=\"og:site_name\" content=\"Mors\" \/>\n<meta property=\"article:published_time\" content=\"2020-04-19T08:15:14+00:00\" \/>\n<meta property=\"article:modified_time\" content=\"2024-08-12T12:06:13+00:00\" \/>\n<meta property=\"og:image\" content=\"https:\/\/kunmedierne.dk\/mors\/wp-content\/uploads\/2020\/04\/nordmors1.jpg\" \/>\n\t<meta property=\"og:image:width\" content=\"770\" \/>\n\t<meta property=\"og:image:height\" content=\"513\" \/>\n\t<meta property=\"og:image:type\" content=\"image\/jpeg\" \/>\n<meta name=\"author\" content=\"David H\u00f8jmark\" \/>\n<meta name=\"twitter:card\" content=\"summary_large_image\" \/>\n<meta name=\"twitter:label1\" content=\"Skrevet af\" \/>\n\t<meta name=\"twitter:data1\" content=\"David H\u00f8jmark\" \/>\n\t<meta name=\"twitter:label2\" content=\"Estimeret l\u00e6setid\" \/>\n\t<meta name=\"twitter:data2\" content=\"2 minutter\" \/>\n<script type=\"application\/ld+json\" class=\"yoast-schema-graph\">{\"@context\":\"https:\/\/schema.org\",\"@graph\":[{\"@type\":\"Article\",\"@id\":\"https:\/\/kunmedierne.dk\/mors\/et-raad-fra-oester-joelby-til-sejerslev-kloe-paa-med-det-fritidscenter\/#article\",\"isPartOf\":{\"@id\":\"https:\/\/kunmedierne.dk\/mors\/et-raad-fra-oester-joelby-til-sejerslev-kloe-paa-med-det-fritidscenter\/\"},\"author\":{\"name\":\"David H\u00f8jmark\",\"@id\":\"https:\/\/kunmedierne.dk\/mors\/#\/schema\/person\/5fe23251bf1d0abbcdc6f7896579d548\"},\"headline\":\"Et r\u00e5d fra \u00d8ster J\u00f8lby til Sejerslev: Kl\u00f8 p\u00e5 med det fritidscenter\",\"datePublished\":\"2020-04-19T08:15:14+00:00\",\"dateModified\":\"2024-08-12T12:06:13+00:00\",\"mainEntityOfPage\":{\"@id\":\"https:\/\/kunmedierne.dk\/mors\/et-raad-fra-oester-joelby-til-sejerslev-kloe-paa-med-det-fritidscenter\/\"},\"wordCount\":420,\"commentCount\":0,\"publisher\":{\"@id\":\"https:\/\/kunmedierne.dk\/mors\/#organization\"},\"image\":{\"@id\":\"https:\/\/kunmedierne.dk\/mors\/et-raad-fra-oester-joelby-til-sejerslev-kloe-paa-med-det-fritidscenter\/#primaryimage\"},\"thumbnailUrl\":\"https:\/\/kunmedierne.dk\/mors\/wp-content\/uploads\/2020\/04\/nordmors1.jpg\",\"articleSection\":[\"Lokalt\"],\"inLanguage\":\"da-DK\",\"potentialAction\":[{\"@type\":\"CommentAction\",\"name\":\"Comment\",\"target\":[\"https:\/\/kunmedierne.dk\/mors\/et-raad-fra-oester-joelby-til-sejerslev-kloe-paa-med-det-fritidscenter\/#respond\"]}]},{\"@type\":\"WebPage\",\"@id\":\"https:\/\/kunmedierne.dk\/mors\/et-raad-fra-oester-joelby-til-sejerslev-kloe-paa-med-det-fritidscenter\/\",\"url\":\"https:\/\/kunmedierne.dk\/mors\/et-raad-fra-oester-joelby-til-sejerslev-kloe-paa-med-det-fritidscenter\/\",\"name\":\"Et r\u00e5d fra \u00d8ster J\u00f8lby til Sejerslev: Kl\u00f8 p\u00e5 med det fritidscenter - Mors\",\"isPartOf\":{\"@id\":\"https:\/\/kunmedierne.dk\/mors\/#website\"},\"primaryImageOfPage\":{\"@id\":\"https:\/\/kunmedierne.dk\/mors\/et-raad-fra-oester-joelby-til-sejerslev-kloe-paa-med-det-fritidscenter\/#primaryimage\"},\"image\":{\"@id\":\"https:\/\/kunmedierne.dk\/mors\/et-raad-fra-oester-joelby-til-sejerslev-kloe-paa-med-det-fritidscenter\/#primaryimage\"},\"thumbnailUrl\":\"https:\/\/kunmedierne.dk\/mors\/wp-content\/uploads\/2020\/04\/nordmors1.jpg\",\"datePublished\":\"2020-04-19T08:15:14+00:00\",\"dateModified\":\"2024-08-12T12:06:13+00:00\",\"breadcrumb\":{\"@id\":\"https:\/\/kunmedierne.dk\/mors\/et-raad-fra-oester-joelby-til-sejerslev-kloe-paa-med-det-fritidscenter\/#breadcrumb\"},\"inLanguage\":\"da-DK\",\"potentialAction\":[{\"@type\":\"ReadAction\",\"target\":[\"https:\/\/kunmedierne.dk\/mors\/et-raad-fra-oester-joelby-til-sejerslev-kloe-paa-med-det-fritidscenter\/\"]}]},{\"@type\":\"ImageObject\",\"inLanguage\":\"da-DK\",\"@id\":\"https:\/\/kunmedierne.dk\/mors\/et-raad-fra-oester-joelby-til-sejerslev-kloe-paa-med-det-fritidscenter\/#primaryimage\",\"url\":\"https:\/\/kunmedierne.dk\/mors\/wp-content\/uploads\/2020\/04\/nordmors1.jpg\",\"contentUrl\":\"https:\/\/kunmedierne.dk\/mors\/wp-content\/uploads\/2020\/04\/nordmors1.jpg\",\"width\":770,\"height\":513,\"caption\":\"En ny tilbygning til det eksisterende fritidscenter er en del af projektet i Sejerslev. Visualisering: arkitekt Bjarke S\u00f8rensen, Bjarkitektur.\"},{\"@type\":\"BreadcrumbList\",\"@id\":\"https:\/\/kunmedierne.dk\/mors\/et-raad-fra-oester-joelby-til-sejerslev-kloe-paa-med-det-fritidscenter\/#breadcrumb\",\"itemListElement\":[{\"@type\":\"ListItem\",\"position\":1,\"name\":\"Hjem\",\"item\":\"https:\/\/kunmedierne.dk\/mors\/\"},{\"@type\":\"ListItem\",\"position\":2,\"name\":\"Et r\u00e5d fra \u00d8ster J\u00f8lby til Sejerslev: Kl\u00f8 p\u00e5 med det fritidscenter\"}]},{\"@type\":\"WebSite\",\"@id\":\"https:\/\/kunmedierne.dk\/mors\/#website\",\"url\":\"https:\/\/kunmedierne.dk\/mors\/\",\"name\":\"Mors\",\"description\":\"et netmedie med journalistik om livet p\u00e5 Mors\",\"publisher\":{\"@id\":\"https:\/\/kunmedierne.dk\/mors\/#organization\"},\"potentialAction\":[{\"@type\":\"SearchAction\",\"target\":{\"@type\":\"EntryPoint\",\"urlTemplate\":\"https:\/\/kunmedierne.dk\/mors\/?s={search_term_string}\"},\"query-input\":{\"@type\":\"PropertyValueSpecification\",\"valueRequired\":true,\"valueName\":\"search_term_string\"}}],\"inLanguage\":\"da-DK\"},{\"@type\":\"Organization\",\"@id\":\"https:\/\/kunmedierne.dk\/mors\/#organization\",\"name\":\"Mors\",\"url\":\"https:\/\/kunmedierne.dk\/mors\/\",\"logo\":{\"@type\":\"ImageObject\",\"inLanguage\":\"da-DK\",\"@id\":\"https:\/\/kunmedierne.dk\/mors\/#\/schema\/logo\/image\/\",\"url\":\"https:\/\/kunmedierne.dk\/mors\/wp-content\/uploads\/2024\/08\/kunmors-logo.svg\",\"contentUrl\":\"https:\/\/kunmedierne.dk\/mors\/wp-content\/uploads\/2024\/08\/kunmors-logo.svg\",\"caption\":\"Mors\"},\"image\":{\"@id\":\"https:\/\/kunmedierne.dk\/mors\/#\/schema\/logo\/image\/\"}},{\"@type\":\"Person\",\"@id\":\"https:\/\/kunmedierne.dk\/mors\/#\/schema\/person\/5fe23251bf1d0abbcdc6f7896579d548\",\"name\":\"David H\u00f8jmark\",\"image\":{\"@type\":\"ImageObject\",\"inLanguage\":\"da-DK\",\"@id\":\"https:\/\/kunmedierne.dk\/mors\/#\/schema\/person\/image\/\",\"url\":\"https:\/\/secure.gravatar.com\/avatar\/4315d6fb9ef244d729989f5f90268eb08d5bf8a3d84402f595fa194bb35784fd?s=96&d=mm&r=g\",\"contentUrl\":\"https:\/\/secure.gravatar.com\/avatar\/4315d6fb9ef244d729989f5f90268eb08d5bf8a3d84402f595fa194bb35784fd?s=96&d=mm&r=g\",\"caption\":\"David H\u00f8jmark\"},\"sameAs\":[\"https:\/\/www.kunmedierne.dk\"],\"url\":\"https:\/\/kunmedierne.dk\/mors\/author\/david\/\"}]}<\/script>\n<!-- \/ Yoast SEO plugin. -->","yoast_head_json":{"title":"Et r\u00e5d fra \u00d8ster J\u00f8lby til Sejerslev: Kl\u00f8 p\u00e5 med det fritidscenter - Mors","robots":{"index":"index","follow":"follow","max-snippet":"max-snippet:-1","max-image-preview":"max-image-preview:large","max-video-preview":"max-video-preview:-1"},"canonical":"https:\/\/kunmedierne.dk\/mors\/et-raad-fra-oester-joelby-til-sejerslev-kloe-paa-med-det-fritidscenter\/","og_locale":"da_DK","og_type":"article","og_title":"Et r\u00e5d fra \u00d8ster J\u00f8lby til Sejerslev: Kl\u00f8 p\u00e5 med det fritidscenter - Mors","og_description":"SEJERSLEV: Det vil blive en livsnerve til hele omr\u00e5det. Keld Andersen, centerleder i Midtmors Sport, har kun anbefalinger til borgerne i Sejerslev og omegn om at kl\u00f8 p\u00e5, n\u00e5r man sp\u00f8rger ham om nyttev\u00e6rdien af et udvidet og moderniseret Nordmors Fritidscenter. Som omtalt p\u00e5 KunMors fredag er en arbejdsgruppe i fuld gang med planerne om [&hellip;]","og_url":"https:\/\/kunmedierne.dk\/mors\/et-raad-fra-oester-joelby-til-sejerslev-kloe-paa-med-det-fritidscenter\/","og_site_name":"Mors","article_published_time":"2020-04-19T08:15:14+00:00","article_modified_time":"2024-08-12T12:06:13+00:00","og_image":[{"width":770,"height":513,"url":"https:\/\/kunmedierne.dk\/mors\/wp-content\/uploads\/2020\/04\/nordmors1.jpg","type":"image\/jpeg"}],"author":"David H\u00f8jmark","twitter_card":"summary_large_image","twitter_misc":{"Skrevet af":"David H\u00f8jmark","Estimeret l\u00e6setid":"2 minutter"},"schema":{"@context":"https:\/\/schema.org","@graph":[{"@type":"Article","@id":"https:\/\/kunmedierne.dk\/mors\/et-raad-fra-oester-joelby-til-sejerslev-kloe-paa-med-det-fritidscenter\/#article","isPartOf":{"@id":"https:\/\/kunmedierne.dk\/mors\/et-raad-fra-oester-joelby-til-sejerslev-kloe-paa-med-det-fritidscenter\/"},"author":{"name":"David H\u00f8jmark","@id":"https:\/\/kunmedierne.dk\/mors\/#\/schema\/person\/5fe23251bf1d0abbcdc6f7896579d548"},"headline":"Et r\u00e5d fra \u00d8ster J\u00f8lby til Sejerslev: Kl\u00f8 p\u00e5 med det fritidscenter","datePublished":"2020-04-19T08:15:14+00:00","dateModified":"2024-08-12T12:06:13+00:00","mainEntityOfPage":{"@id":"https:\/\/kunmedierne.dk\/mors\/et-raad-fra-oester-joelby-til-sejerslev-kloe-paa-med-det-fritidscenter\/"},"wordCount":420,"commentCount":0,"publisher":{"@id":"https:\/\/kunmedierne.dk\/mors\/#organization"},"image":{"@id":"https:\/\/kunmedierne.dk\/mors\/et-raad-fra-oester-joelby-til-sejerslev-kloe-paa-med-det-fritidscenter\/#primaryimage"},"thumbnailUrl":"https:\/\/kunmedierne.dk\/mors\/wp-content\/uploads\/2020\/04\/nordmors1.jpg","articleSection":["Lokalt"],"inLanguage":"da-DK","potentialAction":[{"@type":"CommentAction","name":"Comment","target":["https:\/\/kunmedierne.dk\/mors\/et-raad-fra-oester-joelby-til-sejerslev-kloe-paa-med-det-fritidscenter\/#respond"]}]},{"@type":"WebPage","@id":"https:\/\/kunmedierne.dk\/mors\/et-raad-fra-oester-joelby-til-sejerslev-kloe-paa-med-det-fritidscenter\/","url":"https:\/\/kunmedierne.dk\/mors\/et-raad-fra-oester-joelby-til-sejerslev-kloe-paa-med-det-fritidscenter\/","name":"Et r\u00e5d fra \u00d8ster J\u00f8lby til Sejerslev: Kl\u00f8 p\u00e5 med det fritidscenter - Mors","isPartOf":{"@id":"https:\/\/kunmedierne.dk\/mors\/#website"},"primaryImageOfPage":{"@id":"https:\/\/kunmedierne.dk\/mors\/et-raad-fra-oester-joelby-til-sejerslev-kloe-paa-med-det-fritidscenter\/#primaryimage"},"image":{"@id":"https:\/\/kunmedierne.dk\/mors\/et-raad-fra-oester-joelby-til-sejerslev-kloe-paa-med-det-fritidscenter\/#primaryimage"},"thumbnailUrl":"https:\/\/kunmedierne.dk\/mors\/wp-content\/uploads\/2020\/04\/nordmors1.jpg","datePublished":"2020-04-19T08:15:14+00:00","dateModified":"2024-08-12T12:06:13+00:00","breadcrumb":{"@id":"https:\/\/kunmedierne.dk\/mors\/et-raad-fra-oester-joelby-til-sejerslev-kloe-paa-med-det-fritidscenter\/#breadcrumb"},"inLanguage":"da-DK","potentialAction":[{"@type":"ReadAction","target":["https:\/\/kunmedierne.dk\/mors\/et-raad-fra-oester-joelby-til-sejerslev-kloe-paa-med-det-fritidscenter\/"]}]},{"@type":"ImageObject","inLanguage":"da-DK","@id":"https:\/\/kunmedierne.dk\/mors\/et-raad-fra-oester-joelby-til-sejerslev-kloe-paa-med-det-fritidscenter\/#primaryimage","url":"https:\/\/kunmedierne.dk\/mors\/wp-content\/uploads\/2020\/04\/nordmors1.jpg","contentUrl":"https:\/\/kunmedierne.dk\/mors\/wp-content\/uploads\/2020\/04\/nordmors1.jpg","width":770,"height":513,"caption":"En ny tilbygning til det eksisterende fritidscenter er en del af projektet i Sejerslev. Visualisering: arkitekt Bjarke S\u00f8rensen, Bjarkitektur."},{"@type":"BreadcrumbList","@id":"https:\/\/kunmedierne.dk\/mors\/et-raad-fra-oester-joelby-til-sejerslev-kloe-paa-med-det-fritidscenter\/#breadcrumb","itemListElement":[{"@type":"ListItem","position":1,"name":"Hjem","item":"https:\/\/kunmedierne.dk\/mors\/"},{"@type":"ListItem","position":2,"name":"Et r\u00e5d fra \u00d8ster J\u00f8lby til Sejerslev: Kl\u00f8 p\u00e5 med det fritidscenter"}]},{"@type":"WebSite","@id":"https:\/\/kunmedierne.dk\/mors\/#website","url":"https:\/\/kunmedierne.dk\/mors\/","name":"Mors","description":"et netmedie med journalistik om livet p\u00e5 Mors","publisher":{"@id":"https:\/\/kunmedierne.dk\/mors\/#organization"},"potentialAction":[{"@type":"SearchAction","target":{"@type":"EntryPoint","urlTemplate":"https:\/\/kunmedierne.dk\/mors\/?s={search_term_string}"},"query-input":{"@type":"PropertyValueSpecification","valueRequired":true,"valueName":"search_term_string"}}],"inLanguage":"da-DK"},{"@type":"Organization","@id":"https:\/\/kunmedierne.dk\/mors\/#organization","name":"Mors","url":"https:\/\/kunmedierne.dk\/mors\/","logo":{"@type":"ImageObject","inLanguage":"da-DK","@id":"https:\/\/kunmedierne.dk\/mors\/#\/schema\/logo\/image\/","url":"https:\/\/kunmedierne.dk\/mors\/wp-content\/uploads\/2024\/08\/kunmors-logo.svg","contentUrl":"https:\/\/kunmedierne.dk\/mors\/wp-content\/uploads\/2024\/08\/kunmors-logo.svg","caption":"Mors"},"image":{"@id":"https:\/\/kunmedierne.dk\/mors\/#\/schema\/logo\/image\/"}},{"@type":"Person","@id":"https:\/\/kunmedierne.dk\/mors\/#\/schema\/person\/5fe23251bf1d0abbcdc6f7896579d548","name":"David H\u00f8jmark","image":{"@type":"ImageObject","inLanguage":"da-DK","@id":"https:\/\/kunmedierne.dk\/mors\/#\/schema\/person\/image\/","url":"https:\/\/secure.gravatar.com\/avatar\/4315d6fb9ef244d729989f5f90268eb08d5bf8a3d84402f595fa194bb35784fd?s=96&d=mm&r=g","contentUrl":"https:\/\/secure.gravatar.com\/avatar\/4315d6fb9ef244d729989f5f90268eb08d5bf8a3d84402f595fa194bb35784fd?s=96&d=mm&r=g","caption":"David H\u00f8jmark"},"sameAs":["https:\/\/www.kunmedierne.dk"],"url":"https:\/\/kunmedierne.dk\/mors\/author\/david\/"}]}},"_links":{"self":[{"href":"https:\/\/kunmedierne.dk\/mors\/wp-json\/wp\/v2\/posts\/18425","targetHints":{"allow":["GET"]}}],"collection":[{"href":"https:\/\/kunmedierne.dk\/mors\/wp-json\/wp\/v2\/posts"}],"about":[{"href":"https:\/\/kunmedierne.dk\/mors\/wp-json\/wp\/v2\/types\/post"}],"author":[{"embeddable":true,"href":"https:\/\/kunmedierne.dk\/mors\/wp-json\/wp\/v2\/users\/8"}],"replies":[{"embeddable":true,"href":"https:\/\/kunmedierne.dk\/mors\/wp-json\/wp\/v2\/comments?post=18425"}],"version-history":[{"count":1,"href":"https:\/\/kunmedierne.dk\/mors\/wp-json\/wp\/v2\/posts\/18425\/revisions"}],"predecessor-version":[{"id":18426,"href":"https:\/\/kunmedierne.dk\/mors\/wp-json\/wp\/v2\/posts\/18425\/revisions\/18426"}],"wp:featuredmedia":[{"embeddable":true,"href":"https:\/\/kunmedierne.dk\/mors\/wp-json\/wp\/v2\/media\/18210"}],"wp:attachment":[{"href":"https:\/\/kunmedierne.dk\/mors\/wp-json\/wp\/v2\/media?parent=18425"}],"wp:term":[{"taxonomy":"category","embeddable":true,"href":"https:\/\/kunmedierne.dk\/mors\/wp-json\/wp\/v2\/categories?post=18425"},{"taxonomy":"post_tag","embeddable":true,"href":"https:\/\/kunmedierne.dk\/mors\/wp-json\/wp\/v2\/tags?post=18425"}],"curies":[{"name":"wp","href":"https:\/\/api.w.org\/{rel}","templated":true}]}}