{"id":18230,"date":"2020-04-17T16:14:38","date_gmt":"2020-04-17T14:14:38","guid":{"rendered":"https:\/\/kunmedierne.dk\/mors\/?p=18230"},"modified":"2024-08-12T14:06:13","modified_gmt":"2024-08-12T12:06:13","slug":"politiet-holder-ekstra-oeje-ved-skolevejene","status":"publish","type":"post","link":"https:\/\/kunmedierne.dk\/mors\/politiet-holder-ekstra-oeje-ved-skolevejene\/","title":{"rendered":"Politiet holder ekstra \u00f8je ved skolevejene"},"content":{"rendered":"<p><strong>MORS<\/strong>: De yngste er tilbage i skolen, mens de \u00e6ldre stadig skal undervises derhjemme. Det giver en ny udfordring i morgentrafikken, hvilket nu f\u00e5r Midt- og Vestjyllands Politi til at opprioritere synligheden omkring skolerne.<\/p>\n<p>\u201dVi forventer, at det i nogen grad kan sammenlignes med situationen omkring skolestart i august, hvor b\u00e5de for\u00e6ldre og \u00f8vrige trafikanter lige skal mindes om hensynsfuld k\u00f8rsel. Derfor vil vi i den kommende uge v\u00e6re tilstede omkring skoledagens start og holde \u00f8je med, at skoledagen starter sikkert for kredsens skoleb\u00f8rn,\u201d fort\u00e6ller vicepolitiinspekt\u00f8r og leder af F\u00e6rdselsafdelingen i Midt- og Vestjyllands politi, Henrik Glintborg.<\/p>\n<p>Bev\u00e6ggrunden er ikke mindst, at de \u00e6ldste klasser stadig fjernundervises, hvilket betyder, at mange skoler mange skoler mangler de skolepatruljer, der plejer at hj\u00e6lpe eleverne over vejen.<\/p>\n<p>B\u00e5de beredskabspatruljer, f\u00e6rdselsbetjente og politiets fotovogne deltager i indsatsen. Der vil v\u00e6re fokus p\u00e5 b\u00e5de hastighed, for\u00e6ldrenes trafikale adf\u00e6rd i forbindelse med aflevering, uopm\u00e6rksomhed og brug af sele.<\/p>\n","protected":false},"excerpt":{"rendered":"<p>MORS: De yngste er tilbage i skolen, mens de \u00e6ldre stadig skal undervises derhjemme. Det giver en ny udfordring i morgentrafikken, hvilket nu f\u00e5r Midt- og Vestjyllands Politi til at opprioritere synligheden omkring skolerne. \u201dVi forventer, at det i nogen grad kan sammenlignes med situationen omkring skolestart i august, hvor b\u00e5de for\u00e6ldre og \u00f8vrige trafikanter [&hellip;]<\/p>\n","protected":false},"author":8,"featured_media":16121,"comment_status":"open","ping_status":"open","sticky":false,"template":"","format":"standard","meta":{"_acf_changed":false,"footnotes":""},"categories":[54,51],"tags":[],"class_list":["post-18230","post","type-post","status-publish","format-standard","has-post-thumbnail","hentry","category-54","category-lokalt"],"acf":[],"yoast_head":"<!-- This site is optimized with the Yoast SEO plugin v26.8 - https:\/\/yoast.com\/product\/yoast-seo-wordpress\/ -->\n<title>Politiet holder ekstra \u00f8je ved skolevejene - Mors<\/title>\n<meta name=\"robots\" content=\"index, follow, max-snippet:-1, max-image-preview:large, max-video-preview:-1\" \/>\n<link rel=\"canonical\" href=\"https:\/\/kunmedierne.dk\/mors\/politiet-holder-ekstra-oeje-ved-skolevejene\/\" \/>\n<meta property=\"og:locale\" content=\"da_DK\" \/>\n<meta property=\"og:type\" content=\"article\" \/>\n<meta property=\"og:title\" content=\"Politiet holder ekstra \u00f8je ved skolevejene - Mors\" \/>\n<meta property=\"og:description\" content=\"MORS: De yngste er tilbage i skolen, mens de \u00e6ldre stadig skal undervises derhjemme. Det giver en ny udfordring i morgentrafikken, hvilket nu f\u00e5r Midt- og Vestjyllands Politi til at opprioritere synligheden omkring skolerne. \u201dVi forventer, at det i nogen grad kan sammenlignes med situationen omkring skolestart i august, hvor b\u00e5de for\u00e6ldre og \u00f8vrige trafikanter [&hellip;]\" \/>\n<meta property=\"og:url\" content=\"https:\/\/kunmedierne.dk\/mors\/politiet-holder-ekstra-oeje-ved-skolevejene\/\" \/>\n<meta property=\"og:site_name\" content=\"Mors\" \/>\n<meta property=\"article:published_time\" content=\"2020-04-17T14:14:38+00:00\" \/>\n<meta property=\"article:modified_time\" content=\"2024-08-12T12:06:13+00:00\" \/>\n<meta property=\"og:image\" content=\"https:\/\/kunmedierne.dk\/mors\/wp-content\/uploads\/2020\/04\/politi-atk.jpg\" \/>\n\t<meta property=\"og:image:width\" content=\"770\" \/>\n\t<meta property=\"og:image:height\" content=\"513\" \/>\n\t<meta property=\"og:image:type\" content=\"image\/jpeg\" \/>\n<meta name=\"author\" content=\"David H\u00f8jmark\" \/>\n<meta name=\"twitter:card\" content=\"summary_large_image\" \/>\n<meta name=\"twitter:label1\" content=\"Skrevet af\" \/>\n\t<meta name=\"twitter:data1\" content=\"David H\u00f8jmark\" \/>\n\t<meta name=\"twitter:label2\" content=\"Estimeret l\u00e6setid\" \/>\n\t<meta name=\"twitter:data2\" content=\"1 minut\" \/>\n<script type=\"application\/ld+json\" class=\"yoast-schema-graph\">{\"@context\":\"https:\/\/schema.org\",\"@graph\":[{\"@type\":\"Article\",\"@id\":\"https:\/\/kunmedierne.dk\/mors\/politiet-holder-ekstra-oeje-ved-skolevejene\/#article\",\"isPartOf\":{\"@id\":\"https:\/\/kunmedierne.dk\/mors\/politiet-holder-ekstra-oeje-ved-skolevejene\/\"},\"author\":{\"name\":\"David H\u00f8jmark\",\"@id\":\"https:\/\/kunmedierne.dk\/mors\/#\/schema\/person\/5fe23251bf1d0abbcdc6f7896579d548\"},\"headline\":\"Politiet holder ekstra \u00f8je ved skolevejene\",\"datePublished\":\"2020-04-17T14:14:38+00:00\",\"dateModified\":\"2024-08-12T12:06:13+00:00\",\"mainEntityOfPage\":{\"@id\":\"https:\/\/kunmedierne.dk\/mors\/politiet-holder-ekstra-oeje-ved-skolevejene\/\"},\"wordCount\":176,\"commentCount\":0,\"publisher\":{\"@id\":\"https:\/\/kunmedierne.dk\/mors\/#organization\"},\"image\":{\"@id\":\"https:\/\/kunmedierne.dk\/mors\/politiet-holder-ekstra-oeje-ved-skolevejene\/#primaryimage\"},\"thumbnailUrl\":\"https:\/\/kunmedierne.dk\/mors\/wp-content\/uploads\/2020\/04\/politi-atk.jpg\",\"articleSection\":[\"112\",\"Lokalt\"],\"inLanguage\":\"da-DK\",\"potentialAction\":[{\"@type\":\"CommentAction\",\"name\":\"Comment\",\"target\":[\"https:\/\/kunmedierne.dk\/mors\/politiet-holder-ekstra-oeje-ved-skolevejene\/#respond\"]}]},{\"@type\":\"WebPage\",\"@id\":\"https:\/\/kunmedierne.dk\/mors\/politiet-holder-ekstra-oeje-ved-skolevejene\/\",\"url\":\"https:\/\/kunmedierne.dk\/mors\/politiet-holder-ekstra-oeje-ved-skolevejene\/\",\"name\":\"Politiet holder ekstra \u00f8je ved skolevejene - Mors\",\"isPartOf\":{\"@id\":\"https:\/\/kunmedierne.dk\/mors\/#website\"},\"primaryImageOfPage\":{\"@id\":\"https:\/\/kunmedierne.dk\/mors\/politiet-holder-ekstra-oeje-ved-skolevejene\/#primaryimage\"},\"image\":{\"@id\":\"https:\/\/kunmedierne.dk\/mors\/politiet-holder-ekstra-oeje-ved-skolevejene\/#primaryimage\"},\"thumbnailUrl\":\"https:\/\/kunmedierne.dk\/mors\/wp-content\/uploads\/2020\/04\/politi-atk.jpg\",\"datePublished\":\"2020-04-17T14:14:38+00:00\",\"dateModified\":\"2024-08-12T12:06:13+00:00\",\"breadcrumb\":{\"@id\":\"https:\/\/kunmedierne.dk\/mors\/politiet-holder-ekstra-oeje-ved-skolevejene\/#breadcrumb\"},\"inLanguage\":\"da-DK\",\"potentialAction\":[{\"@type\":\"ReadAction\",\"target\":[\"https:\/\/kunmedierne.dk\/mors\/politiet-holder-ekstra-oeje-ved-skolevejene\/\"]}]},{\"@type\":\"ImageObject\",\"inLanguage\":\"da-DK\",\"@id\":\"https:\/\/kunmedierne.dk\/mors\/politiet-holder-ekstra-oeje-ved-skolevejene\/#primaryimage\",\"url\":\"https:\/\/kunmedierne.dk\/mors\/wp-content\/uploads\/2020\/04\/politi-atk.jpg\",\"contentUrl\":\"https:\/\/kunmedierne.dk\/mors\/wp-content\/uploads\/2020\/04\/politi-atk.jpg\",\"width\":770,\"height\":513,\"caption\":\"Modelfoto: Kim Matth\u00e4i Leland\"},{\"@type\":\"BreadcrumbList\",\"@id\":\"https:\/\/kunmedierne.dk\/mors\/politiet-holder-ekstra-oeje-ved-skolevejene\/#breadcrumb\",\"itemListElement\":[{\"@type\":\"ListItem\",\"position\":1,\"name\":\"Hjem\",\"item\":\"https:\/\/kunmedierne.dk\/mors\/\"},{\"@type\":\"ListItem\",\"position\":2,\"name\":\"Politiet holder ekstra \u00f8je ved skolevejene\"}]},{\"@type\":\"WebSite\",\"@id\":\"https:\/\/kunmedierne.dk\/mors\/#website\",\"url\":\"https:\/\/kunmedierne.dk\/mors\/\",\"name\":\"Mors\",\"description\":\"et netmedie med journalistik om livet p\u00e5 Mors\",\"publisher\":{\"@id\":\"https:\/\/kunmedierne.dk\/mors\/#organization\"},\"potentialAction\":[{\"@type\":\"SearchAction\",\"target\":{\"@type\":\"EntryPoint\",\"urlTemplate\":\"https:\/\/kunmedierne.dk\/mors\/?s={search_term_string}\"},\"query-input\":{\"@type\":\"PropertyValueSpecification\",\"valueRequired\":true,\"valueName\":\"search_term_string\"}}],\"inLanguage\":\"da-DK\"},{\"@type\":\"Organization\",\"@id\":\"https:\/\/kunmedierne.dk\/mors\/#organization\",\"name\":\"Mors\",\"url\":\"https:\/\/kunmedierne.dk\/mors\/\",\"logo\":{\"@type\":\"ImageObject\",\"inLanguage\":\"da-DK\",\"@id\":\"https:\/\/kunmedierne.dk\/mors\/#\/schema\/logo\/image\/\",\"url\":\"https:\/\/kunmedierne.dk\/mors\/wp-content\/uploads\/2024\/08\/kunmors-logo.svg\",\"contentUrl\":\"https:\/\/kunmedierne.dk\/mors\/wp-content\/uploads\/2024\/08\/kunmors-logo.svg\",\"caption\":\"Mors\"},\"image\":{\"@id\":\"https:\/\/kunmedierne.dk\/mors\/#\/schema\/logo\/image\/\"}},{\"@type\":\"Person\",\"@id\":\"https:\/\/kunmedierne.dk\/mors\/#\/schema\/person\/5fe23251bf1d0abbcdc6f7896579d548\",\"name\":\"David H\u00f8jmark\",\"image\":{\"@type\":\"ImageObject\",\"inLanguage\":\"da-DK\",\"@id\":\"https:\/\/kunmedierne.dk\/mors\/#\/schema\/person\/image\/\",\"url\":\"https:\/\/secure.gravatar.com\/avatar\/4315d6fb9ef244d729989f5f90268eb08d5bf8a3d84402f595fa194bb35784fd?s=96&d=mm&r=g\",\"contentUrl\":\"https:\/\/secure.gravatar.com\/avatar\/4315d6fb9ef244d729989f5f90268eb08d5bf8a3d84402f595fa194bb35784fd?s=96&d=mm&r=g\",\"caption\":\"David H\u00f8jmark\"},\"sameAs\":[\"https:\/\/www.kunmedierne.dk\"],\"url\":\"https:\/\/kunmedierne.dk\/mors\/author\/david\/\"}]}<\/script>\n<!-- \/ Yoast SEO plugin. -->","yoast_head_json":{"title":"Politiet holder ekstra \u00f8je ved skolevejene - Mors","robots":{"index":"index","follow":"follow","max-snippet":"max-snippet:-1","max-image-preview":"max-image-preview:large","max-video-preview":"max-video-preview:-1"},"canonical":"https:\/\/kunmedierne.dk\/mors\/politiet-holder-ekstra-oeje-ved-skolevejene\/","og_locale":"da_DK","og_type":"article","og_title":"Politiet holder ekstra \u00f8je ved skolevejene - Mors","og_description":"MORS: De yngste er tilbage i skolen, mens de \u00e6ldre stadig skal undervises derhjemme. Det giver en ny udfordring i morgentrafikken, hvilket nu f\u00e5r Midt- og Vestjyllands Politi til at opprioritere synligheden omkring skolerne. \u201dVi forventer, at det i nogen grad kan sammenlignes med situationen omkring skolestart i august, hvor b\u00e5de for\u00e6ldre og \u00f8vrige trafikanter [&hellip;]","og_url":"https:\/\/kunmedierne.dk\/mors\/politiet-holder-ekstra-oeje-ved-skolevejene\/","og_site_name":"Mors","article_published_time":"2020-04-17T14:14:38+00:00","article_modified_time":"2024-08-12T12:06:13+00:00","og_image":[{"width":770,"height":513,"url":"https:\/\/kunmedierne.dk\/mors\/wp-content\/uploads\/2020\/04\/politi-atk.jpg","type":"image\/jpeg"}],"author":"David H\u00f8jmark","twitter_card":"summary_large_image","twitter_misc":{"Skrevet af":"David H\u00f8jmark","Estimeret l\u00e6setid":"1 minut"},"schema":{"@context":"https:\/\/schema.org","@graph":[{"@type":"Article","@id":"https:\/\/kunmedierne.dk\/mors\/politiet-holder-ekstra-oeje-ved-skolevejene\/#article","isPartOf":{"@id":"https:\/\/kunmedierne.dk\/mors\/politiet-holder-ekstra-oeje-ved-skolevejene\/"},"author":{"name":"David H\u00f8jmark","@id":"https:\/\/kunmedierne.dk\/mors\/#\/schema\/person\/5fe23251bf1d0abbcdc6f7896579d548"},"headline":"Politiet holder ekstra \u00f8je ved skolevejene","datePublished":"2020-04-17T14:14:38+00:00","dateModified":"2024-08-12T12:06:13+00:00","mainEntityOfPage":{"@id":"https:\/\/kunmedierne.dk\/mors\/politiet-holder-ekstra-oeje-ved-skolevejene\/"},"wordCount":176,"commentCount":0,"publisher":{"@id":"https:\/\/kunmedierne.dk\/mors\/#organization"},"image":{"@id":"https:\/\/kunmedierne.dk\/mors\/politiet-holder-ekstra-oeje-ved-skolevejene\/#primaryimage"},"thumbnailUrl":"https:\/\/kunmedierne.dk\/mors\/wp-content\/uploads\/2020\/04\/politi-atk.jpg","articleSection":["112","Lokalt"],"inLanguage":"da-DK","potentialAction":[{"@type":"CommentAction","name":"Comment","target":["https:\/\/kunmedierne.dk\/mors\/politiet-holder-ekstra-oeje-ved-skolevejene\/#respond"]}]},{"@type":"WebPage","@id":"https:\/\/kunmedierne.dk\/mors\/politiet-holder-ekstra-oeje-ved-skolevejene\/","url":"https:\/\/kunmedierne.dk\/mors\/politiet-holder-ekstra-oeje-ved-skolevejene\/","name":"Politiet holder ekstra \u00f8je ved skolevejene - Mors","isPartOf":{"@id":"https:\/\/kunmedierne.dk\/mors\/#website"},"primaryImageOfPage":{"@id":"https:\/\/kunmedierne.dk\/mors\/politiet-holder-ekstra-oeje-ved-skolevejene\/#primaryimage"},"image":{"@id":"https:\/\/kunmedierne.dk\/mors\/politiet-holder-ekstra-oeje-ved-skolevejene\/#primaryimage"},"thumbnailUrl":"https:\/\/kunmedierne.dk\/mors\/wp-content\/uploads\/2020\/04\/politi-atk.jpg","datePublished":"2020-04-17T14:14:38+00:00","dateModified":"2024-08-12T12:06:13+00:00","breadcrumb":{"@id":"https:\/\/kunmedierne.dk\/mors\/politiet-holder-ekstra-oeje-ved-skolevejene\/#breadcrumb"},"inLanguage":"da-DK","potentialAction":[{"@type":"ReadAction","target":["https:\/\/kunmedierne.dk\/mors\/politiet-holder-ekstra-oeje-ved-skolevejene\/"]}]},{"@type":"ImageObject","inLanguage":"da-DK","@id":"https:\/\/kunmedierne.dk\/mors\/politiet-holder-ekstra-oeje-ved-skolevejene\/#primaryimage","url":"https:\/\/kunmedierne.dk\/mors\/wp-content\/uploads\/2020\/04\/politi-atk.jpg","contentUrl":"https:\/\/kunmedierne.dk\/mors\/wp-content\/uploads\/2020\/04\/politi-atk.jpg","width":770,"height":513,"caption":"Modelfoto: Kim Matth\u00e4i Leland"},{"@type":"BreadcrumbList","@id":"https:\/\/kunmedierne.dk\/mors\/politiet-holder-ekstra-oeje-ved-skolevejene\/#breadcrumb","itemListElement":[{"@type":"ListItem","position":1,"name":"Hjem","item":"https:\/\/kunmedierne.dk\/mors\/"},{"@type":"ListItem","position":2,"name":"Politiet holder ekstra \u00f8je ved skolevejene"}]},{"@type":"WebSite","@id":"https:\/\/kunmedierne.dk\/mors\/#website","url":"https:\/\/kunmedierne.dk\/mors\/","name":"Mors","description":"et netmedie med journalistik om livet p\u00e5 Mors","publisher":{"@id":"https:\/\/kunmedierne.dk\/mors\/#organization"},"potentialAction":[{"@type":"SearchAction","target":{"@type":"EntryPoint","urlTemplate":"https:\/\/kunmedierne.dk\/mors\/?s={search_term_string}"},"query-input":{"@type":"PropertyValueSpecification","valueRequired":true,"valueName":"search_term_string"}}],"inLanguage":"da-DK"},{"@type":"Organization","@id":"https:\/\/kunmedierne.dk\/mors\/#organization","name":"Mors","url":"https:\/\/kunmedierne.dk\/mors\/","logo":{"@type":"ImageObject","inLanguage":"da-DK","@id":"https:\/\/kunmedierne.dk\/mors\/#\/schema\/logo\/image\/","url":"https:\/\/kunmedierne.dk\/mors\/wp-content\/uploads\/2024\/08\/kunmors-logo.svg","contentUrl":"https:\/\/kunmedierne.dk\/mors\/wp-content\/uploads\/2024\/08\/kunmors-logo.svg","caption":"Mors"},"image":{"@id":"https:\/\/kunmedierne.dk\/mors\/#\/schema\/logo\/image\/"}},{"@type":"Person","@id":"https:\/\/kunmedierne.dk\/mors\/#\/schema\/person\/5fe23251bf1d0abbcdc6f7896579d548","name":"David H\u00f8jmark","image":{"@type":"ImageObject","inLanguage":"da-DK","@id":"https:\/\/kunmedierne.dk\/mors\/#\/schema\/person\/image\/","url":"https:\/\/secure.gravatar.com\/avatar\/4315d6fb9ef244d729989f5f90268eb08d5bf8a3d84402f595fa194bb35784fd?s=96&d=mm&r=g","contentUrl":"https:\/\/secure.gravatar.com\/avatar\/4315d6fb9ef244d729989f5f90268eb08d5bf8a3d84402f595fa194bb35784fd?s=96&d=mm&r=g","caption":"David H\u00f8jmark"},"sameAs":["https:\/\/www.kunmedierne.dk"],"url":"https:\/\/kunmedierne.dk\/mors\/author\/david\/"}]}},"_links":{"self":[{"href":"https:\/\/kunmedierne.dk\/mors\/wp-json\/wp\/v2\/posts\/18230","targetHints":{"allow":["GET"]}}],"collection":[{"href":"https:\/\/kunmedierne.dk\/mors\/wp-json\/wp\/v2\/posts"}],"about":[{"href":"https:\/\/kunmedierne.dk\/mors\/wp-json\/wp\/v2\/types\/post"}],"author":[{"embeddable":true,"href":"https:\/\/kunmedierne.dk\/mors\/wp-json\/wp\/v2\/users\/8"}],"replies":[{"embeddable":true,"href":"https:\/\/kunmedierne.dk\/mors\/wp-json\/wp\/v2\/comments?post=18230"}],"version-history":[{"count":1,"href":"https:\/\/kunmedierne.dk\/mors\/wp-json\/wp\/v2\/posts\/18230\/revisions"}],"predecessor-version":[{"id":18231,"href":"https:\/\/kunmedierne.dk\/mors\/wp-json\/wp\/v2\/posts\/18230\/revisions\/18231"}],"wp:featuredmedia":[{"embeddable":true,"href":"https:\/\/kunmedierne.dk\/mors\/wp-json\/wp\/v2\/media\/16121"}],"wp:attachment":[{"href":"https:\/\/kunmedierne.dk\/mors\/wp-json\/wp\/v2\/media?parent=18230"}],"wp:term":[{"taxonomy":"category","embeddable":true,"href":"https:\/\/kunmedierne.dk\/mors\/wp-json\/wp\/v2\/categories?post=18230"},{"taxonomy":"post_tag","embeddable":true,"href":"https:\/\/kunmedierne.dk\/mors\/wp-json\/wp\/v2\/tags?post=18230"}],"curies":[{"name":"wp","href":"https:\/\/api.w.org\/{rel}","templated":true}]}}