{"id":18188,"date":"2020-04-17T09:34:01","date_gmt":"2020-04-17T07:34:01","guid":{"rendered":"https:\/\/kunmedierne.dk\/mors\/?p=18188"},"modified":"2024-08-12T14:06:13","modified_gmt":"2024-08-12T12:06:13","slug":"endelig-tilbage-i-arbejde","status":"publish","type":"post","link":"https:\/\/kunmedierne.dk\/mors\/endelig-tilbage-i-arbejde\/","title":{"rendered":"Endelig tilbage i arbejde"},"content":{"rendered":"<p><strong>NYK\u00d8BING<\/strong>: Lettelsen er stor, men ogs\u00e5 iblandet en smule forbehold hos fris\u00f8r Martin Holmgaard Pedersen, indehaver af Salon Hair i Nyk\u00f8bing.<\/p>\n<p>I nat n\u00e5ede samtlige partier i Folketinget frem til en aftale om n\u00e6ste skridt i gen\u00e5bningen af Danmark. Det betyder blandt andet, at landets fris\u00f8rer m\u00e5 \u00e5bne deres butikker igen.<\/p>\n<p>&#8220;Det er lidt b\u00e5de og. Det er jo en sv\u00e6r tid, men det er dejligt, at vi kan komme i gang &#8211; og at f\u00e5 lidt gang i \u00f8konomien igen,&#8221; siger Martin Holmgaard Pedersen.<\/p>\n<p>Han s\u00e6tter sin lid til, at myndighederne har styr p\u00e5 konsekvenser ved at \u00e5bne for diverse erhverv og institutioner. Og s\u00e5 h\u00e5ber han hurtigst muligt at f\u00e5 klarhed over, hvordan butikken fra p\u00e5 mandag skal \u00e5bne i praksis.<\/p>\n<p>&#8220;Vi har ikke f\u00e5et nogen retningslinjer endnu. Det f\u00e5r vi nok i dag eller i morgen,&#8221; siger han.<\/p>\n<p>Betingelser om brug af visir og handsker samt god plads i salonerne lyder som et sandsynligt scenarie, og Martin Holmgaard Pedersen melder Salon Hair klar til at im\u00f8dekomme alle krav.<\/p>\n<p>&#8220;Vi har heldigvis en ret stor salon, s\u00e5 vi kan skabe plads mellem kunderne. Og heldigvis bliver det godt vejr i n\u00e6ste uge, for vi kan ogs\u00e5 s\u00e6tte en b\u00e6nk op udenfor,&#8221; siger han med henvisning til retningslinjerne om ikke at have for mange kunder i salonen p\u00e5 samme tid.<\/p>\n<p>Indehaveren af fris\u00f8rsalonen ansl\u00e5r i \u00f8vrigt, at de knap fem uger med lukket som f\u00f8lge af coronakrisen har kostet en oms\u00e6tning p\u00e5 omkring 300.000 kroner. Han gl\u00e6der sig dog over, at de \u00f8konomiske hj\u00e6lpepakker bringer tabet ned p\u00e5 50.000 kroner.<\/p>\n<p>At fris\u00f8rerne har f\u00e5et lov til at \u00e5bne, betyder ikke, at alle n\u00f8dvendigvis g\u00f8r det. Hvis en fris\u00f8r ikke er i stand til at \u00e5bne salonen p\u00e5 en m\u00e5de, der lever op til betingelserne, kan fris\u00f8ren v\u00e6lge at forts\u00e6tte lukning og modtage l\u00f8nkompensation.<\/p>\n","protected":false},"excerpt":{"rendered":"<p>NYK\u00d8BING: Lettelsen er stor, men ogs\u00e5 iblandet en smule forbehold hos fris\u00f8r Martin Holmgaard Pedersen, indehaver af Salon Hair i Nyk\u00f8bing. I nat n\u00e5ede samtlige partier i Folketinget frem til en aftale om n\u00e6ste skridt i gen\u00e5bningen af Danmark. Det betyder blandt andet, at landets fris\u00f8rer m\u00e5 \u00e5bne deres butikker igen. &#8220;Det er lidt b\u00e5de [&hellip;]<\/p>\n","protected":false},"author":8,"featured_media":18193,"comment_status":"open","ping_status":"open","sticky":false,"template":"","format":"standard","meta":{"_acf_changed":false,"footnotes":""},"categories":[51],"tags":[159],"class_list":["post-18188","post","type-post","status-publish","format-standard","has-post-thumbnail","hentry","category-lokalt","tag-erhverv"],"acf":[],"yoast_head":"<!-- This site is optimized with the Yoast SEO plugin v26.8 - https:\/\/yoast.com\/product\/yoast-seo-wordpress\/ -->\n<title>Endelig tilbage i arbejde - Mors<\/title>\n<meta name=\"robots\" content=\"index, follow, max-snippet:-1, max-image-preview:large, max-video-preview:-1\" \/>\n<link rel=\"canonical\" href=\"https:\/\/kunmedierne.dk\/mors\/endelig-tilbage-i-arbejde\/\" \/>\n<meta property=\"og:locale\" content=\"da_DK\" \/>\n<meta property=\"og:type\" content=\"article\" \/>\n<meta property=\"og:title\" content=\"Endelig tilbage i arbejde - Mors\" \/>\n<meta property=\"og:description\" content=\"NYK\u00d8BING: Lettelsen er stor, men ogs\u00e5 iblandet en smule forbehold hos fris\u00f8r Martin Holmgaard Pedersen, indehaver af Salon Hair i Nyk\u00f8bing. I nat n\u00e5ede samtlige partier i Folketinget frem til en aftale om n\u00e6ste skridt i gen\u00e5bningen af Danmark. Det betyder blandt andet, at landets fris\u00f8rer m\u00e5 \u00e5bne deres butikker igen. &#8220;Det er lidt b\u00e5de [&hellip;]\" \/>\n<meta property=\"og:url\" content=\"https:\/\/kunmedierne.dk\/mors\/endelig-tilbage-i-arbejde\/\" \/>\n<meta property=\"og:site_name\" content=\"Mors\" \/>\n<meta property=\"article:published_time\" content=\"2020-04-17T07:34:01+00:00\" \/>\n<meta property=\"article:modified_time\" content=\"2024-08-12T12:06:13+00:00\" \/>\n<meta property=\"og:image\" content=\"https:\/\/kunmedierne.dk\/mors\/wp-content\/uploads\/2020\/04\/200417-salon-hair.jpg\" \/>\n\t<meta property=\"og:image:width\" content=\"770\" \/>\n\t<meta property=\"og:image:height\" content=\"513\" \/>\n\t<meta property=\"og:image:type\" content=\"image\/jpeg\" \/>\n<meta name=\"author\" content=\"David H\u00f8jmark\" \/>\n<meta name=\"twitter:card\" content=\"summary_large_image\" \/>\n<meta name=\"twitter:label1\" content=\"Skrevet af\" \/>\n\t<meta name=\"twitter:data1\" content=\"David H\u00f8jmark\" \/>\n\t<meta name=\"twitter:label2\" content=\"Estimeret l\u00e6setid\" \/>\n\t<meta name=\"twitter:data2\" content=\"2 minutter\" \/>\n<script type=\"application\/ld+json\" class=\"yoast-schema-graph\">{\"@context\":\"https:\/\/schema.org\",\"@graph\":[{\"@type\":\"Article\",\"@id\":\"https:\/\/kunmedierne.dk\/mors\/endelig-tilbage-i-arbejde\/#article\",\"isPartOf\":{\"@id\":\"https:\/\/kunmedierne.dk\/mors\/endelig-tilbage-i-arbejde\/\"},\"author\":{\"name\":\"David H\u00f8jmark\",\"@id\":\"https:\/\/kunmedierne.dk\/mors\/#\/schema\/person\/5fe23251bf1d0abbcdc6f7896579d548\"},\"headline\":\"Endelig tilbage i arbejde\",\"datePublished\":\"2020-04-17T07:34:01+00:00\",\"dateModified\":\"2024-08-12T12:06:13+00:00\",\"mainEntityOfPage\":{\"@id\":\"https:\/\/kunmedierne.dk\/mors\/endelig-tilbage-i-arbejde\/\"},\"wordCount\":339,\"commentCount\":0,\"publisher\":{\"@id\":\"https:\/\/kunmedierne.dk\/mors\/#organization\"},\"image\":{\"@id\":\"https:\/\/kunmedierne.dk\/mors\/endelig-tilbage-i-arbejde\/#primaryimage\"},\"thumbnailUrl\":\"https:\/\/kunmedierne.dk\/mors\/wp-content\/uploads\/2020\/04\/200417-salon-hair.jpg\",\"keywords\":[\"Erhverv\"],\"articleSection\":[\"Lokalt\"],\"inLanguage\":\"da-DK\",\"potentialAction\":[{\"@type\":\"CommentAction\",\"name\":\"Comment\",\"target\":[\"https:\/\/kunmedierne.dk\/mors\/endelig-tilbage-i-arbejde\/#respond\"]}]},{\"@type\":\"WebPage\",\"@id\":\"https:\/\/kunmedierne.dk\/mors\/endelig-tilbage-i-arbejde\/\",\"url\":\"https:\/\/kunmedierne.dk\/mors\/endelig-tilbage-i-arbejde\/\",\"name\":\"Endelig tilbage i arbejde - Mors\",\"isPartOf\":{\"@id\":\"https:\/\/kunmedierne.dk\/mors\/#website\"},\"primaryImageOfPage\":{\"@id\":\"https:\/\/kunmedierne.dk\/mors\/endelig-tilbage-i-arbejde\/#primaryimage\"},\"image\":{\"@id\":\"https:\/\/kunmedierne.dk\/mors\/endelig-tilbage-i-arbejde\/#primaryimage\"},\"thumbnailUrl\":\"https:\/\/kunmedierne.dk\/mors\/wp-content\/uploads\/2020\/04\/200417-salon-hair.jpg\",\"datePublished\":\"2020-04-17T07:34:01+00:00\",\"dateModified\":\"2024-08-12T12:06:13+00:00\",\"breadcrumb\":{\"@id\":\"https:\/\/kunmedierne.dk\/mors\/endelig-tilbage-i-arbejde\/#breadcrumb\"},\"inLanguage\":\"da-DK\",\"potentialAction\":[{\"@type\":\"ReadAction\",\"target\":[\"https:\/\/kunmedierne.dk\/mors\/endelig-tilbage-i-arbejde\/\"]}]},{\"@type\":\"ImageObject\",\"inLanguage\":\"da-DK\",\"@id\":\"https:\/\/kunmedierne.dk\/mors\/endelig-tilbage-i-arbejde\/#primaryimage\",\"url\":\"https:\/\/kunmedierne.dk\/mors\/wp-content\/uploads\/2020\/04\/200417-salon-hair.jpg\",\"contentUrl\":\"https:\/\/kunmedierne.dk\/mors\/wp-content\/uploads\/2020\/04\/200417-salon-hair.jpg\",\"width\":770,\"height\":513,\"caption\":\"Salon Hair kan \u00e5bne igen fra p\u00e5 mandag. Foto: Salon Hair.\"},{\"@type\":\"BreadcrumbList\",\"@id\":\"https:\/\/kunmedierne.dk\/mors\/endelig-tilbage-i-arbejde\/#breadcrumb\",\"itemListElement\":[{\"@type\":\"ListItem\",\"position\":1,\"name\":\"Hjem\",\"item\":\"https:\/\/kunmedierne.dk\/mors\/\"},{\"@type\":\"ListItem\",\"position\":2,\"name\":\"Endelig tilbage i arbejde\"}]},{\"@type\":\"WebSite\",\"@id\":\"https:\/\/kunmedierne.dk\/mors\/#website\",\"url\":\"https:\/\/kunmedierne.dk\/mors\/\",\"name\":\"Mors\",\"description\":\"et netmedie med journalistik om livet p\u00e5 Mors\",\"publisher\":{\"@id\":\"https:\/\/kunmedierne.dk\/mors\/#organization\"},\"potentialAction\":[{\"@type\":\"SearchAction\",\"target\":{\"@type\":\"EntryPoint\",\"urlTemplate\":\"https:\/\/kunmedierne.dk\/mors\/?s={search_term_string}\"},\"query-input\":{\"@type\":\"PropertyValueSpecification\",\"valueRequired\":true,\"valueName\":\"search_term_string\"}}],\"inLanguage\":\"da-DK\"},{\"@type\":\"Organization\",\"@id\":\"https:\/\/kunmedierne.dk\/mors\/#organization\",\"name\":\"Mors\",\"url\":\"https:\/\/kunmedierne.dk\/mors\/\",\"logo\":{\"@type\":\"ImageObject\",\"inLanguage\":\"da-DK\",\"@id\":\"https:\/\/kunmedierne.dk\/mors\/#\/schema\/logo\/image\/\",\"url\":\"https:\/\/kunmedierne.dk\/mors\/wp-content\/uploads\/2024\/08\/kunmors-logo.svg\",\"contentUrl\":\"https:\/\/kunmedierne.dk\/mors\/wp-content\/uploads\/2024\/08\/kunmors-logo.svg\",\"caption\":\"Mors\"},\"image\":{\"@id\":\"https:\/\/kunmedierne.dk\/mors\/#\/schema\/logo\/image\/\"}},{\"@type\":\"Person\",\"@id\":\"https:\/\/kunmedierne.dk\/mors\/#\/schema\/person\/5fe23251bf1d0abbcdc6f7896579d548\",\"name\":\"David H\u00f8jmark\",\"image\":{\"@type\":\"ImageObject\",\"inLanguage\":\"da-DK\",\"@id\":\"https:\/\/kunmedierne.dk\/mors\/#\/schema\/person\/image\/\",\"url\":\"https:\/\/secure.gravatar.com\/avatar\/4315d6fb9ef244d729989f5f90268eb08d5bf8a3d84402f595fa194bb35784fd?s=96&d=mm&r=g\",\"contentUrl\":\"https:\/\/secure.gravatar.com\/avatar\/4315d6fb9ef244d729989f5f90268eb08d5bf8a3d84402f595fa194bb35784fd?s=96&d=mm&r=g\",\"caption\":\"David H\u00f8jmark\"},\"sameAs\":[\"https:\/\/www.kunmedierne.dk\"],\"url\":\"https:\/\/kunmedierne.dk\/mors\/author\/david\/\"}]}<\/script>\n<!-- \/ Yoast SEO plugin. -->","yoast_head_json":{"title":"Endelig tilbage i arbejde - Mors","robots":{"index":"index","follow":"follow","max-snippet":"max-snippet:-1","max-image-preview":"max-image-preview:large","max-video-preview":"max-video-preview:-1"},"canonical":"https:\/\/kunmedierne.dk\/mors\/endelig-tilbage-i-arbejde\/","og_locale":"da_DK","og_type":"article","og_title":"Endelig tilbage i arbejde - Mors","og_description":"NYK\u00d8BING: Lettelsen er stor, men ogs\u00e5 iblandet en smule forbehold hos fris\u00f8r Martin Holmgaard Pedersen, indehaver af Salon Hair i Nyk\u00f8bing. I nat n\u00e5ede samtlige partier i Folketinget frem til en aftale om n\u00e6ste skridt i gen\u00e5bningen af Danmark. Det betyder blandt andet, at landets fris\u00f8rer m\u00e5 \u00e5bne deres butikker igen. &#8220;Det er lidt b\u00e5de [&hellip;]","og_url":"https:\/\/kunmedierne.dk\/mors\/endelig-tilbage-i-arbejde\/","og_site_name":"Mors","article_published_time":"2020-04-17T07:34:01+00:00","article_modified_time":"2024-08-12T12:06:13+00:00","og_image":[{"width":770,"height":513,"url":"https:\/\/kunmedierne.dk\/mors\/wp-content\/uploads\/2020\/04\/200417-salon-hair.jpg","type":"image\/jpeg"}],"author":"David H\u00f8jmark","twitter_card":"summary_large_image","twitter_misc":{"Skrevet af":"David H\u00f8jmark","Estimeret l\u00e6setid":"2 minutter"},"schema":{"@context":"https:\/\/schema.org","@graph":[{"@type":"Article","@id":"https:\/\/kunmedierne.dk\/mors\/endelig-tilbage-i-arbejde\/#article","isPartOf":{"@id":"https:\/\/kunmedierne.dk\/mors\/endelig-tilbage-i-arbejde\/"},"author":{"name":"David H\u00f8jmark","@id":"https:\/\/kunmedierne.dk\/mors\/#\/schema\/person\/5fe23251bf1d0abbcdc6f7896579d548"},"headline":"Endelig tilbage i arbejde","datePublished":"2020-04-17T07:34:01+00:00","dateModified":"2024-08-12T12:06:13+00:00","mainEntityOfPage":{"@id":"https:\/\/kunmedierne.dk\/mors\/endelig-tilbage-i-arbejde\/"},"wordCount":339,"commentCount":0,"publisher":{"@id":"https:\/\/kunmedierne.dk\/mors\/#organization"},"image":{"@id":"https:\/\/kunmedierne.dk\/mors\/endelig-tilbage-i-arbejde\/#primaryimage"},"thumbnailUrl":"https:\/\/kunmedierne.dk\/mors\/wp-content\/uploads\/2020\/04\/200417-salon-hair.jpg","keywords":["Erhverv"],"articleSection":["Lokalt"],"inLanguage":"da-DK","potentialAction":[{"@type":"CommentAction","name":"Comment","target":["https:\/\/kunmedierne.dk\/mors\/endelig-tilbage-i-arbejde\/#respond"]}]},{"@type":"WebPage","@id":"https:\/\/kunmedierne.dk\/mors\/endelig-tilbage-i-arbejde\/","url":"https:\/\/kunmedierne.dk\/mors\/endelig-tilbage-i-arbejde\/","name":"Endelig tilbage i arbejde - Mors","isPartOf":{"@id":"https:\/\/kunmedierne.dk\/mors\/#website"},"primaryImageOfPage":{"@id":"https:\/\/kunmedierne.dk\/mors\/endelig-tilbage-i-arbejde\/#primaryimage"},"image":{"@id":"https:\/\/kunmedierne.dk\/mors\/endelig-tilbage-i-arbejde\/#primaryimage"},"thumbnailUrl":"https:\/\/kunmedierne.dk\/mors\/wp-content\/uploads\/2020\/04\/200417-salon-hair.jpg","datePublished":"2020-04-17T07:34:01+00:00","dateModified":"2024-08-12T12:06:13+00:00","breadcrumb":{"@id":"https:\/\/kunmedierne.dk\/mors\/endelig-tilbage-i-arbejde\/#breadcrumb"},"inLanguage":"da-DK","potentialAction":[{"@type":"ReadAction","target":["https:\/\/kunmedierne.dk\/mors\/endelig-tilbage-i-arbejde\/"]}]},{"@type":"ImageObject","inLanguage":"da-DK","@id":"https:\/\/kunmedierne.dk\/mors\/endelig-tilbage-i-arbejde\/#primaryimage","url":"https:\/\/kunmedierne.dk\/mors\/wp-content\/uploads\/2020\/04\/200417-salon-hair.jpg","contentUrl":"https:\/\/kunmedierne.dk\/mors\/wp-content\/uploads\/2020\/04\/200417-salon-hair.jpg","width":770,"height":513,"caption":"Salon Hair kan \u00e5bne igen fra p\u00e5 mandag. Foto: Salon Hair."},{"@type":"BreadcrumbList","@id":"https:\/\/kunmedierne.dk\/mors\/endelig-tilbage-i-arbejde\/#breadcrumb","itemListElement":[{"@type":"ListItem","position":1,"name":"Hjem","item":"https:\/\/kunmedierne.dk\/mors\/"},{"@type":"ListItem","position":2,"name":"Endelig tilbage i arbejde"}]},{"@type":"WebSite","@id":"https:\/\/kunmedierne.dk\/mors\/#website","url":"https:\/\/kunmedierne.dk\/mors\/","name":"Mors","description":"et netmedie med journalistik om livet p\u00e5 Mors","publisher":{"@id":"https:\/\/kunmedierne.dk\/mors\/#organization"},"potentialAction":[{"@type":"SearchAction","target":{"@type":"EntryPoint","urlTemplate":"https:\/\/kunmedierne.dk\/mors\/?s={search_term_string}"},"query-input":{"@type":"PropertyValueSpecification","valueRequired":true,"valueName":"search_term_string"}}],"inLanguage":"da-DK"},{"@type":"Organization","@id":"https:\/\/kunmedierne.dk\/mors\/#organization","name":"Mors","url":"https:\/\/kunmedierne.dk\/mors\/","logo":{"@type":"ImageObject","inLanguage":"da-DK","@id":"https:\/\/kunmedierne.dk\/mors\/#\/schema\/logo\/image\/","url":"https:\/\/kunmedierne.dk\/mors\/wp-content\/uploads\/2024\/08\/kunmors-logo.svg","contentUrl":"https:\/\/kunmedierne.dk\/mors\/wp-content\/uploads\/2024\/08\/kunmors-logo.svg","caption":"Mors"},"image":{"@id":"https:\/\/kunmedierne.dk\/mors\/#\/schema\/logo\/image\/"}},{"@type":"Person","@id":"https:\/\/kunmedierne.dk\/mors\/#\/schema\/person\/5fe23251bf1d0abbcdc6f7896579d548","name":"David H\u00f8jmark","image":{"@type":"ImageObject","inLanguage":"da-DK","@id":"https:\/\/kunmedierne.dk\/mors\/#\/schema\/person\/image\/","url":"https:\/\/secure.gravatar.com\/avatar\/4315d6fb9ef244d729989f5f90268eb08d5bf8a3d84402f595fa194bb35784fd?s=96&d=mm&r=g","contentUrl":"https:\/\/secure.gravatar.com\/avatar\/4315d6fb9ef244d729989f5f90268eb08d5bf8a3d84402f595fa194bb35784fd?s=96&d=mm&r=g","caption":"David H\u00f8jmark"},"sameAs":["https:\/\/www.kunmedierne.dk"],"url":"https:\/\/kunmedierne.dk\/mors\/author\/david\/"}]}},"_links":{"self":[{"href":"https:\/\/kunmedierne.dk\/mors\/wp-json\/wp\/v2\/posts\/18188","targetHints":{"allow":["GET"]}}],"collection":[{"href":"https:\/\/kunmedierne.dk\/mors\/wp-json\/wp\/v2\/posts"}],"about":[{"href":"https:\/\/kunmedierne.dk\/mors\/wp-json\/wp\/v2\/types\/post"}],"author":[{"embeddable":true,"href":"https:\/\/kunmedierne.dk\/mors\/wp-json\/wp\/v2\/users\/8"}],"replies":[{"embeddable":true,"href":"https:\/\/kunmedierne.dk\/mors\/wp-json\/wp\/v2\/comments?post=18188"}],"version-history":[{"count":2,"href":"https:\/\/kunmedierne.dk\/mors\/wp-json\/wp\/v2\/posts\/18188\/revisions"}],"predecessor-version":[{"id":18194,"href":"https:\/\/kunmedierne.dk\/mors\/wp-json\/wp\/v2\/posts\/18188\/revisions\/18194"}],"wp:featuredmedia":[{"embeddable":true,"href":"https:\/\/kunmedierne.dk\/mors\/wp-json\/wp\/v2\/media\/18193"}],"wp:attachment":[{"href":"https:\/\/kunmedierne.dk\/mors\/wp-json\/wp\/v2\/media?parent=18188"}],"wp:term":[{"taxonomy":"category","embeddable":true,"href":"https:\/\/kunmedierne.dk\/mors\/wp-json\/wp\/v2\/categories?post=18188"},{"taxonomy":"post_tag","embeddable":true,"href":"https:\/\/kunmedierne.dk\/mors\/wp-json\/wp\/v2\/tags?post=18188"}],"curies":[{"name":"wp","href":"https:\/\/api.w.org\/{rel}","templated":true}]}}