{"id":181117,"date":"2026-09-06T11:12:23","date_gmt":"2026-09-06T09:12:23","guid":{"rendered":"https:\/\/kunmedierne.dk\/mors\/?p=181117"},"modified":"2026-09-06T11:12:37","modified_gmt":"2026-09-06T09:12:37","slug":"laeserbrev-brug-for-oekonomisk-saltvandsindsproejtning-i-kommunerne","status":"publish","type":"post","link":"https:\/\/kunmedierne.dk\/mors\/laeserbrev-brug-for-oekonomisk-saltvandsindsproejtning-i-kommunerne\/","title":{"rendered":"<span>L\u00e6serbrev: <\/span>Brug for \u00f8konomisk saltvandsindspr\u00f8jtning i kommunerne"},"content":{"rendered":"<p><strong>DEBAT<\/strong>: Pia Olsen Dyhr er blevet kl\u00e6dt helt af, for at lyve om \u00f8konomiaftalen. I mandags fremlagde hun hvilke kommuner der f\u00e5r s\u00e6rtilskud. Hun p\u00e5stod at regeringen har sikret kommunerne mulighed for ikke blot at fastholde servicen, men ogs\u00e5 udvide den. Begge dele er lodret forkert!<\/p>\n<p>NB-\u00f8konomi \u2013 et digitalt magasin som kommunerne udgiver \u2013 lavede et faktatjek p\u00e5 hendes tale. Den indeholdt fire direkte fejl i \u00f8konomiministerens udtalelser om kommunal service. P\u00e5standen om, at \u00e5rets \u00f8konomiaftale vil indhente noget af det eftersl\u00e6b, der har v\u00e6ret p\u00e5 velf\u00e6rden, er faktuelt forkert.<\/p>\n<a class=\"dvrt-link\" onClick=\"cdmtrack_click(116504,jQuery(this));return false\" href=\"https:\/\/www.nybolig.dk\/ejendomsmaeglere\/nordvestjylland\/nybolig-morsoe-nykoebing-mors\"><img decoding=\"async\" style=\"width:100%;\" src=\"https:\/\/kunmedierne.dk\/mors\/wp-content\/uploads\/2024\/04\/250825Nybolig.jpg\"><\/a><script>cdmtrack_view(116504);<\/script>\n<p>Hvorfor? Jo, kommunerne fik 3,3 mia. kroner til l\u00f8ft af servicerammen, men de 1,5 mia. skal bruges til at give samme velf\u00e6rd til flere \u00e6ldre. Derudover stiger det s\u00e5kaldte specialiserede socialomr\u00e5de med 2,7 mia. om \u00e5ret. Dertil kommer, at aftalen binder ca. 600 millioner kroner til s\u00e6rlige projekter. Derfor skal kommunerne finde besparelser for cirka 1,5 mia. kroner p\u00e5 det almene velf\u00e6rdsomr\u00e5de.<\/p>\n<p>Det var helt det samme som Kommunernes Landsforening udtalte da aftalen blev indg\u00e5et. \u2028Regeringen og KL besluttede i \u00e5r at h\u00e6ve s\u00e6rtilskuds-puljen til s\u00e6rligt vanskeligt stillede kommuner fra 800 millioner kr. til en milliard kroner i 2027 \u2013 den s\u00e5kaldte \u00a716-ordning. Men det er slet ikke nok til at d\u00e6kke behovet. S\u00e6rtilskud skulle v\u00e6re undtagelsen, men er blevet en fast del af budgetprocessen i de fattigste kommuner. Det ser vi jo ogs\u00e5 p\u00e5 Mors. I budgetforslaget var der indregnet et s\u00e6rtilskud p\u00e5 40 mio. kr., s\u00e5 da tilskuddet blev p\u00e5 45 mio. kr. forbedrede det kun \u00f8konomien med 5 mio. kr.<\/p>\n<p>Da \u00f8konomiaftalen blev indg\u00e5et i juni lagde Kommunernes Landsforening da heller ikke skjul p\u00e5, at aftalen ville betyde nedsk\u00e6ringer. KL&#8217;s n\u00e6stformand Martin Damm bekr\u00e6ftede, at den \u00f8konomiske ramme stort set var u\u00e6ndret i forhold til de seneste to \u00e5r, men at kommunernes udfordringer er steget. Efter pressem\u00f8det udtalte han lidt floromvundet, at <em>\u201cvi st\u00e5r ogs\u00e5 over for det h\u00f8jeste udfordringsbillede, som kommunerne har st\u00e5et med i mange \u00e5r. Og derfor kommer den her aftale jo ikke til at friholde kommunalpolitikerne fra at skulle prioritere. S\u00e5 det her er ikke en \u00f8konomiaftale, der d\u00e6kker alle regninger i alle kommuner\u201d.<\/em><\/p>\n<a class=\"dvrt-link\" onClick=\"cdmtrack_click(116504,jQuery(this));return false\" href=\"https:\/\/www.nybolig.dk\/ejendomsmaeglere\/nordvestjylland\/nybolig-morsoe-nykoebing-mors\"><img decoding=\"async\" style=\"width:100%;\" src=\"https:\/\/kunmedierne.dk\/mors\/wp-content\/uploads\/2024\/04\/250825Nybolig.jpg\"><\/a><script>cdmtrack_view(116504);<\/script>\n<p>Det kommer desv\u00e6rre til at g\u00f8re ondt \u2013 ogs\u00e5 p\u00e5 Mors.<\/p>\n<p>Det grundl\u00e6ggende er, at regeringer i en lang r\u00e6kke \u00e5r har underfinansieret velf\u00e6rden. Arbejderbev\u00e6gelsens Erhvervsr\u00e5d lavede en analyse i 2023, der viste at velf\u00e6rden siden 2015 har v\u00e6ret underfinansieret med 22,5 milliarder kroner.<\/p>\n<p>S\u00e5 l\u00e6nge kommunerne indg\u00e5r d\u00e5rlige \u00f8konomiaftaler med regeringen bliver det desv\u00e6rre ikke bedre. M\u00e5ske de lokale politikere fra S, R og SF skulle bruge mere energi p\u00e5 at presse deres kollegaer p\u00e5 Christiansborg?<\/p>\n<p>Vi har brug for en \u00f8konomisk saltvandsindspr\u00f8jtning i kommunerne af et format, som vi ellers kun ser, n\u00e5r det g\u00e6lder krudt og kugler.<\/p>\n","protected":false},"excerpt":{"rendered":"<p>DEBAT: Pia Olsen Dyhr er blevet kl\u00e6dt helt af, for at lyve om \u00f8konomiaftalen. I mandags fremlagde hun hvilke kommuner der f\u00e5r s\u00e6rtilskud. Hun p\u00e5stod at regeringen har sikret kommunerne mulighed for ikke blot at fastholde servicen, men ogs\u00e5 udvide den. Begge dele er lodret forkert! NB-\u00f8konomi \u2013 et digitalt magasin som kommunerne udgiver \u2013 [&hellip;]<\/p>\n","protected":false},"author":11,"featured_media":0,"comment_status":"closed","ping_status":"closed","sticky":false,"template":"","format":"standard","meta":{"_acf_changed":false,"footnotes":""},"categories":[56,51],"tags":[295,167],"class_list":["post-181117","post","type-post","status-publish","format-standard","hentry","category-debat","category-lokalt","tag-oekonomi","tag-politik"],"acf":[],"yoast_head":"<!-- This site is optimized with the Yoast SEO plugin v27.7 - https:\/\/yoast.com\/product\/yoast-seo-wordpress\/ -->\n<title>L\u00e6serbrev: Brug for \u00f8konomisk saltvandsindspr\u00f8jtning i kommunerne - Mors<\/title>\n<meta name=\"robots\" content=\"index, follow, max-snippet:-1, max-image-preview:large, max-video-preview:-1\" \/>\n<link rel=\"canonical\" href=\"https:\/\/kunmedierne.dk\/mors\/laeserbrev-brug-for-oekonomisk-saltvandsindsproejtning-i-kommunerne\/\" \/>\n<meta property=\"og:locale\" content=\"da_DK\" \/>\n<meta property=\"og:type\" content=\"article\" \/>\n<meta property=\"og:title\" content=\"L\u00e6serbrev: Brug for \u00f8konomisk saltvandsindspr\u00f8jtning i kommunerne - Mors\" \/>\n<meta property=\"og:description\" content=\"DEBAT: Pia Olsen Dyhr er blevet kl\u00e6dt helt af, for at lyve om \u00f8konomiaftalen. I mandags fremlagde hun hvilke kommuner der f\u00e5r s\u00e6rtilskud. Hun p\u00e5stod at regeringen har sikret kommunerne mulighed for ikke blot at fastholde servicen, men ogs\u00e5 udvide den. Begge dele er lodret forkert! NB-\u00f8konomi \u2013 et digitalt magasin som kommunerne udgiver \u2013 [&hellip;]\" \/>\n<meta property=\"og:url\" content=\"https:\/\/kunmedierne.dk\/mors\/laeserbrev-brug-for-oekonomisk-saltvandsindsproejtning-i-kommunerne\/\" \/>\n<meta property=\"og:site_name\" content=\"Mors\" \/>\n<meta property=\"article:published_time\" content=\"2026-09-06T09:12:23+00:00\" \/>\n<meta property=\"article:modified_time\" content=\"2026-09-06T09:12:37+00:00\" \/>\n<meta name=\"author\" content=\"Debat\" \/>\n<meta name=\"twitter:card\" content=\"summary_large_image\" \/>\n<meta name=\"twitter:label1\" content=\"Skrevet af\" \/>\n\t<meta name=\"twitter:data1\" content=\"Debat\" \/>\n\t<meta name=\"twitter:label2\" content=\"Estimeret l\u00e6setid\" \/>\n\t<meta name=\"twitter:data2\" content=\"3 minutter\" \/>\n<script type=\"application\/ld+json\" class=\"yoast-schema-graph\">{\"@context\":\"https:\\\/\\\/schema.org\",\"@graph\":[{\"@type\":\"Article\",\"@id\":\"https:\\\/\\\/kunmedierne.dk\\\/mors\\\/laeserbrev-brug-for-oekonomisk-saltvandsindsproejtning-i-kommunerne\\\/#article\",\"isPartOf\":{\"@id\":\"https:\\\/\\\/kunmedierne.dk\\\/mors\\\/laeserbrev-brug-for-oekonomisk-saltvandsindsproejtning-i-kommunerne\\\/\"},\"author\":{\"name\":\"Debat\",\"@id\":\"https:\\\/\\\/kunmedierne.dk\\\/mors\\\/#\\\/schema\\\/person\\\/84c1391bce0b43b9bb3a49736bc0ad78\"},\"headline\":\"L\u00e6serbrev: Brug for \u00f8konomisk saltvandsindspr\u00f8jtning i kommunerne\",\"datePublished\":\"2026-09-06T09:12:23+00:00\",\"dateModified\":\"2026-09-06T09:12:37+00:00\",\"mainEntityOfPage\":{\"@id\":\"https:\\\/\\\/kunmedierne.dk\\\/mors\\\/laeserbrev-brug-for-oekonomisk-saltvandsindsproejtning-i-kommunerne\\\/\"},\"wordCount\":501,\"publisher\":{\"@id\":\"https:\\\/\\\/kunmedierne.dk\\\/mors\\\/#organization\"},\"keywords\":[\"\u00d8konomi\",\"Politik\"],\"articleSection\":[\"Debat\",\"Lokalt\"],\"inLanguage\":\"da-DK\"},{\"@type\":\"WebPage\",\"@id\":\"https:\\\/\\\/kunmedierne.dk\\\/mors\\\/laeserbrev-brug-for-oekonomisk-saltvandsindsproejtning-i-kommunerne\\\/\",\"url\":\"https:\\\/\\\/kunmedierne.dk\\\/mors\\\/laeserbrev-brug-for-oekonomisk-saltvandsindsproejtning-i-kommunerne\\\/\",\"name\":\"L\u00e6serbrev: Brug for \u00f8konomisk saltvandsindspr\u00f8jtning i kommunerne - Mors\",\"isPartOf\":{\"@id\":\"https:\\\/\\\/kunmedierne.dk\\\/mors\\\/#website\"},\"datePublished\":\"2026-09-06T09:12:23+00:00\",\"dateModified\":\"2026-09-06T09:12:37+00:00\",\"breadcrumb\":{\"@id\":\"https:\\\/\\\/kunmedierne.dk\\\/mors\\\/laeserbrev-brug-for-oekonomisk-saltvandsindsproejtning-i-kommunerne\\\/#breadcrumb\"},\"inLanguage\":\"da-DK\",\"potentialAction\":[{\"@type\":\"ReadAction\",\"target\":[\"https:\\\/\\\/kunmedierne.dk\\\/mors\\\/laeserbrev-brug-for-oekonomisk-saltvandsindsproejtning-i-kommunerne\\\/\"]}]},{\"@type\":\"BreadcrumbList\",\"@id\":\"https:\\\/\\\/kunmedierne.dk\\\/mors\\\/laeserbrev-brug-for-oekonomisk-saltvandsindsproejtning-i-kommunerne\\\/#breadcrumb\",\"itemListElement\":[{\"@type\":\"ListItem\",\"position\":1,\"name\":\"Hjem\",\"item\":\"https:\\\/\\\/kunmedierne.dk\\\/mors\\\/\"},{\"@type\":\"ListItem\",\"position\":2,\"name\":\"L\u00e6serbrev: Brug for \u00f8konomisk saltvandsindspr\u00f8jtning i kommunerne\"}]},{\"@type\":\"WebSite\",\"@id\":\"https:\\\/\\\/kunmedierne.dk\\\/mors\\\/#website\",\"url\":\"https:\\\/\\\/kunmedierne.dk\\\/mors\\\/\",\"name\":\"Mors\",\"description\":\"et netmedie med journalistik om livet p\u00e5 Mors\",\"publisher\":{\"@id\":\"https:\\\/\\\/kunmedierne.dk\\\/mors\\\/#organization\"},\"potentialAction\":[{\"@type\":\"SearchAction\",\"target\":{\"@type\":\"EntryPoint\",\"urlTemplate\":\"https:\\\/\\\/kunmedierne.dk\\\/mors\\\/?s={search_term_string}\"},\"query-input\":{\"@type\":\"PropertyValueSpecification\",\"valueRequired\":true,\"valueName\":\"search_term_string\"}}],\"inLanguage\":\"da-DK\"},{\"@type\":\"Organization\",\"@id\":\"https:\\\/\\\/kunmedierne.dk\\\/mors\\\/#organization\",\"name\":\"Mors\",\"url\":\"https:\\\/\\\/kunmedierne.dk\\\/mors\\\/\",\"logo\":{\"@type\":\"ImageObject\",\"inLanguage\":\"da-DK\",\"@id\":\"https:\\\/\\\/kunmedierne.dk\\\/mors\\\/#\\\/schema\\\/logo\\\/image\\\/\",\"url\":\"https:\\\/\\\/kunmedierne.dk\\\/mors\\\/wp-content\\\/uploads\\\/2024\\\/08\\\/kunmors-logo.svg\",\"contentUrl\":\"https:\\\/\\\/kunmedierne.dk\\\/mors\\\/wp-content\\\/uploads\\\/2024\\\/08\\\/kunmors-logo.svg\",\"caption\":\"Mors\"},\"image\":{\"@id\":\"https:\\\/\\\/kunmedierne.dk\\\/mors\\\/#\\\/schema\\\/logo\\\/image\\\/\"}},{\"@type\":\"Person\",\"@id\":\"https:\\\/\\\/kunmedierne.dk\\\/mors\\\/#\\\/schema\\\/person\\\/84c1391bce0b43b9bb3a49736bc0ad78\",\"name\":\"Debat\",\"image\":{\"@type\":\"ImageObject\",\"inLanguage\":\"da-DK\",\"@id\":\"https:\\\/\\\/secure.gravatar.com\\\/avatar\\\/b0fb2e221d618f7c65162ab0d49c7e8a0b580c871ca03af90e42b47b4150654c?s=96&d=mm&r=g\",\"url\":\"https:\\\/\\\/secure.gravatar.com\\\/avatar\\\/b0fb2e221d618f7c65162ab0d49c7e8a0b580c871ca03af90e42b47b4150654c?s=96&d=mm&r=g\",\"contentUrl\":\"https:\\\/\\\/secure.gravatar.com\\\/avatar\\\/b0fb2e221d618f7c65162ab0d49c7e8a0b580c871ca03af90e42b47b4150654c?s=96&d=mm&r=g\",\"caption\":\"Debat\"},\"url\":\"https:\\\/\\\/kunmedierne.dk\\\/mors\\\/author\\\/debat\\\/\"}]}<\/script>\n<!-- \/ Yoast SEO plugin. -->","yoast_head_json":{"title":"L\u00e6serbrev: Brug for \u00f8konomisk saltvandsindspr\u00f8jtning i kommunerne - Mors","robots":{"index":"index","follow":"follow","max-snippet":"max-snippet:-1","max-image-preview":"max-image-preview:large","max-video-preview":"max-video-preview:-1"},"canonical":"https:\/\/kunmedierne.dk\/mors\/laeserbrev-brug-for-oekonomisk-saltvandsindsproejtning-i-kommunerne\/","og_locale":"da_DK","og_type":"article","og_title":"L\u00e6serbrev: Brug for \u00f8konomisk saltvandsindspr\u00f8jtning i kommunerne - Mors","og_description":"DEBAT: Pia Olsen Dyhr er blevet kl\u00e6dt helt af, for at lyve om \u00f8konomiaftalen. I mandags fremlagde hun hvilke kommuner der f\u00e5r s\u00e6rtilskud. Hun p\u00e5stod at regeringen har sikret kommunerne mulighed for ikke blot at fastholde servicen, men ogs\u00e5 udvide den. Begge dele er lodret forkert! NB-\u00f8konomi \u2013 et digitalt magasin som kommunerne udgiver \u2013 [&hellip;]","og_url":"https:\/\/kunmedierne.dk\/mors\/laeserbrev-brug-for-oekonomisk-saltvandsindsproejtning-i-kommunerne\/","og_site_name":"Mors","article_published_time":"2026-09-06T09:12:23+00:00","article_modified_time":"2026-09-06T09:12:37+00:00","author":"Debat","twitter_card":"summary_large_image","twitter_misc":{"Skrevet af":"Debat","Estimeret l\u00e6setid":"3 minutter"},"schema":{"@context":"https:\/\/schema.org","@graph":[{"@type":"Article","@id":"https:\/\/kunmedierne.dk\/mors\/laeserbrev-brug-for-oekonomisk-saltvandsindsproejtning-i-kommunerne\/#article","isPartOf":{"@id":"https:\/\/kunmedierne.dk\/mors\/laeserbrev-brug-for-oekonomisk-saltvandsindsproejtning-i-kommunerne\/"},"author":{"name":"Debat","@id":"https:\/\/kunmedierne.dk\/mors\/#\/schema\/person\/84c1391bce0b43b9bb3a49736bc0ad78"},"headline":"L\u00e6serbrev: Brug for \u00f8konomisk saltvandsindspr\u00f8jtning i kommunerne","datePublished":"2026-09-06T09:12:23+00:00","dateModified":"2026-09-06T09:12:37+00:00","mainEntityOfPage":{"@id":"https:\/\/kunmedierne.dk\/mors\/laeserbrev-brug-for-oekonomisk-saltvandsindsproejtning-i-kommunerne\/"},"wordCount":501,"publisher":{"@id":"https:\/\/kunmedierne.dk\/mors\/#organization"},"keywords":["\u00d8konomi","Politik"],"articleSection":["Debat","Lokalt"],"inLanguage":"da-DK"},{"@type":"WebPage","@id":"https:\/\/kunmedierne.dk\/mors\/laeserbrev-brug-for-oekonomisk-saltvandsindsproejtning-i-kommunerne\/","url":"https:\/\/kunmedierne.dk\/mors\/laeserbrev-brug-for-oekonomisk-saltvandsindsproejtning-i-kommunerne\/","name":"L\u00e6serbrev: Brug for \u00f8konomisk saltvandsindspr\u00f8jtning i kommunerne - Mors","isPartOf":{"@id":"https:\/\/kunmedierne.dk\/mors\/#website"},"datePublished":"2026-09-06T09:12:23+00:00","dateModified":"2026-09-06T09:12:37+00:00","breadcrumb":{"@id":"https:\/\/kunmedierne.dk\/mors\/laeserbrev-brug-for-oekonomisk-saltvandsindsproejtning-i-kommunerne\/#breadcrumb"},"inLanguage":"da-DK","potentialAction":[{"@type":"ReadAction","target":["https:\/\/kunmedierne.dk\/mors\/laeserbrev-brug-for-oekonomisk-saltvandsindsproejtning-i-kommunerne\/"]}]},{"@type":"BreadcrumbList","@id":"https:\/\/kunmedierne.dk\/mors\/laeserbrev-brug-for-oekonomisk-saltvandsindsproejtning-i-kommunerne\/#breadcrumb","itemListElement":[{"@type":"ListItem","position":1,"name":"Hjem","item":"https:\/\/kunmedierne.dk\/mors\/"},{"@type":"ListItem","position":2,"name":"L\u00e6serbrev: Brug for \u00f8konomisk saltvandsindspr\u00f8jtning i kommunerne"}]},{"@type":"WebSite","@id":"https:\/\/kunmedierne.dk\/mors\/#website","url":"https:\/\/kunmedierne.dk\/mors\/","name":"Mors","description":"et netmedie med journalistik om livet p\u00e5 Mors","publisher":{"@id":"https:\/\/kunmedierne.dk\/mors\/#organization"},"potentialAction":[{"@type":"SearchAction","target":{"@type":"EntryPoint","urlTemplate":"https:\/\/kunmedierne.dk\/mors\/?s={search_term_string}"},"query-input":{"@type":"PropertyValueSpecification","valueRequired":true,"valueName":"search_term_string"}}],"inLanguage":"da-DK"},{"@type":"Organization","@id":"https:\/\/kunmedierne.dk\/mors\/#organization","name":"Mors","url":"https:\/\/kunmedierne.dk\/mors\/","logo":{"@type":"ImageObject","inLanguage":"da-DK","@id":"https:\/\/kunmedierne.dk\/mors\/#\/schema\/logo\/image\/","url":"https:\/\/kunmedierne.dk\/mors\/wp-content\/uploads\/2024\/08\/kunmors-logo.svg","contentUrl":"https:\/\/kunmedierne.dk\/mors\/wp-content\/uploads\/2024\/08\/kunmors-logo.svg","caption":"Mors"},"image":{"@id":"https:\/\/kunmedierne.dk\/mors\/#\/schema\/logo\/image\/"}},{"@type":"Person","@id":"https:\/\/kunmedierne.dk\/mors\/#\/schema\/person\/84c1391bce0b43b9bb3a49736bc0ad78","name":"Debat","image":{"@type":"ImageObject","inLanguage":"da-DK","@id":"https:\/\/secure.gravatar.com\/avatar\/b0fb2e221d618f7c65162ab0d49c7e8a0b580c871ca03af90e42b47b4150654c?s=96&d=mm&r=g","url":"https:\/\/secure.gravatar.com\/avatar\/b0fb2e221d618f7c65162ab0d49c7e8a0b580c871ca03af90e42b47b4150654c?s=96&d=mm&r=g","contentUrl":"https:\/\/secure.gravatar.com\/avatar\/b0fb2e221d618f7c65162ab0d49c7e8a0b580c871ca03af90e42b47b4150654c?s=96&d=mm&r=g","caption":"Debat"},"url":"https:\/\/kunmedierne.dk\/mors\/author\/debat\/"}]}},"_links":{"self":[{"href":"https:\/\/kunmedierne.dk\/mors\/wp-json\/wp\/v2\/posts\/181117","targetHints":{"allow":["GET"]}}],"collection":[{"href":"https:\/\/kunmedierne.dk\/mors\/wp-json\/wp\/v2\/posts"}],"about":[{"href":"https:\/\/kunmedierne.dk\/mors\/wp-json\/wp\/v2\/types\/post"}],"author":[{"embeddable":true,"href":"https:\/\/kunmedierne.dk\/mors\/wp-json\/wp\/v2\/users\/11"}],"replies":[{"embeddable":true,"href":"https:\/\/kunmedierne.dk\/mors\/wp-json\/wp\/v2\/comments?post=181117"}],"version-history":[{"count":1,"href":"https:\/\/kunmedierne.dk\/mors\/wp-json\/wp\/v2\/posts\/181117\/revisions"}],"predecessor-version":[{"id":181119,"href":"https:\/\/kunmedierne.dk\/mors\/wp-json\/wp\/v2\/posts\/181117\/revisions\/181119"}],"wp:attachment":[{"href":"https:\/\/kunmedierne.dk\/mors\/wp-json\/wp\/v2\/media?parent=181117"}],"wp:term":[{"taxonomy":"category","embeddable":true,"href":"https:\/\/kunmedierne.dk\/mors\/wp-json\/wp\/v2\/categories?post=181117"},{"taxonomy":"post_tag","embeddable":true,"href":"https:\/\/kunmedierne.dk\/mors\/wp-json\/wp\/v2\/tags?post=181117"}],"curies":[{"name":"wp","href":"https:\/\/api.w.org\/{rel}","templated":true}]}}