{"id":181072,"date":"2026-09-05T14:05:28","date_gmt":"2026-09-05T12:05:28","guid":{"rendered":"https:\/\/kunmedierne.dk\/mors\/?p=181072"},"modified":"2026-09-05T14:05:28","modified_gmt":"2026-09-05T12:05:28","slug":"besparelser-hvor-meget-mere-kan-froeslev-baere","status":"publish","type":"post","link":"https:\/\/kunmedierne.dk\/mors\/besparelser-hvor-meget-mere-kan-froeslev-baere\/","title":{"rendered":"<span>Besparelser: <\/span>Hvor meget mere kan Fr\u00f8slev b\u00e6re?"},"content":{"rendered":"<p><strong>FR\u00d8SLEV<\/strong>: Alt er, som det plejer at v\u00e6re, n\u00e5r Fr\u00f8slev holder fest &#8211; og s\u00e5 alligevel ikke.<\/p>\n<p>Stemningen til Fr\u00f8slevdag 2026 er fin. Der er p\u00f8lser p\u00e5 grillen, levende musik, l\u00f8bere med pulsen oppe og loppemarked samt andre aktiviteter i Kulturhuset.<\/p>\n<p>Det hele sker dog i skyggen af den udmelding, <a href=\"https:\/\/kunmedierne.dk\/mors\/to-boernehaver-lukker-og-m-c-holms-skole-forsvinder-her-er-de-stoerste-aendringer-i-budgetforslaget\/\" target=\"_blank\" rel=\"noopener\">Mors\u00f8 Kommune kom med fredag<\/a>, da kommunalbestyrelsens forslag til n\u00e6ste \u00e5rs budget blandt andet indebar lukning af byens b\u00f8rnehave.<\/p>\n<a class=\"dvrt-link\" onClick=\"cdmtrack_click(111725,jQuery(this));return false\" href=\"https:\/\/www.thistedforsikring.dk\/?utm_source=partnerskaber&amp;utm_campaign=kun_mors\"><img decoding=\"async\" style=\"width:100%;\" src=\"https:\/\/kunmedierne.dk\/mors\/wp-content\/uploads\/2024\/02\/269409KunMors-ThistedFor-1.png\"><\/a><script>cdmtrack_view(111725);<\/script>\n<p>&#8211; Det er endnu et dunk oven i hovedet med ting, vi skal k\u00e6mpe med, lyder det fra Anne Marie Vad, formand for borgerforeningen Fr\u00f8slev og Omegn, da KunMors m\u00f8der hende p\u00e5 den gamle skole.<\/p>\n<div id=\"attachment_181077\" style=\"width: 1242px\" class=\"wp-caption alignright\"><img loading=\"lazy\" decoding=\"async\" aria-describedby=\"caption-attachment-181077\" class=\"size-full wp-image-181077\" src=\"https:\/\/kunmedierne.dk\/mors\/wp-content\/uploads\/2026\/09\/260905-froeslevdag.jpg\" alt=\"\" width=\"1232\" height=\"821\" srcset=\"https:\/\/kunmedierne.dk\/mors\/wp-content\/uploads\/2026\/09\/260905-froeslevdag.jpg 1232w, https:\/\/kunmedierne.dk\/mors\/wp-content\/uploads\/2026\/09\/260905-froeslevdag-300x200.jpg 300w, https:\/\/kunmedierne.dk\/mors\/wp-content\/uploads\/2026\/09\/260905-froeslevdag-1024x682.jpg 1024w, https:\/\/kunmedierne.dk\/mors\/wp-content\/uploads\/2026\/09\/260905-froeslevdag-510x340.jpg 510w\" sizes=\"auto, (max-width: 1232px) 100vw, 1232px\" \/><p id=\"caption-attachment-181077\" class=\"wp-caption-text\">Det meste af l\u00f8rdag st\u00e5r den p\u00e5 hyggestemning p\u00e5 den gamle skole, der i sig selv er symbolet p\u00e5, at en landsby kan overleve modgang. Sp\u00f8rgsm\u00e5let er bare, hvor meget modgang Fr\u00f8slev kan tage.<\/p><\/div>\n<p>Den er i sig selv et symbol p\u00e5, hvordan en landsby kan trodse det, der andre steder bliver betragtet som noget n\u00e6r en naturlov: N\u00e5r en landsby mister sin skole eller k\u00f8bmand, kan det kun g\u00e5 ned af bakke med livet i den.<\/p>\n<p>Fr\u00f8slev har sagt farvel til b\u00e5de dagligvarebutik og skole, men har med stor virkelyst over \u00e5rene alligevel form\u00e5et at tiltr\u00e6kke b\u00f8rnefamilier. Man kan faktisk dokumentere, at unge voksne kigger mod Fr\u00f8slev, n\u00e5r de skal finde et sted at sl\u00e5 sig ned.<\/p>\n<a class=\"dvrt-link\" onClick=\"cdmtrack_click(104787,jQuery(this));return false\" href=\"https:\/\/www.jyskebank.dk\/kontakt\/afdelingsinfo?departmentid=11890\"><img decoding=\"async\" style=\"width:100%;\" src=\"https:\/\/kunmedierne.dk\/mors\/wp-content\/uploads\/2023\/10\/260325JyskeBankMorsNy-1.jpg\"><\/a><script>cdmtrack_view(104787);<\/script>\n<p>Anne Marie Vad frygter bare, at lukningen af b\u00f8rnehaven g\u00f8r det endnu sv\u00e6rere.<\/p>\n<p>&#8211; Det vildeste for en by er, at den har unge mennesker til at tage over. Det starter jo med b\u00f8rnene, og det er derfor, at det er vigtigt at f\u00e5 dem til at flytte hertil, siger hun.<\/p>\n<p>&nbsp;<\/p>\n<p><strong>Stor stigning i tilflytningstal<\/strong><\/p>\n<p>Det var i 2012, at Fr\u00f8slev mistede sin skole. Og i 2020 lukkede Brugsen.<\/p>\n<p>Derfor er landsbyen p\u00e5 mange m\u00e5der et paradoks, for i samme periode er antallet af tilflyttede steget. If\u00f8lge Folkekirkens Uddannelses- og Videnscenter havde Fr\u00f8slev 53 tilflyttere i 2025 &#8211; 20 flere end i 2016.<\/p>\n<a class=\"dvrt-link\" onClick=\"cdmtrack_click(104786,jQuery(this));return false\" href=\"https:\/\/limfjordsteatret.dk\/events\/tobias-dybvad-mit-bedste-onemanshow\/\"><img decoding=\"async\" style=\"width:100%;\" src=\"https:\/\/kunmedierne.dk\/mors\/wp-content\/uploads\/2023\/10\/aarskortLim_KunMors_1100x125.jpg\"><\/a><script>cdmtrack_view(104786);<\/script>\n<p>Antallet af fraflyttede er dog stadig lidt h\u00f8jere, s\u00e5 det samlede befolkningstal er p\u00e5 10 \u00e5r faldet fra 466 til 417. Et fald, der formentlig ville v\u00e6re meget st\u00f8rre, hvis ikke byen selv havde holdt sig i live.<\/p>\n<div id=\"attachment_181076\" style=\"width: 1242px\" class=\"wp-caption alignright\"><img loading=\"lazy\" decoding=\"async\" aria-describedby=\"caption-attachment-181076\" class=\"size-full wp-image-181076\" src=\"https:\/\/kunmedierne.dk\/mors\/wp-content\/uploads\/2026\/09\/260905-froeslevdag-anne-marie-vad.jpg\" alt=\"\" width=\"1232\" height=\"821\" srcset=\"https:\/\/kunmedierne.dk\/mors\/wp-content\/uploads\/2026\/09\/260905-froeslevdag-anne-marie-vad.jpg 1232w, https:\/\/kunmedierne.dk\/mors\/wp-content\/uploads\/2026\/09\/260905-froeslevdag-anne-marie-vad-300x200.jpg 300w, https:\/\/kunmedierne.dk\/mors\/wp-content\/uploads\/2026\/09\/260905-froeslevdag-anne-marie-vad-1024x682.jpg 1024w, https:\/\/kunmedierne.dk\/mors\/wp-content\/uploads\/2026\/09\/260905-froeslevdag-anne-marie-vad-510x340.jpg 510w\" sizes=\"auto, (max-width: 1232px) 100vw, 1232px\" \/><p id=\"caption-attachment-181076\" class=\"wp-caption-text\">Anne Marie Vad, formand for Fr\u00f8slev og Omegn, kan dokumentere, at man har form\u00e5et at g\u00f8re landsbyen attraktiv for b\u00f8rnefamilier. Nu frygter hun, at det bliver endnu sv\u00e6rere.<\/p><\/div>\n<p>Nu g\u00e5r frygten p\u00e5, at det bliver endnu sv\u00e6rere.<\/p>\n<p>&#8211; Det er ikke s\u00e5dan, at vi l\u00e6gges os ned. Men det er de samme, der skal v\u00e6re med i det frivillige arbejde. Og der er jo en gr\u00e6nse for, hvad vi kan magte, siger Anne Marie Vad.<\/p>\n<p>&nbsp;<\/p>\n<p><strong>Ikke som i gamle dage<\/strong><\/p>\n<p>Hun n\u00e6vner, at b\u00f8rnene fra Majg\u00e5rden bruger gymnastiksalen i den gamle skolebygning og p\u00e5 den m\u00e5de er med til at skabe liv i landsbyen &#8211; alene med lyden af leg og latter. Det betyder ikke, at deres flytning af institutionsophold til \u00d8ster J\u00f8lby eller andre steder ogs\u00e5 tr\u00e6kker for\u00e6ldrene ud af Fr\u00f8slev, men det g\u00f8r det sv\u00e6rere at tr\u00e6kke nye tilflyttere til, mener borgerforeningens formand.<\/p>\n<p>Det samme g\u00f8r Sven Rasmussen.<\/p>\n<p>Ham m\u00f8der vi til loppemarkedet p\u00e5 Fr\u00f8slevdag &#8211; inde i Kulturhuset, hvor han blandt andet har sin gamle pladesamling til salg. Kunder har der l\u00f8rdag over middag ikke v\u00e6ret endnu, men hum\u00f8ret er stadig h\u00f8jt &#8211; og dog: For selv om han ikke bor i selve Fr\u00f8slev, er ogs\u00e5 Sven Rasmussen bekymret p\u00e5 byens vegne over udsigten til at sige farvel til b\u00f8rnehaven.<\/p>\n<div id=\"attachment_181075\" style=\"width: 1242px\" class=\"wp-caption alignright\"><img loading=\"lazy\" decoding=\"async\" aria-describedby=\"caption-attachment-181075\" class=\"size-full wp-image-181075\" src=\"https:\/\/kunmedierne.dk\/mors\/wp-content\/uploads\/2026\/09\/260905-froeslevdag-sven-rasmussen.jpg\" alt=\"\" width=\"1232\" height=\"821\" srcset=\"https:\/\/kunmedierne.dk\/mors\/wp-content\/uploads\/2026\/09\/260905-froeslevdag-sven-rasmussen.jpg 1232w, https:\/\/kunmedierne.dk\/mors\/wp-content\/uploads\/2026\/09\/260905-froeslevdag-sven-rasmussen-300x200.jpg 300w, https:\/\/kunmedierne.dk\/mors\/wp-content\/uploads\/2026\/09\/260905-froeslevdag-sven-rasmussen-1024x682.jpg 1024w, https:\/\/kunmedierne.dk\/mors\/wp-content\/uploads\/2026\/09\/260905-froeslevdag-sven-rasmussen-510x340.jpg 510w\" sizes=\"auto, (max-width: 1232px) 100vw, 1232px\" \/><p id=\"caption-attachment-181075\" class=\"wp-caption-text\">Sven Rasmussen s\u00e6lger plader p\u00e5 loppemarkedet i Kulturhuset og h\u00e5ber p\u00e5 overlevelse for b\u00f8rnehaven p\u00e5 den anden side af vejen.<\/p><\/div>\n<p>&#8211; Det er synd, hvis den lukker. Hvad skal de unge, der er flyttet til omr\u00e5det s\u00e5 g\u00f8re? Hvor skal de finde b\u00f8rnepasning?<\/p>\n<a class=\"dvrt-link\" onClick=\"cdmtrack_click(111725,jQuery(this));return false\" href=\"https:\/\/www.thistedforsikring.dk\/?utm_source=partnerskaber&amp;utm_campaign=kun_mors\"><img decoding=\"async\" style=\"width:100%;\" src=\"https:\/\/kunmedierne.dk\/mors\/wp-content\/uploads\/2024\/02\/269409KunMors-ThistedFor-1.png\"><\/a><script>cdmtrack_view(111725);<\/script>\n<p><em>Der er jo ikke s\u00e5 langt til \u00d8ster J\u00f8lby, s\u00e5 er det s\u00e5 slemt at k\u00f8re b\u00f8rnene derhen?<\/em><\/p>\n<p>&#8211; Hvis de bor her i byen og skal den anden vej for at komme p\u00e5 arbejde, er \u00d8ster J\u00f8lby jo en omvej. Og b\u00f8rnehaver, vuggestuer og SFO er det, der tr\u00e6kker de unge til. Jo f\u00e6rre skoler, der er, jo sv\u00e6rere bliver det at tr\u00e6kke de unge til omr\u00e5det.<\/p>\n<p>Sven Rasmussen tilf\u00f8jer:<\/p>\n<p>&#8211; Undskyld, at jeg siger det p\u00e5 den m\u00e5de, men for\u00e6ldre kan ikke g\u00f8re som i gamle dage, hvor mor kunne g\u00e5 hjemme, mens far var p\u00e5 arbejde.<\/p>\n<p>&nbsp;<\/p>\n<p><strong>Vil politikerne Fr\u00f8slev?<\/strong><\/p>\n<p>Fr\u00f8slevdag 2026 skal nok blive god alligevel. Som altid har borgerforeningen lagt sig i selen for at skabe et program, der som tidligere \u00e5r byder p\u00e5 lidt af hvert: Hoppeborg for de mindste og kunsth\u00e5ndv\u00e6rk, loppemarked, musik og almindelig hygge for resten af byens borgere.<\/p>\n<p>Det hele slutter med helstegt pattegris om aftenen og med is og kaffe til dessert.<\/p>\n<a class=\"dvrt-link\" onClick=\"cdmtrack_click(104780,jQuery(this));return false\" href=\"https:\/\/www.spard.dk\/\"><img decoding=\"async\" style=\"width:100%;\" src=\"https:\/\/kunmedierne.dk\/mors\/wp-content\/uploads\/2023\/12\/sparekassen-dk-maj25.gif\"><\/a><script>cdmtrack_view(104780);<\/script>\n<p>Over den vil noget af snakken med noget n\u00e6r statsgaranti g\u00e5 p\u00e5 de besparelser, der rammer Mors\u00f8 Kommune &#8211; ogs\u00e5 i Fr\u00f8slev.<\/p>\n<p>Anne Marie Vad kendte ikke til lukningen af Majg\u00e5rden f\u00f8r i g\u00e5r og er ikke imponeret over prioriteten fra politikerne.<\/p>\n<p>&#8211; Man f\u00e5r en fornemmelse af, at de ikke rigtigt vil os. Nu er vi sp\u00e6ndte p\u00e5, hvad der sker med Kulturhuset. Vi har ikke h\u00f8rt noget endnu, men vi er sp\u00e6ndte p\u00e5 det, siger hun.<\/p>\n<blockquote>\n<h5>L\u00c6S OGS\u00c5:<\/h5>\n<h5><a href=\"https:\/\/kunmedierne.dk\/mors\/to-boernehaver-lukker-og-m-c-holms-skole-forsvinder-her-er-de-stoerste-aendringer-i-budgetforslaget\/\" target=\"_blank\" rel=\"noopener\">To b\u00f8rnehaver lukker, og M.C. Holms Skole forsvinder: Her er de st\u00f8rste \u00e6ndringer i budgetforslaget<\/a><\/h5>\n<h5><a href=\"https:\/\/kunmedierne.dk\/mors\/borgmester-bag-besparelser-der-er-blevet-graedt-taarer\/\" target=\"_blank\" rel=\"noopener\">Borgmester bag besparelser: &#8220;Der er blevet gr\u00e6dt t\u00e5rer&#8221;<\/a><\/h5>\n<\/blockquote>\n","protected":false},"excerpt":{"rendered":"<p>FR\u00d8SLEV: Alt er, som det plejer at v\u00e6re, n\u00e5r Fr\u00f8slev holder fest &#8211; og s\u00e5 alligevel ikke. Stemningen til Fr\u00f8slevdag 2026 er fin. Der er p\u00f8lser p\u00e5 grillen, levende musik, l\u00f8bere med pulsen oppe og loppemarked samt andre aktiviteter i Kulturhuset. Det hele sker dog i skyggen af den udmelding, Mors\u00f8 Kommune kom med fredag, [&hellip;]<\/p>\n","protected":false},"author":8,"featured_media":0,"comment_status":"closed","ping_status":"closed","sticky":false,"template":"","format":"standard","meta":{"_acf_changed":false,"footnotes":""},"categories":[51],"tags":[196,167,170],"class_list":["post-181072","post","type-post","status-publish","format-standard","hentry","category-lokalt","tag-foreningsliv","tag-politik","tag-uddannelse"],"acf":[],"yoast_head":"<!-- This site is optimized with the Yoast SEO plugin v27.7 - https:\/\/yoast.com\/product\/yoast-seo-wordpress\/ -->\n<title>Besparelser: Hvor meget mere kan Fr\u00f8slev b\u00e6re? - Mors<\/title>\n<meta name=\"robots\" content=\"index, follow, max-snippet:-1, max-image-preview:large, max-video-preview:-1\" \/>\n<link rel=\"canonical\" href=\"https:\/\/kunmedierne.dk\/mors\/besparelser-hvor-meget-mere-kan-froeslev-baere\/\" \/>\n<meta property=\"og:locale\" content=\"da_DK\" \/>\n<meta property=\"og:type\" content=\"article\" \/>\n<meta property=\"og:title\" content=\"Besparelser: Hvor meget mere kan Fr\u00f8slev b\u00e6re? - Mors\" \/>\n<meta property=\"og:description\" content=\"FR\u00d8SLEV: Alt er, som det plejer at v\u00e6re, n\u00e5r Fr\u00f8slev holder fest &#8211; og s\u00e5 alligevel ikke. Stemningen til Fr\u00f8slevdag 2026 er fin. Der er p\u00f8lser p\u00e5 grillen, levende musik, l\u00f8bere med pulsen oppe og loppemarked samt andre aktiviteter i Kulturhuset. Det hele sker dog i skyggen af den udmelding, Mors\u00f8 Kommune kom med fredag, [&hellip;]\" \/>\n<meta property=\"og:url\" content=\"https:\/\/kunmedierne.dk\/mors\/besparelser-hvor-meget-mere-kan-froeslev-baere\/\" \/>\n<meta property=\"og:site_name\" content=\"Mors\" \/>\n<meta property=\"article:published_time\" content=\"2026-09-05T12:05:28+00:00\" \/>\n<meta property=\"og:image\" content=\"https:\/\/kunmedierne.dk\/mors\/wp-content\/uploads\/2026\/09\/260905-froeslevdag.jpg\" \/>\n<meta name=\"author\" content=\"David H\u00f8jmark\" \/>\n<meta name=\"twitter:card\" content=\"summary_large_image\" \/>\n<meta name=\"twitter:label1\" content=\"Skrevet af\" \/>\n\t<meta name=\"twitter:data1\" content=\"David H\u00f8jmark\" \/>\n\t<meta name=\"twitter:label2\" content=\"Estimeret l\u00e6setid\" \/>\n\t<meta name=\"twitter:data2\" content=\"6 minutter\" \/>\n<script type=\"application\/ld+json\" class=\"yoast-schema-graph\">{\"@context\":\"https:\\\/\\\/schema.org\",\"@graph\":[{\"@type\":\"Article\",\"@id\":\"https:\\\/\\\/kunmedierne.dk\\\/mors\\\/besparelser-hvor-meget-mere-kan-froeslev-baere\\\/#article\",\"isPartOf\":{\"@id\":\"https:\\\/\\\/kunmedierne.dk\\\/mors\\\/besparelser-hvor-meget-mere-kan-froeslev-baere\\\/\"},\"author\":{\"name\":\"David H\u00f8jmark\",\"@id\":\"https:\\\/\\\/kunmedierne.dk\\\/mors\\\/#\\\/schema\\\/person\\\/5fe23251bf1d0abbcdc6f7896579d548\"},\"headline\":\"Besparelser: Hvor meget mere kan Fr\u00f8slev b\u00e6re?\",\"datePublished\":\"2026-09-05T12:05:28+00:00\",\"mainEntityOfPage\":{\"@id\":\"https:\\\/\\\/kunmedierne.dk\\\/mors\\\/besparelser-hvor-meget-mere-kan-froeslev-baere\\\/\"},\"wordCount\":1024,\"publisher\":{\"@id\":\"https:\\\/\\\/kunmedierne.dk\\\/mors\\\/#organization\"},\"image\":{\"@id\":\"https:\\\/\\\/kunmedierne.dk\\\/mors\\\/besparelser-hvor-meget-mere-kan-froeslev-baere\\\/#primaryimage\"},\"thumbnailUrl\":\"https:\\\/\\\/kunmedierne.dk\\\/mors\\\/wp-content\\\/uploads\\\/2026\\\/09\\\/260905-froeslevdag.jpg\",\"keywords\":[\"Foreningsliv\",\"Politik\",\"Skoler og uddannelse\"],\"articleSection\":[\"Lokalt\"],\"inLanguage\":\"da-DK\"},{\"@type\":\"WebPage\",\"@id\":\"https:\\\/\\\/kunmedierne.dk\\\/mors\\\/besparelser-hvor-meget-mere-kan-froeslev-baere\\\/\",\"url\":\"https:\\\/\\\/kunmedierne.dk\\\/mors\\\/besparelser-hvor-meget-mere-kan-froeslev-baere\\\/\",\"name\":\"Besparelser: Hvor meget mere kan Fr\u00f8slev b\u00e6re? - Mors\",\"isPartOf\":{\"@id\":\"https:\\\/\\\/kunmedierne.dk\\\/mors\\\/#website\"},\"primaryImageOfPage\":{\"@id\":\"https:\\\/\\\/kunmedierne.dk\\\/mors\\\/besparelser-hvor-meget-mere-kan-froeslev-baere\\\/#primaryimage\"},\"image\":{\"@id\":\"https:\\\/\\\/kunmedierne.dk\\\/mors\\\/besparelser-hvor-meget-mere-kan-froeslev-baere\\\/#primaryimage\"},\"thumbnailUrl\":\"https:\\\/\\\/kunmedierne.dk\\\/mors\\\/wp-content\\\/uploads\\\/2026\\\/09\\\/260905-froeslevdag.jpg\",\"datePublished\":\"2026-09-05T12:05:28+00:00\",\"breadcrumb\":{\"@id\":\"https:\\\/\\\/kunmedierne.dk\\\/mors\\\/besparelser-hvor-meget-mere-kan-froeslev-baere\\\/#breadcrumb\"},\"inLanguage\":\"da-DK\",\"potentialAction\":[{\"@type\":\"ReadAction\",\"target\":[\"https:\\\/\\\/kunmedierne.dk\\\/mors\\\/besparelser-hvor-meget-mere-kan-froeslev-baere\\\/\"]}]},{\"@type\":\"ImageObject\",\"inLanguage\":\"da-DK\",\"@id\":\"https:\\\/\\\/kunmedierne.dk\\\/mors\\\/besparelser-hvor-meget-mere-kan-froeslev-baere\\\/#primaryimage\",\"url\":\"https:\\\/\\\/kunmedierne.dk\\\/mors\\\/wp-content\\\/uploads\\\/2026\\\/09\\\/260905-froeslevdag.jpg\",\"contentUrl\":\"https:\\\/\\\/kunmedierne.dk\\\/mors\\\/wp-content\\\/uploads\\\/2026\\\/09\\\/260905-froeslevdag.jpg\",\"width\":1232,\"height\":821,\"caption\":\"Det meste af l\u00f8rdag st\u00e5r den p\u00e5 hyggestemning p\u00e5 den gamle skole, der i sig selv er symbolet p\u00e5, at en landsby kan overleve modgang. Sp\u00f8rgsm\u00e5let er bare, hvor meget modgang Fr\u00f8slev kan tage.\"},{\"@type\":\"BreadcrumbList\",\"@id\":\"https:\\\/\\\/kunmedierne.dk\\\/mors\\\/besparelser-hvor-meget-mere-kan-froeslev-baere\\\/#breadcrumb\",\"itemListElement\":[{\"@type\":\"ListItem\",\"position\":1,\"name\":\"Hjem\",\"item\":\"https:\\\/\\\/kunmedierne.dk\\\/mors\\\/\"},{\"@type\":\"ListItem\",\"position\":2,\"name\":\"Besparelser: Hvor meget mere kan Fr\u00f8slev b\u00e6re?\"}]},{\"@type\":\"WebSite\",\"@id\":\"https:\\\/\\\/kunmedierne.dk\\\/mors\\\/#website\",\"url\":\"https:\\\/\\\/kunmedierne.dk\\\/mors\\\/\",\"name\":\"Mors\",\"description\":\"et netmedie med journalistik om livet p\u00e5 Mors\",\"publisher\":{\"@id\":\"https:\\\/\\\/kunmedierne.dk\\\/mors\\\/#organization\"},\"potentialAction\":[{\"@type\":\"SearchAction\",\"target\":{\"@type\":\"EntryPoint\",\"urlTemplate\":\"https:\\\/\\\/kunmedierne.dk\\\/mors\\\/?s={search_term_string}\"},\"query-input\":{\"@type\":\"PropertyValueSpecification\",\"valueRequired\":true,\"valueName\":\"search_term_string\"}}],\"inLanguage\":\"da-DK\"},{\"@type\":\"Organization\",\"@id\":\"https:\\\/\\\/kunmedierne.dk\\\/mors\\\/#organization\",\"name\":\"Mors\",\"url\":\"https:\\\/\\\/kunmedierne.dk\\\/mors\\\/\",\"logo\":{\"@type\":\"ImageObject\",\"inLanguage\":\"da-DK\",\"@id\":\"https:\\\/\\\/kunmedierne.dk\\\/mors\\\/#\\\/schema\\\/logo\\\/image\\\/\",\"url\":\"https:\\\/\\\/kunmedierne.dk\\\/mors\\\/wp-content\\\/uploads\\\/2024\\\/08\\\/kunmors-logo.svg\",\"contentUrl\":\"https:\\\/\\\/kunmedierne.dk\\\/mors\\\/wp-content\\\/uploads\\\/2024\\\/08\\\/kunmors-logo.svg\",\"caption\":\"Mors\"},\"image\":{\"@id\":\"https:\\\/\\\/kunmedierne.dk\\\/mors\\\/#\\\/schema\\\/logo\\\/image\\\/\"}},{\"@type\":\"Person\",\"@id\":\"https:\\\/\\\/kunmedierne.dk\\\/mors\\\/#\\\/schema\\\/person\\\/5fe23251bf1d0abbcdc6f7896579d548\",\"name\":\"David H\u00f8jmark\",\"image\":{\"@type\":\"ImageObject\",\"inLanguage\":\"da-DK\",\"@id\":\"https:\\\/\\\/secure.gravatar.com\\\/avatar\\\/4315d6fb9ef244d729989f5f90268eb08d5bf8a3d84402f595fa194bb35784fd?s=96&d=mm&r=g\",\"url\":\"https:\\\/\\\/secure.gravatar.com\\\/avatar\\\/4315d6fb9ef244d729989f5f90268eb08d5bf8a3d84402f595fa194bb35784fd?s=96&d=mm&r=g\",\"contentUrl\":\"https:\\\/\\\/secure.gravatar.com\\\/avatar\\\/4315d6fb9ef244d729989f5f90268eb08d5bf8a3d84402f595fa194bb35784fd?s=96&d=mm&r=g\",\"caption\":\"David H\u00f8jmark\"},\"sameAs\":[\"https:\\\/\\\/www.kunmedierne.dk\"],\"url\":\"https:\\\/\\\/kunmedierne.dk\\\/mors\\\/author\\\/david\\\/\"}]}<\/script>\n<!-- \/ Yoast SEO plugin. -->","yoast_head_json":{"title":"Besparelser: Hvor meget mere kan Fr\u00f8slev b\u00e6re? - Mors","robots":{"index":"index","follow":"follow","max-snippet":"max-snippet:-1","max-image-preview":"max-image-preview:large","max-video-preview":"max-video-preview:-1"},"canonical":"https:\/\/kunmedierne.dk\/mors\/besparelser-hvor-meget-mere-kan-froeslev-baere\/","og_locale":"da_DK","og_type":"article","og_title":"Besparelser: Hvor meget mere kan Fr\u00f8slev b\u00e6re? - Mors","og_description":"FR\u00d8SLEV: Alt er, som det plejer at v\u00e6re, n\u00e5r Fr\u00f8slev holder fest &#8211; og s\u00e5 alligevel ikke. Stemningen til Fr\u00f8slevdag 2026 er fin. Der er p\u00f8lser p\u00e5 grillen, levende musik, l\u00f8bere med pulsen oppe og loppemarked samt andre aktiviteter i Kulturhuset. Det hele sker dog i skyggen af den udmelding, Mors\u00f8 Kommune kom med fredag, [&hellip;]","og_url":"https:\/\/kunmedierne.dk\/mors\/besparelser-hvor-meget-mere-kan-froeslev-baere\/","og_site_name":"Mors","article_published_time":"2026-09-05T12:05:28+00:00","og_image":[{"url":"https:\/\/kunmedierne.dk\/mors\/wp-content\/uploads\/2026\/09\/260905-froeslevdag.jpg","type":"","width":"","height":""}],"author":"David H\u00f8jmark","twitter_card":"summary_large_image","twitter_misc":{"Skrevet af":"David H\u00f8jmark","Estimeret l\u00e6setid":"6 minutter"},"schema":{"@context":"https:\/\/schema.org","@graph":[{"@type":"Article","@id":"https:\/\/kunmedierne.dk\/mors\/besparelser-hvor-meget-mere-kan-froeslev-baere\/#article","isPartOf":{"@id":"https:\/\/kunmedierne.dk\/mors\/besparelser-hvor-meget-mere-kan-froeslev-baere\/"},"author":{"name":"David H\u00f8jmark","@id":"https:\/\/kunmedierne.dk\/mors\/#\/schema\/person\/5fe23251bf1d0abbcdc6f7896579d548"},"headline":"Besparelser: Hvor meget mere kan Fr\u00f8slev b\u00e6re?","datePublished":"2026-09-05T12:05:28+00:00","mainEntityOfPage":{"@id":"https:\/\/kunmedierne.dk\/mors\/besparelser-hvor-meget-mere-kan-froeslev-baere\/"},"wordCount":1024,"publisher":{"@id":"https:\/\/kunmedierne.dk\/mors\/#organization"},"image":{"@id":"https:\/\/kunmedierne.dk\/mors\/besparelser-hvor-meget-mere-kan-froeslev-baere\/#primaryimage"},"thumbnailUrl":"https:\/\/kunmedierne.dk\/mors\/wp-content\/uploads\/2026\/09\/260905-froeslevdag.jpg","keywords":["Foreningsliv","Politik","Skoler og uddannelse"],"articleSection":["Lokalt"],"inLanguage":"da-DK"},{"@type":"WebPage","@id":"https:\/\/kunmedierne.dk\/mors\/besparelser-hvor-meget-mere-kan-froeslev-baere\/","url":"https:\/\/kunmedierne.dk\/mors\/besparelser-hvor-meget-mere-kan-froeslev-baere\/","name":"Besparelser: Hvor meget mere kan Fr\u00f8slev b\u00e6re? - Mors","isPartOf":{"@id":"https:\/\/kunmedierne.dk\/mors\/#website"},"primaryImageOfPage":{"@id":"https:\/\/kunmedierne.dk\/mors\/besparelser-hvor-meget-mere-kan-froeslev-baere\/#primaryimage"},"image":{"@id":"https:\/\/kunmedierne.dk\/mors\/besparelser-hvor-meget-mere-kan-froeslev-baere\/#primaryimage"},"thumbnailUrl":"https:\/\/kunmedierne.dk\/mors\/wp-content\/uploads\/2026\/09\/260905-froeslevdag.jpg","datePublished":"2026-09-05T12:05:28+00:00","breadcrumb":{"@id":"https:\/\/kunmedierne.dk\/mors\/besparelser-hvor-meget-mere-kan-froeslev-baere\/#breadcrumb"},"inLanguage":"da-DK","potentialAction":[{"@type":"ReadAction","target":["https:\/\/kunmedierne.dk\/mors\/besparelser-hvor-meget-mere-kan-froeslev-baere\/"]}]},{"@type":"ImageObject","inLanguage":"da-DK","@id":"https:\/\/kunmedierne.dk\/mors\/besparelser-hvor-meget-mere-kan-froeslev-baere\/#primaryimage","url":"https:\/\/kunmedierne.dk\/mors\/wp-content\/uploads\/2026\/09\/260905-froeslevdag.jpg","contentUrl":"https:\/\/kunmedierne.dk\/mors\/wp-content\/uploads\/2026\/09\/260905-froeslevdag.jpg","width":1232,"height":821,"caption":"Det meste af l\u00f8rdag st\u00e5r den p\u00e5 hyggestemning p\u00e5 den gamle skole, der i sig selv er symbolet p\u00e5, at en landsby kan overleve modgang. Sp\u00f8rgsm\u00e5let er bare, hvor meget modgang Fr\u00f8slev kan tage."},{"@type":"BreadcrumbList","@id":"https:\/\/kunmedierne.dk\/mors\/besparelser-hvor-meget-mere-kan-froeslev-baere\/#breadcrumb","itemListElement":[{"@type":"ListItem","position":1,"name":"Hjem","item":"https:\/\/kunmedierne.dk\/mors\/"},{"@type":"ListItem","position":2,"name":"Besparelser: Hvor meget mere kan Fr\u00f8slev b\u00e6re?"}]},{"@type":"WebSite","@id":"https:\/\/kunmedierne.dk\/mors\/#website","url":"https:\/\/kunmedierne.dk\/mors\/","name":"Mors","description":"et netmedie med journalistik om livet p\u00e5 Mors","publisher":{"@id":"https:\/\/kunmedierne.dk\/mors\/#organization"},"potentialAction":[{"@type":"SearchAction","target":{"@type":"EntryPoint","urlTemplate":"https:\/\/kunmedierne.dk\/mors\/?s={search_term_string}"},"query-input":{"@type":"PropertyValueSpecification","valueRequired":true,"valueName":"search_term_string"}}],"inLanguage":"da-DK"},{"@type":"Organization","@id":"https:\/\/kunmedierne.dk\/mors\/#organization","name":"Mors","url":"https:\/\/kunmedierne.dk\/mors\/","logo":{"@type":"ImageObject","inLanguage":"da-DK","@id":"https:\/\/kunmedierne.dk\/mors\/#\/schema\/logo\/image\/","url":"https:\/\/kunmedierne.dk\/mors\/wp-content\/uploads\/2024\/08\/kunmors-logo.svg","contentUrl":"https:\/\/kunmedierne.dk\/mors\/wp-content\/uploads\/2024\/08\/kunmors-logo.svg","caption":"Mors"},"image":{"@id":"https:\/\/kunmedierne.dk\/mors\/#\/schema\/logo\/image\/"}},{"@type":"Person","@id":"https:\/\/kunmedierne.dk\/mors\/#\/schema\/person\/5fe23251bf1d0abbcdc6f7896579d548","name":"David H\u00f8jmark","image":{"@type":"ImageObject","inLanguage":"da-DK","@id":"https:\/\/secure.gravatar.com\/avatar\/4315d6fb9ef244d729989f5f90268eb08d5bf8a3d84402f595fa194bb35784fd?s=96&d=mm&r=g","url":"https:\/\/secure.gravatar.com\/avatar\/4315d6fb9ef244d729989f5f90268eb08d5bf8a3d84402f595fa194bb35784fd?s=96&d=mm&r=g","contentUrl":"https:\/\/secure.gravatar.com\/avatar\/4315d6fb9ef244d729989f5f90268eb08d5bf8a3d84402f595fa194bb35784fd?s=96&d=mm&r=g","caption":"David H\u00f8jmark"},"sameAs":["https:\/\/www.kunmedierne.dk"],"url":"https:\/\/kunmedierne.dk\/mors\/author\/david\/"}]}},"_links":{"self":[{"href":"https:\/\/kunmedierne.dk\/mors\/wp-json\/wp\/v2\/posts\/181072","targetHints":{"allow":["GET"]}}],"collection":[{"href":"https:\/\/kunmedierne.dk\/mors\/wp-json\/wp\/v2\/posts"}],"about":[{"href":"https:\/\/kunmedierne.dk\/mors\/wp-json\/wp\/v2\/types\/post"}],"author":[{"embeddable":true,"href":"https:\/\/kunmedierne.dk\/mors\/wp-json\/wp\/v2\/users\/8"}],"replies":[{"embeddable":true,"href":"https:\/\/kunmedierne.dk\/mors\/wp-json\/wp\/v2\/comments?post=181072"}],"version-history":[{"count":3,"href":"https:\/\/kunmedierne.dk\/mors\/wp-json\/wp\/v2\/posts\/181072\/revisions"}],"predecessor-version":[{"id":181080,"href":"https:\/\/kunmedierne.dk\/mors\/wp-json\/wp\/v2\/posts\/181072\/revisions\/181080"}],"wp:attachment":[{"href":"https:\/\/kunmedierne.dk\/mors\/wp-json\/wp\/v2\/media?parent=181072"}],"wp:term":[{"taxonomy":"category","embeddable":true,"href":"https:\/\/kunmedierne.dk\/mors\/wp-json\/wp\/v2\/categories?post=181072"},{"taxonomy":"post_tag","embeddable":true,"href":"https:\/\/kunmedierne.dk\/mors\/wp-json\/wp\/v2\/tags?post=181072"}],"curies":[{"name":"wp","href":"https:\/\/api.w.org\/{rel}","templated":true}]}}