{"id":181049,"date":"2026-09-05T21:53:12","date_gmt":"2026-09-05T19:53:12","guid":{"rendered":"https:\/\/kunmedierne.dk\/mors\/?p=181049"},"modified":"2026-09-05T21:53:12","modified_gmt":"2026-09-05T19:53:12","slug":"pia-olsen-dyhr-besoeger-mors-paa-mandag","status":"publish","type":"post","link":"https:\/\/kunmedierne.dk\/mors\/pia-olsen-dyhr-besoeger-mors-paa-mandag\/","title":{"rendered":"Pia Olsen Dyhr bes\u00f8ger Mors p\u00e5 mandag"},"content":{"rendered":"<p><strong>POLITIK<\/strong>: Mors\u00f8 Kommunes \u00f8konomiske udfordringer er ogs\u00e5 et indenrigspolitisk anliggende.<\/p>\n<p>Det kommer til udtryk mandag, n\u00e5r \u00f8konomi- og indenrigspolitiker Pia Olsen Dyhr (SF) bes\u00f8ger Mors, n\u00e6rmere bestemt M.C. Holms Skole, for et m\u00f8de med Mors\u00f8-borgmester Jens Dahlgaard (S) i skyggen af de besparelser, som budgetforslaget fra kommunalbestyrelsen l\u00e6gger op til.<\/p>\n<p>&#8211; Hun har inviteret sig selv, efter at jeg sendte en mail til hende. S\u00e5 hun kommer p\u00e5 mandag, hvor vi har en dialog med hende, siger Jens Dahlgaard.<\/p>\n<a class=\"dvrt-link\" onClick=\"cdmtrack_click(104780,jQuery(this));return false\" href=\"https:\/\/www.spard.dk\/\"><img decoding=\"async\" style=\"width:100%;\" src=\"https:\/\/kunmedierne.dk\/mors\/wp-content\/uploads\/2023\/12\/sparekassen-dk-maj25.gif\"><\/a><script>cdmtrack_view(104780);<\/script>\n<p>Det g\u00f8r han i en samtale om, hvordan han som borgmester p\u00e5 Mors vil arbejde for at forhindre nye besparelser i at ramme \u00f8ens borgere i fremtiden. Og han tilf\u00f8jer, at\u00a0staten har udn\u00e6vnt Mors\u00f8 Kommune som en af de f\u00e5, der kan f\u00e5 en samtale om at komme p\u00e5 en partnerskabsaftale i stil med den, man f\u00f8r har v\u00e6ret p\u00e5. Han sl\u00e5r dermed netop p\u00e5 forbindelsen til Folketinget, n\u00e5r han skal svare p\u00e5, hvordan Mors\u00f8 Kommune skal styre uden om flere besparelser i de kommende \u00e5r.<\/p>\n<p>&#8211; Hele arbejdet med at p\u00e5virke Christiansborg har gjort, at vores s\u00e6rtilskud aldrig har v\u00e6ret h\u00f8jere. Derudover er vi inviteret ind og snakke med dem igen. Og s\u00e5 kommer Pia Olsen Dyhr p\u00e5 mandag, siger han.<\/p>\n<p>&nbsp;<\/p>\n<p><strong>Er fors\u00f8gt i flere \u00e5r<\/strong><\/p>\n<p>At r\u00e5be op over for politikere p\u00e5 Christiansborg er ikke nogen ny disciplin for en borgmester p\u00e5 Mors. Hans Ejner Bertelsen (V) gjorde det samme, s\u00e5 et sp\u00f8rgsm\u00e5l til hans efterf\u00f8lger er ogs\u00e5, hvorfor morsingboerne skal tro p\u00e5, at det vil lykkes for ham.<\/p>\n<p>&#8211; Det er ogs\u00e5 lykkedes f\u00f8r at f\u00e5 en partnerskabsaftale, s\u00e5 det arbejder jeg p\u00e5, at vi f\u00e5r igen. Og at ministeren inviterer sig herover, sender ogs\u00e5 et signal om, at de faktisk vil i dialog med os.<\/p>\n<a class=\"dvrt-link\" onClick=\"cdmtrack_click(104778,jQuery(this));return false\" href=\"https:\/\/vester-begr.dk\/?gclid=CjwKCAjw5Kv7BRBSEiwAXGDElQB6WMfm9CgYVrruty-I1gaOkTkC3mlA4QRDtYNsxYgVC8sNzAJ7WhoCmBsQAvD_BwE\"><img decoding=\"async\" style=\"width:100%;\" src=\"https:\/\/kunmedierne.dk\/mors\/wp-content\/uploads\/2023\/10\/260203VesterHoukaer-02022026.jpg\"><\/a><script>cdmtrack_view(104778);<\/script>\n<p>I en mere lokal kontekst angiver Jens Dahlgaard 2027-budgettets indhold som en metoder til at undg\u00e5 flere besparelser i \u00e5rene frem.<\/p>\n<p>&#8211; Det, vi g\u00f8r nu, er, at vi tager nogle besparelser. Og vi tager de lange briller p\u00e5 b\u00e5de med b\u00f8rnehaver og skolestruktur &#8211; og vi kigger p\u00e5 botilbud og \u00e6ldreomr\u00e5det senere for at finde nogle l\u00f8sninger, som er bedre for befolkningen og mere effektive for Mors\u00f8 Kommune, siger han.<\/p>\n<p>&nbsp;<\/p>\n<p><strong>At sk\u00e6re langt ind i benet<\/strong><\/p>\n<p>Det er f\u00f8rste gang, Jens Dahlgaard skal st\u00e5 p\u00e5 m\u00e5l for et budget i rollen som borgmester. Han har tidligere gjort det som gruppeformand og mange gange v\u00e6ret med i forl\u00f8bet som menigt medlem af Socialdemokratiet.<\/p>\n<p>Oplevelsen med 2027-budgette har v\u00e6ret speciel, fort\u00e6ller han.<\/p>\n<p>&#8211; Det har v\u00e6ret meget, meget h\u00e5rdt. Og der er ogs\u00e5 f\u00e6ldet en t\u00e5re undervejs. Vi er virkelig inde ved noget, der g\u00f8r ondt. Men det er jo det mandat, vi har f\u00e5et til at l\u00f8se p\u00e5 vegne af befolkningen. S\u00e5 vil der selvf\u00f8lgelig altid v\u00e6re holdninger til, hvilken vej vi skal g\u00e5, men vi har fors\u00f8gt via samarbejde og lange forhandlinger at finde den vej, vi f\u00e6lles kan v\u00e6re p\u00e5.<\/p>\n<a class=\"dvrt-link\" onClick=\"cdmtrack_click(104787,jQuery(this));return false\" href=\"https:\/\/www.jyskebank.dk\/kontakt\/afdelingsinfo?departmentid=11890\"><img decoding=\"async\" style=\"width:100%;\" src=\"https:\/\/kunmedierne.dk\/mors\/wp-content\/uploads\/2023\/10\/260325JyskeBankMorsNy-1.jpg\"><\/a><script>cdmtrack_view(104787);<\/script>\n<p>Han beskriver i <a href=\"https:\/\/kunmedierne.dk\/mors\/borgmester-bag-besparelser-der-er-blevet-graedt-taarer\/\" target=\"_blank\" rel=\"noopener\">denne artikel<\/a> 2027-besparelserne som at sk\u00e6re &#8220;langt ind i benet&#8221;. Men han anerkender, at lige netop den formulering ogs\u00e5 er anvendt under tidligere besparelser i Mors\u00f8 Kommune.<\/p>\n<p>&#8211; Det er ogs\u00e5 derfor, forhandlingerne har v\u00e6ret l\u00e6ngere denne gang. Vi kan ikke komme ret meget l\u00e6ngere ind. Jeg ved godt, at det er en floskel, og den blev sikkert ogs\u00e5 brugt for 20 \u00e5r siden.<\/p>\n<p>&nbsp;<\/p>\n<p><strong>Arbejder med fodboldordning<\/strong><\/p>\n<p>For nylig var Jens Dahlgaard i <a href=\"https:\/\/jyllands-posten.dk\/indland\/ECE19550708\/fagfolk-ser-en-dyster-fremtid-for-mange-udkantskommuner\/\" target=\"_blank\" rel=\"noopener\">Jyllands-Posten<\/a> med et forslag om, at kommuner, der mister borgere til fordel for st\u00f8rre kommuner, f\u00e5r penge fra de st\u00f8rre kommuner efter en model, der p\u00e5 inspiration fra fodboldens transfermarked blev beskrevet som en slags &#8220;fodboldordning&#8221;.<\/p>\n<p>Til KunMors fort\u00e6ller Jens Dahlgaard, at han har f\u00e5et mange positive reaktioner p\u00e5 sit forslag &#8211; b\u00e5de fra politikere og andre.<\/p>\n<a class=\"dvrt-link\" onClick=\"cdmtrack_click(179540,jQuery(this));return false\" href=\"https:\/\/www.facebook.com\/profile.php?id=100049901895340\"><img decoding=\"async\" style=\"width:100%;\" src=\"https:\/\/kunmedierne.dk\/mors\/wp-content\/uploads\/2026\/08\/260831Morsoebil2Animation-3steps.gif\"><\/a><script>cdmtrack_view(179540);<\/script>\n<p><em>Er det mere end en pr\u00f8veballon? Er det noget, der m\u00e5ske bliver arbejdet konkret med?<\/em><\/p>\n<p>&#8211; Jeg er ikke p\u00e5 nogen m\u00e5de f\u00e6rdig med at k\u00f8re videre med den. Jeg kastede den ind for at se, om det kunne \u00e5bne for en ny m\u00e5de at se tingene p\u00e5, og det har det vist sig at g\u00f8re. S\u00e5 selvf\u00f8lgelig stopper jeg ikke her med den.<\/p>\n<p>&#8211; S\u00e5 ved jeg godt, at nogen vil sige: &#8220;Hvordan vil du g\u00f8re det?&#8221; Men der skal forh\u00e5bentlig andre mennesker med ind i det rum og t\u00e6nke nogle tanker.<\/p>\n<p>&nbsp;<\/p>\n<p><strong>Er S et parti for hele landet?<\/strong><\/p>\n<p>Hvorvidt Jens Dahlgaard vil diskutere fodboldordning med Pia Olsen Dyhr eller rette fokus imod s\u00e6rtilskud og andre emner, der kan styrke \u00f8konomien for Mors, vil vise sig mandag. Borgmesteren er ikke partikollega med ministeren &#8211; i mods\u00e6tning til med statsminister Mette Frederiksen.<\/p>\n<p><i>Nu ved jeg ikke, hvor meget du snakker med din statsminister &#8211; og om du ogs\u00e5 fors\u00f8ger at p\u00e5virke hende. Men I er jo i samme parti, s\u00e5 det er ogs\u00e5 n\u00e6rliggende at sp\u00f8rge, om du ser Socialdemokratiet som et parti for hele Danmark?<\/i><\/p>\n<a class=\"dvrt-link\" onClick=\"cdmtrack_click(104778,jQuery(this));return false\" href=\"https:\/\/vester-begr.dk\/?gclid=CjwKCAjw5Kv7BRBSEiwAXGDElQB6WMfm9CgYVrruty-I1gaOkTkC3mlA4QRDtYNsxYgVC8sNzAJ7WhoCmBsQAvD_BwE\"><img decoding=\"async\" style=\"width:100%;\" src=\"https:\/\/kunmedierne.dk\/mors\/wp-content\/uploads\/2023\/10\/260203VesterHoukaer-02022026.jpg\"><\/a><script>cdmtrack_view(104778);<\/script>\n<p>&#8211; Ja &#8211; forst\u00e5et p\u00e5 den m\u00e5de, at regeringen har gang i at kigge p\u00e5 vores udligningsreform. Og i \u00f8vrigt at sende en minister ud og snakke med os &#8211; og et s\u00e6rtilskud, der er forh\u00f8jet til vores kommune. S\u00e5 p\u00e5 den m\u00e5de har vi en regering, der p\u00e5 det plan kigger imod vores omr\u00e5de nu.<\/p>\n<p><i>Du siger, at de kigger p\u00e5 vores omr\u00e5de. Det m\u00e6rker man jo ikke s\u00e5 meget, n\u00e5r pengene alligevel ikke sl\u00e5r til.<\/i><\/p>\n<p>&#8211; Nej. Og der ved jeg, at den nye formand for Kommunernes Landsforening (Odense-borgmester Peter Rahbek Juel, red.) arbejder meget intenst p\u00e5 at lave en ordning, hvor vi er fri for at skulle bede om s\u00e6rtilskud. S\u00e5 den nye formand er virkelig g\u00e5et ind i maskinrummet for at l\u00f8se det, siger Jens Dahlgaard.<\/p>\n<blockquote>\n<h5>L\u00c6S OGS\u00c5:<\/h5>\n<h5><a href=\"https:\/\/kunmedierne.dk\/mors\/borgmester-bag-besparelser-der-er-blevet-graedt-taarer\/\" target=\"_blank\" rel=\"noopener\">Borgmester bag besparelser: &#8220;Der er blevet gr\u00e6dt t\u00e5rer&#8221;<\/a><\/h5>\n<h5><a href=\"https:\/\/kunmedierne.dk\/mors\/to-boernehaver-lukker-og-m-c-holms-skole-forsvinder-her-er-de-stoerste-aendringer-i-budgetforslaget\/\" target=\"_blank\" rel=\"noopener\">To b\u00f8rnehave lukker, og M.C. Holms Skole forsvinder: Her er de st\u00f8rste \u00e6ndringer i budgetforslaget<\/a><\/h5>\n<\/blockquote>\n<p>&nbsp;<\/p>\n","protected":false},"excerpt":{"rendered":"<p>POLITIK: Mors\u00f8 Kommunes \u00f8konomiske udfordringer er ogs\u00e5 et indenrigspolitisk anliggende. Det kommer til udtryk mandag, n\u00e5r \u00f8konomi- og indenrigspolitiker Pia Olsen Dyhr (SF) bes\u00f8ger Mors, n\u00e6rmere bestemt M.C. Holms Skole, for et m\u00f8de med Mors\u00f8-borgmester Jens Dahlgaard (S) i skyggen af de besparelser, som budgetforslaget fra kommunalbestyrelsen l\u00e6gger op til. &#8211; Hun har inviteret sig [&hellip;]<\/p>\n","protected":false},"author":8,"featured_media":0,"comment_status":"closed","ping_status":"closed","sticky":false,"template":"","format":"standard","meta":{"_acf_changed":false,"footnotes":""},"categories":[51],"tags":[],"class_list":["post-181049","post","type-post","status-publish","format-standard","hentry","category-lokalt"],"acf":[],"yoast_head":"<!-- This site is optimized with the Yoast SEO plugin v27.7 - https:\/\/yoast.com\/product\/yoast-seo-wordpress\/ -->\n<title>Pia Olsen Dyhr bes\u00f8ger Mors p\u00e5 mandag - Mors<\/title>\n<meta name=\"robots\" content=\"index, follow, max-snippet:-1, max-image-preview:large, max-video-preview:-1\" \/>\n<link rel=\"canonical\" href=\"https:\/\/kunmedierne.dk\/mors\/pia-olsen-dyhr-besoeger-mors-paa-mandag\/\" \/>\n<meta property=\"og:locale\" content=\"da_DK\" \/>\n<meta property=\"og:type\" content=\"article\" \/>\n<meta property=\"og:title\" content=\"Pia Olsen Dyhr bes\u00f8ger Mors p\u00e5 mandag - Mors\" \/>\n<meta property=\"og:description\" content=\"POLITIK: Mors\u00f8 Kommunes \u00f8konomiske udfordringer er ogs\u00e5 et indenrigspolitisk anliggende. Det kommer til udtryk mandag, n\u00e5r \u00f8konomi- og indenrigspolitiker Pia Olsen Dyhr (SF) bes\u00f8ger Mors, n\u00e6rmere bestemt M.C. Holms Skole, for et m\u00f8de med Mors\u00f8-borgmester Jens Dahlgaard (S) i skyggen af de besparelser, som budgetforslaget fra kommunalbestyrelsen l\u00e6gger op til. &#8211; Hun har inviteret sig [&hellip;]\" \/>\n<meta property=\"og:url\" content=\"https:\/\/kunmedierne.dk\/mors\/pia-olsen-dyhr-besoeger-mors-paa-mandag\/\" \/>\n<meta property=\"og:site_name\" content=\"Mors\" \/>\n<meta property=\"article:published_time\" content=\"2026-09-05T19:53:12+00:00\" \/>\n<meta name=\"author\" content=\"David H\u00f8jmark\" \/>\n<meta name=\"twitter:card\" content=\"summary_large_image\" \/>\n<meta name=\"twitter:label1\" content=\"Skrevet af\" \/>\n\t<meta name=\"twitter:data1\" content=\"David H\u00f8jmark\" \/>\n\t<meta name=\"twitter:label2\" content=\"Estimeret l\u00e6setid\" \/>\n\t<meta name=\"twitter:data2\" content=\"6 minutter\" \/>\n<script type=\"application\/ld+json\" class=\"yoast-schema-graph\">{\"@context\":\"https:\\\/\\\/schema.org\",\"@graph\":[{\"@type\":\"Article\",\"@id\":\"https:\\\/\\\/kunmedierne.dk\\\/mors\\\/pia-olsen-dyhr-besoeger-mors-paa-mandag\\\/#article\",\"isPartOf\":{\"@id\":\"https:\\\/\\\/kunmedierne.dk\\\/mors\\\/pia-olsen-dyhr-besoeger-mors-paa-mandag\\\/\"},\"author\":{\"name\":\"David H\u00f8jmark\",\"@id\":\"https:\\\/\\\/kunmedierne.dk\\\/mors\\\/#\\\/schema\\\/person\\\/5fe23251bf1d0abbcdc6f7896579d548\"},\"headline\":\"Pia Olsen Dyhr bes\u00f8ger Mors p\u00e5 mandag\",\"datePublished\":\"2026-09-05T19:53:12+00:00\",\"mainEntityOfPage\":{\"@id\":\"https:\\\/\\\/kunmedierne.dk\\\/mors\\\/pia-olsen-dyhr-besoeger-mors-paa-mandag\\\/\"},\"wordCount\":1072,\"publisher\":{\"@id\":\"https:\\\/\\\/kunmedierne.dk\\\/mors\\\/#organization\"},\"articleSection\":[\"Lokalt\"],\"inLanguage\":\"da-DK\"},{\"@type\":\"WebPage\",\"@id\":\"https:\\\/\\\/kunmedierne.dk\\\/mors\\\/pia-olsen-dyhr-besoeger-mors-paa-mandag\\\/\",\"url\":\"https:\\\/\\\/kunmedierne.dk\\\/mors\\\/pia-olsen-dyhr-besoeger-mors-paa-mandag\\\/\",\"name\":\"Pia Olsen Dyhr bes\u00f8ger Mors p\u00e5 mandag - Mors\",\"isPartOf\":{\"@id\":\"https:\\\/\\\/kunmedierne.dk\\\/mors\\\/#website\"},\"datePublished\":\"2026-09-05T19:53:12+00:00\",\"breadcrumb\":{\"@id\":\"https:\\\/\\\/kunmedierne.dk\\\/mors\\\/pia-olsen-dyhr-besoeger-mors-paa-mandag\\\/#breadcrumb\"},\"inLanguage\":\"da-DK\",\"potentialAction\":[{\"@type\":\"ReadAction\",\"target\":[\"https:\\\/\\\/kunmedierne.dk\\\/mors\\\/pia-olsen-dyhr-besoeger-mors-paa-mandag\\\/\"]}]},{\"@type\":\"BreadcrumbList\",\"@id\":\"https:\\\/\\\/kunmedierne.dk\\\/mors\\\/pia-olsen-dyhr-besoeger-mors-paa-mandag\\\/#breadcrumb\",\"itemListElement\":[{\"@type\":\"ListItem\",\"position\":1,\"name\":\"Hjem\",\"item\":\"https:\\\/\\\/kunmedierne.dk\\\/mors\\\/\"},{\"@type\":\"ListItem\",\"position\":2,\"name\":\"Pia Olsen Dyhr bes\u00f8ger Mors p\u00e5 mandag\"}]},{\"@type\":\"WebSite\",\"@id\":\"https:\\\/\\\/kunmedierne.dk\\\/mors\\\/#website\",\"url\":\"https:\\\/\\\/kunmedierne.dk\\\/mors\\\/\",\"name\":\"Mors\",\"description\":\"et netmedie med journalistik om livet p\u00e5 Mors\",\"publisher\":{\"@id\":\"https:\\\/\\\/kunmedierne.dk\\\/mors\\\/#organization\"},\"potentialAction\":[{\"@type\":\"SearchAction\",\"target\":{\"@type\":\"EntryPoint\",\"urlTemplate\":\"https:\\\/\\\/kunmedierne.dk\\\/mors\\\/?s={search_term_string}\"},\"query-input\":{\"@type\":\"PropertyValueSpecification\",\"valueRequired\":true,\"valueName\":\"search_term_string\"}}],\"inLanguage\":\"da-DK\"},{\"@type\":\"Organization\",\"@id\":\"https:\\\/\\\/kunmedierne.dk\\\/mors\\\/#organization\",\"name\":\"Mors\",\"url\":\"https:\\\/\\\/kunmedierne.dk\\\/mors\\\/\",\"logo\":{\"@type\":\"ImageObject\",\"inLanguage\":\"da-DK\",\"@id\":\"https:\\\/\\\/kunmedierne.dk\\\/mors\\\/#\\\/schema\\\/logo\\\/image\\\/\",\"url\":\"https:\\\/\\\/kunmedierne.dk\\\/mors\\\/wp-content\\\/uploads\\\/2024\\\/08\\\/kunmors-logo.svg\",\"contentUrl\":\"https:\\\/\\\/kunmedierne.dk\\\/mors\\\/wp-content\\\/uploads\\\/2024\\\/08\\\/kunmors-logo.svg\",\"caption\":\"Mors\"},\"image\":{\"@id\":\"https:\\\/\\\/kunmedierne.dk\\\/mors\\\/#\\\/schema\\\/logo\\\/image\\\/\"}},{\"@type\":\"Person\",\"@id\":\"https:\\\/\\\/kunmedierne.dk\\\/mors\\\/#\\\/schema\\\/person\\\/5fe23251bf1d0abbcdc6f7896579d548\",\"name\":\"David H\u00f8jmark\",\"image\":{\"@type\":\"ImageObject\",\"inLanguage\":\"da-DK\",\"@id\":\"https:\\\/\\\/secure.gravatar.com\\\/avatar\\\/4315d6fb9ef244d729989f5f90268eb08d5bf8a3d84402f595fa194bb35784fd?s=96&d=mm&r=g\",\"url\":\"https:\\\/\\\/secure.gravatar.com\\\/avatar\\\/4315d6fb9ef244d729989f5f90268eb08d5bf8a3d84402f595fa194bb35784fd?s=96&d=mm&r=g\",\"contentUrl\":\"https:\\\/\\\/secure.gravatar.com\\\/avatar\\\/4315d6fb9ef244d729989f5f90268eb08d5bf8a3d84402f595fa194bb35784fd?s=96&d=mm&r=g\",\"caption\":\"David H\u00f8jmark\"},\"sameAs\":[\"https:\\\/\\\/www.kunmedierne.dk\"],\"url\":\"https:\\\/\\\/kunmedierne.dk\\\/mors\\\/author\\\/david\\\/\"}]}<\/script>\n<!-- \/ Yoast SEO plugin. -->","yoast_head_json":{"title":"Pia Olsen Dyhr bes\u00f8ger Mors p\u00e5 mandag - Mors","robots":{"index":"index","follow":"follow","max-snippet":"max-snippet:-1","max-image-preview":"max-image-preview:large","max-video-preview":"max-video-preview:-1"},"canonical":"https:\/\/kunmedierne.dk\/mors\/pia-olsen-dyhr-besoeger-mors-paa-mandag\/","og_locale":"da_DK","og_type":"article","og_title":"Pia Olsen Dyhr bes\u00f8ger Mors p\u00e5 mandag - Mors","og_description":"POLITIK: Mors\u00f8 Kommunes \u00f8konomiske udfordringer er ogs\u00e5 et indenrigspolitisk anliggende. Det kommer til udtryk mandag, n\u00e5r \u00f8konomi- og indenrigspolitiker Pia Olsen Dyhr (SF) bes\u00f8ger Mors, n\u00e6rmere bestemt M.C. Holms Skole, for et m\u00f8de med Mors\u00f8-borgmester Jens Dahlgaard (S) i skyggen af de besparelser, som budgetforslaget fra kommunalbestyrelsen l\u00e6gger op til. &#8211; Hun har inviteret sig [&hellip;]","og_url":"https:\/\/kunmedierne.dk\/mors\/pia-olsen-dyhr-besoeger-mors-paa-mandag\/","og_site_name":"Mors","article_published_time":"2026-09-05T19:53:12+00:00","author":"David H\u00f8jmark","twitter_card":"summary_large_image","twitter_misc":{"Skrevet af":"David H\u00f8jmark","Estimeret l\u00e6setid":"6 minutter"},"schema":{"@context":"https:\/\/schema.org","@graph":[{"@type":"Article","@id":"https:\/\/kunmedierne.dk\/mors\/pia-olsen-dyhr-besoeger-mors-paa-mandag\/#article","isPartOf":{"@id":"https:\/\/kunmedierne.dk\/mors\/pia-olsen-dyhr-besoeger-mors-paa-mandag\/"},"author":{"name":"David H\u00f8jmark","@id":"https:\/\/kunmedierne.dk\/mors\/#\/schema\/person\/5fe23251bf1d0abbcdc6f7896579d548"},"headline":"Pia Olsen Dyhr bes\u00f8ger Mors p\u00e5 mandag","datePublished":"2026-09-05T19:53:12+00:00","mainEntityOfPage":{"@id":"https:\/\/kunmedierne.dk\/mors\/pia-olsen-dyhr-besoeger-mors-paa-mandag\/"},"wordCount":1072,"publisher":{"@id":"https:\/\/kunmedierne.dk\/mors\/#organization"},"articleSection":["Lokalt"],"inLanguage":"da-DK"},{"@type":"WebPage","@id":"https:\/\/kunmedierne.dk\/mors\/pia-olsen-dyhr-besoeger-mors-paa-mandag\/","url":"https:\/\/kunmedierne.dk\/mors\/pia-olsen-dyhr-besoeger-mors-paa-mandag\/","name":"Pia Olsen Dyhr bes\u00f8ger Mors p\u00e5 mandag - Mors","isPartOf":{"@id":"https:\/\/kunmedierne.dk\/mors\/#website"},"datePublished":"2026-09-05T19:53:12+00:00","breadcrumb":{"@id":"https:\/\/kunmedierne.dk\/mors\/pia-olsen-dyhr-besoeger-mors-paa-mandag\/#breadcrumb"},"inLanguage":"da-DK","potentialAction":[{"@type":"ReadAction","target":["https:\/\/kunmedierne.dk\/mors\/pia-olsen-dyhr-besoeger-mors-paa-mandag\/"]}]},{"@type":"BreadcrumbList","@id":"https:\/\/kunmedierne.dk\/mors\/pia-olsen-dyhr-besoeger-mors-paa-mandag\/#breadcrumb","itemListElement":[{"@type":"ListItem","position":1,"name":"Hjem","item":"https:\/\/kunmedierne.dk\/mors\/"},{"@type":"ListItem","position":2,"name":"Pia Olsen Dyhr bes\u00f8ger Mors p\u00e5 mandag"}]},{"@type":"WebSite","@id":"https:\/\/kunmedierne.dk\/mors\/#website","url":"https:\/\/kunmedierne.dk\/mors\/","name":"Mors","description":"et netmedie med journalistik om livet p\u00e5 Mors","publisher":{"@id":"https:\/\/kunmedierne.dk\/mors\/#organization"},"potentialAction":[{"@type":"SearchAction","target":{"@type":"EntryPoint","urlTemplate":"https:\/\/kunmedierne.dk\/mors\/?s={search_term_string}"},"query-input":{"@type":"PropertyValueSpecification","valueRequired":true,"valueName":"search_term_string"}}],"inLanguage":"da-DK"},{"@type":"Organization","@id":"https:\/\/kunmedierne.dk\/mors\/#organization","name":"Mors","url":"https:\/\/kunmedierne.dk\/mors\/","logo":{"@type":"ImageObject","inLanguage":"da-DK","@id":"https:\/\/kunmedierne.dk\/mors\/#\/schema\/logo\/image\/","url":"https:\/\/kunmedierne.dk\/mors\/wp-content\/uploads\/2024\/08\/kunmors-logo.svg","contentUrl":"https:\/\/kunmedierne.dk\/mors\/wp-content\/uploads\/2024\/08\/kunmors-logo.svg","caption":"Mors"},"image":{"@id":"https:\/\/kunmedierne.dk\/mors\/#\/schema\/logo\/image\/"}},{"@type":"Person","@id":"https:\/\/kunmedierne.dk\/mors\/#\/schema\/person\/5fe23251bf1d0abbcdc6f7896579d548","name":"David H\u00f8jmark","image":{"@type":"ImageObject","inLanguage":"da-DK","@id":"https:\/\/secure.gravatar.com\/avatar\/4315d6fb9ef244d729989f5f90268eb08d5bf8a3d84402f595fa194bb35784fd?s=96&d=mm&r=g","url":"https:\/\/secure.gravatar.com\/avatar\/4315d6fb9ef244d729989f5f90268eb08d5bf8a3d84402f595fa194bb35784fd?s=96&d=mm&r=g","contentUrl":"https:\/\/secure.gravatar.com\/avatar\/4315d6fb9ef244d729989f5f90268eb08d5bf8a3d84402f595fa194bb35784fd?s=96&d=mm&r=g","caption":"David H\u00f8jmark"},"sameAs":["https:\/\/www.kunmedierne.dk"],"url":"https:\/\/kunmedierne.dk\/mors\/author\/david\/"}]}},"_links":{"self":[{"href":"https:\/\/kunmedierne.dk\/mors\/wp-json\/wp\/v2\/posts\/181049","targetHints":{"allow":["GET"]}}],"collection":[{"href":"https:\/\/kunmedierne.dk\/mors\/wp-json\/wp\/v2\/posts"}],"about":[{"href":"https:\/\/kunmedierne.dk\/mors\/wp-json\/wp\/v2\/types\/post"}],"author":[{"embeddable":true,"href":"https:\/\/kunmedierne.dk\/mors\/wp-json\/wp\/v2\/users\/8"}],"replies":[{"embeddable":true,"href":"https:\/\/kunmedierne.dk\/mors\/wp-json\/wp\/v2\/comments?post=181049"}],"version-history":[{"count":2,"href":"https:\/\/kunmedierne.dk\/mors\/wp-json\/wp\/v2\/posts\/181049\/revisions"}],"predecessor-version":[{"id":181102,"href":"https:\/\/kunmedierne.dk\/mors\/wp-json\/wp\/v2\/posts\/181049\/revisions\/181102"}],"wp:attachment":[{"href":"https:\/\/kunmedierne.dk\/mors\/wp-json\/wp\/v2\/media?parent=181049"}],"wp:term":[{"taxonomy":"category","embeddable":true,"href":"https:\/\/kunmedierne.dk\/mors\/wp-json\/wp\/v2\/categories?post=181049"},{"taxonomy":"post_tag","embeddable":true,"href":"https:\/\/kunmedierne.dk\/mors\/wp-json\/wp\/v2\/tags?post=181049"}],"curies":[{"name":"wp","href":"https:\/\/api.w.org\/{rel}","templated":true}]}}