{"id":181037,"date":"2026-09-04T20:07:36","date_gmt":"2026-09-04T18:07:36","guid":{"rendered":"https:\/\/kunmedierne.dk\/mors\/?p=181037"},"modified":"2026-09-04T23:02:17","modified_gmt":"2026-09-04T21:02:17","slug":"borgmester-bag-besparelser-der-er-blevet-graedt-taarer","status":"publish","type":"post","link":"https:\/\/kunmedierne.dk\/mors\/borgmester-bag-besparelser-der-er-blevet-graedt-taarer\/","title":{"rendered":"<span>Borgmester bag besparelser: <\/span>&#8220;Der er blevet gr\u00e6dt t\u00e5rer&#8221;"},"content":{"rendered":"<p><strong>POLITIK<\/strong>: En tung dag for Mors\u00f8 Kommune &#8211; og dermed ogs\u00e5 for \u00f8ens borgmester.<\/p>\n<p>S\u00e5dan kan man beskrive fredagen for Jens Dahlgaard (S), borgmester i den \u00f8konomisk tr\u00e6ngte kommune, der i eftermiddag pr\u00e6senterede et samlet forslag fra de 21 folkevalgte. Forude venter besparelser i en grad, der rammer b\u00e5de unge, voksne og \u00e6ldre. Som koster jobbet for en del af kommunens medarbejdere. Og som f\u00f8rer til et \u00e5bningssp\u00f8rgsm\u00e5l baseret p\u00e5 en gennemgang af budgetforslaget:<\/p>\n<p><i>Jeg ved n\u00e6sten ikke, hvor jeg skal starte, men det blev en blodig omgang. Det er vel s\u00e5dan set alle, der bliver ramt &#8211; b\u00f8rn, familier, \u00e6ldre?<\/i><\/p>\n<a class=\"dvrt-link\" onClick=\"cdmtrack_click(114591,jQuery(this));return false\" href=\"https:\/\/www.facebook.com\/kopogkandemors\"><img decoding=\"async\" style=\"width:100%;\" src=\"https:\/\/kunmedierne.dk\/mors\/wp-content\/uploads\/2024\/03\/kop-og-kande-ja-tak-tilbud.jpg\"><\/a><script>cdmtrack_view(114591);<\/script>\n<p>&#8211; En blodig omgang &#8211; jo, selvf\u00f8lgelig, begynder Jens Dahlgaard og kommer dermed udsagnet delvist i m\u00f8de.<\/p>\n<p>Han har dog ogs\u00e5 et forbehold.<\/p>\n<p>&#8211;\u00a0Vi rammer institutioner &#8211; is\u00e6r p\u00e5 skolestruktur og b\u00f8rnehavestrukturen. Det er jeg helt med p\u00e5. Men det, vi bare skal huske, er, at vi tager nogle beslutninger, der r\u00e6kker ind i fremtiden.<\/p>\n<p>&nbsp;<\/p>\n<p><strong>Ikke planer om l\u00e6rerfyringer<\/strong><\/p>\n<p>Tidligere p\u00e5 dagen t<a href=\"https:\/\/kunmedierne.dk\/mors\/to-boernehaver-lkker-og-m-c-holms-skole-forsvinder-her-er-de-stoerste-aendringer-i-budgetforslaget\/\" target=\"_blank\" rel=\"noopener\">alte KunMors ogs\u00e5 med Lars R\u00f8ntved Jensen (SF)<\/a>, udvalgsformand for b\u00f8rn, kultur og turisme. Det var blandt om lukningen af to b\u00f8rnehaver og M.C. Holms Skole.<\/p>\n<p>Jens Dahlgaard gentager udvalgsformandens argument om, at beslutningen f\u00f8rer til besparelser p\u00e5 udgifter til den efterh\u00e5nden renoveringsmodne skole i Gr\u00f8nnegade.<\/p>\n<p>Det faldende b\u00f8rnetal vejer ogs\u00e5 tungt i beslutningen, tilf\u00f8jer han.<\/p>\n<a class=\"dvrt-link\" onClick=\"cdmtrack_click(114591,jQuery(this));return false\" href=\"https:\/\/www.facebook.com\/kopogkandemors\"><img decoding=\"async\" style=\"width:100%;\" src=\"https:\/\/kunmedierne.dk\/mors\/wp-content\/uploads\/2024\/03\/kop-og-kande-ja-tak-tilbud.jpg\"><\/a><script>cdmtrack_view(114591);<\/script>\n<p>&#8211; Vi synes faktisk, at vi kan lave en ret fantastisk ny skole p\u00e5 Dueholmskolen. S\u00e5 det, vi g\u00f8r p\u00e5 skoleomr\u00e5det, efter et halvt \u00e5rs bearbejdelse og snakke, er at tage en beslutning, som jeg tror, at alle b\u00f8rnefamilier i Nyk\u00f8bing ender med at blive rigtig glade for.<\/p>\n<p><i>Men det er selvf\u00f8lgelig ikke den store tr\u00f8st for dem, der mister deres arbejde.<\/i><\/p>\n<p><span style=\"color: #262626;\">&#8211; Det er der ikke nogen, der g\u00f8r. Personalet flytter bare med derop. Det er rigtigt, at der er et ledelseslag og administrationslag, men rent ans\u00e6ttelsesm\u00e6ssigt er der ikke nogen l\u00e6rere, der bliver fyret.\u00a0<\/span><\/p>\n<p><span style=\"color: #262626;\">&#8211; Vi g\u00e5r ikke ind i det for at spare penge p\u00e5 l\u00e6rere og p\u00e6dagoger. Det er ikke derfor, vi g\u00f8r det. Men hvis vi ikke g\u00f8r det, kommer vi til at udhule vores skole, fordi b\u00f8rnetallet falder, siger Jens Dahlgaard.<\/span><\/p>\n<a class=\"dvrt-link\" onClick=\"cdmtrack_click(113414,jQuery(this));return false\" href=\"https:\/\/www.p-soerensen.dk\/\"><img decoding=\"async\" style=\"width:100%;\" src=\"https:\/\/kunmedierne.dk\/mors\/wp-content\/uploads\/2024\/03\/p-soerensen-juni25.jpg\"><\/a><script>cdmtrack_view(113414);<\/script>\n<p>Han ser flere af besparelserne i budgetforslaget som proaktive handlinger. Men det st\u00e5r stadig klart, at bliver med et mindre forbrug.<\/p>\n<p><span style=\"color: #262626;\">&#8211; B\u00e5de p\u00e5 skolestruktur, botilbud og \u00e6ldreomr\u00e5det er udgangspunktet, at vi vil bruge tid p\u00e5 at finde de rigtige l\u00f8sninger. Men vi kan lige s\u00e5 godt sige med det samme, at det er det, vi arbejder hen imod. I stedet for at stikke folk bl\u00e5r i \u00f8jnene.<\/span><\/p>\n<p><i>Men der er selvf\u00f8lgelig mange besparelser, der vil have direkte konsekvens i 2027.<\/i><\/p>\n<p>&#8211; Ja, det er der. For vi skal finde penge nu. Vi har fors\u00f8gt at finde nogle rigtig gode l\u00f8sninger, men det er klart, at det ikke kan undg\u00e5s, at der er ting, hvor vi er n\u00f8dt til at spare.<\/p>\n<p>&nbsp;<\/p>\n<p><strong>Besparelser i Familieafdelingen<\/strong><\/p>\n<p>Det g\u00e6lder blandt andet p\u00e5 den m\u00e5ske mest omdiskuterede afdeling i Mors\u00f8 Kommune. Familieafderlinger bliver foresl\u00e5et besparelser for mellem 800.000 i 2027 og 1,2 mio. kroner i \u00e5rene frem til 2032.<\/p>\n<p>P\u00e5 sp\u00f8rgsm\u00e5let, om ikke Familieafdelingen er belastet nok i forvejen, svarer borgmesteren dog:<\/p>\n<p>&#8211; Den bliver ikke ramt. Vi har styr p\u00e5 den del. Der er nogle tilpasninger, det er der i vores budget. Men det er absolut ikke mit indtryk, at det kommer til at g\u00e5 ud over Familieafdelingen.<\/p>\n<p><i>Men der st\u00e5r &#8220;reduktion af stilling&#8221;&#8230;<\/i><\/p>\n<p>&#8211; Det er, fordi n\u00e5r du laver et budget og nogle tilpasninger, er der nogle stillinger, man vurderer, om man kan tage, uden at det \u00e6ndrer serviceniveauet p\u00e5 omr\u00e5det. Det er det, der er blevet vurderet her.<\/p>\n<a class=\"dvrt-link\" onClick=\"cdmtrack_click(104785,jQuery(this));return false\" href=\"https:\/\/www.facebook.com\/lyndrups\"><img decoding=\"async\" style=\"width:100%;\" src=\"https:\/\/kunmedierne.dk\/mors\/wp-content\/uploads\/2022\/02\/vip-lyndrups-rengoering.jpg\"><\/a><script>cdmtrack_view(104785);<\/script>\n<p>&#8211; Det svarer til, at du har fem til at sl\u00e5 gr\u00e6s p\u00e5 en fodboldbane, men du kan se, at fire ogs\u00e5 kunne g\u00f8re det. Det er jo s\u00e5dan, det er, siger Jens Dahlgaard og understreger:<\/p>\n<p>&#8211; Det er blevet garanteret, at serviceniveauet p\u00e5 omr\u00e5det ikke bliver r\u00f8rt. Det er det, man kalder en effektivisering.<\/p>\n<p><i>P\u00e5 bundlinjen for det hele st\u00e5r vel, at det bliver mindre attraktivt at v\u00e6re morsingbo i de kommende \u00e5r?<\/i><\/p>\n<p>&#8211; Det synes jeg ikke. Jeg er med p\u00e5 det, hvis man kigger p\u00e5 tal, men det er lige pr\u00e6cis derfor, vi g\u00e5r ind og laver struktur\u00e6ndringer. Det er, fordi vi tror p\u00e5, at hvis vi arbejder p\u00e5 en anden m\u00e5de, kan vi levere en vare, der er mindst lige s\u00e5 god.<\/p>\n<a class=\"dvrt-link\" onClick=\"cdmtrack_click(116504,jQuery(this));return false\" href=\"https:\/\/www.nybolig.dk\/ejendomsmaeglere\/nordvestjylland\/nybolig-morsoe-nykoebing-mors\"><img decoding=\"async\" style=\"width:100%;\" src=\"https:\/\/kunmedierne.dk\/mors\/wp-content\/uploads\/2024\/04\/250825Nybolig.jpg\"><\/a><script>cdmtrack_view(116504);<\/script>\n<p>Mors\u00f8-borgmesteren sammenligner med tankegangen i en virksomhed, hvor man ogs\u00e5 sp\u00f8rger sig selv, om man kan g\u00f8re tingene p\u00e5 en mindre kostbar m\u00e5de, men uden at sl\u00e6kke p\u00e5 standarden.<\/p>\n<p>&#8211; Skolestrukturen, b\u00f8rnehaver, botilbud og \u00e6ldreomr\u00e5det er jo noget af det arbejde, der skal give den gevinst. Det er jo ikke forbudt at sige til folk: &#8220;Kan vi g\u00f8re det her mere smart, men stadig have en rigtig god service?&#8221; Det er det, hele det her arbejde g\u00e5r ud p\u00e5.<\/p>\n<p>&#8211; At s\u00e6tte besparelser en til en med, at det altid liver ringere, synes jeg ikke, at man kan, siger Jens Dahlgaard.<\/p>\n<p><em>Hvis vi nu skruer tiden tilbage til dengang, du var ung socialdemokrat, og du havde h\u00f8rt en Peter Brixtofte, Poul Schl\u00fcter eller en anden borgerlig sige det samme, ville du s\u00e5 ikke have sk\u00e6ldt ud?<\/em><\/p>\n<p>&#8211; Det er derfor, det er godt, at det er en socialdemokrat, der er borgmester.<\/p>\n<p>&nbsp;<\/p>\n<p><strong>Stadig plads til nye udgifter<\/strong><\/p>\n<p>Det er den eneste gang i interviewet, Jens Dahlgaard tilf\u00f8jer et grin til et svar. M\u00e5ske for at afdramatisere det, m\u00e5ske for at anerkende, at han lige nu st\u00e5r p\u00e5 m\u00e5l for besparelser, der rammer socialdemokratiske kerneomr\u00e5der.<\/p>\n<p>Han understreger da ogs\u00e5 flere gange &#8211; p\u00e5 vegne af b\u00e5de sig selv om de \u00f8vrige partier &#8211; at forhandlingerne har v\u00e6ret tunge, fordi de rammer borgerne p\u00e5 Mors.<\/p>\n<p>&#8211; Der er r\u00f8get en t\u00e5re eller to i l\u00f8bet af ugen, for det har v\u00e6ret h\u00e5rdt. Men jeg er glad og tilfreds med det resultat, vi er n\u00e5et frem til &#8211; ud fra de rammer, vi har. Jeg ville ogs\u00e5 gerne smide 100 millioner p\u00e5 bordet og sige: &#8220;Brug dem!&#8221; Men det er jo ikke den virkelighed, jeg lever i som borgmester i Mors\u00f8 Kommune, siger han.<\/p>\n<a class=\"dvrt-link\" onClick=\"cdmtrack_click(114591,jQuery(this));return false\" href=\"https:\/\/www.facebook.com\/kopogkandemors\"><img decoding=\"async\" style=\"width:100%;\" src=\"https:\/\/kunmedierne.dk\/mors\/wp-content\/uploads\/2024\/03\/kop-og-kande-ja-tak-tilbud.jpg\"><\/a><script>cdmtrack_view(114591);<\/script>\n<p>En virkelighed er dog, at Mors\u00f8 Kommune ud over at spare samtidig skal udvikle sig. Det kan man i hvert fald l\u00e6se i budgettet.<\/p>\n<p>For mange af de borgere, der bliver ramt af besparelser, vil det dog nok springe i \u00f8jnene, at man samtidig s\u00e6tter penge af til nye tiltag &#8211; helt pr\u00e6cist 1.829.000 kroner hvert \u00e5r frem til 2032.<\/p>\n<p>Jens Dahlgaard svarer, at det skyldes, at man ogs\u00e5 m\u00e5 og skal underst\u00f8tte nye tiltag &#8211; og at der i \u00f8vrigt er tale om mange sm\u00e5 bel\u00f8b, der f\u00f8rer til de 1,8 mio.<\/p>\n<p><i>Ville et \u00e5r med store besparelser ikke v\u00e6re et, hvor man skulle holde igen med nye udgifter?<\/i><\/p>\n<p>&#8211; Nej. Vi er n\u00f8dt til ogs\u00e5 at st\u00f8tte nye initiativer, vi regner med vil kunne give noget godt til Mors. Den dag, vi stopper med det, tror jeg, at vi har et problem.<\/p>\n<a class=\"dvrt-link\" onClick=\"cdmtrack_click(104785,jQuery(this));return false\" href=\"https:\/\/www.facebook.com\/lyndrups\"><img decoding=\"async\" style=\"width:100%;\" src=\"https:\/\/kunmedierne.dk\/mors\/wp-content\/uploads\/2022\/02\/vip-lyndrups-rengoering.jpg\"><\/a><script>cdmtrack_view(104785);<\/script>\n<p><i>Det er selvf\u00f8lgelig bare et g\u00e6t, men nu kommer der nok en masse h\u00f8ringssvar. Tror du ikke netop, at de vil kigge p\u00e5 tilskud til <a href=\"https:\/\/kunmedierne.dk\/mors\/nyt-samarbejde-skal-styrke-idraet-og-sundhed-paa-mors\/\" target=\"_blank\" rel=\"noopener\">Idr\u00e6ttens kraftv\u00e6rker<\/a> og den slags? Der kan man m\u00e5ske undv\u00e6re 500.000 og i stedet bruge dem p\u00e5 noget af det, der bliver sparet p\u00e5.<\/i><\/p>\n<p>&#8211; Jo, men Idr\u00e6ttens kraftv\u00e6rker er jo et initiativ, der gerne skulle give en service, hvor kommunen har tilpasset nogle ting. Det er m\u00e5ske bare en anden m\u00e5de at arbejde p\u00e5. Vi pr\u00f8ver bare at teste en ny l\u00f8sning af &#8211; om det kan v\u00e6re en anden m\u00e5de, der g\u00f8r det lige s\u00e5 godt. Det vil vise sig.<\/p>\n<p>&nbsp;<\/p>\n<p><b>Anderledes end budgetseminar?<\/b><\/p>\n<p>Nok om budgettet &#8211; s\u00e5dan i konkret form &#8211; i denne omgang. Interessant er det ogs\u00e5 at f\u00f8lge op p\u00e5 forl\u00f8bet frem imod det, der indtil videre kun er et forslag &#8211; og som skal igennem endnu en forhandlingsrunde under indtryk af h\u00f8ringssvar.<\/p>\n<p>Diskussionen om formatet med budgetseminar eller ej er ikke ny, men den blev vundet af det nye flertal, som fik gennemtrumfet den metode, man har brugt nu.<\/p>\n<p>Sp\u00f8rgsm\u00e5let er s\u00e5, om det er s\u00e5 forskelligt fra tidligere.<\/p>\n<p><i>Har det v\u00e6ret et slagsm\u00e5l? Har det v\u00e6ret sv\u00e6rere i \u00e5r i forhold til de \u00e5r, hvor I er blevet enige om noget p\u00e5 et budgetseminar?<\/i><\/p>\n<p>&#8211; Det har taget l\u00e6ngere tid. Onsdag forhandlede vi fra klokken otte om morgenen til klokken 12 om aftenen. Og s\u00e5 blev vi enige om at m\u00f8des n\u00e6ste morgen og forhandle videre. Det har jeg aldrig pr\u00f8vet f\u00f8r i mine 13 \u00e5r i politik, lyder det med forklaringen:<\/p>\n<a class=\"dvrt-link\" onClick=\"cdmtrack_click(104785,jQuery(this));return false\" href=\"https:\/\/www.facebook.com\/lyndrups\"><img decoding=\"async\" style=\"width:100%;\" src=\"https:\/\/kunmedierne.dk\/mors\/wp-content\/uploads\/2022\/02\/vip-lyndrups-rengoering.jpg\"><\/a><script>cdmtrack_view(104785);<\/script>\n<p>&#8211; Det er, fordi vi er s\u00e5 langt inde i benet, at vi har behov for at snakke tingene igennem mange gange, f\u00f8r vi tager beslutningen. Men jeg er glad for, at vi efter s\u00e5 lang tid g\u00e5r ud med et budgetforslag.<\/p>\n<p><i>I mangler vel stort set bare, at der er en underskrift. S\u00e5 var det lige som i gamle dage med et budgetforlig efter et seminar?<\/i><\/p>\n<p>&#8211; Det synes jeg ikke. Vi m\u00f8des jo og forhandler igen efter h\u00f8ringsperioden. S\u00e5 p\u00e5 den m\u00e5de nej. Men det er klart, at n\u00e5r vi har siddet sammen i mange timer &#8211; og er g\u00e5et ud med noget, som hele kommunalbestyrelsen foresl\u00e5r &#8211; s\u00e5 er vi kommet langt, det er rigtigt nok.<\/p>\n<p>&#8211; Vi skal jo m\u00f8des igen. Men jeg vil ogs\u00e5 sige, at n\u00e5r vi har brugt s\u00e5 lang tid p\u00e5 det &#8211; og er s\u00e5 langt inde materien &#8211; er det selvf\u00f8lgelig ogs\u00e5 det, vi t\u00e6nker, kan blive det endelige forlig. Men det er det ikke, det er kun et forslag.<\/p>\n<p><i>Men n\u00e5r I nu er blevet enige om et f\u00e6lles forslag, skal der vel meget til, f\u00f8r det \u00e6ndrer sig, selv om I skal forhandle igen?<\/i><\/p>\n<a class=\"dvrt-link\" onClick=\"cdmtrack_click(104779,jQuery(this));return false\" href=\"https:\/\/morsoe-begravelsesforretning.dk\/\"><img decoding=\"async\" style=\"width:100%;\" src=\"https:\/\/kunmedierne.dk\/mors\/wp-content\/uploads\/2023\/11\/251215-morsoe-begravelsesforretning.jpg\"><\/a><script>cdmtrack_view(104779);<\/script>\n<p>&#8211; Det kan man godt sige, hvis man tager de briller p\u00e5. Men vi tillader os at sige, at vi har lagt ind i vores kalender, at forhandlingsgruppen skal m\u00f8des igen og sige: &#8220;Hvad s\u00e5? Nu har vi haft det i h\u00f8ring, og alle i baglandet har tygget p\u00e5 det. Er der noget, der skal rykkes ved?&#8221;<\/p>\n<p><i>Det vil der jo nok v\u00e6re nogen, der synes, n\u00e5r man ser, hvor bredt besparelserne rammer. S\u00e5 vil der nok komme nogle indvendinger.\u00a0<\/i><\/p>\n<p>&#8211; S\u00e5dan er demokrati jo. Det, man bare skal huske, er, at man s\u00e5 skal komme med et forslag til, hvor pengene s\u00e5 skal findes.<\/p>\n<p>L\u00e6s i opf\u00f8lgende artikel l\u00f8rdag, hvordan Jens Dahlgaard vil arbejde for at forhindre Mors\u00f8 Kommune i at st\u00e5 med samme sparekrav til n\u00e6ste \u00e5r.<\/p>\n<blockquote>\n<h5>L\u00c6S OGS\u00c5:<\/h5>\n<h5><a href=\"https:\/\/kunmedierne.dk\/mors\/to-boernehaver-lukker-og-m-c-holms-skole-forsvinder-her-er-de-stoerste-aendringer-i-budgetforslaget\/\" target=\"_blank\" rel=\"noopener\">To b\u00f8rnehaver lukker, og M.C. Holms Skole forsvinder: Her er de st\u00f8rste \u00e6ndringer i budgetforliget<\/a><\/h5>\n<\/blockquote>\n","protected":false},"excerpt":{"rendered":"<p>POLITIK: En tung dag for Mors\u00f8 Kommune &#8211; og dermed ogs\u00e5 for \u00f8ens borgmester. S\u00e5dan kan man beskrive fredagen for Jens Dahlgaard (S), borgmester i den \u00f8konomisk tr\u00e6ngte kommune, der i eftermiddag pr\u00e6senterede et samlet forslag fra de 21 folkevalgte. Forude venter besparelser i en grad, der rammer b\u00e5de unge, voksne og \u00e6ldre. Som koster [&hellip;]<\/p>\n","protected":false},"author":8,"featured_media":0,"comment_status":"closed","ping_status":"closed","sticky":false,"template":"","format":"standard","meta":{"_acf_changed":false,"footnotes":""},"categories":[51],"tags":[295,167,170],"class_list":["post-181037","post","type-post","status-publish","format-standard","hentry","category-lokalt","tag-oekonomi","tag-politik","tag-uddannelse"],"acf":[],"yoast_head":"<!-- This site is optimized with the Yoast SEO plugin v27.7 - https:\/\/yoast.com\/product\/yoast-seo-wordpress\/ -->\n<title>Borgmester bag besparelser: &quot;Der er blevet gr\u00e6dt t\u00e5rer&quot; - Mors<\/title>\n<meta name=\"robots\" content=\"index, follow, max-snippet:-1, max-image-preview:large, max-video-preview:-1\" \/>\n<link rel=\"canonical\" href=\"https:\/\/kunmedierne.dk\/mors\/borgmester-bag-besparelser-der-er-blevet-graedt-taarer\/\" \/>\n<meta property=\"og:locale\" content=\"da_DK\" \/>\n<meta property=\"og:type\" content=\"article\" \/>\n<meta property=\"og:title\" content=\"Borgmester bag besparelser: &quot;Der er blevet gr\u00e6dt t\u00e5rer&quot; - Mors\" \/>\n<meta property=\"og:description\" content=\"POLITIK: En tung dag for Mors\u00f8 Kommune &#8211; og dermed ogs\u00e5 for \u00f8ens borgmester. S\u00e5dan kan man beskrive fredagen for Jens Dahlgaard (S), borgmester i den \u00f8konomisk tr\u00e6ngte kommune, der i eftermiddag pr\u00e6senterede et samlet forslag fra de 21 folkevalgte. Forude venter besparelser i en grad, der rammer b\u00e5de unge, voksne og \u00e6ldre. Som koster [&hellip;]\" \/>\n<meta property=\"og:url\" content=\"https:\/\/kunmedierne.dk\/mors\/borgmester-bag-besparelser-der-er-blevet-graedt-taarer\/\" \/>\n<meta property=\"og:site_name\" content=\"Mors\" \/>\n<meta property=\"article:published_time\" content=\"2026-09-04T18:07:36+00:00\" \/>\n<meta property=\"article:modified_time\" content=\"2026-09-04T21:02:17+00:00\" \/>\n<meta name=\"author\" content=\"David H\u00f8jmark\" \/>\n<meta name=\"twitter:card\" content=\"summary_large_image\" \/>\n<meta name=\"twitter:label1\" content=\"Skrevet af\" \/>\n\t<meta name=\"twitter:data1\" content=\"David H\u00f8jmark\" \/>\n\t<meta name=\"twitter:label2\" content=\"Estimeret l\u00e6setid\" \/>\n\t<meta name=\"twitter:data2\" content=\"10 minutter\" \/>\n<script type=\"application\/ld+json\" class=\"yoast-schema-graph\">{\"@context\":\"https:\\\/\\\/schema.org\",\"@graph\":[{\"@type\":\"Article\",\"@id\":\"https:\\\/\\\/kunmedierne.dk\\\/mors\\\/borgmester-bag-besparelser-der-er-blevet-graedt-taarer\\\/#article\",\"isPartOf\":{\"@id\":\"https:\\\/\\\/kunmedierne.dk\\\/mors\\\/borgmester-bag-besparelser-der-er-blevet-graedt-taarer\\\/\"},\"author\":{\"name\":\"David H\u00f8jmark\",\"@id\":\"https:\\\/\\\/kunmedierne.dk\\\/mors\\\/#\\\/schema\\\/person\\\/5fe23251bf1d0abbcdc6f7896579d548\"},\"headline\":\"Borgmester bag besparelser: &#8220;Der er blevet gr\u00e6dt t\u00e5rer&#8221;\",\"datePublished\":\"2026-09-04T18:07:36+00:00\",\"dateModified\":\"2026-09-04T21:02:17+00:00\",\"mainEntityOfPage\":{\"@id\":\"https:\\\/\\\/kunmedierne.dk\\\/mors\\\/borgmester-bag-besparelser-der-er-blevet-graedt-taarer\\\/\"},\"wordCount\":1955,\"publisher\":{\"@id\":\"https:\\\/\\\/kunmedierne.dk\\\/mors\\\/#organization\"},\"keywords\":[\"\u00d8konomi\",\"Politik\",\"Skoler og uddannelse\"],\"articleSection\":[\"Lokalt\"],\"inLanguage\":\"da-DK\"},{\"@type\":\"WebPage\",\"@id\":\"https:\\\/\\\/kunmedierne.dk\\\/mors\\\/borgmester-bag-besparelser-der-er-blevet-graedt-taarer\\\/\",\"url\":\"https:\\\/\\\/kunmedierne.dk\\\/mors\\\/borgmester-bag-besparelser-der-er-blevet-graedt-taarer\\\/\",\"name\":\"Borgmester bag besparelser: \\\"Der er blevet gr\u00e6dt t\u00e5rer\\\" - Mors\",\"isPartOf\":{\"@id\":\"https:\\\/\\\/kunmedierne.dk\\\/mors\\\/#website\"},\"datePublished\":\"2026-09-04T18:07:36+00:00\",\"dateModified\":\"2026-09-04T21:02:17+00:00\",\"breadcrumb\":{\"@id\":\"https:\\\/\\\/kunmedierne.dk\\\/mors\\\/borgmester-bag-besparelser-der-er-blevet-graedt-taarer\\\/#breadcrumb\"},\"inLanguage\":\"da-DK\",\"potentialAction\":[{\"@type\":\"ReadAction\",\"target\":[\"https:\\\/\\\/kunmedierne.dk\\\/mors\\\/borgmester-bag-besparelser-der-er-blevet-graedt-taarer\\\/\"]}]},{\"@type\":\"BreadcrumbList\",\"@id\":\"https:\\\/\\\/kunmedierne.dk\\\/mors\\\/borgmester-bag-besparelser-der-er-blevet-graedt-taarer\\\/#breadcrumb\",\"itemListElement\":[{\"@type\":\"ListItem\",\"position\":1,\"name\":\"Hjem\",\"item\":\"https:\\\/\\\/kunmedierne.dk\\\/mors\\\/\"},{\"@type\":\"ListItem\",\"position\":2,\"name\":\"Borgmester bag besparelser: &#8220;Der er blevet gr\u00e6dt t\u00e5rer&#8221;\"}]},{\"@type\":\"WebSite\",\"@id\":\"https:\\\/\\\/kunmedierne.dk\\\/mors\\\/#website\",\"url\":\"https:\\\/\\\/kunmedierne.dk\\\/mors\\\/\",\"name\":\"Mors\",\"description\":\"et netmedie med journalistik om livet p\u00e5 Mors\",\"publisher\":{\"@id\":\"https:\\\/\\\/kunmedierne.dk\\\/mors\\\/#organization\"},\"potentialAction\":[{\"@type\":\"SearchAction\",\"target\":{\"@type\":\"EntryPoint\",\"urlTemplate\":\"https:\\\/\\\/kunmedierne.dk\\\/mors\\\/?s={search_term_string}\"},\"query-input\":{\"@type\":\"PropertyValueSpecification\",\"valueRequired\":true,\"valueName\":\"search_term_string\"}}],\"inLanguage\":\"da-DK\"},{\"@type\":\"Organization\",\"@id\":\"https:\\\/\\\/kunmedierne.dk\\\/mors\\\/#organization\",\"name\":\"Mors\",\"url\":\"https:\\\/\\\/kunmedierne.dk\\\/mors\\\/\",\"logo\":{\"@type\":\"ImageObject\",\"inLanguage\":\"da-DK\",\"@id\":\"https:\\\/\\\/kunmedierne.dk\\\/mors\\\/#\\\/schema\\\/logo\\\/image\\\/\",\"url\":\"https:\\\/\\\/kunmedierne.dk\\\/mors\\\/wp-content\\\/uploads\\\/2024\\\/08\\\/kunmors-logo.svg\",\"contentUrl\":\"https:\\\/\\\/kunmedierne.dk\\\/mors\\\/wp-content\\\/uploads\\\/2024\\\/08\\\/kunmors-logo.svg\",\"caption\":\"Mors\"},\"image\":{\"@id\":\"https:\\\/\\\/kunmedierne.dk\\\/mors\\\/#\\\/schema\\\/logo\\\/image\\\/\"}},{\"@type\":\"Person\",\"@id\":\"https:\\\/\\\/kunmedierne.dk\\\/mors\\\/#\\\/schema\\\/person\\\/5fe23251bf1d0abbcdc6f7896579d548\",\"name\":\"David H\u00f8jmark\",\"image\":{\"@type\":\"ImageObject\",\"inLanguage\":\"da-DK\",\"@id\":\"https:\\\/\\\/secure.gravatar.com\\\/avatar\\\/4315d6fb9ef244d729989f5f90268eb08d5bf8a3d84402f595fa194bb35784fd?s=96&d=mm&r=g\",\"url\":\"https:\\\/\\\/secure.gravatar.com\\\/avatar\\\/4315d6fb9ef244d729989f5f90268eb08d5bf8a3d84402f595fa194bb35784fd?s=96&d=mm&r=g\",\"contentUrl\":\"https:\\\/\\\/secure.gravatar.com\\\/avatar\\\/4315d6fb9ef244d729989f5f90268eb08d5bf8a3d84402f595fa194bb35784fd?s=96&d=mm&r=g\",\"caption\":\"David H\u00f8jmark\"},\"sameAs\":[\"https:\\\/\\\/www.kunmedierne.dk\"],\"url\":\"https:\\\/\\\/kunmedierne.dk\\\/mors\\\/author\\\/david\\\/\"}]}<\/script>\n<!-- \/ Yoast SEO plugin. -->","yoast_head_json":{"title":"Borgmester bag besparelser: \"Der er blevet gr\u00e6dt t\u00e5rer\" - Mors","robots":{"index":"index","follow":"follow","max-snippet":"max-snippet:-1","max-image-preview":"max-image-preview:large","max-video-preview":"max-video-preview:-1"},"canonical":"https:\/\/kunmedierne.dk\/mors\/borgmester-bag-besparelser-der-er-blevet-graedt-taarer\/","og_locale":"da_DK","og_type":"article","og_title":"Borgmester bag besparelser: \"Der er blevet gr\u00e6dt t\u00e5rer\" - Mors","og_description":"POLITIK: En tung dag for Mors\u00f8 Kommune &#8211; og dermed ogs\u00e5 for \u00f8ens borgmester. S\u00e5dan kan man beskrive fredagen for Jens Dahlgaard (S), borgmester i den \u00f8konomisk tr\u00e6ngte kommune, der i eftermiddag pr\u00e6senterede et samlet forslag fra de 21 folkevalgte. Forude venter besparelser i en grad, der rammer b\u00e5de unge, voksne og \u00e6ldre. Som koster [&hellip;]","og_url":"https:\/\/kunmedierne.dk\/mors\/borgmester-bag-besparelser-der-er-blevet-graedt-taarer\/","og_site_name":"Mors","article_published_time":"2026-09-04T18:07:36+00:00","article_modified_time":"2026-09-04T21:02:17+00:00","author":"David H\u00f8jmark","twitter_card":"summary_large_image","twitter_misc":{"Skrevet af":"David H\u00f8jmark","Estimeret l\u00e6setid":"10 minutter"},"schema":{"@context":"https:\/\/schema.org","@graph":[{"@type":"Article","@id":"https:\/\/kunmedierne.dk\/mors\/borgmester-bag-besparelser-der-er-blevet-graedt-taarer\/#article","isPartOf":{"@id":"https:\/\/kunmedierne.dk\/mors\/borgmester-bag-besparelser-der-er-blevet-graedt-taarer\/"},"author":{"name":"David H\u00f8jmark","@id":"https:\/\/kunmedierne.dk\/mors\/#\/schema\/person\/5fe23251bf1d0abbcdc6f7896579d548"},"headline":"Borgmester bag besparelser: &#8220;Der er blevet gr\u00e6dt t\u00e5rer&#8221;","datePublished":"2026-09-04T18:07:36+00:00","dateModified":"2026-09-04T21:02:17+00:00","mainEntityOfPage":{"@id":"https:\/\/kunmedierne.dk\/mors\/borgmester-bag-besparelser-der-er-blevet-graedt-taarer\/"},"wordCount":1955,"publisher":{"@id":"https:\/\/kunmedierne.dk\/mors\/#organization"},"keywords":["\u00d8konomi","Politik","Skoler og uddannelse"],"articleSection":["Lokalt"],"inLanguage":"da-DK"},{"@type":"WebPage","@id":"https:\/\/kunmedierne.dk\/mors\/borgmester-bag-besparelser-der-er-blevet-graedt-taarer\/","url":"https:\/\/kunmedierne.dk\/mors\/borgmester-bag-besparelser-der-er-blevet-graedt-taarer\/","name":"Borgmester bag besparelser: \"Der er blevet gr\u00e6dt t\u00e5rer\" - Mors","isPartOf":{"@id":"https:\/\/kunmedierne.dk\/mors\/#website"},"datePublished":"2026-09-04T18:07:36+00:00","dateModified":"2026-09-04T21:02:17+00:00","breadcrumb":{"@id":"https:\/\/kunmedierne.dk\/mors\/borgmester-bag-besparelser-der-er-blevet-graedt-taarer\/#breadcrumb"},"inLanguage":"da-DK","potentialAction":[{"@type":"ReadAction","target":["https:\/\/kunmedierne.dk\/mors\/borgmester-bag-besparelser-der-er-blevet-graedt-taarer\/"]}]},{"@type":"BreadcrumbList","@id":"https:\/\/kunmedierne.dk\/mors\/borgmester-bag-besparelser-der-er-blevet-graedt-taarer\/#breadcrumb","itemListElement":[{"@type":"ListItem","position":1,"name":"Hjem","item":"https:\/\/kunmedierne.dk\/mors\/"},{"@type":"ListItem","position":2,"name":"Borgmester bag besparelser: &#8220;Der er blevet gr\u00e6dt t\u00e5rer&#8221;"}]},{"@type":"WebSite","@id":"https:\/\/kunmedierne.dk\/mors\/#website","url":"https:\/\/kunmedierne.dk\/mors\/","name":"Mors","description":"et netmedie med journalistik om livet p\u00e5 Mors","publisher":{"@id":"https:\/\/kunmedierne.dk\/mors\/#organization"},"potentialAction":[{"@type":"SearchAction","target":{"@type":"EntryPoint","urlTemplate":"https:\/\/kunmedierne.dk\/mors\/?s={search_term_string}"},"query-input":{"@type":"PropertyValueSpecification","valueRequired":true,"valueName":"search_term_string"}}],"inLanguage":"da-DK"},{"@type":"Organization","@id":"https:\/\/kunmedierne.dk\/mors\/#organization","name":"Mors","url":"https:\/\/kunmedierne.dk\/mors\/","logo":{"@type":"ImageObject","inLanguage":"da-DK","@id":"https:\/\/kunmedierne.dk\/mors\/#\/schema\/logo\/image\/","url":"https:\/\/kunmedierne.dk\/mors\/wp-content\/uploads\/2024\/08\/kunmors-logo.svg","contentUrl":"https:\/\/kunmedierne.dk\/mors\/wp-content\/uploads\/2024\/08\/kunmors-logo.svg","caption":"Mors"},"image":{"@id":"https:\/\/kunmedierne.dk\/mors\/#\/schema\/logo\/image\/"}},{"@type":"Person","@id":"https:\/\/kunmedierne.dk\/mors\/#\/schema\/person\/5fe23251bf1d0abbcdc6f7896579d548","name":"David H\u00f8jmark","image":{"@type":"ImageObject","inLanguage":"da-DK","@id":"https:\/\/secure.gravatar.com\/avatar\/4315d6fb9ef244d729989f5f90268eb08d5bf8a3d84402f595fa194bb35784fd?s=96&d=mm&r=g","url":"https:\/\/secure.gravatar.com\/avatar\/4315d6fb9ef244d729989f5f90268eb08d5bf8a3d84402f595fa194bb35784fd?s=96&d=mm&r=g","contentUrl":"https:\/\/secure.gravatar.com\/avatar\/4315d6fb9ef244d729989f5f90268eb08d5bf8a3d84402f595fa194bb35784fd?s=96&d=mm&r=g","caption":"David H\u00f8jmark"},"sameAs":["https:\/\/www.kunmedierne.dk"],"url":"https:\/\/kunmedierne.dk\/mors\/author\/david\/"}]}},"_links":{"self":[{"href":"https:\/\/kunmedierne.dk\/mors\/wp-json\/wp\/v2\/posts\/181037","targetHints":{"allow":["GET"]}}],"collection":[{"href":"https:\/\/kunmedierne.dk\/mors\/wp-json\/wp\/v2\/posts"}],"about":[{"href":"https:\/\/kunmedierne.dk\/mors\/wp-json\/wp\/v2\/types\/post"}],"author":[{"embeddable":true,"href":"https:\/\/kunmedierne.dk\/mors\/wp-json\/wp\/v2\/users\/8"}],"replies":[{"embeddable":true,"href":"https:\/\/kunmedierne.dk\/mors\/wp-json\/wp\/v2\/comments?post=181037"}],"version-history":[{"count":11,"href":"https:\/\/kunmedierne.dk\/mors\/wp-json\/wp\/v2\/posts\/181037\/revisions"}],"predecessor-version":[{"id":181062,"href":"https:\/\/kunmedierne.dk\/mors\/wp-json\/wp\/v2\/posts\/181037\/revisions\/181062"}],"wp:attachment":[{"href":"https:\/\/kunmedierne.dk\/mors\/wp-json\/wp\/v2\/media?parent=181037"}],"wp:term":[{"taxonomy":"category","embeddable":true,"href":"https:\/\/kunmedierne.dk\/mors\/wp-json\/wp\/v2\/categories?post=181037"},{"taxonomy":"post_tag","embeddable":true,"href":"https:\/\/kunmedierne.dk\/mors\/wp-json\/wp\/v2\/tags?post=181037"}],"curies":[{"name":"wp","href":"https:\/\/api.w.org\/{rel}","templated":true}]}}