{"id":181014,"date":"2026-09-04T16:47:02","date_gmt":"2026-09-04T14:47:02","guid":{"rendered":"https:\/\/kunmedierne.dk\/mors\/?p=181014"},"modified":"2026-09-04T16:47:02","modified_gmt":"2026-09-04T14:47:02","slug":"farvel-til-loevbjerg-koebmanden-fik-et-tilbud-han-ikke-kunne-sige-nej-til","status":"publish","type":"post","link":"https:\/\/kunmedierne.dk\/mors\/farvel-til-loevbjerg-koebmanden-fik-et-tilbud-han-ikke-kunne-sige-nej-til\/","title":{"rendered":"<span>Farvel til L\u00f8vbjerg: <\/span>K\u00f8bmanden fik et tilbud, han ikke kunne sige nej til"},"content":{"rendered":"<p><strong>HANDEL<\/strong>: I \u00e5rtier har han pr\u00e6senteret tilbud for kunderne. For nylig fik han selv et, der var for godt at sige nej til.<\/p>\n<p>Derfor er Bjarne Smedegaard, k\u00f8bmand i L\u00f8vbjerg Nyk\u00f8bing, nu i gang med sin sidste m\u00e5ned i butikken. Fra 1. oktober er han i stedet driftsr\u00e5dgiver for de cirka 60 selvst\u00e6ndige butikker under Meny-k\u00e6den, hvor han f\u00e5r til opgave at r\u00e5dgive i retning af en optimeret drift.<\/p>\n<a class=\"dvrt-link\" onClick=\"cdmtrack_click(111725,jQuery(this));return false\" href=\"https:\/\/www.thistedforsikring.dk\/?utm_source=partnerskaber&amp;utm_campaign=kun_mors\"><img decoding=\"async\" style=\"width:100%;\" src=\"https:\/\/kunmedierne.dk\/mors\/wp-content\/uploads\/2024\/02\/269409KunMors-ThistedFor-1.png\"><\/a><script>cdmtrack_view(111725);<\/script>\n<p>Det har han meddelt sine medarbejdere p\u00e5 Vestergade i Nyk\u00f8bing, og det er \u00e5rsagen til, at KunMors fredag eftermiddag kigger forbi for at h\u00f8re mere om beslutningen.<\/p>\n<p>&#8211; Jeg blev ogs\u00e5 selv overrasket over den, indleder Bjarne Smedegaard med et stilf\u00e6rdigt grin &#8211; og en tilf\u00f8jelse:<\/p>\n<p>&#8211; Men jeg har v\u00e6ret her i 31 \u00e5r som chef, og pludselig dukkede der noget op, jeg ikke kunne lade v\u00e6re med at sige ja til.<\/p>\n<p>&nbsp;<\/p>\n<p><strong>Fra flaskedreng til butikschef<\/strong><\/p>\n<p>Bjarne Smedegaard er historien om teenageren, der begyndte som flaskedreng og siden arbejdede sig op.<\/p>\n<p>Det var i 1981, han m\u00f8dte p\u00e5 arbede f\u00f8rste gang. Det var dengang, L\u00f8vbjerg ogs\u00e5 havde et cafeteria, kunderne kunne bes\u00f8ge, n\u00e5r de foretog dagens handel. N\u00e5r de m\u00e5ske havde k\u00f8bt et halvt pund sm\u00f8r til 5,50 kroner eller en is til en krone.<\/p>\n<p>To \u00e5r senere, stadig som teenager, kom han i l\u00e6re butikken, hvor han var udl\u00e6rt i 1985. Og f\u00e5 \u00e5r senere var han p\u00e5 chefsporet med en rejse rundt omkring i Jylland.<\/p>\n<a class=\"dvrt-link\" onClick=\"cdmtrack_click(111725,jQuery(this));return false\" href=\"https:\/\/www.thistedforsikring.dk\/?utm_source=partnerskaber&amp;utm_campaign=kun_mors\"><img decoding=\"async\" style=\"width:100%;\" src=\"https:\/\/kunmedierne.dk\/mors\/wp-content\/uploads\/2024\/02\/269409KunMors-ThistedFor-1.png\"><\/a><script>cdmtrack_view(111725);<\/script>\n<p>I 1991 blev han butikschef for L\u00f8vbjerg i Aars. Tre \u00e5r senere hos Fav\u00f8r i Thisted, og han n\u00e5ede ogs\u00e5 et halvt \u00e5r hos L\u00f8vbjerg i Struer, inden muligheden opstod i Nyk\u00f8bing fra 1. januar 1996.<\/p>\n<p>S\u00e5 det er 30 \u00e5r uafbrudt p\u00e5 adressen &#8211; og 31 \u00e5r p\u00e5 stribe i L\u00f8vbjergs supermarkedsk\u00e6de &#8211; han s\u00e6tter punktum for, n\u00e5r september rinder ud.<\/p>\n<p>&#8211; Det er helt vildt at t\u00e6nke p\u00e5. Tiden er bare fl\u00f8jet, det er helt uhyggeligt, at der er g\u00e5et s\u00e5 lang tid, siger han.<\/p>\n<p>Det g\u00f8r han uden fortrydelse over, at det blev til tre \u00e5rtier som lokal k\u00f8bmand.<\/p>\n<p>&#8211; Det har virkelig v\u00e6ret en fantastisk tid, jeg har haft. Og det er en tid, jeg altid vil kigge tilbage p\u00e5 med gl\u00e6de, lyder det.<\/p>\n<p>&nbsp;<\/p>\n<p><strong>Kan n\u00e5 et kapitel mere\u00a0<\/strong><\/p>\n<p>Alligevel skulle et skifte alts\u00e5 ske. Bjarne Smedegaard, der fyldte 60 sidste \u00e5r, fort\u00e6ller, at han blev opfordret til at s\u00f8ge stillingen i Meny, og at aftalen faldt p\u00e5 plads s\u00e5 sent som i fredags.<\/p>\n<p>Det skete med ro i maven, efter at han havde gjort det hele op. Ikke mindst p\u00e5 grund af den kommende funktion som r\u00e5dgiver.<\/p>\n<a class=\"dvrt-link\" onClick=\"cdmtrack_click(104787,jQuery(this));return false\" href=\"https:\/\/www.jyskebank.dk\/kontakt\/afdelingsinfo?departmentid=11890\"><img decoding=\"async\" style=\"width:100%;\" src=\"https:\/\/kunmedierne.dk\/mors\/wp-content\/uploads\/2023\/10\/260325JyskeBankMorsNy-1.jpg\"><\/a><script>cdmtrack_view(104787);<\/script>\n<p>&#8211; Jeg har masser af energi i mig endnu, og jeg har masser af lyst til at besk\u00e6ftige mig med lige netop det. Da stillingsopslaget blev sendt til mig, kunne jeg s\u00e6tte hak ved det hele. Det er lige det, jeg br\u00e6nder for, siger han.<\/p>\n<p>Dermed ikke sagt, at det var nemt at gennemf\u00f8re overvejelserne om at sige farvel.<\/p>\n<p>&#8211; Helt \u00e6rligt: Det var da sv\u00e6rt og en stor beslutning. Men jeg t\u00e6nkte, at hvis det skulle v\u00e6re &#8211; og hvis jeg med min alder skulle pr\u00f8vet noget andet &#8211; var det alts\u00e5 nu. Og s\u00e5 ligger stillingen lige til mig, den er skr\u00e6ddersyet til mig.<\/p>\n<p>&nbsp;<\/p>\n<p><strong>Farvel til samtalerne<\/strong><\/p>\n<p>S\u00e5 nu venter en ny fremtid for k\u00f8bmanden, der blandt andet skal v\u00e6nne sig til at komme i L\u00f8vbjerg som kunde. At st\u00e5 i k\u00f8 som kunde. Og at spejde efter tilbud som kunde.<\/p>\n<a class=\"dvrt-link\" onClick=\"cdmtrack_click(104785,jQuery(this));return false\" href=\"https:\/\/www.facebook.com\/lyndrups\"><img decoding=\"async\" style=\"width:100%;\" src=\"https:\/\/kunmedierne.dk\/mors\/wp-content\/uploads\/2022\/02\/vip-lyndrups-rengoering.jpg\"><\/a><script>cdmtrack_view(104785);<\/script>\n<p>&#8211; Det bliver ogs\u00e5 m\u00e6rkeligt. Og jeg vil nok stadig komme til at hilse p\u00e5 rigtig mange, n\u00e5r jeg g\u00e5r herinde. Det har jeg ogs\u00e5 haft nogle tanker om, men det er klart, at jeg vil blive ved med at komme her, siger han og tilf\u00f8jer:<\/p>\n<p>&#8211; Der kommer sikkert ogs\u00e5 stadig nogen og sp\u00f8rger mig om noget.<\/p>\n<p>Det er nemlig en del af pr\u00e6missen ved at v\u00e6re k\u00f8bmand. Det er man b\u00e5de i uniform og civilt t\u00f8j. Bjarne Smedegaard er p\u00e5 fornavn med mange af kunderne i L\u00f8vbjerg, som i mange tilf\u00e6lde er vokset op med ham som k\u00f8bmand og har gennemf\u00f8rt et helt arbejdsliv ved efter fyraften at hente dagligvarer hos ham.<\/p>\n<a class=\"dvrt-link\" onClick=\"cdmtrack_click(104778,jQuery(this));return false\" href=\"https:\/\/vester-begr.dk\/?gclid=CjwKCAjw5Kv7BRBSEiwAXGDElQB6WMfm9CgYVrruty-I1gaOkTkC3mlA4QRDtYNsxYgVC8sNzAJ7WhoCmBsQAvD_BwE\"><img decoding=\"async\" style=\"width:100%;\" src=\"https:\/\/kunmedierne.dk\/mors\/wp-content\/uploads\/2023\/10\/260203VesterHoukaer-02022026.jpg\"><\/a><script>cdmtrack_view(104778);<\/script>\n<p>Derfor har han for l\u00e6ngst v\u00e6nnet sig til, at man ikke kan v\u00e6re k\u00f8bmand i et lokalomr\u00e5de som Mors uden at f\u00e5 samme rolle som fris\u00f8ren: At komme i snak med kunderne om meget andet end det, der st\u00e5r p\u00e5 hylderne.<\/p>\n<p>&#8211; Det er ogs\u00e5 det, der er det fede ved det, og det er jeg slet ikke i tvivl om, at jeg vil komme til at savne. Man kommer jo ogs\u00e5 til at miste lidt af forbindelsen til dem, man har g\u00e5et op af i mange \u00e5r. Det g\u00e6lder ogs\u00e5 kunder, som man deler mange historier med, siger Bjarne Smedegaard og tilf\u00f8jer &#8211; men stadig uden at fortryde:<\/p>\n<p>&#8211; Det bliver specielt.<\/p>\n","protected":false},"excerpt":{"rendered":"<p>HANDEL: I \u00e5rtier har han pr\u00e6senteret tilbud for kunderne. For nylig fik han selv et, der var for godt at sige nej til. Derfor er Bjarne Smedegaard, k\u00f8bmand i L\u00f8vbjerg Nyk\u00f8bing, nu i gang med sin sidste m\u00e5ned i butikken. Fra 1. oktober er han i stedet driftsr\u00e5dgiver for de cirka 60 selvst\u00e6ndige butikker under [&hellip;]<\/p>\n","protected":false},"author":8,"featured_media":0,"comment_status":"closed","ping_status":"closed","sticky":false,"template":"","format":"standard","meta":{"_acf_changed":false,"footnotes":""},"categories":[51],"tags":[160],"class_list":["post-181014","post","type-post","status-publish","format-standard","hentry","category-lokalt","tag-handel"],"acf":[],"yoast_head":"<!-- This site is optimized with the Yoast SEO plugin v27.7 - https:\/\/yoast.com\/product\/yoast-seo-wordpress\/ -->\n<title>Farvel til L\u00f8vbjerg: K\u00f8bmanden fik et tilbud, han ikke kunne sige nej til - Mors<\/title>\n<meta name=\"robots\" content=\"index, follow, max-snippet:-1, max-image-preview:large, max-video-preview:-1\" \/>\n<link rel=\"canonical\" href=\"https:\/\/kunmedierne.dk\/mors\/farvel-til-loevbjerg-koebmanden-fik-et-tilbud-han-ikke-kunne-sige-nej-til\/\" \/>\n<meta property=\"og:locale\" content=\"da_DK\" \/>\n<meta property=\"og:type\" content=\"article\" \/>\n<meta property=\"og:title\" content=\"Farvel til L\u00f8vbjerg: K\u00f8bmanden fik et tilbud, han ikke kunne sige nej til - Mors\" \/>\n<meta property=\"og:description\" content=\"HANDEL: I \u00e5rtier har han pr\u00e6senteret tilbud for kunderne. For nylig fik han selv et, der var for godt at sige nej til. Derfor er Bjarne Smedegaard, k\u00f8bmand i L\u00f8vbjerg Nyk\u00f8bing, nu i gang med sin sidste m\u00e5ned i butikken. Fra 1. oktober er han i stedet driftsr\u00e5dgiver for de cirka 60 selvst\u00e6ndige butikker under [&hellip;]\" \/>\n<meta property=\"og:url\" content=\"https:\/\/kunmedierne.dk\/mors\/farvel-til-loevbjerg-koebmanden-fik-et-tilbud-han-ikke-kunne-sige-nej-til\/\" \/>\n<meta property=\"og:site_name\" content=\"Mors\" \/>\n<meta property=\"article:published_time\" content=\"2026-09-04T14:47:02+00:00\" \/>\n<meta name=\"author\" content=\"David H\u00f8jmark\" \/>\n<meta name=\"twitter:card\" content=\"summary_large_image\" \/>\n<meta name=\"twitter:label1\" content=\"Skrevet af\" \/>\n\t<meta name=\"twitter:data1\" content=\"David H\u00f8jmark\" \/>\n\t<meta name=\"twitter:label2\" content=\"Estimeret l\u00e6setid\" \/>\n\t<meta name=\"twitter:data2\" content=\"5 minutter\" \/>\n<script type=\"application\/ld+json\" class=\"yoast-schema-graph\">{\"@context\":\"https:\\\/\\\/schema.org\",\"@graph\":[{\"@type\":\"Article\",\"@id\":\"https:\\\/\\\/kunmedierne.dk\\\/mors\\\/farvel-til-loevbjerg-koebmanden-fik-et-tilbud-han-ikke-kunne-sige-nej-til\\\/#article\",\"isPartOf\":{\"@id\":\"https:\\\/\\\/kunmedierne.dk\\\/mors\\\/farvel-til-loevbjerg-koebmanden-fik-et-tilbud-han-ikke-kunne-sige-nej-til\\\/\"},\"author\":{\"name\":\"David H\u00f8jmark\",\"@id\":\"https:\\\/\\\/kunmedierne.dk\\\/mors\\\/#\\\/schema\\\/person\\\/5fe23251bf1d0abbcdc6f7896579d548\"},\"headline\":\"Farvel til L\u00f8vbjerg: K\u00f8bmanden fik et tilbud, han ikke kunne sige nej til\",\"datePublished\":\"2026-09-04T14:47:02+00:00\",\"mainEntityOfPage\":{\"@id\":\"https:\\\/\\\/kunmedierne.dk\\\/mors\\\/farvel-til-loevbjerg-koebmanden-fik-et-tilbud-han-ikke-kunne-sige-nej-til\\\/\"},\"wordCount\":897,\"publisher\":{\"@id\":\"https:\\\/\\\/kunmedierne.dk\\\/mors\\\/#organization\"},\"keywords\":[\"Handel\"],\"articleSection\":[\"Lokalt\"],\"inLanguage\":\"da-DK\"},{\"@type\":\"WebPage\",\"@id\":\"https:\\\/\\\/kunmedierne.dk\\\/mors\\\/farvel-til-loevbjerg-koebmanden-fik-et-tilbud-han-ikke-kunne-sige-nej-til\\\/\",\"url\":\"https:\\\/\\\/kunmedierne.dk\\\/mors\\\/farvel-til-loevbjerg-koebmanden-fik-et-tilbud-han-ikke-kunne-sige-nej-til\\\/\",\"name\":\"Farvel til L\u00f8vbjerg: K\u00f8bmanden fik et tilbud, han ikke kunne sige nej til - Mors\",\"isPartOf\":{\"@id\":\"https:\\\/\\\/kunmedierne.dk\\\/mors\\\/#website\"},\"datePublished\":\"2026-09-04T14:47:02+00:00\",\"breadcrumb\":{\"@id\":\"https:\\\/\\\/kunmedierne.dk\\\/mors\\\/farvel-til-loevbjerg-koebmanden-fik-et-tilbud-han-ikke-kunne-sige-nej-til\\\/#breadcrumb\"},\"inLanguage\":\"da-DK\",\"potentialAction\":[{\"@type\":\"ReadAction\",\"target\":[\"https:\\\/\\\/kunmedierne.dk\\\/mors\\\/farvel-til-loevbjerg-koebmanden-fik-et-tilbud-han-ikke-kunne-sige-nej-til\\\/\"]}]},{\"@type\":\"BreadcrumbList\",\"@id\":\"https:\\\/\\\/kunmedierne.dk\\\/mors\\\/farvel-til-loevbjerg-koebmanden-fik-et-tilbud-han-ikke-kunne-sige-nej-til\\\/#breadcrumb\",\"itemListElement\":[{\"@type\":\"ListItem\",\"position\":1,\"name\":\"Hjem\",\"item\":\"https:\\\/\\\/kunmedierne.dk\\\/mors\\\/\"},{\"@type\":\"ListItem\",\"position\":2,\"name\":\"Farvel til L\u00f8vbjerg: K\u00f8bmanden fik et tilbud, han ikke kunne sige nej til\"}]},{\"@type\":\"WebSite\",\"@id\":\"https:\\\/\\\/kunmedierne.dk\\\/mors\\\/#website\",\"url\":\"https:\\\/\\\/kunmedierne.dk\\\/mors\\\/\",\"name\":\"Mors\",\"description\":\"et netmedie med journalistik om livet p\u00e5 Mors\",\"publisher\":{\"@id\":\"https:\\\/\\\/kunmedierne.dk\\\/mors\\\/#organization\"},\"potentialAction\":[{\"@type\":\"SearchAction\",\"target\":{\"@type\":\"EntryPoint\",\"urlTemplate\":\"https:\\\/\\\/kunmedierne.dk\\\/mors\\\/?s={search_term_string}\"},\"query-input\":{\"@type\":\"PropertyValueSpecification\",\"valueRequired\":true,\"valueName\":\"search_term_string\"}}],\"inLanguage\":\"da-DK\"},{\"@type\":\"Organization\",\"@id\":\"https:\\\/\\\/kunmedierne.dk\\\/mors\\\/#organization\",\"name\":\"Mors\",\"url\":\"https:\\\/\\\/kunmedierne.dk\\\/mors\\\/\",\"logo\":{\"@type\":\"ImageObject\",\"inLanguage\":\"da-DK\",\"@id\":\"https:\\\/\\\/kunmedierne.dk\\\/mors\\\/#\\\/schema\\\/logo\\\/image\\\/\",\"url\":\"https:\\\/\\\/kunmedierne.dk\\\/mors\\\/wp-content\\\/uploads\\\/2024\\\/08\\\/kunmors-logo.svg\",\"contentUrl\":\"https:\\\/\\\/kunmedierne.dk\\\/mors\\\/wp-content\\\/uploads\\\/2024\\\/08\\\/kunmors-logo.svg\",\"caption\":\"Mors\"},\"image\":{\"@id\":\"https:\\\/\\\/kunmedierne.dk\\\/mors\\\/#\\\/schema\\\/logo\\\/image\\\/\"}},{\"@type\":\"Person\",\"@id\":\"https:\\\/\\\/kunmedierne.dk\\\/mors\\\/#\\\/schema\\\/person\\\/5fe23251bf1d0abbcdc6f7896579d548\",\"name\":\"David H\u00f8jmark\",\"image\":{\"@type\":\"ImageObject\",\"inLanguage\":\"da-DK\",\"@id\":\"https:\\\/\\\/secure.gravatar.com\\\/avatar\\\/4315d6fb9ef244d729989f5f90268eb08d5bf8a3d84402f595fa194bb35784fd?s=96&d=mm&r=g\",\"url\":\"https:\\\/\\\/secure.gravatar.com\\\/avatar\\\/4315d6fb9ef244d729989f5f90268eb08d5bf8a3d84402f595fa194bb35784fd?s=96&d=mm&r=g\",\"contentUrl\":\"https:\\\/\\\/secure.gravatar.com\\\/avatar\\\/4315d6fb9ef244d729989f5f90268eb08d5bf8a3d84402f595fa194bb35784fd?s=96&d=mm&r=g\",\"caption\":\"David H\u00f8jmark\"},\"sameAs\":[\"https:\\\/\\\/www.kunmedierne.dk\"],\"url\":\"https:\\\/\\\/kunmedierne.dk\\\/mors\\\/author\\\/david\\\/\"}]}<\/script>\n<!-- \/ Yoast SEO plugin. -->","yoast_head_json":{"title":"Farvel til L\u00f8vbjerg: K\u00f8bmanden fik et tilbud, han ikke kunne sige nej til - Mors","robots":{"index":"index","follow":"follow","max-snippet":"max-snippet:-1","max-image-preview":"max-image-preview:large","max-video-preview":"max-video-preview:-1"},"canonical":"https:\/\/kunmedierne.dk\/mors\/farvel-til-loevbjerg-koebmanden-fik-et-tilbud-han-ikke-kunne-sige-nej-til\/","og_locale":"da_DK","og_type":"article","og_title":"Farvel til L\u00f8vbjerg: K\u00f8bmanden fik et tilbud, han ikke kunne sige nej til - Mors","og_description":"HANDEL: I \u00e5rtier har han pr\u00e6senteret tilbud for kunderne. For nylig fik han selv et, der var for godt at sige nej til. Derfor er Bjarne Smedegaard, k\u00f8bmand i L\u00f8vbjerg Nyk\u00f8bing, nu i gang med sin sidste m\u00e5ned i butikken. Fra 1. oktober er han i stedet driftsr\u00e5dgiver for de cirka 60 selvst\u00e6ndige butikker under [&hellip;]","og_url":"https:\/\/kunmedierne.dk\/mors\/farvel-til-loevbjerg-koebmanden-fik-et-tilbud-han-ikke-kunne-sige-nej-til\/","og_site_name":"Mors","article_published_time":"2026-09-04T14:47:02+00:00","author":"David H\u00f8jmark","twitter_card":"summary_large_image","twitter_misc":{"Skrevet af":"David H\u00f8jmark","Estimeret l\u00e6setid":"5 minutter"},"schema":{"@context":"https:\/\/schema.org","@graph":[{"@type":"Article","@id":"https:\/\/kunmedierne.dk\/mors\/farvel-til-loevbjerg-koebmanden-fik-et-tilbud-han-ikke-kunne-sige-nej-til\/#article","isPartOf":{"@id":"https:\/\/kunmedierne.dk\/mors\/farvel-til-loevbjerg-koebmanden-fik-et-tilbud-han-ikke-kunne-sige-nej-til\/"},"author":{"name":"David H\u00f8jmark","@id":"https:\/\/kunmedierne.dk\/mors\/#\/schema\/person\/5fe23251bf1d0abbcdc6f7896579d548"},"headline":"Farvel til L\u00f8vbjerg: K\u00f8bmanden fik et tilbud, han ikke kunne sige nej til","datePublished":"2026-09-04T14:47:02+00:00","mainEntityOfPage":{"@id":"https:\/\/kunmedierne.dk\/mors\/farvel-til-loevbjerg-koebmanden-fik-et-tilbud-han-ikke-kunne-sige-nej-til\/"},"wordCount":897,"publisher":{"@id":"https:\/\/kunmedierne.dk\/mors\/#organization"},"keywords":["Handel"],"articleSection":["Lokalt"],"inLanguage":"da-DK"},{"@type":"WebPage","@id":"https:\/\/kunmedierne.dk\/mors\/farvel-til-loevbjerg-koebmanden-fik-et-tilbud-han-ikke-kunne-sige-nej-til\/","url":"https:\/\/kunmedierne.dk\/mors\/farvel-til-loevbjerg-koebmanden-fik-et-tilbud-han-ikke-kunne-sige-nej-til\/","name":"Farvel til L\u00f8vbjerg: K\u00f8bmanden fik et tilbud, han ikke kunne sige nej til - Mors","isPartOf":{"@id":"https:\/\/kunmedierne.dk\/mors\/#website"},"datePublished":"2026-09-04T14:47:02+00:00","breadcrumb":{"@id":"https:\/\/kunmedierne.dk\/mors\/farvel-til-loevbjerg-koebmanden-fik-et-tilbud-han-ikke-kunne-sige-nej-til\/#breadcrumb"},"inLanguage":"da-DK","potentialAction":[{"@type":"ReadAction","target":["https:\/\/kunmedierne.dk\/mors\/farvel-til-loevbjerg-koebmanden-fik-et-tilbud-han-ikke-kunne-sige-nej-til\/"]}]},{"@type":"BreadcrumbList","@id":"https:\/\/kunmedierne.dk\/mors\/farvel-til-loevbjerg-koebmanden-fik-et-tilbud-han-ikke-kunne-sige-nej-til\/#breadcrumb","itemListElement":[{"@type":"ListItem","position":1,"name":"Hjem","item":"https:\/\/kunmedierne.dk\/mors\/"},{"@type":"ListItem","position":2,"name":"Farvel til L\u00f8vbjerg: K\u00f8bmanden fik et tilbud, han ikke kunne sige nej til"}]},{"@type":"WebSite","@id":"https:\/\/kunmedierne.dk\/mors\/#website","url":"https:\/\/kunmedierne.dk\/mors\/","name":"Mors","description":"et netmedie med journalistik om livet p\u00e5 Mors","publisher":{"@id":"https:\/\/kunmedierne.dk\/mors\/#organization"},"potentialAction":[{"@type":"SearchAction","target":{"@type":"EntryPoint","urlTemplate":"https:\/\/kunmedierne.dk\/mors\/?s={search_term_string}"},"query-input":{"@type":"PropertyValueSpecification","valueRequired":true,"valueName":"search_term_string"}}],"inLanguage":"da-DK"},{"@type":"Organization","@id":"https:\/\/kunmedierne.dk\/mors\/#organization","name":"Mors","url":"https:\/\/kunmedierne.dk\/mors\/","logo":{"@type":"ImageObject","inLanguage":"da-DK","@id":"https:\/\/kunmedierne.dk\/mors\/#\/schema\/logo\/image\/","url":"https:\/\/kunmedierne.dk\/mors\/wp-content\/uploads\/2024\/08\/kunmors-logo.svg","contentUrl":"https:\/\/kunmedierne.dk\/mors\/wp-content\/uploads\/2024\/08\/kunmors-logo.svg","caption":"Mors"},"image":{"@id":"https:\/\/kunmedierne.dk\/mors\/#\/schema\/logo\/image\/"}},{"@type":"Person","@id":"https:\/\/kunmedierne.dk\/mors\/#\/schema\/person\/5fe23251bf1d0abbcdc6f7896579d548","name":"David H\u00f8jmark","image":{"@type":"ImageObject","inLanguage":"da-DK","@id":"https:\/\/secure.gravatar.com\/avatar\/4315d6fb9ef244d729989f5f90268eb08d5bf8a3d84402f595fa194bb35784fd?s=96&d=mm&r=g","url":"https:\/\/secure.gravatar.com\/avatar\/4315d6fb9ef244d729989f5f90268eb08d5bf8a3d84402f595fa194bb35784fd?s=96&d=mm&r=g","contentUrl":"https:\/\/secure.gravatar.com\/avatar\/4315d6fb9ef244d729989f5f90268eb08d5bf8a3d84402f595fa194bb35784fd?s=96&d=mm&r=g","caption":"David H\u00f8jmark"},"sameAs":["https:\/\/www.kunmedierne.dk"],"url":"https:\/\/kunmedierne.dk\/mors\/author\/david\/"}]}},"_links":{"self":[{"href":"https:\/\/kunmedierne.dk\/mors\/wp-json\/wp\/v2\/posts\/181014","targetHints":{"allow":["GET"]}}],"collection":[{"href":"https:\/\/kunmedierne.dk\/mors\/wp-json\/wp\/v2\/posts"}],"about":[{"href":"https:\/\/kunmedierne.dk\/mors\/wp-json\/wp\/v2\/types\/post"}],"author":[{"embeddable":true,"href":"https:\/\/kunmedierne.dk\/mors\/wp-json\/wp\/v2\/users\/8"}],"replies":[{"embeddable":true,"href":"https:\/\/kunmedierne.dk\/mors\/wp-json\/wp\/v2\/comments?post=181014"}],"version-history":[{"count":2,"href":"https:\/\/kunmedierne.dk\/mors\/wp-json\/wp\/v2\/posts\/181014\/revisions"}],"predecessor-version":[{"id":181026,"href":"https:\/\/kunmedierne.dk\/mors\/wp-json\/wp\/v2\/posts\/181014\/revisions\/181026"}],"wp:attachment":[{"href":"https:\/\/kunmedierne.dk\/mors\/wp-json\/wp\/v2\/media?parent=181014"}],"wp:term":[{"taxonomy":"category","embeddable":true,"href":"https:\/\/kunmedierne.dk\/mors\/wp-json\/wp\/v2\/categories?post=181014"},{"taxonomy":"post_tag","embeddable":true,"href":"https:\/\/kunmedierne.dk\/mors\/wp-json\/wp\/v2\/tags?post=181014"}],"curies":[{"name":"wp","href":"https:\/\/api.w.org\/{rel}","templated":true}]}}