{"id":180976,"date":"2026-09-04T10:23:27","date_gmt":"2026-09-04T08:23:27","guid":{"rendered":"https:\/\/kunmedierne.dk\/mors\/?p=180976"},"modified":"2026-09-04T10:23:27","modified_gmt":"2026-09-04T08:23:27","slug":"laeserbrev-vaelger-man-at-gaa-centraliseringsvejen-saa-imoedekommer-man-laegerne-og-svigter-patienterne","status":"publish","type":"post","link":"https:\/\/kunmedierne.dk\/mors\/laeserbrev-vaelger-man-at-gaa-centraliseringsvejen-saa-imoedekommer-man-laegerne-og-svigter-patienterne\/","title":{"rendered":"<span>L\u00e6serbrev: <\/span> V\u00e6lger man at g\u00e5 centraliseringsvejen, s\u00e5 im\u00f8dekommer man l\u00e6gerne og svigter patienterne"},"content":{"rendered":"<p><strong>DEBAT:<\/strong> Den sundhedsreform, der lige nu er ved at blive rullet ud, er bl.a. sat i verden for at sikre, at der bliver kortere afstand til l\u00e6gen for borgerne i tyndt befolkede omr\u00e5der. Hvis man lukker N8, g\u00e5r man i den direkte modsatte retning. Nogle borgere vil f\u00e5 over 100 km til psykiatrisk behandling.<\/p>\n<p>Det er en kendt sag, at det er meget vigtigt for patienters bedst mulige behandlingsforl\u00f8b og hurtigere helbredelse, at deres p\u00e5r\u00f8rende er der for dem under sygdom og behandling. Det bliver meget vanskeligt med de afstande, der vil opst\u00e5 for borgere fra den vestlige del af Region Nordjylland, hvis de bliver henvist til behandling i Br\u00f8nderslev.<\/p>\n<a class=\"dvrt-link\" onClick=\"cdmtrack_click(111725,jQuery(this));return false\" href=\"https:\/\/www.thistedforsikring.dk\/?utm_source=partnerskaber&amp;utm_campaign=kun_mors\"><img decoding=\"async\" style=\"width:100%;\" src=\"https:\/\/kunmedierne.dk\/mors\/wp-content\/uploads\/2024\/02\/269409KunMors-ThistedFor-1.png\"><\/a><script>cdmtrack_view(111725);<\/script>\n<p>Kommunerne i den vestlige del af Region Nordjylland er de kommuner i regionen, der har relativt flest borgere med en psykiatrisk diagnose. Omkring 5% af alle voksne i Thy og Mors har s\u00e5ledes en psykiatrisk diagnose. Ved en lukning af N8 svigter man de borgere, som har allermest brug for behandling og s\u00e6tter dem i en endnu v\u00e6rre situation.<\/p>\n<p>&nbsp;<\/p>\n<p><strong>L\u00e6gerne vinder og patienterne taber ved denne centralisering af psykiatrien.<\/strong><\/p>\n<p>Hvis man v\u00e6lger at s\u00f8ge og l\u00f8se situationen med akut mangel p\u00e5 psykiatere ved at centralisere behandling af psykisk syge, s\u00e5 fors\u00f8ger man at l\u00f8se en aktuel udfordring med fortidens metoder. Der findes i dag andre og meget bedre l\u00f8sningsmuligheder. Man b\u00f8r unders\u00f8ge muligheden for i st\u00f8rre omfang at anvende digitale l\u00f8sninger p\u00e5 det psykiatriske omr\u00e5de og se mulighederne for et \u00f8get samarbejde mellem kommunerne og regionen om at l\u00f8se udfordringen, man lige nu st\u00e5r med. V\u00e6lger man at g\u00e5 centraliseringsvejen, s\u00e5 im\u00f8dekommer man l\u00e6gerne og svigter patienterne.<\/p>\n<p>&nbsp;<\/p>\n<p><strong>Hold fast p\u00e5 dygtigt og erfarent personale.<\/strong><\/p>\n<p>Ved en lukning af alle psykiatriske senge p\u00e5 N8 vil der v\u00e6re stor risiko for, at erfarne psykiatriske medarbejdere p\u00e5 afdelingen s\u00f8ger andre steder hen, hvor de kan bruge deres faglige viden og kompetencer. Der er ikke tid til at presse erfarne og dygtige medarbejdere v\u00e6k fra vores omr\u00e5de &#8211; tv\u00e6rtimod.<\/p>\n<a class=\"dvrt-link\" onClick=\"cdmtrack_click(104785,jQuery(this));return false\" href=\"https:\/\/www.facebook.com\/lyndrups\"><img decoding=\"async\" style=\"width:100%;\" src=\"https:\/\/kunmedierne.dk\/mors\/wp-content\/uploads\/2022\/02\/vip-lyndrups-rengoering.jpg\"><\/a><script>cdmtrack_view(104785);<\/script>\n<p>Det har ALLE borgerne i HELE Region Nordjylland brug for at v\u00e6re, hvis de f\u00e5r brug for l\u00e6gehj\u00e6lp. Ikke mindst psykisk syge har brug for dette. De er nogle af de mest s\u00e5rbare. Dem skal der v\u00e6re h\u00e6nder i n\u00e6rheden, der griber, n\u00e5r der brug for det.<\/p>\n<p>Det er s\u00e5 nemt at sidde bag et skrivebord og sige, vi g\u00f8r bare s\u00e5dan, s\u00e5 sparer vi penge.<\/p>\n<p>&#8211; Seniorr\u00e5det p\u00e5 Mors<\/p>\n","protected":false},"excerpt":{"rendered":"<p>DEBAT: Den sundhedsreform, der lige nu er ved at blive rullet ud, er bl.a. sat i verden for at sikre, at der bliver kortere afstand til l\u00e6gen for borgerne i tyndt befolkede omr\u00e5der. Hvis man lukker N8, g\u00e5r man i den direkte modsatte retning. Nogle borgere vil f\u00e5 over 100 km til psykiatrisk behandling. Det [&hellip;]<\/p>\n","protected":false},"author":11,"featured_media":0,"comment_status":"closed","ping_status":"closed","sticky":false,"template":"","format":"standard","meta":{"_acf_changed":false,"footnotes":""},"categories":[56,51],"tags":[],"class_list":["post-180976","post","type-post","status-publish","format-standard","hentry","category-debat","category-lokalt"],"acf":[],"yoast_head":"<!-- This site is optimized with the Yoast SEO plugin v27.7 - https:\/\/yoast.com\/product\/yoast-seo-wordpress\/ -->\n<title>L\u00e6serbrev:  V\u00e6lger man at g\u00e5 centraliseringsvejen, s\u00e5 im\u00f8dekommer man l\u00e6gerne og svigter patienterne - Mors<\/title>\n<meta name=\"robots\" content=\"index, follow, max-snippet:-1, max-image-preview:large, max-video-preview:-1\" \/>\n<link rel=\"canonical\" href=\"https:\/\/kunmedierne.dk\/mors\/laeserbrev-vaelger-man-at-gaa-centraliseringsvejen-saa-imoedekommer-man-laegerne-og-svigter-patienterne\/\" \/>\n<meta property=\"og:locale\" content=\"da_DK\" \/>\n<meta property=\"og:type\" content=\"article\" \/>\n<meta property=\"og:title\" content=\"L\u00e6serbrev:  V\u00e6lger man at g\u00e5 centraliseringsvejen, s\u00e5 im\u00f8dekommer man l\u00e6gerne og svigter patienterne - Mors\" \/>\n<meta property=\"og:description\" content=\"DEBAT: Den sundhedsreform, der lige nu er ved at blive rullet ud, er bl.a. sat i verden for at sikre, at der bliver kortere afstand til l\u00e6gen for borgerne i tyndt befolkede omr\u00e5der. Hvis man lukker N8, g\u00e5r man i den direkte modsatte retning. Nogle borgere vil f\u00e5 over 100 km til psykiatrisk behandling. Det [&hellip;]\" \/>\n<meta property=\"og:url\" content=\"https:\/\/kunmedierne.dk\/mors\/laeserbrev-vaelger-man-at-gaa-centraliseringsvejen-saa-imoedekommer-man-laegerne-og-svigter-patienterne\/\" \/>\n<meta property=\"og:site_name\" content=\"Mors\" \/>\n<meta property=\"article:published_time\" content=\"2026-09-04T08:23:27+00:00\" \/>\n<meta name=\"author\" content=\"Debat\" \/>\n<meta name=\"twitter:card\" content=\"summary_large_image\" \/>\n<meta name=\"twitter:label1\" content=\"Skrevet af\" \/>\n\t<meta name=\"twitter:data1\" content=\"Debat\" \/>\n\t<meta name=\"twitter:label2\" content=\"Estimeret l\u00e6setid\" \/>\n\t<meta name=\"twitter:data2\" content=\"3 minutter\" \/>\n<script type=\"application\/ld+json\" class=\"yoast-schema-graph\">{\"@context\":\"https:\\\/\\\/schema.org\",\"@graph\":[{\"@type\":\"Article\",\"@id\":\"https:\\\/\\\/kunmedierne.dk\\\/mors\\\/laeserbrev-vaelger-man-at-gaa-centraliseringsvejen-saa-imoedekommer-man-laegerne-og-svigter-patienterne\\\/#article\",\"isPartOf\":{\"@id\":\"https:\\\/\\\/kunmedierne.dk\\\/mors\\\/laeserbrev-vaelger-man-at-gaa-centraliseringsvejen-saa-imoedekommer-man-laegerne-og-svigter-patienterne\\\/\"},\"author\":{\"name\":\"Debat\",\"@id\":\"https:\\\/\\\/kunmedierne.dk\\\/mors\\\/#\\\/schema\\\/person\\\/84c1391bce0b43b9bb3a49736bc0ad78\"},\"headline\":\"L\u00e6serbrev: V\u00e6lger man at g\u00e5 centraliseringsvejen, s\u00e5 im\u00f8dekommer man l\u00e6gerne og svigter patienterne\",\"datePublished\":\"2026-09-04T08:23:27+00:00\",\"mainEntityOfPage\":{\"@id\":\"https:\\\/\\\/kunmedierne.dk\\\/mors\\\/laeserbrev-vaelger-man-at-gaa-centraliseringsvejen-saa-imoedekommer-man-laegerne-og-svigter-patienterne\\\/\"},\"wordCount\":461,\"publisher\":{\"@id\":\"https:\\\/\\\/kunmedierne.dk\\\/mors\\\/#organization\"},\"articleSection\":[\"Debat\",\"Lokalt\"],\"inLanguage\":\"da-DK\"},{\"@type\":\"WebPage\",\"@id\":\"https:\\\/\\\/kunmedierne.dk\\\/mors\\\/laeserbrev-vaelger-man-at-gaa-centraliseringsvejen-saa-imoedekommer-man-laegerne-og-svigter-patienterne\\\/\",\"url\":\"https:\\\/\\\/kunmedierne.dk\\\/mors\\\/laeserbrev-vaelger-man-at-gaa-centraliseringsvejen-saa-imoedekommer-man-laegerne-og-svigter-patienterne\\\/\",\"name\":\"L\u00e6serbrev: V\u00e6lger man at g\u00e5 centraliseringsvejen, s\u00e5 im\u00f8dekommer man l\u00e6gerne og svigter patienterne - Mors\",\"isPartOf\":{\"@id\":\"https:\\\/\\\/kunmedierne.dk\\\/mors\\\/#website\"},\"datePublished\":\"2026-09-04T08:23:27+00:00\",\"breadcrumb\":{\"@id\":\"https:\\\/\\\/kunmedierne.dk\\\/mors\\\/laeserbrev-vaelger-man-at-gaa-centraliseringsvejen-saa-imoedekommer-man-laegerne-og-svigter-patienterne\\\/#breadcrumb\"},\"inLanguage\":\"da-DK\",\"potentialAction\":[{\"@type\":\"ReadAction\",\"target\":[\"https:\\\/\\\/kunmedierne.dk\\\/mors\\\/laeserbrev-vaelger-man-at-gaa-centraliseringsvejen-saa-imoedekommer-man-laegerne-og-svigter-patienterne\\\/\"]}]},{\"@type\":\"BreadcrumbList\",\"@id\":\"https:\\\/\\\/kunmedierne.dk\\\/mors\\\/laeserbrev-vaelger-man-at-gaa-centraliseringsvejen-saa-imoedekommer-man-laegerne-og-svigter-patienterne\\\/#breadcrumb\",\"itemListElement\":[{\"@type\":\"ListItem\",\"position\":1,\"name\":\"Hjem\",\"item\":\"https:\\\/\\\/kunmedierne.dk\\\/mors\\\/\"},{\"@type\":\"ListItem\",\"position\":2,\"name\":\"L\u00e6serbrev: V\u00e6lger man at g\u00e5 centraliseringsvejen, s\u00e5 im\u00f8dekommer man l\u00e6gerne og svigter patienterne\"}]},{\"@type\":\"WebSite\",\"@id\":\"https:\\\/\\\/kunmedierne.dk\\\/mors\\\/#website\",\"url\":\"https:\\\/\\\/kunmedierne.dk\\\/mors\\\/\",\"name\":\"Mors\",\"description\":\"et netmedie med journalistik om livet p\u00e5 Mors\",\"publisher\":{\"@id\":\"https:\\\/\\\/kunmedierne.dk\\\/mors\\\/#organization\"},\"potentialAction\":[{\"@type\":\"SearchAction\",\"target\":{\"@type\":\"EntryPoint\",\"urlTemplate\":\"https:\\\/\\\/kunmedierne.dk\\\/mors\\\/?s={search_term_string}\"},\"query-input\":{\"@type\":\"PropertyValueSpecification\",\"valueRequired\":true,\"valueName\":\"search_term_string\"}}],\"inLanguage\":\"da-DK\"},{\"@type\":\"Organization\",\"@id\":\"https:\\\/\\\/kunmedierne.dk\\\/mors\\\/#organization\",\"name\":\"Mors\",\"url\":\"https:\\\/\\\/kunmedierne.dk\\\/mors\\\/\",\"logo\":{\"@type\":\"ImageObject\",\"inLanguage\":\"da-DK\",\"@id\":\"https:\\\/\\\/kunmedierne.dk\\\/mors\\\/#\\\/schema\\\/logo\\\/image\\\/\",\"url\":\"https:\\\/\\\/kunmedierne.dk\\\/mors\\\/wp-content\\\/uploads\\\/2024\\\/08\\\/kunmors-logo.svg\",\"contentUrl\":\"https:\\\/\\\/kunmedierne.dk\\\/mors\\\/wp-content\\\/uploads\\\/2024\\\/08\\\/kunmors-logo.svg\",\"caption\":\"Mors\"},\"image\":{\"@id\":\"https:\\\/\\\/kunmedierne.dk\\\/mors\\\/#\\\/schema\\\/logo\\\/image\\\/\"}},{\"@type\":\"Person\",\"@id\":\"https:\\\/\\\/kunmedierne.dk\\\/mors\\\/#\\\/schema\\\/person\\\/84c1391bce0b43b9bb3a49736bc0ad78\",\"name\":\"Debat\",\"image\":{\"@type\":\"ImageObject\",\"inLanguage\":\"da-DK\",\"@id\":\"https:\\\/\\\/secure.gravatar.com\\\/avatar\\\/b0fb2e221d618f7c65162ab0d49c7e8a0b580c871ca03af90e42b47b4150654c?s=96&d=mm&r=g\",\"url\":\"https:\\\/\\\/secure.gravatar.com\\\/avatar\\\/b0fb2e221d618f7c65162ab0d49c7e8a0b580c871ca03af90e42b47b4150654c?s=96&d=mm&r=g\",\"contentUrl\":\"https:\\\/\\\/secure.gravatar.com\\\/avatar\\\/b0fb2e221d618f7c65162ab0d49c7e8a0b580c871ca03af90e42b47b4150654c?s=96&d=mm&r=g\",\"caption\":\"Debat\"},\"url\":\"https:\\\/\\\/kunmedierne.dk\\\/mors\\\/author\\\/debat\\\/\"}]}<\/script>\n<!-- \/ Yoast SEO plugin. -->","yoast_head_json":{"title":"L\u00e6serbrev:  V\u00e6lger man at g\u00e5 centraliseringsvejen, s\u00e5 im\u00f8dekommer man l\u00e6gerne og svigter patienterne - Mors","robots":{"index":"index","follow":"follow","max-snippet":"max-snippet:-1","max-image-preview":"max-image-preview:large","max-video-preview":"max-video-preview:-1"},"canonical":"https:\/\/kunmedierne.dk\/mors\/laeserbrev-vaelger-man-at-gaa-centraliseringsvejen-saa-imoedekommer-man-laegerne-og-svigter-patienterne\/","og_locale":"da_DK","og_type":"article","og_title":"L\u00e6serbrev:  V\u00e6lger man at g\u00e5 centraliseringsvejen, s\u00e5 im\u00f8dekommer man l\u00e6gerne og svigter patienterne - Mors","og_description":"DEBAT: Den sundhedsreform, der lige nu er ved at blive rullet ud, er bl.a. sat i verden for at sikre, at der bliver kortere afstand til l\u00e6gen for borgerne i tyndt befolkede omr\u00e5der. Hvis man lukker N8, g\u00e5r man i den direkte modsatte retning. Nogle borgere vil f\u00e5 over 100 km til psykiatrisk behandling. Det [&hellip;]","og_url":"https:\/\/kunmedierne.dk\/mors\/laeserbrev-vaelger-man-at-gaa-centraliseringsvejen-saa-imoedekommer-man-laegerne-og-svigter-patienterne\/","og_site_name":"Mors","article_published_time":"2026-09-04T08:23:27+00:00","author":"Debat","twitter_card":"summary_large_image","twitter_misc":{"Skrevet af":"Debat","Estimeret l\u00e6setid":"3 minutter"},"schema":{"@context":"https:\/\/schema.org","@graph":[{"@type":"Article","@id":"https:\/\/kunmedierne.dk\/mors\/laeserbrev-vaelger-man-at-gaa-centraliseringsvejen-saa-imoedekommer-man-laegerne-og-svigter-patienterne\/#article","isPartOf":{"@id":"https:\/\/kunmedierne.dk\/mors\/laeserbrev-vaelger-man-at-gaa-centraliseringsvejen-saa-imoedekommer-man-laegerne-og-svigter-patienterne\/"},"author":{"name":"Debat","@id":"https:\/\/kunmedierne.dk\/mors\/#\/schema\/person\/84c1391bce0b43b9bb3a49736bc0ad78"},"headline":"L\u00e6serbrev: V\u00e6lger man at g\u00e5 centraliseringsvejen, s\u00e5 im\u00f8dekommer man l\u00e6gerne og svigter patienterne","datePublished":"2026-09-04T08:23:27+00:00","mainEntityOfPage":{"@id":"https:\/\/kunmedierne.dk\/mors\/laeserbrev-vaelger-man-at-gaa-centraliseringsvejen-saa-imoedekommer-man-laegerne-og-svigter-patienterne\/"},"wordCount":461,"publisher":{"@id":"https:\/\/kunmedierne.dk\/mors\/#organization"},"articleSection":["Debat","Lokalt"],"inLanguage":"da-DK"},{"@type":"WebPage","@id":"https:\/\/kunmedierne.dk\/mors\/laeserbrev-vaelger-man-at-gaa-centraliseringsvejen-saa-imoedekommer-man-laegerne-og-svigter-patienterne\/","url":"https:\/\/kunmedierne.dk\/mors\/laeserbrev-vaelger-man-at-gaa-centraliseringsvejen-saa-imoedekommer-man-laegerne-og-svigter-patienterne\/","name":"L\u00e6serbrev: V\u00e6lger man at g\u00e5 centraliseringsvejen, s\u00e5 im\u00f8dekommer man l\u00e6gerne og svigter patienterne - Mors","isPartOf":{"@id":"https:\/\/kunmedierne.dk\/mors\/#website"},"datePublished":"2026-09-04T08:23:27+00:00","breadcrumb":{"@id":"https:\/\/kunmedierne.dk\/mors\/laeserbrev-vaelger-man-at-gaa-centraliseringsvejen-saa-imoedekommer-man-laegerne-og-svigter-patienterne\/#breadcrumb"},"inLanguage":"da-DK","potentialAction":[{"@type":"ReadAction","target":["https:\/\/kunmedierne.dk\/mors\/laeserbrev-vaelger-man-at-gaa-centraliseringsvejen-saa-imoedekommer-man-laegerne-og-svigter-patienterne\/"]}]},{"@type":"BreadcrumbList","@id":"https:\/\/kunmedierne.dk\/mors\/laeserbrev-vaelger-man-at-gaa-centraliseringsvejen-saa-imoedekommer-man-laegerne-og-svigter-patienterne\/#breadcrumb","itemListElement":[{"@type":"ListItem","position":1,"name":"Hjem","item":"https:\/\/kunmedierne.dk\/mors\/"},{"@type":"ListItem","position":2,"name":"L\u00e6serbrev: V\u00e6lger man at g\u00e5 centraliseringsvejen, s\u00e5 im\u00f8dekommer man l\u00e6gerne og svigter patienterne"}]},{"@type":"WebSite","@id":"https:\/\/kunmedierne.dk\/mors\/#website","url":"https:\/\/kunmedierne.dk\/mors\/","name":"Mors","description":"et netmedie med journalistik om livet p\u00e5 Mors","publisher":{"@id":"https:\/\/kunmedierne.dk\/mors\/#organization"},"potentialAction":[{"@type":"SearchAction","target":{"@type":"EntryPoint","urlTemplate":"https:\/\/kunmedierne.dk\/mors\/?s={search_term_string}"},"query-input":{"@type":"PropertyValueSpecification","valueRequired":true,"valueName":"search_term_string"}}],"inLanguage":"da-DK"},{"@type":"Organization","@id":"https:\/\/kunmedierne.dk\/mors\/#organization","name":"Mors","url":"https:\/\/kunmedierne.dk\/mors\/","logo":{"@type":"ImageObject","inLanguage":"da-DK","@id":"https:\/\/kunmedierne.dk\/mors\/#\/schema\/logo\/image\/","url":"https:\/\/kunmedierne.dk\/mors\/wp-content\/uploads\/2024\/08\/kunmors-logo.svg","contentUrl":"https:\/\/kunmedierne.dk\/mors\/wp-content\/uploads\/2024\/08\/kunmors-logo.svg","caption":"Mors"},"image":{"@id":"https:\/\/kunmedierne.dk\/mors\/#\/schema\/logo\/image\/"}},{"@type":"Person","@id":"https:\/\/kunmedierne.dk\/mors\/#\/schema\/person\/84c1391bce0b43b9bb3a49736bc0ad78","name":"Debat","image":{"@type":"ImageObject","inLanguage":"da-DK","@id":"https:\/\/secure.gravatar.com\/avatar\/b0fb2e221d618f7c65162ab0d49c7e8a0b580c871ca03af90e42b47b4150654c?s=96&d=mm&r=g","url":"https:\/\/secure.gravatar.com\/avatar\/b0fb2e221d618f7c65162ab0d49c7e8a0b580c871ca03af90e42b47b4150654c?s=96&d=mm&r=g","contentUrl":"https:\/\/secure.gravatar.com\/avatar\/b0fb2e221d618f7c65162ab0d49c7e8a0b580c871ca03af90e42b47b4150654c?s=96&d=mm&r=g","caption":"Debat"},"url":"https:\/\/kunmedierne.dk\/mors\/author\/debat\/"}]}},"_links":{"self":[{"href":"https:\/\/kunmedierne.dk\/mors\/wp-json\/wp\/v2\/posts\/180976","targetHints":{"allow":["GET"]}}],"collection":[{"href":"https:\/\/kunmedierne.dk\/mors\/wp-json\/wp\/v2\/posts"}],"about":[{"href":"https:\/\/kunmedierne.dk\/mors\/wp-json\/wp\/v2\/types\/post"}],"author":[{"embeddable":true,"href":"https:\/\/kunmedierne.dk\/mors\/wp-json\/wp\/v2\/users\/11"}],"replies":[{"embeddable":true,"href":"https:\/\/kunmedierne.dk\/mors\/wp-json\/wp\/v2\/comments?post=180976"}],"version-history":[{"count":4,"href":"https:\/\/kunmedierne.dk\/mors\/wp-json\/wp\/v2\/posts\/180976\/revisions"}],"predecessor-version":[{"id":180982,"href":"https:\/\/kunmedierne.dk\/mors\/wp-json\/wp\/v2\/posts\/180976\/revisions\/180982"}],"wp:attachment":[{"href":"https:\/\/kunmedierne.dk\/mors\/wp-json\/wp\/v2\/media?parent=180976"}],"wp:term":[{"taxonomy":"category","embeddable":true,"href":"https:\/\/kunmedierne.dk\/mors\/wp-json\/wp\/v2\/categories?post=180976"},{"taxonomy":"post_tag","embeddable":true,"href":"https:\/\/kunmedierne.dk\/mors\/wp-json\/wp\/v2\/tags?post=180976"}],"curies":[{"name":"wp","href":"https:\/\/api.w.org\/{rel}","templated":true}]}}