{"id":180975,"date":"2026-09-04T12:55:29","date_gmt":"2026-09-04T10:55:29","guid":{"rendered":"https:\/\/kunmedierne.dk\/mors\/?p=180975"},"modified":"2026-09-04T11:03:31","modified_gmt":"2026-09-04T09:03:31","slug":"festival-paa-hjul-oerding-melder-klar-til-cykelfestival-2026","status":"publish","type":"post","link":"https:\/\/kunmedierne.dk\/mors\/festival-paa-hjul-oerding-melder-klar-til-cykelfestival-2026\/","title":{"rendered":"Festival p\u00e5 hjul &#8211; \u00d8rding melder klar til Cykelfestival 2026"},"content":{"rendered":"<p><strong>\u00d8RDING:\u00a0<\/strong>Det er med at f\u00e5 smurt cykelk\u00e6den og pudset cykelhjelmen.<\/p>\n<p>L\u00f8rdag er der nemlig cykelfestival i \u00d8rding, hvor dagen byder p\u00e5 cykelaktiviteter for alle. Det skriver Vulkanen Mors, der er arrang\u00f8r i en pressemeddelelse.<\/p>\n<a class=\"dvrt-link\" onClick=\"cdmtrack_click(104779,jQuery(this));return false\" href=\"https:\/\/morsoe-begravelsesforretning.dk\/\"><img decoding=\"async\" style=\"width:100%;\" src=\"https:\/\/kunmedierne.dk\/mors\/wp-content\/uploads\/2023\/11\/251215-morsoe-begravelsesforretning.jpg\"><\/a><script>cdmtrack_view(104779);<\/script>\n<p>Dagen \u00e5bner klokken 10 med en cykelparade gennem \u00d8rding by, hvor viceborgmester Keld Kortegaard kommer k\u00f8rende som passager p\u00e5 en parcykel. Cykelparaden ender ved Vulkanen Mors (tidligere \u00d8rding Friskole), hvor Keld Kortegaard vil \u00e5bne festivalen, og hvorfra resten af dagens aktiviteter udspringer.<\/p>\n<p>Der er rig mulighed for at opleve omgivelserne fra cykelsadlen, for klokken 11 er der nemlig en oplevelsestur p\u00e5 programmet &#8211; en tur i et tempo, hvor alle kan deltage. Senere er der ogs\u00e5 mulighed for at cykle med p\u00e5 en graveltur p\u00e5 grus og stier.<\/p>\n<a class=\"dvrt-link\" onClick=\"cdmtrack_click(104780,jQuery(this));return false\" href=\"https:\/\/www.spard.dk\/\"><img decoding=\"async\" style=\"width:100%;\" src=\"https:\/\/kunmedierne.dk\/mors\/wp-content\/uploads\/2023\/12\/sparekassen-dk-maj25.gif\"><\/a><script>cdmtrack_view(104780);<\/script>\n<p><strong>Ny cykel eller bare en sjov dag med vennerne?<\/strong><\/p>\n<p>Gennem dagen er der ogs\u00e5 mulighed for, at se p\u00e5 en ny cykel. En cykelforhandler kommer nemlig ogs\u00e5 forbi for at vise et bredt udvalg af cykler frem. Der er selvf\u00f8lgelig ogs\u00e5 rig mulighed for at pr\u00f8vek\u00f8re dem.<\/p>\n<p>Hvis man derimod ikke leder efter inspiration til en ny cykel, men bare gerne vil hygge sig og have det sjovt p\u00e5 cyklen, er der b\u00e5de cykle-skattejagt og cykellege for b\u00f8rn. For de modige er der ogs\u00e5 mulighed for at pr\u00f8ve kr\u00e6fter med en ethjulet cykel.<\/p>\n<a class=\"dvrt-link\" onClick=\"cdmtrack_click(114591,jQuery(this));return false\" href=\"https:\/\/www.facebook.com\/kopogkandemors\"><img decoding=\"async\" style=\"width:100%;\" src=\"https:\/\/kunmedierne.dk\/mors\/wp-content\/uploads\/2024\/03\/kop-og-kande-ja-tak-tilbud.jpg\"><\/a><script>cdmtrack_view(114591);<\/script>\n<p>Dagen slutter af med et musikalsk indslag i form af &#8220;Tour de cykeldyt&#8221; med Skrallebang.<\/p>\n<p>&nbsp;<\/p>\n","protected":false},"excerpt":{"rendered":"<p>\u00d8RDING:\u00a0Det er med at f\u00e5 smurt cykelk\u00e6den og pudset cykelhjelmen. L\u00f8rdag er der nemlig cykelfestival i \u00d8rding, hvor dagen byder p\u00e5 cykelaktiviteter for alle. Det skriver Vulkanen Mors, der er arrang\u00f8r i en pressemeddelelse. Dagen \u00e5bner klokken 10 med en cykelparade gennem \u00d8rding by, hvor viceborgmester Keld Kortegaard kommer k\u00f8rende som passager p\u00e5 en parcykel. [&hellip;]<\/p>\n","protected":false},"author":5146,"featured_media":0,"comment_status":"closed","ping_status":"closed","sticky":false,"template":"","format":"standard","meta":{"_acf_changed":false,"footnotes":""},"categories":[234,51],"tags":[331],"class_list":["post-180975","post","type-post","status-publish","format-standard","hentry","category-fokus-paa-oerding","category-lokalt","tag-fritid"],"acf":[],"yoast_head":"<!-- This site is optimized with the Yoast SEO plugin v27.7 - https:\/\/yoast.com\/product\/yoast-seo-wordpress\/ -->\n<title>Festival p\u00e5 hjul - \u00d8rding melder klar til Cykelfestival 2026 - Mors<\/title>\n<meta name=\"robots\" content=\"index, follow, max-snippet:-1, max-image-preview:large, max-video-preview:-1\" \/>\n<link rel=\"canonical\" href=\"https:\/\/kunmedierne.dk\/mors\/festival-paa-hjul-oerding-melder-klar-til-cykelfestival-2026\/\" \/>\n<meta property=\"og:locale\" content=\"da_DK\" \/>\n<meta property=\"og:type\" content=\"article\" \/>\n<meta property=\"og:title\" content=\"Festival p\u00e5 hjul - \u00d8rding melder klar til Cykelfestival 2026 - Mors\" \/>\n<meta property=\"og:description\" content=\"\u00d8RDING:\u00a0Det er med at f\u00e5 smurt cykelk\u00e6den og pudset cykelhjelmen. L\u00f8rdag er der nemlig cykelfestival i \u00d8rding, hvor dagen byder p\u00e5 cykelaktiviteter for alle. Det skriver Vulkanen Mors, der er arrang\u00f8r i en pressemeddelelse. Dagen \u00e5bner klokken 10 med en cykelparade gennem \u00d8rding by, hvor viceborgmester Keld Kortegaard kommer k\u00f8rende som passager p\u00e5 en parcykel. [&hellip;]\" \/>\n<meta property=\"og:url\" content=\"https:\/\/kunmedierne.dk\/mors\/festival-paa-hjul-oerding-melder-klar-til-cykelfestival-2026\/\" \/>\n<meta property=\"og:site_name\" content=\"Mors\" \/>\n<meta property=\"article:published_time\" content=\"2026-09-04T10:55:29+00:00\" \/>\n<meta name=\"author\" content=\"Katrine Kronstrand\" \/>\n<meta name=\"twitter:card\" content=\"summary_large_image\" \/>\n<meta name=\"twitter:label1\" content=\"Skrevet af\" \/>\n\t<meta name=\"twitter:data1\" content=\"Katrine Kronstrand\" \/>\n\t<meta name=\"twitter:label2\" content=\"Estimeret l\u00e6setid\" \/>\n\t<meta name=\"twitter:data2\" content=\"2 minutter\" \/>\n<script type=\"application\/ld+json\" class=\"yoast-schema-graph\">{\"@context\":\"https:\\\/\\\/schema.org\",\"@graph\":[{\"@type\":\"Article\",\"@id\":\"https:\\\/\\\/kunmedierne.dk\\\/mors\\\/festival-paa-hjul-oerding-melder-klar-til-cykelfestival-2026\\\/#article\",\"isPartOf\":{\"@id\":\"https:\\\/\\\/kunmedierne.dk\\\/mors\\\/festival-paa-hjul-oerding-melder-klar-til-cykelfestival-2026\\\/\"},\"author\":{\"name\":\"Katrine Kronstrand\",\"@id\":\"https:\\\/\\\/kunmedierne.dk\\\/mors\\\/#\\\/schema\\\/person\\\/41289bce3056a3e3d485ec8f09a96d28\"},\"headline\":\"Festival p\u00e5 hjul &#8211; \u00d8rding melder klar til Cykelfestival 2026\",\"datePublished\":\"2026-09-04T10:55:29+00:00\",\"mainEntityOfPage\":{\"@id\":\"https:\\\/\\\/kunmedierne.dk\\\/mors\\\/festival-paa-hjul-oerding-melder-klar-til-cykelfestival-2026\\\/\"},\"wordCount\":256,\"publisher\":{\"@id\":\"https:\\\/\\\/kunmedierne.dk\\\/mors\\\/#organization\"},\"keywords\":[\"fritid\"],\"articleSection\":[\"Fokus p\u00e5 \u00d8rding\",\"Lokalt\"],\"inLanguage\":\"da-DK\"},{\"@type\":\"WebPage\",\"@id\":\"https:\\\/\\\/kunmedierne.dk\\\/mors\\\/festival-paa-hjul-oerding-melder-klar-til-cykelfestival-2026\\\/\",\"url\":\"https:\\\/\\\/kunmedierne.dk\\\/mors\\\/festival-paa-hjul-oerding-melder-klar-til-cykelfestival-2026\\\/\",\"name\":\"Festival p\u00e5 hjul - \u00d8rding melder klar til Cykelfestival 2026 - Mors\",\"isPartOf\":{\"@id\":\"https:\\\/\\\/kunmedierne.dk\\\/mors\\\/#website\"},\"datePublished\":\"2026-09-04T10:55:29+00:00\",\"breadcrumb\":{\"@id\":\"https:\\\/\\\/kunmedierne.dk\\\/mors\\\/festival-paa-hjul-oerding-melder-klar-til-cykelfestival-2026\\\/#breadcrumb\"},\"inLanguage\":\"da-DK\",\"potentialAction\":[{\"@type\":\"ReadAction\",\"target\":[\"https:\\\/\\\/kunmedierne.dk\\\/mors\\\/festival-paa-hjul-oerding-melder-klar-til-cykelfestival-2026\\\/\"]}]},{\"@type\":\"BreadcrumbList\",\"@id\":\"https:\\\/\\\/kunmedierne.dk\\\/mors\\\/festival-paa-hjul-oerding-melder-klar-til-cykelfestival-2026\\\/#breadcrumb\",\"itemListElement\":[{\"@type\":\"ListItem\",\"position\":1,\"name\":\"Hjem\",\"item\":\"https:\\\/\\\/kunmedierne.dk\\\/mors\\\/\"},{\"@type\":\"ListItem\",\"position\":2,\"name\":\"Festival p\u00e5 hjul &#8211; \u00d8rding melder klar til Cykelfestival 2026\"}]},{\"@type\":\"WebSite\",\"@id\":\"https:\\\/\\\/kunmedierne.dk\\\/mors\\\/#website\",\"url\":\"https:\\\/\\\/kunmedierne.dk\\\/mors\\\/\",\"name\":\"Mors\",\"description\":\"et netmedie med journalistik om livet p\u00e5 Mors\",\"publisher\":{\"@id\":\"https:\\\/\\\/kunmedierne.dk\\\/mors\\\/#organization\"},\"potentialAction\":[{\"@type\":\"SearchAction\",\"target\":{\"@type\":\"EntryPoint\",\"urlTemplate\":\"https:\\\/\\\/kunmedierne.dk\\\/mors\\\/?s={search_term_string}\"},\"query-input\":{\"@type\":\"PropertyValueSpecification\",\"valueRequired\":true,\"valueName\":\"search_term_string\"}}],\"inLanguage\":\"da-DK\"},{\"@type\":\"Organization\",\"@id\":\"https:\\\/\\\/kunmedierne.dk\\\/mors\\\/#organization\",\"name\":\"Mors\",\"url\":\"https:\\\/\\\/kunmedierne.dk\\\/mors\\\/\",\"logo\":{\"@type\":\"ImageObject\",\"inLanguage\":\"da-DK\",\"@id\":\"https:\\\/\\\/kunmedierne.dk\\\/mors\\\/#\\\/schema\\\/logo\\\/image\\\/\",\"url\":\"https:\\\/\\\/kunmedierne.dk\\\/mors\\\/wp-content\\\/uploads\\\/2024\\\/08\\\/kunmors-logo.svg\",\"contentUrl\":\"https:\\\/\\\/kunmedierne.dk\\\/mors\\\/wp-content\\\/uploads\\\/2024\\\/08\\\/kunmors-logo.svg\",\"caption\":\"Mors\"},\"image\":{\"@id\":\"https:\\\/\\\/kunmedierne.dk\\\/mors\\\/#\\\/schema\\\/logo\\\/image\\\/\"}},{\"@type\":\"Person\",\"@id\":\"https:\\\/\\\/kunmedierne.dk\\\/mors\\\/#\\\/schema\\\/person\\\/41289bce3056a3e3d485ec8f09a96d28\",\"name\":\"Katrine Kronstrand\",\"image\":{\"@type\":\"ImageObject\",\"inLanguage\":\"da-DK\",\"@id\":\"https:\\\/\\\/secure.gravatar.com\\\/avatar\\\/0e5234af9ddb8e0f24a665d5498b736751c9a2b04d1d4880b0317784773e160a?s=96&d=mm&r=g\",\"url\":\"https:\\\/\\\/secure.gravatar.com\\\/avatar\\\/0e5234af9ddb8e0f24a665d5498b736751c9a2b04d1d4880b0317784773e160a?s=96&d=mm&r=g\",\"contentUrl\":\"https:\\\/\\\/secure.gravatar.com\\\/avatar\\\/0e5234af9ddb8e0f24a665d5498b736751c9a2b04d1d4880b0317784773e160a?s=96&d=mm&r=g\",\"caption\":\"Katrine Kronstrand\"},\"url\":\"https:\\\/\\\/kunmedierne.dk\\\/mors\\\/author\\\/katrine-kronstrand\\\/\"}]}<\/script>\n<!-- \/ Yoast SEO plugin. -->","yoast_head_json":{"title":"Festival p\u00e5 hjul - \u00d8rding melder klar til Cykelfestival 2026 - Mors","robots":{"index":"index","follow":"follow","max-snippet":"max-snippet:-1","max-image-preview":"max-image-preview:large","max-video-preview":"max-video-preview:-1"},"canonical":"https:\/\/kunmedierne.dk\/mors\/festival-paa-hjul-oerding-melder-klar-til-cykelfestival-2026\/","og_locale":"da_DK","og_type":"article","og_title":"Festival p\u00e5 hjul - \u00d8rding melder klar til Cykelfestival 2026 - Mors","og_description":"\u00d8RDING:\u00a0Det er med at f\u00e5 smurt cykelk\u00e6den og pudset cykelhjelmen. L\u00f8rdag er der nemlig cykelfestival i \u00d8rding, hvor dagen byder p\u00e5 cykelaktiviteter for alle. Det skriver Vulkanen Mors, der er arrang\u00f8r i en pressemeddelelse. Dagen \u00e5bner klokken 10 med en cykelparade gennem \u00d8rding by, hvor viceborgmester Keld Kortegaard kommer k\u00f8rende som passager p\u00e5 en parcykel. [&hellip;]","og_url":"https:\/\/kunmedierne.dk\/mors\/festival-paa-hjul-oerding-melder-klar-til-cykelfestival-2026\/","og_site_name":"Mors","article_published_time":"2026-09-04T10:55:29+00:00","author":"Katrine Kronstrand","twitter_card":"summary_large_image","twitter_misc":{"Skrevet af":"Katrine Kronstrand","Estimeret l\u00e6setid":"2 minutter"},"schema":{"@context":"https:\/\/schema.org","@graph":[{"@type":"Article","@id":"https:\/\/kunmedierne.dk\/mors\/festival-paa-hjul-oerding-melder-klar-til-cykelfestival-2026\/#article","isPartOf":{"@id":"https:\/\/kunmedierne.dk\/mors\/festival-paa-hjul-oerding-melder-klar-til-cykelfestival-2026\/"},"author":{"name":"Katrine Kronstrand","@id":"https:\/\/kunmedierne.dk\/mors\/#\/schema\/person\/41289bce3056a3e3d485ec8f09a96d28"},"headline":"Festival p\u00e5 hjul &#8211; \u00d8rding melder klar til Cykelfestival 2026","datePublished":"2026-09-04T10:55:29+00:00","mainEntityOfPage":{"@id":"https:\/\/kunmedierne.dk\/mors\/festival-paa-hjul-oerding-melder-klar-til-cykelfestival-2026\/"},"wordCount":256,"publisher":{"@id":"https:\/\/kunmedierne.dk\/mors\/#organization"},"keywords":["fritid"],"articleSection":["Fokus p\u00e5 \u00d8rding","Lokalt"],"inLanguage":"da-DK"},{"@type":"WebPage","@id":"https:\/\/kunmedierne.dk\/mors\/festival-paa-hjul-oerding-melder-klar-til-cykelfestival-2026\/","url":"https:\/\/kunmedierne.dk\/mors\/festival-paa-hjul-oerding-melder-klar-til-cykelfestival-2026\/","name":"Festival p\u00e5 hjul - \u00d8rding melder klar til Cykelfestival 2026 - Mors","isPartOf":{"@id":"https:\/\/kunmedierne.dk\/mors\/#website"},"datePublished":"2026-09-04T10:55:29+00:00","breadcrumb":{"@id":"https:\/\/kunmedierne.dk\/mors\/festival-paa-hjul-oerding-melder-klar-til-cykelfestival-2026\/#breadcrumb"},"inLanguage":"da-DK","potentialAction":[{"@type":"ReadAction","target":["https:\/\/kunmedierne.dk\/mors\/festival-paa-hjul-oerding-melder-klar-til-cykelfestival-2026\/"]}]},{"@type":"BreadcrumbList","@id":"https:\/\/kunmedierne.dk\/mors\/festival-paa-hjul-oerding-melder-klar-til-cykelfestival-2026\/#breadcrumb","itemListElement":[{"@type":"ListItem","position":1,"name":"Hjem","item":"https:\/\/kunmedierne.dk\/mors\/"},{"@type":"ListItem","position":2,"name":"Festival p\u00e5 hjul &#8211; \u00d8rding melder klar til Cykelfestival 2026"}]},{"@type":"WebSite","@id":"https:\/\/kunmedierne.dk\/mors\/#website","url":"https:\/\/kunmedierne.dk\/mors\/","name":"Mors","description":"et netmedie med journalistik om livet p\u00e5 Mors","publisher":{"@id":"https:\/\/kunmedierne.dk\/mors\/#organization"},"potentialAction":[{"@type":"SearchAction","target":{"@type":"EntryPoint","urlTemplate":"https:\/\/kunmedierne.dk\/mors\/?s={search_term_string}"},"query-input":{"@type":"PropertyValueSpecification","valueRequired":true,"valueName":"search_term_string"}}],"inLanguage":"da-DK"},{"@type":"Organization","@id":"https:\/\/kunmedierne.dk\/mors\/#organization","name":"Mors","url":"https:\/\/kunmedierne.dk\/mors\/","logo":{"@type":"ImageObject","inLanguage":"da-DK","@id":"https:\/\/kunmedierne.dk\/mors\/#\/schema\/logo\/image\/","url":"https:\/\/kunmedierne.dk\/mors\/wp-content\/uploads\/2024\/08\/kunmors-logo.svg","contentUrl":"https:\/\/kunmedierne.dk\/mors\/wp-content\/uploads\/2024\/08\/kunmors-logo.svg","caption":"Mors"},"image":{"@id":"https:\/\/kunmedierne.dk\/mors\/#\/schema\/logo\/image\/"}},{"@type":"Person","@id":"https:\/\/kunmedierne.dk\/mors\/#\/schema\/person\/41289bce3056a3e3d485ec8f09a96d28","name":"Katrine Kronstrand","image":{"@type":"ImageObject","inLanguage":"da-DK","@id":"https:\/\/secure.gravatar.com\/avatar\/0e5234af9ddb8e0f24a665d5498b736751c9a2b04d1d4880b0317784773e160a?s=96&d=mm&r=g","url":"https:\/\/secure.gravatar.com\/avatar\/0e5234af9ddb8e0f24a665d5498b736751c9a2b04d1d4880b0317784773e160a?s=96&d=mm&r=g","contentUrl":"https:\/\/secure.gravatar.com\/avatar\/0e5234af9ddb8e0f24a665d5498b736751c9a2b04d1d4880b0317784773e160a?s=96&d=mm&r=g","caption":"Katrine Kronstrand"},"url":"https:\/\/kunmedierne.dk\/mors\/author\/katrine-kronstrand\/"}]}},"_links":{"self":[{"href":"https:\/\/kunmedierne.dk\/mors\/wp-json\/wp\/v2\/posts\/180975","targetHints":{"allow":["GET"]}}],"collection":[{"href":"https:\/\/kunmedierne.dk\/mors\/wp-json\/wp\/v2\/posts"}],"about":[{"href":"https:\/\/kunmedierne.dk\/mors\/wp-json\/wp\/v2\/types\/post"}],"author":[{"embeddable":true,"href":"https:\/\/kunmedierne.dk\/mors\/wp-json\/wp\/v2\/users\/5146"}],"replies":[{"embeddable":true,"href":"https:\/\/kunmedierne.dk\/mors\/wp-json\/wp\/v2\/comments?post=180975"}],"version-history":[{"count":10,"href":"https:\/\/kunmedierne.dk\/mors\/wp-json\/wp\/v2\/posts\/180975\/revisions"}],"predecessor-version":[{"id":180996,"href":"https:\/\/kunmedierne.dk\/mors\/wp-json\/wp\/v2\/posts\/180975\/revisions\/180996"}],"wp:attachment":[{"href":"https:\/\/kunmedierne.dk\/mors\/wp-json\/wp\/v2\/media?parent=180975"}],"wp:term":[{"taxonomy":"category","embeddable":true,"href":"https:\/\/kunmedierne.dk\/mors\/wp-json\/wp\/v2\/categories?post=180975"},{"taxonomy":"post_tag","embeddable":true,"href":"https:\/\/kunmedierne.dk\/mors\/wp-json\/wp\/v2\/tags?post=180975"}],"curies":[{"name":"wp","href":"https:\/\/api.w.org\/{rel}","templated":true}]}}