{"id":180922,"date":"2026-09-03T15:16:58","date_gmt":"2026-09-03T13:16:58","guid":{"rendered":"https:\/\/kunmedierne.dk\/mors\/?p=180922"},"modified":"2026-09-03T17:19:21","modified_gmt":"2026-09-03T15:19:21","slug":"goedskningsloven-er-vedtaget-lokal-landmand-kalder-det-tyveri-dn-haaber-paa-bedre-vandmiljoe","status":"publish","type":"post","link":"https:\/\/kunmedierne.dk\/mors\/goedskningsloven-er-vedtaget-lokal-landmand-kalder-det-tyveri-dn-haaber-paa-bedre-vandmiljoe\/","title":{"rendered":"<span>G\u00f8dskningsloven er vedtaget:<\/span> Lokal landmand kalder det tyveri \u2013 DN h\u00e5ber p\u00e5 bedre vandmilj\u00f8"},"content":{"rendered":"<h6>Af: Katrine Kronstrand og Katrine Hedegaard<br \/>\n03.09.2026 &#8211; Klokken 15:01<\/h6>\n<p><strong>LANDBRUG:<\/strong> Det blev en lang debat i Folketingssalen, da g\u00f8dskningsloven torsdag skulle vedtages. Afstemningen blev da ogs\u00e5 udsat flere gange, fordi mange politikere ville have ordet.<\/p>\n<p>Men stemt det blev der, og kort efter klokken 13 blev loven vedtaget i Folketinget.<\/p>\n<p>Loven har v\u00e6ret voldsomt diskuteret de seneste dage, og flere steder i landet har landm\u00e6nd protesteret mod de sk\u00e6rpede krav til udledningen af kv\u00e6lstof.<\/p>\n<a class=\"dvrt-link\" onClick=\"cdmtrack_click(104781,jQuery(this));return false\" href=\"https:\/\/www.fmspks.dk\/\"><img decoding=\"async\" style=\"width:100%;\" src=\"https:\/\/kunmedierne.dk\/mors\/wp-content\/uploads\/2022\/02\/vip-froeslev-mollerup-sparekasse.jpg\"><\/a><script>cdmtrack_view(104781);<\/script>\n<p>En af dem, der er utilfreds med den nye lov, er griseproducent Thomas Kristoffersen fra Thisted.<\/p>\n<p>&#8211; Det er nemt at give landbruget skylden for det d\u00e5rlige havmilj\u00f8, men vi g\u00f8r meget for at reducere udledningen af kv\u00e6lstof, siger han.<\/p>\n<p>For Thomas Kristoffersen f\u00f8les det, som om der ikke er nogen gr\u00e6nse for, hvor meget politikerne kan p\u00e5l\u00e6gge landbruget.<\/p>\n<p>&#8211; Det er som at stj\u00e6le fra os, for det her f\u00e5r virkelig nogle store konsekvenser for landbruget og landm\u00e6ndene. Der er ingen regler for, hvad politikerne kan bestemme, virker det til.<\/p>\n<p>&nbsp;<\/p>\n<p><strong>H\u00e5ber p\u00e5 bedre vandmilj\u00f8<\/strong><\/p>\n<p>Jens Dejgaard Jensen, formand for Danmarks Naturfredningsforening p\u00e5 Mors, ser anderledes p\u00e5 den nye lov.<\/p>\n<p>&#8211; Jeg h\u00e5ber, det er et skridt p\u00e5 vejen til et bedre vandmilj\u00f8. Det er jo en del af den gr\u00f8nne trepart og arbejdet med at f\u00e5 genoprettet vandmilj\u00f8et i de indre farvande, siger han.<\/p>\n<p>Han vil ikke sp\u00e5 om, hvor hurtigt en eventuel effekt kan vise sig, men h\u00e5ber, at der inden for nogle \u00e5r kan ses en forbedring i Limfjorden.<\/p>\n<p>Samtidig undrer det ham, at landbruget har sat sin deltagelse i arbejdet med de lokale gr\u00f8nne treparter p\u00e5 pause.<\/p>\n<p>&#8211; Jeg er en lille smule forundret, fordi der jo var tre parter i den aftale, der blev lavet. Der er s\u00e5dan set ikke sket noget, som ikke blev aftalt. Den her lovgivning er, s\u00e5 vidt jeg har forst\u00e5et, en direkte f\u00f8lge af trepartsaftalen.<\/p>\n<a class=\"dvrt-link\" onClick=\"cdmtrack_click(104787,jQuery(this));return false\" href=\"https:\/\/www.jyskebank.dk\/kontakt\/afdelingsinfo?departmentid=11890\"><img decoding=\"async\" style=\"width:100%;\" src=\"https:\/\/kunmedierne.dk\/mors\/wp-content\/uploads\/2023\/10\/260325JyskeBankMorsNy-1.jpg\"><\/a><script>cdmtrack_view(104787);<\/script>\n<p>Han har dog forst\u00e5else for frustrationen blandt landm\u00e6ndene og mener, at den r\u00e6kker ud over selve g\u00f8dskningsloven.<\/p>\n<p>&#8211; Jeg forst\u00e5r egentlig godt landbrugets f\u00f8lelser, men jeg tror ogs\u00e5, de handler om mange andre ting. De handler ogs\u00e5 om en valgkamp, hvor de f\u00f8lelser er blevet fuldst\u00e6ndig trumlet ned, siger Jens Dejgaard Jensen.<\/p>\n<p>Det er han ked af, fordi konflikten efter hans vurdering ikke bringer parterne t\u00e6ttere p\u00e5 en l\u00f8sning.<\/p>\n<blockquote>\n<h4><strong>FAKTA: Hvad er g\u00f8dskningsloven?<\/strong><\/h4>\n<h5>Loven er en del af opf\u00f8lgningen p\u00e5 den gr\u00f8nne trepart og skal reducere udledningen af kv\u00e6lstof til fjorde og kystvande.<\/h5>\n<h5>Der indf\u00f8res en ny og mere m\u00e5lrettet regulering af landbrugets kv\u00e6lstofudledning.<\/h5>\n<h5>Kravene vil variere geografisk alt efter, hvor stor belastningen af vandmilj\u00f8et er.<\/h5>\n<h5>For nogle landm\u00e6nd kan det betyde sk\u00e6rpede krav til dyrkningen af markerne.<\/h5>\n<h5>M\u00e5let er at forbedre vandmilj\u00f8et, mens dele af landbruget frygter betydelige \u00f8konomiske konsekvenser.<\/h5>\n<\/blockquote>\n","protected":false},"excerpt":{"rendered":"<p>Af: Katrine Kronstrand og Katrine Hedegaard 03.09.2026 &#8211; Klokken 15:01 LANDBRUG: Det blev en lang debat i Folketingssalen, da g\u00f8dskningsloven torsdag skulle vedtages. Afstemningen blev da ogs\u00e5 udsat flere gange, fordi mange politikere ville have ordet. Men stemt det blev der, og kort efter klokken 13 blev loven vedtaget i Folketinget. Loven har v\u00e6ret voldsomt [&hellip;]<\/p>\n","protected":false},"author":5146,"featured_media":0,"comment_status":"closed","ping_status":"closed","sticky":false,"template":"","format":"standard","meta":{"_acf_changed":false,"footnotes":""},"categories":[51],"tags":[337],"class_list":["post-180922","post","type-post","status-publish","format-standard","hentry","category-lokalt","tag-landbrug"],"acf":[],"yoast_head":"<!-- This site is optimized with the Yoast SEO plugin v27.7 - https:\/\/yoast.com\/product\/yoast-seo-wordpress\/ -->\n<title>G\u00f8dskningsloven er vedtaget: Lokal landmand kalder det tyveri \u2013 DN h\u00e5ber p\u00e5 bedre vandmilj\u00f8 - Mors<\/title>\n<meta name=\"robots\" content=\"index, follow, max-snippet:-1, max-image-preview:large, max-video-preview:-1\" \/>\n<link rel=\"canonical\" href=\"https:\/\/kunmedierne.dk\/mors\/goedskningsloven-er-vedtaget-lokal-landmand-kalder-det-tyveri-dn-haaber-paa-bedre-vandmiljoe\/\" \/>\n<meta property=\"og:locale\" content=\"da_DK\" \/>\n<meta property=\"og:type\" content=\"article\" \/>\n<meta property=\"og:title\" content=\"G\u00f8dskningsloven er vedtaget: Lokal landmand kalder det tyveri \u2013 DN h\u00e5ber p\u00e5 bedre vandmilj\u00f8 - Mors\" \/>\n<meta property=\"og:description\" content=\"Af: Katrine Kronstrand og Katrine Hedegaard 03.09.2026 &#8211; Klokken 15:01 LANDBRUG: Det blev en lang debat i Folketingssalen, da g\u00f8dskningsloven torsdag skulle vedtages. Afstemningen blev da ogs\u00e5 udsat flere gange, fordi mange politikere ville have ordet. Men stemt det blev der, og kort efter klokken 13 blev loven vedtaget i Folketinget. Loven har v\u00e6ret voldsomt [&hellip;]\" \/>\n<meta property=\"og:url\" content=\"https:\/\/kunmedierne.dk\/mors\/goedskningsloven-er-vedtaget-lokal-landmand-kalder-det-tyveri-dn-haaber-paa-bedre-vandmiljoe\/\" \/>\n<meta property=\"og:site_name\" content=\"Mors\" \/>\n<meta property=\"article:published_time\" content=\"2026-09-03T13:16:58+00:00\" \/>\n<meta property=\"article:modified_time\" content=\"2026-09-03T15:19:21+00:00\" \/>\n<meta name=\"author\" content=\"Katrine Kronstrand\" \/>\n<meta name=\"twitter:card\" content=\"summary_large_image\" \/>\n<meta name=\"twitter:label1\" content=\"Skrevet af\" \/>\n\t<meta name=\"twitter:data1\" content=\"Katrine Kronstrand\" \/>\n\t<meta name=\"twitter:label2\" content=\"Estimeret l\u00e6setid\" \/>\n\t<meta name=\"twitter:data2\" content=\"3 minutter\" \/>\n<script type=\"application\/ld+json\" class=\"yoast-schema-graph\">{\"@context\":\"https:\\\/\\\/schema.org\",\"@graph\":[{\"@type\":\"Article\",\"@id\":\"https:\\\/\\\/kunmedierne.dk\\\/mors\\\/goedskningsloven-er-vedtaget-lokal-landmand-kalder-det-tyveri-dn-haaber-paa-bedre-vandmiljoe\\\/#article\",\"isPartOf\":{\"@id\":\"https:\\\/\\\/kunmedierne.dk\\\/mors\\\/goedskningsloven-er-vedtaget-lokal-landmand-kalder-det-tyveri-dn-haaber-paa-bedre-vandmiljoe\\\/\"},\"author\":{\"name\":\"Katrine Kronstrand\",\"@id\":\"https:\\\/\\\/kunmedierne.dk\\\/mors\\\/#\\\/schema\\\/person\\\/41289bce3056a3e3d485ec8f09a96d28\"},\"headline\":\"G\u00f8dskningsloven er vedtaget: Lokal landmand kalder det tyveri \u2013 DN h\u00e5ber p\u00e5 bedre vandmilj\u00f8\",\"datePublished\":\"2026-09-03T13:16:58+00:00\",\"dateModified\":\"2026-09-03T15:19:21+00:00\",\"mainEntityOfPage\":{\"@id\":\"https:\\\/\\\/kunmedierne.dk\\\/mors\\\/goedskningsloven-er-vedtaget-lokal-landmand-kalder-det-tyveri-dn-haaber-paa-bedre-vandmiljoe\\\/\"},\"wordCount\":514,\"publisher\":{\"@id\":\"https:\\\/\\\/kunmedierne.dk\\\/mors\\\/#organization\"},\"keywords\":[\"Landbrug\"],\"articleSection\":[\"Lokalt\"],\"inLanguage\":\"da-DK\"},{\"@type\":\"WebPage\",\"@id\":\"https:\\\/\\\/kunmedierne.dk\\\/mors\\\/goedskningsloven-er-vedtaget-lokal-landmand-kalder-det-tyveri-dn-haaber-paa-bedre-vandmiljoe\\\/\",\"url\":\"https:\\\/\\\/kunmedierne.dk\\\/mors\\\/goedskningsloven-er-vedtaget-lokal-landmand-kalder-det-tyveri-dn-haaber-paa-bedre-vandmiljoe\\\/\",\"name\":\"G\u00f8dskningsloven er vedtaget: Lokal landmand kalder det tyveri \u2013 DN h\u00e5ber p\u00e5 bedre vandmilj\u00f8 - Mors\",\"isPartOf\":{\"@id\":\"https:\\\/\\\/kunmedierne.dk\\\/mors\\\/#website\"},\"datePublished\":\"2026-09-03T13:16:58+00:00\",\"dateModified\":\"2026-09-03T15:19:21+00:00\",\"breadcrumb\":{\"@id\":\"https:\\\/\\\/kunmedierne.dk\\\/mors\\\/goedskningsloven-er-vedtaget-lokal-landmand-kalder-det-tyveri-dn-haaber-paa-bedre-vandmiljoe\\\/#breadcrumb\"},\"inLanguage\":\"da-DK\",\"potentialAction\":[{\"@type\":\"ReadAction\",\"target\":[\"https:\\\/\\\/kunmedierne.dk\\\/mors\\\/goedskningsloven-er-vedtaget-lokal-landmand-kalder-det-tyveri-dn-haaber-paa-bedre-vandmiljoe\\\/\"]}]},{\"@type\":\"BreadcrumbList\",\"@id\":\"https:\\\/\\\/kunmedierne.dk\\\/mors\\\/goedskningsloven-er-vedtaget-lokal-landmand-kalder-det-tyveri-dn-haaber-paa-bedre-vandmiljoe\\\/#breadcrumb\",\"itemListElement\":[{\"@type\":\"ListItem\",\"position\":1,\"name\":\"Hjem\",\"item\":\"https:\\\/\\\/kunmedierne.dk\\\/mors\\\/\"},{\"@type\":\"ListItem\",\"position\":2,\"name\":\"G\u00f8dskningsloven er vedtaget: Lokal landmand kalder det tyveri \u2013 DN h\u00e5ber p\u00e5 bedre vandmilj\u00f8\"}]},{\"@type\":\"WebSite\",\"@id\":\"https:\\\/\\\/kunmedierne.dk\\\/mors\\\/#website\",\"url\":\"https:\\\/\\\/kunmedierne.dk\\\/mors\\\/\",\"name\":\"Mors\",\"description\":\"et netmedie med journalistik om livet p\u00e5 Mors\",\"publisher\":{\"@id\":\"https:\\\/\\\/kunmedierne.dk\\\/mors\\\/#organization\"},\"potentialAction\":[{\"@type\":\"SearchAction\",\"target\":{\"@type\":\"EntryPoint\",\"urlTemplate\":\"https:\\\/\\\/kunmedierne.dk\\\/mors\\\/?s={search_term_string}\"},\"query-input\":{\"@type\":\"PropertyValueSpecification\",\"valueRequired\":true,\"valueName\":\"search_term_string\"}}],\"inLanguage\":\"da-DK\"},{\"@type\":\"Organization\",\"@id\":\"https:\\\/\\\/kunmedierne.dk\\\/mors\\\/#organization\",\"name\":\"Mors\",\"url\":\"https:\\\/\\\/kunmedierne.dk\\\/mors\\\/\",\"logo\":{\"@type\":\"ImageObject\",\"inLanguage\":\"da-DK\",\"@id\":\"https:\\\/\\\/kunmedierne.dk\\\/mors\\\/#\\\/schema\\\/logo\\\/image\\\/\",\"url\":\"https:\\\/\\\/kunmedierne.dk\\\/mors\\\/wp-content\\\/uploads\\\/2024\\\/08\\\/kunmors-logo.svg\",\"contentUrl\":\"https:\\\/\\\/kunmedierne.dk\\\/mors\\\/wp-content\\\/uploads\\\/2024\\\/08\\\/kunmors-logo.svg\",\"caption\":\"Mors\"},\"image\":{\"@id\":\"https:\\\/\\\/kunmedierne.dk\\\/mors\\\/#\\\/schema\\\/logo\\\/image\\\/\"}},{\"@type\":\"Person\",\"@id\":\"https:\\\/\\\/kunmedierne.dk\\\/mors\\\/#\\\/schema\\\/person\\\/41289bce3056a3e3d485ec8f09a96d28\",\"name\":\"Katrine Kronstrand\",\"image\":{\"@type\":\"ImageObject\",\"inLanguage\":\"da-DK\",\"@id\":\"https:\\\/\\\/secure.gravatar.com\\\/avatar\\\/0e5234af9ddb8e0f24a665d5498b736751c9a2b04d1d4880b0317784773e160a?s=96&d=mm&r=g\",\"url\":\"https:\\\/\\\/secure.gravatar.com\\\/avatar\\\/0e5234af9ddb8e0f24a665d5498b736751c9a2b04d1d4880b0317784773e160a?s=96&d=mm&r=g\",\"contentUrl\":\"https:\\\/\\\/secure.gravatar.com\\\/avatar\\\/0e5234af9ddb8e0f24a665d5498b736751c9a2b04d1d4880b0317784773e160a?s=96&d=mm&r=g\",\"caption\":\"Katrine Kronstrand\"},\"url\":\"https:\\\/\\\/kunmedierne.dk\\\/mors\\\/author\\\/katrine-kronstrand\\\/\"}]}<\/script>\n<!-- \/ Yoast SEO plugin. -->","yoast_head_json":{"title":"G\u00f8dskningsloven er vedtaget: Lokal landmand kalder det tyveri \u2013 DN h\u00e5ber p\u00e5 bedre vandmilj\u00f8 - Mors","robots":{"index":"index","follow":"follow","max-snippet":"max-snippet:-1","max-image-preview":"max-image-preview:large","max-video-preview":"max-video-preview:-1"},"canonical":"https:\/\/kunmedierne.dk\/mors\/goedskningsloven-er-vedtaget-lokal-landmand-kalder-det-tyveri-dn-haaber-paa-bedre-vandmiljoe\/","og_locale":"da_DK","og_type":"article","og_title":"G\u00f8dskningsloven er vedtaget: Lokal landmand kalder det tyveri \u2013 DN h\u00e5ber p\u00e5 bedre vandmilj\u00f8 - Mors","og_description":"Af: Katrine Kronstrand og Katrine Hedegaard 03.09.2026 &#8211; Klokken 15:01 LANDBRUG: Det blev en lang debat i Folketingssalen, da g\u00f8dskningsloven torsdag skulle vedtages. Afstemningen blev da ogs\u00e5 udsat flere gange, fordi mange politikere ville have ordet. Men stemt det blev der, og kort efter klokken 13 blev loven vedtaget i Folketinget. Loven har v\u00e6ret voldsomt [&hellip;]","og_url":"https:\/\/kunmedierne.dk\/mors\/goedskningsloven-er-vedtaget-lokal-landmand-kalder-det-tyveri-dn-haaber-paa-bedre-vandmiljoe\/","og_site_name":"Mors","article_published_time":"2026-09-03T13:16:58+00:00","article_modified_time":"2026-09-03T15:19:21+00:00","author":"Katrine Kronstrand","twitter_card":"summary_large_image","twitter_misc":{"Skrevet af":"Katrine Kronstrand","Estimeret l\u00e6setid":"3 minutter"},"schema":{"@context":"https:\/\/schema.org","@graph":[{"@type":"Article","@id":"https:\/\/kunmedierne.dk\/mors\/goedskningsloven-er-vedtaget-lokal-landmand-kalder-det-tyveri-dn-haaber-paa-bedre-vandmiljoe\/#article","isPartOf":{"@id":"https:\/\/kunmedierne.dk\/mors\/goedskningsloven-er-vedtaget-lokal-landmand-kalder-det-tyveri-dn-haaber-paa-bedre-vandmiljoe\/"},"author":{"name":"Katrine Kronstrand","@id":"https:\/\/kunmedierne.dk\/mors\/#\/schema\/person\/41289bce3056a3e3d485ec8f09a96d28"},"headline":"G\u00f8dskningsloven er vedtaget: Lokal landmand kalder det tyveri \u2013 DN h\u00e5ber p\u00e5 bedre vandmilj\u00f8","datePublished":"2026-09-03T13:16:58+00:00","dateModified":"2026-09-03T15:19:21+00:00","mainEntityOfPage":{"@id":"https:\/\/kunmedierne.dk\/mors\/goedskningsloven-er-vedtaget-lokal-landmand-kalder-det-tyveri-dn-haaber-paa-bedre-vandmiljoe\/"},"wordCount":514,"publisher":{"@id":"https:\/\/kunmedierne.dk\/mors\/#organization"},"keywords":["Landbrug"],"articleSection":["Lokalt"],"inLanguage":"da-DK"},{"@type":"WebPage","@id":"https:\/\/kunmedierne.dk\/mors\/goedskningsloven-er-vedtaget-lokal-landmand-kalder-det-tyveri-dn-haaber-paa-bedre-vandmiljoe\/","url":"https:\/\/kunmedierne.dk\/mors\/goedskningsloven-er-vedtaget-lokal-landmand-kalder-det-tyveri-dn-haaber-paa-bedre-vandmiljoe\/","name":"G\u00f8dskningsloven er vedtaget: Lokal landmand kalder det tyveri \u2013 DN h\u00e5ber p\u00e5 bedre vandmilj\u00f8 - Mors","isPartOf":{"@id":"https:\/\/kunmedierne.dk\/mors\/#website"},"datePublished":"2026-09-03T13:16:58+00:00","dateModified":"2026-09-03T15:19:21+00:00","breadcrumb":{"@id":"https:\/\/kunmedierne.dk\/mors\/goedskningsloven-er-vedtaget-lokal-landmand-kalder-det-tyveri-dn-haaber-paa-bedre-vandmiljoe\/#breadcrumb"},"inLanguage":"da-DK","potentialAction":[{"@type":"ReadAction","target":["https:\/\/kunmedierne.dk\/mors\/goedskningsloven-er-vedtaget-lokal-landmand-kalder-det-tyveri-dn-haaber-paa-bedre-vandmiljoe\/"]}]},{"@type":"BreadcrumbList","@id":"https:\/\/kunmedierne.dk\/mors\/goedskningsloven-er-vedtaget-lokal-landmand-kalder-det-tyveri-dn-haaber-paa-bedre-vandmiljoe\/#breadcrumb","itemListElement":[{"@type":"ListItem","position":1,"name":"Hjem","item":"https:\/\/kunmedierne.dk\/mors\/"},{"@type":"ListItem","position":2,"name":"G\u00f8dskningsloven er vedtaget: Lokal landmand kalder det tyveri \u2013 DN h\u00e5ber p\u00e5 bedre vandmilj\u00f8"}]},{"@type":"WebSite","@id":"https:\/\/kunmedierne.dk\/mors\/#website","url":"https:\/\/kunmedierne.dk\/mors\/","name":"Mors","description":"et netmedie med journalistik om livet p\u00e5 Mors","publisher":{"@id":"https:\/\/kunmedierne.dk\/mors\/#organization"},"potentialAction":[{"@type":"SearchAction","target":{"@type":"EntryPoint","urlTemplate":"https:\/\/kunmedierne.dk\/mors\/?s={search_term_string}"},"query-input":{"@type":"PropertyValueSpecification","valueRequired":true,"valueName":"search_term_string"}}],"inLanguage":"da-DK"},{"@type":"Organization","@id":"https:\/\/kunmedierne.dk\/mors\/#organization","name":"Mors","url":"https:\/\/kunmedierne.dk\/mors\/","logo":{"@type":"ImageObject","inLanguage":"da-DK","@id":"https:\/\/kunmedierne.dk\/mors\/#\/schema\/logo\/image\/","url":"https:\/\/kunmedierne.dk\/mors\/wp-content\/uploads\/2024\/08\/kunmors-logo.svg","contentUrl":"https:\/\/kunmedierne.dk\/mors\/wp-content\/uploads\/2024\/08\/kunmors-logo.svg","caption":"Mors"},"image":{"@id":"https:\/\/kunmedierne.dk\/mors\/#\/schema\/logo\/image\/"}},{"@type":"Person","@id":"https:\/\/kunmedierne.dk\/mors\/#\/schema\/person\/41289bce3056a3e3d485ec8f09a96d28","name":"Katrine Kronstrand","image":{"@type":"ImageObject","inLanguage":"da-DK","@id":"https:\/\/secure.gravatar.com\/avatar\/0e5234af9ddb8e0f24a665d5498b736751c9a2b04d1d4880b0317784773e160a?s=96&d=mm&r=g","url":"https:\/\/secure.gravatar.com\/avatar\/0e5234af9ddb8e0f24a665d5498b736751c9a2b04d1d4880b0317784773e160a?s=96&d=mm&r=g","contentUrl":"https:\/\/secure.gravatar.com\/avatar\/0e5234af9ddb8e0f24a665d5498b736751c9a2b04d1d4880b0317784773e160a?s=96&d=mm&r=g","caption":"Katrine Kronstrand"},"url":"https:\/\/kunmedierne.dk\/mors\/author\/katrine-kronstrand\/"}]}},"_links":{"self":[{"href":"https:\/\/kunmedierne.dk\/mors\/wp-json\/wp\/v2\/posts\/180922","targetHints":{"allow":["GET"]}}],"collection":[{"href":"https:\/\/kunmedierne.dk\/mors\/wp-json\/wp\/v2\/posts"}],"about":[{"href":"https:\/\/kunmedierne.dk\/mors\/wp-json\/wp\/v2\/types\/post"}],"author":[{"embeddable":true,"href":"https:\/\/kunmedierne.dk\/mors\/wp-json\/wp\/v2\/users\/5146"}],"replies":[{"embeddable":true,"href":"https:\/\/kunmedierne.dk\/mors\/wp-json\/wp\/v2\/comments?post=180922"}],"version-history":[{"count":11,"href":"https:\/\/kunmedierne.dk\/mors\/wp-json\/wp\/v2\/posts\/180922\/revisions"}],"predecessor-version":[{"id":180956,"href":"https:\/\/kunmedierne.dk\/mors\/wp-json\/wp\/v2\/posts\/180922\/revisions\/180956"}],"wp:attachment":[{"href":"https:\/\/kunmedierne.dk\/mors\/wp-json\/wp\/v2\/media?parent=180922"}],"wp:term":[{"taxonomy":"category","embeddable":true,"href":"https:\/\/kunmedierne.dk\/mors\/wp-json\/wp\/v2\/categories?post=180922"},{"taxonomy":"post_tag","embeddable":true,"href":"https:\/\/kunmedierne.dk\/mors\/wp-json\/wp\/v2\/tags?post=180922"}],"curies":[{"name":"wp","href":"https:\/\/api.w.org\/{rel}","templated":true}]}}