{"id":18088,"date":"2020-04-16T12:00:45","date_gmt":"2020-04-16T10:00:45","guid":{"rendered":"https:\/\/kunmedierne.dk\/mors\/?p=18088"},"modified":"2024-08-12T14:06:14","modified_gmt":"2024-08-12T12:06:14","slug":"lokal-task-force-staar-klar-med-kriseraad-til-virksomheder-paa-mors","status":"publish","type":"post","link":"https:\/\/kunmedierne.dk\/mors\/lokal-task-force-staar-klar-med-kriseraad-til-virksomheder-paa-mors\/","title":{"rendered":"Lokal Task Force st\u00e5r klar med kriser\u00e5d til virksomheder p\u00e5 Mors"},"content":{"rendered":"<p class=\"v1MsoNormal\"><b>MORS:\u00a0<\/b><b><\/b>\u201dVi har aldrig pr\u00f8vet noget lignende f\u00f8r, og mange virksomhedsledere ved ikke, hvordan de skal tackle de problemer, Corona-krisen medf\u00f8rer. Dem vil vi gerne hj\u00e6lpe med kompetent r\u00e5dgivning.\u201d<\/p>\n<p class=\"v1MsoNormal\">Ordene kommer fra formanden for Mors\u00f8 Erhvervsr\u00e5d, Tage Odgaard Nielsen. Han st\u00e5r sammen med Mors\u00f8 Kommunes borgmester Hans Ejner Bertelsen bag oprettelsen af en ekspertgruppe \u2013 en Task Force \u2013 der skal hj\u00e6lpe lokale virksomheder med at komme helskindet igennem den aktuelle \u00f8konomiske krise i k\u00f8lvandet p\u00e5 Corona-nedlukningen.<\/p>\n<p class=\"v1MsoNormal\">Mors\u00f8 Erhvervsr\u00e5d l\u00e6gger v\u00e6gt p\u00e5, at der er tale om et helt uformelt forum, som skal kunne handle hurtigt.<\/p>\n<p class=\"v1MsoNormal\">\u201dDer gik f\u00e5 timer, fra ideen var fostret, til ekspertpanelet var samlet. Tanken er ikke at lave et tungt apparat, men til geng\u00e6ld at yde hurtig og effektiv r\u00e5dgivning til de virksomheder, der har brug for det,&#8221; siger Tage Odgaard Nielsen.<\/p>\n<p>&nbsp;<\/p>\n<p><strong>Hurtige og kompetente r\u00e5d<\/strong><\/p>\n<p>Han tilf\u00f8jer, at for eksempel\u00a0sm\u00e5 virksomheder, der til daglig ikke har en advokat eller en statstautoriseret revisor tilknyttet, kan f\u00e5 et hurtigt, kvalificeret r\u00e5d om, hvordan de tackler de udfordringer, coronakrisen har trukket med sig. Der satses ikke p\u00e5 lange forl\u00f8b mellem virksomheden og r\u00e5dgiveren. Den nye service sigter mod at give et hurtigt og kompetent r\u00e5d om, hvordan virksomheden griber sine aktuelle udfordringer an og hvor den kan g\u00e5 hen og f\u00e5 vejledning eller eventuelt \u00f8konomisk st\u00f8tte.<\/p>\n<p>&#8220;Vi tror, mange kan have brug for en snak og et godt r\u00e5d, og dem vil vi gerne g\u00f8re noget for fra erhvervsr\u00e5dets side\u201d, siger Tage Odgaard Nielsen.<\/p>\n<p class=\"v1MsoNormal\">Han understreger, at tilbuddet ikke kun retter sig mod de virksomheder, der er medlem af Mors\u00f8 Erhvervsr\u00e5d.<\/p>\n<p class=\"v1MsoNormal\">\u201dDet er et gratis tilbud til alle i det lokale erhvervsliv i h\u00e5bet om, at vi sammen kan komme ud p\u00e5 den anden side af den \u00f8konomiske krise, der for mange er en f\u00f8lge af coronakrisen. Takket v\u00e6re stor velvilje fra de lokale r\u00e5dgiveres side kan Mors\u00f8 Erhvervsr\u00e5d bakke lokale virksomhedsledere op i en sv\u00e6r tid\u201d, siger Tage Odgaard Nielsen.<\/p>\n<p>&nbsp;<\/p>\n<blockquote>\n<h3>FAKTA<\/h3>\n<p>Task force-gruppen best\u00e5r advokat Ole M\u00f8ller Knudsen (Advokathuset Funch &amp; Nielsen), statsautoriseret revisor Thomas Baag\u00f8 (BDO Revision), direkt\u00f8r Frank Bertelsen (Fr\u00f8slev-Mollerup Sparekasse),\u00a0Tage Odgaard Nielsen, formand for Mors\u00f8 Erhvervsr\u00e5d og Dansk Industri Thy\/Mors samt borgmester Hans Ejner Bertelsen (V).<\/p>\n<p>&nbsp;<\/p>\n<p>De tilknyttede r\u00e5dgivere arbejder uden honorar, og r\u00e5dgivning fra Mors\u00f8 Erhvervsr\u00e5ds Task Force er derfor gratis. Virksomheder p\u00e5 Mors kan komme i kontakt med r\u00e5dgiverne ved at sende en mail til taskforce@mer.dk eller ringe p\u00e5 telefon 9772 4800.<\/p><\/blockquote>\n<p class=\"v1MsoNormal\">\n","protected":false},"excerpt":{"rendered":"<p>MORS:\u00a0\u201dVi har aldrig pr\u00f8vet noget lignende f\u00f8r, og mange virksomhedsledere ved ikke, hvordan de skal tackle de problemer, Corona-krisen medf\u00f8rer. Dem vil vi gerne hj\u00e6lpe med kompetent r\u00e5dgivning.\u201d Ordene kommer fra formanden for Mors\u00f8 Erhvervsr\u00e5d, Tage Odgaard Nielsen. Han st\u00e5r sammen med Mors\u00f8 Kommunes borgmester Hans Ejner Bertelsen bag oprettelsen af en ekspertgruppe \u2013 en [&hellip;]<\/p>\n","protected":false},"author":8,"featured_media":12293,"comment_status":"open","ping_status":"open","sticky":false,"template":"","format":"standard","meta":{"_acf_changed":false,"footnotes":""},"categories":[51],"tags":[159,160],"class_list":["post-18088","post","type-post","status-publish","format-standard","has-post-thumbnail","hentry","category-lokalt","tag-erhverv","tag-handel"],"acf":[],"yoast_head":"<!-- This site is optimized with the Yoast SEO plugin v26.8 - https:\/\/yoast.com\/product\/yoast-seo-wordpress\/ -->\n<title>Lokal Task Force st\u00e5r klar med kriser\u00e5d til virksomheder p\u00e5 Mors - Mors<\/title>\n<meta name=\"robots\" content=\"index, follow, max-snippet:-1, max-image-preview:large, max-video-preview:-1\" \/>\n<link rel=\"canonical\" href=\"https:\/\/kunmedierne.dk\/mors\/lokal-task-force-staar-klar-med-kriseraad-til-virksomheder-paa-mors\/\" \/>\n<meta property=\"og:locale\" content=\"da_DK\" \/>\n<meta property=\"og:type\" content=\"article\" \/>\n<meta property=\"og:title\" content=\"Lokal Task Force st\u00e5r klar med kriser\u00e5d til virksomheder p\u00e5 Mors - Mors\" \/>\n<meta property=\"og:description\" content=\"MORS:\u00a0\u201dVi har aldrig pr\u00f8vet noget lignende f\u00f8r, og mange virksomhedsledere ved ikke, hvordan de skal tackle de problemer, Corona-krisen medf\u00f8rer. Dem vil vi gerne hj\u00e6lpe med kompetent r\u00e5dgivning.\u201d Ordene kommer fra formanden for Mors\u00f8 Erhvervsr\u00e5d, Tage Odgaard Nielsen. Han st\u00e5r sammen med Mors\u00f8 Kommunes borgmester Hans Ejner Bertelsen bag oprettelsen af en ekspertgruppe \u2013 en [&hellip;]\" \/>\n<meta property=\"og:url\" content=\"https:\/\/kunmedierne.dk\/mors\/lokal-task-force-staar-klar-med-kriseraad-til-virksomheder-paa-mors\/\" \/>\n<meta property=\"og:site_name\" content=\"Mors\" \/>\n<meta property=\"article:published_time\" content=\"2020-04-16T10:00:45+00:00\" \/>\n<meta property=\"article:modified_time\" content=\"2024-08-12T12:06:14+00:00\" \/>\n<meta property=\"og:image\" content=\"https:\/\/kunmedierne.dk\/mors\/wp-content\/uploads\/2020\/03\/200309-tage-odgaard.jpg\" \/>\n\t<meta property=\"og:image:width\" content=\"770\" \/>\n\t<meta property=\"og:image:height\" content=\"513\" \/>\n\t<meta property=\"og:image:type\" content=\"image\/jpeg\" \/>\n<meta name=\"author\" content=\"David H\u00f8jmark\" \/>\n<meta name=\"twitter:card\" content=\"summary_large_image\" \/>\n<meta name=\"twitter:label1\" content=\"Skrevet af\" \/>\n\t<meta name=\"twitter:data1\" content=\"David H\u00f8jmark\" \/>\n\t<meta name=\"twitter:label2\" content=\"Estimeret l\u00e6setid\" \/>\n\t<meta name=\"twitter:data2\" content=\"2 minutter\" \/>\n<script type=\"application\/ld+json\" class=\"yoast-schema-graph\">{\"@context\":\"https:\/\/schema.org\",\"@graph\":[{\"@type\":\"Article\",\"@id\":\"https:\/\/kunmedierne.dk\/mors\/lokal-task-force-staar-klar-med-kriseraad-til-virksomheder-paa-mors\/#article\",\"isPartOf\":{\"@id\":\"https:\/\/kunmedierne.dk\/mors\/lokal-task-force-staar-klar-med-kriseraad-til-virksomheder-paa-mors\/\"},\"author\":{\"name\":\"David H\u00f8jmark\",\"@id\":\"https:\/\/kunmedierne.dk\/mors\/#\/schema\/person\/5fe23251bf1d0abbcdc6f7896579d548\"},\"headline\":\"Lokal Task Force st\u00e5r klar med kriser\u00e5d til virksomheder p\u00e5 Mors\",\"datePublished\":\"2020-04-16T10:00:45+00:00\",\"dateModified\":\"2024-08-12T12:06:14+00:00\",\"mainEntityOfPage\":{\"@id\":\"https:\/\/kunmedierne.dk\/mors\/lokal-task-force-staar-klar-med-kriseraad-til-virksomheder-paa-mors\/\"},\"wordCount\":458,\"commentCount\":0,\"publisher\":{\"@id\":\"https:\/\/kunmedierne.dk\/mors\/#organization\"},\"image\":{\"@id\":\"https:\/\/kunmedierne.dk\/mors\/lokal-task-force-staar-klar-med-kriseraad-til-virksomheder-paa-mors\/#primaryimage\"},\"thumbnailUrl\":\"https:\/\/kunmedierne.dk\/mors\/wp-content\/uploads\/2020\/03\/200309-tage-odgaard.jpg\",\"keywords\":[\"Erhverv\",\"Handel\"],\"articleSection\":[\"Lokalt\"],\"inLanguage\":\"da-DK\",\"potentialAction\":[{\"@type\":\"CommentAction\",\"name\":\"Comment\",\"target\":[\"https:\/\/kunmedierne.dk\/mors\/lokal-task-force-staar-klar-med-kriseraad-til-virksomheder-paa-mors\/#respond\"]}]},{\"@type\":\"WebPage\",\"@id\":\"https:\/\/kunmedierne.dk\/mors\/lokal-task-force-staar-klar-med-kriseraad-til-virksomheder-paa-mors\/\",\"url\":\"https:\/\/kunmedierne.dk\/mors\/lokal-task-force-staar-klar-med-kriseraad-til-virksomheder-paa-mors\/\",\"name\":\"Lokal Task Force st\u00e5r klar med kriser\u00e5d til virksomheder p\u00e5 Mors - Mors\",\"isPartOf\":{\"@id\":\"https:\/\/kunmedierne.dk\/mors\/#website\"},\"primaryImageOfPage\":{\"@id\":\"https:\/\/kunmedierne.dk\/mors\/lokal-task-force-staar-klar-med-kriseraad-til-virksomheder-paa-mors\/#primaryimage\"},\"image\":{\"@id\":\"https:\/\/kunmedierne.dk\/mors\/lokal-task-force-staar-klar-med-kriseraad-til-virksomheder-paa-mors\/#primaryimage\"},\"thumbnailUrl\":\"https:\/\/kunmedierne.dk\/mors\/wp-content\/uploads\/2020\/03\/200309-tage-odgaard.jpg\",\"datePublished\":\"2020-04-16T10:00:45+00:00\",\"dateModified\":\"2024-08-12T12:06:14+00:00\",\"breadcrumb\":{\"@id\":\"https:\/\/kunmedierne.dk\/mors\/lokal-task-force-staar-klar-med-kriseraad-til-virksomheder-paa-mors\/#breadcrumb\"},\"inLanguage\":\"da-DK\",\"potentialAction\":[{\"@type\":\"ReadAction\",\"target\":[\"https:\/\/kunmedierne.dk\/mors\/lokal-task-force-staar-klar-med-kriseraad-til-virksomheder-paa-mors\/\"]}]},{\"@type\":\"ImageObject\",\"inLanguage\":\"da-DK\",\"@id\":\"https:\/\/kunmedierne.dk\/mors\/lokal-task-force-staar-klar-med-kriseraad-til-virksomheder-paa-mors\/#primaryimage\",\"url\":\"https:\/\/kunmedierne.dk\/mors\/wp-content\/uploads\/2020\/03\/200309-tage-odgaard.jpg\",\"contentUrl\":\"https:\/\/kunmedierne.dk\/mors\/wp-content\/uploads\/2020\/03\/200309-tage-odgaard.jpg\",\"width\":770,\"height\":513,\"caption\":\"Tage Odgaard Nielsen, formand for Mors\u00f8 Erhvervsr\u00e5d. Foto: Mors\u00f8 Erhvervsr\u00e5d.\"},{\"@type\":\"BreadcrumbList\",\"@id\":\"https:\/\/kunmedierne.dk\/mors\/lokal-task-force-staar-klar-med-kriseraad-til-virksomheder-paa-mors\/#breadcrumb\",\"itemListElement\":[{\"@type\":\"ListItem\",\"position\":1,\"name\":\"Hjem\",\"item\":\"https:\/\/kunmedierne.dk\/mors\/\"},{\"@type\":\"ListItem\",\"position\":2,\"name\":\"Lokal Task Force st\u00e5r klar med kriser\u00e5d til virksomheder p\u00e5 Mors\"}]},{\"@type\":\"WebSite\",\"@id\":\"https:\/\/kunmedierne.dk\/mors\/#website\",\"url\":\"https:\/\/kunmedierne.dk\/mors\/\",\"name\":\"Mors\",\"description\":\"et netmedie med journalistik om livet p\u00e5 Mors\",\"publisher\":{\"@id\":\"https:\/\/kunmedierne.dk\/mors\/#organization\"},\"potentialAction\":[{\"@type\":\"SearchAction\",\"target\":{\"@type\":\"EntryPoint\",\"urlTemplate\":\"https:\/\/kunmedierne.dk\/mors\/?s={search_term_string}\"},\"query-input\":{\"@type\":\"PropertyValueSpecification\",\"valueRequired\":true,\"valueName\":\"search_term_string\"}}],\"inLanguage\":\"da-DK\"},{\"@type\":\"Organization\",\"@id\":\"https:\/\/kunmedierne.dk\/mors\/#organization\",\"name\":\"Mors\",\"url\":\"https:\/\/kunmedierne.dk\/mors\/\",\"logo\":{\"@type\":\"ImageObject\",\"inLanguage\":\"da-DK\",\"@id\":\"https:\/\/kunmedierne.dk\/mors\/#\/schema\/logo\/image\/\",\"url\":\"https:\/\/kunmedierne.dk\/mors\/wp-content\/uploads\/2024\/08\/kunmors-logo.svg\",\"contentUrl\":\"https:\/\/kunmedierne.dk\/mors\/wp-content\/uploads\/2024\/08\/kunmors-logo.svg\",\"caption\":\"Mors\"},\"image\":{\"@id\":\"https:\/\/kunmedierne.dk\/mors\/#\/schema\/logo\/image\/\"}},{\"@type\":\"Person\",\"@id\":\"https:\/\/kunmedierne.dk\/mors\/#\/schema\/person\/5fe23251bf1d0abbcdc6f7896579d548\",\"name\":\"David H\u00f8jmark\",\"image\":{\"@type\":\"ImageObject\",\"inLanguage\":\"da-DK\",\"@id\":\"https:\/\/kunmedierne.dk\/mors\/#\/schema\/person\/image\/\",\"url\":\"https:\/\/secure.gravatar.com\/avatar\/4315d6fb9ef244d729989f5f90268eb08d5bf8a3d84402f595fa194bb35784fd?s=96&d=mm&r=g\",\"contentUrl\":\"https:\/\/secure.gravatar.com\/avatar\/4315d6fb9ef244d729989f5f90268eb08d5bf8a3d84402f595fa194bb35784fd?s=96&d=mm&r=g\",\"caption\":\"David H\u00f8jmark\"},\"sameAs\":[\"https:\/\/www.kunmedierne.dk\"],\"url\":\"https:\/\/kunmedierne.dk\/mors\/author\/david\/\"}]}<\/script>\n<!-- \/ Yoast SEO plugin. -->","yoast_head_json":{"title":"Lokal Task Force st\u00e5r klar med kriser\u00e5d til virksomheder p\u00e5 Mors - Mors","robots":{"index":"index","follow":"follow","max-snippet":"max-snippet:-1","max-image-preview":"max-image-preview:large","max-video-preview":"max-video-preview:-1"},"canonical":"https:\/\/kunmedierne.dk\/mors\/lokal-task-force-staar-klar-med-kriseraad-til-virksomheder-paa-mors\/","og_locale":"da_DK","og_type":"article","og_title":"Lokal Task Force st\u00e5r klar med kriser\u00e5d til virksomheder p\u00e5 Mors - Mors","og_description":"MORS:\u00a0\u201dVi har aldrig pr\u00f8vet noget lignende f\u00f8r, og mange virksomhedsledere ved ikke, hvordan de skal tackle de problemer, Corona-krisen medf\u00f8rer. Dem vil vi gerne hj\u00e6lpe med kompetent r\u00e5dgivning.\u201d Ordene kommer fra formanden for Mors\u00f8 Erhvervsr\u00e5d, Tage Odgaard Nielsen. Han st\u00e5r sammen med Mors\u00f8 Kommunes borgmester Hans Ejner Bertelsen bag oprettelsen af en ekspertgruppe \u2013 en [&hellip;]","og_url":"https:\/\/kunmedierne.dk\/mors\/lokal-task-force-staar-klar-med-kriseraad-til-virksomheder-paa-mors\/","og_site_name":"Mors","article_published_time":"2020-04-16T10:00:45+00:00","article_modified_time":"2024-08-12T12:06:14+00:00","og_image":[{"width":770,"height":513,"url":"https:\/\/kunmedierne.dk\/mors\/wp-content\/uploads\/2020\/03\/200309-tage-odgaard.jpg","type":"image\/jpeg"}],"author":"David H\u00f8jmark","twitter_card":"summary_large_image","twitter_misc":{"Skrevet af":"David H\u00f8jmark","Estimeret l\u00e6setid":"2 minutter"},"schema":{"@context":"https:\/\/schema.org","@graph":[{"@type":"Article","@id":"https:\/\/kunmedierne.dk\/mors\/lokal-task-force-staar-klar-med-kriseraad-til-virksomheder-paa-mors\/#article","isPartOf":{"@id":"https:\/\/kunmedierne.dk\/mors\/lokal-task-force-staar-klar-med-kriseraad-til-virksomheder-paa-mors\/"},"author":{"name":"David H\u00f8jmark","@id":"https:\/\/kunmedierne.dk\/mors\/#\/schema\/person\/5fe23251bf1d0abbcdc6f7896579d548"},"headline":"Lokal Task Force st\u00e5r klar med kriser\u00e5d til virksomheder p\u00e5 Mors","datePublished":"2020-04-16T10:00:45+00:00","dateModified":"2024-08-12T12:06:14+00:00","mainEntityOfPage":{"@id":"https:\/\/kunmedierne.dk\/mors\/lokal-task-force-staar-klar-med-kriseraad-til-virksomheder-paa-mors\/"},"wordCount":458,"commentCount":0,"publisher":{"@id":"https:\/\/kunmedierne.dk\/mors\/#organization"},"image":{"@id":"https:\/\/kunmedierne.dk\/mors\/lokal-task-force-staar-klar-med-kriseraad-til-virksomheder-paa-mors\/#primaryimage"},"thumbnailUrl":"https:\/\/kunmedierne.dk\/mors\/wp-content\/uploads\/2020\/03\/200309-tage-odgaard.jpg","keywords":["Erhverv","Handel"],"articleSection":["Lokalt"],"inLanguage":"da-DK","potentialAction":[{"@type":"CommentAction","name":"Comment","target":["https:\/\/kunmedierne.dk\/mors\/lokal-task-force-staar-klar-med-kriseraad-til-virksomheder-paa-mors\/#respond"]}]},{"@type":"WebPage","@id":"https:\/\/kunmedierne.dk\/mors\/lokal-task-force-staar-klar-med-kriseraad-til-virksomheder-paa-mors\/","url":"https:\/\/kunmedierne.dk\/mors\/lokal-task-force-staar-klar-med-kriseraad-til-virksomheder-paa-mors\/","name":"Lokal Task Force st\u00e5r klar med kriser\u00e5d til virksomheder p\u00e5 Mors - Mors","isPartOf":{"@id":"https:\/\/kunmedierne.dk\/mors\/#website"},"primaryImageOfPage":{"@id":"https:\/\/kunmedierne.dk\/mors\/lokal-task-force-staar-klar-med-kriseraad-til-virksomheder-paa-mors\/#primaryimage"},"image":{"@id":"https:\/\/kunmedierne.dk\/mors\/lokal-task-force-staar-klar-med-kriseraad-til-virksomheder-paa-mors\/#primaryimage"},"thumbnailUrl":"https:\/\/kunmedierne.dk\/mors\/wp-content\/uploads\/2020\/03\/200309-tage-odgaard.jpg","datePublished":"2020-04-16T10:00:45+00:00","dateModified":"2024-08-12T12:06:14+00:00","breadcrumb":{"@id":"https:\/\/kunmedierne.dk\/mors\/lokal-task-force-staar-klar-med-kriseraad-til-virksomheder-paa-mors\/#breadcrumb"},"inLanguage":"da-DK","potentialAction":[{"@type":"ReadAction","target":["https:\/\/kunmedierne.dk\/mors\/lokal-task-force-staar-klar-med-kriseraad-til-virksomheder-paa-mors\/"]}]},{"@type":"ImageObject","inLanguage":"da-DK","@id":"https:\/\/kunmedierne.dk\/mors\/lokal-task-force-staar-klar-med-kriseraad-til-virksomheder-paa-mors\/#primaryimage","url":"https:\/\/kunmedierne.dk\/mors\/wp-content\/uploads\/2020\/03\/200309-tage-odgaard.jpg","contentUrl":"https:\/\/kunmedierne.dk\/mors\/wp-content\/uploads\/2020\/03\/200309-tage-odgaard.jpg","width":770,"height":513,"caption":"Tage Odgaard Nielsen, formand for Mors\u00f8 Erhvervsr\u00e5d. Foto: Mors\u00f8 Erhvervsr\u00e5d."},{"@type":"BreadcrumbList","@id":"https:\/\/kunmedierne.dk\/mors\/lokal-task-force-staar-klar-med-kriseraad-til-virksomheder-paa-mors\/#breadcrumb","itemListElement":[{"@type":"ListItem","position":1,"name":"Hjem","item":"https:\/\/kunmedierne.dk\/mors\/"},{"@type":"ListItem","position":2,"name":"Lokal Task Force st\u00e5r klar med kriser\u00e5d til virksomheder p\u00e5 Mors"}]},{"@type":"WebSite","@id":"https:\/\/kunmedierne.dk\/mors\/#website","url":"https:\/\/kunmedierne.dk\/mors\/","name":"Mors","description":"et netmedie med journalistik om livet p\u00e5 Mors","publisher":{"@id":"https:\/\/kunmedierne.dk\/mors\/#organization"},"potentialAction":[{"@type":"SearchAction","target":{"@type":"EntryPoint","urlTemplate":"https:\/\/kunmedierne.dk\/mors\/?s={search_term_string}"},"query-input":{"@type":"PropertyValueSpecification","valueRequired":true,"valueName":"search_term_string"}}],"inLanguage":"da-DK"},{"@type":"Organization","@id":"https:\/\/kunmedierne.dk\/mors\/#organization","name":"Mors","url":"https:\/\/kunmedierne.dk\/mors\/","logo":{"@type":"ImageObject","inLanguage":"da-DK","@id":"https:\/\/kunmedierne.dk\/mors\/#\/schema\/logo\/image\/","url":"https:\/\/kunmedierne.dk\/mors\/wp-content\/uploads\/2024\/08\/kunmors-logo.svg","contentUrl":"https:\/\/kunmedierne.dk\/mors\/wp-content\/uploads\/2024\/08\/kunmors-logo.svg","caption":"Mors"},"image":{"@id":"https:\/\/kunmedierne.dk\/mors\/#\/schema\/logo\/image\/"}},{"@type":"Person","@id":"https:\/\/kunmedierne.dk\/mors\/#\/schema\/person\/5fe23251bf1d0abbcdc6f7896579d548","name":"David H\u00f8jmark","image":{"@type":"ImageObject","inLanguage":"da-DK","@id":"https:\/\/kunmedierne.dk\/mors\/#\/schema\/person\/image\/","url":"https:\/\/secure.gravatar.com\/avatar\/4315d6fb9ef244d729989f5f90268eb08d5bf8a3d84402f595fa194bb35784fd?s=96&d=mm&r=g","contentUrl":"https:\/\/secure.gravatar.com\/avatar\/4315d6fb9ef244d729989f5f90268eb08d5bf8a3d84402f595fa194bb35784fd?s=96&d=mm&r=g","caption":"David H\u00f8jmark"},"sameAs":["https:\/\/www.kunmedierne.dk"],"url":"https:\/\/kunmedierne.dk\/mors\/author\/david\/"}]}},"_links":{"self":[{"href":"https:\/\/kunmedierne.dk\/mors\/wp-json\/wp\/v2\/posts\/18088","targetHints":{"allow":["GET"]}}],"collection":[{"href":"https:\/\/kunmedierne.dk\/mors\/wp-json\/wp\/v2\/posts"}],"about":[{"href":"https:\/\/kunmedierne.dk\/mors\/wp-json\/wp\/v2\/types\/post"}],"author":[{"embeddable":true,"href":"https:\/\/kunmedierne.dk\/mors\/wp-json\/wp\/v2\/users\/8"}],"replies":[{"embeddable":true,"href":"https:\/\/kunmedierne.dk\/mors\/wp-json\/wp\/v2\/comments?post=18088"}],"version-history":[{"count":5,"href":"https:\/\/kunmedierne.dk\/mors\/wp-json\/wp\/v2\/posts\/18088\/revisions"}],"predecessor-version":[{"id":18102,"href":"https:\/\/kunmedierne.dk\/mors\/wp-json\/wp\/v2\/posts\/18088\/revisions\/18102"}],"wp:featuredmedia":[{"embeddable":true,"href":"https:\/\/kunmedierne.dk\/mors\/wp-json\/wp\/v2\/media\/12293"}],"wp:attachment":[{"href":"https:\/\/kunmedierne.dk\/mors\/wp-json\/wp\/v2\/media?parent=18088"}],"wp:term":[{"taxonomy":"category","embeddable":true,"href":"https:\/\/kunmedierne.dk\/mors\/wp-json\/wp\/v2\/categories?post=18088"},{"taxonomy":"post_tag","embeddable":true,"href":"https:\/\/kunmedierne.dk\/mors\/wp-json\/wp\/v2\/tags?post=18088"}],"curies":[{"name":"wp","href":"https:\/\/api.w.org\/{rel}","templated":true}]}}