{"id":180839,"date":"2026-09-03T11:11:37","date_gmt":"2026-09-03T09:11:37","guid":{"rendered":"https:\/\/kunmedierne.dk\/mors\/?p=180839"},"modified":"2026-09-03T12:41:24","modified_gmt":"2026-09-03T10:41:24","slug":"clara-foelte-sig-kaldet-til-nordmors-selvfoelgelig-skulle-det-vaere-mig","status":"publish","type":"post","link":"https:\/\/kunmedierne.dk\/mors\/clara-foelte-sig-kaldet-til-nordmors-selvfoelgelig-skulle-det-vaere-mig\/","title":{"rendered":"<span>Clara f\u00f8lte sig kaldet til Nordmors:<\/span> &#8220;Selvf\u00f8lgelig skulle det v\u00e6re mig&#8221;"},"content":{"rendered":"<p><strong>SEJERSLEV:<\/strong> \u2013 Du kommer med solen, siger Clara, mens hun r\u00e6kker ud efter to ultramarinbl\u00e5 tekopper i et glasskab.<\/p>\n<p>\u2013 Det er K\u00e4hler-kopper. Jeg elsker dem. Der er s\u00e5dan en 1940&#8217;er-magi over dem. De minder mig om et maleri af Van Gogh. Mandelblomst, hedder det vist.<\/p>\n<a class=\"dvrt-link\" onClick=\"cdmtrack_click(116504,jQuery(this));return false\" href=\"https:\/\/www.nybolig.dk\/ejendomsmaeglere\/nordvestjylland\/nybolig-morsoe-nykoebing-mors\"><img decoding=\"async\" style=\"width:100%;\" src=\"https:\/\/kunmedierne.dk\/mors\/wp-content\/uploads\/2024\/04\/250825Nybolig.jpg\"><\/a><script>cdmtrack_view(116504);<\/script>\n<p>Vi befinder os i pr\u00e6steboligen i Sejerslev. En hvidkalket, str\u00e5t\u00e6kt Morten Korch-herlighed p\u00e5 det nordlige Mors.<\/p>\n<p>\u2013 Det er min dag nummer to som pr\u00e6st her. Og i dag har v\u00e6ret en gl\u00e6delig dag. Der er kommet tre d\u00e5bsanmeldelser ind.<\/p>\n<p>28-\u00e5rige Clara Elisabeth Nybo er netop begyndt som sognepr\u00e6st i Nordmors Pastorat. Her skal hun v\u00e6re pr\u00e6st i Sejerslev, Ejerslev, J\u00f8rsby, Alsted og S\u00f8nder Dr\u00e5by.<\/p>\n<p>Hun finder en lille \u00e6ske med tebreve frem.<\/p>\n<p>\u2013 Du m\u00e5 selv v\u00e6lge.<\/p>\n<p>Hun smiler, mens hun fort\u00e6ller, hvor godt familien er blevet taget imod. Datteren Hannah er begyndt i b\u00f8rnehuset Luffe, mens Claras forlovede, Ivan, fortsat arbejder som pr\u00e6st i H\u00f8rning, hvor familien er flyttet fra. Dr\u00f8mmen er, at han p\u00e5 et tidspunkt kan finde en pr\u00e6stestilling i n\u00e6rheden af Mors.<\/p>\n<p>&nbsp;<\/p>\n<p><strong>Fra pr\u00e6stebarn til pr\u00e6st<\/strong><\/p>\n<p>Clara fort\u00e6ller, at hun selv er pr\u00e6stebarn.<\/p>\n<p>\u2013 Jeg er ikke nomadebarn, men jeg er f\u00f8dt og voksede en tid op i K\u00f8benhavn, og s\u00e5 flyttede vi senere til M\u00f8n. S\u00e5 har jeg boet kort tid i Sk\u00e6lsk\u00f8r. Derefter flyttede vi til Vestervig i Thy, og s\u00e5 flyttede jeg til Thisted, mens jeg gik i gymnasiet.<\/p>\n<p>Senere l\u00e6ste hun teologi i Aarhus og bosatte sig i H\u00f8rning.<\/p>\n<p>Det var ikke givet fra begyndelsen, at hun selv skulle ende p\u00e5 pr\u00e6dikestolen.<\/p>\n<p>\u2013 Alvoren g\u00e5r op for en. Det er jo meget popul\u00e6rt, n\u00e5r man studerer teologi \u2013 is\u00e6r hvis man er pr\u00e6stebarn \u2013 at sige, at man i hvert fald ikke skal v\u00e6re pr\u00e6st.<\/p>\n<a class=\"dvrt-link\" onClick=\"cdmtrack_click(116504,jQuery(this));return false\" href=\"https:\/\/www.nybolig.dk\/ejendomsmaeglere\/nordvestjylland\/nybolig-morsoe-nykoebing-mors\"><img decoding=\"async\" style=\"width:100%;\" src=\"https:\/\/kunmedierne.dk\/mors\/wp-content\/uploads\/2024\/04\/250825Nybolig.jpg\"><\/a><script>cdmtrack_view(116504);<\/script>\n<p>Men livet sammen med Ivan gav hende et indblik i pr\u00e6stens hverdag.<\/p>\n<p>\u2013 Jeg oplevede jo hans hverdag, og jeg kunne ikke se noget mere meningsfuldt selv at bruge min tid p\u00e5. S\u00e5 blev jeg mere og mere overbevist om, at det faktisk var det, jeg ville.<\/p>\n<p>Den 1. september havde Clara sin f\u00f8rste officielle arbejdsdag som pr\u00e6st i Nordmors Pastorat.<\/p>\n<p>Men allerede da stillingsopslaget dukkede op, var der noget, der trak.<\/p>\n<p>\u2013 Da jeg s\u00e5 stillingen her, vidste jeg, at jeg skulle v\u00e6re pr\u00e6st. Og jeg vidste, at det skulle v\u00e6re her.<\/p>\n<p>&nbsp;<\/p>\n<p><strong>Et uforklarligt tr\u00e6k mod Nordmors<\/strong><\/p>\n<p>N\u00e5r Clara fors\u00f8ger at forklare, hvorfor det netop skulle v\u00e6re Nordmors, ender hun med et ord, der ikke ligefrem h\u00f8rer hjemme i en jobans\u00f8gning: Uforklarligt.<\/p>\n<p>\u2013 Var det de fantastisk s\u00f8de og engagerede form\u00e6nd, jeg m\u00f8dte, som bare havde s\u00e5 meget k\u00e6rlighed til det her sted, at jeg ikke kunne lade v\u00e6re med selv at blive forelsket i det? Eller var det kirkerummene, som f\u00f8ltes dejligt hjemlige? Var det naturen, jeg k\u00f8rte igennem?<\/p>\n<p>Hun stopper et \u00f8jeblik.<\/p>\n<p>\u2013 Eller var det hele ideen om det liv, jeg kunne f\u00e5 lov til at leve heroppe, som virkede s\u00e5 fremmed og alligevel s\u00e5 velkendt? Jeg ved ikke n\u00f8jagtigt, hvad det var. M\u00e5ske var det kulminationen af mange smukke \u00f8jeblikke, der bare gjorde det rigtigt.<\/p>\n<p>Solen falder mellem de gamle tr\u00e6er i pr\u00e6steg\u00e5rdshaven, mens Clara l\u00f8fter tebrevet op og ned i den bl\u00e5 kop.<\/p>\n<p>\u2013 I pr\u00e6steembedet taler man om kaldstanken. Og jeg tror virkelig, at det var det, jeg p\u00e5 en eller anden bizar m\u00e5de oplevede. Jeg f\u00f8lte mig virkelig kaldet til at komme her.<\/p>\n<p>&nbsp;<\/p>\n<p><strong>Et d\u00e5rligt billede p\u00e5 Google<\/strong><\/p>\n<p>Indenfor g\u00e5r massive, gamle fyrretr\u00e6splanker gennem huset. Her er tr\u00e6gulve, bl\u00e5t k\u00f8kken og gule stuer.<\/p>\n<p>F\u00f8r Clara s\u00f8gte stillingen, havde hun naturligvis unders\u00f8gt, hvor hun i givet fald skulle bo.<\/p>\n<p>Google Maps gav ikke ligefrem det bedste f\u00f8rsteh\u00e5ndsindtryk.<\/p>\n<p>\u2013 Det var et ret intetsigende Google Maps-billede, der dukkede op.<\/p>\n<a class=\"dvrt-link\" onClick=\"cdmtrack_click(111725,jQuery(this));return false\" href=\"https:\/\/www.thistedforsikring.dk\/?utm_source=partnerskaber&amp;utm_campaign=kun_mors\"><img decoding=\"async\" style=\"width:100%;\" src=\"https:\/\/kunmedierne.dk\/mors\/wp-content\/uploads\/2024\/02\/269409KunMors-ThistedFor-1.png\"><\/a><script>cdmtrack_view(111725);<\/script>\n<p>Hun tager en t\u00e5r te og smiler.<\/p>\n<p>\u2013 Det er lidt ligesom at v\u00e6re p\u00e5 Tinder og se et virkelig ucharmerende billede af en og alligevel t\u00e6nke: Ham skal jeg give en chance.<\/p>\n<p>Det gjorde hun.<\/p>\n<p>Og da hun kom til Sejerslev, s\u00e5 virkeligheden noget anderledes ud end p\u00e5 sk\u00e6rmen.<\/p>\n<p>\u2013 S\u00e5 t\u00e6nkte jeg bare, at det var totalt Morten Korch. Det er jo alt det, en pr\u00e6steg\u00e5rd b\u00f8r v\u00e6re.<\/p>\n<p>Is\u00e6r det store kastanjetr\u00e6 gjorde indtryk.<\/p>\n<p>Nu st\u00e5r det uden for k\u00f8kkenvinduet og bev\u00e6ger sig i septembervinden.<\/p>\n<p>&nbsp;<\/p>\n<p><strong>Midt i en by, der vil leve<\/strong><\/p>\n<p>Noget andet overraskede Clara, da familien flyttede ind.<\/p>\n<p>Hvor t\u00e6t hun pludselig var p\u00e5 alting.<\/p>\n<p>\u2013 Det er jo p\u00e5 en m\u00e5de kontraintuitivt, fordi man er vant til at t\u00e6nke, at n\u00e5r man kommer ud p\u00e5 landet, s\u00e5 bor man langt v\u00e6k fra alt og alle.<\/p>\n<p>S\u00e5dan f\u00f8les Sejerslev ikke.<\/p>\n<p>\u2013 Hver aften h\u00f8rer jeg drengene spille fodbold lige derovre. Jeg bor lige over for kirken, som v\u00e6kker mig hver morgen og siger godnat med klokkerne hver aften. Jeg kan h\u00f8re b\u00f8rnehaven, min datter g\u00e5r i, og jeg kan se skolen fra middagsbordet.<\/p>\n<p>For Clara er det tegn p\u00e5 noget vigtigt.<\/p>\n<p>At hun er flyttet ind midt i et lokalsamfund, som insisterer p\u00e5 at v\u00e6re et lokalsamfund.<\/p>\n<p>\u2013 Det er en by, der er i live, og som vil v\u00e6re i live. Der er lige blevet opf\u00f8rt en ny k\u00f8bmandsbutik, fordi der er s\u00e5 mange gode mennesker, der gerne vil stedet.<\/p>\n<p>Netop derfor har hun sv\u00e6rt ved at forst\u00e5 den bekymring, der fandtes i menighedsr\u00e5dene, inden hun blev ansat.<\/p>\n<p>Kunne man overhovedet finde en pr\u00e6st, der havde lyst til at komme til Nordmors?<\/p>\n<p>Clara forst\u00e5r n\u00e6sten ikke sp\u00f8rgsm\u00e5let.<\/p>\n<p>\u2013 Havde det v\u00e6ret for 30 \u00e5r siden, havde der nok v\u00e6ret omkring 70 ans\u00f8gere til en stilling som den her. I dag er der pr\u00e6stemangel, og de fleste vil bo i byerne. Men jeg forst\u00e5r det ikke. Selvf\u00f8lgelig skulle Nordmors have en pr\u00e6st. Og selvf\u00f8lgelig skulle det v\u00e6re mig.<\/p>\n<p>Hun t\u00f8mmer sin tekop.<\/p>\n<p>\u2013 Jeg vil gerne v\u00e6re synlig. Altid.<\/p>\n<p>Hun ved godt, at den slags tillid ikke f\u00f8lger automatisk med pr\u00e6stekraven.<\/p>\n<p>\u2013 Det er s\u00e5 nemt at sige. Det er noget, der bliver oparbejdet over tid. Jeg kan jo ikke bare skrive p\u00e5 d\u00f8ren: &#8220;Kom ind&#8221;. Men forh\u00e5bentlig vil folk om nogle m\u00e5neder og om nogle \u00e5r vide, at selvf\u00f8lgelig kan man bare g\u00e5 ind ad d\u00f8ren.<\/p>\n<a class=\"dvrt-link\" onClick=\"cdmtrack_click(111725,jQuery(this));return false\" href=\"https:\/\/www.thistedforsikring.dk\/?utm_source=partnerskaber&amp;utm_campaign=kun_mors\"><img decoding=\"async\" style=\"width:100%;\" src=\"https:\/\/kunmedierne.dk\/mors\/wp-content\/uploads\/2024\/02\/269409KunMors-ThistedFor-1.png\"><\/a><script>cdmtrack_view(111725);<\/script>\n<p>Og det g\u00e6lder alle.<\/p>\n<p>\u2013 Uanset hvem du er, s\u00e5 skal du bare komme ind, hvis du har brug for det.<\/p>\n<p>&nbsp;<\/p>\n<p><strong>Mellem livets yderpunkter<\/strong><\/p>\n<p>Det er ogs\u00e5 her, Clara finder noget af det, der i sin tid fik hende til at v\u00e6lge pr\u00e6stegerningen.<\/p>\n<p>For bag d\u00f8rene kommer mennesker ikke kun med d\u00e5bsanmeldelser og gl\u00e6delige nyheder.<\/p>\n<p>\u2013 Der er en stor rigdom i, at man altid f\u00e5r lov til at besk\u00e6ftige sig med det st\u00f8rste, det sv\u00e6reste, det smukkeste, det grimmeste, det mest ventede og det mest uventede.<\/p>\n<p>Pr\u00e6stens arbejdsdag kan bev\u00e6ge sig mellem livets yderpunkter p\u00e5 ganske f\u00e5 timer.<\/p>\n<p>\u2013 Det ene \u00f8jeblik sidder man og smiler og griner med nogen, fordi de er s\u00e5 lykkelige og st\u00e5r midt i livets lethed. Det n\u00e6ste \u00f8jeblik sidder man hos nogen, der st\u00e5r i et af de sv\u00e6reste \u00f8jeblikke i deres liv.<\/p>\n<p>Det er netop d\u00e9r, hun finder alvoren og meningen i sit nye arbejde.<\/p>\n<p>\u2013 At v\u00e6re det menneske, der f\u00f8lger folk, er der for dem og g\u00e5r med dem p\u00e5 den vej.<\/p>\n<p>To dage inde i sit f\u00f8rste pr\u00e6steembede st\u00e5r den 28-\u00e5rige pr\u00e6st alts\u00e5 med et helt arbejdsliv foran sig p\u00e5 Nordmors.<\/p>\n<p>Tre d\u00e5bsanmeldelser er allerede landet.<\/p>\n<a class=\"dvrt-link\" onClick=\"cdmtrack_click(104786,jQuery(this));return false\" href=\"https:\/\/limfjordsteatret.dk\/events\/tobias-dybvad-mit-bedste-onemanshow\/\"><img decoding=\"async\" style=\"width:100%;\" src=\"https:\/\/kunmedierne.dk\/mors\/wp-content\/uploads\/2023\/10\/aarskortLim_KunMors_1100x125.jpg\"><\/a><script>cdmtrack_view(104786);<\/script>\n<p>Kirken ringer morgen og aften p\u00e5 den anden side af h\u00e6kken.<\/p>\n<p>Og d\u00f8ren til den gamle pr\u00e6steg\u00e5rd skal, hvis det g\u00e5r som Clara h\u00e5ber, med tiden blive en d\u00f8r, som borgerne i Sejerslev, Ejerslev, J\u00f8rsby, Alsted og S\u00f8nder Dr\u00e5by ved, at de gerne m\u00e5 banke p\u00e5.<\/p>\n","protected":false},"excerpt":{"rendered":"<p>SEJERSLEV: \u2013 Du kommer med solen, siger Clara, mens hun r\u00e6kker ud efter to ultramarinbl\u00e5 tekopper i et glasskab. \u2013 Det er K\u00e4hler-kopper. Jeg elsker dem. Der er s\u00e5dan en 1940&#8217;er-magi over dem. De minder mig om et maleri af Van Gogh. Mandelblomst, hedder det vist. Vi befinder os i pr\u00e6steboligen i Sejerslev. En hvidkalket, [&hellip;]<\/p>\n","protected":false},"author":2507,"featured_media":0,"comment_status":"closed","ping_status":"closed","sticky":true,"template":"","format":"standard","meta":{"_acf_changed":false,"footnotes":""},"categories":[49],"tags":[],"class_list":["post-180839","post","type-post","status-publish","format-standard","hentry","category-kultur"],"acf":[],"yoast_head":"<!-- This site is optimized with the Yoast SEO plugin v27.7 - https:\/\/yoast.com\/product\/yoast-seo-wordpress\/ -->\n<title>Clara f\u00f8lte sig kaldet til Nordmors: &quot;Selvf\u00f8lgelig skulle det v\u00e6re mig&quot; - Mors<\/title>\n<meta name=\"robots\" content=\"index, follow, max-snippet:-1, max-image-preview:large, max-video-preview:-1\" \/>\n<link rel=\"canonical\" href=\"https:\/\/kunmedierne.dk\/mors\/clara-foelte-sig-kaldet-til-nordmors-selvfoelgelig-skulle-det-vaere-mig\/\" \/>\n<meta property=\"og:locale\" content=\"da_DK\" \/>\n<meta property=\"og:type\" content=\"article\" \/>\n<meta property=\"og:title\" content=\"Clara f\u00f8lte sig kaldet til Nordmors: &quot;Selvf\u00f8lgelig skulle det v\u00e6re mig&quot; - Mors\" \/>\n<meta property=\"og:description\" content=\"SEJERSLEV: \u2013 Du kommer med solen, siger Clara, mens hun r\u00e6kker ud efter to ultramarinbl\u00e5 tekopper i et glasskab. \u2013 Det er K\u00e4hler-kopper. Jeg elsker dem. Der er s\u00e5dan en 1940&#8217;er-magi over dem. De minder mig om et maleri af Van Gogh. Mandelblomst, hedder det vist. Vi befinder os i pr\u00e6steboligen i Sejerslev. En hvidkalket, [&hellip;]\" \/>\n<meta property=\"og:url\" content=\"https:\/\/kunmedierne.dk\/mors\/clara-foelte-sig-kaldet-til-nordmors-selvfoelgelig-skulle-det-vaere-mig\/\" \/>\n<meta property=\"og:site_name\" content=\"Mors\" \/>\n<meta property=\"article:published_time\" content=\"2026-09-03T09:11:37+00:00\" \/>\n<meta property=\"article:modified_time\" content=\"2026-09-03T10:41:24+00:00\" \/>\n<meta name=\"author\" content=\"Katrine Hedegaard\" \/>\n<meta name=\"twitter:card\" content=\"summary_large_image\" \/>\n<meta name=\"twitter:label1\" content=\"Skrevet af\" \/>\n\t<meta name=\"twitter:data1\" content=\"Katrine Hedegaard\" \/>\n\t<meta name=\"twitter:label2\" content=\"Estimeret l\u00e6setid\" \/>\n\t<meta name=\"twitter:data2\" content=\"7 minutter\" \/>\n<script type=\"application\/ld+json\" class=\"yoast-schema-graph\">{\"@context\":\"https:\\\/\\\/schema.org\",\"@graph\":[{\"@type\":\"Article\",\"@id\":\"https:\\\/\\\/kunmedierne.dk\\\/mors\\\/clara-foelte-sig-kaldet-til-nordmors-selvfoelgelig-skulle-det-vaere-mig\\\/#article\",\"isPartOf\":{\"@id\":\"https:\\\/\\\/kunmedierne.dk\\\/mors\\\/clara-foelte-sig-kaldet-til-nordmors-selvfoelgelig-skulle-det-vaere-mig\\\/\"},\"author\":{\"name\":\"Katrine Hedegaard\",\"@id\":\"https:\\\/\\\/kunmedierne.dk\\\/mors\\\/#\\\/schema\\\/person\\\/b2e62a38069b12365e53e087a8709c64\"},\"headline\":\"Clara f\u00f8lte sig kaldet til Nordmors: &#8220;Selvf\u00f8lgelig skulle det v\u00e6re mig&#8221;\",\"datePublished\":\"2026-09-03T09:11:37+00:00\",\"dateModified\":\"2026-09-03T10:41:24+00:00\",\"mainEntityOfPage\":{\"@id\":\"https:\\\/\\\/kunmedierne.dk\\\/mors\\\/clara-foelte-sig-kaldet-til-nordmors-selvfoelgelig-skulle-det-vaere-mig\\\/\"},\"wordCount\":1432,\"publisher\":{\"@id\":\"https:\\\/\\\/kunmedierne.dk\\\/mors\\\/#organization\"},\"articleSection\":[\"Kultur\"],\"inLanguage\":\"da-DK\"},{\"@type\":\"WebPage\",\"@id\":\"https:\\\/\\\/kunmedierne.dk\\\/mors\\\/clara-foelte-sig-kaldet-til-nordmors-selvfoelgelig-skulle-det-vaere-mig\\\/\",\"url\":\"https:\\\/\\\/kunmedierne.dk\\\/mors\\\/clara-foelte-sig-kaldet-til-nordmors-selvfoelgelig-skulle-det-vaere-mig\\\/\",\"name\":\"Clara f\u00f8lte sig kaldet til Nordmors: \\\"Selvf\u00f8lgelig skulle det v\u00e6re mig\\\" - Mors\",\"isPartOf\":{\"@id\":\"https:\\\/\\\/kunmedierne.dk\\\/mors\\\/#website\"},\"datePublished\":\"2026-09-03T09:11:37+00:00\",\"dateModified\":\"2026-09-03T10:41:24+00:00\",\"breadcrumb\":{\"@id\":\"https:\\\/\\\/kunmedierne.dk\\\/mors\\\/clara-foelte-sig-kaldet-til-nordmors-selvfoelgelig-skulle-det-vaere-mig\\\/#breadcrumb\"},\"inLanguage\":\"da-DK\",\"potentialAction\":[{\"@type\":\"ReadAction\",\"target\":[\"https:\\\/\\\/kunmedierne.dk\\\/mors\\\/clara-foelte-sig-kaldet-til-nordmors-selvfoelgelig-skulle-det-vaere-mig\\\/\"]}]},{\"@type\":\"BreadcrumbList\",\"@id\":\"https:\\\/\\\/kunmedierne.dk\\\/mors\\\/clara-foelte-sig-kaldet-til-nordmors-selvfoelgelig-skulle-det-vaere-mig\\\/#breadcrumb\",\"itemListElement\":[{\"@type\":\"ListItem\",\"position\":1,\"name\":\"Hjem\",\"item\":\"https:\\\/\\\/kunmedierne.dk\\\/mors\\\/\"},{\"@type\":\"ListItem\",\"position\":2,\"name\":\"Clara f\u00f8lte sig kaldet til Nordmors: &#8220;Selvf\u00f8lgelig skulle det v\u00e6re mig&#8221;\"}]},{\"@type\":\"WebSite\",\"@id\":\"https:\\\/\\\/kunmedierne.dk\\\/mors\\\/#website\",\"url\":\"https:\\\/\\\/kunmedierne.dk\\\/mors\\\/\",\"name\":\"Mors\",\"description\":\"et netmedie med journalistik om livet p\u00e5 Mors\",\"publisher\":{\"@id\":\"https:\\\/\\\/kunmedierne.dk\\\/mors\\\/#organization\"},\"potentialAction\":[{\"@type\":\"SearchAction\",\"target\":{\"@type\":\"EntryPoint\",\"urlTemplate\":\"https:\\\/\\\/kunmedierne.dk\\\/mors\\\/?s={search_term_string}\"},\"query-input\":{\"@type\":\"PropertyValueSpecification\",\"valueRequired\":true,\"valueName\":\"search_term_string\"}}],\"inLanguage\":\"da-DK\"},{\"@type\":\"Organization\",\"@id\":\"https:\\\/\\\/kunmedierne.dk\\\/mors\\\/#organization\",\"name\":\"Mors\",\"url\":\"https:\\\/\\\/kunmedierne.dk\\\/mors\\\/\",\"logo\":{\"@type\":\"ImageObject\",\"inLanguage\":\"da-DK\",\"@id\":\"https:\\\/\\\/kunmedierne.dk\\\/mors\\\/#\\\/schema\\\/logo\\\/image\\\/\",\"url\":\"https:\\\/\\\/kunmedierne.dk\\\/mors\\\/wp-content\\\/uploads\\\/2024\\\/08\\\/kunmors-logo.svg\",\"contentUrl\":\"https:\\\/\\\/kunmedierne.dk\\\/mors\\\/wp-content\\\/uploads\\\/2024\\\/08\\\/kunmors-logo.svg\",\"caption\":\"Mors\"},\"image\":{\"@id\":\"https:\\\/\\\/kunmedierne.dk\\\/mors\\\/#\\\/schema\\\/logo\\\/image\\\/\"}},{\"@type\":\"Person\",\"@id\":\"https:\\\/\\\/kunmedierne.dk\\\/mors\\\/#\\\/schema\\\/person\\\/b2e62a38069b12365e53e087a8709c64\",\"name\":\"Katrine Hedegaard\",\"image\":{\"@type\":\"ImageObject\",\"inLanguage\":\"da-DK\",\"@id\":\"https:\\\/\\\/secure.gravatar.com\\\/avatar\\\/18a5c72fa9148052fd3ed5a58b40fc83cfdc9811090e6e6eec9539af058edcc0?s=96&d=mm&r=g\",\"url\":\"https:\\\/\\\/secure.gravatar.com\\\/avatar\\\/18a5c72fa9148052fd3ed5a58b40fc83cfdc9811090e6e6eec9539af058edcc0?s=96&d=mm&r=g\",\"contentUrl\":\"https:\\\/\\\/secure.gravatar.com\\\/avatar\\\/18a5c72fa9148052fd3ed5a58b40fc83cfdc9811090e6e6eec9539af058edcc0?s=96&d=mm&r=g\",\"caption\":\"Katrine Hedegaard\"},\"url\":\"https:\\\/\\\/kunmedierne.dk\\\/mors\\\/author\\\/katrine\\\/\"}]}<\/script>\n<!-- \/ Yoast SEO plugin. -->","yoast_head_json":{"title":"Clara f\u00f8lte sig kaldet til Nordmors: \"Selvf\u00f8lgelig skulle det v\u00e6re mig\" - Mors","robots":{"index":"index","follow":"follow","max-snippet":"max-snippet:-1","max-image-preview":"max-image-preview:large","max-video-preview":"max-video-preview:-1"},"canonical":"https:\/\/kunmedierne.dk\/mors\/clara-foelte-sig-kaldet-til-nordmors-selvfoelgelig-skulle-det-vaere-mig\/","og_locale":"da_DK","og_type":"article","og_title":"Clara f\u00f8lte sig kaldet til Nordmors: \"Selvf\u00f8lgelig skulle det v\u00e6re mig\" - Mors","og_description":"SEJERSLEV: \u2013 Du kommer med solen, siger Clara, mens hun r\u00e6kker ud efter to ultramarinbl\u00e5 tekopper i et glasskab. \u2013 Det er K\u00e4hler-kopper. Jeg elsker dem. Der er s\u00e5dan en 1940&#8217;er-magi over dem. De minder mig om et maleri af Van Gogh. Mandelblomst, hedder det vist. Vi befinder os i pr\u00e6steboligen i Sejerslev. En hvidkalket, [&hellip;]","og_url":"https:\/\/kunmedierne.dk\/mors\/clara-foelte-sig-kaldet-til-nordmors-selvfoelgelig-skulle-det-vaere-mig\/","og_site_name":"Mors","article_published_time":"2026-09-03T09:11:37+00:00","article_modified_time":"2026-09-03T10:41:24+00:00","author":"Katrine Hedegaard","twitter_card":"summary_large_image","twitter_misc":{"Skrevet af":"Katrine Hedegaard","Estimeret l\u00e6setid":"7 minutter"},"schema":{"@context":"https:\/\/schema.org","@graph":[{"@type":"Article","@id":"https:\/\/kunmedierne.dk\/mors\/clara-foelte-sig-kaldet-til-nordmors-selvfoelgelig-skulle-det-vaere-mig\/#article","isPartOf":{"@id":"https:\/\/kunmedierne.dk\/mors\/clara-foelte-sig-kaldet-til-nordmors-selvfoelgelig-skulle-det-vaere-mig\/"},"author":{"name":"Katrine Hedegaard","@id":"https:\/\/kunmedierne.dk\/mors\/#\/schema\/person\/b2e62a38069b12365e53e087a8709c64"},"headline":"Clara f\u00f8lte sig kaldet til Nordmors: &#8220;Selvf\u00f8lgelig skulle det v\u00e6re mig&#8221;","datePublished":"2026-09-03T09:11:37+00:00","dateModified":"2026-09-03T10:41:24+00:00","mainEntityOfPage":{"@id":"https:\/\/kunmedierne.dk\/mors\/clara-foelte-sig-kaldet-til-nordmors-selvfoelgelig-skulle-det-vaere-mig\/"},"wordCount":1432,"publisher":{"@id":"https:\/\/kunmedierne.dk\/mors\/#organization"},"articleSection":["Kultur"],"inLanguage":"da-DK"},{"@type":"WebPage","@id":"https:\/\/kunmedierne.dk\/mors\/clara-foelte-sig-kaldet-til-nordmors-selvfoelgelig-skulle-det-vaere-mig\/","url":"https:\/\/kunmedierne.dk\/mors\/clara-foelte-sig-kaldet-til-nordmors-selvfoelgelig-skulle-det-vaere-mig\/","name":"Clara f\u00f8lte sig kaldet til Nordmors: \"Selvf\u00f8lgelig skulle det v\u00e6re mig\" - Mors","isPartOf":{"@id":"https:\/\/kunmedierne.dk\/mors\/#website"},"datePublished":"2026-09-03T09:11:37+00:00","dateModified":"2026-09-03T10:41:24+00:00","breadcrumb":{"@id":"https:\/\/kunmedierne.dk\/mors\/clara-foelte-sig-kaldet-til-nordmors-selvfoelgelig-skulle-det-vaere-mig\/#breadcrumb"},"inLanguage":"da-DK","potentialAction":[{"@type":"ReadAction","target":["https:\/\/kunmedierne.dk\/mors\/clara-foelte-sig-kaldet-til-nordmors-selvfoelgelig-skulle-det-vaere-mig\/"]}]},{"@type":"BreadcrumbList","@id":"https:\/\/kunmedierne.dk\/mors\/clara-foelte-sig-kaldet-til-nordmors-selvfoelgelig-skulle-det-vaere-mig\/#breadcrumb","itemListElement":[{"@type":"ListItem","position":1,"name":"Hjem","item":"https:\/\/kunmedierne.dk\/mors\/"},{"@type":"ListItem","position":2,"name":"Clara f\u00f8lte sig kaldet til Nordmors: &#8220;Selvf\u00f8lgelig skulle det v\u00e6re mig&#8221;"}]},{"@type":"WebSite","@id":"https:\/\/kunmedierne.dk\/mors\/#website","url":"https:\/\/kunmedierne.dk\/mors\/","name":"Mors","description":"et netmedie med journalistik om livet p\u00e5 Mors","publisher":{"@id":"https:\/\/kunmedierne.dk\/mors\/#organization"},"potentialAction":[{"@type":"SearchAction","target":{"@type":"EntryPoint","urlTemplate":"https:\/\/kunmedierne.dk\/mors\/?s={search_term_string}"},"query-input":{"@type":"PropertyValueSpecification","valueRequired":true,"valueName":"search_term_string"}}],"inLanguage":"da-DK"},{"@type":"Organization","@id":"https:\/\/kunmedierne.dk\/mors\/#organization","name":"Mors","url":"https:\/\/kunmedierne.dk\/mors\/","logo":{"@type":"ImageObject","inLanguage":"da-DK","@id":"https:\/\/kunmedierne.dk\/mors\/#\/schema\/logo\/image\/","url":"https:\/\/kunmedierne.dk\/mors\/wp-content\/uploads\/2024\/08\/kunmors-logo.svg","contentUrl":"https:\/\/kunmedierne.dk\/mors\/wp-content\/uploads\/2024\/08\/kunmors-logo.svg","caption":"Mors"},"image":{"@id":"https:\/\/kunmedierne.dk\/mors\/#\/schema\/logo\/image\/"}},{"@type":"Person","@id":"https:\/\/kunmedierne.dk\/mors\/#\/schema\/person\/b2e62a38069b12365e53e087a8709c64","name":"Katrine Hedegaard","image":{"@type":"ImageObject","inLanguage":"da-DK","@id":"https:\/\/secure.gravatar.com\/avatar\/18a5c72fa9148052fd3ed5a58b40fc83cfdc9811090e6e6eec9539af058edcc0?s=96&d=mm&r=g","url":"https:\/\/secure.gravatar.com\/avatar\/18a5c72fa9148052fd3ed5a58b40fc83cfdc9811090e6e6eec9539af058edcc0?s=96&d=mm&r=g","contentUrl":"https:\/\/secure.gravatar.com\/avatar\/18a5c72fa9148052fd3ed5a58b40fc83cfdc9811090e6e6eec9539af058edcc0?s=96&d=mm&r=g","caption":"Katrine Hedegaard"},"url":"https:\/\/kunmedierne.dk\/mors\/author\/katrine\/"}]}},"_links":{"self":[{"href":"https:\/\/kunmedierne.dk\/mors\/wp-json\/wp\/v2\/posts\/180839","targetHints":{"allow":["GET"]}}],"collection":[{"href":"https:\/\/kunmedierne.dk\/mors\/wp-json\/wp\/v2\/posts"}],"about":[{"href":"https:\/\/kunmedierne.dk\/mors\/wp-json\/wp\/v2\/types\/post"}],"author":[{"embeddable":true,"href":"https:\/\/kunmedierne.dk\/mors\/wp-json\/wp\/v2\/users\/2507"}],"replies":[{"embeddable":true,"href":"https:\/\/kunmedierne.dk\/mors\/wp-json\/wp\/v2\/comments?post=180839"}],"version-history":[{"count":7,"href":"https:\/\/kunmedierne.dk\/mors\/wp-json\/wp\/v2\/posts\/180839\/revisions"}],"predecessor-version":[{"id":180882,"href":"https:\/\/kunmedierne.dk\/mors\/wp-json\/wp\/v2\/posts\/180839\/revisions\/180882"}],"wp:attachment":[{"href":"https:\/\/kunmedierne.dk\/mors\/wp-json\/wp\/v2\/media?parent=180839"}],"wp:term":[{"taxonomy":"category","embeddable":true,"href":"https:\/\/kunmedierne.dk\/mors\/wp-json\/wp\/v2\/categories?post=180839"},{"taxonomy":"post_tag","embeddable":true,"href":"https:\/\/kunmedierne.dk\/mors\/wp-json\/wp\/v2\/tags?post=180839"}],"curies":[{"name":"wp","href":"https:\/\/api.w.org\/{rel}","templated":true}]}}