{"id":180820,"date":"2026-09-02T14:49:32","date_gmt":"2026-09-02T12:49:32","guid":{"rendered":"https:\/\/kunmedierne.dk\/mors\/?p=180820"},"modified":"2026-09-02T14:49:32","modified_gmt":"2026-09-02T12:49:32","slug":"arbejdskraft-bliver-afgoerende-for-vaeksten-i-thy-og-paa-mors","status":"publish","type":"post","link":"https:\/\/kunmedierne.dk\/mors\/arbejdskraft-bliver-afgoerende-for-vaeksten-i-thy-og-paa-mors\/","title":{"rendered":"Arbejdskraft bliver afg\u00f8rende for v\u00e6ksten i Thy og p\u00e5 Mors"},"content":{"rendered":"<p><strong>PRESSEMEDDELELSE:<\/strong> Mors\u00f8 Kommune indtager en samlet 23. plads, mens Thisted Kommune ligger nummer 56 blandt de 91 kommuner i DI\u2019s unders\u00f8gelse Lokal Erhvervsvenlighed 2026. Thisted g\u00e5r fire pladser frem sammenlignet med sidste \u00e5r.<\/p>\n<a class=\"dvrt-link\" onClick=\"cdmtrack_click(113414,jQuery(this));return false\" href=\"https:\/\/www.p-soerensen.dk\/\"><img decoding=\"async\" style=\"width:100%;\" src=\"https:\/\/kunmedierne.dk\/mors\/wp-content\/uploads\/2024\/03\/p-soerensen-juni25.jpg\"><\/a><script>cdmtrack_view(113414);<\/script>\n<p>If\u00f8lge bestyrelsesleder for DI Thy\/Mors, Tage Odgaard Nielsen, viser resultaterne flere positive takter. Men unders\u00f8gelsen peger ogs\u00e5 p\u00e5 en dagsorden, som bliver afg\u00f8rende for hele omr\u00e5dets erhvervsudvikling.<\/p>\n<p>&#8211;\u00a0Der er gode resultater at bygge videre p\u00e5 i begge kommuner. Den helt afg\u00f8rende opgave for Thy og Mors er dog at sikre kvalificeret arbejdskraft. Hvis virksomhederne ikke kan finde de rette medarbejdere, bliver det vanskeligere at investere, udvikle produktionen og skabe den v\u00e6kst, som vores omr\u00e5de har brug for, siger Tage Odgaard Nielsen.<\/p>\n<p>&nbsp;<\/p>\n<p><strong>St\u00e6rke resultater p\u00e5 Mors\u00a0<\/strong><\/p>\n<p>Mors\u00f8 leverer flere st\u00e6rke resultater inden for folkeskole, uddannelse og arbejdskraft. Kommunen har landets h\u00f8jeste kompetenced\u00e6kning i folkeskolen og ligger nummer ni p\u00e5 andelen af elever, der s\u00f8ger en erhvervsuddannelse efter 9. eller 10. klasse. Samtidig ligger Mors\u00f8 nummer ti p\u00e5 virksomhedernes vurdering af kommunens indsats for at tiltr\u00e6kke og sikre kvalificeret arbejdskraft.<\/p>\n<p>&#8211;\u00a0Mors\u00f8 har et st\u00e6rkt erhvervsrettet fokus og en god dialog med virksomhederne. Det er et vigtigt fundament, n\u00e5r kommunen og erhvervslivet sammen skal sikre, at flere unge f\u00e5r \u00f8je p\u00e5 de lokale uddannelsesmuligheder og virksomheder, siger Tage Odgaard Nielsen.<\/p>\n<p>Mors\u00f8 g\u00e5r samlet set ti pladser tilbage fra sidste \u00e5rs 13. plads.\u00a0If\u00f8lge DI Thy\/Mors \u00e6ndrer tilbagegangen\u00a0dog ikke\u00a0ved, at kommunen har gode foruds\u00e6tninger for at fastholde og udvikle sin erhvervsvenlighed.<\/p>\n<p>&nbsp;<\/p>\n<p><strong>Thisted satser p\u00e5 international arbejdskraft\u00a0<\/strong><\/p>\n<p>Thisted g\u00e5r frem fra nummer 60 til nummer 56. Kommunen forbedrer blandt andet sin placering inden for overordnet erhvervsvenlighed og dialog samt kommunal administration.<\/p>\n<p>DI Thy\/Mors fremh\u00e6ver s\u00e6rligt Thisted Kommunes m\u00e5lrettede indsats for at tiltr\u00e6kke og fastholde internationale medarbejdere. Thisted Kommune, DI Thy\/Mors og Thy Erhvervsforum indgik i 2025 et strategisk samarbejde om international arbejdskraft og bos\u00e6tning. Baggrunden er blandt andet en\u00a0forventning om, at den erhvervsaktive befolkning i kommunen vil falde med cirka 13 procent frem mod 2040, svarende til knap 3.000 personer.<\/p>\n<a class=\"dvrt-link\" onClick=\"cdmtrack_click(104785,jQuery(this));return false\" href=\"https:\/\/www.facebook.com\/lyndrups\"><img decoding=\"async\" style=\"width:100%;\" src=\"https:\/\/kunmedierne.dk\/mors\/wp-content\/uploads\/2022\/02\/vip-lyndrups-rengoering.jpg\"><\/a><script>cdmtrack_view(104785);<\/script>\n<p>Som en del af indsatsen har Thisted Kommune etableret en Tilflytterservice med \u00e9n medarbejder. Den skal sammen med kommunens Virksomhedsservice hj\u00e6lpe virksomheder med rekruttering, ans\u00e6ttelse, onboarding og fastholdelse af internationale medarbejdere. Indsatsen skal ogs\u00e5 hj\u00e6lpe medarbejderne og deres familier med at finde sig til rette i Thy.<\/p>\n<p>&#8211;\u00a0Thisted Kommune har set udfordringen i \u00f8jnene og sat en langsigtet indsats i gang. Det fortjener ros. Det er ikke nok at tiltr\u00e6kke en medarbejder. Medarbejderen og familien skal ogs\u00e5 have gode muligheder for at skabe en hverdag og blive en del af lokalsamfundet, siger Tage Odgaard Nielsen.<\/p>\n<p>&nbsp;<\/p>\n<p><strong>Unge og internationale medarbejdere er del af samme l\u00f8sning\u00a0<\/strong><\/p>\n<p>For DI Thy\/Mors er satsningen p\u00e5 international arbejdskraft ikke et alternativ til at uddanne og fastholde omr\u00e5dets egne unge. Begge dele er n\u00f8dvendige, hvis virksomhederne ogs\u00e5 fremover skal kunne finde de medarbejdere, de har brug for.<\/p>\n<p>Mors\u00f8 og Thisted ligger begge h\u00f8jt p\u00e5 andelen af unge, der s\u00f8ger en erhvervsuddannelse efter 9. eller 10. klasse. Mors\u00f8 ligger nummer ni, mens Thisted ligger nummer 12.<\/p>\n<p>&#8211;\u00a0Vi skal give flere unge kendskab til de lokale virksomheder og mulighederne i en erhvervsuddannelse. Vi skal g\u00f8re det attraktivt for unge at vende tilbage efter endt uddannelse. Og vi skal blive dygtigere til at tage imod internationale medarbejdere og deres familier. Det er \u00e9n samlet indsats for at sikre virksomhedernes og omr\u00e5dets fremtid, siger Tage Odgaard Nielsen.<\/p>\n<a class=\"dvrt-link\" onClick=\"cdmtrack_click(104785,jQuery(this));return false\" href=\"https:\/\/www.facebook.com\/lyndrups\"><img decoding=\"async\" style=\"width:100%;\" src=\"https:\/\/kunmedierne.dk\/mors\/wp-content\/uploads\/2022\/02\/vip-lyndrups-rengoering.jpg\"><\/a><script>cdmtrack_view(104785);<\/script>\n<p>If\u00f8lge DI Thy\/Mors kr\u00e6ver det et t\u00e6t og forpligtende samarbejde mellem kommunerne, uddannelsesinstitutionerne og virksomhederne. Det g\u00e6lder b\u00e5de i folkeskolen, p\u00e5 ungdomsuddannelserne og i arbejdet med at hj\u00e6lpe unge, der st\u00e5r uden uddannelse eller job.<\/p>\n<p>&#8211;\u00a0Thy og Mors har st\u00e6rke virksomheder og t\u00e6tte lokale samarbejder. Det skal vi bruge aktivt. Vi kan ikke \u00e6ndre den demografiske udvikling, men vi kan handle p\u00e5 den og sikre, at omr\u00e5det ogs\u00e5 fremover er et attraktivt sted at uddanne sig, arbejde, drive virksomhed og bos\u00e6tte sig, siger Tage Odgaard Nielsen.<\/p>\n<p>&nbsp;<\/p>\n<p><strong>Kort om Lokal Erhvervsvenlighed 2026\u00a0<\/strong><\/p>\n<p>Lokal Erhvervsvenlighed er DI\u2019s landsd\u00e6kkende unders\u00f8gelse af erhvervsvenligheden i kommunerne. I 2026 bygger unders\u00f8gelsen p\u00e5 svar fra 7.789 virksomheder samt en r\u00e6kke statistiske indikatorer.<\/p>\n<p>Kommunerne vurderes inden for fire kategorier:<\/p>\n<ul>\n<li>Overordnet erhvervsvenlighed og dialog<\/li>\n<\/ul>\n<ul>\n<li>Infrastruktur og energi<\/li>\n<\/ul>\n<ul>\n<li>Uddannelse og arbejdskraft<\/li>\n<\/ul>\n<ul>\n<li>Kommunal administration<\/li>\n<\/ul>\n<p>De fire kategorier v\u00e6gter lige meget i kommunernes samlede resultat<\/p>\n","protected":false},"excerpt":{"rendered":"<p>PRESSEMEDDELELSE: Mors\u00f8 Kommune indtager en samlet 23. plads, mens Thisted Kommune ligger nummer 56 blandt de 91 kommuner i DI\u2019s unders\u00f8gelse Lokal Erhvervsvenlighed 2026. Thisted g\u00e5r fire pladser frem sammenlignet med sidste \u00e5r. If\u00f8lge bestyrelsesleder for DI Thy\/Mors, Tage Odgaard Nielsen, viser resultaterne flere positive takter. Men unders\u00f8gelsen peger ogs\u00e5 p\u00e5 en dagsorden, som bliver [&hellip;]<\/p>\n","protected":false},"author":2507,"featured_media":0,"comment_status":"closed","ping_status":"closed","sticky":false,"template":"","format":"standard","meta":{"_acf_changed":false,"footnotes":""},"categories":[51],"tags":[159],"class_list":["post-180820","post","type-post","status-publish","format-standard","hentry","category-lokalt","tag-erhverv"],"acf":[],"yoast_head":"<!-- This site is optimized with the Yoast SEO plugin v27.7 - https:\/\/yoast.com\/product\/yoast-seo-wordpress\/ -->\n<title>Arbejdskraft bliver afg\u00f8rende for v\u00e6ksten i Thy og p\u00e5 Mors - Mors<\/title>\n<meta name=\"robots\" content=\"index, follow, max-snippet:-1, max-image-preview:large, max-video-preview:-1\" \/>\n<link rel=\"canonical\" href=\"https:\/\/kunmedierne.dk\/mors\/arbejdskraft-bliver-afgoerende-for-vaeksten-i-thy-og-paa-mors\/\" \/>\n<meta property=\"og:locale\" content=\"da_DK\" \/>\n<meta property=\"og:type\" content=\"article\" \/>\n<meta property=\"og:title\" content=\"Arbejdskraft bliver afg\u00f8rende for v\u00e6ksten i Thy og p\u00e5 Mors - Mors\" \/>\n<meta property=\"og:description\" content=\"PRESSEMEDDELELSE: Mors\u00f8 Kommune indtager en samlet 23. plads, mens Thisted Kommune ligger nummer 56 blandt de 91 kommuner i DI\u2019s unders\u00f8gelse Lokal Erhvervsvenlighed 2026. Thisted g\u00e5r fire pladser frem sammenlignet med sidste \u00e5r. If\u00f8lge bestyrelsesleder for DI Thy\/Mors, Tage Odgaard Nielsen, viser resultaterne flere positive takter. Men unders\u00f8gelsen peger ogs\u00e5 p\u00e5 en dagsorden, som bliver [&hellip;]\" \/>\n<meta property=\"og:url\" content=\"https:\/\/kunmedierne.dk\/mors\/arbejdskraft-bliver-afgoerende-for-vaeksten-i-thy-og-paa-mors\/\" \/>\n<meta property=\"og:site_name\" content=\"Mors\" \/>\n<meta property=\"article:published_time\" content=\"2026-09-02T12:49:32+00:00\" \/>\n<meta name=\"author\" content=\"Katrine Hedegaard\" \/>\n<meta name=\"twitter:card\" content=\"summary_large_image\" \/>\n<meta name=\"twitter:label1\" content=\"Skrevet af\" \/>\n\t<meta name=\"twitter:data1\" content=\"Katrine Hedegaard\" \/>\n\t<meta name=\"twitter:label2\" content=\"Estimeret l\u00e6setid\" \/>\n\t<meta name=\"twitter:data2\" content=\"4 minutter\" \/>\n<script type=\"application\/ld+json\" class=\"yoast-schema-graph\">{\"@context\":\"https:\\\/\\\/schema.org\",\"@graph\":[{\"@type\":\"Article\",\"@id\":\"https:\\\/\\\/kunmedierne.dk\\\/mors\\\/arbejdskraft-bliver-afgoerende-for-vaeksten-i-thy-og-paa-mors\\\/#article\",\"isPartOf\":{\"@id\":\"https:\\\/\\\/kunmedierne.dk\\\/mors\\\/arbejdskraft-bliver-afgoerende-for-vaeksten-i-thy-og-paa-mors\\\/\"},\"author\":{\"name\":\"Katrine Hedegaard\",\"@id\":\"https:\\\/\\\/kunmedierne.dk\\\/mors\\\/#\\\/schema\\\/person\\\/b2e62a38069b12365e53e087a8709c64\"},\"headline\":\"Arbejdskraft bliver afg\u00f8rende for v\u00e6ksten i Thy og p\u00e5 Mors\",\"datePublished\":\"2026-09-02T12:49:32+00:00\",\"mainEntityOfPage\":{\"@id\":\"https:\\\/\\\/kunmedierne.dk\\\/mors\\\/arbejdskraft-bliver-afgoerende-for-vaeksten-i-thy-og-paa-mors\\\/\"},\"wordCount\":770,\"publisher\":{\"@id\":\"https:\\\/\\\/kunmedierne.dk\\\/mors\\\/#organization\"},\"keywords\":[\"Erhverv\"],\"articleSection\":[\"Lokalt\"],\"inLanguage\":\"da-DK\"},{\"@type\":\"WebPage\",\"@id\":\"https:\\\/\\\/kunmedierne.dk\\\/mors\\\/arbejdskraft-bliver-afgoerende-for-vaeksten-i-thy-og-paa-mors\\\/\",\"url\":\"https:\\\/\\\/kunmedierne.dk\\\/mors\\\/arbejdskraft-bliver-afgoerende-for-vaeksten-i-thy-og-paa-mors\\\/\",\"name\":\"Arbejdskraft bliver afg\u00f8rende for v\u00e6ksten i Thy og p\u00e5 Mors - Mors\",\"isPartOf\":{\"@id\":\"https:\\\/\\\/kunmedierne.dk\\\/mors\\\/#website\"},\"datePublished\":\"2026-09-02T12:49:32+00:00\",\"breadcrumb\":{\"@id\":\"https:\\\/\\\/kunmedierne.dk\\\/mors\\\/arbejdskraft-bliver-afgoerende-for-vaeksten-i-thy-og-paa-mors\\\/#breadcrumb\"},\"inLanguage\":\"da-DK\",\"potentialAction\":[{\"@type\":\"ReadAction\",\"target\":[\"https:\\\/\\\/kunmedierne.dk\\\/mors\\\/arbejdskraft-bliver-afgoerende-for-vaeksten-i-thy-og-paa-mors\\\/\"]}]},{\"@type\":\"BreadcrumbList\",\"@id\":\"https:\\\/\\\/kunmedierne.dk\\\/mors\\\/arbejdskraft-bliver-afgoerende-for-vaeksten-i-thy-og-paa-mors\\\/#breadcrumb\",\"itemListElement\":[{\"@type\":\"ListItem\",\"position\":1,\"name\":\"Hjem\",\"item\":\"https:\\\/\\\/kunmedierne.dk\\\/mors\\\/\"},{\"@type\":\"ListItem\",\"position\":2,\"name\":\"Arbejdskraft bliver afg\u00f8rende for v\u00e6ksten i Thy og p\u00e5 Mors\"}]},{\"@type\":\"WebSite\",\"@id\":\"https:\\\/\\\/kunmedierne.dk\\\/mors\\\/#website\",\"url\":\"https:\\\/\\\/kunmedierne.dk\\\/mors\\\/\",\"name\":\"Mors\",\"description\":\"et netmedie med journalistik om livet p\u00e5 Mors\",\"publisher\":{\"@id\":\"https:\\\/\\\/kunmedierne.dk\\\/mors\\\/#organization\"},\"potentialAction\":[{\"@type\":\"SearchAction\",\"target\":{\"@type\":\"EntryPoint\",\"urlTemplate\":\"https:\\\/\\\/kunmedierne.dk\\\/mors\\\/?s={search_term_string}\"},\"query-input\":{\"@type\":\"PropertyValueSpecification\",\"valueRequired\":true,\"valueName\":\"search_term_string\"}}],\"inLanguage\":\"da-DK\"},{\"@type\":\"Organization\",\"@id\":\"https:\\\/\\\/kunmedierne.dk\\\/mors\\\/#organization\",\"name\":\"Mors\",\"url\":\"https:\\\/\\\/kunmedierne.dk\\\/mors\\\/\",\"logo\":{\"@type\":\"ImageObject\",\"inLanguage\":\"da-DK\",\"@id\":\"https:\\\/\\\/kunmedierne.dk\\\/mors\\\/#\\\/schema\\\/logo\\\/image\\\/\",\"url\":\"https:\\\/\\\/kunmedierne.dk\\\/mors\\\/wp-content\\\/uploads\\\/2024\\\/08\\\/kunmors-logo.svg\",\"contentUrl\":\"https:\\\/\\\/kunmedierne.dk\\\/mors\\\/wp-content\\\/uploads\\\/2024\\\/08\\\/kunmors-logo.svg\",\"caption\":\"Mors\"},\"image\":{\"@id\":\"https:\\\/\\\/kunmedierne.dk\\\/mors\\\/#\\\/schema\\\/logo\\\/image\\\/\"}},{\"@type\":\"Person\",\"@id\":\"https:\\\/\\\/kunmedierne.dk\\\/mors\\\/#\\\/schema\\\/person\\\/b2e62a38069b12365e53e087a8709c64\",\"name\":\"Katrine Hedegaard\",\"image\":{\"@type\":\"ImageObject\",\"inLanguage\":\"da-DK\",\"@id\":\"https:\\\/\\\/secure.gravatar.com\\\/avatar\\\/18a5c72fa9148052fd3ed5a58b40fc83cfdc9811090e6e6eec9539af058edcc0?s=96&d=mm&r=g\",\"url\":\"https:\\\/\\\/secure.gravatar.com\\\/avatar\\\/18a5c72fa9148052fd3ed5a58b40fc83cfdc9811090e6e6eec9539af058edcc0?s=96&d=mm&r=g\",\"contentUrl\":\"https:\\\/\\\/secure.gravatar.com\\\/avatar\\\/18a5c72fa9148052fd3ed5a58b40fc83cfdc9811090e6e6eec9539af058edcc0?s=96&d=mm&r=g\",\"caption\":\"Katrine Hedegaard\"},\"url\":\"https:\\\/\\\/kunmedierne.dk\\\/mors\\\/author\\\/katrine\\\/\"}]}<\/script>\n<!-- \/ Yoast SEO plugin. -->","yoast_head_json":{"title":"Arbejdskraft bliver afg\u00f8rende for v\u00e6ksten i Thy og p\u00e5 Mors - Mors","robots":{"index":"index","follow":"follow","max-snippet":"max-snippet:-1","max-image-preview":"max-image-preview:large","max-video-preview":"max-video-preview:-1"},"canonical":"https:\/\/kunmedierne.dk\/mors\/arbejdskraft-bliver-afgoerende-for-vaeksten-i-thy-og-paa-mors\/","og_locale":"da_DK","og_type":"article","og_title":"Arbejdskraft bliver afg\u00f8rende for v\u00e6ksten i Thy og p\u00e5 Mors - Mors","og_description":"PRESSEMEDDELELSE: Mors\u00f8 Kommune indtager en samlet 23. plads, mens Thisted Kommune ligger nummer 56 blandt de 91 kommuner i DI\u2019s unders\u00f8gelse Lokal Erhvervsvenlighed 2026. Thisted g\u00e5r fire pladser frem sammenlignet med sidste \u00e5r. If\u00f8lge bestyrelsesleder for DI Thy\/Mors, Tage Odgaard Nielsen, viser resultaterne flere positive takter. Men unders\u00f8gelsen peger ogs\u00e5 p\u00e5 en dagsorden, som bliver [&hellip;]","og_url":"https:\/\/kunmedierne.dk\/mors\/arbejdskraft-bliver-afgoerende-for-vaeksten-i-thy-og-paa-mors\/","og_site_name":"Mors","article_published_time":"2026-09-02T12:49:32+00:00","author":"Katrine Hedegaard","twitter_card":"summary_large_image","twitter_misc":{"Skrevet af":"Katrine Hedegaard","Estimeret l\u00e6setid":"4 minutter"},"schema":{"@context":"https:\/\/schema.org","@graph":[{"@type":"Article","@id":"https:\/\/kunmedierne.dk\/mors\/arbejdskraft-bliver-afgoerende-for-vaeksten-i-thy-og-paa-mors\/#article","isPartOf":{"@id":"https:\/\/kunmedierne.dk\/mors\/arbejdskraft-bliver-afgoerende-for-vaeksten-i-thy-og-paa-mors\/"},"author":{"name":"Katrine Hedegaard","@id":"https:\/\/kunmedierne.dk\/mors\/#\/schema\/person\/b2e62a38069b12365e53e087a8709c64"},"headline":"Arbejdskraft bliver afg\u00f8rende for v\u00e6ksten i Thy og p\u00e5 Mors","datePublished":"2026-09-02T12:49:32+00:00","mainEntityOfPage":{"@id":"https:\/\/kunmedierne.dk\/mors\/arbejdskraft-bliver-afgoerende-for-vaeksten-i-thy-og-paa-mors\/"},"wordCount":770,"publisher":{"@id":"https:\/\/kunmedierne.dk\/mors\/#organization"},"keywords":["Erhverv"],"articleSection":["Lokalt"],"inLanguage":"da-DK"},{"@type":"WebPage","@id":"https:\/\/kunmedierne.dk\/mors\/arbejdskraft-bliver-afgoerende-for-vaeksten-i-thy-og-paa-mors\/","url":"https:\/\/kunmedierne.dk\/mors\/arbejdskraft-bliver-afgoerende-for-vaeksten-i-thy-og-paa-mors\/","name":"Arbejdskraft bliver afg\u00f8rende for v\u00e6ksten i Thy og p\u00e5 Mors - Mors","isPartOf":{"@id":"https:\/\/kunmedierne.dk\/mors\/#website"},"datePublished":"2026-09-02T12:49:32+00:00","breadcrumb":{"@id":"https:\/\/kunmedierne.dk\/mors\/arbejdskraft-bliver-afgoerende-for-vaeksten-i-thy-og-paa-mors\/#breadcrumb"},"inLanguage":"da-DK","potentialAction":[{"@type":"ReadAction","target":["https:\/\/kunmedierne.dk\/mors\/arbejdskraft-bliver-afgoerende-for-vaeksten-i-thy-og-paa-mors\/"]}]},{"@type":"BreadcrumbList","@id":"https:\/\/kunmedierne.dk\/mors\/arbejdskraft-bliver-afgoerende-for-vaeksten-i-thy-og-paa-mors\/#breadcrumb","itemListElement":[{"@type":"ListItem","position":1,"name":"Hjem","item":"https:\/\/kunmedierne.dk\/mors\/"},{"@type":"ListItem","position":2,"name":"Arbejdskraft bliver afg\u00f8rende for v\u00e6ksten i Thy og p\u00e5 Mors"}]},{"@type":"WebSite","@id":"https:\/\/kunmedierne.dk\/mors\/#website","url":"https:\/\/kunmedierne.dk\/mors\/","name":"Mors","description":"et netmedie med journalistik om livet p\u00e5 Mors","publisher":{"@id":"https:\/\/kunmedierne.dk\/mors\/#organization"},"potentialAction":[{"@type":"SearchAction","target":{"@type":"EntryPoint","urlTemplate":"https:\/\/kunmedierne.dk\/mors\/?s={search_term_string}"},"query-input":{"@type":"PropertyValueSpecification","valueRequired":true,"valueName":"search_term_string"}}],"inLanguage":"da-DK"},{"@type":"Organization","@id":"https:\/\/kunmedierne.dk\/mors\/#organization","name":"Mors","url":"https:\/\/kunmedierne.dk\/mors\/","logo":{"@type":"ImageObject","inLanguage":"da-DK","@id":"https:\/\/kunmedierne.dk\/mors\/#\/schema\/logo\/image\/","url":"https:\/\/kunmedierne.dk\/mors\/wp-content\/uploads\/2024\/08\/kunmors-logo.svg","contentUrl":"https:\/\/kunmedierne.dk\/mors\/wp-content\/uploads\/2024\/08\/kunmors-logo.svg","caption":"Mors"},"image":{"@id":"https:\/\/kunmedierne.dk\/mors\/#\/schema\/logo\/image\/"}},{"@type":"Person","@id":"https:\/\/kunmedierne.dk\/mors\/#\/schema\/person\/b2e62a38069b12365e53e087a8709c64","name":"Katrine Hedegaard","image":{"@type":"ImageObject","inLanguage":"da-DK","@id":"https:\/\/secure.gravatar.com\/avatar\/18a5c72fa9148052fd3ed5a58b40fc83cfdc9811090e6e6eec9539af058edcc0?s=96&d=mm&r=g","url":"https:\/\/secure.gravatar.com\/avatar\/18a5c72fa9148052fd3ed5a58b40fc83cfdc9811090e6e6eec9539af058edcc0?s=96&d=mm&r=g","contentUrl":"https:\/\/secure.gravatar.com\/avatar\/18a5c72fa9148052fd3ed5a58b40fc83cfdc9811090e6e6eec9539af058edcc0?s=96&d=mm&r=g","caption":"Katrine Hedegaard"},"url":"https:\/\/kunmedierne.dk\/mors\/author\/katrine\/"}]}},"_links":{"self":[{"href":"https:\/\/kunmedierne.dk\/mors\/wp-json\/wp\/v2\/posts\/180820","targetHints":{"allow":["GET"]}}],"collection":[{"href":"https:\/\/kunmedierne.dk\/mors\/wp-json\/wp\/v2\/posts"}],"about":[{"href":"https:\/\/kunmedierne.dk\/mors\/wp-json\/wp\/v2\/types\/post"}],"author":[{"embeddable":true,"href":"https:\/\/kunmedierne.dk\/mors\/wp-json\/wp\/v2\/users\/2507"}],"replies":[{"embeddable":true,"href":"https:\/\/kunmedierne.dk\/mors\/wp-json\/wp\/v2\/comments?post=180820"}],"version-history":[{"count":2,"href":"https:\/\/kunmedierne.dk\/mors\/wp-json\/wp\/v2\/posts\/180820\/revisions"}],"predecessor-version":[{"id":180852,"href":"https:\/\/kunmedierne.dk\/mors\/wp-json\/wp\/v2\/posts\/180820\/revisions\/180852"}],"wp:attachment":[{"href":"https:\/\/kunmedierne.dk\/mors\/wp-json\/wp\/v2\/media?parent=180820"}],"wp:term":[{"taxonomy":"category","embeddable":true,"href":"https:\/\/kunmedierne.dk\/mors\/wp-json\/wp\/v2\/categories?post=180820"},{"taxonomy":"post_tag","embeddable":true,"href":"https:\/\/kunmedierne.dk\/mors\/wp-json\/wp\/v2\/tags?post=180820"}],"curies":[{"name":"wp","href":"https:\/\/api.w.org\/{rel}","templated":true}]}}