{"id":180819,"date":"2026-09-03T20:23:21","date_gmt":"2026-09-03T18:23:21","guid":{"rendered":"https:\/\/kunmedierne.dk\/mors\/?p=180819"},"modified":"2026-09-03T16:55:37","modified_gmt":"2026-09-03T14:55:37","slug":"thomas-fik-stjaalet-sine-traktorer-men-er-ligeglad-med-hvem-der-gjorde-det-de-er-blevet-brugt-til-et-godt-formaal","status":"publish","type":"post","link":"https:\/\/kunmedierne.dk\/mors\/thomas-fik-stjaalet-sine-traktorer-men-er-ligeglad-med-hvem-der-gjorde-det-de-er-blevet-brugt-til-et-godt-formaal\/","title":{"rendered":"<span>Thomas fik stj\u00e5let sine traktorer, men er ligeglad med hvem der gjorde det:<\/span> &#8211; De er blevet brugt til et godt form\u00e5l"},"content":{"rendered":"<p><strong>LANDBRUG:<\/strong> Mandag morgen m\u00e5tte bilister p\u00e5 Sallingsundbroen sno sig uden om to traktorer med bannere, der protesterede mod den g\u00f8dskningslov, der netop er blevet vedtaget i Folketinget.<\/p>\n<p><span data-olk-copy-source=\"MessageBody\"><a class=\"dvrt-link\" onClick=\"cdmtrack_click(178695,jQuery(this));return false\" href=\"https:\/\/kunmedierne.dk\/mors\/saa-nemt-er-det-giv-kunmors-i-gave-uden-binding\/\"><img decoding=\"async\" style=\"width:100%;\" src=\"https:\/\/kunmedierne.dk\/mors\/wp-content\/uploads\/2026\/07\/Giv-KunMors-i-gave.jpg\"><\/a><script>cdmtrack_view(178695);<\/script><\/span><\/p>\n<p>Ejeren af de to traktorer viste sig at v\u00e6re Thomas Kristoffersen, der er svineproducent i Thisted. Han opdagede f\u00f8rst, at traktorerne manglede, da han blev v\u00e6kket af et opkald fra politiet mandag morgen.<\/p>\n<p>\u2013 Jeg l\u00e5 og sov, da politiet ringede til mig ved 5-tiden for at sige, at der holdt to af mine traktorer p\u00e5 Sallingsundbroen, fort\u00e6ller Thomas Kristoffersen.<\/p>\n<p>Budskabet var, at man ikke skal lade regeringen smadre landbruget. Selvom budskabet blev h\u00e6ngt p\u00e5 Thomas&#8217; to stj\u00e5lne traktorer, erkl\u00e6rer han sig helt enig i bannerets ordlyd.<\/p>\n<p><span data-olk-copy-source=\"MessageBody\"><a class=\"dvrt-link\" onClick=\"cdmtrack_click(104781,jQuery(this));return false\" href=\"https:\/\/www.fmspks.dk\/\"><img decoding=\"async\" style=\"width:100%;\" src=\"https:\/\/kunmedierne.dk\/mors\/wp-content\/uploads\/2022\/02\/vip-froeslev-mollerup-sparekasse.jpg\"><\/a><script>cdmtrack_view(104781);<\/script><\/span><\/p>\n<p>&#8211; Jeg er enig i det der stod p\u00e5 dem, s\u00e5 p\u00e5 den m\u00e5de har de v\u00e6ret brugt til et godt form\u00e5l. Det v\u00e6rste ved at de var blevet &#8220;l\u00e5nt&#8221;, var, at jeg pludselig skulle bruge et par timer p\u00e5 at hente dem hjem til min g\u00e5rd mandag morgen.<\/p>\n<p><strong>Afviser at kende til tyveriet eller bannerne<\/strong><\/p>\n<p>Thomas Kristoffersen forst\u00e5r godt, at man kan f\u00e5 den tanke, at han havde en finger med i spillet om de stj\u00e5lne traktorer. Men det afviser han pure.<\/p>\n<p>&#8211; Jeg har ikke noget med det at g\u00f8re, og jeg ved heller ikke, hvem der har gjort det. Det m\u00e5 jo v\u00e6re nogle, der vidste, hvor de holdt henne, men jeg har ikke nogen mist\u00e6nkte.<\/p>\n<p><span data-olk-copy-source=\"MessageBody\"><a class=\"dvrt-link\" onClick=\"cdmtrack_click(179540,jQuery(this));return false\" href=\"https:\/\/www.facebook.com\/profile.php?id=100049901895340\"><img decoding=\"async\" style=\"width:100%;\" src=\"https:\/\/kunmedierne.dk\/mors\/wp-content\/uploads\/2026\/08\/260831Morsoebil2Animation-3steps.gif\"><\/a><script>cdmtrack_view(179540);<\/script><\/span><\/p>\n<p>Faktisk mener Thomas, at de er blevet stj\u00e5let i den gode sags tjeneste. Derfor er han heller ikke interesseret i at vide, hvem der st\u00e5r bag tyveriet.<\/p>\n<p>&#8211; Det havde selvf\u00f8lgelig v\u00e6ret en anden sag, hvis de var blevet \u00f8delagt eller p\u00e5 anden m\u00e5de var g\u00e5et i stykker. Men da jeg fik dem hentet kunne jeg konstatere, at de var blevet behandlet ordentligt.<\/p>\n<p><strong>Ikke kun landm\u00e6ndenes skyld<\/strong><\/p>\n<p>Thomas Kristoffersen har naturligvis fulgt med i debatten om den nye g\u00f8dskningslov og er frustreret over, at den torsdag blev vedtaget i Folketinget. Han frygter, hvilke konsekvenser det kan f\u00e5 for landbruget og landm\u00e6ndene i fremtiden.<\/p>\n<p><span data-olk-copy-source=\"MessageBody\"><a class=\"dvrt-link\" onClick=\"cdmtrack_click(111725,jQuery(this));return false\" href=\"https:\/\/www.thistedforsikring.dk\/?utm_source=partnerskaber&amp;utm_campaign=kun_mors\"><img decoding=\"async\" style=\"width:100%;\" src=\"https:\/\/kunmedierne.dk\/mors\/wp-content\/uploads\/2024\/02\/269409KunMors-ThistedFor-1.png\"><\/a><script>cdmtrack_view(111725);<\/script><\/span><\/p>\n<p>&#8211; Jeg synes, der mangler noget forskning, der viser helt pr\u00e6cis, hvor meget af den forurening, der er i vores hav, der skyldes de danske landm\u00e6nd. For hvis vi kigger mod lande som Sverige eller Polen, har de ikke s\u00e5 stramme regler for udledning af kv\u00e6lstof, s\u00e5 det, de udleder, kommer jo ogs\u00e5 op i vores have, siger svineproducenten, der ogs\u00e5 mener, at der er andre steder, der sviner havet mere til end landbruget.<\/p>\n<p>&#8211; N\u00e5r det bl\u00e6ser her i Thisted, og man st\u00e5r ved havnen og ser ned i vandet, s\u00e5 skummer det jo helt vildt. Vi lukker jo dagligt alverdens s\u00e6be, shampoo og parfume ud i havet, men det er ikke det, man skal \u00e6ndre p\u00e5. Det er nemmere bare at give landbruget skylden.<\/p>\n<p><span data-olk-copy-source=\"MessageBody\"><a class=\"dvrt-link\" onClick=\"cdmtrack_click(104787,jQuery(this));return false\" href=\"https:\/\/www.jyskebank.dk\/kontakt\/afdelingsinfo?departmentid=11890\"><img decoding=\"async\" style=\"width:100%;\" src=\"https:\/\/kunmedierne.dk\/mors\/wp-content\/uploads\/2023\/10\/260325JyskeBankMorsNy-1.jpg\"><\/a><script>cdmtrack_view(104787);<\/script><\/span><\/p>\n<p><strong>Tror ikke p\u00e5 erstatningen <\/strong><\/p>\n<p>I den gr\u00f8nne trepart er der afsat 1,23 milliarder kroner til kompensation til landm\u00e6ndene. Men Thomas Kristoffersen sp\u00e5r ikke en fremtid, hvor pengene lander i hans lomme s\u00e5dan uden videre.<\/p>\n<p>&#8211; Hvis der bliver s\u00f8rget for, at jeg f\u00e5r min kompensation p\u00e5 flere millioner uden problemer, s\u00e5 er det lige f\u00f8r, det er fint med mig. Men det tror jeg godt nok heller ikke p\u00e5 kommer til at ske, siger Thomas Kristoffersen, der har cirka 600 hektar jord.<\/p>\n<p><span data-olk-copy-source=\"MessageBody\"><a class=\"dvrt-link\" onClick=\"cdmtrack_click(179540,jQuery(this));return false\" href=\"https:\/\/www.facebook.com\/profile.php?id=100049901895340\"><img decoding=\"async\" style=\"width:100%;\" src=\"https:\/\/kunmedierne.dk\/mors\/wp-content\/uploads\/2026\/08\/260831Morsoebil2Animation-3steps.gif\"><\/a><script>cdmtrack_view(179540);<\/script><\/span><\/p>\n<p>Selv tror Thomas Kristoffersen, at der kommer flere sager for retten, som f\u00f8lge af g\u00f8dskningsloven.<\/p>\n<p>&#8211; Jeg tror ikke p\u00e5, at det er lovligt at g\u00f8re det, de g\u00f8r med den her lov.<\/p>\n<p><strong>M\u00e6rker den lokale opbakning, men f\u00f8ler sig svigtet af politikerne<\/strong><\/p>\n<p>Thomas Kristoffersen st\u00e5r heldigvis ikke alene. Det m\u00e6rkede han, da han mandag morgen var ude og hente de stj\u00e5lne traktorer.<\/p>\n<p>&#8211; Jeg kunne m\u00e6rke at folk bakkede op om os landm\u00e6nd. Mange gav mig en tommel op, da jeg kom og hentede traktorerne. Der er selvf\u00f8lgelig ogs\u00e5 altid nogle, der er sure over at k\u00f8re bag en traktor, men langt de fleste viste deres opbakning til det budskab, der var blevet h\u00e6ngt p\u00e5 mine traktorer.<\/p>\n<p><span data-olk-copy-source=\"MessageBody\"><a class=\"dvrt-link\" onClick=\"cdmtrack_click(104785,jQuery(this));return false\" href=\"https:\/\/www.facebook.com\/lyndrups\"><img decoding=\"async\" style=\"width:100%;\" src=\"https:\/\/kunmedierne.dk\/mors\/wp-content\/uploads\/2022\/02\/vip-lyndrups-rengoering.jpg\"><\/a><script>cdmtrack_view(104785);<\/script><\/span><\/p>\n<p>Selvom den lokale opbakning er der, er Thomas Kristoffersen alligevel skuffet over den manglende opbakning fra de lokale politikere.<\/p>\n<p>&#8211; Man kan godt f\u00f8lge sig lidt svigtet af et parti som Venstre, der stemmer for denne lov. Men ogs\u00e5 de lokale politikere synes jeg mangler at stemple ind i debatten.<\/p>\n<p>Thomas Kristoffersen p\u00e5peger at Thisted Kommune har mange borgere, der i et eller andet omfang arbejder med eller i relation til landbruget. Derfor ville det efter hans mening v\u00e6re oplagt, at kommunens politikere havde v\u00e6ret mere tydelige omkring konsekvenserne for kommunens borgere.<\/p>\n<p><span data-olk-copy-source=\"MessageBody\"><a class=\"dvrt-link\" onClick=\"cdmtrack_click(104786,jQuery(this));return false\" href=\"https:\/\/limfjordsteatret.dk\/events\/tobias-dybvad-mit-bedste-onemanshow\/\"><img decoding=\"async\" style=\"width:100%;\" src=\"https:\/\/kunmedierne.dk\/mors\/wp-content\/uploads\/2023\/10\/aarskortLim_KunMors_1100x125.jpg\"><\/a><script>cdmtrack_view(104786);<\/script><\/span><\/p>\n<p>&#8211; Jeg ved jo godt, at de er bange for at g\u00e5 imod den f\u00e6lles partilinje og for at miste v\u00e6lgere i byerne, men det f\u00f8ltes som en lidt ensom kamp.<\/p>\n","protected":false},"excerpt":{"rendered":"<p>LANDBRUG: Mandag morgen m\u00e5tte bilister p\u00e5 Sallingsundbroen sno sig uden om to traktorer med bannere, der protesterede mod den g\u00f8dskningslov, der netop er blevet vedtaget i Folketinget. Ejeren af de to traktorer viste sig at v\u00e6re Thomas Kristoffersen, der er svineproducent i Thisted. Han opdagede f\u00f8rst, at traktorerne manglede, da han blev v\u00e6kket af et [&hellip;]<\/p>\n","protected":false},"author":5146,"featured_media":0,"comment_status":"closed","ping_status":"closed","sticky":false,"template":"","format":"standard","meta":{"_acf_changed":false,"footnotes":""},"categories":[51],"tags":[337],"class_list":["post-180819","post","type-post","status-publish","format-standard","hentry","category-lokalt","tag-landbrug"],"acf":[],"yoast_head":"<!-- This site is optimized with the Yoast SEO plugin v27.7 - https:\/\/yoast.com\/product\/yoast-seo-wordpress\/ -->\n<title>Thomas fik stj\u00e5let sine traktorer, men er ligeglad med hvem der gjorde det: - De er blevet brugt til et godt form\u00e5l - Mors<\/title>\n<meta name=\"robots\" content=\"index, follow, max-snippet:-1, max-image-preview:large, max-video-preview:-1\" \/>\n<link rel=\"canonical\" href=\"https:\/\/kunmedierne.dk\/mors\/thomas-fik-stjaalet-sine-traktorer-men-er-ligeglad-med-hvem-der-gjorde-det-de-er-blevet-brugt-til-et-godt-formaal\/\" \/>\n<meta property=\"og:locale\" content=\"da_DK\" \/>\n<meta property=\"og:type\" content=\"article\" \/>\n<meta property=\"og:title\" content=\"Thomas fik stj\u00e5let sine traktorer, men er ligeglad med hvem der gjorde det: - De er blevet brugt til et godt form\u00e5l - Mors\" \/>\n<meta property=\"og:description\" content=\"LANDBRUG: Mandag morgen m\u00e5tte bilister p\u00e5 Sallingsundbroen sno sig uden om to traktorer med bannere, der protesterede mod den g\u00f8dskningslov, der netop er blevet vedtaget i Folketinget. Ejeren af de to traktorer viste sig at v\u00e6re Thomas Kristoffersen, der er svineproducent i Thisted. Han opdagede f\u00f8rst, at traktorerne manglede, da han blev v\u00e6kket af et [&hellip;]\" \/>\n<meta property=\"og:url\" content=\"https:\/\/kunmedierne.dk\/mors\/thomas-fik-stjaalet-sine-traktorer-men-er-ligeglad-med-hvem-der-gjorde-det-de-er-blevet-brugt-til-et-godt-formaal\/\" \/>\n<meta property=\"og:site_name\" content=\"Mors\" \/>\n<meta property=\"article:published_time\" content=\"2026-09-03T18:23:21+00:00\" \/>\n<meta name=\"author\" content=\"Katrine Kronstrand\" \/>\n<meta name=\"twitter:card\" content=\"summary_large_image\" \/>\n<meta name=\"twitter:label1\" content=\"Skrevet af\" \/>\n\t<meta name=\"twitter:data1\" content=\"Katrine Kronstrand\" \/>\n\t<meta name=\"twitter:label2\" content=\"Estimeret l\u00e6setid\" \/>\n\t<meta name=\"twitter:data2\" content=\"5 minutter\" \/>\n<script type=\"application\/ld+json\" class=\"yoast-schema-graph\">{\"@context\":\"https:\\\/\\\/schema.org\",\"@graph\":[{\"@type\":\"Article\",\"@id\":\"https:\\\/\\\/kunmedierne.dk\\\/mors\\\/thomas-fik-stjaalet-sine-traktorer-men-er-ligeglad-med-hvem-der-gjorde-det-de-er-blevet-brugt-til-et-godt-formaal\\\/#article\",\"isPartOf\":{\"@id\":\"https:\\\/\\\/kunmedierne.dk\\\/mors\\\/thomas-fik-stjaalet-sine-traktorer-men-er-ligeglad-med-hvem-der-gjorde-det-de-er-blevet-brugt-til-et-godt-formaal\\\/\"},\"author\":{\"name\":\"Katrine Kronstrand\",\"@id\":\"https:\\\/\\\/kunmedierne.dk\\\/mors\\\/#\\\/schema\\\/person\\\/41289bce3056a3e3d485ec8f09a96d28\"},\"headline\":\"Thomas fik stj\u00e5let sine traktorer, men er ligeglad med hvem der gjorde det: &#8211; De er blevet brugt til et godt form\u00e5l\",\"datePublished\":\"2026-09-03T18:23:21+00:00\",\"mainEntityOfPage\":{\"@id\":\"https:\\\/\\\/kunmedierne.dk\\\/mors\\\/thomas-fik-stjaalet-sine-traktorer-men-er-ligeglad-med-hvem-der-gjorde-det-de-er-blevet-brugt-til-et-godt-formaal\\\/\"},\"wordCount\":886,\"publisher\":{\"@id\":\"https:\\\/\\\/kunmedierne.dk\\\/mors\\\/#organization\"},\"keywords\":[\"Landbrug\"],\"articleSection\":[\"Lokalt\"],\"inLanguage\":\"da-DK\"},{\"@type\":\"WebPage\",\"@id\":\"https:\\\/\\\/kunmedierne.dk\\\/mors\\\/thomas-fik-stjaalet-sine-traktorer-men-er-ligeglad-med-hvem-der-gjorde-det-de-er-blevet-brugt-til-et-godt-formaal\\\/\",\"url\":\"https:\\\/\\\/kunmedierne.dk\\\/mors\\\/thomas-fik-stjaalet-sine-traktorer-men-er-ligeglad-med-hvem-der-gjorde-det-de-er-blevet-brugt-til-et-godt-formaal\\\/\",\"name\":\"Thomas fik stj\u00e5let sine traktorer, men er ligeglad med hvem der gjorde det: - De er blevet brugt til et godt form\u00e5l - Mors\",\"isPartOf\":{\"@id\":\"https:\\\/\\\/kunmedierne.dk\\\/mors\\\/#website\"},\"datePublished\":\"2026-09-03T18:23:21+00:00\",\"breadcrumb\":{\"@id\":\"https:\\\/\\\/kunmedierne.dk\\\/mors\\\/thomas-fik-stjaalet-sine-traktorer-men-er-ligeglad-med-hvem-der-gjorde-det-de-er-blevet-brugt-til-et-godt-formaal\\\/#breadcrumb\"},\"inLanguage\":\"da-DK\",\"potentialAction\":[{\"@type\":\"ReadAction\",\"target\":[\"https:\\\/\\\/kunmedierne.dk\\\/mors\\\/thomas-fik-stjaalet-sine-traktorer-men-er-ligeglad-med-hvem-der-gjorde-det-de-er-blevet-brugt-til-et-godt-formaal\\\/\"]}]},{\"@type\":\"BreadcrumbList\",\"@id\":\"https:\\\/\\\/kunmedierne.dk\\\/mors\\\/thomas-fik-stjaalet-sine-traktorer-men-er-ligeglad-med-hvem-der-gjorde-det-de-er-blevet-brugt-til-et-godt-formaal\\\/#breadcrumb\",\"itemListElement\":[{\"@type\":\"ListItem\",\"position\":1,\"name\":\"Hjem\",\"item\":\"https:\\\/\\\/kunmedierne.dk\\\/mors\\\/\"},{\"@type\":\"ListItem\",\"position\":2,\"name\":\"Thomas fik stj\u00e5let sine traktorer, men er ligeglad med hvem der gjorde det: &#8211; De er blevet brugt til et godt form\u00e5l\"}]},{\"@type\":\"WebSite\",\"@id\":\"https:\\\/\\\/kunmedierne.dk\\\/mors\\\/#website\",\"url\":\"https:\\\/\\\/kunmedierne.dk\\\/mors\\\/\",\"name\":\"Mors\",\"description\":\"et netmedie med journalistik om livet p\u00e5 Mors\",\"publisher\":{\"@id\":\"https:\\\/\\\/kunmedierne.dk\\\/mors\\\/#organization\"},\"potentialAction\":[{\"@type\":\"SearchAction\",\"target\":{\"@type\":\"EntryPoint\",\"urlTemplate\":\"https:\\\/\\\/kunmedierne.dk\\\/mors\\\/?s={search_term_string}\"},\"query-input\":{\"@type\":\"PropertyValueSpecification\",\"valueRequired\":true,\"valueName\":\"search_term_string\"}}],\"inLanguage\":\"da-DK\"},{\"@type\":\"Organization\",\"@id\":\"https:\\\/\\\/kunmedierne.dk\\\/mors\\\/#organization\",\"name\":\"Mors\",\"url\":\"https:\\\/\\\/kunmedierne.dk\\\/mors\\\/\",\"logo\":{\"@type\":\"ImageObject\",\"inLanguage\":\"da-DK\",\"@id\":\"https:\\\/\\\/kunmedierne.dk\\\/mors\\\/#\\\/schema\\\/logo\\\/image\\\/\",\"url\":\"https:\\\/\\\/kunmedierne.dk\\\/mors\\\/wp-content\\\/uploads\\\/2024\\\/08\\\/kunmors-logo.svg\",\"contentUrl\":\"https:\\\/\\\/kunmedierne.dk\\\/mors\\\/wp-content\\\/uploads\\\/2024\\\/08\\\/kunmors-logo.svg\",\"caption\":\"Mors\"},\"image\":{\"@id\":\"https:\\\/\\\/kunmedierne.dk\\\/mors\\\/#\\\/schema\\\/logo\\\/image\\\/\"}},{\"@type\":\"Person\",\"@id\":\"https:\\\/\\\/kunmedierne.dk\\\/mors\\\/#\\\/schema\\\/person\\\/41289bce3056a3e3d485ec8f09a96d28\",\"name\":\"Katrine Kronstrand\",\"image\":{\"@type\":\"ImageObject\",\"inLanguage\":\"da-DK\",\"@id\":\"https:\\\/\\\/secure.gravatar.com\\\/avatar\\\/0e5234af9ddb8e0f24a665d5498b736751c9a2b04d1d4880b0317784773e160a?s=96&d=mm&r=g\",\"url\":\"https:\\\/\\\/secure.gravatar.com\\\/avatar\\\/0e5234af9ddb8e0f24a665d5498b736751c9a2b04d1d4880b0317784773e160a?s=96&d=mm&r=g\",\"contentUrl\":\"https:\\\/\\\/secure.gravatar.com\\\/avatar\\\/0e5234af9ddb8e0f24a665d5498b736751c9a2b04d1d4880b0317784773e160a?s=96&d=mm&r=g\",\"caption\":\"Katrine Kronstrand\"},\"url\":\"https:\\\/\\\/kunmedierne.dk\\\/mors\\\/author\\\/katrine-kronstrand\\\/\"}]}<\/script>\n<!-- \/ Yoast SEO plugin. -->","yoast_head_json":{"title":"Thomas fik stj\u00e5let sine traktorer, men er ligeglad med hvem der gjorde det: - De er blevet brugt til et godt form\u00e5l - Mors","robots":{"index":"index","follow":"follow","max-snippet":"max-snippet:-1","max-image-preview":"max-image-preview:large","max-video-preview":"max-video-preview:-1"},"canonical":"https:\/\/kunmedierne.dk\/mors\/thomas-fik-stjaalet-sine-traktorer-men-er-ligeglad-med-hvem-der-gjorde-det-de-er-blevet-brugt-til-et-godt-formaal\/","og_locale":"da_DK","og_type":"article","og_title":"Thomas fik stj\u00e5let sine traktorer, men er ligeglad med hvem der gjorde det: - De er blevet brugt til et godt form\u00e5l - Mors","og_description":"LANDBRUG: Mandag morgen m\u00e5tte bilister p\u00e5 Sallingsundbroen sno sig uden om to traktorer med bannere, der protesterede mod den g\u00f8dskningslov, der netop er blevet vedtaget i Folketinget. Ejeren af de to traktorer viste sig at v\u00e6re Thomas Kristoffersen, der er svineproducent i Thisted. Han opdagede f\u00f8rst, at traktorerne manglede, da han blev v\u00e6kket af et [&hellip;]","og_url":"https:\/\/kunmedierne.dk\/mors\/thomas-fik-stjaalet-sine-traktorer-men-er-ligeglad-med-hvem-der-gjorde-det-de-er-blevet-brugt-til-et-godt-formaal\/","og_site_name":"Mors","article_published_time":"2026-09-03T18:23:21+00:00","author":"Katrine Kronstrand","twitter_card":"summary_large_image","twitter_misc":{"Skrevet af":"Katrine Kronstrand","Estimeret l\u00e6setid":"5 minutter"},"schema":{"@context":"https:\/\/schema.org","@graph":[{"@type":"Article","@id":"https:\/\/kunmedierne.dk\/mors\/thomas-fik-stjaalet-sine-traktorer-men-er-ligeglad-med-hvem-der-gjorde-det-de-er-blevet-brugt-til-et-godt-formaal\/#article","isPartOf":{"@id":"https:\/\/kunmedierne.dk\/mors\/thomas-fik-stjaalet-sine-traktorer-men-er-ligeglad-med-hvem-der-gjorde-det-de-er-blevet-brugt-til-et-godt-formaal\/"},"author":{"name":"Katrine Kronstrand","@id":"https:\/\/kunmedierne.dk\/mors\/#\/schema\/person\/41289bce3056a3e3d485ec8f09a96d28"},"headline":"Thomas fik stj\u00e5let sine traktorer, men er ligeglad med hvem der gjorde det: &#8211; De er blevet brugt til et godt form\u00e5l","datePublished":"2026-09-03T18:23:21+00:00","mainEntityOfPage":{"@id":"https:\/\/kunmedierne.dk\/mors\/thomas-fik-stjaalet-sine-traktorer-men-er-ligeglad-med-hvem-der-gjorde-det-de-er-blevet-brugt-til-et-godt-formaal\/"},"wordCount":886,"publisher":{"@id":"https:\/\/kunmedierne.dk\/mors\/#organization"},"keywords":["Landbrug"],"articleSection":["Lokalt"],"inLanguage":"da-DK"},{"@type":"WebPage","@id":"https:\/\/kunmedierne.dk\/mors\/thomas-fik-stjaalet-sine-traktorer-men-er-ligeglad-med-hvem-der-gjorde-det-de-er-blevet-brugt-til-et-godt-formaal\/","url":"https:\/\/kunmedierne.dk\/mors\/thomas-fik-stjaalet-sine-traktorer-men-er-ligeglad-med-hvem-der-gjorde-det-de-er-blevet-brugt-til-et-godt-formaal\/","name":"Thomas fik stj\u00e5let sine traktorer, men er ligeglad med hvem der gjorde det: - De er blevet brugt til et godt form\u00e5l - Mors","isPartOf":{"@id":"https:\/\/kunmedierne.dk\/mors\/#website"},"datePublished":"2026-09-03T18:23:21+00:00","breadcrumb":{"@id":"https:\/\/kunmedierne.dk\/mors\/thomas-fik-stjaalet-sine-traktorer-men-er-ligeglad-med-hvem-der-gjorde-det-de-er-blevet-brugt-til-et-godt-formaal\/#breadcrumb"},"inLanguage":"da-DK","potentialAction":[{"@type":"ReadAction","target":["https:\/\/kunmedierne.dk\/mors\/thomas-fik-stjaalet-sine-traktorer-men-er-ligeglad-med-hvem-der-gjorde-det-de-er-blevet-brugt-til-et-godt-formaal\/"]}]},{"@type":"BreadcrumbList","@id":"https:\/\/kunmedierne.dk\/mors\/thomas-fik-stjaalet-sine-traktorer-men-er-ligeglad-med-hvem-der-gjorde-det-de-er-blevet-brugt-til-et-godt-formaal\/#breadcrumb","itemListElement":[{"@type":"ListItem","position":1,"name":"Hjem","item":"https:\/\/kunmedierne.dk\/mors\/"},{"@type":"ListItem","position":2,"name":"Thomas fik stj\u00e5let sine traktorer, men er ligeglad med hvem der gjorde det: &#8211; De er blevet brugt til et godt form\u00e5l"}]},{"@type":"WebSite","@id":"https:\/\/kunmedierne.dk\/mors\/#website","url":"https:\/\/kunmedierne.dk\/mors\/","name":"Mors","description":"et netmedie med journalistik om livet p\u00e5 Mors","publisher":{"@id":"https:\/\/kunmedierne.dk\/mors\/#organization"},"potentialAction":[{"@type":"SearchAction","target":{"@type":"EntryPoint","urlTemplate":"https:\/\/kunmedierne.dk\/mors\/?s={search_term_string}"},"query-input":{"@type":"PropertyValueSpecification","valueRequired":true,"valueName":"search_term_string"}}],"inLanguage":"da-DK"},{"@type":"Organization","@id":"https:\/\/kunmedierne.dk\/mors\/#organization","name":"Mors","url":"https:\/\/kunmedierne.dk\/mors\/","logo":{"@type":"ImageObject","inLanguage":"da-DK","@id":"https:\/\/kunmedierne.dk\/mors\/#\/schema\/logo\/image\/","url":"https:\/\/kunmedierne.dk\/mors\/wp-content\/uploads\/2024\/08\/kunmors-logo.svg","contentUrl":"https:\/\/kunmedierne.dk\/mors\/wp-content\/uploads\/2024\/08\/kunmors-logo.svg","caption":"Mors"},"image":{"@id":"https:\/\/kunmedierne.dk\/mors\/#\/schema\/logo\/image\/"}},{"@type":"Person","@id":"https:\/\/kunmedierne.dk\/mors\/#\/schema\/person\/41289bce3056a3e3d485ec8f09a96d28","name":"Katrine Kronstrand","image":{"@type":"ImageObject","inLanguage":"da-DK","@id":"https:\/\/secure.gravatar.com\/avatar\/0e5234af9ddb8e0f24a665d5498b736751c9a2b04d1d4880b0317784773e160a?s=96&d=mm&r=g","url":"https:\/\/secure.gravatar.com\/avatar\/0e5234af9ddb8e0f24a665d5498b736751c9a2b04d1d4880b0317784773e160a?s=96&d=mm&r=g","contentUrl":"https:\/\/secure.gravatar.com\/avatar\/0e5234af9ddb8e0f24a665d5498b736751c9a2b04d1d4880b0317784773e160a?s=96&d=mm&r=g","caption":"Katrine Kronstrand"},"url":"https:\/\/kunmedierne.dk\/mors\/author\/katrine-kronstrand\/"}]}},"_links":{"self":[{"href":"https:\/\/kunmedierne.dk\/mors\/wp-json\/wp\/v2\/posts\/180819","targetHints":{"allow":["GET"]}}],"collection":[{"href":"https:\/\/kunmedierne.dk\/mors\/wp-json\/wp\/v2\/posts"}],"about":[{"href":"https:\/\/kunmedierne.dk\/mors\/wp-json\/wp\/v2\/types\/post"}],"author":[{"embeddable":true,"href":"https:\/\/kunmedierne.dk\/mors\/wp-json\/wp\/v2\/users\/5146"}],"replies":[{"embeddable":true,"href":"https:\/\/kunmedierne.dk\/mors\/wp-json\/wp\/v2\/comments?post=180819"}],"version-history":[{"count":10,"href":"https:\/\/kunmedierne.dk\/mors\/wp-json\/wp\/v2\/posts\/180819\/revisions"}],"predecessor-version":[{"id":180954,"href":"https:\/\/kunmedierne.dk\/mors\/wp-json\/wp\/v2\/posts\/180819\/revisions\/180954"}],"wp:attachment":[{"href":"https:\/\/kunmedierne.dk\/mors\/wp-json\/wp\/v2\/media?parent=180819"}],"wp:term":[{"taxonomy":"category","embeddable":true,"href":"https:\/\/kunmedierne.dk\/mors\/wp-json\/wp\/v2\/categories?post=180819"},{"taxonomy":"post_tag","embeddable":true,"href":"https:\/\/kunmedierne.dk\/mors\/wp-json\/wp\/v2\/tags?post=180819"}],"curies":[{"name":"wp","href":"https:\/\/api.w.org\/{rel}","templated":true}]}}