{"id":180801,"date":"2026-09-01T21:07:18","date_gmt":"2026-09-01T19:07:18","guid":{"rendered":"https:\/\/kunmedierne.dk\/mors\/?p=180801"},"modified":"2026-09-01T21:07:18","modified_gmt":"2026-09-01T19:07:18","slug":"bevar-n8-klart-budskab-fra-200-demonstranter","status":"publish","type":"post","link":"https:\/\/kunmedierne.dk\/mors\/bevar-n8-klart-budskab-fra-200-demonstranter\/","title":{"rendered":"<span>Bevar N8: <\/span>Klart budskab fra 200 demonstranter"},"content":{"rendered":"<p><strong>THISTED:<\/strong> &#8220;Hvad skal vi bevare&#8221;?<\/p>\n<a class=\"dvrt-link\" onClick=\"cdmtrack_click(104787,jQuery(this));return false\" href=\"https:\/\/www.jyskebank.dk\/kontakt\/afdelingsinfo?departmentid=11890\"><img decoding=\"async\" style=\"width:100%;\" src=\"https:\/\/kunmedierne.dk\/mors\/wp-content\/uploads\/2023\/10\/260325JyskeBankMorsNy-1.jpg\"><\/a><script>cdmtrack_view(104787);<\/script>\n<p>Sp\u00f8rgsm\u00e5let blev stillet flere gange b\u00e5de f\u00f8r, under og efter den demonstration, som tirsdag eftermiddag bev\u00e6gede sig fra psykiatrisk sengeafsnit N8 p\u00e5 Thylandsvej i Thisted, forbi Thisted Sygehus p\u00e5 H\u00f8jtoftevej til Thisted Kystvej, hvor de godt 200 deltagere to gange gik frem og tilbage mellem rundk\u00f8rslerne i Kinokrydset og ved Toldboden, inden alle tog turen tilbage hvor det startede.<\/p>\n<div id=\"attachment_26701\" style=\"width: 3629px\" class=\"wp-caption alignnone\"><img loading=\"lazy\" decoding=\"async\" aria-describedby=\"caption-attachment-26701\" class=\"wp-image-26701 size-full\" src=\"https:\/\/kunmedierne.dk\/thy\/wp-content\/uploads\/sites\/2\/2026\/09\/Demo04-kopier.jpg\" alt=\"\" width=\"3619\" height=\"2409\" \/><p id=\"caption-attachment-26701\" class=\"wp-caption-text\">Ingen beh\u00f8vede at v\u00e6re i tvivl om demonstrationens budskab. N8 skal bevares. Foto: Jens Fogh-Andersen.<\/p><\/div>\n<p>&nbsp;<\/p>\n<p>P\u00e5 det tidspunkt beh\u00f8vede ingen at v\u00e6re det mindste i tvivl om, at det, der skal bevares, er det psykiatriske sengeafsnit N8 p\u00e5 Thylandsvej, som benyttes af borgere fra Thy og Mors.<\/p>\n<a class=\"dvrt-link\" onClick=\"cdmtrack_click(116504,jQuery(this));return false\" href=\"https:\/\/www.nybolig.dk\/ejendomsmaeglere\/nordvestjylland\/nybolig-morsoe-nykoebing-mors\"><img decoding=\"async\" style=\"width:100%;\" src=\"https:\/\/kunmedierne.dk\/mors\/wp-content\/uploads\/2024\/04\/250825Nybolig.jpg\"><\/a><script>cdmtrack_view(116504);<\/script>\n<p>Mangel p\u00e5 speciall\u00e6ger i psykiatrien har medf\u00f8rt, at der er brugt rigtig mange penge til at d\u00e6kke ledige stillinger p\u00e5 N8 ind med vikarer. Den ordning er dyr og f\u00f8rte i juli til et forslag om midlertidigt, at flytte de 16 sengepladser p\u00e5 N8 til Br\u00f8nderslev og erstatte dem med 10 rehabiliteringssenge, indtil det igen er muligt at bes\u00e6tte stillingerne med faste medarbejdere. I denne m\u00e5ned behandler regionsr\u00e5det sagen.<\/p>\n<div id=\"attachment_26698\" style=\"width: 3731px\" class=\"wp-caption alignnone\"><img loading=\"lazy\" decoding=\"async\" aria-describedby=\"caption-attachment-26698\" class=\"wp-image-26698 size-full\" src=\"https:\/\/kunmedierne.dk\/thy\/wp-content\/uploads\/sites\/2\/2026\/09\/Demo01-kopier.jpg\" alt=\"\" width=\"3721\" height=\"2477\" \/><p id=\"caption-attachment-26698\" class=\"wp-caption-text\">Dorthe Pedersen havde forventet omkring 100 deltagere i demonstrationen. Dobbelt s\u00e5 mange deltog. Foto: Jens Fogh-Andersen<\/p><\/div>\n<p>&nbsp;<\/p>\n<p>For Dorthe Pedersen, arrang\u00f8r af tirsdagens demonstration, handler det helt enkelt om at bevare sengepladserne p\u00e5 N8.<\/p>\n<p>&#8211; Her er tale om mere end senge, der forsvinder. Det er ogs\u00e5 tryghed, n\u00e6rhed og hj\u00e6lp, vi risikerer at miste, siger Dorthe Pedersen med en opfordring til regionspolitikerne om ikke kun at t\u00e6nke i tal og regneark, men i stedet t\u00e6nke i l\u00f8sninger.<\/p>\n<p>&#8211; Det kan v\u00e6re sv\u00e6rt at finde l\u00f8sninger, men de skal findes, fordi der er brug for det, sagde Dorthe Pedersen, inden demonstrationen foldede bannerne ud og satte sig i bev\u00e6gelse.<\/p>\n<a class=\"dvrt-link\" onClick=\"cdmtrack_click(104780,jQuery(this));return false\" href=\"https:\/\/www.spard.dk\/\"><img decoding=\"async\" style=\"width:100%;\" src=\"https:\/\/kunmedierne.dk\/mors\/wp-content\/uploads\/2023\/12\/sparekassen-dk-maj25.gif\"><\/a><script>cdmtrack_view(104780);<\/script>\n<p>P\u00e5 forh\u00e5nd havde hun forventet 100 deltagere demonstrationen.<\/p>\n<p>&#8211; S\u00e5 ville jeg v\u00e6re glad. Nu er vi omkring 200, s\u00e5 jeg er mere end dobbelt s\u00e5 glad, fort\u00e6ller hun, da demonstrationen er tilbage ved udgangspunktet efter at klart at have tilkendegivet, at N8 skal bevares. Det samme havde i \u00f8vrigt de 3717 personer, der havde sat deres underskrift p\u00e5 en underskriftindsamling til fordel for t bevare N8.<\/p>\n<div id=\"attachment_26702\" style=\"width: 4238px\" class=\"wp-caption alignnone\"><img loading=\"lazy\" decoding=\"async\" aria-describedby=\"caption-attachment-26702\" class=\"wp-image-26702 size-full\" src=\"https:\/\/kunmedierne.dk\/thy\/wp-content\/uploads\/sites\/2\/2026\/09\/Demo05-kopier.jpg\" alt=\"\" width=\"4228\" height=\"2814\" \/><p id=\"caption-attachment-26702\" class=\"wp-caption-text\">Demonstrationen var synlig i gadebilledet. Foto: Jens Fogh-Andersen.<\/p><\/div>\n<p>&nbsp;<\/p>\n<p>Demonstrationen havde deltagelse af b\u00e5de p\u00e5r\u00f8rende, tidligere patienter, beboere p\u00e5 bosteder, brugere af v\u00e6resteder og mange andre. Ogs\u00e5 af personale fra N8.<\/p>\n<p>&#8211; Det er i sig selv en styrke, at s\u00e5 mange bakker op, og det er en ekstra styrke, at personalet fra N8 ogs\u00e5 er her, siger Dorthe Pedersen som h\u00e5ber, at regionen frem for at fjerne tilbuddet fra Thisted Sygehus v\u00e6lger at se p\u00e5 de mennesker, som det vil ramme, hvis de fremover skal til Br\u00f8nderslev, for at f\u00e5 hj\u00e6lp.<\/p>\n<div id=\"attachment_26703\" style=\"width: 3995px\" class=\"wp-caption alignnone\"><img loading=\"lazy\" decoding=\"async\" aria-describedby=\"caption-attachment-26703\" class=\"wp-image-26703 size-full\" src=\"https:\/\/kunmedierne.dk\/thy\/wp-content\/uploads\/sites\/2\/2026\/09\/Demo06-kopier.jpg\" alt=\"\" width=\"3985\" height=\"2652\" \/><p id=\"caption-attachment-26703\" class=\"wp-caption-text\">Ingen demonstration uden en sang. Foto: Jens Fogh-Andersen<\/p><\/div>\n<p>&nbsp;<\/p>\n<p>&#8211; Vi taler jo om mennesker i en sv\u00e6r situation, siger Dorthe Pedersen som frygter, at den midlertidige l\u00f8sning med at flytte sengene til Br\u00f8nderslev kan ende med at blive permanent.<\/p>\n<a class=\"dvrt-link\" onClick=\"cdmtrack_click(116504,jQuery(this));return false\" href=\"https:\/\/www.nybolig.dk\/ejendomsmaeglere\/nordvestjylland\/nybolig-morsoe-nykoebing-mors\"><img decoding=\"async\" style=\"width:100%;\" src=\"https:\/\/kunmedierne.dk\/mors\/wp-content\/uploads\/2024\/04\/250825Nybolig.jpg\"><\/a><script>cdmtrack_view(116504);<\/script>\n<p>&#8211; Derfor er det s\u00e5 vigtigt, at vi bevarer de 16 senge p\u00e5 N8, siger hun.<\/p>\n<p>Andre kaldte N8 for deres &#8220;hjertebarn&#8221; og s\u00e5dan et er v\u00e6rd at k\u00e6mpe for, l\u00f8d det. Ikke mindst med tanke for, hvad der kan blive den nye virkelighed for patientgruppen, hvis senge p\u00e5 N8 ikke l\u00e6ngere er der.<\/p>\n<div id=\"attachment_26699\" style=\"width: 3880px\" class=\"wp-caption alignnone\"><img loading=\"lazy\" decoding=\"async\" aria-describedby=\"caption-attachment-26699\" class=\"wp-image-26699 size-full\" src=\"https:\/\/kunmedierne.dk\/thy\/wp-content\/uploads\/sites\/2\/2026\/09\/Demo02-kopier.jpg\" alt=\"\" width=\"3870\" height=\"2576\" \/><p id=\"caption-attachment-26699\" class=\"wp-caption-text\">Dorthe Pedersen frygter, at den midlertidige l\u00f8sning med at flytte sengepladserne til Br\u00f8nderslev, ender med at blive permanent. Derfor skal de blive i Thisted, siger hun. Foto: Jens Fogh-Andersen.<\/p><\/div>\n<p>&#8211; Lige nu kan vi st\u00e5 og hygge, snakke og grine. Men vi g\u00f8r det p\u00e5 trods af, at der skal tr\u00e6ffes en stor beslutning, sagde Dorthe Pedersen, da demonstrationen efter en times tid rundede af med en sagn og en sodavand til deltagerne. Og med et sidste: Hvad skal vi bevare? fulgt op af et rungende: N8.<\/p>\n","protected":false},"excerpt":{"rendered":"<p>THISTED: &#8220;Hvad skal vi bevare&#8221;? Sp\u00f8rgsm\u00e5let blev stillet flere gange b\u00e5de f\u00f8r, under og efter den demonstration, som tirsdag eftermiddag bev\u00e6gede sig fra psykiatrisk sengeafsnit N8 p\u00e5 Thylandsvej i Thisted, forbi Thisted Sygehus p\u00e5 H\u00f8jtoftevej til Thisted Kystvej, hvor de godt 200 deltagere to gange gik frem og tilbage mellem rundk\u00f8rslerne i Kinokrydset og ved [&hellip;]<\/p>\n","protected":false},"author":4535,"featured_media":0,"comment_status":"closed","ping_status":"closed","sticky":false,"template":"","format":"standard","meta":{"_acf_changed":false,"footnotes":""},"categories":[51],"tags":[256],"class_list":["post-180801","post","type-post","status-publish","format-standard","hentry","category-lokalt","tag-sundhed"],"acf":[],"yoast_head":"<!-- This site is optimized with the Yoast SEO plugin v27.7 - https:\/\/yoast.com\/product\/yoast-seo-wordpress\/ -->\n<title>Bevar N8: Klart budskab fra 200 demonstranter - Mors<\/title>\n<meta name=\"robots\" content=\"index, follow, max-snippet:-1, max-image-preview:large, max-video-preview:-1\" \/>\n<link rel=\"canonical\" href=\"https:\/\/kunmedierne.dk\/mors\/bevar-n8-klart-budskab-fra-200-demonstranter\/\" \/>\n<meta property=\"og:locale\" content=\"da_DK\" \/>\n<meta property=\"og:type\" content=\"article\" \/>\n<meta property=\"og:title\" content=\"Bevar N8: Klart budskab fra 200 demonstranter - Mors\" \/>\n<meta property=\"og:description\" content=\"THISTED: &#8220;Hvad skal vi bevare&#8221;? Sp\u00f8rgsm\u00e5let blev stillet flere gange b\u00e5de f\u00f8r, under og efter den demonstration, som tirsdag eftermiddag bev\u00e6gede sig fra psykiatrisk sengeafsnit N8 p\u00e5 Thylandsvej i Thisted, forbi Thisted Sygehus p\u00e5 H\u00f8jtoftevej til Thisted Kystvej, hvor de godt 200 deltagere to gange gik frem og tilbage mellem rundk\u00f8rslerne i Kinokrydset og ved [&hellip;]\" \/>\n<meta property=\"og:url\" content=\"https:\/\/kunmedierne.dk\/mors\/bevar-n8-klart-budskab-fra-200-demonstranter\/\" \/>\n<meta property=\"og:site_name\" content=\"Mors\" \/>\n<meta property=\"article:published_time\" content=\"2026-09-01T19:07:18+00:00\" \/>\n<meta property=\"og:image\" content=\"https:\/\/kunmedierne.dk\/thy\/wp-content\/uploads\/sites\/2\/2026\/09\/Demo04-kopier.jpg\" \/>\n<meta name=\"author\" content=\"Jens Fogh Andersen\" \/>\n<meta name=\"twitter:card\" content=\"summary_large_image\" \/>\n<meta name=\"twitter:label1\" content=\"Skrevet af\" \/>\n\t<meta name=\"twitter:data1\" content=\"Jens Fogh Andersen\" \/>\n\t<meta name=\"twitter:label2\" content=\"Estimeret l\u00e6setid\" \/>\n\t<meta name=\"twitter:data2\" content=\"5 minutter\" \/>\n<script type=\"application\/ld+json\" class=\"yoast-schema-graph\">{\"@context\":\"https:\\\/\\\/schema.org\",\"@graph\":[{\"@type\":\"Article\",\"@id\":\"https:\\\/\\\/kunmedierne.dk\\\/mors\\\/bevar-n8-klart-budskab-fra-200-demonstranter\\\/#article\",\"isPartOf\":{\"@id\":\"https:\\\/\\\/kunmedierne.dk\\\/mors\\\/bevar-n8-klart-budskab-fra-200-demonstranter\\\/\"},\"author\":{\"name\":\"Jens Fogh Andersen\",\"@id\":\"https:\\\/\\\/kunmedierne.dk\\\/mors\\\/#\\\/schema\\\/person\\\/88f5be46809ca2a5533760eb574fef93\"},\"headline\":\"Bevar N8: Klart budskab fra 200 demonstranter\",\"datePublished\":\"2026-09-01T19:07:18+00:00\",\"mainEntityOfPage\":{\"@id\":\"https:\\\/\\\/kunmedierne.dk\\\/mors\\\/bevar-n8-klart-budskab-fra-200-demonstranter\\\/\"},\"wordCount\":723,\"publisher\":{\"@id\":\"https:\\\/\\\/kunmedierne.dk\\\/mors\\\/#organization\"},\"image\":{\"@id\":\"https:\\\/\\\/kunmedierne.dk\\\/mors\\\/bevar-n8-klart-budskab-fra-200-demonstranter\\\/#primaryimage\"},\"thumbnailUrl\":\"https:\\\/\\\/kunmedierne.dk\\\/thy\\\/wp-content\\\/uploads\\\/sites\\\/2\\\/2026\\\/09\\\/Demo04-kopier.jpg\",\"keywords\":[\"Sundhed\"],\"articleSection\":[\"Lokalt\"],\"inLanguage\":\"da-DK\"},{\"@type\":\"WebPage\",\"@id\":\"https:\\\/\\\/kunmedierne.dk\\\/mors\\\/bevar-n8-klart-budskab-fra-200-demonstranter\\\/\",\"url\":\"https:\\\/\\\/kunmedierne.dk\\\/mors\\\/bevar-n8-klart-budskab-fra-200-demonstranter\\\/\",\"name\":\"Bevar N8: Klart budskab fra 200 demonstranter - Mors\",\"isPartOf\":{\"@id\":\"https:\\\/\\\/kunmedierne.dk\\\/mors\\\/#website\"},\"primaryImageOfPage\":{\"@id\":\"https:\\\/\\\/kunmedierne.dk\\\/mors\\\/bevar-n8-klart-budskab-fra-200-demonstranter\\\/#primaryimage\"},\"image\":{\"@id\":\"https:\\\/\\\/kunmedierne.dk\\\/mors\\\/bevar-n8-klart-budskab-fra-200-demonstranter\\\/#primaryimage\"},\"thumbnailUrl\":\"https:\\\/\\\/kunmedierne.dk\\\/thy\\\/wp-content\\\/uploads\\\/sites\\\/2\\\/2026\\\/09\\\/Demo04-kopier.jpg\",\"datePublished\":\"2026-09-01T19:07:18+00:00\",\"breadcrumb\":{\"@id\":\"https:\\\/\\\/kunmedierne.dk\\\/mors\\\/bevar-n8-klart-budskab-fra-200-demonstranter\\\/#breadcrumb\"},\"inLanguage\":\"da-DK\",\"potentialAction\":[{\"@type\":\"ReadAction\",\"target\":[\"https:\\\/\\\/kunmedierne.dk\\\/mors\\\/bevar-n8-klart-budskab-fra-200-demonstranter\\\/\"]}]},{\"@type\":\"ImageObject\",\"inLanguage\":\"da-DK\",\"@id\":\"https:\\\/\\\/kunmedierne.dk\\\/mors\\\/bevar-n8-klart-budskab-fra-200-demonstranter\\\/#primaryimage\",\"url\":\"https:\\\/\\\/kunmedierne.dk\\\/thy\\\/wp-content\\\/uploads\\\/sites\\\/2\\\/2026\\\/09\\\/Demo04-kopier.jpg\",\"contentUrl\":\"https:\\\/\\\/kunmedierne.dk\\\/thy\\\/wp-content\\\/uploads\\\/sites\\\/2\\\/2026\\\/09\\\/Demo04-kopier.jpg\"},{\"@type\":\"BreadcrumbList\",\"@id\":\"https:\\\/\\\/kunmedierne.dk\\\/mors\\\/bevar-n8-klart-budskab-fra-200-demonstranter\\\/#breadcrumb\",\"itemListElement\":[{\"@type\":\"ListItem\",\"position\":1,\"name\":\"Hjem\",\"item\":\"https:\\\/\\\/kunmedierne.dk\\\/mors\\\/\"},{\"@type\":\"ListItem\",\"position\":2,\"name\":\"Bevar N8: Klart budskab fra 200 demonstranter\"}]},{\"@type\":\"WebSite\",\"@id\":\"https:\\\/\\\/kunmedierne.dk\\\/mors\\\/#website\",\"url\":\"https:\\\/\\\/kunmedierne.dk\\\/mors\\\/\",\"name\":\"Mors\",\"description\":\"et netmedie med journalistik om livet p\u00e5 Mors\",\"publisher\":{\"@id\":\"https:\\\/\\\/kunmedierne.dk\\\/mors\\\/#organization\"},\"potentialAction\":[{\"@type\":\"SearchAction\",\"target\":{\"@type\":\"EntryPoint\",\"urlTemplate\":\"https:\\\/\\\/kunmedierne.dk\\\/mors\\\/?s={search_term_string}\"},\"query-input\":{\"@type\":\"PropertyValueSpecification\",\"valueRequired\":true,\"valueName\":\"search_term_string\"}}],\"inLanguage\":\"da-DK\"},{\"@type\":\"Organization\",\"@id\":\"https:\\\/\\\/kunmedierne.dk\\\/mors\\\/#organization\",\"name\":\"Mors\",\"url\":\"https:\\\/\\\/kunmedierne.dk\\\/mors\\\/\",\"logo\":{\"@type\":\"ImageObject\",\"inLanguage\":\"da-DK\",\"@id\":\"https:\\\/\\\/kunmedierne.dk\\\/mors\\\/#\\\/schema\\\/logo\\\/image\\\/\",\"url\":\"https:\\\/\\\/kunmedierne.dk\\\/mors\\\/wp-content\\\/uploads\\\/2024\\\/08\\\/kunmors-logo.svg\",\"contentUrl\":\"https:\\\/\\\/kunmedierne.dk\\\/mors\\\/wp-content\\\/uploads\\\/2024\\\/08\\\/kunmors-logo.svg\",\"caption\":\"Mors\"},\"image\":{\"@id\":\"https:\\\/\\\/kunmedierne.dk\\\/mors\\\/#\\\/schema\\\/logo\\\/image\\\/\"}},{\"@type\":\"Person\",\"@id\":\"https:\\\/\\\/kunmedierne.dk\\\/mors\\\/#\\\/schema\\\/person\\\/88f5be46809ca2a5533760eb574fef93\",\"name\":\"Jens Fogh Andersen\",\"image\":{\"@type\":\"ImageObject\",\"inLanguage\":\"da-DK\",\"@id\":\"https:\\\/\\\/secure.gravatar.com\\\/avatar\\\/2b367a4ef139b1c41dccc9ee7af926b81f8b4cca3359772e86c7fd5ced26c0a3?s=96&d=mm&r=g\",\"url\":\"https:\\\/\\\/secure.gravatar.com\\\/avatar\\\/2b367a4ef139b1c41dccc9ee7af926b81f8b4cca3359772e86c7fd5ced26c0a3?s=96&d=mm&r=g\",\"contentUrl\":\"https:\\\/\\\/secure.gravatar.com\\\/avatar\\\/2b367a4ef139b1c41dccc9ee7af926b81f8b4cca3359772e86c7fd5ced26c0a3?s=96&d=mm&r=g\",\"caption\":\"Jens Fogh Andersen\"},\"url\":\"https:\\\/\\\/kunmedierne.dk\\\/mors\\\/author\\\/jfa\\\/\"}]}<\/script>\n<!-- \/ Yoast SEO plugin. -->","yoast_head_json":{"title":"Bevar N8: Klart budskab fra 200 demonstranter - Mors","robots":{"index":"index","follow":"follow","max-snippet":"max-snippet:-1","max-image-preview":"max-image-preview:large","max-video-preview":"max-video-preview:-1"},"canonical":"https:\/\/kunmedierne.dk\/mors\/bevar-n8-klart-budskab-fra-200-demonstranter\/","og_locale":"da_DK","og_type":"article","og_title":"Bevar N8: Klart budskab fra 200 demonstranter - Mors","og_description":"THISTED: &#8220;Hvad skal vi bevare&#8221;? Sp\u00f8rgsm\u00e5let blev stillet flere gange b\u00e5de f\u00f8r, under og efter den demonstration, som tirsdag eftermiddag bev\u00e6gede sig fra psykiatrisk sengeafsnit N8 p\u00e5 Thylandsvej i Thisted, forbi Thisted Sygehus p\u00e5 H\u00f8jtoftevej til Thisted Kystvej, hvor de godt 200 deltagere to gange gik frem og tilbage mellem rundk\u00f8rslerne i Kinokrydset og ved [&hellip;]","og_url":"https:\/\/kunmedierne.dk\/mors\/bevar-n8-klart-budskab-fra-200-demonstranter\/","og_site_name":"Mors","article_published_time":"2026-09-01T19:07:18+00:00","og_image":[{"url":"https:\/\/kunmedierne.dk\/thy\/wp-content\/uploads\/sites\/2\/2026\/09\/Demo04-kopier.jpg","type":"","width":"","height":""}],"author":"Jens Fogh Andersen","twitter_card":"summary_large_image","twitter_misc":{"Skrevet af":"Jens Fogh Andersen","Estimeret l\u00e6setid":"5 minutter"},"schema":{"@context":"https:\/\/schema.org","@graph":[{"@type":"Article","@id":"https:\/\/kunmedierne.dk\/mors\/bevar-n8-klart-budskab-fra-200-demonstranter\/#article","isPartOf":{"@id":"https:\/\/kunmedierne.dk\/mors\/bevar-n8-klart-budskab-fra-200-demonstranter\/"},"author":{"name":"Jens Fogh Andersen","@id":"https:\/\/kunmedierne.dk\/mors\/#\/schema\/person\/88f5be46809ca2a5533760eb574fef93"},"headline":"Bevar N8: Klart budskab fra 200 demonstranter","datePublished":"2026-09-01T19:07:18+00:00","mainEntityOfPage":{"@id":"https:\/\/kunmedierne.dk\/mors\/bevar-n8-klart-budskab-fra-200-demonstranter\/"},"wordCount":723,"publisher":{"@id":"https:\/\/kunmedierne.dk\/mors\/#organization"},"image":{"@id":"https:\/\/kunmedierne.dk\/mors\/bevar-n8-klart-budskab-fra-200-demonstranter\/#primaryimage"},"thumbnailUrl":"https:\/\/kunmedierne.dk\/thy\/wp-content\/uploads\/sites\/2\/2026\/09\/Demo04-kopier.jpg","keywords":["Sundhed"],"articleSection":["Lokalt"],"inLanguage":"da-DK"},{"@type":"WebPage","@id":"https:\/\/kunmedierne.dk\/mors\/bevar-n8-klart-budskab-fra-200-demonstranter\/","url":"https:\/\/kunmedierne.dk\/mors\/bevar-n8-klart-budskab-fra-200-demonstranter\/","name":"Bevar N8: Klart budskab fra 200 demonstranter - Mors","isPartOf":{"@id":"https:\/\/kunmedierne.dk\/mors\/#website"},"primaryImageOfPage":{"@id":"https:\/\/kunmedierne.dk\/mors\/bevar-n8-klart-budskab-fra-200-demonstranter\/#primaryimage"},"image":{"@id":"https:\/\/kunmedierne.dk\/mors\/bevar-n8-klart-budskab-fra-200-demonstranter\/#primaryimage"},"thumbnailUrl":"https:\/\/kunmedierne.dk\/thy\/wp-content\/uploads\/sites\/2\/2026\/09\/Demo04-kopier.jpg","datePublished":"2026-09-01T19:07:18+00:00","breadcrumb":{"@id":"https:\/\/kunmedierne.dk\/mors\/bevar-n8-klart-budskab-fra-200-demonstranter\/#breadcrumb"},"inLanguage":"da-DK","potentialAction":[{"@type":"ReadAction","target":["https:\/\/kunmedierne.dk\/mors\/bevar-n8-klart-budskab-fra-200-demonstranter\/"]}]},{"@type":"ImageObject","inLanguage":"da-DK","@id":"https:\/\/kunmedierne.dk\/mors\/bevar-n8-klart-budskab-fra-200-demonstranter\/#primaryimage","url":"https:\/\/kunmedierne.dk\/thy\/wp-content\/uploads\/sites\/2\/2026\/09\/Demo04-kopier.jpg","contentUrl":"https:\/\/kunmedierne.dk\/thy\/wp-content\/uploads\/sites\/2\/2026\/09\/Demo04-kopier.jpg"},{"@type":"BreadcrumbList","@id":"https:\/\/kunmedierne.dk\/mors\/bevar-n8-klart-budskab-fra-200-demonstranter\/#breadcrumb","itemListElement":[{"@type":"ListItem","position":1,"name":"Hjem","item":"https:\/\/kunmedierne.dk\/mors\/"},{"@type":"ListItem","position":2,"name":"Bevar N8: Klart budskab fra 200 demonstranter"}]},{"@type":"WebSite","@id":"https:\/\/kunmedierne.dk\/mors\/#website","url":"https:\/\/kunmedierne.dk\/mors\/","name":"Mors","description":"et netmedie med journalistik om livet p\u00e5 Mors","publisher":{"@id":"https:\/\/kunmedierne.dk\/mors\/#organization"},"potentialAction":[{"@type":"SearchAction","target":{"@type":"EntryPoint","urlTemplate":"https:\/\/kunmedierne.dk\/mors\/?s={search_term_string}"},"query-input":{"@type":"PropertyValueSpecification","valueRequired":true,"valueName":"search_term_string"}}],"inLanguage":"da-DK"},{"@type":"Organization","@id":"https:\/\/kunmedierne.dk\/mors\/#organization","name":"Mors","url":"https:\/\/kunmedierne.dk\/mors\/","logo":{"@type":"ImageObject","inLanguage":"da-DK","@id":"https:\/\/kunmedierne.dk\/mors\/#\/schema\/logo\/image\/","url":"https:\/\/kunmedierne.dk\/mors\/wp-content\/uploads\/2024\/08\/kunmors-logo.svg","contentUrl":"https:\/\/kunmedierne.dk\/mors\/wp-content\/uploads\/2024\/08\/kunmors-logo.svg","caption":"Mors"},"image":{"@id":"https:\/\/kunmedierne.dk\/mors\/#\/schema\/logo\/image\/"}},{"@type":"Person","@id":"https:\/\/kunmedierne.dk\/mors\/#\/schema\/person\/88f5be46809ca2a5533760eb574fef93","name":"Jens Fogh Andersen","image":{"@type":"ImageObject","inLanguage":"da-DK","@id":"https:\/\/secure.gravatar.com\/avatar\/2b367a4ef139b1c41dccc9ee7af926b81f8b4cca3359772e86c7fd5ced26c0a3?s=96&d=mm&r=g","url":"https:\/\/secure.gravatar.com\/avatar\/2b367a4ef139b1c41dccc9ee7af926b81f8b4cca3359772e86c7fd5ced26c0a3?s=96&d=mm&r=g","contentUrl":"https:\/\/secure.gravatar.com\/avatar\/2b367a4ef139b1c41dccc9ee7af926b81f8b4cca3359772e86c7fd5ced26c0a3?s=96&d=mm&r=g","caption":"Jens Fogh Andersen"},"url":"https:\/\/kunmedierne.dk\/mors\/author\/jfa\/"}]}},"_links":{"self":[{"href":"https:\/\/kunmedierne.dk\/mors\/wp-json\/wp\/v2\/posts\/180801","targetHints":{"allow":["GET"]}}],"collection":[{"href":"https:\/\/kunmedierne.dk\/mors\/wp-json\/wp\/v2\/posts"}],"about":[{"href":"https:\/\/kunmedierne.dk\/mors\/wp-json\/wp\/v2\/types\/post"}],"author":[{"embeddable":true,"href":"https:\/\/kunmedierne.dk\/mors\/wp-json\/wp\/v2\/users\/4535"}],"replies":[{"embeddable":true,"href":"https:\/\/kunmedierne.dk\/mors\/wp-json\/wp\/v2\/comments?post=180801"}],"version-history":[{"count":6,"href":"https:\/\/kunmedierne.dk\/mors\/wp-json\/wp\/v2\/posts\/180801\/revisions"}],"predecessor-version":[{"id":180809,"href":"https:\/\/kunmedierne.dk\/mors\/wp-json\/wp\/v2\/posts\/180801\/revisions\/180809"}],"wp:attachment":[{"href":"https:\/\/kunmedierne.dk\/mors\/wp-json\/wp\/v2\/media?parent=180801"}],"wp:term":[{"taxonomy":"category","embeddable":true,"href":"https:\/\/kunmedierne.dk\/mors\/wp-json\/wp\/v2\/categories?post=180801"},{"taxonomy":"post_tag","embeddable":true,"href":"https:\/\/kunmedierne.dk\/mors\/wp-json\/wp\/v2\/tags?post=180801"}],"curies":[{"name":"wp","href":"https:\/\/api.w.org\/{rel}","templated":true}]}}