{"id":180764,"date":"2026-09-01T15:58:13","date_gmt":"2026-09-01T13:58:13","guid":{"rendered":"https:\/\/kunmedierne.dk\/mors\/?p=180764"},"modified":"2026-09-01T15:58:13","modified_gmt":"2026-09-01T13:58:13","slug":"fredsoe-vognmandsforretning-flytter-til-skive-nu-kommer-vi-til-at-udvide-meget-der-skal-satme-ske-meget","status":"publish","type":"post","link":"https:\/\/kunmedierne.dk\/mors\/fredsoe-vognmandsforretning-flytter-til-skive-nu-kommer-vi-til-at-udvide-meget-der-skal-satme-ske-meget\/","title":{"rendered":"<span>Freds\u00f8 Vognmandsforretning flytter til Skive: <\/span> &#8220;Nu kommer vi til at udvide meget. Der skal satme ske meget&#8221;"},"content":{"rendered":"<p><strong>ERHVERV:<\/strong> I omkring 90 \u00e5r har Freds\u00f8 Vognmandsforretning haft sine r\u00f8dder p\u00e5 Mors, men mandag den 1. september overtager de nye virksomhedsarealer uden for Mors\u00f8 Kommune, og om f\u00e5 \u00e5r ligger virksomhedens hoveds\u00e6de derfor i Skive Kommune.<\/p>\n<p>Freds\u00f8 har k\u00f8bt 104 hektar jord i og omkring K\u00e5strup ved Lyby, hvor der skal bygges et nyt domicil. B\u00e5de Freds\u00f8 Vognmandsforretning og aktiviteterne i NVS \u2013 Nordvest Sortering skal efter planen flyttes.<\/p>\n<p>\u2013 Vi kan ikke v\u00e6kste mere her. S\u00e5 er vi jo n\u00f8dt til at flytte et sted hen, hvor der er plads, siger Benny Nielsen til KunMors.<\/p>\n<a class=\"dvrt-link\" onClick=\"cdmtrack_click(104781,jQuery(this));return false\" href=\"https:\/\/www.fmspks.dk\/\"><img decoding=\"async\" style=\"width:100%;\" src=\"https:\/\/kunmedierne.dk\/mors\/wp-content\/uploads\/2022\/02\/vip-froeslev-mollerup-sparekasse.jpg\"><\/a><script>cdmtrack_view(104781);<\/script>\n<p>Han ejer 40 procent af Freds\u00f8 A\/S, mens s\u00f8nnerne Emil Overgaard Nielsen og Frederik Legaard Nielsen hver ejer 30 procent.<\/p>\n<p>Flytningen sker ikke fra den ene dag til den anden. F\u00f8rst venter blandt andet jordpr\u00f8ver, planl\u00e6gning og byggeri, og familien forventer, at arbejdet med det nye domicil vil str\u00e6kke sig over de kommende \u00e5r.<\/p>\n<p>Men beslutningen er truffet.<\/p>\n<p>&nbsp;<\/p>\n<p><strong>Et resultat p\u00e5 seks millioner kroner<\/strong><\/p>\n<p>Ud over at v\u00e6re en virksomhed med flytteplaner, er Freds\u00f8 Vognmandsforretning ogs\u00e5 en virksomhed med fremgang.<\/p>\n<p>Freds\u00f8 A\/S kom ud af 2025 med et resultat f\u00f8r skat p\u00e5 godt 6,0 millioner kroner. \u00c5ret f\u00f8r var resultatet 733.000 kroner.<\/p>\n<blockquote>\n<h5>Efter skat l\u00f8d overskuddet i 2025 p\u00e5 4,7 millioner kroner, mens bruttofortjenesten var 12,2 millioner kroner. Egenkapitalen var 7,8 millioner kroner. I juni 2026 havde virksomheden 17 ansatte svarende til 15 \u00e5rsv\u00e6rk. Freds\u00f8 ligger samtidig nummer 29 i Teknologisk Instituts vurdering af virksomheder med st\u00f8rst positiv \u00f8konomisk udvikling i Mors\u00f8 Kommune.<\/h5>\n<\/blockquote>\n<p>Og sp\u00f8rger man Benny Nielsen, s\u00e5 er ambitionen ikke lige frem at skrue ned, n\u00e5r virksomheden kommer over p\u00e5 den anden side af Sallingsund.<\/p>\n<p>\u2013 Nu kommer vi til at udvide meget. Der skal satme ske meget, siger Benny Nielsen.<\/p>\n<p>If\u00f8lge ham har flere andre virksomheder allerede vist interesse for omr\u00e5det ved Lyby. Freds\u00f8 ser blandt andet muligheder for at etablere lagerhotel p\u00e5 det nye areal.<\/p>\n<p>&nbsp;<\/p>\n<p><strong>Benny Nielsen: Vi har fors\u00f8gt i \u00e5revis<\/strong><\/p>\n<p>N\u00e5r Benny Nielsen skal forklare, hvorfor v\u00e6ksten ikke skal ske p\u00e5 Mors, peger han p\u00e5 et forl\u00f8b med Mors\u00f8 Kommune, der if\u00f8lge ham g\u00e5r omkring ti \u00e5r tilbage.<\/p>\n<p>Han fort\u00e6ller, at virksomheden allerede i 2015 og 2016 var i dialog med kommunen om mulighederne for at udvide aktiviteterne p\u00e5 Industrivej i Nyk\u00f8bing.<\/p>\n<p>If\u00f8lge Benny Nielsen blev der dengang \u2013 f\u00f8r Hans Ejner Bertelsen (V) blev borgmester \u2013 lavet en aftale med kommunen om, hvordan en udvidelse kunne foreg\u00e5.<\/p>\n<a class=\"dvrt-link\" onClick=\"cdmtrack_click(104779,jQuery(this));return false\" href=\"https:\/\/morsoe-begravelsesforretning.dk\/\"><img decoding=\"async\" style=\"width:100%;\" src=\"https:\/\/kunmedierne.dk\/mors\/wp-content\/uploads\/2023\/11\/251215-morsoe-begravelsesforretning.jpg\"><\/a><script>cdmtrack_view(104779);<\/script>\n<p>Senere, i 2018 og 2019, blev arbejdet med en egentlig udvidelse taget op igen.<\/p>\n<p>Den blev aldrig realiseret.<\/p>\n<p>\u2013 Det har v\u00e6ret tr\u00e6ls og tr\u00e6ls og tr\u00e6ls. Mors\u00f8 Kommune vil hellere have solceller og vindm\u00f8ller. Jeg har endda tilbud at k\u00f8be en grund, der ligger op til vores, og landmanden vil gerne s\u00e6lge den, men der er s\u00e5 meget b\u00f8vl med Mors\u00f8 Kommune.<\/p>\n<blockquote>\n<h5>Striden mellem virksomheden og Mors\u00f8 Kommune<\/h5>\n<h5>Freds\u00f8 Vognmandsforretning\/NVS har gennem flere \u00e5r \u00f8nsket bedre muligheder for at udvide virksomheden p\u00e5 Mors. En central strid handler om jord ved virksomheden, som Freds\u00f8 \u00f8nsker at udvide p\u00e5, men som ejes af en anden lodsejer. Kommunen vil ikke g\u00e5 videre med ekspropriation og peger blandt andet p\u00e5, at der findes anden erhvervsjord. Samtidig har virksomheden og kommunen v\u00e6ret uenige om milj\u00f8forhold og kommunale p\u00e5bud.<\/h5>\n<\/blockquote>\n<p>Benny Nielsen l\u00e6gger ikke fingre imellem, n\u00e5r han vurderer kommunens h\u00e5ndtering.<\/p>\n<p>\u2013 De er ikke erhvervsvenlige nok. De har ikke kompetencerne til det her i Kommunen. Og det er jo ikke kun mig, der siger det. Jeg har snakket med mange mennesker, der har det p\u00e5 samme m\u00e5de.<\/p>\n<p>Benny Nielsen fort\u00e6ller, at han ikke selv har haft dialog med Mors\u00f8 Kommune de seneste to \u00e5r.<\/p>\n<p>\u2013 Jeg har overhovedet ikke h\u00f8rt fra dem.<\/p>\n<p>P\u00e5 KunMors ringer vi til Keld Kortegaard (K) der er udvalgsformand for teknik og milj\u00f8 i Mors\u00f8 Kommune. Vi vil gerne sp\u00f8rge ham, hvad han t\u00e6nker om, at Freds\u00f8 Vognmandsforretning har valgt at rykke teltp\u00e6lene op p\u00e5 Mors, og om Benny Nielsens kritik af forl\u00f8bet.<\/p>\n<p>\u2013\u00a0Det er en trist dag for Mors. Vi skal jo ikke jage, hvis man kan bruge det ord, virksomheder af \u00f8en. Vi skal g\u00f8re det modsatte. Vi skal have dem til \u00f8en. Det er virksomhederne, vi skal leve af. Og specielt en stor, gammel, velrenommeret virksomhed som Freds\u00f8. Vi er kede af, at de flytter. Det skal der ikke herske nogen tvivl om.<\/p>\n<p>Vi forel\u00e6gger Keld Kortegaard (K) Benny Nielsens kritik af Mors\u00f8 Kommune som v\u00e6rende ikke erhvervsvenlig. Til dette svarer Keld Kortegaard f\u00f8lgende:<\/p>\n<p>\u2013 Jeg vil til en hver tid forsvare den forvaltning, jeg er formand for. Den k\u00f8ber jeg ikke. Jeg mener selv, at vi er meget, meget erhvervsvenlige. Der opst\u00e5r en gang imellem nogle knuder, der er ul\u00f8selige, og den her har \u00e5benbart v\u00e6ret en af dem. Jeg mener ikke, at vi kunne have gjort det her bedre. Jeg mener, at vi har gjort det, vi kunne i situationen.<\/p>\n<p>Keld Kortegaard kan i \u00f8vrigt ikke genkende, at der ikke skulle have v\u00e6ret nogen dialog mellem Freds\u00f8 og Mors\u00f8 Kommune i to \u00e5r. Han kan heller ikke genkende planerne om solceller og vindm\u00f8ller. Til KunMors oplyser han, at Mors\u00f8 Kommune ingen planer har om dette i n\u00e6rheden af Industrivej.<\/p>\n<p>For Benny Nielsen er flytningen ikke kun en forretningsm\u00e6ssig beslutning.<\/p>\n<a class=\"dvrt-link\" onClick=\"cdmtrack_click(178695,jQuery(this));return false\" href=\"https:\/\/kunmedierne.dk\/mors\/saa-nemt-er-det-giv-kunmors-i-gave-uden-binding\/\"><img decoding=\"async\" style=\"width:100%;\" src=\"https:\/\/kunmedierne.dk\/mors\/wp-content\/uploads\/2026\/07\/Giv-KunMors-i-gave.jpg\"><\/a><script>cdmtrack_view(178695);<\/script>\n<p>Freds\u00f8 Vognmandsforretning har eksisteret p\u00e5 Mors gennem fire generationer, og familien beskriver selv dagen, hvor k\u00f8bet af jorden ved Lyby blev en realitet, som b\u00e5de en sorgens og en gl\u00e6dens dag.<\/p>\n<p>\u2013 Det er pisse\u00e6rgerligt, siger Benny Nielsen om at opgive Mors som virksomhedens hovedbase.<\/p>\n<p>Virksomheden understreger samtidig, at den ikke vender Mors ryggen.<\/p>\n<p>I et opslag p\u00e5 Facebook skriver de, at planen er fortsat at servicere b\u00e5de eksisterende og nye kunder p\u00e5 \u00f8en, og Freds\u00f8 oplyser, at man vil bevare et mindre logistik- og affaldscenter p\u00e5 Mors.<\/p>\n<p>Men hovedparten af virksomheden og den kommende v\u00e6kst rykker. Benny Nielsen ved endnu ikke, om han selv flytter til Skive.<\/p>\n<p>\u2013 M\u00e5ske skal jeg have campingvognen med derud. Jeg ved det sgu ikke. Det giver jo et godt k\u00f8rselsfradrag, at blive boede p\u00e5 Mors. Det bliver en helt ny start derovre, siger Benny Nielsen.<\/p>\n<p>Hvad der p\u00e5 l\u00e6ngere sigt skal ske med de nuv\u00e6rende bygninger p\u00e5 Industrivej i Nyk\u00f8bing, er endnu ikke besluttet.<\/p>\n<p>&nbsp;<\/p>\n<blockquote>\n<h4>L\u00c6S OGS\u00c5:<\/h4>\n<h5><a href=\"https:\/\/kunmedierne.dk\/mors\/jubilaeum-selv-oeens-stoerste-gavflab-kan-miste-maelet\/\" target=\"_blank\" rel=\"noopener\">Jubil\u00e6um: Selv \u00f8ens st\u00f8rste gavflab kan miste m\u00e6let<\/a><\/h5>\n<\/blockquote>\n","protected":false},"excerpt":{"rendered":"<p>ERHVERV: I omkring 90 \u00e5r har Freds\u00f8 Vognmandsforretning haft sine r\u00f8dder p\u00e5 Mors, men mandag den 1. september overtager de nye virksomhedsarealer uden for Mors\u00f8 Kommune, og om f\u00e5 \u00e5r ligger virksomhedens hoveds\u00e6de derfor i Skive Kommune. Freds\u00f8 har k\u00f8bt 104 hektar jord i og omkring K\u00e5strup ved Lyby, hvor der skal bygges et nyt [&hellip;]<\/p>\n","protected":false},"author":2507,"featured_media":0,"comment_status":"closed","ping_status":"closed","sticky":false,"template":"","format":"standard","meta":{"_acf_changed":false,"footnotes":""},"categories":[51],"tags":[159],"class_list":["post-180764","post","type-post","status-publish","format-standard","hentry","category-lokalt","tag-erhverv"],"acf":[],"yoast_head":"<!-- This site is optimized with the Yoast SEO plugin v27.7 - https:\/\/yoast.com\/product\/yoast-seo-wordpress\/ -->\n<title>Freds\u00f8 Vognmandsforretning flytter til Skive:  &quot;Nu kommer vi til at udvide meget. Der skal satme ske meget&quot; - Mors<\/title>\n<meta name=\"robots\" content=\"index, follow, max-snippet:-1, max-image-preview:large, max-video-preview:-1\" \/>\n<link rel=\"canonical\" href=\"https:\/\/kunmedierne.dk\/mors\/fredsoe-vognmandsforretning-flytter-til-skive-nu-kommer-vi-til-at-udvide-meget-der-skal-satme-ske-meget\/\" \/>\n<meta property=\"og:locale\" content=\"da_DK\" \/>\n<meta property=\"og:type\" content=\"article\" \/>\n<meta property=\"og:title\" content=\"Freds\u00f8 Vognmandsforretning flytter til Skive:  &quot;Nu kommer vi til at udvide meget. Der skal satme ske meget&quot; - Mors\" \/>\n<meta property=\"og:description\" content=\"ERHVERV: I omkring 90 \u00e5r har Freds\u00f8 Vognmandsforretning haft sine r\u00f8dder p\u00e5 Mors, men mandag den 1. september overtager de nye virksomhedsarealer uden for Mors\u00f8 Kommune, og om f\u00e5 \u00e5r ligger virksomhedens hoveds\u00e6de derfor i Skive Kommune. Freds\u00f8 har k\u00f8bt 104 hektar jord i og omkring K\u00e5strup ved Lyby, hvor der skal bygges et nyt [&hellip;]\" \/>\n<meta property=\"og:url\" content=\"https:\/\/kunmedierne.dk\/mors\/fredsoe-vognmandsforretning-flytter-til-skive-nu-kommer-vi-til-at-udvide-meget-der-skal-satme-ske-meget\/\" \/>\n<meta property=\"og:site_name\" content=\"Mors\" \/>\n<meta property=\"article:published_time\" content=\"2026-09-01T13:58:13+00:00\" \/>\n<meta name=\"author\" content=\"Katrine Hedegaard\" \/>\n<meta name=\"twitter:card\" content=\"summary_large_image\" \/>\n<meta name=\"twitter:label1\" content=\"Skrevet af\" \/>\n\t<meta name=\"twitter:data1\" content=\"Katrine Hedegaard\" \/>\n\t<meta name=\"twitter:label2\" content=\"Estimeret l\u00e6setid\" \/>\n\t<meta name=\"twitter:data2\" content=\"5 minutter\" \/>\n<script type=\"application\/ld+json\" class=\"yoast-schema-graph\">{\"@context\":\"https:\\\/\\\/schema.org\",\"@graph\":[{\"@type\":\"Article\",\"@id\":\"https:\\\/\\\/kunmedierne.dk\\\/mors\\\/fredsoe-vognmandsforretning-flytter-til-skive-nu-kommer-vi-til-at-udvide-meget-der-skal-satme-ske-meget\\\/#article\",\"isPartOf\":{\"@id\":\"https:\\\/\\\/kunmedierne.dk\\\/mors\\\/fredsoe-vognmandsforretning-flytter-til-skive-nu-kommer-vi-til-at-udvide-meget-der-skal-satme-ske-meget\\\/\"},\"author\":{\"name\":\"Katrine Hedegaard\",\"@id\":\"https:\\\/\\\/kunmedierne.dk\\\/mors\\\/#\\\/schema\\\/person\\\/b2e62a38069b12365e53e087a8709c64\"},\"headline\":\"Freds\u00f8 Vognmandsforretning flytter til Skive: &#8220;Nu kommer vi til at udvide meget. Der skal satme ske meget&#8221;\",\"datePublished\":\"2026-09-01T13:58:13+00:00\",\"mainEntityOfPage\":{\"@id\":\"https:\\\/\\\/kunmedierne.dk\\\/mors\\\/fredsoe-vognmandsforretning-flytter-til-skive-nu-kommer-vi-til-at-udvide-meget-der-skal-satme-ske-meget\\\/\"},\"wordCount\":1113,\"publisher\":{\"@id\":\"https:\\\/\\\/kunmedierne.dk\\\/mors\\\/#organization\"},\"keywords\":[\"Erhverv\"],\"articleSection\":[\"Lokalt\"],\"inLanguage\":\"da-DK\"},{\"@type\":\"WebPage\",\"@id\":\"https:\\\/\\\/kunmedierne.dk\\\/mors\\\/fredsoe-vognmandsforretning-flytter-til-skive-nu-kommer-vi-til-at-udvide-meget-der-skal-satme-ske-meget\\\/\",\"url\":\"https:\\\/\\\/kunmedierne.dk\\\/mors\\\/fredsoe-vognmandsforretning-flytter-til-skive-nu-kommer-vi-til-at-udvide-meget-der-skal-satme-ske-meget\\\/\",\"name\":\"Freds\u00f8 Vognmandsforretning flytter til Skive: \\\"Nu kommer vi til at udvide meget. Der skal satme ske meget\\\" - Mors\",\"isPartOf\":{\"@id\":\"https:\\\/\\\/kunmedierne.dk\\\/mors\\\/#website\"},\"datePublished\":\"2026-09-01T13:58:13+00:00\",\"breadcrumb\":{\"@id\":\"https:\\\/\\\/kunmedierne.dk\\\/mors\\\/fredsoe-vognmandsforretning-flytter-til-skive-nu-kommer-vi-til-at-udvide-meget-der-skal-satme-ske-meget\\\/#breadcrumb\"},\"inLanguage\":\"da-DK\",\"potentialAction\":[{\"@type\":\"ReadAction\",\"target\":[\"https:\\\/\\\/kunmedierne.dk\\\/mors\\\/fredsoe-vognmandsforretning-flytter-til-skive-nu-kommer-vi-til-at-udvide-meget-der-skal-satme-ske-meget\\\/\"]}]},{\"@type\":\"BreadcrumbList\",\"@id\":\"https:\\\/\\\/kunmedierne.dk\\\/mors\\\/fredsoe-vognmandsforretning-flytter-til-skive-nu-kommer-vi-til-at-udvide-meget-der-skal-satme-ske-meget\\\/#breadcrumb\",\"itemListElement\":[{\"@type\":\"ListItem\",\"position\":1,\"name\":\"Hjem\",\"item\":\"https:\\\/\\\/kunmedierne.dk\\\/mors\\\/\"},{\"@type\":\"ListItem\",\"position\":2,\"name\":\"Freds\u00f8 Vognmandsforretning flytter til Skive: &#8220;Nu kommer vi til at udvide meget. Der skal satme ske meget&#8221;\"}]},{\"@type\":\"WebSite\",\"@id\":\"https:\\\/\\\/kunmedierne.dk\\\/mors\\\/#website\",\"url\":\"https:\\\/\\\/kunmedierne.dk\\\/mors\\\/\",\"name\":\"Mors\",\"description\":\"et netmedie med journalistik om livet p\u00e5 Mors\",\"publisher\":{\"@id\":\"https:\\\/\\\/kunmedierne.dk\\\/mors\\\/#organization\"},\"potentialAction\":[{\"@type\":\"SearchAction\",\"target\":{\"@type\":\"EntryPoint\",\"urlTemplate\":\"https:\\\/\\\/kunmedierne.dk\\\/mors\\\/?s={search_term_string}\"},\"query-input\":{\"@type\":\"PropertyValueSpecification\",\"valueRequired\":true,\"valueName\":\"search_term_string\"}}],\"inLanguage\":\"da-DK\"},{\"@type\":\"Organization\",\"@id\":\"https:\\\/\\\/kunmedierne.dk\\\/mors\\\/#organization\",\"name\":\"Mors\",\"url\":\"https:\\\/\\\/kunmedierne.dk\\\/mors\\\/\",\"logo\":{\"@type\":\"ImageObject\",\"inLanguage\":\"da-DK\",\"@id\":\"https:\\\/\\\/kunmedierne.dk\\\/mors\\\/#\\\/schema\\\/logo\\\/image\\\/\",\"url\":\"https:\\\/\\\/kunmedierne.dk\\\/mors\\\/wp-content\\\/uploads\\\/2024\\\/08\\\/kunmors-logo.svg\",\"contentUrl\":\"https:\\\/\\\/kunmedierne.dk\\\/mors\\\/wp-content\\\/uploads\\\/2024\\\/08\\\/kunmors-logo.svg\",\"caption\":\"Mors\"},\"image\":{\"@id\":\"https:\\\/\\\/kunmedierne.dk\\\/mors\\\/#\\\/schema\\\/logo\\\/image\\\/\"}},{\"@type\":\"Person\",\"@id\":\"https:\\\/\\\/kunmedierne.dk\\\/mors\\\/#\\\/schema\\\/person\\\/b2e62a38069b12365e53e087a8709c64\",\"name\":\"Katrine Hedegaard\",\"image\":{\"@type\":\"ImageObject\",\"inLanguage\":\"da-DK\",\"@id\":\"https:\\\/\\\/secure.gravatar.com\\\/avatar\\\/18a5c72fa9148052fd3ed5a58b40fc83cfdc9811090e6e6eec9539af058edcc0?s=96&d=mm&r=g\",\"url\":\"https:\\\/\\\/secure.gravatar.com\\\/avatar\\\/18a5c72fa9148052fd3ed5a58b40fc83cfdc9811090e6e6eec9539af058edcc0?s=96&d=mm&r=g\",\"contentUrl\":\"https:\\\/\\\/secure.gravatar.com\\\/avatar\\\/18a5c72fa9148052fd3ed5a58b40fc83cfdc9811090e6e6eec9539af058edcc0?s=96&d=mm&r=g\",\"caption\":\"Katrine Hedegaard\"},\"url\":\"https:\\\/\\\/kunmedierne.dk\\\/mors\\\/author\\\/katrine\\\/\"}]}<\/script>\n<!-- \/ Yoast SEO plugin. -->","yoast_head_json":{"title":"Freds\u00f8 Vognmandsforretning flytter til Skive:  \"Nu kommer vi til at udvide meget. Der skal satme ske meget\" - Mors","robots":{"index":"index","follow":"follow","max-snippet":"max-snippet:-1","max-image-preview":"max-image-preview:large","max-video-preview":"max-video-preview:-1"},"canonical":"https:\/\/kunmedierne.dk\/mors\/fredsoe-vognmandsforretning-flytter-til-skive-nu-kommer-vi-til-at-udvide-meget-der-skal-satme-ske-meget\/","og_locale":"da_DK","og_type":"article","og_title":"Freds\u00f8 Vognmandsforretning flytter til Skive:  \"Nu kommer vi til at udvide meget. Der skal satme ske meget\" - Mors","og_description":"ERHVERV: I omkring 90 \u00e5r har Freds\u00f8 Vognmandsforretning haft sine r\u00f8dder p\u00e5 Mors, men mandag den 1. september overtager de nye virksomhedsarealer uden for Mors\u00f8 Kommune, og om f\u00e5 \u00e5r ligger virksomhedens hoveds\u00e6de derfor i Skive Kommune. Freds\u00f8 har k\u00f8bt 104 hektar jord i og omkring K\u00e5strup ved Lyby, hvor der skal bygges et nyt [&hellip;]","og_url":"https:\/\/kunmedierne.dk\/mors\/fredsoe-vognmandsforretning-flytter-til-skive-nu-kommer-vi-til-at-udvide-meget-der-skal-satme-ske-meget\/","og_site_name":"Mors","article_published_time":"2026-09-01T13:58:13+00:00","author":"Katrine Hedegaard","twitter_card":"summary_large_image","twitter_misc":{"Skrevet af":"Katrine Hedegaard","Estimeret l\u00e6setid":"5 minutter"},"schema":{"@context":"https:\/\/schema.org","@graph":[{"@type":"Article","@id":"https:\/\/kunmedierne.dk\/mors\/fredsoe-vognmandsforretning-flytter-til-skive-nu-kommer-vi-til-at-udvide-meget-der-skal-satme-ske-meget\/#article","isPartOf":{"@id":"https:\/\/kunmedierne.dk\/mors\/fredsoe-vognmandsforretning-flytter-til-skive-nu-kommer-vi-til-at-udvide-meget-der-skal-satme-ske-meget\/"},"author":{"name":"Katrine Hedegaard","@id":"https:\/\/kunmedierne.dk\/mors\/#\/schema\/person\/b2e62a38069b12365e53e087a8709c64"},"headline":"Freds\u00f8 Vognmandsforretning flytter til Skive: &#8220;Nu kommer vi til at udvide meget. Der skal satme ske meget&#8221;","datePublished":"2026-09-01T13:58:13+00:00","mainEntityOfPage":{"@id":"https:\/\/kunmedierne.dk\/mors\/fredsoe-vognmandsforretning-flytter-til-skive-nu-kommer-vi-til-at-udvide-meget-der-skal-satme-ske-meget\/"},"wordCount":1113,"publisher":{"@id":"https:\/\/kunmedierne.dk\/mors\/#organization"},"keywords":["Erhverv"],"articleSection":["Lokalt"],"inLanguage":"da-DK"},{"@type":"WebPage","@id":"https:\/\/kunmedierne.dk\/mors\/fredsoe-vognmandsforretning-flytter-til-skive-nu-kommer-vi-til-at-udvide-meget-der-skal-satme-ske-meget\/","url":"https:\/\/kunmedierne.dk\/mors\/fredsoe-vognmandsforretning-flytter-til-skive-nu-kommer-vi-til-at-udvide-meget-der-skal-satme-ske-meget\/","name":"Freds\u00f8 Vognmandsforretning flytter til Skive: \"Nu kommer vi til at udvide meget. Der skal satme ske meget\" - Mors","isPartOf":{"@id":"https:\/\/kunmedierne.dk\/mors\/#website"},"datePublished":"2026-09-01T13:58:13+00:00","breadcrumb":{"@id":"https:\/\/kunmedierne.dk\/mors\/fredsoe-vognmandsforretning-flytter-til-skive-nu-kommer-vi-til-at-udvide-meget-der-skal-satme-ske-meget\/#breadcrumb"},"inLanguage":"da-DK","potentialAction":[{"@type":"ReadAction","target":["https:\/\/kunmedierne.dk\/mors\/fredsoe-vognmandsforretning-flytter-til-skive-nu-kommer-vi-til-at-udvide-meget-der-skal-satme-ske-meget\/"]}]},{"@type":"BreadcrumbList","@id":"https:\/\/kunmedierne.dk\/mors\/fredsoe-vognmandsforretning-flytter-til-skive-nu-kommer-vi-til-at-udvide-meget-der-skal-satme-ske-meget\/#breadcrumb","itemListElement":[{"@type":"ListItem","position":1,"name":"Hjem","item":"https:\/\/kunmedierne.dk\/mors\/"},{"@type":"ListItem","position":2,"name":"Freds\u00f8 Vognmandsforretning flytter til Skive: &#8220;Nu kommer vi til at udvide meget. Der skal satme ske meget&#8221;"}]},{"@type":"WebSite","@id":"https:\/\/kunmedierne.dk\/mors\/#website","url":"https:\/\/kunmedierne.dk\/mors\/","name":"Mors","description":"et netmedie med journalistik om livet p\u00e5 Mors","publisher":{"@id":"https:\/\/kunmedierne.dk\/mors\/#organization"},"potentialAction":[{"@type":"SearchAction","target":{"@type":"EntryPoint","urlTemplate":"https:\/\/kunmedierne.dk\/mors\/?s={search_term_string}"},"query-input":{"@type":"PropertyValueSpecification","valueRequired":true,"valueName":"search_term_string"}}],"inLanguage":"da-DK"},{"@type":"Organization","@id":"https:\/\/kunmedierne.dk\/mors\/#organization","name":"Mors","url":"https:\/\/kunmedierne.dk\/mors\/","logo":{"@type":"ImageObject","inLanguage":"da-DK","@id":"https:\/\/kunmedierne.dk\/mors\/#\/schema\/logo\/image\/","url":"https:\/\/kunmedierne.dk\/mors\/wp-content\/uploads\/2024\/08\/kunmors-logo.svg","contentUrl":"https:\/\/kunmedierne.dk\/mors\/wp-content\/uploads\/2024\/08\/kunmors-logo.svg","caption":"Mors"},"image":{"@id":"https:\/\/kunmedierne.dk\/mors\/#\/schema\/logo\/image\/"}},{"@type":"Person","@id":"https:\/\/kunmedierne.dk\/mors\/#\/schema\/person\/b2e62a38069b12365e53e087a8709c64","name":"Katrine Hedegaard","image":{"@type":"ImageObject","inLanguage":"da-DK","@id":"https:\/\/secure.gravatar.com\/avatar\/18a5c72fa9148052fd3ed5a58b40fc83cfdc9811090e6e6eec9539af058edcc0?s=96&d=mm&r=g","url":"https:\/\/secure.gravatar.com\/avatar\/18a5c72fa9148052fd3ed5a58b40fc83cfdc9811090e6e6eec9539af058edcc0?s=96&d=mm&r=g","contentUrl":"https:\/\/secure.gravatar.com\/avatar\/18a5c72fa9148052fd3ed5a58b40fc83cfdc9811090e6e6eec9539af058edcc0?s=96&d=mm&r=g","caption":"Katrine Hedegaard"},"url":"https:\/\/kunmedierne.dk\/mors\/author\/katrine\/"}]}},"_links":{"self":[{"href":"https:\/\/kunmedierne.dk\/mors\/wp-json\/wp\/v2\/posts\/180764","targetHints":{"allow":["GET"]}}],"collection":[{"href":"https:\/\/kunmedierne.dk\/mors\/wp-json\/wp\/v2\/posts"}],"about":[{"href":"https:\/\/kunmedierne.dk\/mors\/wp-json\/wp\/v2\/types\/post"}],"author":[{"embeddable":true,"href":"https:\/\/kunmedierne.dk\/mors\/wp-json\/wp\/v2\/users\/2507"}],"replies":[{"embeddable":true,"href":"https:\/\/kunmedierne.dk\/mors\/wp-json\/wp\/v2\/comments?post=180764"}],"version-history":[{"count":15,"href":"https:\/\/kunmedierne.dk\/mors\/wp-json\/wp\/v2\/posts\/180764\/revisions"}],"predecessor-version":[{"id":180789,"href":"https:\/\/kunmedierne.dk\/mors\/wp-json\/wp\/v2\/posts\/180764\/revisions\/180789"}],"wp:attachment":[{"href":"https:\/\/kunmedierne.dk\/mors\/wp-json\/wp\/v2\/media?parent=180764"}],"wp:term":[{"taxonomy":"category","embeddable":true,"href":"https:\/\/kunmedierne.dk\/mors\/wp-json\/wp\/v2\/categories?post=180764"},{"taxonomy":"post_tag","embeddable":true,"href":"https:\/\/kunmedierne.dk\/mors\/wp-json\/wp\/v2\/tags?post=180764"}],"curies":[{"name":"wp","href":"https:\/\/api.w.org\/{rel}","templated":true}]}}