{"id":180749,"date":"2026-09-01T17:11:01","date_gmt":"2026-09-01T15:11:01","guid":{"rendered":"https:\/\/kunmedierne.dk\/mors\/?p=180749"},"modified":"2026-09-01T12:00:26","modified_gmt":"2026-09-01T10:00:26","slug":"laeserbrev-saa-har-i-chancen-kaere-kommunalbestyrelse-i-morsoe-kommune-hvis-i-har-modet","status":"publish","type":"post","link":"https:\/\/kunmedierne.dk\/mors\/laeserbrev-saa-har-i-chancen-kaere-kommunalbestyrelse-i-morsoe-kommune-hvis-i-har-modet\/","title":{"rendered":"<span>L\u00e6serbrev: <\/span> S\u00e5 har I chancen, k\u00e6re kommunalbestyrelse i Mors\u00f8 Kommune \u2013 hvis I har modet"},"content":{"rendered":"<p><strong>DEBAT:<\/strong> Mors\u00f8 Kommunes nuv\u00e6rende kommunaldirekt\u00f8r forlader kommunen. Det giver efter min mening kommunalbestyrelsen en oplagt mulighed for at stoppe op og stille et vigtigt sp\u00f8rgsm\u00e5l: Skal vi bare forts\u00e6tte som hidtil \u2013 eller skal vi benytte lejligheden til at t\u00e6nke nyt?<\/p>\n<p><a href=\"https:\/\/cepos.dk\/artikler\/kommunerne-kan-spare-over-8-mia-kr-pa-ledelse-og-administration\/?utm_source=chatgpt.com\" target=\"_blank\" rel=\"noopener\">CEPOS har vurderet, at Mors\u00f8 Kommune kan spare mellem 22,4 og 42,0 millioner kroner \u00e5rligt p\u00e5 ledelse og administration<\/a>. If\u00f8lge CEPOS er der mulighed for at frig\u00f8re millioner ved at bringe effektiviteten p\u00e5 det administrative omr\u00e5de op p\u00e5 niveau med de bedste sammenlignelige kommuner. Det er ganske betydelige bel\u00f8b.<\/p>\n<a class=\"dvrt-link\" onClick=\"cdmtrack_click(178695,jQuery(this));return false\" href=\"https:\/\/kunmedierne.dk\/mors\/saa-nemt-er-det-giv-kunmors-i-gave-uden-binding\/\"><img decoding=\"async\" style=\"width:100%;\" src=\"https:\/\/kunmedierne.dk\/mors\/wp-content\/uploads\/2026\/07\/Giv-KunMors-i-gave.jpg\"><\/a><script>cdmtrack_view(178695);<\/script>\n<p>N\u00e5r en organisation som CEPOS udefra kan pege p\u00e5 et s\u00e5 stort effektiviseringspotentiale, synes jeg, det er rimeligt at sp\u00f8rge, hvorfor kommunens \u00f8verste administrative ledelse ikke for l\u00e6ngst har fremlagt mere ambiti\u00f8se forslag til besparelser og effektiviseringer p\u00e5 netop administrationen.<\/p>\n<p>Nu har kommunalbestyrelsen chancen for at g\u00f8re noget anderledes. Mit forslag er derfor, at man f\u00e5r hj\u00e6lp udefra \u2013 eksempelvis fra en uvildig konsulent \u2013 til at<\/p>\n<p>gennemf\u00f8re en grundig gennemgang af kommunens ledelse og administration, inden der ans\u00e6ttes en ny kommunaldirekt\u00f8r og vicekommunaldirekt\u00f8r.<\/p>\n<p>Det handler ikke om at spare for enhver pris. Tv\u00e6rtimod b\u00f8r m\u00e5let v\u00e6re at finde effektiviseringer d\u00e9r, hvor de g\u00f8r mindst skade p\u00e5 kommunens kernevelf\u00e6rd.<\/p>\n<p>For hvis CEPOS har ret i, at der kan findes tocifrede millionbel\u00f8b p\u00e5 ledelse og administration, b\u00f8r det unders\u00f8ges grundigt, f\u00f8r man igen v\u00e6lger den nemme l\u00f8sning og lader besparelserne ramme b\u00f8rn, \u00e6ldre, syge, handicappede og andre borgere, der har brug for kommunen.<\/p>\n<p>K\u00e6re kommunalbestyrelse \u2013 I har nu en mulighed for at g\u00f8re tingene anderledes. Brug den. Kig indad f\u00f8rst. Find effektiviseringerne, f\u00f8r regningen sendes videre til borgerne. Hvor mener I, at besparelserne og effektiviseringerne kan findes? Det er vel et rimeligt sp\u00f8rgsm\u00e5l at stille<\/p>\n","protected":false},"excerpt":{"rendered":"<p>DEBAT: Mors\u00f8 Kommunes nuv\u00e6rende kommunaldirekt\u00f8r forlader kommunen. Det giver efter min mening kommunalbestyrelsen en oplagt mulighed for at stoppe op og stille et vigtigt sp\u00f8rgsm\u00e5l: Skal vi bare forts\u00e6tte som hidtil \u2013 eller skal vi benytte lejligheden til at t\u00e6nke nyt? CEPOS har vurderet, at Mors\u00f8 Kommune kan spare mellem 22,4 og 42,0 millioner kroner [&hellip;]<\/p>\n","protected":false},"author":11,"featured_media":0,"comment_status":"closed","ping_status":"closed","sticky":false,"template":"","format":"standard","meta":{"_acf_changed":false,"footnotes":""},"categories":[56,51],"tags":[],"class_list":["post-180749","post","type-post","status-publish","format-standard","hentry","category-debat","category-lokalt"],"acf":[],"yoast_head":"<!-- This site is optimized with the Yoast SEO plugin v27.7 - https:\/\/yoast.com\/product\/yoast-seo-wordpress\/ -->\n<title>L\u00e6serbrev:  S\u00e5 har I chancen, k\u00e6re kommunalbestyrelse i Mors\u00f8 Kommune \u2013 hvis I har modet - Mors<\/title>\n<meta name=\"robots\" content=\"index, follow, max-snippet:-1, max-image-preview:large, max-video-preview:-1\" \/>\n<link rel=\"canonical\" href=\"https:\/\/kunmedierne.dk\/mors\/laeserbrev-saa-har-i-chancen-kaere-kommunalbestyrelse-i-morsoe-kommune-hvis-i-har-modet\/\" \/>\n<meta property=\"og:locale\" content=\"da_DK\" \/>\n<meta property=\"og:type\" content=\"article\" \/>\n<meta property=\"og:title\" content=\"L\u00e6serbrev:  S\u00e5 har I chancen, k\u00e6re kommunalbestyrelse i Mors\u00f8 Kommune \u2013 hvis I har modet - Mors\" \/>\n<meta property=\"og:description\" content=\"DEBAT: Mors\u00f8 Kommunes nuv\u00e6rende kommunaldirekt\u00f8r forlader kommunen. Det giver efter min mening kommunalbestyrelsen en oplagt mulighed for at stoppe op og stille et vigtigt sp\u00f8rgsm\u00e5l: Skal vi bare forts\u00e6tte som hidtil \u2013 eller skal vi benytte lejligheden til at t\u00e6nke nyt? CEPOS har vurderet, at Mors\u00f8 Kommune kan spare mellem 22,4 og 42,0 millioner kroner [&hellip;]\" \/>\n<meta property=\"og:url\" content=\"https:\/\/kunmedierne.dk\/mors\/laeserbrev-saa-har-i-chancen-kaere-kommunalbestyrelse-i-morsoe-kommune-hvis-i-har-modet\/\" \/>\n<meta property=\"og:site_name\" content=\"Mors\" \/>\n<meta property=\"article:published_time\" content=\"2026-09-01T15:11:01+00:00\" \/>\n<meta name=\"author\" content=\"Debat\" \/>\n<meta name=\"twitter:card\" content=\"summary_large_image\" \/>\n<meta name=\"twitter:label1\" content=\"Skrevet af\" \/>\n\t<meta name=\"twitter:data1\" content=\"Debat\" \/>\n\t<meta name=\"twitter:label2\" content=\"Estimeret l\u00e6setid\" \/>\n\t<meta name=\"twitter:data2\" content=\"2 minutter\" \/>\n<script type=\"application\/ld+json\" class=\"yoast-schema-graph\">{\"@context\":\"https:\\\/\\\/schema.org\",\"@graph\":[{\"@type\":\"Article\",\"@id\":\"https:\\\/\\\/kunmedierne.dk\\\/mors\\\/laeserbrev-saa-har-i-chancen-kaere-kommunalbestyrelse-i-morsoe-kommune-hvis-i-har-modet\\\/#article\",\"isPartOf\":{\"@id\":\"https:\\\/\\\/kunmedierne.dk\\\/mors\\\/laeserbrev-saa-har-i-chancen-kaere-kommunalbestyrelse-i-morsoe-kommune-hvis-i-har-modet\\\/\"},\"author\":{\"name\":\"Debat\",\"@id\":\"https:\\\/\\\/kunmedierne.dk\\\/mors\\\/#\\\/schema\\\/person\\\/84c1391bce0b43b9bb3a49736bc0ad78\"},\"headline\":\"L\u00e6serbrev: S\u00e5 har I chancen, k\u00e6re kommunalbestyrelse i Mors\u00f8 Kommune \u2013 hvis I har modet\",\"datePublished\":\"2026-09-01T15:11:01+00:00\",\"mainEntityOfPage\":{\"@id\":\"https:\\\/\\\/kunmedierne.dk\\\/mors\\\/laeserbrev-saa-har-i-chancen-kaere-kommunalbestyrelse-i-morsoe-kommune-hvis-i-har-modet\\\/\"},\"wordCount\":338,\"publisher\":{\"@id\":\"https:\\\/\\\/kunmedierne.dk\\\/mors\\\/#organization\"},\"articleSection\":[\"Debat\",\"Lokalt\"],\"inLanguage\":\"da-DK\"},{\"@type\":\"WebPage\",\"@id\":\"https:\\\/\\\/kunmedierne.dk\\\/mors\\\/laeserbrev-saa-har-i-chancen-kaere-kommunalbestyrelse-i-morsoe-kommune-hvis-i-har-modet\\\/\",\"url\":\"https:\\\/\\\/kunmedierne.dk\\\/mors\\\/laeserbrev-saa-har-i-chancen-kaere-kommunalbestyrelse-i-morsoe-kommune-hvis-i-har-modet\\\/\",\"name\":\"L\u00e6serbrev: S\u00e5 har I chancen, k\u00e6re kommunalbestyrelse i Mors\u00f8 Kommune \u2013 hvis I har modet - Mors\",\"isPartOf\":{\"@id\":\"https:\\\/\\\/kunmedierne.dk\\\/mors\\\/#website\"},\"datePublished\":\"2026-09-01T15:11:01+00:00\",\"breadcrumb\":{\"@id\":\"https:\\\/\\\/kunmedierne.dk\\\/mors\\\/laeserbrev-saa-har-i-chancen-kaere-kommunalbestyrelse-i-morsoe-kommune-hvis-i-har-modet\\\/#breadcrumb\"},\"inLanguage\":\"da-DK\",\"potentialAction\":[{\"@type\":\"ReadAction\",\"target\":[\"https:\\\/\\\/kunmedierne.dk\\\/mors\\\/laeserbrev-saa-har-i-chancen-kaere-kommunalbestyrelse-i-morsoe-kommune-hvis-i-har-modet\\\/\"]}]},{\"@type\":\"BreadcrumbList\",\"@id\":\"https:\\\/\\\/kunmedierne.dk\\\/mors\\\/laeserbrev-saa-har-i-chancen-kaere-kommunalbestyrelse-i-morsoe-kommune-hvis-i-har-modet\\\/#breadcrumb\",\"itemListElement\":[{\"@type\":\"ListItem\",\"position\":1,\"name\":\"Hjem\",\"item\":\"https:\\\/\\\/kunmedierne.dk\\\/mors\\\/\"},{\"@type\":\"ListItem\",\"position\":2,\"name\":\"L\u00e6serbrev: S\u00e5 har I chancen, k\u00e6re kommunalbestyrelse i Mors\u00f8 Kommune \u2013 hvis I har modet\"}]},{\"@type\":\"WebSite\",\"@id\":\"https:\\\/\\\/kunmedierne.dk\\\/mors\\\/#website\",\"url\":\"https:\\\/\\\/kunmedierne.dk\\\/mors\\\/\",\"name\":\"Mors\",\"description\":\"et netmedie med journalistik om livet p\u00e5 Mors\",\"publisher\":{\"@id\":\"https:\\\/\\\/kunmedierne.dk\\\/mors\\\/#organization\"},\"potentialAction\":[{\"@type\":\"SearchAction\",\"target\":{\"@type\":\"EntryPoint\",\"urlTemplate\":\"https:\\\/\\\/kunmedierne.dk\\\/mors\\\/?s={search_term_string}\"},\"query-input\":{\"@type\":\"PropertyValueSpecification\",\"valueRequired\":true,\"valueName\":\"search_term_string\"}}],\"inLanguage\":\"da-DK\"},{\"@type\":\"Organization\",\"@id\":\"https:\\\/\\\/kunmedierne.dk\\\/mors\\\/#organization\",\"name\":\"Mors\",\"url\":\"https:\\\/\\\/kunmedierne.dk\\\/mors\\\/\",\"logo\":{\"@type\":\"ImageObject\",\"inLanguage\":\"da-DK\",\"@id\":\"https:\\\/\\\/kunmedierne.dk\\\/mors\\\/#\\\/schema\\\/logo\\\/image\\\/\",\"url\":\"https:\\\/\\\/kunmedierne.dk\\\/mors\\\/wp-content\\\/uploads\\\/2024\\\/08\\\/kunmors-logo.svg\",\"contentUrl\":\"https:\\\/\\\/kunmedierne.dk\\\/mors\\\/wp-content\\\/uploads\\\/2024\\\/08\\\/kunmors-logo.svg\",\"caption\":\"Mors\"},\"image\":{\"@id\":\"https:\\\/\\\/kunmedierne.dk\\\/mors\\\/#\\\/schema\\\/logo\\\/image\\\/\"}},{\"@type\":\"Person\",\"@id\":\"https:\\\/\\\/kunmedierne.dk\\\/mors\\\/#\\\/schema\\\/person\\\/84c1391bce0b43b9bb3a49736bc0ad78\",\"name\":\"Debat\",\"image\":{\"@type\":\"ImageObject\",\"inLanguage\":\"da-DK\",\"@id\":\"https:\\\/\\\/secure.gravatar.com\\\/avatar\\\/b0fb2e221d618f7c65162ab0d49c7e8a0b580c871ca03af90e42b47b4150654c?s=96&d=mm&r=g\",\"url\":\"https:\\\/\\\/secure.gravatar.com\\\/avatar\\\/b0fb2e221d618f7c65162ab0d49c7e8a0b580c871ca03af90e42b47b4150654c?s=96&d=mm&r=g\",\"contentUrl\":\"https:\\\/\\\/secure.gravatar.com\\\/avatar\\\/b0fb2e221d618f7c65162ab0d49c7e8a0b580c871ca03af90e42b47b4150654c?s=96&d=mm&r=g\",\"caption\":\"Debat\"},\"url\":\"https:\\\/\\\/kunmedierne.dk\\\/mors\\\/author\\\/debat\\\/\"}]}<\/script>\n<!-- \/ Yoast SEO plugin. -->","yoast_head_json":{"title":"L\u00e6serbrev:  S\u00e5 har I chancen, k\u00e6re kommunalbestyrelse i Mors\u00f8 Kommune \u2013 hvis I har modet - Mors","robots":{"index":"index","follow":"follow","max-snippet":"max-snippet:-1","max-image-preview":"max-image-preview:large","max-video-preview":"max-video-preview:-1"},"canonical":"https:\/\/kunmedierne.dk\/mors\/laeserbrev-saa-har-i-chancen-kaere-kommunalbestyrelse-i-morsoe-kommune-hvis-i-har-modet\/","og_locale":"da_DK","og_type":"article","og_title":"L\u00e6serbrev:  S\u00e5 har I chancen, k\u00e6re kommunalbestyrelse i Mors\u00f8 Kommune \u2013 hvis I har modet - Mors","og_description":"DEBAT: Mors\u00f8 Kommunes nuv\u00e6rende kommunaldirekt\u00f8r forlader kommunen. Det giver efter min mening kommunalbestyrelsen en oplagt mulighed for at stoppe op og stille et vigtigt sp\u00f8rgsm\u00e5l: Skal vi bare forts\u00e6tte som hidtil \u2013 eller skal vi benytte lejligheden til at t\u00e6nke nyt? CEPOS har vurderet, at Mors\u00f8 Kommune kan spare mellem 22,4 og 42,0 millioner kroner [&hellip;]","og_url":"https:\/\/kunmedierne.dk\/mors\/laeserbrev-saa-har-i-chancen-kaere-kommunalbestyrelse-i-morsoe-kommune-hvis-i-har-modet\/","og_site_name":"Mors","article_published_time":"2026-09-01T15:11:01+00:00","author":"Debat","twitter_card":"summary_large_image","twitter_misc":{"Skrevet af":"Debat","Estimeret l\u00e6setid":"2 minutter"},"schema":{"@context":"https:\/\/schema.org","@graph":[{"@type":"Article","@id":"https:\/\/kunmedierne.dk\/mors\/laeserbrev-saa-har-i-chancen-kaere-kommunalbestyrelse-i-morsoe-kommune-hvis-i-har-modet\/#article","isPartOf":{"@id":"https:\/\/kunmedierne.dk\/mors\/laeserbrev-saa-har-i-chancen-kaere-kommunalbestyrelse-i-morsoe-kommune-hvis-i-har-modet\/"},"author":{"name":"Debat","@id":"https:\/\/kunmedierne.dk\/mors\/#\/schema\/person\/84c1391bce0b43b9bb3a49736bc0ad78"},"headline":"L\u00e6serbrev: S\u00e5 har I chancen, k\u00e6re kommunalbestyrelse i Mors\u00f8 Kommune \u2013 hvis I har modet","datePublished":"2026-09-01T15:11:01+00:00","mainEntityOfPage":{"@id":"https:\/\/kunmedierne.dk\/mors\/laeserbrev-saa-har-i-chancen-kaere-kommunalbestyrelse-i-morsoe-kommune-hvis-i-har-modet\/"},"wordCount":338,"publisher":{"@id":"https:\/\/kunmedierne.dk\/mors\/#organization"},"articleSection":["Debat","Lokalt"],"inLanguage":"da-DK"},{"@type":"WebPage","@id":"https:\/\/kunmedierne.dk\/mors\/laeserbrev-saa-har-i-chancen-kaere-kommunalbestyrelse-i-morsoe-kommune-hvis-i-har-modet\/","url":"https:\/\/kunmedierne.dk\/mors\/laeserbrev-saa-har-i-chancen-kaere-kommunalbestyrelse-i-morsoe-kommune-hvis-i-har-modet\/","name":"L\u00e6serbrev: S\u00e5 har I chancen, k\u00e6re kommunalbestyrelse i Mors\u00f8 Kommune \u2013 hvis I har modet - Mors","isPartOf":{"@id":"https:\/\/kunmedierne.dk\/mors\/#website"},"datePublished":"2026-09-01T15:11:01+00:00","breadcrumb":{"@id":"https:\/\/kunmedierne.dk\/mors\/laeserbrev-saa-har-i-chancen-kaere-kommunalbestyrelse-i-morsoe-kommune-hvis-i-har-modet\/#breadcrumb"},"inLanguage":"da-DK","potentialAction":[{"@type":"ReadAction","target":["https:\/\/kunmedierne.dk\/mors\/laeserbrev-saa-har-i-chancen-kaere-kommunalbestyrelse-i-morsoe-kommune-hvis-i-har-modet\/"]}]},{"@type":"BreadcrumbList","@id":"https:\/\/kunmedierne.dk\/mors\/laeserbrev-saa-har-i-chancen-kaere-kommunalbestyrelse-i-morsoe-kommune-hvis-i-har-modet\/#breadcrumb","itemListElement":[{"@type":"ListItem","position":1,"name":"Hjem","item":"https:\/\/kunmedierne.dk\/mors\/"},{"@type":"ListItem","position":2,"name":"L\u00e6serbrev: S\u00e5 har I chancen, k\u00e6re kommunalbestyrelse i Mors\u00f8 Kommune \u2013 hvis I har modet"}]},{"@type":"WebSite","@id":"https:\/\/kunmedierne.dk\/mors\/#website","url":"https:\/\/kunmedierne.dk\/mors\/","name":"Mors","description":"et netmedie med journalistik om livet p\u00e5 Mors","publisher":{"@id":"https:\/\/kunmedierne.dk\/mors\/#organization"},"potentialAction":[{"@type":"SearchAction","target":{"@type":"EntryPoint","urlTemplate":"https:\/\/kunmedierne.dk\/mors\/?s={search_term_string}"},"query-input":{"@type":"PropertyValueSpecification","valueRequired":true,"valueName":"search_term_string"}}],"inLanguage":"da-DK"},{"@type":"Organization","@id":"https:\/\/kunmedierne.dk\/mors\/#organization","name":"Mors","url":"https:\/\/kunmedierne.dk\/mors\/","logo":{"@type":"ImageObject","inLanguage":"da-DK","@id":"https:\/\/kunmedierne.dk\/mors\/#\/schema\/logo\/image\/","url":"https:\/\/kunmedierne.dk\/mors\/wp-content\/uploads\/2024\/08\/kunmors-logo.svg","contentUrl":"https:\/\/kunmedierne.dk\/mors\/wp-content\/uploads\/2024\/08\/kunmors-logo.svg","caption":"Mors"},"image":{"@id":"https:\/\/kunmedierne.dk\/mors\/#\/schema\/logo\/image\/"}},{"@type":"Person","@id":"https:\/\/kunmedierne.dk\/mors\/#\/schema\/person\/84c1391bce0b43b9bb3a49736bc0ad78","name":"Debat","image":{"@type":"ImageObject","inLanguage":"da-DK","@id":"https:\/\/secure.gravatar.com\/avatar\/b0fb2e221d618f7c65162ab0d49c7e8a0b580c871ca03af90e42b47b4150654c?s=96&d=mm&r=g","url":"https:\/\/secure.gravatar.com\/avatar\/b0fb2e221d618f7c65162ab0d49c7e8a0b580c871ca03af90e42b47b4150654c?s=96&d=mm&r=g","contentUrl":"https:\/\/secure.gravatar.com\/avatar\/b0fb2e221d618f7c65162ab0d49c7e8a0b580c871ca03af90e42b47b4150654c?s=96&d=mm&r=g","caption":"Debat"},"url":"https:\/\/kunmedierne.dk\/mors\/author\/debat\/"}]}},"_links":{"self":[{"href":"https:\/\/kunmedierne.dk\/mors\/wp-json\/wp\/v2\/posts\/180749","targetHints":{"allow":["GET"]}}],"collection":[{"href":"https:\/\/kunmedierne.dk\/mors\/wp-json\/wp\/v2\/posts"}],"about":[{"href":"https:\/\/kunmedierne.dk\/mors\/wp-json\/wp\/v2\/types\/post"}],"author":[{"embeddable":true,"href":"https:\/\/kunmedierne.dk\/mors\/wp-json\/wp\/v2\/users\/11"}],"replies":[{"embeddable":true,"href":"https:\/\/kunmedierne.dk\/mors\/wp-json\/wp\/v2\/comments?post=180749"}],"version-history":[{"count":5,"href":"https:\/\/kunmedierne.dk\/mors\/wp-json\/wp\/v2\/posts\/180749\/revisions"}],"predecessor-version":[{"id":180754,"href":"https:\/\/kunmedierne.dk\/mors\/wp-json\/wp\/v2\/posts\/180749\/revisions\/180754"}],"wp:attachment":[{"href":"https:\/\/kunmedierne.dk\/mors\/wp-json\/wp\/v2\/media?parent=180749"}],"wp:term":[{"taxonomy":"category","embeddable":true,"href":"https:\/\/kunmedierne.dk\/mors\/wp-json\/wp\/v2\/categories?post=180749"},{"taxonomy":"post_tag","embeddable":true,"href":"https:\/\/kunmedierne.dk\/mors\/wp-json\/wp\/v2\/tags?post=180749"}],"curies":[{"name":"wp","href":"https:\/\/api.w.org\/{rel}","templated":true}]}}