{"id":180681,"date":"2026-09-01T13:32:32","date_gmt":"2026-09-01T11:32:32","guid":{"rendered":"https:\/\/kunmedierne.dk\/mors\/?p=180681"},"modified":"2026-09-01T12:38:26","modified_gmt":"2026-09-01T10:38:26","slug":"mors-var-i-centrum-da-kommunaldirektoeren-sagde-farvel","status":"publish","type":"post","link":"https:\/\/kunmedierne.dk\/mors\/mors-var-i-centrum-da-kommunaldirektoeren-sagde-farvel\/","title":{"rendered":"Mors var i centrum, da kommunaldirekt\u00f8ren sagde farvel"},"content":{"rendered":"<p><strong>RECEPTION<\/strong>: Taler\u00e6kken er n\u00e6sten lige s\u00e5 lang som antallet af \u00e5r i den kommunale administration, da Rikke W\u00fcrtz mandag eftermiddag lukker et stort kapitel i sit arbejdsliv.<\/p>\n<p>I Sparekassen Thy Arena Mors er Hal 2 fyldt med god mad og lige s\u00e5 god stemning. 150 er samlet til reception, og b\u00e5de tidligere og nuv\u00e6rende medarbejdere, politikere og forbindelser inden for kommune, region og erhvervsliv er m\u00f8dt op.<\/p>\n<a class=\"dvrt-link\" onClick=\"cdmtrack_click(113414,jQuery(this));return false\" href=\"https:\/\/www.p-soerensen.dk\/\"><img decoding=\"async\" style=\"width:100%;\" src=\"https:\/\/kunmedierne.dk\/mors\/wp-content\/uploads\/2024\/03\/p-soerensen-juni25.jpg\"><\/a><script>cdmtrack_view(113414);<\/script>\n<p>Alle m\u00e5 i k\u00f8 til buffeten, mens en god flok ogs\u00e5 byder ind p\u00e5 en plads ved mikrofonen for p\u00e5 skift at sende Rikke W\u00fcrtz videre i livet med en tak.<\/p>\n<p>Det gl\u00e6der hun sig over, da KunMors er forbi under en pause i taler\u00e6kken og f\u00e5r en kort samtale med den afg\u00e5ende kommunaldirekt\u00f8r.<\/p>\n<p>&#8211; Det er b\u00e5de vemodigt og overv\u00e6ldende. Det er en vemodig dag, og jeg er overv\u00e6ldet over alle de mennesker, der er her, siger Rikke W\u00fcrtz.<\/p>\n<p>&nbsp;<\/p>\n<p><strong>Gl\u00e6der sig over talers fokus<\/strong><\/p>\n<p>Hun kan se tilbage p\u00e5 n\u00e6sten 17 \u00e5r i Mors\u00f8 Kommune, hvor hun b\u00e5de har v\u00e6ret chef for Social og Sundhed, vicekommunaldirekt\u00f8r og &#8211; i de sidste 10 &#8211; haft den \u00f8verste lederpost i en administration med ansvar for godt og vel 20.000 borgere og et budget p\u00e5 1,8 milliarder kroner.<\/p>\n<a class=\"dvrt-link\" onClick=\"cdmtrack_click(116504,jQuery(this));return false\" href=\"https:\/\/www.nybolig.dk\/ejendomsmaeglere\/nordvestjylland\/nybolig-morsoe-nykoebing-mors\"><img decoding=\"async\" style=\"width:100%;\" src=\"https:\/\/kunmedierne.dk\/mors\/wp-content\/uploads\/2024\/04\/250825Nybolig.jpg\"><\/a><script>cdmtrack_view(116504);<\/script>\n<p>Derfor er det ikke overraskende, at tunge poster fra erhvervslivet og s\u00e5vel kommunal- som regional administration er p\u00e5 plads til receptionen. Og med s\u00e5 mange \u00e5r p\u00e5 Mors, er det heller ikke overraskende, at talerne fokuserer netop p\u00e5 Rikke W\u00fcrtz&#8217; tilknytning til Mors.<\/p>\n<p>Det gl\u00e6der hun sig ogs\u00e5 over p\u00e5 afskedsdagen.<\/p>\n<p>&#8211; Jeg er glad for Mors\u00f8 Kommune. Og jeg er glad for Mors. Det kan man heldigvis m\u00e6rke i dag, siger hun med adresse til talerne.<\/p>\n<p>&nbsp;<\/p>\n<p><strong>Afviser sammenh\u00e6ng med borgmesterskifte<\/strong><\/p>\n<p>Det er en m\u00e5ned siden, Rikke W\u00fcrtz offentliggjorde sin opsigelse. Den faldt otte m\u00e5neder efter et borgmesterskifte og dermed afslutningen p\u00e5 et mange\u00e5rigt samarbejde med tidligere borgmester Hans Ejner Bertelsen (V).<\/p>\n<p>En s\u00e5dan timing kan ikke lade sig g\u00f8re, uden at det f\u00f8der spekulationer i lokalsamfunde om en sammenh\u00e6ng. Rikke W\u00fcrtz afviser dog, at hendes opsigelse h\u00e6nger sammen med, at Jens Dahlgaard (S) har overtaget borgmesterposten.<\/p>\n<a class=\"dvrt-link\" onClick=\"cdmtrack_click(111725,jQuery(this));return false\" href=\"https:\/\/www.thistedforsikring.dk\/?utm_source=partnerskaber&amp;utm_campaign=kun_mors\"><img decoding=\"async\" style=\"width:100%;\" src=\"https:\/\/kunmedierne.dk\/mors\/wp-content\/uploads\/2024\/02\/269409KunMors-ThistedFor-1.png\"><\/a><script>cdmtrack_view(111725);<\/script>\n<p>&#8211; Der er ingen sammenh\u00e6ng. Jeg \u00e5bnede s\u00e5dan set min egen virksomhed i 2024 og t\u00e6nkte, at det skulle jeg stille og roligt bygge op, siger hun og tilf\u00f8jer, at det s\u00e5 &#8211; ikke overraskende &#8211; viste sig, at tidsforbruget som kommunaldirekt\u00f8r var for stort.<\/p>\n<p>For en m\u00e5ned siden meldte hun s\u00e5 ud, at timingen nu er den rigtige, fordi administrationen og den nye kommunalbestyrelse er godt introduceret &#8211; og at kommunens skifte p\u00e5 posten som kommunaldirekt\u00f8r derfor er det rigtige.<\/p>\n<p>&nbsp;<\/p>\n<p><strong>Alt er klart &#8211; begge steder<\/strong><\/p>\n<p>Rikke W\u00fcrtz har ikke meldt en ny arbejdsgiver ud. Det er der en grund til, for til KunMors fort\u00e6ller hun, at man ikke skal forvente at se hende blive pr\u00e6senteret i en lederstilling for en bestemt virksomhed.<\/p>\n<p>I 2022 fik hun\u00a0 <a href=\"https:\/\/kunmedierne.dk\/mors\/rikke-wurtz-vandt-kammaprisen-2022\/\" target=\"_blank\" rel=\"noopener\">Kammaprisen<\/a> &#8211; en nordjysk pris for kvindelige leder og iv\u00e6rks\u00e6ttere. Og i 2025 <a href=\"https:\/\/kunmedierne.dk\/mors\/kommunaldirektoer-rikke-wurtz-faar-dobbelt-bestyrelsespost-nu-skal-hun-saette-retning-for-millionuddelinger\/\" target=\"_blank\" rel=\"noopener\">tr\u00e5dte hun ind i bestyrelsen<\/a> for henholdsvis Nordea-fonden og Tietgenfonden.<\/p>\n<a class=\"dvrt-link\" onClick=\"cdmtrack_click(179540,jQuery(this));return false\" href=\"https:\/\/www.facebook.com\/profile.php?id=100049901895340\"><img decoding=\"async\" style=\"width:100%;\" src=\"https:\/\/kunmedierne.dk\/mors\/wp-content\/uploads\/2026\/08\/260831Morsoebil2Animation-3steps.gif\"><\/a><script>cdmtrack_view(179540);<\/script>\n<p>R\u00e5dgivning og bestyrelsesarbejde bliver en vigtig del af tilv\u00e6relsen fremover &#8211; men alts\u00e5 fordelt p\u00e5 flere omr\u00e5der. Og Rikke W\u00fcrtz angiver, at hun med en alder p\u00e5 50 ogs\u00e5 har n\u00e5et det tidspunkt i livet, hvor timingen ogs\u00e5 af karrierem\u00e6ssige \u00e5rsager er den rigtige.<\/p>\n<p>Derfor understreger hun, at afskeden med Mors\u00f8 Kommune ikke er et fravalg, men et tilvalg af nye muligheder. Og med en del af den nuv\u00e6rende administration siddende ved bordet bag sig lyder det med tilfredshed om b\u00e5de det forhenv\u00e6rende og det n\u00e6ste kapitel:<\/p>\n<p>&#8211; Alt er klart.<\/p>\n<blockquote>\n<h4>FAKTA<\/h4>\n<h5>Talerlisten til Rikke W\u00fcrtz&#8217; reception repr\u00e6senterede b\u00e5de politik, erhvervsliv samt kommunal og regional administration. Den bestod af:<\/h5>\n<ul>\n<li>\n<h5>Jens Dahlgaard (S), borgmester i Mors\u00f8 Kommune.<\/h5>\n<\/li>\n<li>\n<h5>Torben Gregersen, vicekommunaldirekt\u00f8r i Mors\u00f8 Kommune og fra tirsdag konstitueret som kommunaldirekt\u00f8r, indtil en ny ans\u00e6ttelse er p\u00e5 plads.<\/h5>\n<\/li>\n<li>\n<h5>Hans Ejner Bertelsen (V), tidligere borgmester i Mors\u00f8 Kommune.<\/h5>\n<\/li>\n<li>\n<h5>Bodil B. Kristensen, \u00f8konomidirekt\u00f8r i Mors\u00f8 Kommune.<\/h5>\n<\/li>\n<li>\n<h5>Lars Erik J\u00f8nsson, adm. direkt\u00f8r i Erhvervshus Nordjylland.<\/h5>\n<\/li>\n<li>\n<h5>Jakob Krag, regionsdirekt\u00f8r i Region Nordjylland, sammen med Anne Bukh, koncerndirekt\u00f8r i Region Nordjylland.<\/h5>\n<\/li>\n<li>\n<h5>Tage Odgaard Nielsen, bestyrelsesleder i Dansk Industri Thy-Mors og Mors\u00f8 Erhvervsr\u00e5d.<\/h5>\n<\/li>\n<li>\n<h5>Henrik Munksgaard, direkt\u00f8r i Jesperhus Feriepark.<\/h5>\n<\/li>\n<li>\n<h5>Henning S\u00f8rensen (V), tidl. udvalgsformand for social, sundhed og besk\u00e6ftigelse i Mors\u00f8 Kommune.<\/h5>\n<\/li>\n<li>\n<h5>Rikke W\u00fcrtz, afg\u00e5ende kommunaldirekt\u00f8r.<\/h5>\n<\/li>\n<\/ul>\n<h5>L\u00c6S OGS\u00c5:<\/h5>\n<h5><a href=\"https:\/\/kunmedierne.dk\/mors\/kommunaldirektoer-rikke-wurtz-faar-dobbelt-bestyrelsespost-nu-skal-hun-saette-retning-for-millionuddelinger\/\" target=\"_blank\" rel=\"noopener\">Kommunaldirekt\u00f8r Rikke W\u00fcrtz f\u00e5r dobbelt bestyrelsespost: Nu skal hun s\u00e6tte retning or milliondudelinger<\/a><\/h5>\n<h5><a href=\"https:\/\/kunmedierne.dk\/mors\/rikke-wurtz-vandt-kammaprisen-2022\/\" target=\"_blank\" rel=\"noopener\">Rikke W\u00fcrtz vandt Kammaprisen 2022<\/a><\/h5>\n<\/blockquote>\n<div id=\"attachment_180760\" style=\"width: 1242px\" class=\"wp-caption alignright\"><img loading=\"lazy\" decoding=\"async\" aria-describedby=\"caption-attachment-180760\" class=\"size-full wp-image-180760\" src=\"https:\/\/kunmedierne.dk\/mors\/wp-content\/uploads\/2026\/09\/260901-rikke-wurtz.jpg\" alt=\"\" width=\"1232\" height=\"821\" srcset=\"https:\/\/kunmedierne.dk\/mors\/wp-content\/uploads\/2026\/09\/260901-rikke-wurtz.jpg 1232w, https:\/\/kunmedierne.dk\/mors\/wp-content\/uploads\/2026\/09\/260901-rikke-wurtz-300x200.jpg 300w, https:\/\/kunmedierne.dk\/mors\/wp-content\/uploads\/2026\/09\/260901-rikke-wurtz-1024x682.jpg 1024w, https:\/\/kunmedierne.dk\/mors\/wp-content\/uploads\/2026\/09\/260901-rikke-wurtz-510x340.jpg 510w\" sizes=\"auto, (max-width: 1232px) 100vw, 1232px\" \/><p id=\"caption-attachment-180760\" class=\"wp-caption-text\">Rikke W\u00fcrtz med \u00e6gtemand Peter Svenstrup under receptionen i Sparekassen Thy Arena Mors.<\/p><\/div>\n<h5><\/h5>\n","protected":false},"excerpt":{"rendered":"<p>RECEPTION: Taler\u00e6kken er n\u00e6sten lige s\u00e5 lang som antallet af \u00e5r i den kommunale administration, da Rikke W\u00fcrtz mandag eftermiddag lukker et stort kapitel i sit arbejdsliv. I Sparekassen Thy Arena Mors er Hal 2 fyldt med god mad og lige s\u00e5 god stemning. 150 er samlet til reception, og b\u00e5de tidligere og nuv\u00e6rende medarbejdere, [&hellip;]<\/p>\n","protected":false},"author":8,"featured_media":0,"comment_status":"closed","ping_status":"closed","sticky":false,"template":"","format":"standard","meta":{"_acf_changed":false,"footnotes":""},"categories":[51],"tags":[],"class_list":["post-180681","post","type-post","status-publish","format-standard","hentry","category-lokalt"],"acf":[],"yoast_head":"<!-- This site is optimized with the Yoast SEO plugin v27.7 - https:\/\/yoast.com\/product\/yoast-seo-wordpress\/ -->\n<title>Mors var i centrum, da kommunaldirekt\u00f8ren sagde farvel - Mors<\/title>\n<meta name=\"robots\" content=\"index, follow, max-snippet:-1, max-image-preview:large, max-video-preview:-1\" \/>\n<link rel=\"canonical\" href=\"https:\/\/kunmedierne.dk\/mors\/mors-var-i-centrum-da-kommunaldirektoeren-sagde-farvel\/\" \/>\n<meta property=\"og:locale\" content=\"da_DK\" \/>\n<meta property=\"og:type\" content=\"article\" \/>\n<meta property=\"og:title\" content=\"Mors var i centrum, da kommunaldirekt\u00f8ren sagde farvel - Mors\" \/>\n<meta property=\"og:description\" content=\"RECEPTION: Taler\u00e6kken er n\u00e6sten lige s\u00e5 lang som antallet af \u00e5r i den kommunale administration, da Rikke W\u00fcrtz mandag eftermiddag lukker et stort kapitel i sit arbejdsliv. I Sparekassen Thy Arena Mors er Hal 2 fyldt med god mad og lige s\u00e5 god stemning. 150 er samlet til reception, og b\u00e5de tidligere og nuv\u00e6rende medarbejdere, [&hellip;]\" \/>\n<meta property=\"og:url\" content=\"https:\/\/kunmedierne.dk\/mors\/mors-var-i-centrum-da-kommunaldirektoeren-sagde-farvel\/\" \/>\n<meta property=\"og:site_name\" content=\"Mors\" \/>\n<meta property=\"article:published_time\" content=\"2026-09-01T11:32:32+00:00\" \/>\n<meta property=\"og:image\" content=\"https:\/\/kunmedierne.dk\/mors\/wp-content\/uploads\/2026\/09\/260901-rikke-wurtz.jpg\" \/>\n<meta name=\"author\" content=\"David H\u00f8jmark\" \/>\n<meta name=\"twitter:card\" content=\"summary_large_image\" \/>\n<meta name=\"twitter:label1\" content=\"Skrevet af\" \/>\n\t<meta name=\"twitter:data1\" content=\"David H\u00f8jmark\" \/>\n\t<meta name=\"twitter:label2\" content=\"Estimeret l\u00e6setid\" \/>\n\t<meta name=\"twitter:data2\" content=\"4 minutter\" \/>\n<script type=\"application\/ld+json\" class=\"yoast-schema-graph\">{\"@context\":\"https:\\\/\\\/schema.org\",\"@graph\":[{\"@type\":\"Article\",\"@id\":\"https:\\\/\\\/kunmedierne.dk\\\/mors\\\/mors-var-i-centrum-da-kommunaldirektoeren-sagde-farvel\\\/#article\",\"isPartOf\":{\"@id\":\"https:\\\/\\\/kunmedierne.dk\\\/mors\\\/mors-var-i-centrum-da-kommunaldirektoeren-sagde-farvel\\\/\"},\"author\":{\"name\":\"David H\u00f8jmark\",\"@id\":\"https:\\\/\\\/kunmedierne.dk\\\/mors\\\/#\\\/schema\\\/person\\\/5fe23251bf1d0abbcdc6f7896579d548\"},\"headline\":\"Mors var i centrum, da kommunaldirekt\u00f8ren sagde farvel\",\"datePublished\":\"2026-09-01T11:32:32+00:00\",\"mainEntityOfPage\":{\"@id\":\"https:\\\/\\\/kunmedierne.dk\\\/mors\\\/mors-var-i-centrum-da-kommunaldirektoeren-sagde-farvel\\\/\"},\"wordCount\":841,\"publisher\":{\"@id\":\"https:\\\/\\\/kunmedierne.dk\\\/mors\\\/#organization\"},\"image\":{\"@id\":\"https:\\\/\\\/kunmedierne.dk\\\/mors\\\/mors-var-i-centrum-da-kommunaldirektoeren-sagde-farvel\\\/#primaryimage\"},\"thumbnailUrl\":\"https:\\\/\\\/kunmedierne.dk\\\/mors\\\/wp-content\\\/uploads\\\/2026\\\/09\\\/260901-rikke-wurtz.jpg\",\"articleSection\":[\"Lokalt\"],\"inLanguage\":\"da-DK\"},{\"@type\":\"WebPage\",\"@id\":\"https:\\\/\\\/kunmedierne.dk\\\/mors\\\/mors-var-i-centrum-da-kommunaldirektoeren-sagde-farvel\\\/\",\"url\":\"https:\\\/\\\/kunmedierne.dk\\\/mors\\\/mors-var-i-centrum-da-kommunaldirektoeren-sagde-farvel\\\/\",\"name\":\"Mors var i centrum, da kommunaldirekt\u00f8ren sagde farvel - Mors\",\"isPartOf\":{\"@id\":\"https:\\\/\\\/kunmedierne.dk\\\/mors\\\/#website\"},\"primaryImageOfPage\":{\"@id\":\"https:\\\/\\\/kunmedierne.dk\\\/mors\\\/mors-var-i-centrum-da-kommunaldirektoeren-sagde-farvel\\\/#primaryimage\"},\"image\":{\"@id\":\"https:\\\/\\\/kunmedierne.dk\\\/mors\\\/mors-var-i-centrum-da-kommunaldirektoeren-sagde-farvel\\\/#primaryimage\"},\"thumbnailUrl\":\"https:\\\/\\\/kunmedierne.dk\\\/mors\\\/wp-content\\\/uploads\\\/2026\\\/09\\\/260901-rikke-wurtz.jpg\",\"datePublished\":\"2026-09-01T11:32:32+00:00\",\"breadcrumb\":{\"@id\":\"https:\\\/\\\/kunmedierne.dk\\\/mors\\\/mors-var-i-centrum-da-kommunaldirektoeren-sagde-farvel\\\/#breadcrumb\"},\"inLanguage\":\"da-DK\",\"potentialAction\":[{\"@type\":\"ReadAction\",\"target\":[\"https:\\\/\\\/kunmedierne.dk\\\/mors\\\/mors-var-i-centrum-da-kommunaldirektoeren-sagde-farvel\\\/\"]}]},{\"@type\":\"ImageObject\",\"inLanguage\":\"da-DK\",\"@id\":\"https:\\\/\\\/kunmedierne.dk\\\/mors\\\/mors-var-i-centrum-da-kommunaldirektoeren-sagde-farvel\\\/#primaryimage\",\"url\":\"https:\\\/\\\/kunmedierne.dk\\\/mors\\\/wp-content\\\/uploads\\\/2026\\\/09\\\/260901-rikke-wurtz.jpg\",\"contentUrl\":\"https:\\\/\\\/kunmedierne.dk\\\/mors\\\/wp-content\\\/uploads\\\/2026\\\/09\\\/260901-rikke-wurtz.jpg\",\"width\":1232,\"height\":821,\"caption\":\"Rikke W\u00fcrtz med \u00e6gtemand Peter Svenstrup under receptionen i Sparekassen Thy Arena Mors.\"},{\"@type\":\"BreadcrumbList\",\"@id\":\"https:\\\/\\\/kunmedierne.dk\\\/mors\\\/mors-var-i-centrum-da-kommunaldirektoeren-sagde-farvel\\\/#breadcrumb\",\"itemListElement\":[{\"@type\":\"ListItem\",\"position\":1,\"name\":\"Hjem\",\"item\":\"https:\\\/\\\/kunmedierne.dk\\\/mors\\\/\"},{\"@type\":\"ListItem\",\"position\":2,\"name\":\"Mors var i centrum, da kommunaldirekt\u00f8ren sagde farvel\"}]},{\"@type\":\"WebSite\",\"@id\":\"https:\\\/\\\/kunmedierne.dk\\\/mors\\\/#website\",\"url\":\"https:\\\/\\\/kunmedierne.dk\\\/mors\\\/\",\"name\":\"Mors\",\"description\":\"et netmedie med journalistik om livet p\u00e5 Mors\",\"publisher\":{\"@id\":\"https:\\\/\\\/kunmedierne.dk\\\/mors\\\/#organization\"},\"potentialAction\":[{\"@type\":\"SearchAction\",\"target\":{\"@type\":\"EntryPoint\",\"urlTemplate\":\"https:\\\/\\\/kunmedierne.dk\\\/mors\\\/?s={search_term_string}\"},\"query-input\":{\"@type\":\"PropertyValueSpecification\",\"valueRequired\":true,\"valueName\":\"search_term_string\"}}],\"inLanguage\":\"da-DK\"},{\"@type\":\"Organization\",\"@id\":\"https:\\\/\\\/kunmedierne.dk\\\/mors\\\/#organization\",\"name\":\"Mors\",\"url\":\"https:\\\/\\\/kunmedierne.dk\\\/mors\\\/\",\"logo\":{\"@type\":\"ImageObject\",\"inLanguage\":\"da-DK\",\"@id\":\"https:\\\/\\\/kunmedierne.dk\\\/mors\\\/#\\\/schema\\\/logo\\\/image\\\/\",\"url\":\"https:\\\/\\\/kunmedierne.dk\\\/mors\\\/wp-content\\\/uploads\\\/2024\\\/08\\\/kunmors-logo.svg\",\"contentUrl\":\"https:\\\/\\\/kunmedierne.dk\\\/mors\\\/wp-content\\\/uploads\\\/2024\\\/08\\\/kunmors-logo.svg\",\"caption\":\"Mors\"},\"image\":{\"@id\":\"https:\\\/\\\/kunmedierne.dk\\\/mors\\\/#\\\/schema\\\/logo\\\/image\\\/\"}},{\"@type\":\"Person\",\"@id\":\"https:\\\/\\\/kunmedierne.dk\\\/mors\\\/#\\\/schema\\\/person\\\/5fe23251bf1d0abbcdc6f7896579d548\",\"name\":\"David H\u00f8jmark\",\"image\":{\"@type\":\"ImageObject\",\"inLanguage\":\"da-DK\",\"@id\":\"https:\\\/\\\/secure.gravatar.com\\\/avatar\\\/4315d6fb9ef244d729989f5f90268eb08d5bf8a3d84402f595fa194bb35784fd?s=96&d=mm&r=g\",\"url\":\"https:\\\/\\\/secure.gravatar.com\\\/avatar\\\/4315d6fb9ef244d729989f5f90268eb08d5bf8a3d84402f595fa194bb35784fd?s=96&d=mm&r=g\",\"contentUrl\":\"https:\\\/\\\/secure.gravatar.com\\\/avatar\\\/4315d6fb9ef244d729989f5f90268eb08d5bf8a3d84402f595fa194bb35784fd?s=96&d=mm&r=g\",\"caption\":\"David H\u00f8jmark\"},\"sameAs\":[\"https:\\\/\\\/www.kunmedierne.dk\"],\"url\":\"https:\\\/\\\/kunmedierne.dk\\\/mors\\\/author\\\/david\\\/\"}]}<\/script>\n<!-- \/ Yoast SEO plugin. -->","yoast_head_json":{"title":"Mors var i centrum, da kommunaldirekt\u00f8ren sagde farvel - Mors","robots":{"index":"index","follow":"follow","max-snippet":"max-snippet:-1","max-image-preview":"max-image-preview:large","max-video-preview":"max-video-preview:-1"},"canonical":"https:\/\/kunmedierne.dk\/mors\/mors-var-i-centrum-da-kommunaldirektoeren-sagde-farvel\/","og_locale":"da_DK","og_type":"article","og_title":"Mors var i centrum, da kommunaldirekt\u00f8ren sagde farvel - Mors","og_description":"RECEPTION: Taler\u00e6kken er n\u00e6sten lige s\u00e5 lang som antallet af \u00e5r i den kommunale administration, da Rikke W\u00fcrtz mandag eftermiddag lukker et stort kapitel i sit arbejdsliv. I Sparekassen Thy Arena Mors er Hal 2 fyldt med god mad og lige s\u00e5 god stemning. 150 er samlet til reception, og b\u00e5de tidligere og nuv\u00e6rende medarbejdere, [&hellip;]","og_url":"https:\/\/kunmedierne.dk\/mors\/mors-var-i-centrum-da-kommunaldirektoeren-sagde-farvel\/","og_site_name":"Mors","article_published_time":"2026-09-01T11:32:32+00:00","og_image":[{"url":"https:\/\/kunmedierne.dk\/mors\/wp-content\/uploads\/2026\/09\/260901-rikke-wurtz.jpg","type":"","width":"","height":""}],"author":"David H\u00f8jmark","twitter_card":"summary_large_image","twitter_misc":{"Skrevet af":"David H\u00f8jmark","Estimeret l\u00e6setid":"4 minutter"},"schema":{"@context":"https:\/\/schema.org","@graph":[{"@type":"Article","@id":"https:\/\/kunmedierne.dk\/mors\/mors-var-i-centrum-da-kommunaldirektoeren-sagde-farvel\/#article","isPartOf":{"@id":"https:\/\/kunmedierne.dk\/mors\/mors-var-i-centrum-da-kommunaldirektoeren-sagde-farvel\/"},"author":{"name":"David H\u00f8jmark","@id":"https:\/\/kunmedierne.dk\/mors\/#\/schema\/person\/5fe23251bf1d0abbcdc6f7896579d548"},"headline":"Mors var i centrum, da kommunaldirekt\u00f8ren sagde farvel","datePublished":"2026-09-01T11:32:32+00:00","mainEntityOfPage":{"@id":"https:\/\/kunmedierne.dk\/mors\/mors-var-i-centrum-da-kommunaldirektoeren-sagde-farvel\/"},"wordCount":841,"publisher":{"@id":"https:\/\/kunmedierne.dk\/mors\/#organization"},"image":{"@id":"https:\/\/kunmedierne.dk\/mors\/mors-var-i-centrum-da-kommunaldirektoeren-sagde-farvel\/#primaryimage"},"thumbnailUrl":"https:\/\/kunmedierne.dk\/mors\/wp-content\/uploads\/2026\/09\/260901-rikke-wurtz.jpg","articleSection":["Lokalt"],"inLanguage":"da-DK"},{"@type":"WebPage","@id":"https:\/\/kunmedierne.dk\/mors\/mors-var-i-centrum-da-kommunaldirektoeren-sagde-farvel\/","url":"https:\/\/kunmedierne.dk\/mors\/mors-var-i-centrum-da-kommunaldirektoeren-sagde-farvel\/","name":"Mors var i centrum, da kommunaldirekt\u00f8ren sagde farvel - Mors","isPartOf":{"@id":"https:\/\/kunmedierne.dk\/mors\/#website"},"primaryImageOfPage":{"@id":"https:\/\/kunmedierne.dk\/mors\/mors-var-i-centrum-da-kommunaldirektoeren-sagde-farvel\/#primaryimage"},"image":{"@id":"https:\/\/kunmedierne.dk\/mors\/mors-var-i-centrum-da-kommunaldirektoeren-sagde-farvel\/#primaryimage"},"thumbnailUrl":"https:\/\/kunmedierne.dk\/mors\/wp-content\/uploads\/2026\/09\/260901-rikke-wurtz.jpg","datePublished":"2026-09-01T11:32:32+00:00","breadcrumb":{"@id":"https:\/\/kunmedierne.dk\/mors\/mors-var-i-centrum-da-kommunaldirektoeren-sagde-farvel\/#breadcrumb"},"inLanguage":"da-DK","potentialAction":[{"@type":"ReadAction","target":["https:\/\/kunmedierne.dk\/mors\/mors-var-i-centrum-da-kommunaldirektoeren-sagde-farvel\/"]}]},{"@type":"ImageObject","inLanguage":"da-DK","@id":"https:\/\/kunmedierne.dk\/mors\/mors-var-i-centrum-da-kommunaldirektoeren-sagde-farvel\/#primaryimage","url":"https:\/\/kunmedierne.dk\/mors\/wp-content\/uploads\/2026\/09\/260901-rikke-wurtz.jpg","contentUrl":"https:\/\/kunmedierne.dk\/mors\/wp-content\/uploads\/2026\/09\/260901-rikke-wurtz.jpg","width":1232,"height":821,"caption":"Rikke W\u00fcrtz med \u00e6gtemand Peter Svenstrup under receptionen i Sparekassen Thy Arena Mors."},{"@type":"BreadcrumbList","@id":"https:\/\/kunmedierne.dk\/mors\/mors-var-i-centrum-da-kommunaldirektoeren-sagde-farvel\/#breadcrumb","itemListElement":[{"@type":"ListItem","position":1,"name":"Hjem","item":"https:\/\/kunmedierne.dk\/mors\/"},{"@type":"ListItem","position":2,"name":"Mors var i centrum, da kommunaldirekt\u00f8ren sagde farvel"}]},{"@type":"WebSite","@id":"https:\/\/kunmedierne.dk\/mors\/#website","url":"https:\/\/kunmedierne.dk\/mors\/","name":"Mors","description":"et netmedie med journalistik om livet p\u00e5 Mors","publisher":{"@id":"https:\/\/kunmedierne.dk\/mors\/#organization"},"potentialAction":[{"@type":"SearchAction","target":{"@type":"EntryPoint","urlTemplate":"https:\/\/kunmedierne.dk\/mors\/?s={search_term_string}"},"query-input":{"@type":"PropertyValueSpecification","valueRequired":true,"valueName":"search_term_string"}}],"inLanguage":"da-DK"},{"@type":"Organization","@id":"https:\/\/kunmedierne.dk\/mors\/#organization","name":"Mors","url":"https:\/\/kunmedierne.dk\/mors\/","logo":{"@type":"ImageObject","inLanguage":"da-DK","@id":"https:\/\/kunmedierne.dk\/mors\/#\/schema\/logo\/image\/","url":"https:\/\/kunmedierne.dk\/mors\/wp-content\/uploads\/2024\/08\/kunmors-logo.svg","contentUrl":"https:\/\/kunmedierne.dk\/mors\/wp-content\/uploads\/2024\/08\/kunmors-logo.svg","caption":"Mors"},"image":{"@id":"https:\/\/kunmedierne.dk\/mors\/#\/schema\/logo\/image\/"}},{"@type":"Person","@id":"https:\/\/kunmedierne.dk\/mors\/#\/schema\/person\/5fe23251bf1d0abbcdc6f7896579d548","name":"David H\u00f8jmark","image":{"@type":"ImageObject","inLanguage":"da-DK","@id":"https:\/\/secure.gravatar.com\/avatar\/4315d6fb9ef244d729989f5f90268eb08d5bf8a3d84402f595fa194bb35784fd?s=96&d=mm&r=g","url":"https:\/\/secure.gravatar.com\/avatar\/4315d6fb9ef244d729989f5f90268eb08d5bf8a3d84402f595fa194bb35784fd?s=96&d=mm&r=g","contentUrl":"https:\/\/secure.gravatar.com\/avatar\/4315d6fb9ef244d729989f5f90268eb08d5bf8a3d84402f595fa194bb35784fd?s=96&d=mm&r=g","caption":"David H\u00f8jmark"},"sameAs":["https:\/\/www.kunmedierne.dk"],"url":"https:\/\/kunmedierne.dk\/mors\/author\/david\/"}]}},"_links":{"self":[{"href":"https:\/\/kunmedierne.dk\/mors\/wp-json\/wp\/v2\/posts\/180681","targetHints":{"allow":["GET"]}}],"collection":[{"href":"https:\/\/kunmedierne.dk\/mors\/wp-json\/wp\/v2\/posts"}],"about":[{"href":"https:\/\/kunmedierne.dk\/mors\/wp-json\/wp\/v2\/types\/post"}],"author":[{"embeddable":true,"href":"https:\/\/kunmedierne.dk\/mors\/wp-json\/wp\/v2\/users\/8"}],"replies":[{"embeddable":true,"href":"https:\/\/kunmedierne.dk\/mors\/wp-json\/wp\/v2\/comments?post=180681"}],"version-history":[{"count":6,"href":"https:\/\/kunmedierne.dk\/mors\/wp-json\/wp\/v2\/posts\/180681\/revisions"}],"predecessor-version":[{"id":180763,"href":"https:\/\/kunmedierne.dk\/mors\/wp-json\/wp\/v2\/posts\/180681\/revisions\/180763"}],"wp:attachment":[{"href":"https:\/\/kunmedierne.dk\/mors\/wp-json\/wp\/v2\/media?parent=180681"}],"wp:term":[{"taxonomy":"category","embeddable":true,"href":"https:\/\/kunmedierne.dk\/mors\/wp-json\/wp\/v2\/categories?post=180681"},{"taxonomy":"post_tag","embeddable":true,"href":"https:\/\/kunmedierne.dk\/mors\/wp-json\/wp\/v2\/tags?post=180681"}],"curies":[{"name":"wp","href":"https:\/\/api.w.org\/{rel}","templated":true}]}}