{"id":180673,"date":"2026-08-31T17:11:22","date_gmt":"2026-08-31T15:11:22","guid":{"rendered":"https:\/\/kunmedierne.dk\/mors\/?p=180673"},"modified":"2026-08-31T16:51:46","modified_gmt":"2026-08-31T14:51:46","slug":"21-aarige-rasmus-droemmer-om-sit-eget-landbrug-torsdag-kan-hans-fremtid-blive-afgjort","status":"publish","type":"post","link":"https:\/\/kunmedierne.dk\/mors\/21-aarige-rasmus-droemmer-om-sit-eget-landbrug-torsdag-kan-hans-fremtid-blive-afgjort\/","title":{"rendered":"21-\u00e5rige Rasmus dr\u00f8mmer om sit eget landbrug \u2013 torsdag kan hans fremtid blive afgjort"},"content":{"rendered":"<p><strong>ELS\u00d8:<\/strong> Skyerne h\u00e6nger truende over \u00f8en. 21-\u00e5rige Rasmus Larsen st\u00e5r med mudder p\u00e5 st\u00f8vlerne p\u00e5 en pl\u00f8jemark lidt uden for Nyk\u00f8bing.<\/p>\n<p>Siden han var barn, har han dr\u00f8mt om at blive landmand. Mandag den 31. august har han sammen med en r\u00e6kke andre demonstranter fra Mors og Thy parkeret sin traktor netop her p\u00e5 marken.<\/p>\n<div id=\"attachment_180690\" style=\"width: 5194px\" class=\"wp-caption alignnone\"><img loading=\"lazy\" decoding=\"async\" aria-describedby=\"caption-attachment-180690\" class=\"wp-image-180690 size-full\" src=\"https:\/\/kunmedierne.dk\/mors\/wp-content\/uploads\/2026\/08\/design-uden-navn138.jpg\" alt=\"\" width=\"5184\" height=\"3456\" srcset=\"https:\/\/kunmedierne.dk\/mors\/wp-content\/uploads\/2026\/08\/design-uden-navn138.jpg 5184w, https:\/\/kunmedierne.dk\/mors\/wp-content\/uploads\/2026\/08\/design-uden-navn138-300x200.jpg 300w, https:\/\/kunmedierne.dk\/mors\/wp-content\/uploads\/2026\/08\/design-uden-navn138-1024x683.jpg 1024w, https:\/\/kunmedierne.dk\/mors\/wp-content\/uploads\/2026\/08\/design-uden-navn138-510x340.jpg 510w\" sizes=\"auto, (max-width: 5184px) 100vw, 5184px\" \/><p id=\"caption-attachment-180690\" class=\"wp-caption-text\">Anders Vistisen (DF) Foto: Katrine Hedegaard<\/p><\/div>\n<p>Anders Vistisen (DF) er ogs\u00e5 k\u00f8rt til Mors for at vise sin sympati med landbruget.<\/p>\n<a class=\"dvrt-link\" onClick=\"cdmtrack_click(114591,jQuery(this));return false\" href=\"https:\/\/www.facebook.com\/kopogkandemors\"><img decoding=\"async\" style=\"width:100%;\" src=\"https:\/\/kunmedierne.dk\/mors\/wp-content\/uploads\/2024\/03\/kop-og-kande-ja-tak-tilbud.jpg\"><\/a><script>cdmtrack_view(114591);<\/script>\n<p>Rasmus Larsen er fagl\u00e6rt landmand og netop begyndt at videreuddanne sig til produktionsleder i Viborg. Nu er hans fremtid ikke helt s\u00e5 sikker, som de dr\u00f8mme han har, men selv om udsigten til en strammere regulering af landbruget bekymrer ham, har han ikke opgivet dr\u00f8mmen.<\/p>\n<p>\u2013 Jeg dr\u00f8mmer om at f\u00e5 mit eget. Min familie har en planteavlsproduktion p\u00e5 340 hektar. Min f\u00e6tter er ogs\u00e5 p\u00e5 landbrugsskolen, og vi har altid snakket om, at vi gerne vil drive et landbrug sammen. Men jeg ved ikke rigtig, hvad der sker. Man arbejder lidt i blinde.<\/p>\n<p>Det er derfor, han st\u00e5r her.<\/p>\n<p>\u2013 Jeg er kommet for at demonstrere, fordi jeg er imod den her nye lov. Nu er jeg ved at videreuddanne mig, men jeg ved ikke, om jeg kan bruge det til noget. Det er lidt sv\u00e6rt.<\/p>\n<p>&nbsp;<\/p>\n<p><strong>Torsdag skal der stemmes<\/strong><\/p>\n<p>Torsdag den 3. september skal Folketinget tredjebehandle den nye g\u00f8dskningslov. Hvis den bliver vedtaget, kommer den til at g\u00e6lde fra 2027.<\/p>\n<p>\u2013 Jeg synes, det er forf\u00e6rdeligt. Vi har g\u00e5et med til en trepartsaftale, som vi skulle f\u00f8lge. S\u00e5 kommer de og l\u00e6gger det her ovenp\u00e5.<\/p>\n<div id=\"attachment_180687\" style=\"width: 5194px\" class=\"wp-caption alignnone\"><img loading=\"lazy\" decoding=\"async\" aria-describedby=\"caption-attachment-180687\" class=\"wp-image-180687 size-full\" src=\"https:\/\/kunmedierne.dk\/mors\/wp-content\/uploads\/2026\/08\/design-uden-navn137.jpg\" alt=\"\" width=\"5184\" height=\"3456\" srcset=\"https:\/\/kunmedierne.dk\/mors\/wp-content\/uploads\/2026\/08\/design-uden-navn137.jpg 5184w, https:\/\/kunmedierne.dk\/mors\/wp-content\/uploads\/2026\/08\/design-uden-navn137-300x200.jpg 300w, https:\/\/kunmedierne.dk\/mors\/wp-content\/uploads\/2026\/08\/design-uden-navn137-1024x683.jpg 1024w, https:\/\/kunmedierne.dk\/mors\/wp-content\/uploads\/2026\/08\/design-uden-navn137-510x340.jpg 510w\" sizes=\"auto, (max-width: 5184px) 100vw, 5184px\" \/><p id=\"caption-attachment-180687\" class=\"wp-caption-text\">Mandag den 31. august demonterede lokale landm\u00e6nd fra Mors og Thy lidt uden for Nyk\u00f8bing.<\/p><\/div>\n<p>P\u00e5 ladet af en pickup er der linet rundstykker og kaffe op. Mens Anders Vistisen (DF) sk\u00e6nker kaffe, fort\u00e6ller Rasmus Larsen videre:<\/p>\n<p>\u2013 Hvis den her lov bliver til virkelighed, s\u00e5 kan jeg ikke bruge min videreuddannelse til noget. Det har s\u00e5 store konsekvenser. Og det er jo ikke bare lidt jord, der skal tages ud. Det er meget jord.<\/p>\n<p>Usikkerheden kan ogs\u00e5 m\u00e6rkes blandt hans medstuderende.<\/p>\n<p>\u2013 Det er da lidt presset. Det kan man godt m\u00e6rke. Det er jo alle sammen nogen, der har den samme interesse for at arbejde inden for landbruget.<\/p>\n<p>&nbsp;<\/p>\n<p><strong>Fra Thy til pl\u00f8jemarken p\u00e5 Mors<\/strong><\/p>\n<p>P\u00e5 marken st\u00e5r endnu en ung Rasmus.<\/p>\n<p>25-\u00e5rige Rasmus Jacobsen er kommet fra Thy for at deltage i demonstrationen. Lidt uden for Thisted driver han en kv\u00e6gejendom sammen med sin far med 150 malkek\u00f8er og 300 hektar jord.<\/p>\n<div id=\"attachment_180692\" style=\"width: 5194px\" class=\"wp-caption alignnone\"><img loading=\"lazy\" decoding=\"async\" aria-describedby=\"caption-attachment-180692\" class=\"wp-image-180692 size-full\" src=\"https:\/\/kunmedierne.dk\/mors\/wp-content\/uploads\/2026\/08\/design-uden-navn139.jpg\" alt=\"\" width=\"5184\" height=\"3456\" srcset=\"https:\/\/kunmedierne.dk\/mors\/wp-content\/uploads\/2026\/08\/design-uden-navn139.jpg 5184w, https:\/\/kunmedierne.dk\/mors\/wp-content\/uploads\/2026\/08\/design-uden-navn139-300x200.jpg 300w, https:\/\/kunmedierne.dk\/mors\/wp-content\/uploads\/2026\/08\/design-uden-navn139-1024x683.jpg 1024w, https:\/\/kunmedierne.dk\/mors\/wp-content\/uploads\/2026\/08\/design-uden-navn139-510x340.jpg 510w\" sizes=\"auto, (max-width: 5184px) 100vw, 5184px\" \/><p id=\"caption-attachment-180692\" class=\"wp-caption-text\">Rasmus Jacobsen er landmand i Thy<\/p><\/div>\n<p>Han har v\u00e6ret med i driften i omkring et halvt \u00e5r. Om han en dag skal overtage bedriften, ved han ikke.<\/p>\n<p>\u2013 Det kommer an p\u00e5, hvordan det kommer til at g\u00e5 med det her, vi er ved at k\u00e6mpe for.<\/p>\n<p><em>S\u00e5 det er din fremtid, der er p\u00e5 spil?<\/em><\/p>\n<p>\u2013 Ja, det kan man godt sige.<\/p>\n<a class=\"dvrt-link\" onClick=\"cdmtrack_click(104786,jQuery(this));return false\" href=\"https:\/\/limfjordsteatret.dk\/events\/tobias-dybvad-mit-bedste-onemanshow\/\"><img decoding=\"async\" style=\"width:100%;\" src=\"https:\/\/kunmedierne.dk\/mors\/wp-content\/uploads\/2023\/10\/aarskortLim_KunMors_1100x125.jpg\"><\/a><script>cdmtrack_view(104786);<\/script>\n<p>For Rasmus Jacobsen var det friheden, der trak ham mod landbruget.<\/p>\n<p>\u2013 Man er ude i naturen, og det, man s\u00e6tter i jorden, ser man vokse op igen.<\/p>\n<p>Men han oplever, at dokumentationskrav fylder stadig mere.<\/p>\n<p>\u2013 Det er ikke lige det, man er blevet landmand for \u2013 at sidde og dokumentere alle ting. Man kan jo n\u00e6sten ikke malke en ko, uden at man skal ind og skrive, at man har malket den.<\/p>\n<p>&nbsp;<\/p>\n<p><strong>Efterlyser ansvar fra flere sider<\/strong><\/p>\n<p>Rasmus Jacobsen afviser ikke, at landbruget har et ansvar for milj\u00f8et og Limfjordens tilstand.<\/p>\n<p>\u2013 Det kan da godt v\u00e6re, at dansk landbrug har noget at sige.<\/p>\n<p>Men han mener, at landbruget ikke kan st\u00e5 alene med ansvaret. Han peger blandt andet p\u00e5 spildevand og overl\u00f8b fra renseanl\u00e6g.<\/p>\n<p>\u2013 Hvis vi skal g\u00f8re noget, s\u00e5 skal kommunerne ogs\u00e5 g\u00f8re noget ved renseanl\u00e6ggene. Andre skal ogs\u00e5 g\u00e5 med.<\/p>\n<p>Han efterlyser samtidig mere tid og et bedre fagligt grundlag for de krav, der bliver stillet til landbruget.<\/p>\n<p>&nbsp;<\/p>\n<p><strong>Ingen plan B<\/strong><\/p>\n<p>P\u00e5 pl\u00f8jemarken i Els\u00f8 er demonstrationen fredelig. 21-\u00e5rige Rasmus Larsen har ingen \u00f8nsker om at kopiere de mere voldsomme protester, man har set i Frankrig.<\/p>\n<p>\u2013 De \u00f8del\u00e6gger jo byerne, fordi de er sure p\u00e5 staten. Men det f\u00e5r vi jo heller ingenting ud af.<\/p>\n<p>Hvad man s\u00e5 skal g\u00f8re, er sv\u00e6rere.<\/p>\n<p>\u2013 Jeg synes, det er sv\u00e6rt, hvad vi lige skal g\u00f8re ved det. Vi kan jo ikke g\u00f8re s\u00e5 meget. Andet end at g\u00f8re opm\u00e6rksom p\u00e5 vores utilfredshed. Jeg har ingen plan B.<\/p>\n<p><img loading=\"lazy\" decoding=\"async\" class=\"alignnone wp-image-180695 size-full\" src=\"https:\/\/kunmedierne.dk\/mors\/wp-content\/uploads\/2026\/08\/design-uden-navn140.jpg\" alt=\"\" width=\"5184\" height=\"3456\" srcset=\"https:\/\/kunmedierne.dk\/mors\/wp-content\/uploads\/2026\/08\/design-uden-navn140.jpg 5184w, https:\/\/kunmedierne.dk\/mors\/wp-content\/uploads\/2026\/08\/design-uden-navn140-300x200.jpg 300w, https:\/\/kunmedierne.dk\/mors\/wp-content\/uploads\/2026\/08\/design-uden-navn140-1024x683.jpg 1024w, https:\/\/kunmedierne.dk\/mors\/wp-content\/uploads\/2026\/08\/design-uden-navn140-510x340.jpg 510w\" sizes=\"auto, (max-width: 5184px) 100vw, 5184px\" \/><\/p>\n<p>Om f\u00e5 dage skal Folketinget stemme. Rasmus Larsen mener selv, at afstemningen kan blive afg\u00f8rende for hans fremtid.<\/p>\n<p>P\u00e5 marken st\u00e5r derfor to unge m\u00e6nd fra hver sin side af Vilsund.<\/p>\n<a class=\"dvrt-link\" onClick=\"cdmtrack_click(104779,jQuery(this));return false\" href=\"https:\/\/morsoe-begravelsesforretning.dk\/\"><img decoding=\"async\" style=\"width:100%;\" src=\"https:\/\/kunmedierne.dk\/mors\/wp-content\/uploads\/2023\/11\/251215-morsoe-begravelsesforretning.jpg\"><\/a><script>cdmtrack_view(104779);<\/script>\n<p>Den ene er 21 \u00e5r og uddanner sig til det landbrug, han dr\u00f8mmer om en dag at f\u00e5.<\/p>\n<p>Den anden er 25 \u00e5r og driver allerede landbrug med sin far, men ved endnu ikke, om han skal overtage det.<\/p>\n<p>Mandag har de parkeret p\u00e5 den samme pl\u00f8jemark.<\/p>\n<p>Torsdag h\u00e5ber de at f\u00e5 svar p\u00e5, om der ogs\u00e5 er plads til dem i fremtidens danske landbrug.<\/p>\n","protected":false},"excerpt":{"rendered":"<p>ELS\u00d8: Skyerne h\u00e6nger truende over \u00f8en. 21-\u00e5rige Rasmus Larsen st\u00e5r med mudder p\u00e5 st\u00f8vlerne p\u00e5 en pl\u00f8jemark lidt uden for Nyk\u00f8bing. Siden han var barn, har han dr\u00f8mt om at blive landmand. Mandag den 31. august har han sammen med en r\u00e6kke andre demonstranter fra Mors og Thy parkeret sin traktor netop her p\u00e5 marken. [&hellip;]<\/p>\n","protected":false},"author":2507,"featured_media":0,"comment_status":"closed","ping_status":"closed","sticky":false,"template":"","format":"standard","meta":{"_acf_changed":false,"footnotes":""},"categories":[51],"tags":[],"class_list":["post-180673","post","type-post","status-publish","format-standard","hentry","category-lokalt"],"acf":[],"yoast_head":"<!-- This site is optimized with the Yoast SEO plugin v27.7 - https:\/\/yoast.com\/product\/yoast-seo-wordpress\/ -->\n<title>21-\u00e5rige Rasmus dr\u00f8mmer om sit eget landbrug \u2013 torsdag kan hans fremtid blive afgjort - Mors<\/title>\n<meta name=\"robots\" content=\"index, follow, max-snippet:-1, max-image-preview:large, max-video-preview:-1\" \/>\n<link rel=\"canonical\" href=\"https:\/\/kunmedierne.dk\/mors\/21-aarige-rasmus-droemmer-om-sit-eget-landbrug-torsdag-kan-hans-fremtid-blive-afgjort\/\" \/>\n<meta property=\"og:locale\" content=\"da_DK\" \/>\n<meta property=\"og:type\" content=\"article\" \/>\n<meta property=\"og:title\" content=\"21-\u00e5rige Rasmus dr\u00f8mmer om sit eget landbrug \u2013 torsdag kan hans fremtid blive afgjort - Mors\" \/>\n<meta property=\"og:description\" content=\"ELS\u00d8: Skyerne h\u00e6nger truende over \u00f8en. 21-\u00e5rige Rasmus Larsen st\u00e5r med mudder p\u00e5 st\u00f8vlerne p\u00e5 en pl\u00f8jemark lidt uden for Nyk\u00f8bing. Siden han var barn, har han dr\u00f8mt om at blive landmand. Mandag den 31. august har han sammen med en r\u00e6kke andre demonstranter fra Mors og Thy parkeret sin traktor netop her p\u00e5 marken. [&hellip;]\" \/>\n<meta property=\"og:url\" content=\"https:\/\/kunmedierne.dk\/mors\/21-aarige-rasmus-droemmer-om-sit-eget-landbrug-torsdag-kan-hans-fremtid-blive-afgjort\/\" \/>\n<meta property=\"og:site_name\" content=\"Mors\" \/>\n<meta property=\"article:published_time\" content=\"2026-08-31T15:11:22+00:00\" \/>\n<meta property=\"og:image\" content=\"https:\/\/kunmedierne.dk\/mors\/wp-content\/uploads\/2026\/08\/design-uden-navn138.jpg\" \/>\n\t<meta property=\"og:image:width\" content=\"5184\" \/>\n\t<meta property=\"og:image:height\" content=\"3456\" \/>\n\t<meta property=\"og:image:type\" content=\"image\/jpeg\" \/>\n<meta name=\"author\" content=\"Katrine Hedegaard\" \/>\n<meta name=\"twitter:card\" content=\"summary_large_image\" \/>\n<meta name=\"twitter:label1\" content=\"Skrevet af\" \/>\n\t<meta name=\"twitter:data1\" content=\"Katrine Hedegaard\" \/>\n\t<meta name=\"twitter:label2\" content=\"Estimeret l\u00e6setid\" \/>\n\t<meta name=\"twitter:data2\" content=\"6 minutter\" \/>\n<script type=\"application\/ld+json\" class=\"yoast-schema-graph\">{\"@context\":\"https:\\\/\\\/schema.org\",\"@graph\":[{\"@type\":\"Article\",\"@id\":\"https:\\\/\\\/kunmedierne.dk\\\/mors\\\/21-aarige-rasmus-droemmer-om-sit-eget-landbrug-torsdag-kan-hans-fremtid-blive-afgjort\\\/#article\",\"isPartOf\":{\"@id\":\"https:\\\/\\\/kunmedierne.dk\\\/mors\\\/21-aarige-rasmus-droemmer-om-sit-eget-landbrug-torsdag-kan-hans-fremtid-blive-afgjort\\\/\"},\"author\":{\"name\":\"Katrine Hedegaard\",\"@id\":\"https:\\\/\\\/kunmedierne.dk\\\/mors\\\/#\\\/schema\\\/person\\\/b2e62a38069b12365e53e087a8709c64\"},\"headline\":\"21-\u00e5rige Rasmus dr\u00f8mmer om sit eget landbrug \u2013 torsdag kan hans fremtid blive afgjort\",\"datePublished\":\"2026-08-31T15:11:22+00:00\",\"mainEntityOfPage\":{\"@id\":\"https:\\\/\\\/kunmedierne.dk\\\/mors\\\/21-aarige-rasmus-droemmer-om-sit-eget-landbrug-torsdag-kan-hans-fremtid-blive-afgjort\\\/\"},\"wordCount\":912,\"publisher\":{\"@id\":\"https:\\\/\\\/kunmedierne.dk\\\/mors\\\/#organization\"},\"image\":{\"@id\":\"https:\\\/\\\/kunmedierne.dk\\\/mors\\\/21-aarige-rasmus-droemmer-om-sit-eget-landbrug-torsdag-kan-hans-fremtid-blive-afgjort\\\/#primaryimage\"},\"thumbnailUrl\":\"https:\\\/\\\/kunmedierne.dk\\\/mors\\\/wp-content\\\/uploads\\\/2026\\\/08\\\/design-uden-navn138.jpg\",\"articleSection\":[\"Lokalt\"],\"inLanguage\":\"da-DK\"},{\"@type\":\"WebPage\",\"@id\":\"https:\\\/\\\/kunmedierne.dk\\\/mors\\\/21-aarige-rasmus-droemmer-om-sit-eget-landbrug-torsdag-kan-hans-fremtid-blive-afgjort\\\/\",\"url\":\"https:\\\/\\\/kunmedierne.dk\\\/mors\\\/21-aarige-rasmus-droemmer-om-sit-eget-landbrug-torsdag-kan-hans-fremtid-blive-afgjort\\\/\",\"name\":\"21-\u00e5rige Rasmus dr\u00f8mmer om sit eget landbrug \u2013 torsdag kan hans fremtid blive afgjort - Mors\",\"isPartOf\":{\"@id\":\"https:\\\/\\\/kunmedierne.dk\\\/mors\\\/#website\"},\"primaryImageOfPage\":{\"@id\":\"https:\\\/\\\/kunmedierne.dk\\\/mors\\\/21-aarige-rasmus-droemmer-om-sit-eget-landbrug-torsdag-kan-hans-fremtid-blive-afgjort\\\/#primaryimage\"},\"image\":{\"@id\":\"https:\\\/\\\/kunmedierne.dk\\\/mors\\\/21-aarige-rasmus-droemmer-om-sit-eget-landbrug-torsdag-kan-hans-fremtid-blive-afgjort\\\/#primaryimage\"},\"thumbnailUrl\":\"https:\\\/\\\/kunmedierne.dk\\\/mors\\\/wp-content\\\/uploads\\\/2026\\\/08\\\/design-uden-navn138.jpg\",\"datePublished\":\"2026-08-31T15:11:22+00:00\",\"breadcrumb\":{\"@id\":\"https:\\\/\\\/kunmedierne.dk\\\/mors\\\/21-aarige-rasmus-droemmer-om-sit-eget-landbrug-torsdag-kan-hans-fremtid-blive-afgjort\\\/#breadcrumb\"},\"inLanguage\":\"da-DK\",\"potentialAction\":[{\"@type\":\"ReadAction\",\"target\":[\"https:\\\/\\\/kunmedierne.dk\\\/mors\\\/21-aarige-rasmus-droemmer-om-sit-eget-landbrug-torsdag-kan-hans-fremtid-blive-afgjort\\\/\"]}]},{\"@type\":\"ImageObject\",\"inLanguage\":\"da-DK\",\"@id\":\"https:\\\/\\\/kunmedierne.dk\\\/mors\\\/21-aarige-rasmus-droemmer-om-sit-eget-landbrug-torsdag-kan-hans-fremtid-blive-afgjort\\\/#primaryimage\",\"url\":\"https:\\\/\\\/kunmedierne.dk\\\/mors\\\/wp-content\\\/uploads\\\/2026\\\/08\\\/design-uden-navn138.jpg\",\"contentUrl\":\"https:\\\/\\\/kunmedierne.dk\\\/mors\\\/wp-content\\\/uploads\\\/2026\\\/08\\\/design-uden-navn138.jpg\",\"width\":5184,\"height\":3456,\"caption\":\"Anders Vistisen (DF) Foto: Katrine Hedegaard\"},{\"@type\":\"BreadcrumbList\",\"@id\":\"https:\\\/\\\/kunmedierne.dk\\\/mors\\\/21-aarige-rasmus-droemmer-om-sit-eget-landbrug-torsdag-kan-hans-fremtid-blive-afgjort\\\/#breadcrumb\",\"itemListElement\":[{\"@type\":\"ListItem\",\"position\":1,\"name\":\"Hjem\",\"item\":\"https:\\\/\\\/kunmedierne.dk\\\/mors\\\/\"},{\"@type\":\"ListItem\",\"position\":2,\"name\":\"21-\u00e5rige Rasmus dr\u00f8mmer om sit eget landbrug \u2013 torsdag kan hans fremtid blive afgjort\"}]},{\"@type\":\"WebSite\",\"@id\":\"https:\\\/\\\/kunmedierne.dk\\\/mors\\\/#website\",\"url\":\"https:\\\/\\\/kunmedierne.dk\\\/mors\\\/\",\"name\":\"Mors\",\"description\":\"et netmedie med journalistik om livet p\u00e5 Mors\",\"publisher\":{\"@id\":\"https:\\\/\\\/kunmedierne.dk\\\/mors\\\/#organization\"},\"potentialAction\":[{\"@type\":\"SearchAction\",\"target\":{\"@type\":\"EntryPoint\",\"urlTemplate\":\"https:\\\/\\\/kunmedierne.dk\\\/mors\\\/?s={search_term_string}\"},\"query-input\":{\"@type\":\"PropertyValueSpecification\",\"valueRequired\":true,\"valueName\":\"search_term_string\"}}],\"inLanguage\":\"da-DK\"},{\"@type\":\"Organization\",\"@id\":\"https:\\\/\\\/kunmedierne.dk\\\/mors\\\/#organization\",\"name\":\"Mors\",\"url\":\"https:\\\/\\\/kunmedierne.dk\\\/mors\\\/\",\"logo\":{\"@type\":\"ImageObject\",\"inLanguage\":\"da-DK\",\"@id\":\"https:\\\/\\\/kunmedierne.dk\\\/mors\\\/#\\\/schema\\\/logo\\\/image\\\/\",\"url\":\"https:\\\/\\\/kunmedierne.dk\\\/mors\\\/wp-content\\\/uploads\\\/2024\\\/08\\\/kunmors-logo.svg\",\"contentUrl\":\"https:\\\/\\\/kunmedierne.dk\\\/mors\\\/wp-content\\\/uploads\\\/2024\\\/08\\\/kunmors-logo.svg\",\"caption\":\"Mors\"},\"image\":{\"@id\":\"https:\\\/\\\/kunmedierne.dk\\\/mors\\\/#\\\/schema\\\/logo\\\/image\\\/\"}},{\"@type\":\"Person\",\"@id\":\"https:\\\/\\\/kunmedierne.dk\\\/mors\\\/#\\\/schema\\\/person\\\/b2e62a38069b12365e53e087a8709c64\",\"name\":\"Katrine Hedegaard\",\"image\":{\"@type\":\"ImageObject\",\"inLanguage\":\"da-DK\",\"@id\":\"https:\\\/\\\/secure.gravatar.com\\\/avatar\\\/18a5c72fa9148052fd3ed5a58b40fc83cfdc9811090e6e6eec9539af058edcc0?s=96&d=mm&r=g\",\"url\":\"https:\\\/\\\/secure.gravatar.com\\\/avatar\\\/18a5c72fa9148052fd3ed5a58b40fc83cfdc9811090e6e6eec9539af058edcc0?s=96&d=mm&r=g\",\"contentUrl\":\"https:\\\/\\\/secure.gravatar.com\\\/avatar\\\/18a5c72fa9148052fd3ed5a58b40fc83cfdc9811090e6e6eec9539af058edcc0?s=96&d=mm&r=g\",\"caption\":\"Katrine Hedegaard\"},\"url\":\"https:\\\/\\\/kunmedierne.dk\\\/mors\\\/author\\\/katrine\\\/\"}]}<\/script>\n<!-- \/ Yoast SEO plugin. -->","yoast_head_json":{"title":"21-\u00e5rige Rasmus dr\u00f8mmer om sit eget landbrug \u2013 torsdag kan hans fremtid blive afgjort - Mors","robots":{"index":"index","follow":"follow","max-snippet":"max-snippet:-1","max-image-preview":"max-image-preview:large","max-video-preview":"max-video-preview:-1"},"canonical":"https:\/\/kunmedierne.dk\/mors\/21-aarige-rasmus-droemmer-om-sit-eget-landbrug-torsdag-kan-hans-fremtid-blive-afgjort\/","og_locale":"da_DK","og_type":"article","og_title":"21-\u00e5rige Rasmus dr\u00f8mmer om sit eget landbrug \u2013 torsdag kan hans fremtid blive afgjort - Mors","og_description":"ELS\u00d8: Skyerne h\u00e6nger truende over \u00f8en. 21-\u00e5rige Rasmus Larsen st\u00e5r med mudder p\u00e5 st\u00f8vlerne p\u00e5 en pl\u00f8jemark lidt uden for Nyk\u00f8bing. Siden han var barn, har han dr\u00f8mt om at blive landmand. Mandag den 31. august har han sammen med en r\u00e6kke andre demonstranter fra Mors og Thy parkeret sin traktor netop her p\u00e5 marken. [&hellip;]","og_url":"https:\/\/kunmedierne.dk\/mors\/21-aarige-rasmus-droemmer-om-sit-eget-landbrug-torsdag-kan-hans-fremtid-blive-afgjort\/","og_site_name":"Mors","article_published_time":"2026-08-31T15:11:22+00:00","og_image":[{"width":5184,"height":3456,"url":"https:\/\/kunmedierne.dk\/mors\/wp-content\/uploads\/2026\/08\/design-uden-navn138.jpg","type":"image\/jpeg"}],"author":"Katrine Hedegaard","twitter_card":"summary_large_image","twitter_misc":{"Skrevet af":"Katrine Hedegaard","Estimeret l\u00e6setid":"6 minutter"},"schema":{"@context":"https:\/\/schema.org","@graph":[{"@type":"Article","@id":"https:\/\/kunmedierne.dk\/mors\/21-aarige-rasmus-droemmer-om-sit-eget-landbrug-torsdag-kan-hans-fremtid-blive-afgjort\/#article","isPartOf":{"@id":"https:\/\/kunmedierne.dk\/mors\/21-aarige-rasmus-droemmer-om-sit-eget-landbrug-torsdag-kan-hans-fremtid-blive-afgjort\/"},"author":{"name":"Katrine Hedegaard","@id":"https:\/\/kunmedierne.dk\/mors\/#\/schema\/person\/b2e62a38069b12365e53e087a8709c64"},"headline":"21-\u00e5rige Rasmus dr\u00f8mmer om sit eget landbrug \u2013 torsdag kan hans fremtid blive afgjort","datePublished":"2026-08-31T15:11:22+00:00","mainEntityOfPage":{"@id":"https:\/\/kunmedierne.dk\/mors\/21-aarige-rasmus-droemmer-om-sit-eget-landbrug-torsdag-kan-hans-fremtid-blive-afgjort\/"},"wordCount":912,"publisher":{"@id":"https:\/\/kunmedierne.dk\/mors\/#organization"},"image":{"@id":"https:\/\/kunmedierne.dk\/mors\/21-aarige-rasmus-droemmer-om-sit-eget-landbrug-torsdag-kan-hans-fremtid-blive-afgjort\/#primaryimage"},"thumbnailUrl":"https:\/\/kunmedierne.dk\/mors\/wp-content\/uploads\/2026\/08\/design-uden-navn138.jpg","articleSection":["Lokalt"],"inLanguage":"da-DK"},{"@type":"WebPage","@id":"https:\/\/kunmedierne.dk\/mors\/21-aarige-rasmus-droemmer-om-sit-eget-landbrug-torsdag-kan-hans-fremtid-blive-afgjort\/","url":"https:\/\/kunmedierne.dk\/mors\/21-aarige-rasmus-droemmer-om-sit-eget-landbrug-torsdag-kan-hans-fremtid-blive-afgjort\/","name":"21-\u00e5rige Rasmus dr\u00f8mmer om sit eget landbrug \u2013 torsdag kan hans fremtid blive afgjort - Mors","isPartOf":{"@id":"https:\/\/kunmedierne.dk\/mors\/#website"},"primaryImageOfPage":{"@id":"https:\/\/kunmedierne.dk\/mors\/21-aarige-rasmus-droemmer-om-sit-eget-landbrug-torsdag-kan-hans-fremtid-blive-afgjort\/#primaryimage"},"image":{"@id":"https:\/\/kunmedierne.dk\/mors\/21-aarige-rasmus-droemmer-om-sit-eget-landbrug-torsdag-kan-hans-fremtid-blive-afgjort\/#primaryimage"},"thumbnailUrl":"https:\/\/kunmedierne.dk\/mors\/wp-content\/uploads\/2026\/08\/design-uden-navn138.jpg","datePublished":"2026-08-31T15:11:22+00:00","breadcrumb":{"@id":"https:\/\/kunmedierne.dk\/mors\/21-aarige-rasmus-droemmer-om-sit-eget-landbrug-torsdag-kan-hans-fremtid-blive-afgjort\/#breadcrumb"},"inLanguage":"da-DK","potentialAction":[{"@type":"ReadAction","target":["https:\/\/kunmedierne.dk\/mors\/21-aarige-rasmus-droemmer-om-sit-eget-landbrug-torsdag-kan-hans-fremtid-blive-afgjort\/"]}]},{"@type":"ImageObject","inLanguage":"da-DK","@id":"https:\/\/kunmedierne.dk\/mors\/21-aarige-rasmus-droemmer-om-sit-eget-landbrug-torsdag-kan-hans-fremtid-blive-afgjort\/#primaryimage","url":"https:\/\/kunmedierne.dk\/mors\/wp-content\/uploads\/2026\/08\/design-uden-navn138.jpg","contentUrl":"https:\/\/kunmedierne.dk\/mors\/wp-content\/uploads\/2026\/08\/design-uden-navn138.jpg","width":5184,"height":3456,"caption":"Anders Vistisen (DF) Foto: Katrine Hedegaard"},{"@type":"BreadcrumbList","@id":"https:\/\/kunmedierne.dk\/mors\/21-aarige-rasmus-droemmer-om-sit-eget-landbrug-torsdag-kan-hans-fremtid-blive-afgjort\/#breadcrumb","itemListElement":[{"@type":"ListItem","position":1,"name":"Hjem","item":"https:\/\/kunmedierne.dk\/mors\/"},{"@type":"ListItem","position":2,"name":"21-\u00e5rige Rasmus dr\u00f8mmer om sit eget landbrug \u2013 torsdag kan hans fremtid blive afgjort"}]},{"@type":"WebSite","@id":"https:\/\/kunmedierne.dk\/mors\/#website","url":"https:\/\/kunmedierne.dk\/mors\/","name":"Mors","description":"et netmedie med journalistik om livet p\u00e5 Mors","publisher":{"@id":"https:\/\/kunmedierne.dk\/mors\/#organization"},"potentialAction":[{"@type":"SearchAction","target":{"@type":"EntryPoint","urlTemplate":"https:\/\/kunmedierne.dk\/mors\/?s={search_term_string}"},"query-input":{"@type":"PropertyValueSpecification","valueRequired":true,"valueName":"search_term_string"}}],"inLanguage":"da-DK"},{"@type":"Organization","@id":"https:\/\/kunmedierne.dk\/mors\/#organization","name":"Mors","url":"https:\/\/kunmedierne.dk\/mors\/","logo":{"@type":"ImageObject","inLanguage":"da-DK","@id":"https:\/\/kunmedierne.dk\/mors\/#\/schema\/logo\/image\/","url":"https:\/\/kunmedierne.dk\/mors\/wp-content\/uploads\/2024\/08\/kunmors-logo.svg","contentUrl":"https:\/\/kunmedierne.dk\/mors\/wp-content\/uploads\/2024\/08\/kunmors-logo.svg","caption":"Mors"},"image":{"@id":"https:\/\/kunmedierne.dk\/mors\/#\/schema\/logo\/image\/"}},{"@type":"Person","@id":"https:\/\/kunmedierne.dk\/mors\/#\/schema\/person\/b2e62a38069b12365e53e087a8709c64","name":"Katrine Hedegaard","image":{"@type":"ImageObject","inLanguage":"da-DK","@id":"https:\/\/secure.gravatar.com\/avatar\/18a5c72fa9148052fd3ed5a58b40fc83cfdc9811090e6e6eec9539af058edcc0?s=96&d=mm&r=g","url":"https:\/\/secure.gravatar.com\/avatar\/18a5c72fa9148052fd3ed5a58b40fc83cfdc9811090e6e6eec9539af058edcc0?s=96&d=mm&r=g","contentUrl":"https:\/\/secure.gravatar.com\/avatar\/18a5c72fa9148052fd3ed5a58b40fc83cfdc9811090e6e6eec9539af058edcc0?s=96&d=mm&r=g","caption":"Katrine Hedegaard"},"url":"https:\/\/kunmedierne.dk\/mors\/author\/katrine\/"}]}},"_links":{"self":[{"href":"https:\/\/kunmedierne.dk\/mors\/wp-json\/wp\/v2\/posts\/180673","targetHints":{"allow":["GET"]}}],"collection":[{"href":"https:\/\/kunmedierne.dk\/mors\/wp-json\/wp\/v2\/posts"}],"about":[{"href":"https:\/\/kunmedierne.dk\/mors\/wp-json\/wp\/v2\/types\/post"}],"author":[{"embeddable":true,"href":"https:\/\/kunmedierne.dk\/mors\/wp-json\/wp\/v2\/users\/2507"}],"replies":[{"embeddable":true,"href":"https:\/\/kunmedierne.dk\/mors\/wp-json\/wp\/v2\/comments?post=180673"}],"version-history":[{"count":11,"href":"https:\/\/kunmedierne.dk\/mors\/wp-json\/wp\/v2\/posts\/180673\/revisions"}],"predecessor-version":[{"id":180701,"href":"https:\/\/kunmedierne.dk\/mors\/wp-json\/wp\/v2\/posts\/180673\/revisions\/180701"}],"wp:attachment":[{"href":"https:\/\/kunmedierne.dk\/mors\/wp-json\/wp\/v2\/media?parent=180673"}],"wp:term":[{"taxonomy":"category","embeddable":true,"href":"https:\/\/kunmedierne.dk\/mors\/wp-json\/wp\/v2\/categories?post=180673"},{"taxonomy":"post_tag","embeddable":true,"href":"https:\/\/kunmedierne.dk\/mors\/wp-json\/wp\/v2\/tags?post=180673"}],"curies":[{"name":"wp","href":"https:\/\/api.w.org\/{rel}","templated":true}]}}