{"id":180665,"date":"2026-08-31T12:32:19","date_gmt":"2026-08-31T10:32:19","guid":{"rendered":"https:\/\/kunmedierne.dk\/mors\/?p=180665"},"modified":"2026-08-31T12:40:47","modified_gmt":"2026-08-31T10:40:47","slug":"to-traktorer-spaerrede-sallingsundbroen-ejeren-er-fra-thy-men-kender-ifoelge-politiet-intet-til-aktionen","status":"publish","type":"post","link":"https:\/\/kunmedierne.dk\/mors\/to-traktorer-spaerrede-sallingsundbroen-ejeren-er-fra-thy-men-kender-ifoelge-politiet-intet-til-aktionen\/","title":{"rendered":"<span>To traktorer sp\u00e6rrede Sallingsundbroen:<\/span> Ejeren er fra Thy, men kender if\u00f8lge politiet intet til aktionen"},"content":{"rendered":"<p><strong>SALLINGSUNDBROEN:<\/strong> &#8220;Lad ikke regeringen smadre landbruget!!!!&#8221;<\/p>\n<p>Budskabet var sv\u00e6rt at overse for de bilister, der tidligt mandag den 31. august skulle over Sallingsundbroen.<\/p>\n<p>Midt ude p\u00e5 broen stod to traktorer parkeret og delvist blokerede for trafikken. Foran den ene var sp\u00e6ndt et stort hvidt banner med den h\u00e5ndskrevne besked til regeringen.<\/p>\n<a class=\"dvrt-link\" onClick=\"cdmtrack_click(104779,jQuery(this));return false\" href=\"https:\/\/morsoe-begravelsesforretning.dk\/\"><img decoding=\"async\" style=\"width:100%;\" src=\"https:\/\/kunmedierne.dk\/mors\/wp-content\/uploads\/2023\/11\/251215-morsoe-begravelsesforretning.jpg\"><\/a><script>cdmtrack_view(104779);<\/script>\n<p>Klokken cirka 4.30 fik politiet den f\u00f8rste anmeldelse fra en trafikant, der passerede stedet.<\/p>\n<p>\u2013 Vi f\u00e5r en melding fra en anmelder, der k\u00f8rer forbi, om, at der er to traktorer, som delvist blokerer broen cirka ude midt p\u00e5 broen, fort\u00e6ller vagtchef Simon Skelkj\u00e6r.<\/p>\n<p>Politiet rykkede ud og m\u00e5tte regulere trafikken.<\/p>\n<p>\u2013 Det giver selvf\u00f8lgelig en lille smule chikane, indtil vi f\u00e5r de her traktorer fjernet, siger vagtchefen.<\/p>\n<p>Men hvem der havde k\u00f8rt traktorerne ud p\u00e5 Sallingsundbroen, var ikke umiddelbart til at f\u00e5 svar p\u00e5.<\/p>\n<p>Der var nemlig ingen mennesker ved dem.<\/p>\n<p>&nbsp;<\/p>\n<p><strong>Politiet: Ikke en demonstration i juridisk forstand<\/strong><\/p>\n<p>Selv om banneret efterlod meget lidt tvivl om det politiske budskab, betegner politiet ikke umiddelbart h\u00e6ndelsen som en demonstration i politilovens forstand.<\/p>\n<p>\u2013 Der er jo ikke nogen personer omkring traktorerne. De st\u00e5r forladt derude, siger Simon Skelkj\u00e6r.<\/p>\n<p>If\u00f8lge vagtchefen kr\u00e6ver en demonstration i lovgivningens forstand, at mennesker rent faktisk deltager og giver deres mening til kende.<\/p>\n<p>Til geng\u00e6ld var der ingen tvivl om, at traktorerne skabte problemer for trafikken.<\/p>\n<p>Politiet fandt frem til ejeren, som if\u00f8lge Simon Skelkj\u00e6r er fra Thy. Og her tog sagen en drejning.<\/p>\n<p>\u2013 Han oplyser til os, at han ikke har nogen anelse om, hvad der er sket, fort\u00e6ller vagtchefen.<\/p>\n<p>Der blev efterf\u00f8lgende skaffet n\u00f8gler til traktorerne, s\u00e5 de kunne fjernes fra broen.<\/p>\n<p>Omkring klokken 7.45 var begge v\u00e6k, og trafikken kunne igen glide normalt over Sallingsundbroen.<\/p>\n<p>&nbsp;<\/p>\n<p><strong>Politiet efterforsker tyveri<\/strong><\/p>\n<p>Ejeren af traktorerne er ikke sigtet i forbindelse med blokeringen.<\/p>\n<p>Politiet har i stedet oprettet en anmeldelse om tyveri og skal nu fors\u00f8ge at finde ud af, hvem der har f\u00e5et adgang til traktorerne og k\u00f8rt dem ud p\u00e5 broen.<\/p>\n<p>\u2013 Vi pr\u00f8ver selvf\u00f8lgelig at finde ud af, hvem det kan v\u00e6re, der har skaffet sig adgang til at f\u00e5 fat i den rette n\u00f8gle. Der er mange muligheder. Det m\u00e5 vi arbejde videre med, siger Simon Skelkj\u00e6r.<\/p>\n<a class=\"dvrt-link\" onClick=\"cdmtrack_click(104786,jQuery(this));return false\" href=\"https:\/\/limfjordsteatret.dk\/events\/tobias-dybvad-mit-bedste-onemanshow\/\"><img decoding=\"async\" style=\"width:100%;\" src=\"https:\/\/kunmedierne.dk\/mors\/wp-content\/uploads\/2023\/10\/aarskortLim_KunMors_1100x125.jpg\"><\/a><script>cdmtrack_view(104786);<\/script>\n<p>Dermed ved politiet p\u00e5 nuv\u00e6rende tidspunkt heller ikke, hvem der st\u00e5r bag budskabet p\u00e5 banneret.<\/p>\n<p>&nbsp;<\/p>\n<p><strong>Samme dag ruller traktorerne ud p\u00e5 Mors<\/strong><\/p>\n<p>Aktionen p\u00e5 Sallingsundbroen kommer p\u00e5 en dag, hvor utilfredsheden med regeringens kommende g\u00f8dskningslov ogs\u00e5 bliver synlig andre steder i landet.<\/p>\n<p>Som KunMors og KunThy tidligere har beskrevet, er lokale landm\u00e6nd og virksomheder i landbrugets f\u00f8lgeerhverv mandag blevet opfordret til at k\u00f8re traktorer, lastbiler og andre landbrugsmaskiner ud p\u00e5 en mark ved Nordbyvej og rute 26 uden for Nyk\u00f8bing.<\/p>\n<p>Her er der tale om en planlagt markering, hvor maskinerne skal st\u00e5 p\u00e5 privat jord og v\u00e6re synlige fra vejen \u2013 uden at blokere trafikken.<\/p>\n<p>Maskinstationsejer Lars Brian Hovm\u00f8ller fortalte f\u00f8r demonstrationen til KunMors, at omkring 15 morsingboer og thyboer havde meldt deres deltagelse, men at han forventede flere.<\/p>\n<p>\u2013 Jeg tror p\u00e5, at det, vi har gang i, kan v\u00e6re med til, at vi kan bevare de lokale arbejdspladser, sagde han.<\/p>\n<p>Vagtchef Simon Skelkj\u00e6r kendte mandag formiddag ikke til problemer i forbindelse med markeringen p\u00e5 Mors.<\/p>\n<p>&nbsp;<\/p>\n<p><strong>Afg\u00f8rende dage p\u00e5 Christiansborg<\/strong><\/p>\n<p>Baggrunden for protesterne er lovforslag <a href=\"https:\/\/www.ft.dk\/samling\/20252\/lovforslag\/l5\/index.htm\" target=\"_blank\" rel=\"noopener\">L 5 \u2013 <strong>g\u00f8dskningsloven<\/strong> <\/a>\u2013 der skal l\u00e6gge rammerne for en ny regulering af land- og skovbrugets udledning af blandt andet kv\u00e6lstof.<\/p>\n<a class=\"dvrt-link\" onClick=\"cdmtrack_click(114591,jQuery(this));return false\" href=\"https:\/\/www.facebook.com\/kopogkandemors\"><img decoding=\"async\" style=\"width:100%;\" src=\"https:\/\/kunmedierne.dk\/mors\/wp-content\/uploads\/2024\/03\/kop-og-kande-ja-tak-tilbud.jpg\"><\/a><script>cdmtrack_view(114591);<\/script>\n<p>Lovforslaget er en del af gennemf\u00f8relsen af den politiske aftale om et gr\u00f8nt Danmark. Fra 2027 skal den nuv\u00e6rende markregulering efter planen erstattes af en udledningsbaseret regulering. Det betyder overordnet, at reguleringen i h\u00f8jere grad skal tage udgangspunkt i den beregnede udledning af kv\u00e6lstof til vandmilj\u00f8et frem for alene i, hvad der sker p\u00e5 den enkelte mark. Folketinget beskriver selv oml\u00e6gningen som en del af et &#8220;paradigmeskifte i kv\u00e6lstofindsatsen&#8221;.<\/p>\n","protected":false},"excerpt":{"rendered":"<p>SALLINGSUNDBROEN: &#8220;Lad ikke regeringen smadre landbruget!!!!&#8221; Budskabet var sv\u00e6rt at overse for de bilister, der tidligt mandag den 31. august skulle over Sallingsundbroen. Midt ude p\u00e5 broen stod to traktorer parkeret og delvist blokerede for trafikken. Foran den ene var sp\u00e6ndt et stort hvidt banner med den h\u00e5ndskrevne besked til regeringen. Klokken cirka 4.30 fik [&hellip;]<\/p>\n","protected":false},"author":2507,"featured_media":0,"comment_status":"closed","ping_status":"closed","sticky":false,"template":"","format":"standard","meta":{"_acf_changed":false,"footnotes":""},"categories":[51],"tags":[],"class_list":["post-180665","post","type-post","status-publish","format-standard","hentry","category-lokalt"],"acf":[],"yoast_head":"<!-- This site is optimized with the Yoast SEO plugin v27.7 - https:\/\/yoast.com\/product\/yoast-seo-wordpress\/ -->\n<title>To traktorer sp\u00e6rrede Sallingsundbroen: Ejeren er fra Thy, men kender if\u00f8lge politiet intet til aktionen - Mors<\/title>\n<meta name=\"robots\" content=\"index, follow, max-snippet:-1, max-image-preview:large, max-video-preview:-1\" \/>\n<link rel=\"canonical\" href=\"https:\/\/kunmedierne.dk\/mors\/to-traktorer-spaerrede-sallingsundbroen-ejeren-er-fra-thy-men-kender-ifoelge-politiet-intet-til-aktionen\/\" \/>\n<meta property=\"og:locale\" content=\"da_DK\" \/>\n<meta property=\"og:type\" content=\"article\" \/>\n<meta property=\"og:title\" content=\"To traktorer sp\u00e6rrede Sallingsundbroen: Ejeren er fra Thy, men kender if\u00f8lge politiet intet til aktionen - Mors\" \/>\n<meta property=\"og:description\" content=\"SALLINGSUNDBROEN: &#8220;Lad ikke regeringen smadre landbruget!!!!&#8221; Budskabet var sv\u00e6rt at overse for de bilister, der tidligt mandag den 31. august skulle over Sallingsundbroen. Midt ude p\u00e5 broen stod to traktorer parkeret og delvist blokerede for trafikken. Foran den ene var sp\u00e6ndt et stort hvidt banner med den h\u00e5ndskrevne besked til regeringen. Klokken cirka 4.30 fik [&hellip;]\" \/>\n<meta property=\"og:url\" content=\"https:\/\/kunmedierne.dk\/mors\/to-traktorer-spaerrede-sallingsundbroen-ejeren-er-fra-thy-men-kender-ifoelge-politiet-intet-til-aktionen\/\" \/>\n<meta property=\"og:site_name\" content=\"Mors\" \/>\n<meta property=\"article:published_time\" content=\"2026-08-31T10:32:19+00:00\" \/>\n<meta property=\"article:modified_time\" content=\"2026-08-31T10:40:47+00:00\" \/>\n<meta name=\"author\" content=\"Katrine Hedegaard\" \/>\n<meta name=\"twitter:card\" content=\"summary_large_image\" \/>\n<meta name=\"twitter:label1\" content=\"Skrevet af\" \/>\n\t<meta name=\"twitter:data1\" content=\"Katrine Hedegaard\" \/>\n\t<meta name=\"twitter:label2\" content=\"Estimeret l\u00e6setid\" \/>\n\t<meta name=\"twitter:data2\" content=\"4 minutter\" \/>\n<script type=\"application\/ld+json\" class=\"yoast-schema-graph\">{\"@context\":\"https:\\\/\\\/schema.org\",\"@graph\":[{\"@type\":\"Article\",\"@id\":\"https:\\\/\\\/kunmedierne.dk\\\/mors\\\/to-traktorer-spaerrede-sallingsundbroen-ejeren-er-fra-thy-men-kender-ifoelge-politiet-intet-til-aktionen\\\/#article\",\"isPartOf\":{\"@id\":\"https:\\\/\\\/kunmedierne.dk\\\/mors\\\/to-traktorer-spaerrede-sallingsundbroen-ejeren-er-fra-thy-men-kender-ifoelge-politiet-intet-til-aktionen\\\/\"},\"author\":{\"name\":\"Katrine Hedegaard\",\"@id\":\"https:\\\/\\\/kunmedierne.dk\\\/mors\\\/#\\\/schema\\\/person\\\/b2e62a38069b12365e53e087a8709c64\"},\"headline\":\"To traktorer sp\u00e6rrede Sallingsundbroen: Ejeren er fra Thy, men kender if\u00f8lge politiet intet til aktionen\",\"datePublished\":\"2026-08-31T10:32:19+00:00\",\"dateModified\":\"2026-08-31T10:40:47+00:00\",\"mainEntityOfPage\":{\"@id\":\"https:\\\/\\\/kunmedierne.dk\\\/mors\\\/to-traktorer-spaerrede-sallingsundbroen-ejeren-er-fra-thy-men-kender-ifoelge-politiet-intet-til-aktionen\\\/\"},\"wordCount\":698,\"publisher\":{\"@id\":\"https:\\\/\\\/kunmedierne.dk\\\/mors\\\/#organization\"},\"articleSection\":[\"Lokalt\"],\"inLanguage\":\"da-DK\"},{\"@type\":\"WebPage\",\"@id\":\"https:\\\/\\\/kunmedierne.dk\\\/mors\\\/to-traktorer-spaerrede-sallingsundbroen-ejeren-er-fra-thy-men-kender-ifoelge-politiet-intet-til-aktionen\\\/\",\"url\":\"https:\\\/\\\/kunmedierne.dk\\\/mors\\\/to-traktorer-spaerrede-sallingsundbroen-ejeren-er-fra-thy-men-kender-ifoelge-politiet-intet-til-aktionen\\\/\",\"name\":\"To traktorer sp\u00e6rrede Sallingsundbroen: Ejeren er fra Thy, men kender if\u00f8lge politiet intet til aktionen - Mors\",\"isPartOf\":{\"@id\":\"https:\\\/\\\/kunmedierne.dk\\\/mors\\\/#website\"},\"datePublished\":\"2026-08-31T10:32:19+00:00\",\"dateModified\":\"2026-08-31T10:40:47+00:00\",\"breadcrumb\":{\"@id\":\"https:\\\/\\\/kunmedierne.dk\\\/mors\\\/to-traktorer-spaerrede-sallingsundbroen-ejeren-er-fra-thy-men-kender-ifoelge-politiet-intet-til-aktionen\\\/#breadcrumb\"},\"inLanguage\":\"da-DK\",\"potentialAction\":[{\"@type\":\"ReadAction\",\"target\":[\"https:\\\/\\\/kunmedierne.dk\\\/mors\\\/to-traktorer-spaerrede-sallingsundbroen-ejeren-er-fra-thy-men-kender-ifoelge-politiet-intet-til-aktionen\\\/\"]}]},{\"@type\":\"BreadcrumbList\",\"@id\":\"https:\\\/\\\/kunmedierne.dk\\\/mors\\\/to-traktorer-spaerrede-sallingsundbroen-ejeren-er-fra-thy-men-kender-ifoelge-politiet-intet-til-aktionen\\\/#breadcrumb\",\"itemListElement\":[{\"@type\":\"ListItem\",\"position\":1,\"name\":\"Hjem\",\"item\":\"https:\\\/\\\/kunmedierne.dk\\\/mors\\\/\"},{\"@type\":\"ListItem\",\"position\":2,\"name\":\"To traktorer sp\u00e6rrede Sallingsundbroen: Ejeren er fra Thy, men kender if\u00f8lge politiet intet til aktionen\"}]},{\"@type\":\"WebSite\",\"@id\":\"https:\\\/\\\/kunmedierne.dk\\\/mors\\\/#website\",\"url\":\"https:\\\/\\\/kunmedierne.dk\\\/mors\\\/\",\"name\":\"Mors\",\"description\":\"et netmedie med journalistik om livet p\u00e5 Mors\",\"publisher\":{\"@id\":\"https:\\\/\\\/kunmedierne.dk\\\/mors\\\/#organization\"},\"potentialAction\":[{\"@type\":\"SearchAction\",\"target\":{\"@type\":\"EntryPoint\",\"urlTemplate\":\"https:\\\/\\\/kunmedierne.dk\\\/mors\\\/?s={search_term_string}\"},\"query-input\":{\"@type\":\"PropertyValueSpecification\",\"valueRequired\":true,\"valueName\":\"search_term_string\"}}],\"inLanguage\":\"da-DK\"},{\"@type\":\"Organization\",\"@id\":\"https:\\\/\\\/kunmedierne.dk\\\/mors\\\/#organization\",\"name\":\"Mors\",\"url\":\"https:\\\/\\\/kunmedierne.dk\\\/mors\\\/\",\"logo\":{\"@type\":\"ImageObject\",\"inLanguage\":\"da-DK\",\"@id\":\"https:\\\/\\\/kunmedierne.dk\\\/mors\\\/#\\\/schema\\\/logo\\\/image\\\/\",\"url\":\"https:\\\/\\\/kunmedierne.dk\\\/mors\\\/wp-content\\\/uploads\\\/2024\\\/08\\\/kunmors-logo.svg\",\"contentUrl\":\"https:\\\/\\\/kunmedierne.dk\\\/mors\\\/wp-content\\\/uploads\\\/2024\\\/08\\\/kunmors-logo.svg\",\"caption\":\"Mors\"},\"image\":{\"@id\":\"https:\\\/\\\/kunmedierne.dk\\\/mors\\\/#\\\/schema\\\/logo\\\/image\\\/\"}},{\"@type\":\"Person\",\"@id\":\"https:\\\/\\\/kunmedierne.dk\\\/mors\\\/#\\\/schema\\\/person\\\/b2e62a38069b12365e53e087a8709c64\",\"name\":\"Katrine Hedegaard\",\"image\":{\"@type\":\"ImageObject\",\"inLanguage\":\"da-DK\",\"@id\":\"https:\\\/\\\/secure.gravatar.com\\\/avatar\\\/18a5c72fa9148052fd3ed5a58b40fc83cfdc9811090e6e6eec9539af058edcc0?s=96&d=mm&r=g\",\"url\":\"https:\\\/\\\/secure.gravatar.com\\\/avatar\\\/18a5c72fa9148052fd3ed5a58b40fc83cfdc9811090e6e6eec9539af058edcc0?s=96&d=mm&r=g\",\"contentUrl\":\"https:\\\/\\\/secure.gravatar.com\\\/avatar\\\/18a5c72fa9148052fd3ed5a58b40fc83cfdc9811090e6e6eec9539af058edcc0?s=96&d=mm&r=g\",\"caption\":\"Katrine Hedegaard\"},\"url\":\"https:\\\/\\\/kunmedierne.dk\\\/mors\\\/author\\\/katrine\\\/\"}]}<\/script>\n<!-- \/ Yoast SEO plugin. -->","yoast_head_json":{"title":"To traktorer sp\u00e6rrede Sallingsundbroen: Ejeren er fra Thy, men kender if\u00f8lge politiet intet til aktionen - Mors","robots":{"index":"index","follow":"follow","max-snippet":"max-snippet:-1","max-image-preview":"max-image-preview:large","max-video-preview":"max-video-preview:-1"},"canonical":"https:\/\/kunmedierne.dk\/mors\/to-traktorer-spaerrede-sallingsundbroen-ejeren-er-fra-thy-men-kender-ifoelge-politiet-intet-til-aktionen\/","og_locale":"da_DK","og_type":"article","og_title":"To traktorer sp\u00e6rrede Sallingsundbroen: Ejeren er fra Thy, men kender if\u00f8lge politiet intet til aktionen - Mors","og_description":"SALLINGSUNDBROEN: &#8220;Lad ikke regeringen smadre landbruget!!!!&#8221; Budskabet var sv\u00e6rt at overse for de bilister, der tidligt mandag den 31. august skulle over Sallingsundbroen. Midt ude p\u00e5 broen stod to traktorer parkeret og delvist blokerede for trafikken. Foran den ene var sp\u00e6ndt et stort hvidt banner med den h\u00e5ndskrevne besked til regeringen. Klokken cirka 4.30 fik [&hellip;]","og_url":"https:\/\/kunmedierne.dk\/mors\/to-traktorer-spaerrede-sallingsundbroen-ejeren-er-fra-thy-men-kender-ifoelge-politiet-intet-til-aktionen\/","og_site_name":"Mors","article_published_time":"2026-08-31T10:32:19+00:00","article_modified_time":"2026-08-31T10:40:47+00:00","author":"Katrine Hedegaard","twitter_card":"summary_large_image","twitter_misc":{"Skrevet af":"Katrine Hedegaard","Estimeret l\u00e6setid":"4 minutter"},"schema":{"@context":"https:\/\/schema.org","@graph":[{"@type":"Article","@id":"https:\/\/kunmedierne.dk\/mors\/to-traktorer-spaerrede-sallingsundbroen-ejeren-er-fra-thy-men-kender-ifoelge-politiet-intet-til-aktionen\/#article","isPartOf":{"@id":"https:\/\/kunmedierne.dk\/mors\/to-traktorer-spaerrede-sallingsundbroen-ejeren-er-fra-thy-men-kender-ifoelge-politiet-intet-til-aktionen\/"},"author":{"name":"Katrine Hedegaard","@id":"https:\/\/kunmedierne.dk\/mors\/#\/schema\/person\/b2e62a38069b12365e53e087a8709c64"},"headline":"To traktorer sp\u00e6rrede Sallingsundbroen: Ejeren er fra Thy, men kender if\u00f8lge politiet intet til aktionen","datePublished":"2026-08-31T10:32:19+00:00","dateModified":"2026-08-31T10:40:47+00:00","mainEntityOfPage":{"@id":"https:\/\/kunmedierne.dk\/mors\/to-traktorer-spaerrede-sallingsundbroen-ejeren-er-fra-thy-men-kender-ifoelge-politiet-intet-til-aktionen\/"},"wordCount":698,"publisher":{"@id":"https:\/\/kunmedierne.dk\/mors\/#organization"},"articleSection":["Lokalt"],"inLanguage":"da-DK"},{"@type":"WebPage","@id":"https:\/\/kunmedierne.dk\/mors\/to-traktorer-spaerrede-sallingsundbroen-ejeren-er-fra-thy-men-kender-ifoelge-politiet-intet-til-aktionen\/","url":"https:\/\/kunmedierne.dk\/mors\/to-traktorer-spaerrede-sallingsundbroen-ejeren-er-fra-thy-men-kender-ifoelge-politiet-intet-til-aktionen\/","name":"To traktorer sp\u00e6rrede Sallingsundbroen: Ejeren er fra Thy, men kender if\u00f8lge politiet intet til aktionen - Mors","isPartOf":{"@id":"https:\/\/kunmedierne.dk\/mors\/#website"},"datePublished":"2026-08-31T10:32:19+00:00","dateModified":"2026-08-31T10:40:47+00:00","breadcrumb":{"@id":"https:\/\/kunmedierne.dk\/mors\/to-traktorer-spaerrede-sallingsundbroen-ejeren-er-fra-thy-men-kender-ifoelge-politiet-intet-til-aktionen\/#breadcrumb"},"inLanguage":"da-DK","potentialAction":[{"@type":"ReadAction","target":["https:\/\/kunmedierne.dk\/mors\/to-traktorer-spaerrede-sallingsundbroen-ejeren-er-fra-thy-men-kender-ifoelge-politiet-intet-til-aktionen\/"]}]},{"@type":"BreadcrumbList","@id":"https:\/\/kunmedierne.dk\/mors\/to-traktorer-spaerrede-sallingsundbroen-ejeren-er-fra-thy-men-kender-ifoelge-politiet-intet-til-aktionen\/#breadcrumb","itemListElement":[{"@type":"ListItem","position":1,"name":"Hjem","item":"https:\/\/kunmedierne.dk\/mors\/"},{"@type":"ListItem","position":2,"name":"To traktorer sp\u00e6rrede Sallingsundbroen: Ejeren er fra Thy, men kender if\u00f8lge politiet intet til aktionen"}]},{"@type":"WebSite","@id":"https:\/\/kunmedierne.dk\/mors\/#website","url":"https:\/\/kunmedierne.dk\/mors\/","name":"Mors","description":"et netmedie med journalistik om livet p\u00e5 Mors","publisher":{"@id":"https:\/\/kunmedierne.dk\/mors\/#organization"},"potentialAction":[{"@type":"SearchAction","target":{"@type":"EntryPoint","urlTemplate":"https:\/\/kunmedierne.dk\/mors\/?s={search_term_string}"},"query-input":{"@type":"PropertyValueSpecification","valueRequired":true,"valueName":"search_term_string"}}],"inLanguage":"da-DK"},{"@type":"Organization","@id":"https:\/\/kunmedierne.dk\/mors\/#organization","name":"Mors","url":"https:\/\/kunmedierne.dk\/mors\/","logo":{"@type":"ImageObject","inLanguage":"da-DK","@id":"https:\/\/kunmedierne.dk\/mors\/#\/schema\/logo\/image\/","url":"https:\/\/kunmedierne.dk\/mors\/wp-content\/uploads\/2024\/08\/kunmors-logo.svg","contentUrl":"https:\/\/kunmedierne.dk\/mors\/wp-content\/uploads\/2024\/08\/kunmors-logo.svg","caption":"Mors"},"image":{"@id":"https:\/\/kunmedierne.dk\/mors\/#\/schema\/logo\/image\/"}},{"@type":"Person","@id":"https:\/\/kunmedierne.dk\/mors\/#\/schema\/person\/b2e62a38069b12365e53e087a8709c64","name":"Katrine Hedegaard","image":{"@type":"ImageObject","inLanguage":"da-DK","@id":"https:\/\/secure.gravatar.com\/avatar\/18a5c72fa9148052fd3ed5a58b40fc83cfdc9811090e6e6eec9539af058edcc0?s=96&d=mm&r=g","url":"https:\/\/secure.gravatar.com\/avatar\/18a5c72fa9148052fd3ed5a58b40fc83cfdc9811090e6e6eec9539af058edcc0?s=96&d=mm&r=g","contentUrl":"https:\/\/secure.gravatar.com\/avatar\/18a5c72fa9148052fd3ed5a58b40fc83cfdc9811090e6e6eec9539af058edcc0?s=96&d=mm&r=g","caption":"Katrine Hedegaard"},"url":"https:\/\/kunmedierne.dk\/mors\/author\/katrine\/"}]}},"_links":{"self":[{"href":"https:\/\/kunmedierne.dk\/mors\/wp-json\/wp\/v2\/posts\/180665","targetHints":{"allow":["GET"]}}],"collection":[{"href":"https:\/\/kunmedierne.dk\/mors\/wp-json\/wp\/v2\/posts"}],"about":[{"href":"https:\/\/kunmedierne.dk\/mors\/wp-json\/wp\/v2\/types\/post"}],"author":[{"embeddable":true,"href":"https:\/\/kunmedierne.dk\/mors\/wp-json\/wp\/v2\/users\/2507"}],"replies":[{"embeddable":true,"href":"https:\/\/kunmedierne.dk\/mors\/wp-json\/wp\/v2\/comments?post=180665"}],"version-history":[{"count":3,"href":"https:\/\/kunmedierne.dk\/mors\/wp-json\/wp\/v2\/posts\/180665\/revisions"}],"predecessor-version":[{"id":180671,"href":"https:\/\/kunmedierne.dk\/mors\/wp-json\/wp\/v2\/posts\/180665\/revisions\/180671"}],"wp:attachment":[{"href":"https:\/\/kunmedierne.dk\/mors\/wp-json\/wp\/v2\/media?parent=180665"}],"wp:term":[{"taxonomy":"category","embeddable":true,"href":"https:\/\/kunmedierne.dk\/mors\/wp-json\/wp\/v2\/categories?post=180665"},{"taxonomy":"post_tag","embeddable":true,"href":"https:\/\/kunmedierne.dk\/mors\/wp-json\/wp\/v2\/tags?post=180665"}],"curies":[{"name":"wp","href":"https:\/\/api.w.org\/{rel}","templated":true}]}}