{"id":180645,"date":"2026-09-01T11:50:49","date_gmt":"2026-09-01T09:50:49","guid":{"rendered":"https:\/\/kunmedierne.dk\/mors\/?p=180645"},"modified":"2026-09-01T11:50:49","modified_gmt":"2026-09-01T09:50:49","slug":"morsoe-kommune-lighed-i-sundhed-maa-ogsaa-gaelde-naar-man-bor-i-thy-eller-paa-mors","status":"publish","type":"post","link":"https:\/\/kunmedierne.dk\/mors\/morsoe-kommune-lighed-i-sundhed-maa-ogsaa-gaelde-naar-man-bor-i-thy-eller-paa-mors\/","title":{"rendered":"<span>Mors\u00f8 Kommune:<\/span> Lighed i sundhed m\u00e5 ogs\u00e5 g\u00e6lde, n\u00e5r man bor i Thy eller p\u00e5 Mors"},"content":{"rendered":"<p><strong>\u00c5BENT BREV:<\/strong> Mors\u00f8 Kommune ser med bekymrende alvor p\u00e5 forslaget om at oml\u00e6gge de psykiatriske sengepladser ved Psykiatrisk Sengeafsnit N8 Thy-Mors i Thisted, s\u00e5 borgere fra Thy og Mors fremover skal indl\u00e6gges i Br\u00f8nderslev. I en mail til KunMors skrive Mors\u00f8 Kommune f\u00f8lgende:<\/p>\n<p>&#8220;Vi har forst\u00e5else for, at Region Nordjylland st\u00e5r med en vanskelig udfordring. Men l\u00f8sningen m\u00e5 ikke v\u00e6re, at nogle af vores mest s\u00e5rbare borgere f\u00e5r markant l\u00e6ngere til den behandling, de har brug for.<\/p>\n<a class=\"dvrt-link\" onClick=\"cdmtrack_click(104780,jQuery(this));return false\" href=\"https:\/\/www.spard.dk\/\"><img decoding=\"async\" style=\"width:100%;\" src=\"https:\/\/kunmedierne.dk\/mors\/wp-content\/uploads\/2023\/12\/sparekassen-dk-maj25.gif\"><\/a><script>cdmtrack_view(104780);<\/script>\n<p>For borgere p\u00e5 Mors kan en indl\u00e6ggelse i Br\u00f8nderslev betyde mere end 100 kilometer hver vej. Og for p\u00e5r\u00f8rende uden bil kan et bes\u00f8g hos et indlagt familiemedlem blive en rejse p\u00e5 7-8 timer tur\/retur.<\/p>\n<p>Men det handler ikke kun om kilometer.<\/p>\n<p>N\u00e5r et menneske rammes af alvorlig psykisk sygdom, kan selv sm\u00e5 afstande v\u00e6re store. Familie og netv\u00e6rk spiller samtidig en vigtig rolle under en indl\u00e6ggelse og i vejen tilbage til hverdagen.<\/p>\n<p>Derfor stiller vi Regionsr\u00e5det \u00e9t afg\u00f8rende sp\u00f8rgsm\u00e5l:<\/p>\n<p><em>Vil borgere i Thy og p\u00e5 Mors have samme reelle adgang til psykiatrisk behandling efter denne beslutning, som de har i dag?<\/em><\/p>\n<p>Hvis svaret er nej, b\u00f8r alle andre muligheder unders\u00f8ges, f\u00f8r der tr\u00e6ffes en endelig beslutning.<\/p>\n<p>N\u00e6rhed er ikke et supplement til kvalitet i psykiatrien. N\u00e6rhed er en del af behandlingen.&#8221;<\/p>\n<p>&nbsp;<\/p>\n<p><strong>Det \u00e5bne bekymringsbrev<\/strong><\/p>\n<p>Mors\u00f8 Kommune har sendt et \u00e5bent brev til politikerne i Regionsr\u00e5det. Du kan l\u00e6se det i sin helhed herunder:<\/p>\n<blockquote>\n<h5>K\u00e6re Regionsr\u00e5d<\/h5>\n<h5>Mors\u00f8 Kommune ser med bekymrende alvor p\u00e5 forslaget om at oml\u00e6gge de psykiatriske sengepladser ved Psykiatrisk Sengeafsnit N8 Thy-Mors i Thisted, s\u00e5 borgere fra Thy og Mors fremover skal indl\u00e6gges i Br\u00f8nderslev.<\/h5>\n<h5>Forslaget giver anledning til betydelig bekymring i forhold til borgerne p\u00e5 Mors og den samlede psykiatriske indsats i vores omr\u00e5de. Mors\u00f8 Kommune har forst\u00e5else for de udfordringer, Region Nordjylland st\u00e5r overfor som f\u00f8lge af Danske Regioners beslutning om udfasning af langtidsvikariater p\u00e5 psykiatriomr\u00e5det. Vi deler samtidig ambitionen om at skabe mere stabile faglige milj\u00f8er, h\u00f8j kvalitet i behandlingen og bedre kontinuitet for patienterne. Vi anerkender derfor, at der er behov for at finde nye l\u00f8sninger.<\/h5>\n<h5>Vi er imidlertid bekymrede for, at den foresl\u00e5ede l\u00f8sning risikerer at skabe betydelige konsekvenser for nogle af de mest s\u00e5rbare borgere i vores omr\u00e5de.<\/h5>\n<h5><strong>N\u00e6rhed er en del af behandlingen <\/strong><\/h5>\n<h5>N\u00e5r mennesker rammes af alvorlig psykisk sygdom, er overskud, handlekraft og mobilitet ofte blandt de ressourcer, der er mest p\u00e5virkede.<br \/>\nFor disse borgere er n\u00e6rhed til behandling ikke blot et sp\u00f8rgsm\u00e5l om geografi. N\u00e6rhed er en del af behandlingen.<\/h5>\n<h5>Mors\u00f8 Kommune er derfor bekymret for, at en flytning af sengepladserne til Br\u00f8nderslev vil g\u00f8re adgangen til psykiatrisk behandling langt mindre tilg\u00e6ngelig for borgere p\u00e5 Mors og i Thy. Borgerne p\u00e5 N8 er frivilligt indlagte patienter. En v\u00e6sentligt l\u00e6ngere afstand til n\u00e6rmeste sengeafsnit kan derfor indeb\u00e6re en risiko for, at borgere udskyder eller helt frav\u00e6lger n\u00f8dvendig indl\u00e6ggelse, fordi tilbuddet opleves som mere uoverskueligt eller utilg\u00e6ngeligt.<\/h5>\n<h5><strong>En dagsrejse for at bes\u00f8ge en udsat p\u00e5r\u00f8rende<\/strong><\/h5>\n<h5>Mors\u00f8 Kommune er s\u00e6rligt bekymret for, at forslaget vil \u00f8ge den geografiske ulighed i sundhed. Borgere p\u00e5 Mors har allerede l\u00e6ngere afstand til en r\u00e6kke specialiserede sundhedstilbud end mange andre borgere i Region Nordjylland. En flytning af psykiatriske sengepladser fra Thisted til Br\u00f8nderslev vil forst\u00e6rke denne udfordring.<br \/>\nFor mange borgere fra Mors vil en indl\u00e6ggelse i Br\u00f8nderslev indeb\u00e6re en transport p\u00e5 mere end 100 kilometer hver vej. Det vil i sig selv tage mindst 4 timer frem og tilbage i bil. For borgere og p\u00e5r\u00f8rende uden adgang til bil kan man forvente at en rejse i offentlig transport er en hel dagsrejse \u2013 da det vil tage 7-8 timer tur\/retur. Det er vel at m\u00e6rke fra rejsens begyndelse med bus fra Nyk\u00f8bing og ikke medregnet transporttid til busstationen.<\/h5>\n<h5>Det betyder i praksis, at muligheden for at bes\u00f8ge et n\u00e6rt familiemedlem under indl\u00e6ggelse bliver v\u00e6sentligt vanskeligere \u2013 og for nogen n\u00e6rmest uoverskueligt.<br \/>\nDet er en udvikling, som bekymrer os, fordi p\u00e5r\u00f8rende og netv\u00e6rk ofte udg\u00f8r en afg\u00f8rende del af patientens samlede behandlings- og recoveryforl\u00f8b. En rejse som muligvis skal foretages flere gange ugentligt.<\/h5>\n<h5><strong>Betydningen af familie og netv\u00e6rk<\/strong><\/h5>\n<h5>Mors\u00f8 Kommune frygter, at en st\u00f8rre afstand til behandlingsstedet vil sv\u00e6kke kontakten mellem patienter og deres p\u00e5r\u00f8rende. Familie og netv\u00e6rk spiller ofte en central rolle i b\u00e5de indl\u00e6ggelse, behandling og den efterf\u00f8lgende overgang tilbage til hverdagen. N\u00e6rhed til p\u00e5r\u00f8rende giver tryghed for patienten og styrker mulighederne for et sammenh\u00e6ngende forl\u00f8b.<\/h5>\n<h5>Den st\u00f8rre afstand vil samtidig kunne g\u00f8re det vanskeligere at gennemf\u00f8re gradvise udslusningsforl\u00f8b og hjemmetr\u00e6ning, hvor patienten i en periode \u00f8ver sig p\u00e5 at vende tilbage til eget hjem som led i behandlingen.<\/h5>\n<h5><strong>Konsekvenser for det sammenh\u00e6ngende samarbejde<\/strong><\/h5>\n<h5>Mors\u00f8 Kommune er ligeledes bekymret for konsekvenserne for det tv\u00e6rsektorielle samarbejde omkring borgerne. I dag er N8 og Psykiatrisk Ambulatorium Thy-Mors en integreret del af et t\u00e6t samarbejde mellem region, kommuner, almen praksis og \u00f8vrige samarbejdspartnere. Den geografiske n\u00e6rhed underst\u00f8tter dialog, koordinering og f\u00e6lles ansvar omkring de enkelte borgere. En flytning af sengepladserne udfordrer dette samarbejde og skaber mindre smidige overgange mellem behandling, rehabilitering og kommunale indsatser.<\/h5>\n<h5>Kommunen \u00f8nsker samtidig at understrege, at kommunale st\u00f8tteindsatser ikke kan erstatte specialiseret psykiatrisk behandling. Kommunen har hverken behandlingsansvaret, behandlingskompetencerne eller lovgrundlaget til at overtage regionale behandlingsopgaver.<\/h5>\n<h5><strong>Har alle alternativer v\u00e6ret unders\u00f8gt?<\/strong><\/h5>\n<h5>Mors\u00f8 Kommune savner en n\u00e6rmere redeg\u00f8relse for, hvilke alternativer der konkret er unders\u00f8gt forud for forslaget.<br \/>\nVi noterer os, at udfordringen prim\u00e6rt knytter sig til rekruttering af speciall\u00e6ger og udfasning af langtidsvikariater.<\/h5>\n<h5>Men vi savner svar p\u00e5, om alle muligheder for at fastholde sengekapaciteten lokalt er blevet unders\u00f8gt tilstr\u00e6kkeligt.<br \/>\nDet g\u00e6lder blandt andet:<br \/>\n\u2022 rotationsordninger for speciall\u00e6ger<br \/>\n\u2022 f\u00e6lles l\u00e6ged\u00e6kning p\u00e5 tv\u00e6rs af matrikler<br \/>\n\u2022 \u00f8get anvendelse af telepsykiatri<br \/>\n\u2022 mobile speciall\u00e6gefunktioner<br \/>\n\u2022 midlertidige overgangsl\u00f8sninger indtil rekrutteringssituationen forbedres<\/h5>\n<h5>Hvis l\u00e6gefaglige kompetencer allerede transporteres mellem hospitaler i regionen p\u00e5 andre omr\u00e5der, finder Mors\u00f8 Kommune det relevant at f\u00e5 belyst, om tilsvarende modeller er unders\u00f8gt for psykiatrien.<\/h5>\n<h5><strong>Ambitionen om n\u00e6rhed b\u00f8r fastholdes<\/strong><\/h5>\n<h5>Mors\u00f8 Kommune ser positivt p\u00e5 ambitionen om at styrke de ambulante tilbud og skabe mere behandling t\u00e6t p\u00e5 borgerne.<br \/>\nMen ambulante tilbud og rehabiliteringssenge kan ikke erstatte behovet for lokale psykiatriske sengepladser til borgere med behov for egentlig indl\u00e6ggelse.<\/h5>\n<h5>Vi finder det samtidig v\u00e6rd at bem\u00e6rke, at b\u00e5de psykiatriens 10-\u00e5rsplan, sundhedsreformen og tidligere regionale planer har haft fokus p\u00e5 mere n\u00e6rhed, tidligere indsats og mindre geografisk ulighed i sundhed. P\u00e5 den baggrund kan det v\u00e6re vanskeligt at se, hvordan en centralisering af sengepladserne harmonerer med disse ambitioner.<\/h5>\n<p><strong>Opfordring fra Mors\u00f8 Kommune<\/strong><\/p>\n<h5>Mors\u00f8 Kommune opfordrer derfor til, at alle muligheder for at bevare de psykiatriske sengepladser i Thy-Mors unders\u00f8ges og belyses fuldt ud, f\u00f8r der tr\u00e6ffes en endelig<br \/>\nbeslutning. For Mors\u00f8 Kommune er der \u00e9t afg\u00f8rende sp\u00f8rgsm\u00e5l, som b\u00f8r st\u00e5 centralt i den videre proces:<\/h5>\n<h5>Vil borgere i Thy og p\u00e5 Mors have samme reelle adgang til psykiatrisk behandling efter denne beslutning, som de har i dag?<\/h5>\n<h5>Hvis svaret er nej, b\u00f8r det till\u00e6gges betydelig v\u00e6gt i Regionsr\u00e5dets beslutning. N\u00e6rhed er ikke et supplement til kvalitet i psykiatrien. N\u00e6rhed er en del af behandlingen.<br \/>\nLighed i sundhed m\u00e5 ogs\u00e5 g\u00e6lde, n\u00e5r man bor i Thy eller p\u00e5 Mors<\/h5>\n<\/blockquote>\n","protected":false},"excerpt":{"rendered":"<p>\u00c5BENT BREV: Mors\u00f8 Kommune ser med bekymrende alvor p\u00e5 forslaget om at oml\u00e6gge de psykiatriske sengepladser ved Psykiatrisk Sengeafsnit N8 Thy-Mors i Thisted, s\u00e5 borgere fra Thy og Mors fremover skal indl\u00e6gges i Br\u00f8nderslev. I en mail til KunMors skrive Mors\u00f8 Kommune f\u00f8lgende: &#8220;Vi har forst\u00e5else for, at Region Nordjylland st\u00e5r med en vanskelig udfordring. [&hellip;]<\/p>\n","protected":false},"author":2507,"featured_media":0,"comment_status":"closed","ping_status":"closed","sticky":false,"template":"","format":"standard","meta":{"_acf_changed":false,"footnotes":""},"categories":[51],"tags":[167],"class_list":["post-180645","post","type-post","status-publish","format-standard","hentry","category-lokalt","tag-politik"],"acf":[],"yoast_head":"<!-- This site is optimized with the Yoast SEO plugin v27.7 - https:\/\/yoast.com\/product\/yoast-seo-wordpress\/ -->\n<title>Mors\u00f8 Kommune: Lighed i sundhed m\u00e5 ogs\u00e5 g\u00e6lde, n\u00e5r man bor i Thy eller p\u00e5 Mors - Mors<\/title>\n<meta name=\"robots\" content=\"index, follow, max-snippet:-1, max-image-preview:large, max-video-preview:-1\" \/>\n<link rel=\"canonical\" href=\"https:\/\/kunmedierne.dk\/mors\/morsoe-kommune-lighed-i-sundhed-maa-ogsaa-gaelde-naar-man-bor-i-thy-eller-paa-mors\/\" \/>\n<meta property=\"og:locale\" content=\"da_DK\" \/>\n<meta property=\"og:type\" content=\"article\" \/>\n<meta property=\"og:title\" content=\"Mors\u00f8 Kommune: Lighed i sundhed m\u00e5 ogs\u00e5 g\u00e6lde, n\u00e5r man bor i Thy eller p\u00e5 Mors - Mors\" \/>\n<meta property=\"og:description\" content=\"\u00c5BENT BREV: Mors\u00f8 Kommune ser med bekymrende alvor p\u00e5 forslaget om at oml\u00e6gge de psykiatriske sengepladser ved Psykiatrisk Sengeafsnit N8 Thy-Mors i Thisted, s\u00e5 borgere fra Thy og Mors fremover skal indl\u00e6gges i Br\u00f8nderslev. I en mail til KunMors skrive Mors\u00f8 Kommune f\u00f8lgende: &#8220;Vi har forst\u00e5else for, at Region Nordjylland st\u00e5r med en vanskelig udfordring. [&hellip;]\" \/>\n<meta property=\"og:url\" content=\"https:\/\/kunmedierne.dk\/mors\/morsoe-kommune-lighed-i-sundhed-maa-ogsaa-gaelde-naar-man-bor-i-thy-eller-paa-mors\/\" \/>\n<meta property=\"og:site_name\" content=\"Mors\" \/>\n<meta property=\"article:published_time\" content=\"2026-09-01T09:50:49+00:00\" \/>\n<meta name=\"author\" content=\"Katrine Hedegaard\" \/>\n<meta name=\"twitter:card\" content=\"summary_large_image\" \/>\n<meta name=\"twitter:label1\" content=\"Skrevet af\" \/>\n\t<meta name=\"twitter:data1\" content=\"Katrine Hedegaard\" \/>\n\t<meta name=\"twitter:label2\" content=\"Estimeret l\u00e6setid\" \/>\n\t<meta name=\"twitter:data2\" content=\"2 minutter\" \/>\n<script type=\"application\/ld+json\" class=\"yoast-schema-graph\">{\"@context\":\"https:\\\/\\\/schema.org\",\"@graph\":[{\"@type\":\"Article\",\"@id\":\"https:\\\/\\\/kunmedierne.dk\\\/mors\\\/morsoe-kommune-lighed-i-sundhed-maa-ogsaa-gaelde-naar-man-bor-i-thy-eller-paa-mors\\\/#article\",\"isPartOf\":{\"@id\":\"https:\\\/\\\/kunmedierne.dk\\\/mors\\\/morsoe-kommune-lighed-i-sundhed-maa-ogsaa-gaelde-naar-man-bor-i-thy-eller-paa-mors\\\/\"},\"author\":{\"name\":\"Katrine Hedegaard\",\"@id\":\"https:\\\/\\\/kunmedierne.dk\\\/mors\\\/#\\\/schema\\\/person\\\/b2e62a38069b12365e53e087a8709c64\"},\"headline\":\"Mors\u00f8 Kommune: Lighed i sundhed m\u00e5 ogs\u00e5 g\u00e6lde, n\u00e5r man bor i Thy eller p\u00e5 Mors\",\"datePublished\":\"2026-09-01T09:50:49+00:00\",\"mainEntityOfPage\":{\"@id\":\"https:\\\/\\\/kunmedierne.dk\\\/mors\\\/morsoe-kommune-lighed-i-sundhed-maa-ogsaa-gaelde-naar-man-bor-i-thy-eller-paa-mors\\\/\"},\"wordCount\":1339,\"publisher\":{\"@id\":\"https:\\\/\\\/kunmedierne.dk\\\/mors\\\/#organization\"},\"keywords\":[\"Politik\"],\"articleSection\":[\"Lokalt\"],\"inLanguage\":\"da-DK\"},{\"@type\":\"WebPage\",\"@id\":\"https:\\\/\\\/kunmedierne.dk\\\/mors\\\/morsoe-kommune-lighed-i-sundhed-maa-ogsaa-gaelde-naar-man-bor-i-thy-eller-paa-mors\\\/\",\"url\":\"https:\\\/\\\/kunmedierne.dk\\\/mors\\\/morsoe-kommune-lighed-i-sundhed-maa-ogsaa-gaelde-naar-man-bor-i-thy-eller-paa-mors\\\/\",\"name\":\"Mors\u00f8 Kommune: Lighed i sundhed m\u00e5 ogs\u00e5 g\u00e6lde, n\u00e5r man bor i Thy eller p\u00e5 Mors - Mors\",\"isPartOf\":{\"@id\":\"https:\\\/\\\/kunmedierne.dk\\\/mors\\\/#website\"},\"datePublished\":\"2026-09-01T09:50:49+00:00\",\"breadcrumb\":{\"@id\":\"https:\\\/\\\/kunmedierne.dk\\\/mors\\\/morsoe-kommune-lighed-i-sundhed-maa-ogsaa-gaelde-naar-man-bor-i-thy-eller-paa-mors\\\/#breadcrumb\"},\"inLanguage\":\"da-DK\",\"potentialAction\":[{\"@type\":\"ReadAction\",\"target\":[\"https:\\\/\\\/kunmedierne.dk\\\/mors\\\/morsoe-kommune-lighed-i-sundhed-maa-ogsaa-gaelde-naar-man-bor-i-thy-eller-paa-mors\\\/\"]}]},{\"@type\":\"BreadcrumbList\",\"@id\":\"https:\\\/\\\/kunmedierne.dk\\\/mors\\\/morsoe-kommune-lighed-i-sundhed-maa-ogsaa-gaelde-naar-man-bor-i-thy-eller-paa-mors\\\/#breadcrumb\",\"itemListElement\":[{\"@type\":\"ListItem\",\"position\":1,\"name\":\"Hjem\",\"item\":\"https:\\\/\\\/kunmedierne.dk\\\/mors\\\/\"},{\"@type\":\"ListItem\",\"position\":2,\"name\":\"Mors\u00f8 Kommune: Lighed i sundhed m\u00e5 ogs\u00e5 g\u00e6lde, n\u00e5r man bor i Thy eller p\u00e5 Mors\"}]},{\"@type\":\"WebSite\",\"@id\":\"https:\\\/\\\/kunmedierne.dk\\\/mors\\\/#website\",\"url\":\"https:\\\/\\\/kunmedierne.dk\\\/mors\\\/\",\"name\":\"Mors\",\"description\":\"et netmedie med journalistik om livet p\u00e5 Mors\",\"publisher\":{\"@id\":\"https:\\\/\\\/kunmedierne.dk\\\/mors\\\/#organization\"},\"potentialAction\":[{\"@type\":\"SearchAction\",\"target\":{\"@type\":\"EntryPoint\",\"urlTemplate\":\"https:\\\/\\\/kunmedierne.dk\\\/mors\\\/?s={search_term_string}\"},\"query-input\":{\"@type\":\"PropertyValueSpecification\",\"valueRequired\":true,\"valueName\":\"search_term_string\"}}],\"inLanguage\":\"da-DK\"},{\"@type\":\"Organization\",\"@id\":\"https:\\\/\\\/kunmedierne.dk\\\/mors\\\/#organization\",\"name\":\"Mors\",\"url\":\"https:\\\/\\\/kunmedierne.dk\\\/mors\\\/\",\"logo\":{\"@type\":\"ImageObject\",\"inLanguage\":\"da-DK\",\"@id\":\"https:\\\/\\\/kunmedierne.dk\\\/mors\\\/#\\\/schema\\\/logo\\\/image\\\/\",\"url\":\"https:\\\/\\\/kunmedierne.dk\\\/mors\\\/wp-content\\\/uploads\\\/2024\\\/08\\\/kunmors-logo.svg\",\"contentUrl\":\"https:\\\/\\\/kunmedierne.dk\\\/mors\\\/wp-content\\\/uploads\\\/2024\\\/08\\\/kunmors-logo.svg\",\"caption\":\"Mors\"},\"image\":{\"@id\":\"https:\\\/\\\/kunmedierne.dk\\\/mors\\\/#\\\/schema\\\/logo\\\/image\\\/\"}},{\"@type\":\"Person\",\"@id\":\"https:\\\/\\\/kunmedierne.dk\\\/mors\\\/#\\\/schema\\\/person\\\/b2e62a38069b12365e53e087a8709c64\",\"name\":\"Katrine Hedegaard\",\"image\":{\"@type\":\"ImageObject\",\"inLanguage\":\"da-DK\",\"@id\":\"https:\\\/\\\/secure.gravatar.com\\\/avatar\\\/18a5c72fa9148052fd3ed5a58b40fc83cfdc9811090e6e6eec9539af058edcc0?s=96&d=mm&r=g\",\"url\":\"https:\\\/\\\/secure.gravatar.com\\\/avatar\\\/18a5c72fa9148052fd3ed5a58b40fc83cfdc9811090e6e6eec9539af058edcc0?s=96&d=mm&r=g\",\"contentUrl\":\"https:\\\/\\\/secure.gravatar.com\\\/avatar\\\/18a5c72fa9148052fd3ed5a58b40fc83cfdc9811090e6e6eec9539af058edcc0?s=96&d=mm&r=g\",\"caption\":\"Katrine Hedegaard\"},\"url\":\"https:\\\/\\\/kunmedierne.dk\\\/mors\\\/author\\\/katrine\\\/\"}]}<\/script>\n<!-- \/ Yoast SEO plugin. -->","yoast_head_json":{"title":"Mors\u00f8 Kommune: Lighed i sundhed m\u00e5 ogs\u00e5 g\u00e6lde, n\u00e5r man bor i Thy eller p\u00e5 Mors - Mors","robots":{"index":"index","follow":"follow","max-snippet":"max-snippet:-1","max-image-preview":"max-image-preview:large","max-video-preview":"max-video-preview:-1"},"canonical":"https:\/\/kunmedierne.dk\/mors\/morsoe-kommune-lighed-i-sundhed-maa-ogsaa-gaelde-naar-man-bor-i-thy-eller-paa-mors\/","og_locale":"da_DK","og_type":"article","og_title":"Mors\u00f8 Kommune: Lighed i sundhed m\u00e5 ogs\u00e5 g\u00e6lde, n\u00e5r man bor i Thy eller p\u00e5 Mors - Mors","og_description":"\u00c5BENT BREV: Mors\u00f8 Kommune ser med bekymrende alvor p\u00e5 forslaget om at oml\u00e6gge de psykiatriske sengepladser ved Psykiatrisk Sengeafsnit N8 Thy-Mors i Thisted, s\u00e5 borgere fra Thy og Mors fremover skal indl\u00e6gges i Br\u00f8nderslev. I en mail til KunMors skrive Mors\u00f8 Kommune f\u00f8lgende: &#8220;Vi har forst\u00e5else for, at Region Nordjylland st\u00e5r med en vanskelig udfordring. [&hellip;]","og_url":"https:\/\/kunmedierne.dk\/mors\/morsoe-kommune-lighed-i-sundhed-maa-ogsaa-gaelde-naar-man-bor-i-thy-eller-paa-mors\/","og_site_name":"Mors","article_published_time":"2026-09-01T09:50:49+00:00","author":"Katrine Hedegaard","twitter_card":"summary_large_image","twitter_misc":{"Skrevet af":"Katrine Hedegaard","Estimeret l\u00e6setid":"2 minutter"},"schema":{"@context":"https:\/\/schema.org","@graph":[{"@type":"Article","@id":"https:\/\/kunmedierne.dk\/mors\/morsoe-kommune-lighed-i-sundhed-maa-ogsaa-gaelde-naar-man-bor-i-thy-eller-paa-mors\/#article","isPartOf":{"@id":"https:\/\/kunmedierne.dk\/mors\/morsoe-kommune-lighed-i-sundhed-maa-ogsaa-gaelde-naar-man-bor-i-thy-eller-paa-mors\/"},"author":{"name":"Katrine Hedegaard","@id":"https:\/\/kunmedierne.dk\/mors\/#\/schema\/person\/b2e62a38069b12365e53e087a8709c64"},"headline":"Mors\u00f8 Kommune: Lighed i sundhed m\u00e5 ogs\u00e5 g\u00e6lde, n\u00e5r man bor i Thy eller p\u00e5 Mors","datePublished":"2026-09-01T09:50:49+00:00","mainEntityOfPage":{"@id":"https:\/\/kunmedierne.dk\/mors\/morsoe-kommune-lighed-i-sundhed-maa-ogsaa-gaelde-naar-man-bor-i-thy-eller-paa-mors\/"},"wordCount":1339,"publisher":{"@id":"https:\/\/kunmedierne.dk\/mors\/#organization"},"keywords":["Politik"],"articleSection":["Lokalt"],"inLanguage":"da-DK"},{"@type":"WebPage","@id":"https:\/\/kunmedierne.dk\/mors\/morsoe-kommune-lighed-i-sundhed-maa-ogsaa-gaelde-naar-man-bor-i-thy-eller-paa-mors\/","url":"https:\/\/kunmedierne.dk\/mors\/morsoe-kommune-lighed-i-sundhed-maa-ogsaa-gaelde-naar-man-bor-i-thy-eller-paa-mors\/","name":"Mors\u00f8 Kommune: Lighed i sundhed m\u00e5 ogs\u00e5 g\u00e6lde, n\u00e5r man bor i Thy eller p\u00e5 Mors - Mors","isPartOf":{"@id":"https:\/\/kunmedierne.dk\/mors\/#website"},"datePublished":"2026-09-01T09:50:49+00:00","breadcrumb":{"@id":"https:\/\/kunmedierne.dk\/mors\/morsoe-kommune-lighed-i-sundhed-maa-ogsaa-gaelde-naar-man-bor-i-thy-eller-paa-mors\/#breadcrumb"},"inLanguage":"da-DK","potentialAction":[{"@type":"ReadAction","target":["https:\/\/kunmedierne.dk\/mors\/morsoe-kommune-lighed-i-sundhed-maa-ogsaa-gaelde-naar-man-bor-i-thy-eller-paa-mors\/"]}]},{"@type":"BreadcrumbList","@id":"https:\/\/kunmedierne.dk\/mors\/morsoe-kommune-lighed-i-sundhed-maa-ogsaa-gaelde-naar-man-bor-i-thy-eller-paa-mors\/#breadcrumb","itemListElement":[{"@type":"ListItem","position":1,"name":"Hjem","item":"https:\/\/kunmedierne.dk\/mors\/"},{"@type":"ListItem","position":2,"name":"Mors\u00f8 Kommune: Lighed i sundhed m\u00e5 ogs\u00e5 g\u00e6lde, n\u00e5r man bor i Thy eller p\u00e5 Mors"}]},{"@type":"WebSite","@id":"https:\/\/kunmedierne.dk\/mors\/#website","url":"https:\/\/kunmedierne.dk\/mors\/","name":"Mors","description":"et netmedie med journalistik om livet p\u00e5 Mors","publisher":{"@id":"https:\/\/kunmedierne.dk\/mors\/#organization"},"potentialAction":[{"@type":"SearchAction","target":{"@type":"EntryPoint","urlTemplate":"https:\/\/kunmedierne.dk\/mors\/?s={search_term_string}"},"query-input":{"@type":"PropertyValueSpecification","valueRequired":true,"valueName":"search_term_string"}}],"inLanguage":"da-DK"},{"@type":"Organization","@id":"https:\/\/kunmedierne.dk\/mors\/#organization","name":"Mors","url":"https:\/\/kunmedierne.dk\/mors\/","logo":{"@type":"ImageObject","inLanguage":"da-DK","@id":"https:\/\/kunmedierne.dk\/mors\/#\/schema\/logo\/image\/","url":"https:\/\/kunmedierne.dk\/mors\/wp-content\/uploads\/2024\/08\/kunmors-logo.svg","contentUrl":"https:\/\/kunmedierne.dk\/mors\/wp-content\/uploads\/2024\/08\/kunmors-logo.svg","caption":"Mors"},"image":{"@id":"https:\/\/kunmedierne.dk\/mors\/#\/schema\/logo\/image\/"}},{"@type":"Person","@id":"https:\/\/kunmedierne.dk\/mors\/#\/schema\/person\/b2e62a38069b12365e53e087a8709c64","name":"Katrine Hedegaard","image":{"@type":"ImageObject","inLanguage":"da-DK","@id":"https:\/\/secure.gravatar.com\/avatar\/18a5c72fa9148052fd3ed5a58b40fc83cfdc9811090e6e6eec9539af058edcc0?s=96&d=mm&r=g","url":"https:\/\/secure.gravatar.com\/avatar\/18a5c72fa9148052fd3ed5a58b40fc83cfdc9811090e6e6eec9539af058edcc0?s=96&d=mm&r=g","contentUrl":"https:\/\/secure.gravatar.com\/avatar\/18a5c72fa9148052fd3ed5a58b40fc83cfdc9811090e6e6eec9539af058edcc0?s=96&d=mm&r=g","caption":"Katrine Hedegaard"},"url":"https:\/\/kunmedierne.dk\/mors\/author\/katrine\/"}]}},"_links":{"self":[{"href":"https:\/\/kunmedierne.dk\/mors\/wp-json\/wp\/v2\/posts\/180645","targetHints":{"allow":["GET"]}}],"collection":[{"href":"https:\/\/kunmedierne.dk\/mors\/wp-json\/wp\/v2\/posts"}],"about":[{"href":"https:\/\/kunmedierne.dk\/mors\/wp-json\/wp\/v2\/types\/post"}],"author":[{"embeddable":true,"href":"https:\/\/kunmedierne.dk\/mors\/wp-json\/wp\/v2\/users\/2507"}],"replies":[{"embeddable":true,"href":"https:\/\/kunmedierne.dk\/mors\/wp-json\/wp\/v2\/comments?post=180645"}],"version-history":[{"count":7,"href":"https:\/\/kunmedierne.dk\/mors\/wp-json\/wp\/v2\/posts\/180645\/revisions"}],"predecessor-version":[{"id":180748,"href":"https:\/\/kunmedierne.dk\/mors\/wp-json\/wp\/v2\/posts\/180645\/revisions\/180748"}],"wp:attachment":[{"href":"https:\/\/kunmedierne.dk\/mors\/wp-json\/wp\/v2\/media?parent=180645"}],"wp:term":[{"taxonomy":"category","embeddable":true,"href":"https:\/\/kunmedierne.dk\/mors\/wp-json\/wp\/v2\/categories?post=180645"},{"taxonomy":"post_tag","embeddable":true,"href":"https:\/\/kunmedierne.dk\/mors\/wp-json\/wp\/v2\/tags?post=180645"}],"curies":[{"name":"wp","href":"https:\/\/api.w.org\/{rel}","templated":true}]}}