{"id":180638,"date":"2026-08-31T09:11:27","date_gmt":"2026-08-31T07:11:27","guid":{"rendered":"https:\/\/kunmedierne.dk\/mors\/?p=180638"},"modified":"2026-08-31T09:11:27","modified_gmt":"2026-08-31T07:11:27","slug":"laeserbrev-omstilling-ja-men-den-skal-vaere-realistisk-retfaerdig-og-give-mennesker-tid-til-at-foelge-med","status":"publish","type":"post","link":"https:\/\/kunmedierne.dk\/mors\/laeserbrev-omstilling-ja-men-den-skal-vaere-realistisk-retfaerdig-og-give-mennesker-tid-til-at-foelge-med\/","title":{"rendered":"<span>L\u00e6serbrev: <\/span> &#8220;Omstilling ja. Men den skal v\u00e6re realistisk, retf\u00e6rdig og give mennesker tid til at f\u00f8lge med&#8221;"},"content":{"rendered":"<p><strong>DEBAT:<\/strong> Som borgmester i en \u00f8-kommune st\u00e5r jeg hver dag midt i virkeligheden. Jeg m\u00f8der fiskere, landm\u00e6nd, virksomheder og familier, som lever af det, vores natur giver os. Derfor ved jeg ogs\u00e5, at de store beslutninger, der tr\u00e6ffes p\u00e5 Christiansborg om dyrevelf\u00e6rd, milj\u00f8 og fjord, m\u00e6rkes direkte her hos os.<\/p>\n<p>Vi skal tage ansvar for naturen. Vi skal passe p\u00e5 Limfjorden, sikre en bedre milj\u00f8tilstand og styrke dyrevelf\u00e6rden. Det er vigtige m\u00e5l, som de fleste af os naturligvis kan bakke op om.<\/p>\n<a class=\"dvrt-link\" onClick=\"cdmtrack_click(104781,jQuery(this));return false\" href=\"https:\/\/www.fmspks.dk\/\"><img decoding=\"async\" style=\"width:100%;\" src=\"https:\/\/kunmedierne.dk\/mors\/wp-content\/uploads\/2022\/02\/vip-froeslev-mollerup-sparekasse.jpg\"><\/a><script>cdmtrack_view(104781);<\/script>\n<p>Men vi skal ogs\u00e5 huske, at omstillingen ikke sker med et fingerknips. Bag regler, krav og m\u00e5ls\u00e6tninger st\u00e5r mennesker, arbejdspladser og familier, som hver dag g\u00f8r deres bedste for at producere f\u00f8devarer og skabe v\u00e6rdi i lokalsamfundene.<\/p>\n<p>Derfor er det afg\u00f8rende, at vi f\u00e5r tid til at omstille os. Tid til at investere, tilpasse produktionen og finde de l\u00f8sninger, der b\u00e5de gavner milj\u00f8et og sikrer, at vi fortsat har et st\u00e6rkt landbrug og et levende fiskeri.<\/p>\n<p>I en \u00f8-kommune ved vi bedre end de fleste, at natur og erhverv ikke er hinandens mods\u00e6tninger. De er hinandens foruds\u00e6tninger. Vi skal passe p\u00e5 begge dele.<\/p>\n<p>Lad os derfor tr\u00e6ffe kloge beslutninger, der r\u00e6kker l\u00e6ngere end den n\u00e6ste overskrift. Beslutninger, som giver plads til ansvarlig udvikling, og som sikrer, at fremtidens generationer b\u00e5de kan nyde en sund Limfjord og leve af de erhverv, der har v\u00e6ret grundlaget for vores lokalsamfund i generationer.<\/p>\n<p>Omstilling ja. Men den skal v\u00e6re realistisk, retf\u00e6rdig og give mennesker tid til at f\u00f8lge med. Hvis omstillingen skal lykkes, skal der v\u00e6re tillid, klare rammer og tid til at gennemf\u00f8re den.<\/p>\n","protected":false},"excerpt":{"rendered":"<p>DEBAT: Som borgmester i en \u00f8-kommune st\u00e5r jeg hver dag midt i virkeligheden. Jeg m\u00f8der fiskere, landm\u00e6nd, virksomheder og familier, som lever af det, vores natur giver os. Derfor ved jeg ogs\u00e5, at de store beslutninger, der tr\u00e6ffes p\u00e5 Christiansborg om dyrevelf\u00e6rd, milj\u00f8 og fjord, m\u00e6rkes direkte her hos os. Vi skal tage ansvar for [&hellip;]<\/p>\n","protected":false},"author":11,"featured_media":0,"comment_status":"closed","ping_status":"closed","sticky":false,"template":"","format":"standard","meta":{"_acf_changed":false,"footnotes":""},"categories":[56,51],"tags":[],"class_list":["post-180638","post","type-post","status-publish","format-standard","hentry","category-debat","category-lokalt"],"acf":[],"yoast_head":"<!-- This site is optimized with the Yoast SEO plugin v27.7 - https:\/\/yoast.com\/product\/yoast-seo-wordpress\/ -->\n<title>L\u00e6serbrev:  &quot;Omstilling ja. Men den skal v\u00e6re realistisk, retf\u00e6rdig og give mennesker tid til at f\u00f8lge med&quot; - Mors<\/title>\n<meta name=\"robots\" content=\"index, follow, max-snippet:-1, max-image-preview:large, max-video-preview:-1\" \/>\n<link rel=\"canonical\" href=\"https:\/\/kunmedierne.dk\/mors\/laeserbrev-omstilling-ja-men-den-skal-vaere-realistisk-retfaerdig-og-give-mennesker-tid-til-at-foelge-med\/\" \/>\n<meta property=\"og:locale\" content=\"da_DK\" \/>\n<meta property=\"og:type\" content=\"article\" \/>\n<meta property=\"og:title\" content=\"L\u00e6serbrev:  &quot;Omstilling ja. Men den skal v\u00e6re realistisk, retf\u00e6rdig og give mennesker tid til at f\u00f8lge med&quot; - Mors\" \/>\n<meta property=\"og:description\" content=\"DEBAT: Som borgmester i en \u00f8-kommune st\u00e5r jeg hver dag midt i virkeligheden. Jeg m\u00f8der fiskere, landm\u00e6nd, virksomheder og familier, som lever af det, vores natur giver os. Derfor ved jeg ogs\u00e5, at de store beslutninger, der tr\u00e6ffes p\u00e5 Christiansborg om dyrevelf\u00e6rd, milj\u00f8 og fjord, m\u00e6rkes direkte her hos os. Vi skal tage ansvar for [&hellip;]\" \/>\n<meta property=\"og:url\" content=\"https:\/\/kunmedierne.dk\/mors\/laeserbrev-omstilling-ja-men-den-skal-vaere-realistisk-retfaerdig-og-give-mennesker-tid-til-at-foelge-med\/\" \/>\n<meta property=\"og:site_name\" content=\"Mors\" \/>\n<meta property=\"article:published_time\" content=\"2026-08-31T07:11:27+00:00\" \/>\n<meta name=\"author\" content=\"Debat\" \/>\n<meta name=\"twitter:card\" content=\"summary_large_image\" \/>\n<meta name=\"twitter:label1\" content=\"Skrevet af\" \/>\n\t<meta name=\"twitter:data1\" content=\"Debat\" \/>\n\t<meta name=\"twitter:label2\" content=\"Estimeret l\u00e6setid\" \/>\n\t<meta name=\"twitter:data2\" content=\"2 minutter\" \/>\n<script type=\"application\/ld+json\" class=\"yoast-schema-graph\">{\"@context\":\"https:\\\/\\\/schema.org\",\"@graph\":[{\"@type\":\"Article\",\"@id\":\"https:\\\/\\\/kunmedierne.dk\\\/mors\\\/laeserbrev-omstilling-ja-men-den-skal-vaere-realistisk-retfaerdig-og-give-mennesker-tid-til-at-foelge-med\\\/#article\",\"isPartOf\":{\"@id\":\"https:\\\/\\\/kunmedierne.dk\\\/mors\\\/laeserbrev-omstilling-ja-men-den-skal-vaere-realistisk-retfaerdig-og-give-mennesker-tid-til-at-foelge-med\\\/\"},\"author\":{\"name\":\"Debat\",\"@id\":\"https:\\\/\\\/kunmedierne.dk\\\/mors\\\/#\\\/schema\\\/person\\\/84c1391bce0b43b9bb3a49736bc0ad78\"},\"headline\":\"L\u00e6serbrev: &#8220;Omstilling ja. Men den skal v\u00e6re realistisk, retf\u00e6rdig og give mennesker tid til at f\u00f8lge med&#8221;\",\"datePublished\":\"2026-08-31T07:11:27+00:00\",\"mainEntityOfPage\":{\"@id\":\"https:\\\/\\\/kunmedierne.dk\\\/mors\\\/laeserbrev-omstilling-ja-men-den-skal-vaere-realistisk-retfaerdig-og-give-mennesker-tid-til-at-foelge-med\\\/\"},\"wordCount\":320,\"publisher\":{\"@id\":\"https:\\\/\\\/kunmedierne.dk\\\/mors\\\/#organization\"},\"articleSection\":[\"Debat\",\"Lokalt\"],\"inLanguage\":\"da-DK\"},{\"@type\":\"WebPage\",\"@id\":\"https:\\\/\\\/kunmedierne.dk\\\/mors\\\/laeserbrev-omstilling-ja-men-den-skal-vaere-realistisk-retfaerdig-og-give-mennesker-tid-til-at-foelge-med\\\/\",\"url\":\"https:\\\/\\\/kunmedierne.dk\\\/mors\\\/laeserbrev-omstilling-ja-men-den-skal-vaere-realistisk-retfaerdig-og-give-mennesker-tid-til-at-foelge-med\\\/\",\"name\":\"L\u00e6serbrev: \\\"Omstilling ja. Men den skal v\u00e6re realistisk, retf\u00e6rdig og give mennesker tid til at f\u00f8lge med\\\" - Mors\",\"isPartOf\":{\"@id\":\"https:\\\/\\\/kunmedierne.dk\\\/mors\\\/#website\"},\"datePublished\":\"2026-08-31T07:11:27+00:00\",\"breadcrumb\":{\"@id\":\"https:\\\/\\\/kunmedierne.dk\\\/mors\\\/laeserbrev-omstilling-ja-men-den-skal-vaere-realistisk-retfaerdig-og-give-mennesker-tid-til-at-foelge-med\\\/#breadcrumb\"},\"inLanguage\":\"da-DK\",\"potentialAction\":[{\"@type\":\"ReadAction\",\"target\":[\"https:\\\/\\\/kunmedierne.dk\\\/mors\\\/laeserbrev-omstilling-ja-men-den-skal-vaere-realistisk-retfaerdig-og-give-mennesker-tid-til-at-foelge-med\\\/\"]}]},{\"@type\":\"BreadcrumbList\",\"@id\":\"https:\\\/\\\/kunmedierne.dk\\\/mors\\\/laeserbrev-omstilling-ja-men-den-skal-vaere-realistisk-retfaerdig-og-give-mennesker-tid-til-at-foelge-med\\\/#breadcrumb\",\"itemListElement\":[{\"@type\":\"ListItem\",\"position\":1,\"name\":\"Hjem\",\"item\":\"https:\\\/\\\/kunmedierne.dk\\\/mors\\\/\"},{\"@type\":\"ListItem\",\"position\":2,\"name\":\"L\u00e6serbrev: &#8220;Omstilling ja. Men den skal v\u00e6re realistisk, retf\u00e6rdig og give mennesker tid til at f\u00f8lge med&#8221;\"}]},{\"@type\":\"WebSite\",\"@id\":\"https:\\\/\\\/kunmedierne.dk\\\/mors\\\/#website\",\"url\":\"https:\\\/\\\/kunmedierne.dk\\\/mors\\\/\",\"name\":\"Mors\",\"description\":\"et netmedie med journalistik om livet p\u00e5 Mors\",\"publisher\":{\"@id\":\"https:\\\/\\\/kunmedierne.dk\\\/mors\\\/#organization\"},\"potentialAction\":[{\"@type\":\"SearchAction\",\"target\":{\"@type\":\"EntryPoint\",\"urlTemplate\":\"https:\\\/\\\/kunmedierne.dk\\\/mors\\\/?s={search_term_string}\"},\"query-input\":{\"@type\":\"PropertyValueSpecification\",\"valueRequired\":true,\"valueName\":\"search_term_string\"}}],\"inLanguage\":\"da-DK\"},{\"@type\":\"Organization\",\"@id\":\"https:\\\/\\\/kunmedierne.dk\\\/mors\\\/#organization\",\"name\":\"Mors\",\"url\":\"https:\\\/\\\/kunmedierne.dk\\\/mors\\\/\",\"logo\":{\"@type\":\"ImageObject\",\"inLanguage\":\"da-DK\",\"@id\":\"https:\\\/\\\/kunmedierne.dk\\\/mors\\\/#\\\/schema\\\/logo\\\/image\\\/\",\"url\":\"https:\\\/\\\/kunmedierne.dk\\\/mors\\\/wp-content\\\/uploads\\\/2024\\\/08\\\/kunmors-logo.svg\",\"contentUrl\":\"https:\\\/\\\/kunmedierne.dk\\\/mors\\\/wp-content\\\/uploads\\\/2024\\\/08\\\/kunmors-logo.svg\",\"caption\":\"Mors\"},\"image\":{\"@id\":\"https:\\\/\\\/kunmedierne.dk\\\/mors\\\/#\\\/schema\\\/logo\\\/image\\\/\"}},{\"@type\":\"Person\",\"@id\":\"https:\\\/\\\/kunmedierne.dk\\\/mors\\\/#\\\/schema\\\/person\\\/84c1391bce0b43b9bb3a49736bc0ad78\",\"name\":\"Debat\",\"image\":{\"@type\":\"ImageObject\",\"inLanguage\":\"da-DK\",\"@id\":\"https:\\\/\\\/secure.gravatar.com\\\/avatar\\\/b0fb2e221d618f7c65162ab0d49c7e8a0b580c871ca03af90e42b47b4150654c?s=96&d=mm&r=g\",\"url\":\"https:\\\/\\\/secure.gravatar.com\\\/avatar\\\/b0fb2e221d618f7c65162ab0d49c7e8a0b580c871ca03af90e42b47b4150654c?s=96&d=mm&r=g\",\"contentUrl\":\"https:\\\/\\\/secure.gravatar.com\\\/avatar\\\/b0fb2e221d618f7c65162ab0d49c7e8a0b580c871ca03af90e42b47b4150654c?s=96&d=mm&r=g\",\"caption\":\"Debat\"},\"url\":\"https:\\\/\\\/kunmedierne.dk\\\/mors\\\/author\\\/debat\\\/\"}]}<\/script>\n<!-- \/ Yoast SEO plugin. -->","yoast_head_json":{"title":"L\u00e6serbrev:  \"Omstilling ja. Men den skal v\u00e6re realistisk, retf\u00e6rdig og give mennesker tid til at f\u00f8lge med\" - Mors","robots":{"index":"index","follow":"follow","max-snippet":"max-snippet:-1","max-image-preview":"max-image-preview:large","max-video-preview":"max-video-preview:-1"},"canonical":"https:\/\/kunmedierne.dk\/mors\/laeserbrev-omstilling-ja-men-den-skal-vaere-realistisk-retfaerdig-og-give-mennesker-tid-til-at-foelge-med\/","og_locale":"da_DK","og_type":"article","og_title":"L\u00e6serbrev:  \"Omstilling ja. Men den skal v\u00e6re realistisk, retf\u00e6rdig og give mennesker tid til at f\u00f8lge med\" - Mors","og_description":"DEBAT: Som borgmester i en \u00f8-kommune st\u00e5r jeg hver dag midt i virkeligheden. Jeg m\u00f8der fiskere, landm\u00e6nd, virksomheder og familier, som lever af det, vores natur giver os. Derfor ved jeg ogs\u00e5, at de store beslutninger, der tr\u00e6ffes p\u00e5 Christiansborg om dyrevelf\u00e6rd, milj\u00f8 og fjord, m\u00e6rkes direkte her hos os. Vi skal tage ansvar for [&hellip;]","og_url":"https:\/\/kunmedierne.dk\/mors\/laeserbrev-omstilling-ja-men-den-skal-vaere-realistisk-retfaerdig-og-give-mennesker-tid-til-at-foelge-med\/","og_site_name":"Mors","article_published_time":"2026-08-31T07:11:27+00:00","author":"Debat","twitter_card":"summary_large_image","twitter_misc":{"Skrevet af":"Debat","Estimeret l\u00e6setid":"2 minutter"},"schema":{"@context":"https:\/\/schema.org","@graph":[{"@type":"Article","@id":"https:\/\/kunmedierne.dk\/mors\/laeserbrev-omstilling-ja-men-den-skal-vaere-realistisk-retfaerdig-og-give-mennesker-tid-til-at-foelge-med\/#article","isPartOf":{"@id":"https:\/\/kunmedierne.dk\/mors\/laeserbrev-omstilling-ja-men-den-skal-vaere-realistisk-retfaerdig-og-give-mennesker-tid-til-at-foelge-med\/"},"author":{"name":"Debat","@id":"https:\/\/kunmedierne.dk\/mors\/#\/schema\/person\/84c1391bce0b43b9bb3a49736bc0ad78"},"headline":"L\u00e6serbrev: &#8220;Omstilling ja. Men den skal v\u00e6re realistisk, retf\u00e6rdig og give mennesker tid til at f\u00f8lge med&#8221;","datePublished":"2026-08-31T07:11:27+00:00","mainEntityOfPage":{"@id":"https:\/\/kunmedierne.dk\/mors\/laeserbrev-omstilling-ja-men-den-skal-vaere-realistisk-retfaerdig-og-give-mennesker-tid-til-at-foelge-med\/"},"wordCount":320,"publisher":{"@id":"https:\/\/kunmedierne.dk\/mors\/#organization"},"articleSection":["Debat","Lokalt"],"inLanguage":"da-DK"},{"@type":"WebPage","@id":"https:\/\/kunmedierne.dk\/mors\/laeserbrev-omstilling-ja-men-den-skal-vaere-realistisk-retfaerdig-og-give-mennesker-tid-til-at-foelge-med\/","url":"https:\/\/kunmedierne.dk\/mors\/laeserbrev-omstilling-ja-men-den-skal-vaere-realistisk-retfaerdig-og-give-mennesker-tid-til-at-foelge-med\/","name":"L\u00e6serbrev: \"Omstilling ja. Men den skal v\u00e6re realistisk, retf\u00e6rdig og give mennesker tid til at f\u00f8lge med\" - Mors","isPartOf":{"@id":"https:\/\/kunmedierne.dk\/mors\/#website"},"datePublished":"2026-08-31T07:11:27+00:00","breadcrumb":{"@id":"https:\/\/kunmedierne.dk\/mors\/laeserbrev-omstilling-ja-men-den-skal-vaere-realistisk-retfaerdig-og-give-mennesker-tid-til-at-foelge-med\/#breadcrumb"},"inLanguage":"da-DK","potentialAction":[{"@type":"ReadAction","target":["https:\/\/kunmedierne.dk\/mors\/laeserbrev-omstilling-ja-men-den-skal-vaere-realistisk-retfaerdig-og-give-mennesker-tid-til-at-foelge-med\/"]}]},{"@type":"BreadcrumbList","@id":"https:\/\/kunmedierne.dk\/mors\/laeserbrev-omstilling-ja-men-den-skal-vaere-realistisk-retfaerdig-og-give-mennesker-tid-til-at-foelge-med\/#breadcrumb","itemListElement":[{"@type":"ListItem","position":1,"name":"Hjem","item":"https:\/\/kunmedierne.dk\/mors\/"},{"@type":"ListItem","position":2,"name":"L\u00e6serbrev: &#8220;Omstilling ja. Men den skal v\u00e6re realistisk, retf\u00e6rdig og give mennesker tid til at f\u00f8lge med&#8221;"}]},{"@type":"WebSite","@id":"https:\/\/kunmedierne.dk\/mors\/#website","url":"https:\/\/kunmedierne.dk\/mors\/","name":"Mors","description":"et netmedie med journalistik om livet p\u00e5 Mors","publisher":{"@id":"https:\/\/kunmedierne.dk\/mors\/#organization"},"potentialAction":[{"@type":"SearchAction","target":{"@type":"EntryPoint","urlTemplate":"https:\/\/kunmedierne.dk\/mors\/?s={search_term_string}"},"query-input":{"@type":"PropertyValueSpecification","valueRequired":true,"valueName":"search_term_string"}}],"inLanguage":"da-DK"},{"@type":"Organization","@id":"https:\/\/kunmedierne.dk\/mors\/#organization","name":"Mors","url":"https:\/\/kunmedierne.dk\/mors\/","logo":{"@type":"ImageObject","inLanguage":"da-DK","@id":"https:\/\/kunmedierne.dk\/mors\/#\/schema\/logo\/image\/","url":"https:\/\/kunmedierne.dk\/mors\/wp-content\/uploads\/2024\/08\/kunmors-logo.svg","contentUrl":"https:\/\/kunmedierne.dk\/mors\/wp-content\/uploads\/2024\/08\/kunmors-logo.svg","caption":"Mors"},"image":{"@id":"https:\/\/kunmedierne.dk\/mors\/#\/schema\/logo\/image\/"}},{"@type":"Person","@id":"https:\/\/kunmedierne.dk\/mors\/#\/schema\/person\/84c1391bce0b43b9bb3a49736bc0ad78","name":"Debat","image":{"@type":"ImageObject","inLanguage":"da-DK","@id":"https:\/\/secure.gravatar.com\/avatar\/b0fb2e221d618f7c65162ab0d49c7e8a0b580c871ca03af90e42b47b4150654c?s=96&d=mm&r=g","url":"https:\/\/secure.gravatar.com\/avatar\/b0fb2e221d618f7c65162ab0d49c7e8a0b580c871ca03af90e42b47b4150654c?s=96&d=mm&r=g","contentUrl":"https:\/\/secure.gravatar.com\/avatar\/b0fb2e221d618f7c65162ab0d49c7e8a0b580c871ca03af90e42b47b4150654c?s=96&d=mm&r=g","caption":"Debat"},"url":"https:\/\/kunmedierne.dk\/mors\/author\/debat\/"}]}},"_links":{"self":[{"href":"https:\/\/kunmedierne.dk\/mors\/wp-json\/wp\/v2\/posts\/180638","targetHints":{"allow":["GET"]}}],"collection":[{"href":"https:\/\/kunmedierne.dk\/mors\/wp-json\/wp\/v2\/posts"}],"about":[{"href":"https:\/\/kunmedierne.dk\/mors\/wp-json\/wp\/v2\/types\/post"}],"author":[{"embeddable":true,"href":"https:\/\/kunmedierne.dk\/mors\/wp-json\/wp\/v2\/users\/11"}],"replies":[{"embeddable":true,"href":"https:\/\/kunmedierne.dk\/mors\/wp-json\/wp\/v2\/comments?post=180638"}],"version-history":[{"count":5,"href":"https:\/\/kunmedierne.dk\/mors\/wp-json\/wp\/v2\/posts\/180638\/revisions"}],"predecessor-version":[{"id":180644,"href":"https:\/\/kunmedierne.dk\/mors\/wp-json\/wp\/v2\/posts\/180638\/revisions\/180644"}],"wp:attachment":[{"href":"https:\/\/kunmedierne.dk\/mors\/wp-json\/wp\/v2\/media?parent=180638"}],"wp:term":[{"taxonomy":"category","embeddable":true,"href":"https:\/\/kunmedierne.dk\/mors\/wp-json\/wp\/v2\/categories?post=180638"},{"taxonomy":"post_tag","embeddable":true,"href":"https:\/\/kunmedierne.dk\/mors\/wp-json\/wp\/v2\/tags?post=180638"}],"curies":[{"name":"wp","href":"https:\/\/api.w.org\/{rel}","templated":true}]}}