{"id":18002,"date":"2020-04-15T16:21:51","date_gmt":"2020-04-15T14:21:51","guid":{"rendered":"https:\/\/kunmedierne.dk\/mors\/?p=18002"},"modified":"2024-08-12T14:06:14","modified_gmt":"2024-08-12T12:06:14","slug":"dispensation-til-ny-cafeejer-men","status":"publish","type":"post","link":"https:\/\/kunmedierne.dk\/mors\/dispensation-til-ny-cafeejer-men\/","title":{"rendered":"Dispensation til ny caf\u00e9ejer &#8211; men&#8230;"},"content":{"rendered":"<p><strong>NYK\u00d8BING:\u00a0<\/strong>Et slag er vundet, men et nyt kan vente forude for caf\u00e9ejer Thomas Schlichting.<\/p>\n<p>Som omtalt p\u00e5 KunMors i <a href=\"https:\/\/kunmedierne.dk\/mors\/ny-bistro-paa-vej-paa-lilletorv-i-nykoebing\/\" target=\"_blank\" rel=\"noopener noreferrer\">februar<\/a> er han p\u00e5 vej til at \u00e5bne en kombineret bistro og caf\u00e9 p\u00e5 Lilletorv, hvor lokalerne i mere end to \u00e5r har st\u00e5et tomme.<\/p>\n<p>Planerne om at opgradere toiletforholdene for caf\u00e9ens kunder har dog siden givet udfordringer, for det har vist sig, at et toilet i stueetagen ikke uden videre kan indrettes, s\u00e5 det ogs\u00e5 er muligt at bruge for k\u00f8restolsbrugere.<\/p>\n<p>Derfor har Thomas Schlichting m\u00e5ttet s\u00f8ge dispensation om at bygge et mindre toilet &#8211; og den kom i dag.<\/p>\n<p>P\u00e5 onsdagens m\u00f8de i udvalget for teknik og milj\u00f8 l\u00f8d begrundelsen, at &#8220;det ans\u00f8gte toilet tilgodeser behovet for en stor gruppe handicappede, arbejdsmilj\u00f8et og hensynet til serveringsarealet og h\u00f8ringssvarene fra flertallet af medlemmerne i Handicapr\u00e5det.&#8221;<\/p>\n<p>Udvalgsmedlem Anja Birch Als\u00f8er (V) uddyber motivationen for at give dispensation:<\/p>\n<p>&#8220;Mange har jo handicap uden at sidde i k\u00f8restol. S\u00e5 hvis tre fjerdedele ikke g\u00f8r, m\u00e5 det alt andet lige ogs\u00e5 v\u00e6re i deres interesse,&#8221; siger hun efter f\u00f8rst at have formuleret et \u00f8nske om, at kommunen skal v\u00e6re erhvervsvenlig &#8211; ogs\u00e5 over for enkeltmandsvirksomheder.<\/p>\n<p>&#8220;S\u00e5 vi \u00f8nsker fra udvalgets side at give ham den dispensation vel vidende, at den kan ende i Ankestyrelsen,&#8221; siger hun.<\/p>\n<p>&nbsp;<\/p>\n<p><strong>Kan blive langvarig aff\u00e6re<\/strong><\/p>\n<p>Det er nemlig sagens ubekendte faktor: Det er ikke nok, at de lokale politikere bevilger dispensation til et toilet, der ikke er egnet til k\u00f8restolsbrugere. Det Centrale Handicapr\u00e5d kan ende med at sende sagen til Ankestyrelsen &#8211; ogs\u00e5 selv om lokale handicaporganisationer bakker op om dispensationen.<\/p>\n<p>Det bekr\u00e6fter formanden for Handicapr\u00e5det i Mors\u00f8 Kommune. Og Peter Therkildsen, der ogs\u00e5 sidder i kommunalbestyrelsen for Venstre, nuancerer endda billedet af, at et flertal i det lokale handicapr\u00e5d anbefaler en dispensation.<\/p>\n<p>&#8220;Vi ved ikke, om der er flertal. Organisationerne har sagt, at de ud fra nogle principielle grunde ikke vil v\u00e6re med til at give dispensation,&#8221; siger han og tilf\u00f8jer, at sp\u00f8rgsm\u00e5let ikke er dr\u00f8ftet i samme flok, men med skriftlige voteringer med forskellige indstillinger.<\/p>\n<p>Og han bekr\u00e6fter, at sagen ikke n\u00f8dvendigvis slutter med den lokale dispensation.<\/p>\n<p>&#8220;I sidste ende kan den ende i Ankestyrelsen, og s\u00e5 bliver det en langvarig aff\u00e6re,&#8221; siger han.<\/p>\n<p>&nbsp;<\/p>\n<p><strong>Er slet ikke overrasket<\/strong><\/p>\n<p>Hans egen n\u00e6stformand i det lokale handicapr\u00e5d er da heller ikke tilfreds med dagens beslutning.<\/p>\n<p>&#8220;Det undrer mig sgu ikke,&#8221; udbryder\u00a0Elly Duus Bloch, da hun bliver fortalt om dispensationen fra udvalget for teknik og milj\u00f8.<\/p>\n<p>&#8220;Jeg bor p\u00e5 Mors, og der kan man jo n\u00e6sten f\u00e5 dispensation til hvad som helst, s\u00e5 det undrer mig ikke, at man har givet det. Men normalt laver man jo love i dette land for, at de skal holdes,&#8221; tilf\u00f8jer hun.<\/p>\n<p>Elly Duus Bloch,\u00a0der repr\u00e6senterer Osteoporoseforeningen, p\u00e5peger, at b\u00e5de hun og Poul Olsen, sekret\u00e6r i Mors\u00f8 Kommunes handicapr\u00e5d, har vendt tommelfingeren nedad for dispensation. Og hun undrer sig over, at deres svar ikke var nok i sig selv.<\/p>\n<p>&#8220;Det virker p\u00e5 mig, som om politikerne fors\u00f8ger at t\u00f8rre beslutningen af p\u00e5 andre ogs\u00e5,&#8221; siger hun, men understreger, at hun ikke ved, hvad politikerne har f\u00e5et af svar fra andre end hende og Poul Poulsen.<\/p>\n<p>&nbsp;<\/p>\n<p><strong>Indt\u00e6gt vigtigere end hensyn<\/strong><\/p>\n<p>Til geng\u00e6ld er hun sikker p\u00e5, at k\u00f8restolsbrugere med den givne dispensation f\u00e5r en udfordring, n\u00e5r de under et bes\u00f8g p\u00e5 den kommende caf\u00e9 f\u00e5r brug for at komme p\u00e5 toilettet.<\/p>\n<p>&#8220;De kan jo trille hen til det n\u00e6rmeste offentlige toilet, men s\u00e5 skal de bare trille i god tid, s\u00e5 det ikke bliver rigtig kriminelt for dem inden,&#8221; siger hun.<\/p>\n<p>Samtidig undrer hun sig over, at caf\u00e9ens ejer ikke tager skridtet fuld ud, n\u00e5r han nu alligevel har besluttet at bygge et nyt toilet i stueetagen frem for at beholde det eksisterende i underetagen.<\/p>\n<p>&#8220;Det kan godt v\u00e6re, at det ikke er s\u00e6rligt sp\u00e6ndende at skulle ned ad trappen. Men nu har han jo \u00e5benbart besluttet at v\u00e6re kundevenlig og lave et toilet i stueetagen, s\u00e5 hvorfor ikke bare g\u00f8re det en halv meter bredere? S\u00e5 ville en k\u00f8restolsbruger kunne bruge det,&#8221; siger hun.<\/p>\n<p>&#8220;Men det g\u00e5r jo ud over indtjeningen, og det er \u00e5benbart vigtigere, end at en handicappet kan komme p\u00e5 toilettet,&#8221; siger hun.<\/p>\n<p>&nbsp;<\/p>\n<p><strong>18 ud af 42 pladser vil forsvinde<\/strong><\/p>\n<p>Men hvad siger hovedpersonen selv? Thomas Schlichting er f\u00f8rst og fremmest tilfreds med dispensationen &#8211; og selv om han ved, at den ikke n\u00f8dvendigvis er sidste ord i sagen, s\u00e6tter han straks byggeriet af det forsinkede toilet i gang.<\/p>\n<p>&#8220;Jeg vil lave et toilet, og hvis jeg s\u00e5 f\u00e5r uret i det senere, m\u00e5 det blive lavet om til et personaletoilet eller et depotrum,&#8221; siger han og p\u00e5peger, at b\u00e5de politikere og repr\u00e6sentanter fra handicaporganisationer har sagt god for l\u00f8sningen.<\/p>\n<p>&#8220;Og jeg tror egentlig ogs\u00e5, at mine kunder gerne vil have det s\u00e5dan,&#8221; siger han.<\/p>\n<p>Thomas Schlichting \u00f8nsker ikke at kommentere direkte p\u00e5 muligheden for, at sagen ender i Ankestyrelsen &#8211; men han understreger, at han vil overholde alle regler og respektere senere meldinger.<\/p>\n<p>&#8220;Og det er beklageligt, at der ikke er plads til et handicaptoilet. Der er helt inderst inde ikke noget, jeg hellere vil lave. Men jeg kan bare ikke l\u00f8se det, som det er,&#8221; siger han og s\u00e6tter tal p\u00e5 tabet af pladser til g\u00e6ster i caf\u00e9en, hvis han skulle g\u00f8re toilettet stort nok til k\u00f8restolsbrugere.<\/p>\n<p>&#8220;Det vil betyde, at 18 ud af 42 pladser forsvinder &#8211; og det er lavt sat,&#8221; siger han.<\/p>\n<p>&#8220;Det er ikke selve omkostningerne ved at lave toilettet, der er et problem. Dem kunne man jo nok komme over. Men jeg mister forretningsgrundlaget ved at g\u00f8re det,&#8221; siger han.<\/p>\n<p>&nbsp;<\/p>\n<p><strong>H\u00e5ber at v\u00e6re klar efter coronakrisen<\/strong><\/p>\n<p>Derfor er han ogs\u00e5 lettet over dagens politiske beslutning.<\/p>\n<p>&#8220;Det er dejligt at komme et skridt fremad. Det har jo st\u00e5et lidt stille. Nu ved jeg s\u00e5 godt, at der ogs\u00e5 er noget andet (coronakrisen, red.), der g\u00f8r, at det st\u00e5r stille, men omvendt vil vi jo ogs\u00e5 rigtig gerne v\u00e6re klar, n\u00e5r samfundet \u00e5bner igen, og folk skal ud og fejre det,&#8221; siger han om caf\u00e9ens h\u00e5bede \u00e5bning til sommer.<\/p>\n<p>Samtidig h\u00e5ber han at f\u00e5 bes\u00f8g af repr\u00e6sentanter fra de lokale handicaporganisationer, s\u00e5 de kan se caf\u00e9en indefra og nemmere visualisere udfordringen med et st\u00f8rre toilet.<\/p>\n<p>&#8220;Der var i hvert fald ikke nogle af de lokale politikere, der var i tvivl om, hvordan sagen skulle falde ud, da de s\u00e5 det,&#8221; siger Thomas Schlichting.<\/p>\n","protected":false},"excerpt":{"rendered":"<p>NYK\u00d8BING:\u00a0Et slag er vundet, men et nyt kan vente forude for caf\u00e9ejer Thomas Schlichting. Som omtalt p\u00e5 KunMors i februar er han p\u00e5 vej til at \u00e5bne en kombineret bistro og caf\u00e9 p\u00e5 Lilletorv, hvor lokalerne i mere end to \u00e5r har st\u00e5et tomme. Planerne om at opgradere toiletforholdene for caf\u00e9ens kunder har dog siden [&hellip;]<\/p>\n","protected":false},"author":8,"featured_media":18005,"comment_status":"open","ping_status":"open","sticky":false,"template":"","format":"standard","meta":{"_acf_changed":false,"footnotes":""},"categories":[51],"tags":[159],"class_list":["post-18002","post","type-post","status-publish","format-standard","has-post-thumbnail","hentry","category-lokalt","tag-erhverv"],"acf":[],"yoast_head":"<!-- This site is optimized with the Yoast SEO plugin v26.8 - https:\/\/yoast.com\/product\/yoast-seo-wordpress\/ -->\n<title>Dispensation til ny caf\u00e9ejer - men... - Mors<\/title>\n<meta name=\"robots\" content=\"index, follow, max-snippet:-1, max-image-preview:large, max-video-preview:-1\" \/>\n<link rel=\"canonical\" href=\"https:\/\/kunmedierne.dk\/mors\/dispensation-til-ny-cafeejer-men\/\" \/>\n<meta property=\"og:locale\" content=\"da_DK\" \/>\n<meta property=\"og:type\" content=\"article\" \/>\n<meta property=\"og:title\" content=\"Dispensation til ny caf\u00e9ejer - men... - Mors\" \/>\n<meta property=\"og:description\" content=\"NYK\u00d8BING:\u00a0Et slag er vundet, men et nyt kan vente forude for caf\u00e9ejer Thomas Schlichting. Som omtalt p\u00e5 KunMors i februar er han p\u00e5 vej til at \u00e5bne en kombineret bistro og caf\u00e9 p\u00e5 Lilletorv, hvor lokalerne i mere end to \u00e5r har st\u00e5et tomme. Planerne om at opgradere toiletforholdene for caf\u00e9ens kunder har dog siden [&hellip;]\" \/>\n<meta property=\"og:url\" content=\"https:\/\/kunmedierne.dk\/mors\/dispensation-til-ny-cafeejer-men\/\" \/>\n<meta property=\"og:site_name\" content=\"Mors\" \/>\n<meta property=\"article:published_time\" content=\"2020-04-15T14:21:51+00:00\" \/>\n<meta property=\"article:modified_time\" content=\"2024-08-12T12:06:14+00:00\" \/>\n<meta property=\"og:image\" content=\"https:\/\/kunmedierne.dk\/mors\/wp-content\/uploads\/2020\/04\/200211-lilletorv3.jpg\" \/>\n\t<meta property=\"og:image:width\" content=\"770\" \/>\n\t<meta property=\"og:image:height\" content=\"513\" \/>\n\t<meta property=\"og:image:type\" content=\"image\/jpeg\" \/>\n<meta name=\"author\" content=\"David H\u00f8jmark\" \/>\n<meta name=\"twitter:card\" content=\"summary_large_image\" \/>\n<meta name=\"twitter:label1\" content=\"Skrevet af\" \/>\n\t<meta name=\"twitter:data1\" content=\"David H\u00f8jmark\" \/>\n\t<meta name=\"twitter:label2\" content=\"Estimeret l\u00e6setid\" \/>\n\t<meta name=\"twitter:data2\" content=\"6 minutter\" \/>\n<script type=\"application\/ld+json\" class=\"yoast-schema-graph\">{\"@context\":\"https:\/\/schema.org\",\"@graph\":[{\"@type\":\"Article\",\"@id\":\"https:\/\/kunmedierne.dk\/mors\/dispensation-til-ny-cafeejer-men\/#article\",\"isPartOf\":{\"@id\":\"https:\/\/kunmedierne.dk\/mors\/dispensation-til-ny-cafeejer-men\/\"},\"author\":{\"name\":\"David H\u00f8jmark\",\"@id\":\"https:\/\/kunmedierne.dk\/mors\/#\/schema\/person\/5fe23251bf1d0abbcdc6f7896579d548\"},\"headline\":\"Dispensation til ny caf\u00e9ejer &#8211; men&#8230;\",\"datePublished\":\"2020-04-15T14:21:51+00:00\",\"dateModified\":\"2024-08-12T12:06:14+00:00\",\"mainEntityOfPage\":{\"@id\":\"https:\/\/kunmedierne.dk\/mors\/dispensation-til-ny-cafeejer-men\/\"},\"wordCount\":1160,\"commentCount\":0,\"publisher\":{\"@id\":\"https:\/\/kunmedierne.dk\/mors\/#organization\"},\"image\":{\"@id\":\"https:\/\/kunmedierne.dk\/mors\/dispensation-til-ny-cafeejer-men\/#primaryimage\"},\"thumbnailUrl\":\"https:\/\/kunmedierne.dk\/mors\/wp-content\/uploads\/2020\/04\/200211-lilletorv3.jpg\",\"keywords\":[\"Erhverv\"],\"articleSection\":[\"Lokalt\"],\"inLanguage\":\"da-DK\",\"potentialAction\":[{\"@type\":\"CommentAction\",\"name\":\"Comment\",\"target\":[\"https:\/\/kunmedierne.dk\/mors\/dispensation-til-ny-cafeejer-men\/#respond\"]}]},{\"@type\":\"WebPage\",\"@id\":\"https:\/\/kunmedierne.dk\/mors\/dispensation-til-ny-cafeejer-men\/\",\"url\":\"https:\/\/kunmedierne.dk\/mors\/dispensation-til-ny-cafeejer-men\/\",\"name\":\"Dispensation til ny caf\u00e9ejer - men... - Mors\",\"isPartOf\":{\"@id\":\"https:\/\/kunmedierne.dk\/mors\/#website\"},\"primaryImageOfPage\":{\"@id\":\"https:\/\/kunmedierne.dk\/mors\/dispensation-til-ny-cafeejer-men\/#primaryimage\"},\"image\":{\"@id\":\"https:\/\/kunmedierne.dk\/mors\/dispensation-til-ny-cafeejer-men\/#primaryimage\"},\"thumbnailUrl\":\"https:\/\/kunmedierne.dk\/mors\/wp-content\/uploads\/2020\/04\/200211-lilletorv3.jpg\",\"datePublished\":\"2020-04-15T14:21:51+00:00\",\"dateModified\":\"2024-08-12T12:06:14+00:00\",\"breadcrumb\":{\"@id\":\"https:\/\/kunmedierne.dk\/mors\/dispensation-til-ny-cafeejer-men\/#breadcrumb\"},\"inLanguage\":\"da-DK\",\"potentialAction\":[{\"@type\":\"ReadAction\",\"target\":[\"https:\/\/kunmedierne.dk\/mors\/dispensation-til-ny-cafeejer-men\/\"]}]},{\"@type\":\"ImageObject\",\"inLanguage\":\"da-DK\",\"@id\":\"https:\/\/kunmedierne.dk\/mors\/dispensation-til-ny-cafeejer-men\/#primaryimage\",\"url\":\"https:\/\/kunmedierne.dk\/mors\/wp-content\/uploads\/2020\/04\/200211-lilletorv3.jpg\",\"contentUrl\":\"https:\/\/kunmedierne.dk\/mors\/wp-content\/uploads\/2020\/04\/200211-lilletorv3.jpg\",\"width\":770,\"height\":513,\"caption\":\"Disse tomme lokaler bliver snart fyldt op. Men st\u00f8rrelsen p\u00e5 toilettet har givet udfordringer. Foto: David H\u00f8jmark.\"},{\"@type\":\"BreadcrumbList\",\"@id\":\"https:\/\/kunmedierne.dk\/mors\/dispensation-til-ny-cafeejer-men\/#breadcrumb\",\"itemListElement\":[{\"@type\":\"ListItem\",\"position\":1,\"name\":\"Hjem\",\"item\":\"https:\/\/kunmedierne.dk\/mors\/\"},{\"@type\":\"ListItem\",\"position\":2,\"name\":\"Dispensation til ny caf\u00e9ejer &#8211; men&#8230;\"}]},{\"@type\":\"WebSite\",\"@id\":\"https:\/\/kunmedierne.dk\/mors\/#website\",\"url\":\"https:\/\/kunmedierne.dk\/mors\/\",\"name\":\"Mors\",\"description\":\"et netmedie med journalistik om livet p\u00e5 Mors\",\"publisher\":{\"@id\":\"https:\/\/kunmedierne.dk\/mors\/#organization\"},\"potentialAction\":[{\"@type\":\"SearchAction\",\"target\":{\"@type\":\"EntryPoint\",\"urlTemplate\":\"https:\/\/kunmedierne.dk\/mors\/?s={search_term_string}\"},\"query-input\":{\"@type\":\"PropertyValueSpecification\",\"valueRequired\":true,\"valueName\":\"search_term_string\"}}],\"inLanguage\":\"da-DK\"},{\"@type\":\"Organization\",\"@id\":\"https:\/\/kunmedierne.dk\/mors\/#organization\",\"name\":\"Mors\",\"url\":\"https:\/\/kunmedierne.dk\/mors\/\",\"logo\":{\"@type\":\"ImageObject\",\"inLanguage\":\"da-DK\",\"@id\":\"https:\/\/kunmedierne.dk\/mors\/#\/schema\/logo\/image\/\",\"url\":\"https:\/\/kunmedierne.dk\/mors\/wp-content\/uploads\/2024\/08\/kunmors-logo.svg\",\"contentUrl\":\"https:\/\/kunmedierne.dk\/mors\/wp-content\/uploads\/2024\/08\/kunmors-logo.svg\",\"caption\":\"Mors\"},\"image\":{\"@id\":\"https:\/\/kunmedierne.dk\/mors\/#\/schema\/logo\/image\/\"}},{\"@type\":\"Person\",\"@id\":\"https:\/\/kunmedierne.dk\/mors\/#\/schema\/person\/5fe23251bf1d0abbcdc6f7896579d548\",\"name\":\"David H\u00f8jmark\",\"image\":{\"@type\":\"ImageObject\",\"inLanguage\":\"da-DK\",\"@id\":\"https:\/\/kunmedierne.dk\/mors\/#\/schema\/person\/image\/\",\"url\":\"https:\/\/secure.gravatar.com\/avatar\/4315d6fb9ef244d729989f5f90268eb08d5bf8a3d84402f595fa194bb35784fd?s=96&d=mm&r=g\",\"contentUrl\":\"https:\/\/secure.gravatar.com\/avatar\/4315d6fb9ef244d729989f5f90268eb08d5bf8a3d84402f595fa194bb35784fd?s=96&d=mm&r=g\",\"caption\":\"David H\u00f8jmark\"},\"sameAs\":[\"https:\/\/www.kunmedierne.dk\"],\"url\":\"https:\/\/kunmedierne.dk\/mors\/author\/david\/\"}]}<\/script>\n<!-- \/ Yoast SEO plugin. -->","yoast_head_json":{"title":"Dispensation til ny caf\u00e9ejer - men... - Mors","robots":{"index":"index","follow":"follow","max-snippet":"max-snippet:-1","max-image-preview":"max-image-preview:large","max-video-preview":"max-video-preview:-1"},"canonical":"https:\/\/kunmedierne.dk\/mors\/dispensation-til-ny-cafeejer-men\/","og_locale":"da_DK","og_type":"article","og_title":"Dispensation til ny caf\u00e9ejer - men... - Mors","og_description":"NYK\u00d8BING:\u00a0Et slag er vundet, men et nyt kan vente forude for caf\u00e9ejer Thomas Schlichting. Som omtalt p\u00e5 KunMors i februar er han p\u00e5 vej til at \u00e5bne en kombineret bistro og caf\u00e9 p\u00e5 Lilletorv, hvor lokalerne i mere end to \u00e5r har st\u00e5et tomme. Planerne om at opgradere toiletforholdene for caf\u00e9ens kunder har dog siden [&hellip;]","og_url":"https:\/\/kunmedierne.dk\/mors\/dispensation-til-ny-cafeejer-men\/","og_site_name":"Mors","article_published_time":"2020-04-15T14:21:51+00:00","article_modified_time":"2024-08-12T12:06:14+00:00","og_image":[{"width":770,"height":513,"url":"https:\/\/kunmedierne.dk\/mors\/wp-content\/uploads\/2020\/04\/200211-lilletorv3.jpg","type":"image\/jpeg"}],"author":"David H\u00f8jmark","twitter_card":"summary_large_image","twitter_misc":{"Skrevet af":"David H\u00f8jmark","Estimeret l\u00e6setid":"6 minutter"},"schema":{"@context":"https:\/\/schema.org","@graph":[{"@type":"Article","@id":"https:\/\/kunmedierne.dk\/mors\/dispensation-til-ny-cafeejer-men\/#article","isPartOf":{"@id":"https:\/\/kunmedierne.dk\/mors\/dispensation-til-ny-cafeejer-men\/"},"author":{"name":"David H\u00f8jmark","@id":"https:\/\/kunmedierne.dk\/mors\/#\/schema\/person\/5fe23251bf1d0abbcdc6f7896579d548"},"headline":"Dispensation til ny caf\u00e9ejer &#8211; men&#8230;","datePublished":"2020-04-15T14:21:51+00:00","dateModified":"2024-08-12T12:06:14+00:00","mainEntityOfPage":{"@id":"https:\/\/kunmedierne.dk\/mors\/dispensation-til-ny-cafeejer-men\/"},"wordCount":1160,"commentCount":0,"publisher":{"@id":"https:\/\/kunmedierne.dk\/mors\/#organization"},"image":{"@id":"https:\/\/kunmedierne.dk\/mors\/dispensation-til-ny-cafeejer-men\/#primaryimage"},"thumbnailUrl":"https:\/\/kunmedierne.dk\/mors\/wp-content\/uploads\/2020\/04\/200211-lilletorv3.jpg","keywords":["Erhverv"],"articleSection":["Lokalt"],"inLanguage":"da-DK","potentialAction":[{"@type":"CommentAction","name":"Comment","target":["https:\/\/kunmedierne.dk\/mors\/dispensation-til-ny-cafeejer-men\/#respond"]}]},{"@type":"WebPage","@id":"https:\/\/kunmedierne.dk\/mors\/dispensation-til-ny-cafeejer-men\/","url":"https:\/\/kunmedierne.dk\/mors\/dispensation-til-ny-cafeejer-men\/","name":"Dispensation til ny caf\u00e9ejer - men... - Mors","isPartOf":{"@id":"https:\/\/kunmedierne.dk\/mors\/#website"},"primaryImageOfPage":{"@id":"https:\/\/kunmedierne.dk\/mors\/dispensation-til-ny-cafeejer-men\/#primaryimage"},"image":{"@id":"https:\/\/kunmedierne.dk\/mors\/dispensation-til-ny-cafeejer-men\/#primaryimage"},"thumbnailUrl":"https:\/\/kunmedierne.dk\/mors\/wp-content\/uploads\/2020\/04\/200211-lilletorv3.jpg","datePublished":"2020-04-15T14:21:51+00:00","dateModified":"2024-08-12T12:06:14+00:00","breadcrumb":{"@id":"https:\/\/kunmedierne.dk\/mors\/dispensation-til-ny-cafeejer-men\/#breadcrumb"},"inLanguage":"da-DK","potentialAction":[{"@type":"ReadAction","target":["https:\/\/kunmedierne.dk\/mors\/dispensation-til-ny-cafeejer-men\/"]}]},{"@type":"ImageObject","inLanguage":"da-DK","@id":"https:\/\/kunmedierne.dk\/mors\/dispensation-til-ny-cafeejer-men\/#primaryimage","url":"https:\/\/kunmedierne.dk\/mors\/wp-content\/uploads\/2020\/04\/200211-lilletorv3.jpg","contentUrl":"https:\/\/kunmedierne.dk\/mors\/wp-content\/uploads\/2020\/04\/200211-lilletorv3.jpg","width":770,"height":513,"caption":"Disse tomme lokaler bliver snart fyldt op. Men st\u00f8rrelsen p\u00e5 toilettet har givet udfordringer. Foto: David H\u00f8jmark."},{"@type":"BreadcrumbList","@id":"https:\/\/kunmedierne.dk\/mors\/dispensation-til-ny-cafeejer-men\/#breadcrumb","itemListElement":[{"@type":"ListItem","position":1,"name":"Hjem","item":"https:\/\/kunmedierne.dk\/mors\/"},{"@type":"ListItem","position":2,"name":"Dispensation til ny caf\u00e9ejer &#8211; men&#8230;"}]},{"@type":"WebSite","@id":"https:\/\/kunmedierne.dk\/mors\/#website","url":"https:\/\/kunmedierne.dk\/mors\/","name":"Mors","description":"et netmedie med journalistik om livet p\u00e5 Mors","publisher":{"@id":"https:\/\/kunmedierne.dk\/mors\/#organization"},"potentialAction":[{"@type":"SearchAction","target":{"@type":"EntryPoint","urlTemplate":"https:\/\/kunmedierne.dk\/mors\/?s={search_term_string}"},"query-input":{"@type":"PropertyValueSpecification","valueRequired":true,"valueName":"search_term_string"}}],"inLanguage":"da-DK"},{"@type":"Organization","@id":"https:\/\/kunmedierne.dk\/mors\/#organization","name":"Mors","url":"https:\/\/kunmedierne.dk\/mors\/","logo":{"@type":"ImageObject","inLanguage":"da-DK","@id":"https:\/\/kunmedierne.dk\/mors\/#\/schema\/logo\/image\/","url":"https:\/\/kunmedierne.dk\/mors\/wp-content\/uploads\/2024\/08\/kunmors-logo.svg","contentUrl":"https:\/\/kunmedierne.dk\/mors\/wp-content\/uploads\/2024\/08\/kunmors-logo.svg","caption":"Mors"},"image":{"@id":"https:\/\/kunmedierne.dk\/mors\/#\/schema\/logo\/image\/"}},{"@type":"Person","@id":"https:\/\/kunmedierne.dk\/mors\/#\/schema\/person\/5fe23251bf1d0abbcdc6f7896579d548","name":"David H\u00f8jmark","image":{"@type":"ImageObject","inLanguage":"da-DK","@id":"https:\/\/kunmedierne.dk\/mors\/#\/schema\/person\/image\/","url":"https:\/\/secure.gravatar.com\/avatar\/4315d6fb9ef244d729989f5f90268eb08d5bf8a3d84402f595fa194bb35784fd?s=96&d=mm&r=g","contentUrl":"https:\/\/secure.gravatar.com\/avatar\/4315d6fb9ef244d729989f5f90268eb08d5bf8a3d84402f595fa194bb35784fd?s=96&d=mm&r=g","caption":"David H\u00f8jmark"},"sameAs":["https:\/\/www.kunmedierne.dk"],"url":"https:\/\/kunmedierne.dk\/mors\/author\/david\/"}]}},"_links":{"self":[{"href":"https:\/\/kunmedierne.dk\/mors\/wp-json\/wp\/v2\/posts\/18002","targetHints":{"allow":["GET"]}}],"collection":[{"href":"https:\/\/kunmedierne.dk\/mors\/wp-json\/wp\/v2\/posts"}],"about":[{"href":"https:\/\/kunmedierne.dk\/mors\/wp-json\/wp\/v2\/types\/post"}],"author":[{"embeddable":true,"href":"https:\/\/kunmedierne.dk\/mors\/wp-json\/wp\/v2\/users\/8"}],"replies":[{"embeddable":true,"href":"https:\/\/kunmedierne.dk\/mors\/wp-json\/wp\/v2\/comments?post=18002"}],"version-history":[{"count":7,"href":"https:\/\/kunmedierne.dk\/mors\/wp-json\/wp\/v2\/posts\/18002\/revisions"}],"predecessor-version":[{"id":18010,"href":"https:\/\/kunmedierne.dk\/mors\/wp-json\/wp\/v2\/posts\/18002\/revisions\/18010"}],"wp:featuredmedia":[{"embeddable":true,"href":"https:\/\/kunmedierne.dk\/mors\/wp-json\/wp\/v2\/media\/18005"}],"wp:attachment":[{"href":"https:\/\/kunmedierne.dk\/mors\/wp-json\/wp\/v2\/media?parent=18002"}],"wp:term":[{"taxonomy":"category","embeddable":true,"href":"https:\/\/kunmedierne.dk\/mors\/wp-json\/wp\/v2\/categories?post=18002"},{"taxonomy":"post_tag","embeddable":true,"href":"https:\/\/kunmedierne.dk\/mors\/wp-json\/wp\/v2\/tags?post=18002"}],"curies":[{"name":"wp","href":"https:\/\/api.w.org\/{rel}","templated":true}]}}