{"id":17854,"date":"2020-04-14T09:47:34","date_gmt":"2020-04-14T07:47:34","guid":{"rendered":"https:\/\/kunmedierne.dk\/mors\/?p=17854"},"modified":"2024-08-12T14:06:14","modified_gmt":"2024-08-12T12:06:14","slug":"sigtet-for-at-vaere-skyld-i-naturbrand-ved-oerding","status":"publish","type":"post","link":"https:\/\/kunmedierne.dk\/mors\/sigtet-for-at-vaere-skyld-i-naturbrand-ved-oerding\/","title":{"rendered":"Sigtet for at v\u00e6re skyld i naturbrand ved \u00d8rding"},"content":{"rendered":"<p><strong>\u00d8RDING<\/strong>: Som omtalt <a href=\"https:\/\/kunmedierne.dk\/mors\/rigtig-daarlig-dag-for-lokal-skunkavler\/\">mandag<\/a> m\u00e5tte Nordjyllands Beredskab to gange inden for kort tid slukke brande p\u00e5 Mors. Ogs\u00e5 den anden af de to har vist sig at f\u00f8re til en sigtelse, da politiet har sigtet en 73-\u00e5rig mand fra Thisted for ved uforsigtighed at v\u00e6re skyld i naturbranden ved at f\u00e6le pil med en motorsav.<\/p>\n<p><strong>VODSTRUP<\/strong>: Den f\u00f8rste brand, beredskabet slukkede mandag, f\u00f8rte som n\u00e6vnt mandag ogs\u00e5 til en sigtelse efter loven om euforiserende stoffer. En 55-\u00e5rig mand, der boede i huset p\u00e5 Landlystvej i Vodstrup, er sigtet for at v\u00e6re i besiddelse af 10 hampplanter og 215 gram skunk, der gik tabt i branden.<\/p>\n<p><strong>NYK\u00d8BING<\/strong>: Udhuset til Nyk\u00f8bing Mors Frikirke var i perioden mellem 8. og 12. april udsat for indbrud. Der var skabt adgang igennem en uafl\u00e5st d\u00f8r, og fra skuret blev der fjernet en Husqvarna pl\u00e6neklipper.<\/p>\n<p><strong>NYK\u00d8BING<\/strong>: I et udhus p\u00e5 Refshammervej i Nyk\u00f8bing blev der mellem fredag og l\u00f8rdag beg\u00e5et et indbrud. En eller flere gerningsm\u00e6nd kom ind ved at sparke l\u00e5sen til en garageport i stykker. Tyvekosterne bestod af en SCO damecykel, en Bosch gr\u00e6strimmer, en Makita h\u00e6kklipper og en Makita stiksav samt en lammek\u00f8lle og to islagkager &#8211; alt i alt til en v\u00e6rdi af 9000 kroner.<\/p>\n<p><strong>NYK\u00d8BING<\/strong>: Mellem 10. og 11. april blev der beg\u00e5et indbrud i en lejlighed p\u00e5 Riis All\u00e9 i Nyk\u00f8bing. Tyven var formentlig kommet ind ad hovedd\u00f8ren og gik fra stedet med en sort l\u00e6derpung med k\u00f8rekort, sygesikringsbevis og 1000 kroner i kontanter. Alt i alt til en v\u00e6rdi af 2000 kroner.<\/p>\n<p><strong>SDR. DR\u00c5BY<\/strong>: P\u00e5 Nordmorsvej cirka 100 meter vest for Feggesundvej blev en 19-\u00e5rig mand fra Thisted i fredags p\u00e5k\u00f8rt bagfra. Den 19-\u00e5rige gik i vejkanten med sin cykel, da han blev ramt af en bil p\u00e5 vej i samme retning. Den blev f\u00f8rt af en 23-\u00e5rig mand fra Nyk\u00f8bing, som efter uheldet blev udtaget til blodpr\u00f8ve for spiritusk\u00f8rsel. Den 19-\u00e5rige blev k\u00f8rt p\u00e5 Viborg Sygehus, men lokalpolitiet i Thisted kan ikke oplyse, hvor store skader han p\u00e5drog sig.<\/p>\n<p><strong>NYK\u00d8BING<\/strong>: I et arbejdsskur\/kontorvogn p\u00e5 K\u00e6rvej i Nyk\u00f8bing blev der mellem 8. og 9. april beg\u00e5et indbrud. En d\u00f8r var brudt op, men det er ikke opgjort, om noget er stj\u00e5let.<\/p>\n<p><strong>SEJERSLEV<\/strong>: Onsdag 8. april klokken 19 mistede en 44-\u00e5rig kvinde fra Mors herred\u00f8mmet over sin bil, mens hun var p\u00e5 vej i nordlig retning p\u00e5 Feggesundvej. Bilen kom over i modsatte side af vejen, hvor den rullede rundt p\u00e5 taget. Kvinden blev k\u00f8rt til tjek p\u00e5 sygehuset i Viborg.<\/p>\n<p><strong>NYK\u00d8BING<\/strong>: Onsdag 8. april kort f\u00f8r klokken 18 skete der et f\u00e6rdselsuheld p\u00e5 Vestergade i Nyk\u00f8bing. Uheldet skete p\u00e5 parkeringspladsen ved Netto, hvor en f\u00f8rer af en personbil bakkede ind i en anden personbil og k\u00f8rte derfra. Vedkommende, en 25-\u00e5rig mand fra Mors blev dog med vidners hj\u00e6lp hurtigt fundet og sigtet for at stikke af fra uheldet.<\/p>\n<p><strong>TORP<\/strong>: I et udhus p\u00e5 Lervej i Torp blev der i perioden 4.-7. april fra et uafl\u00e5st udhus stj\u00e5let to nye redningsveste, fire forskellige havesakse af m\u00e6rket Fiskars, en bl\u00e5 h\u00f8jtryksrenser og en kasse med diverse ting.<\/p>\n<p><strong>NYK\u00d8BING<\/strong>: Mellem 7. og 8. april blev der p\u00e5 Fjordvej i Nyk\u00f8bing beg\u00e5et indbrud i to BMW-personbiler. I en BMW 520 blev h\u00f8jre siderude knust, hvorefter b\u00e5de instrumentpanel og rattet blev fjernet. I den anden, en BMW 520, er der ikke tegn p\u00e5 indbrud, men et specialrat, et B&amp;O-anl\u00e6g og display til navigationsudstyr blev taget fra bilen.<\/p>\n","protected":false},"excerpt":{"rendered":"<p>\u00d8RDING: Som omtalt mandag m\u00e5tte Nordjyllands Beredskab to gange inden for kort tid slukke brande p\u00e5 Mors. Ogs\u00e5 den anden af de to har vist sig at f\u00f8re til en sigtelse, da politiet har sigtet en 73-\u00e5rig mand fra Thisted for ved uforsigtighed at v\u00e6re skyld i naturbranden ved at f\u00e6le pil med en motorsav. [&hellip;]<\/p>\n","protected":false},"author":8,"featured_media":3783,"comment_status":"open","ping_status":"open","sticky":false,"template":"","format":"standard","meta":{"_acf_changed":false,"footnotes":""},"categories":[54,51],"tags":[],"class_list":["post-17854","post","type-post","status-publish","format-standard","has-post-thumbnail","hentry","category-54","category-lokalt"],"acf":[],"yoast_head":"<!-- This site is optimized with the Yoast SEO plugin v26.8 - https:\/\/yoast.com\/product\/yoast-seo-wordpress\/ -->\n<title>Sigtet for at v\u00e6re skyld i naturbrand ved \u00d8rding - Mors<\/title>\n<meta name=\"robots\" content=\"index, follow, max-snippet:-1, max-image-preview:large, max-video-preview:-1\" \/>\n<link rel=\"canonical\" href=\"https:\/\/kunmedierne.dk\/mors\/sigtet-for-at-vaere-skyld-i-naturbrand-ved-oerding\/\" \/>\n<meta property=\"og:locale\" content=\"da_DK\" \/>\n<meta property=\"og:type\" content=\"article\" \/>\n<meta property=\"og:title\" content=\"Sigtet for at v\u00e6re skyld i naturbrand ved \u00d8rding - Mors\" \/>\n<meta property=\"og:description\" content=\"\u00d8RDING: Som omtalt mandag m\u00e5tte Nordjyllands Beredskab to gange inden for kort tid slukke brande p\u00e5 Mors. Ogs\u00e5 den anden af de to har vist sig at f\u00f8re til en sigtelse, da politiet har sigtet en 73-\u00e5rig mand fra Thisted for ved uforsigtighed at v\u00e6re skyld i naturbranden ved at f\u00e6le pil med en motorsav. [&hellip;]\" \/>\n<meta property=\"og:url\" content=\"https:\/\/kunmedierne.dk\/mors\/sigtet-for-at-vaere-skyld-i-naturbrand-ved-oerding\/\" \/>\n<meta property=\"og:site_name\" content=\"Mors\" \/>\n<meta property=\"article:published_time\" content=\"2020-04-14T07:47:34+00:00\" \/>\n<meta property=\"article:modified_time\" content=\"2024-08-12T12:06:14+00:00\" \/>\n<meta property=\"og:image\" content=\"https:\/\/kunmedierne.dk\/mors\/wp-content\/uploads\/2020\/01\/politi-uniform.jpg\" \/>\n\t<meta property=\"og:image:width\" content=\"770\" \/>\n\t<meta property=\"og:image:height\" content=\"513\" \/>\n\t<meta property=\"og:image:type\" content=\"image\/jpeg\" \/>\n<meta name=\"author\" content=\"David H\u00f8jmark\" \/>\n<meta name=\"twitter:card\" content=\"summary_large_image\" \/>\n<meta name=\"twitter:label1\" content=\"Skrevet af\" \/>\n\t<meta name=\"twitter:data1\" content=\"David H\u00f8jmark\" \/>\n\t<meta name=\"twitter:label2\" content=\"Estimeret l\u00e6setid\" \/>\n\t<meta name=\"twitter:data2\" content=\"3 minutter\" \/>\n<script type=\"application\/ld+json\" class=\"yoast-schema-graph\">{\"@context\":\"https:\/\/schema.org\",\"@graph\":[{\"@type\":\"Article\",\"@id\":\"https:\/\/kunmedierne.dk\/mors\/sigtet-for-at-vaere-skyld-i-naturbrand-ved-oerding\/#article\",\"isPartOf\":{\"@id\":\"https:\/\/kunmedierne.dk\/mors\/sigtet-for-at-vaere-skyld-i-naturbrand-ved-oerding\/\"},\"author\":{\"name\":\"David H\u00f8jmark\",\"@id\":\"https:\/\/kunmedierne.dk\/mors\/#\/schema\/person\/5fe23251bf1d0abbcdc6f7896579d548\"},\"headline\":\"Sigtet for at v\u00e6re skyld i naturbrand ved \u00d8rding\",\"datePublished\":\"2020-04-14T07:47:34+00:00\",\"dateModified\":\"2024-08-12T12:06:14+00:00\",\"mainEntityOfPage\":{\"@id\":\"https:\/\/kunmedierne.dk\/mors\/sigtet-for-at-vaere-skyld-i-naturbrand-ved-oerding\/\"},\"wordCount\":628,\"commentCount\":0,\"publisher\":{\"@id\":\"https:\/\/kunmedierne.dk\/mors\/#organization\"},\"image\":{\"@id\":\"https:\/\/kunmedierne.dk\/mors\/sigtet-for-at-vaere-skyld-i-naturbrand-ved-oerding\/#primaryimage\"},\"thumbnailUrl\":\"https:\/\/kunmedierne.dk\/mors\/wp-content\/uploads\/2020\/01\/politi-uniform.jpg\",\"articleSection\":[\"112\",\"Lokalt\"],\"inLanguage\":\"da-DK\",\"potentialAction\":[{\"@type\":\"CommentAction\",\"name\":\"Comment\",\"target\":[\"https:\/\/kunmedierne.dk\/mors\/sigtet-for-at-vaere-skyld-i-naturbrand-ved-oerding\/#respond\"]}]},{\"@type\":\"WebPage\",\"@id\":\"https:\/\/kunmedierne.dk\/mors\/sigtet-for-at-vaere-skyld-i-naturbrand-ved-oerding\/\",\"url\":\"https:\/\/kunmedierne.dk\/mors\/sigtet-for-at-vaere-skyld-i-naturbrand-ved-oerding\/\",\"name\":\"Sigtet for at v\u00e6re skyld i naturbrand ved \u00d8rding - Mors\",\"isPartOf\":{\"@id\":\"https:\/\/kunmedierne.dk\/mors\/#website\"},\"primaryImageOfPage\":{\"@id\":\"https:\/\/kunmedierne.dk\/mors\/sigtet-for-at-vaere-skyld-i-naturbrand-ved-oerding\/#primaryimage\"},\"image\":{\"@id\":\"https:\/\/kunmedierne.dk\/mors\/sigtet-for-at-vaere-skyld-i-naturbrand-ved-oerding\/#primaryimage\"},\"thumbnailUrl\":\"https:\/\/kunmedierne.dk\/mors\/wp-content\/uploads\/2020\/01\/politi-uniform.jpg\",\"datePublished\":\"2020-04-14T07:47:34+00:00\",\"dateModified\":\"2024-08-12T12:06:14+00:00\",\"breadcrumb\":{\"@id\":\"https:\/\/kunmedierne.dk\/mors\/sigtet-for-at-vaere-skyld-i-naturbrand-ved-oerding\/#breadcrumb\"},\"inLanguage\":\"da-DK\",\"potentialAction\":[{\"@type\":\"ReadAction\",\"target\":[\"https:\/\/kunmedierne.dk\/mors\/sigtet-for-at-vaere-skyld-i-naturbrand-ved-oerding\/\"]}]},{\"@type\":\"ImageObject\",\"inLanguage\":\"da-DK\",\"@id\":\"https:\/\/kunmedierne.dk\/mors\/sigtet-for-at-vaere-skyld-i-naturbrand-ved-oerding\/#primaryimage\",\"url\":\"https:\/\/kunmedierne.dk\/mors\/wp-content\/uploads\/2020\/01\/politi-uniform.jpg\",\"contentUrl\":\"https:\/\/kunmedierne.dk\/mors\/wp-content\/uploads\/2020\/01\/politi-uniform.jpg\",\"width\":770,\"height\":513,\"caption\":\"Modeloto: Kim Matth\u00e4i Leland\"},{\"@type\":\"BreadcrumbList\",\"@id\":\"https:\/\/kunmedierne.dk\/mors\/sigtet-for-at-vaere-skyld-i-naturbrand-ved-oerding\/#breadcrumb\",\"itemListElement\":[{\"@type\":\"ListItem\",\"position\":1,\"name\":\"Hjem\",\"item\":\"https:\/\/kunmedierne.dk\/mors\/\"},{\"@type\":\"ListItem\",\"position\":2,\"name\":\"Sigtet for at v\u00e6re skyld i naturbrand ved \u00d8rding\"}]},{\"@type\":\"WebSite\",\"@id\":\"https:\/\/kunmedierne.dk\/mors\/#website\",\"url\":\"https:\/\/kunmedierne.dk\/mors\/\",\"name\":\"Mors\",\"description\":\"et netmedie med journalistik om livet p\u00e5 Mors\",\"publisher\":{\"@id\":\"https:\/\/kunmedierne.dk\/mors\/#organization\"},\"potentialAction\":[{\"@type\":\"SearchAction\",\"target\":{\"@type\":\"EntryPoint\",\"urlTemplate\":\"https:\/\/kunmedierne.dk\/mors\/?s={search_term_string}\"},\"query-input\":{\"@type\":\"PropertyValueSpecification\",\"valueRequired\":true,\"valueName\":\"search_term_string\"}}],\"inLanguage\":\"da-DK\"},{\"@type\":\"Organization\",\"@id\":\"https:\/\/kunmedierne.dk\/mors\/#organization\",\"name\":\"Mors\",\"url\":\"https:\/\/kunmedierne.dk\/mors\/\",\"logo\":{\"@type\":\"ImageObject\",\"inLanguage\":\"da-DK\",\"@id\":\"https:\/\/kunmedierne.dk\/mors\/#\/schema\/logo\/image\/\",\"url\":\"https:\/\/kunmedierne.dk\/mors\/wp-content\/uploads\/2024\/08\/kunmors-logo.svg\",\"contentUrl\":\"https:\/\/kunmedierne.dk\/mors\/wp-content\/uploads\/2024\/08\/kunmors-logo.svg\",\"caption\":\"Mors\"},\"image\":{\"@id\":\"https:\/\/kunmedierne.dk\/mors\/#\/schema\/logo\/image\/\"}},{\"@type\":\"Person\",\"@id\":\"https:\/\/kunmedierne.dk\/mors\/#\/schema\/person\/5fe23251bf1d0abbcdc6f7896579d548\",\"name\":\"David H\u00f8jmark\",\"image\":{\"@type\":\"ImageObject\",\"inLanguage\":\"da-DK\",\"@id\":\"https:\/\/kunmedierne.dk\/mors\/#\/schema\/person\/image\/\",\"url\":\"https:\/\/secure.gravatar.com\/avatar\/4315d6fb9ef244d729989f5f90268eb08d5bf8a3d84402f595fa194bb35784fd?s=96&d=mm&r=g\",\"contentUrl\":\"https:\/\/secure.gravatar.com\/avatar\/4315d6fb9ef244d729989f5f90268eb08d5bf8a3d84402f595fa194bb35784fd?s=96&d=mm&r=g\",\"caption\":\"David H\u00f8jmark\"},\"sameAs\":[\"https:\/\/www.kunmedierne.dk\"],\"url\":\"https:\/\/kunmedierne.dk\/mors\/author\/david\/\"}]}<\/script>\n<!-- \/ Yoast SEO plugin. -->","yoast_head_json":{"title":"Sigtet for at v\u00e6re skyld i naturbrand ved \u00d8rding - Mors","robots":{"index":"index","follow":"follow","max-snippet":"max-snippet:-1","max-image-preview":"max-image-preview:large","max-video-preview":"max-video-preview:-1"},"canonical":"https:\/\/kunmedierne.dk\/mors\/sigtet-for-at-vaere-skyld-i-naturbrand-ved-oerding\/","og_locale":"da_DK","og_type":"article","og_title":"Sigtet for at v\u00e6re skyld i naturbrand ved \u00d8rding - Mors","og_description":"\u00d8RDING: Som omtalt mandag m\u00e5tte Nordjyllands Beredskab to gange inden for kort tid slukke brande p\u00e5 Mors. Ogs\u00e5 den anden af de to har vist sig at f\u00f8re til en sigtelse, da politiet har sigtet en 73-\u00e5rig mand fra Thisted for ved uforsigtighed at v\u00e6re skyld i naturbranden ved at f\u00e6le pil med en motorsav. [&hellip;]","og_url":"https:\/\/kunmedierne.dk\/mors\/sigtet-for-at-vaere-skyld-i-naturbrand-ved-oerding\/","og_site_name":"Mors","article_published_time":"2020-04-14T07:47:34+00:00","article_modified_time":"2024-08-12T12:06:14+00:00","og_image":[{"width":770,"height":513,"url":"https:\/\/kunmedierne.dk\/mors\/wp-content\/uploads\/2020\/01\/politi-uniform.jpg","type":"image\/jpeg"}],"author":"David H\u00f8jmark","twitter_card":"summary_large_image","twitter_misc":{"Skrevet af":"David H\u00f8jmark","Estimeret l\u00e6setid":"3 minutter"},"schema":{"@context":"https:\/\/schema.org","@graph":[{"@type":"Article","@id":"https:\/\/kunmedierne.dk\/mors\/sigtet-for-at-vaere-skyld-i-naturbrand-ved-oerding\/#article","isPartOf":{"@id":"https:\/\/kunmedierne.dk\/mors\/sigtet-for-at-vaere-skyld-i-naturbrand-ved-oerding\/"},"author":{"name":"David H\u00f8jmark","@id":"https:\/\/kunmedierne.dk\/mors\/#\/schema\/person\/5fe23251bf1d0abbcdc6f7896579d548"},"headline":"Sigtet for at v\u00e6re skyld i naturbrand ved \u00d8rding","datePublished":"2020-04-14T07:47:34+00:00","dateModified":"2024-08-12T12:06:14+00:00","mainEntityOfPage":{"@id":"https:\/\/kunmedierne.dk\/mors\/sigtet-for-at-vaere-skyld-i-naturbrand-ved-oerding\/"},"wordCount":628,"commentCount":0,"publisher":{"@id":"https:\/\/kunmedierne.dk\/mors\/#organization"},"image":{"@id":"https:\/\/kunmedierne.dk\/mors\/sigtet-for-at-vaere-skyld-i-naturbrand-ved-oerding\/#primaryimage"},"thumbnailUrl":"https:\/\/kunmedierne.dk\/mors\/wp-content\/uploads\/2020\/01\/politi-uniform.jpg","articleSection":["112","Lokalt"],"inLanguage":"da-DK","potentialAction":[{"@type":"CommentAction","name":"Comment","target":["https:\/\/kunmedierne.dk\/mors\/sigtet-for-at-vaere-skyld-i-naturbrand-ved-oerding\/#respond"]}]},{"@type":"WebPage","@id":"https:\/\/kunmedierne.dk\/mors\/sigtet-for-at-vaere-skyld-i-naturbrand-ved-oerding\/","url":"https:\/\/kunmedierne.dk\/mors\/sigtet-for-at-vaere-skyld-i-naturbrand-ved-oerding\/","name":"Sigtet for at v\u00e6re skyld i naturbrand ved \u00d8rding - Mors","isPartOf":{"@id":"https:\/\/kunmedierne.dk\/mors\/#website"},"primaryImageOfPage":{"@id":"https:\/\/kunmedierne.dk\/mors\/sigtet-for-at-vaere-skyld-i-naturbrand-ved-oerding\/#primaryimage"},"image":{"@id":"https:\/\/kunmedierne.dk\/mors\/sigtet-for-at-vaere-skyld-i-naturbrand-ved-oerding\/#primaryimage"},"thumbnailUrl":"https:\/\/kunmedierne.dk\/mors\/wp-content\/uploads\/2020\/01\/politi-uniform.jpg","datePublished":"2020-04-14T07:47:34+00:00","dateModified":"2024-08-12T12:06:14+00:00","breadcrumb":{"@id":"https:\/\/kunmedierne.dk\/mors\/sigtet-for-at-vaere-skyld-i-naturbrand-ved-oerding\/#breadcrumb"},"inLanguage":"da-DK","potentialAction":[{"@type":"ReadAction","target":["https:\/\/kunmedierne.dk\/mors\/sigtet-for-at-vaere-skyld-i-naturbrand-ved-oerding\/"]}]},{"@type":"ImageObject","inLanguage":"da-DK","@id":"https:\/\/kunmedierne.dk\/mors\/sigtet-for-at-vaere-skyld-i-naturbrand-ved-oerding\/#primaryimage","url":"https:\/\/kunmedierne.dk\/mors\/wp-content\/uploads\/2020\/01\/politi-uniform.jpg","contentUrl":"https:\/\/kunmedierne.dk\/mors\/wp-content\/uploads\/2020\/01\/politi-uniform.jpg","width":770,"height":513,"caption":"Modeloto: Kim Matth\u00e4i Leland"},{"@type":"BreadcrumbList","@id":"https:\/\/kunmedierne.dk\/mors\/sigtet-for-at-vaere-skyld-i-naturbrand-ved-oerding\/#breadcrumb","itemListElement":[{"@type":"ListItem","position":1,"name":"Hjem","item":"https:\/\/kunmedierne.dk\/mors\/"},{"@type":"ListItem","position":2,"name":"Sigtet for at v\u00e6re skyld i naturbrand ved \u00d8rding"}]},{"@type":"WebSite","@id":"https:\/\/kunmedierne.dk\/mors\/#website","url":"https:\/\/kunmedierne.dk\/mors\/","name":"Mors","description":"et netmedie med journalistik om livet p\u00e5 Mors","publisher":{"@id":"https:\/\/kunmedierne.dk\/mors\/#organization"},"potentialAction":[{"@type":"SearchAction","target":{"@type":"EntryPoint","urlTemplate":"https:\/\/kunmedierne.dk\/mors\/?s={search_term_string}"},"query-input":{"@type":"PropertyValueSpecification","valueRequired":true,"valueName":"search_term_string"}}],"inLanguage":"da-DK"},{"@type":"Organization","@id":"https:\/\/kunmedierne.dk\/mors\/#organization","name":"Mors","url":"https:\/\/kunmedierne.dk\/mors\/","logo":{"@type":"ImageObject","inLanguage":"da-DK","@id":"https:\/\/kunmedierne.dk\/mors\/#\/schema\/logo\/image\/","url":"https:\/\/kunmedierne.dk\/mors\/wp-content\/uploads\/2024\/08\/kunmors-logo.svg","contentUrl":"https:\/\/kunmedierne.dk\/mors\/wp-content\/uploads\/2024\/08\/kunmors-logo.svg","caption":"Mors"},"image":{"@id":"https:\/\/kunmedierne.dk\/mors\/#\/schema\/logo\/image\/"}},{"@type":"Person","@id":"https:\/\/kunmedierne.dk\/mors\/#\/schema\/person\/5fe23251bf1d0abbcdc6f7896579d548","name":"David H\u00f8jmark","image":{"@type":"ImageObject","inLanguage":"da-DK","@id":"https:\/\/kunmedierne.dk\/mors\/#\/schema\/person\/image\/","url":"https:\/\/secure.gravatar.com\/avatar\/4315d6fb9ef244d729989f5f90268eb08d5bf8a3d84402f595fa194bb35784fd?s=96&d=mm&r=g","contentUrl":"https:\/\/secure.gravatar.com\/avatar\/4315d6fb9ef244d729989f5f90268eb08d5bf8a3d84402f595fa194bb35784fd?s=96&d=mm&r=g","caption":"David H\u00f8jmark"},"sameAs":["https:\/\/www.kunmedierne.dk"],"url":"https:\/\/kunmedierne.dk\/mors\/author\/david\/"}]}},"_links":{"self":[{"href":"https:\/\/kunmedierne.dk\/mors\/wp-json\/wp\/v2\/posts\/17854","targetHints":{"allow":["GET"]}}],"collection":[{"href":"https:\/\/kunmedierne.dk\/mors\/wp-json\/wp\/v2\/posts"}],"about":[{"href":"https:\/\/kunmedierne.dk\/mors\/wp-json\/wp\/v2\/types\/post"}],"author":[{"embeddable":true,"href":"https:\/\/kunmedierne.dk\/mors\/wp-json\/wp\/v2\/users\/8"}],"replies":[{"embeddable":true,"href":"https:\/\/kunmedierne.dk\/mors\/wp-json\/wp\/v2\/comments?post=17854"}],"version-history":[{"count":1,"href":"https:\/\/kunmedierne.dk\/mors\/wp-json\/wp\/v2\/posts\/17854\/revisions"}],"predecessor-version":[{"id":17856,"href":"https:\/\/kunmedierne.dk\/mors\/wp-json\/wp\/v2\/posts\/17854\/revisions\/17856"}],"wp:featuredmedia":[{"embeddable":true,"href":"https:\/\/kunmedierne.dk\/mors\/wp-json\/wp\/v2\/media\/3783"}],"wp:attachment":[{"href":"https:\/\/kunmedierne.dk\/mors\/wp-json\/wp\/v2\/media?parent=17854"}],"wp:term":[{"taxonomy":"category","embeddable":true,"href":"https:\/\/kunmedierne.dk\/mors\/wp-json\/wp\/v2\/categories?post=17854"},{"taxonomy":"post_tag","embeddable":true,"href":"https:\/\/kunmedierne.dk\/mors\/wp-json\/wp\/v2\/tags?post=17854"}],"curies":[{"name":"wp","href":"https:\/\/api.w.org\/{rel}","templated":true}]}}