{"id":17590,"date":"2020-04-12T11:56:05","date_gmt":"2020-04-12T09:56:05","guid":{"rendered":"https:\/\/kunmedierne.dk\/mors\/?p=17590"},"modified":"2024-08-12T14:06:14","modified_gmt":"2024-08-12T12:06:14","slug":"den-lille-kirke-med-mikael-dragedraeber-og-de-andre-klenodier","status":"publish","type":"post","link":"https:\/\/kunmedierne.dk\/mors\/den-lille-kirke-med-mikael-dragedraeber-og-de-andre-klenodier\/","title":{"rendered":"Den lille kirke med Mikael Dragedr\u00e6ber og de andre klenodier"},"content":{"rendered":"<p><strong>J\u00d8RSBY<\/strong>: &#8220;Og der blev krig i himlen. Mikael og hans engle gik i krig med dragen, og dragen og dens engle tog kampen op, men kunne ikke st\u00e5 sig, og de havde ikke l\u00e6ngere deres plads i himlen.&#8221;<\/p>\n<div id=\"attachment_17611\" style=\"width: 210px\" class=\"wp-caption alignright\"><img loading=\"lazy\" decoding=\"async\" aria-describedby=\"caption-attachment-17611\" class=\"size-medium wp-image-17611\" src=\"https:\/\/kunmedierne.dk\/mors\/wp-content\/uploads\/2020\/04\/j\u00f8rsby7-200x300.jpg\" alt=\"\" width=\"200\" height=\"300\" srcset=\"https:\/\/kunmedierne.dk\/mors\/wp-content\/uploads\/2020\/04\/j\u00f8rsby7-200x300.jpg 200w, https:\/\/kunmedierne.dk\/mors\/wp-content\/uploads\/2020\/04\/j\u00f8rsby7.jpg 350w\" sizes=\"auto, (max-width: 200px) 100vw, 200px\" \/><p id=\"caption-attachment-17611\" class=\"wp-caption-text\">Mikael Dragedr\u00e6ber er fra 1250-1300 &#8211; alts\u00e5 \u00e6ldre end selve kirken.<\/p><\/div>\n<p>Teksten herover er fra Johannes&#8217; \u00c5benbaring, og figurer af \u00c6rkeenglen Mikael, som den fort\u00e6ller om, kan ses mange prominente steder i verden. Som for eksempel: P\u00e5 toppen af <a href=\"https:\/\/www.ot-montsaintmichel.com\/index.htm?lang=en\" target=\"_blank\" rel=\"noopener noreferrer\">Mont Saint-Michel<\/a> i Frankrig, p\u00e5 toppen af <a href=\"http:\/\/www.castelsantangelo.beniculturali.it\/\" target=\"_blank\" rel=\"noopener noreferrer\">Castel Sant&#8217;Angelo<\/a> (Hadrians Mausoleum) i Rom og p\u00e5 <a href=\"http:\/\/www.stavechurch.com\/roldal-stavkirke\/\" target=\"_blank\" rel=\"noopener noreferrer\">R\u00f8ldals Stavkirke<\/a> i Norge &#8211; bare for at n\u00e6vne tre.<\/p>\n<p>Men han dukker ogs\u00e5 op i J\u00f8rsby Kirke, den lille kirke p\u00e5 Nordmors, hvor Peder Hald Jensen i 29 \u00e5r har v\u00e6ret sognepr\u00e6st.<\/p>\n<p>Og selv om figuren af Mikael Dragedr\u00e6ber mangler en arm, er han glad for, at den cirka 750 \u00e5r gamle figur i tr\u00e6 er tilbage p\u00e5 sin plads, hvilket den kom for omtrent et halvt \u00e5rhundrede siden efter at have opholdt sig p\u00e5 Nationalmuseet i K\u00f8benhavn.<\/p>\n<p>&#8220;Det var en tidligere pr\u00e6st, Rasmus Knudsen, der fandt ud af, at den kun var deponeret til Nationalmuseet &#8211; ikke givet til dem. S\u00e5 han ville gerne have den tilbage til J\u00f8rsby, og det kunne han godt f\u00e5,&#8221; fort\u00e6ller Peder Hald Jensen med den tilf\u00f8jelse, at betingelsen fra K\u00f8benhavn var, at figuren blev placeret sikkert og godt, s\u00e5 den ikke gik i forfald.<\/p>\n<p>&nbsp;<\/p>\n<p><strong>Et katolsk element\u00a0<\/strong><\/p>\n<p>Det g\u00f8r Mikael Dragedr\u00e6ber ikke, hvilket ogs\u00e5 kan siges om et andet klenodie i J\u00f8rsby Kirke: Tr\u00e6sk\u00e6rerarbejdet fra omkring 1500-tallet, der forestiller den himmelske dronning Maria, som r\u00e6kker det n\u00f8gne Jesus-barn et \u00e6ble.<\/p>\n<div id=\"attachment_17612\" style=\"width: 192px\" class=\"wp-caption alignright\"><img loading=\"lazy\" decoding=\"async\" aria-describedby=\"caption-attachment-17612\" class=\"size-medium wp-image-17612\" src=\"https:\/\/kunmedierne.dk\/mors\/wp-content\/uploads\/2020\/04\/j\u00f8rsby6-182x300.jpg\" alt=\"\" width=\"182\" height=\"300\" srcset=\"https:\/\/kunmedierne.dk\/mors\/wp-content\/uploads\/2020\/04\/j\u00f8rsby6-182x300.jpg 182w, https:\/\/kunmedierne.dk\/mors\/wp-content\/uploads\/2020\/04\/j\u00f8rsby6.jpg 350w\" sizes=\"auto, (max-width: 182px) 100vw, 182px\" \/><p id=\"caption-attachment-17612\" class=\"wp-caption-text\">Maria med Barnet er fra omkring 1500.<\/p><\/div>\n<p>Her fort\u00e6ller Peder Hald Jensen om en figur, der giver kirken et katolsk element, hvilket er med til at g\u00f8re den lille kirke med den relativt unge historie til et studie v\u00e6rd indvendig.<\/p>\n<p>J\u00f8rsby Kirke, der er uden t\u00e5rn, er fra 1400-tallet og er sammen med Mollerup Kirke i \u00f8vrigt den eneste gotiske kirke p\u00e5 Mors. Det kan ogs\u00e5 ses p\u00e5 vinduet i kirkens nordside, der har bevaret sin spidsbue.<\/p>\n<p>&nbsp;<\/p>\n<p><strong>Begravet i blomstereng<\/strong><\/p>\n<p>Og p\u00e5 kirkens \u00f8stside kan man se noget s\u00e5 sj\u00e6ldent som et hav af vilde blomster. Det er opst\u00e5et p\u00e5 initiativ fra graver Poul Roesen, der blev inspireret under en tur til K\u00f8benhavn.<\/p>\n<p>&#8220;Der s\u00e5 jeg nogle blomster p\u00e5 offentlige arealer, og s\u00e5 syntes jeg, at det kunne v\u00e6re sjovt at lave samme model p\u00e5 en kirkeg\u00e5rd. Og det fik jeg s\u00e5 lov til at fors\u00f8ge p\u00e5 \u00f8stsiden,&#8221; siger han om fors\u00f8get, der viste sig at blive en stor succes.<\/p>\n<p>Det har nemlig v\u00e6ret muligt at h\u00e5ndtere blomsterne, uden at de spreder sig for meget. I stedet er de nu et ekstra tilbud til kirkeg\u00e5rdens bes\u00f8gende, for eksempel p\u00e5r\u00f8rende, der frit kan plukke af dem og l\u00e6gge p\u00e5 en grav.<\/p>\n<p>&#8220;Der er ogs\u00e5 nogle fra J\u00f8rsby, der har snakket om, at de gerne vil begraves i blomsterengen,&#8221; siger Poul Roesen og tilf\u00f8jer, at det ogs\u00e5 er muligt.<\/p>\n<p>&nbsp;<\/p>\n<blockquote>\n<h3>\u00d8ENS KIRKER<\/h3>\n<p>Der findes 34 kirker p\u00e5 Mors, og KunMors kommer i 2020 til at fort\u00e6lle om hver eneste af dem. Det g\u00f8r vi i serien \u201c\u00d8ens kirker\u201d, der s\u00f8ndag efter s\u00f8ndag pr\u00e6senterer en af de mange kirker.<\/p>\n<p>&nbsp;<\/p>\n<p>Tidligere har vi skrevet om: <a href=\"https:\/\/kunmedierne.dk\/mors\/voksne-maend-graeder-af-bevaegelse-i-moedet-med-vejerslev-kirke\/\" target=\"_blank\" rel=\"noopener noreferrer\">Vejerslev Kirke<\/a>, <a href=\"https:\/\/kunmedierne.dk\/mors\/en-kirke-behoever-ikke-goere-meget-vaesen-af-sig\/\" target=\"_blank\" rel=\"noopener noreferrer\">Flade Kirke<\/a>, <a href=\"https:\/\/kunmedierne.dk\/mors\/kirken-hvor-tankerne-kan-vandre-lige-som-foedderne\/\" target=\"_blank\" rel=\"noopener noreferrer\">T\u00e6bring Kirke<\/a>, <a href=\"https:\/\/kunmedierne.dk\/mors\/et-vartegn-paa-sammenhold-og-en-kirke-med-et-helt-saerligt-lys\/\">Ager\u00f8 Kirke<\/a>, <a href=\"https:\/\/kunmedierne.dk\/mors\/to-sarkofager-goer-ljoerslev-kirke-til-noget-saerligt\/\">Lj\u00f8rslev Kirke<\/a>, <a href=\"https:\/\/kunmedierne.dk\/mors\/skotoejsaesken-med-den-formidable-akustik\/\">L\u00f8dderup Kirke<\/a>, <a href=\"https:\/\/kunmedierne.dk\/mors\/taenk-hvis-kirkens-mure-kunne-huske-alle-historierne\/\" target=\"_blank\" rel=\"noopener noreferrer\">Bjergby Kirke<\/a>, <a href=\"https:\/\/kunmedierne.dk\/mors\/erik-heide-malede-en-hest\/\" target=\"_blank\" rel=\"noopener noreferrer\">\u00d8ster J\u00f8lby Kirke<\/a>, <a href=\"https:\/\/kunmedierne.dk\/mors\/kirken-med-det-unikke-stenhoved\/\">Ovtrup Kirke<\/a> og <a href=\"https:\/\/kunmedierne.dk\/mors\/spottet-udefra-giver-det-smukkeste-lys-i-oerding-kirke\/\" target=\"_blank\" rel=\"noopener noreferrer\">\u00d8rding Kirke<\/a>.<\/p>\n<p>&nbsp;<\/p>\n<p>L\u00e6s mere om J\u00f8rsby Kirke p\u00e5 Aalborg Stifts <a href=\"https:\/\/aalborgstift.dk\/stiftet\/kirker?--fit_diocesedata-churchdb%5B%40package%5D=fit.diocesedata&amp;--fit_diocesedata-churchdb%5B%40controller%5D=church&amp;--fit_diocesedata-churchdb%5B%40action%5D=show&amp;--fit_diocesedata-churchdb%5B%40format%5D=html&amp;--fit_diocesedata-churchdb%5Bchurch%5D%5B__identity%5D=e4ccbf34-54f2-47de-a31f-19b8af7972fa\" target=\"_blank\" rel=\"noopener noreferrer\">hjemmeside<\/a>.<\/p>\n<p>&nbsp;<\/p>\n<p>Billederne til artikelserien er venligst udl\u00e5nt af Niels Clemmensen\/Aalborg Stift.<\/p><\/blockquote>\n<p>&nbsp;<\/p>\n","protected":false},"excerpt":{"rendered":"<p>J\u00d8RSBY: &#8220;Og der blev krig i himlen. Mikael og hans engle gik i krig med dragen, og dragen og dens engle tog kampen op, men kunne ikke st\u00e5 sig, og de havde ikke l\u00e6ngere deres plads i himlen.&#8221; Teksten herover er fra Johannes&#8217; \u00c5benbaring, og figurer af \u00c6rkeenglen Mikael, som den fort\u00e6ller om, kan ses [&hellip;]<\/p>\n","protected":false},"author":8,"featured_media":17605,"comment_status":"open","ping_status":"open","sticky":false,"template":"","format":"gallery","meta":{"_acf_changed":false,"footnotes":""},"categories":[51],"tags":[161],"class_list":["post-17590","post","type-post","status-publish","format-gallery","has-post-thumbnail","hentry","category-lokalt","tag-kirker","post_format-post-format-gallery"],"acf":[],"yoast_head":"<!-- This site is optimized with the Yoast SEO plugin v26.8 - https:\/\/yoast.com\/product\/yoast-seo-wordpress\/ -->\n<title>Den lille kirke med Mikael Dragedr\u00e6ber og de andre klenodier - Mors<\/title>\n<meta name=\"robots\" content=\"index, follow, max-snippet:-1, max-image-preview:large, max-video-preview:-1\" \/>\n<link rel=\"canonical\" href=\"https:\/\/kunmedierne.dk\/mors\/den-lille-kirke-med-mikael-dragedraeber-og-de-andre-klenodier\/\" \/>\n<meta property=\"og:locale\" content=\"da_DK\" \/>\n<meta property=\"og:type\" content=\"article\" \/>\n<meta property=\"og:title\" content=\"Den lille kirke med Mikael Dragedr\u00e6ber og de andre klenodier - Mors\" \/>\n<meta property=\"og:description\" content=\"J\u00d8RSBY: &#8220;Og der blev krig i himlen. Mikael og hans engle gik i krig med dragen, og dragen og dens engle tog kampen op, men kunne ikke st\u00e5 sig, og de havde ikke l\u00e6ngere deres plads i himlen.&#8221; Teksten herover er fra Johannes&#8217; \u00c5benbaring, og figurer af \u00c6rkeenglen Mikael, som den fort\u00e6ller om, kan ses [&hellip;]\" \/>\n<meta property=\"og:url\" content=\"https:\/\/kunmedierne.dk\/mors\/den-lille-kirke-med-mikael-dragedraeber-og-de-andre-klenodier\/\" \/>\n<meta property=\"og:site_name\" content=\"Mors\" \/>\n<meta property=\"article:published_time\" content=\"2020-04-12T09:56:05+00:00\" \/>\n<meta property=\"article:modified_time\" content=\"2024-08-12T12:06:14+00:00\" \/>\n<meta property=\"og:image\" content=\"https:\/\/kunmedierne.dk\/mors\/wp-content\/uploads\/2020\/04\/j\u00f8rsby1.jpg\" \/>\n\t<meta property=\"og:image:width\" content=\"770\" \/>\n\t<meta property=\"og:image:height\" content=\"514\" \/>\n\t<meta property=\"og:image:type\" content=\"image\/jpeg\" \/>\n<meta name=\"author\" content=\"David H\u00f8jmark\" \/>\n<meta name=\"twitter:card\" content=\"summary_large_image\" \/>\n<meta name=\"twitter:label1\" content=\"Skrevet af\" \/>\n\t<meta name=\"twitter:data1\" content=\"David H\u00f8jmark\" \/>\n\t<meta name=\"twitter:label2\" content=\"Estimeret l\u00e6setid\" \/>\n\t<meta name=\"twitter:data2\" content=\"3 minutter\" \/>\n<script type=\"application\/ld+json\" class=\"yoast-schema-graph\">{\"@context\":\"https:\/\/schema.org\",\"@graph\":[{\"@type\":\"Article\",\"@id\":\"https:\/\/kunmedierne.dk\/mors\/den-lille-kirke-med-mikael-dragedraeber-og-de-andre-klenodier\/#article\",\"isPartOf\":{\"@id\":\"https:\/\/kunmedierne.dk\/mors\/den-lille-kirke-med-mikael-dragedraeber-og-de-andre-klenodier\/\"},\"author\":{\"name\":\"David H\u00f8jmark\",\"@id\":\"https:\/\/kunmedierne.dk\/mors\/#\/schema\/person\/5fe23251bf1d0abbcdc6f7896579d548\"},\"headline\":\"Den lille kirke med Mikael Dragedr\u00e6ber og de andre klenodier\",\"datePublished\":\"2020-04-12T09:56:05+00:00\",\"dateModified\":\"2024-08-12T12:06:14+00:00\",\"mainEntityOfPage\":{\"@id\":\"https:\/\/kunmedierne.dk\/mors\/den-lille-kirke-med-mikael-dragedraeber-og-de-andre-klenodier\/\"},\"wordCount\":666,\"commentCount\":0,\"publisher\":{\"@id\":\"https:\/\/kunmedierne.dk\/mors\/#organization\"},\"image\":{\"@id\":\"https:\/\/kunmedierne.dk\/mors\/den-lille-kirke-med-mikael-dragedraeber-og-de-andre-klenodier\/#primaryimage\"},\"thumbnailUrl\":\"https:\/\/kunmedierne.dk\/mors\/wp-content\/uploads\/2020\/04\/j\u00f8rsby1.jpg\",\"keywords\":[\"Kirkestof\"],\"articleSection\":[\"Lokalt\"],\"inLanguage\":\"da-DK\",\"potentialAction\":[{\"@type\":\"CommentAction\",\"name\":\"Comment\",\"target\":[\"https:\/\/kunmedierne.dk\/mors\/den-lille-kirke-med-mikael-dragedraeber-og-de-andre-klenodier\/#respond\"]}]},{\"@type\":\"WebPage\",\"@id\":\"https:\/\/kunmedierne.dk\/mors\/den-lille-kirke-med-mikael-dragedraeber-og-de-andre-klenodier\/\",\"url\":\"https:\/\/kunmedierne.dk\/mors\/den-lille-kirke-med-mikael-dragedraeber-og-de-andre-klenodier\/\",\"name\":\"Den lille kirke med Mikael Dragedr\u00e6ber og de andre klenodier - Mors\",\"isPartOf\":{\"@id\":\"https:\/\/kunmedierne.dk\/mors\/#website\"},\"primaryImageOfPage\":{\"@id\":\"https:\/\/kunmedierne.dk\/mors\/den-lille-kirke-med-mikael-dragedraeber-og-de-andre-klenodier\/#primaryimage\"},\"image\":{\"@id\":\"https:\/\/kunmedierne.dk\/mors\/den-lille-kirke-med-mikael-dragedraeber-og-de-andre-klenodier\/#primaryimage\"},\"thumbnailUrl\":\"https:\/\/kunmedierne.dk\/mors\/wp-content\/uploads\/2020\/04\/j\u00f8rsby1.jpg\",\"datePublished\":\"2020-04-12T09:56:05+00:00\",\"dateModified\":\"2024-08-12T12:06:14+00:00\",\"breadcrumb\":{\"@id\":\"https:\/\/kunmedierne.dk\/mors\/den-lille-kirke-med-mikael-dragedraeber-og-de-andre-klenodier\/#breadcrumb\"},\"inLanguage\":\"da-DK\",\"potentialAction\":[{\"@type\":\"ReadAction\",\"target\":[\"https:\/\/kunmedierne.dk\/mors\/den-lille-kirke-med-mikael-dragedraeber-og-de-andre-klenodier\/\"]}]},{\"@type\":\"ImageObject\",\"inLanguage\":\"da-DK\",\"@id\":\"https:\/\/kunmedierne.dk\/mors\/den-lille-kirke-med-mikael-dragedraeber-og-de-andre-klenodier\/#primaryimage\",\"url\":\"https:\/\/kunmedierne.dk\/mors\/wp-content\/uploads\/2020\/04\/j\u00f8rsby1.jpg\",\"contentUrl\":\"https:\/\/kunmedierne.dk\/mors\/wp-content\/uploads\/2020\/04\/j\u00f8rsby1.jpg\",\"width\":770,\"height\":514},{\"@type\":\"BreadcrumbList\",\"@id\":\"https:\/\/kunmedierne.dk\/mors\/den-lille-kirke-med-mikael-dragedraeber-og-de-andre-klenodier\/#breadcrumb\",\"itemListElement\":[{\"@type\":\"ListItem\",\"position\":1,\"name\":\"Hjem\",\"item\":\"https:\/\/kunmedierne.dk\/mors\/\"},{\"@type\":\"ListItem\",\"position\":2,\"name\":\"Den lille kirke med Mikael Dragedr\u00e6ber og de andre klenodier\"}]},{\"@type\":\"WebSite\",\"@id\":\"https:\/\/kunmedierne.dk\/mors\/#website\",\"url\":\"https:\/\/kunmedierne.dk\/mors\/\",\"name\":\"Mors\",\"description\":\"et netmedie med journalistik om livet p\u00e5 Mors\",\"publisher\":{\"@id\":\"https:\/\/kunmedierne.dk\/mors\/#organization\"},\"potentialAction\":[{\"@type\":\"SearchAction\",\"target\":{\"@type\":\"EntryPoint\",\"urlTemplate\":\"https:\/\/kunmedierne.dk\/mors\/?s={search_term_string}\"},\"query-input\":{\"@type\":\"PropertyValueSpecification\",\"valueRequired\":true,\"valueName\":\"search_term_string\"}}],\"inLanguage\":\"da-DK\"},{\"@type\":\"Organization\",\"@id\":\"https:\/\/kunmedierne.dk\/mors\/#organization\",\"name\":\"Mors\",\"url\":\"https:\/\/kunmedierne.dk\/mors\/\",\"logo\":{\"@type\":\"ImageObject\",\"inLanguage\":\"da-DK\",\"@id\":\"https:\/\/kunmedierne.dk\/mors\/#\/schema\/logo\/image\/\",\"url\":\"https:\/\/kunmedierne.dk\/mors\/wp-content\/uploads\/2024\/08\/kunmors-logo.svg\",\"contentUrl\":\"https:\/\/kunmedierne.dk\/mors\/wp-content\/uploads\/2024\/08\/kunmors-logo.svg\",\"caption\":\"Mors\"},\"image\":{\"@id\":\"https:\/\/kunmedierne.dk\/mors\/#\/schema\/logo\/image\/\"}},{\"@type\":\"Person\",\"@id\":\"https:\/\/kunmedierne.dk\/mors\/#\/schema\/person\/5fe23251bf1d0abbcdc6f7896579d548\",\"name\":\"David H\u00f8jmark\",\"image\":{\"@type\":\"ImageObject\",\"inLanguage\":\"da-DK\",\"@id\":\"https:\/\/kunmedierne.dk\/mors\/#\/schema\/person\/image\/\",\"url\":\"https:\/\/secure.gravatar.com\/avatar\/4315d6fb9ef244d729989f5f90268eb08d5bf8a3d84402f595fa194bb35784fd?s=96&d=mm&r=g\",\"contentUrl\":\"https:\/\/secure.gravatar.com\/avatar\/4315d6fb9ef244d729989f5f90268eb08d5bf8a3d84402f595fa194bb35784fd?s=96&d=mm&r=g\",\"caption\":\"David H\u00f8jmark\"},\"sameAs\":[\"https:\/\/www.kunmedierne.dk\"],\"url\":\"https:\/\/kunmedierne.dk\/mors\/author\/david\/\"}]}<\/script>\n<!-- \/ Yoast SEO plugin. -->","yoast_head_json":{"title":"Den lille kirke med Mikael Dragedr\u00e6ber og de andre klenodier - Mors","robots":{"index":"index","follow":"follow","max-snippet":"max-snippet:-1","max-image-preview":"max-image-preview:large","max-video-preview":"max-video-preview:-1"},"canonical":"https:\/\/kunmedierne.dk\/mors\/den-lille-kirke-med-mikael-dragedraeber-og-de-andre-klenodier\/","og_locale":"da_DK","og_type":"article","og_title":"Den lille kirke med Mikael Dragedr\u00e6ber og de andre klenodier - Mors","og_description":"J\u00d8RSBY: &#8220;Og der blev krig i himlen. Mikael og hans engle gik i krig med dragen, og dragen og dens engle tog kampen op, men kunne ikke st\u00e5 sig, og de havde ikke l\u00e6ngere deres plads i himlen.&#8221; Teksten herover er fra Johannes&#8217; \u00c5benbaring, og figurer af \u00c6rkeenglen Mikael, som den fort\u00e6ller om, kan ses [&hellip;]","og_url":"https:\/\/kunmedierne.dk\/mors\/den-lille-kirke-med-mikael-dragedraeber-og-de-andre-klenodier\/","og_site_name":"Mors","article_published_time":"2020-04-12T09:56:05+00:00","article_modified_time":"2024-08-12T12:06:14+00:00","og_image":[{"width":770,"height":514,"url":"https:\/\/kunmedierne.dk\/mors\/wp-content\/uploads\/2020\/04\/j\u00f8rsby1.jpg","type":"image\/jpeg"}],"author":"David H\u00f8jmark","twitter_card":"summary_large_image","twitter_misc":{"Skrevet af":"David H\u00f8jmark","Estimeret l\u00e6setid":"3 minutter"},"schema":{"@context":"https:\/\/schema.org","@graph":[{"@type":"Article","@id":"https:\/\/kunmedierne.dk\/mors\/den-lille-kirke-med-mikael-dragedraeber-og-de-andre-klenodier\/#article","isPartOf":{"@id":"https:\/\/kunmedierne.dk\/mors\/den-lille-kirke-med-mikael-dragedraeber-og-de-andre-klenodier\/"},"author":{"name":"David H\u00f8jmark","@id":"https:\/\/kunmedierne.dk\/mors\/#\/schema\/person\/5fe23251bf1d0abbcdc6f7896579d548"},"headline":"Den lille kirke med Mikael Dragedr\u00e6ber og de andre klenodier","datePublished":"2020-04-12T09:56:05+00:00","dateModified":"2024-08-12T12:06:14+00:00","mainEntityOfPage":{"@id":"https:\/\/kunmedierne.dk\/mors\/den-lille-kirke-med-mikael-dragedraeber-og-de-andre-klenodier\/"},"wordCount":666,"commentCount":0,"publisher":{"@id":"https:\/\/kunmedierne.dk\/mors\/#organization"},"image":{"@id":"https:\/\/kunmedierne.dk\/mors\/den-lille-kirke-med-mikael-dragedraeber-og-de-andre-klenodier\/#primaryimage"},"thumbnailUrl":"https:\/\/kunmedierne.dk\/mors\/wp-content\/uploads\/2020\/04\/j\u00f8rsby1.jpg","keywords":["Kirkestof"],"articleSection":["Lokalt"],"inLanguage":"da-DK","potentialAction":[{"@type":"CommentAction","name":"Comment","target":["https:\/\/kunmedierne.dk\/mors\/den-lille-kirke-med-mikael-dragedraeber-og-de-andre-klenodier\/#respond"]}]},{"@type":"WebPage","@id":"https:\/\/kunmedierne.dk\/mors\/den-lille-kirke-med-mikael-dragedraeber-og-de-andre-klenodier\/","url":"https:\/\/kunmedierne.dk\/mors\/den-lille-kirke-med-mikael-dragedraeber-og-de-andre-klenodier\/","name":"Den lille kirke med Mikael Dragedr\u00e6ber og de andre klenodier - Mors","isPartOf":{"@id":"https:\/\/kunmedierne.dk\/mors\/#website"},"primaryImageOfPage":{"@id":"https:\/\/kunmedierne.dk\/mors\/den-lille-kirke-med-mikael-dragedraeber-og-de-andre-klenodier\/#primaryimage"},"image":{"@id":"https:\/\/kunmedierne.dk\/mors\/den-lille-kirke-med-mikael-dragedraeber-og-de-andre-klenodier\/#primaryimage"},"thumbnailUrl":"https:\/\/kunmedierne.dk\/mors\/wp-content\/uploads\/2020\/04\/j\u00f8rsby1.jpg","datePublished":"2020-04-12T09:56:05+00:00","dateModified":"2024-08-12T12:06:14+00:00","breadcrumb":{"@id":"https:\/\/kunmedierne.dk\/mors\/den-lille-kirke-med-mikael-dragedraeber-og-de-andre-klenodier\/#breadcrumb"},"inLanguage":"da-DK","potentialAction":[{"@type":"ReadAction","target":["https:\/\/kunmedierne.dk\/mors\/den-lille-kirke-med-mikael-dragedraeber-og-de-andre-klenodier\/"]}]},{"@type":"ImageObject","inLanguage":"da-DK","@id":"https:\/\/kunmedierne.dk\/mors\/den-lille-kirke-med-mikael-dragedraeber-og-de-andre-klenodier\/#primaryimage","url":"https:\/\/kunmedierne.dk\/mors\/wp-content\/uploads\/2020\/04\/j\u00f8rsby1.jpg","contentUrl":"https:\/\/kunmedierne.dk\/mors\/wp-content\/uploads\/2020\/04\/j\u00f8rsby1.jpg","width":770,"height":514},{"@type":"BreadcrumbList","@id":"https:\/\/kunmedierne.dk\/mors\/den-lille-kirke-med-mikael-dragedraeber-og-de-andre-klenodier\/#breadcrumb","itemListElement":[{"@type":"ListItem","position":1,"name":"Hjem","item":"https:\/\/kunmedierne.dk\/mors\/"},{"@type":"ListItem","position":2,"name":"Den lille kirke med Mikael Dragedr\u00e6ber og de andre klenodier"}]},{"@type":"WebSite","@id":"https:\/\/kunmedierne.dk\/mors\/#website","url":"https:\/\/kunmedierne.dk\/mors\/","name":"Mors","description":"et netmedie med journalistik om livet p\u00e5 Mors","publisher":{"@id":"https:\/\/kunmedierne.dk\/mors\/#organization"},"potentialAction":[{"@type":"SearchAction","target":{"@type":"EntryPoint","urlTemplate":"https:\/\/kunmedierne.dk\/mors\/?s={search_term_string}"},"query-input":{"@type":"PropertyValueSpecification","valueRequired":true,"valueName":"search_term_string"}}],"inLanguage":"da-DK"},{"@type":"Organization","@id":"https:\/\/kunmedierne.dk\/mors\/#organization","name":"Mors","url":"https:\/\/kunmedierne.dk\/mors\/","logo":{"@type":"ImageObject","inLanguage":"da-DK","@id":"https:\/\/kunmedierne.dk\/mors\/#\/schema\/logo\/image\/","url":"https:\/\/kunmedierne.dk\/mors\/wp-content\/uploads\/2024\/08\/kunmors-logo.svg","contentUrl":"https:\/\/kunmedierne.dk\/mors\/wp-content\/uploads\/2024\/08\/kunmors-logo.svg","caption":"Mors"},"image":{"@id":"https:\/\/kunmedierne.dk\/mors\/#\/schema\/logo\/image\/"}},{"@type":"Person","@id":"https:\/\/kunmedierne.dk\/mors\/#\/schema\/person\/5fe23251bf1d0abbcdc6f7896579d548","name":"David H\u00f8jmark","image":{"@type":"ImageObject","inLanguage":"da-DK","@id":"https:\/\/kunmedierne.dk\/mors\/#\/schema\/person\/image\/","url":"https:\/\/secure.gravatar.com\/avatar\/4315d6fb9ef244d729989f5f90268eb08d5bf8a3d84402f595fa194bb35784fd?s=96&d=mm&r=g","contentUrl":"https:\/\/secure.gravatar.com\/avatar\/4315d6fb9ef244d729989f5f90268eb08d5bf8a3d84402f595fa194bb35784fd?s=96&d=mm&r=g","caption":"David H\u00f8jmark"},"sameAs":["https:\/\/www.kunmedierne.dk"],"url":"https:\/\/kunmedierne.dk\/mors\/author\/david\/"}]}},"_links":{"self":[{"href":"https:\/\/kunmedierne.dk\/mors\/wp-json\/wp\/v2\/posts\/17590","targetHints":{"allow":["GET"]}}],"collection":[{"href":"https:\/\/kunmedierne.dk\/mors\/wp-json\/wp\/v2\/posts"}],"about":[{"href":"https:\/\/kunmedierne.dk\/mors\/wp-json\/wp\/v2\/types\/post"}],"author":[{"embeddable":true,"href":"https:\/\/kunmedierne.dk\/mors\/wp-json\/wp\/v2\/users\/8"}],"replies":[{"embeddable":true,"href":"https:\/\/kunmedierne.dk\/mors\/wp-json\/wp\/v2\/comments?post=17590"}],"version-history":[{"count":6,"href":"https:\/\/kunmedierne.dk\/mors\/wp-json\/wp\/v2\/posts\/17590\/revisions"}],"predecessor-version":[{"id":18455,"href":"https:\/\/kunmedierne.dk\/mors\/wp-json\/wp\/v2\/posts\/17590\/revisions\/18455"}],"wp:featuredmedia":[{"embeddable":true,"href":"https:\/\/kunmedierne.dk\/mors\/wp-json\/wp\/v2\/media\/17605"}],"wp:attachment":[{"href":"https:\/\/kunmedierne.dk\/mors\/wp-json\/wp\/v2\/media?parent=17590"}],"wp:term":[{"taxonomy":"category","embeddable":true,"href":"https:\/\/kunmedierne.dk\/mors\/wp-json\/wp\/v2\/categories?post=17590"},{"taxonomy":"post_tag","embeddable":true,"href":"https:\/\/kunmedierne.dk\/mors\/wp-json\/wp\/v2\/tags?post=17590"}],"curies":[{"name":"wp","href":"https:\/\/api.w.org\/{rel}","templated":true}]}}