{"id":17451,"date":"2020-04-11T11:02:41","date_gmt":"2020-04-11T09:02:41","guid":{"rendered":"https:\/\/kunmedierne.dk\/mors\/?p=17451"},"modified":"2024-08-12T14:06:14","modified_gmt":"2024-08-12T12:06:14","slug":"centerleder-vi-faar-ogsaa-udfordringer-naar-vi-aabner-igen","status":"publish","type":"post","link":"https:\/\/kunmedierne.dk\/mors\/centerleder-vi-faar-ogsaa-udfordringer-naar-vi-aabner-igen\/","title":{"rendered":"Centerleder: &#8211; Vi f\u00e5r ogs\u00e5 udfordringer, n\u00e5r vi \u00e5bner igen"},"content":{"rendered":"<p><strong>\u00d8STER J\u00d8LBY<\/strong>: Vi venter alle p\u00e5 dagen og h\u00e5ber, at den snart kommer: Den endelige afbl\u00e6sning af coronakrisen og tilbagevenden til det samfund, vi kendte f\u00f8r.<\/p>\n<p>Men samfundet bliver ikke bare som f\u00f8r, og for mange af dem, der lever af folks lyst til at samles og dyrke f\u00e6lles aktiviteter, bliver afslutningen p\u00e5 coronakrisen formentlig kun begyndelsen p\u00e5 en ny udfordring.<\/p>\n<p>&#8220;Jeg kan godt frygte, at folk f\u00e5r l\u00e6rt, hvordan man tr\u00e6ner hjemme. Det er jo helt fint, at man kan det, men for s\u00e5dan nogle som os er det ikke s\u00e5 godt,&#8221; siger Keld Andersen, centerleder i Midtmors Sport, der blandt meget andet har et fitnesscenter at holde gang i.<\/p>\n<p>Det er lukket under coronakrisen, s\u00e5 brugerne er tvunget til at tr\u00e6ne derhjemme. Og hvis de f\u00e5r s\u00e5 meget smag for at tr\u00e6ne individuelt, med YouTube-klip eller lignende som inspiration, kan der ogs\u00e5 efter \u00e5bningen af samfundet g\u00e5 lang tid, f\u00f8r indt\u00e6gten p\u00e5 fitness bliver den samme som f\u00f8r.<\/p>\n<p>Hvis det overhovedet sker.<\/p>\n<p>&nbsp;<\/p>\n<p><strong>Frygten bliver siddende<\/strong><\/p>\n<p>Og det er bare en af de overvejelser, Keld Andersen og Midtmors Sport g\u00e5r med for tiden. Med \u00e5bningen af skolerne for de mindste kommer der lidt mere aktivitet i centret end i den seneste m\u00e5ned. Det skal ogs\u00e5 h\u00e5ndteres rigtigt, og samtidig er der en stille sommer, man skal fors\u00f8ge at sparke lidt liv i &#8211; men i en balancegang, hvor det handler om ikke at g\u00e5 for langt.<\/p>\n<p>Midtmors Sport har forskellige tiltag p\u00e5 tegnebr\u00e6ttet og venter sp\u00e6ndt p\u00e5, hvad regeringen siger i de kommende uger. Men selv om flere dele af samfundet bliver givet fri, skal haller og centre som Midtmors Sport t\u00e6nke sig grundigt om, f\u00f8r de giver los med initiativer, mener Keld Andersen.<\/p>\n<p>Han p\u00e5peger, at den slags steder mange gange er det sociale samlingspunkt i et lokalsamfund. Og hvis man kaster sig tankel\u00f8st ud i et v\u00e6ld af tilbud til borgerne, kan man hurtigt blive upopul\u00e6r, fordi frygten for smitte ogs\u00e5 vil v\u00e6re i befolkningen p\u00e5 den anden side af coronakrisen.<\/p>\n<p>Mange vil derfor beskylde en for at g\u00e5 for vidt.<\/p>\n<p>&#8220;Det kan jo heller ikke nytte, at vi s\u00e6tter noget i gang, s\u00e5 folk bliver socialt forskr\u00e6kkede og ikke t\u00f8r v\u00e6re med,&#8221; siger Keld Andersen.<\/p>\n<p>Han sammenligner med den reaktion, statsminister Mette Frederiksen har m\u00f8dt efter gen\u00e5bningen af skolerne for de sm\u00e5. For mens nogle er ut\u00e5lmodige og \u00f8nsker mere af samfundet \u00e5bnet, sk\u00e6lder andre ud over den risiko det er, at lade de yngste komme i skole.<\/p>\n<p>Det sidste skal ogs\u00e5 med i overvejelserne, n\u00e5r haller og centre igen kan \u00e5bne.<\/p>\n<p>&#8220;Man skal passe p\u00e5 med, at man ikke ogs\u00e5 havner i den situation,&#8221; siger Keld Andersen.<\/p>\n","protected":false},"excerpt":{"rendered":"<p>\u00d8STER J\u00d8LBY: Vi venter alle p\u00e5 dagen og h\u00e5ber, at den snart kommer: Den endelige afbl\u00e6sning af coronakrisen og tilbagevenden til det samfund, vi kendte f\u00f8r. Men samfundet bliver ikke bare som f\u00f8r, og for mange af dem, der lever af folks lyst til at samles og dyrke f\u00e6lles aktiviteter, bliver afslutningen p\u00e5 coronakrisen formentlig [&hellip;]<\/p>\n","protected":false},"author":8,"featured_media":17466,"comment_status":"open","ping_status":"open","sticky":false,"template":"","format":"standard","meta":{"_acf_changed":false,"footnotes":""},"categories":[51],"tags":[],"class_list":["post-17451","post","type-post","status-publish","format-standard","has-post-thumbnail","hentry","category-lokalt"],"acf":[],"yoast_head":"<!-- This site is optimized with the Yoast SEO plugin v26.8 - https:\/\/yoast.com\/product\/yoast-seo-wordpress\/ -->\n<title>Centerleder: - Vi f\u00e5r ogs\u00e5 udfordringer, n\u00e5r vi \u00e5bner igen - Mors<\/title>\n<meta name=\"robots\" content=\"index, follow, max-snippet:-1, max-image-preview:large, max-video-preview:-1\" \/>\n<link rel=\"canonical\" href=\"https:\/\/kunmedierne.dk\/mors\/centerleder-vi-faar-ogsaa-udfordringer-naar-vi-aabner-igen\/\" \/>\n<meta property=\"og:locale\" content=\"da_DK\" \/>\n<meta property=\"og:type\" content=\"article\" \/>\n<meta property=\"og:title\" content=\"Centerleder: - Vi f\u00e5r ogs\u00e5 udfordringer, n\u00e5r vi \u00e5bner igen - Mors\" \/>\n<meta property=\"og:description\" content=\"\u00d8STER J\u00d8LBY: Vi venter alle p\u00e5 dagen og h\u00e5ber, at den snart kommer: Den endelige afbl\u00e6sning af coronakrisen og tilbagevenden til det samfund, vi kendte f\u00f8r. Men samfundet bliver ikke bare som f\u00f8r, og for mange af dem, der lever af folks lyst til at samles og dyrke f\u00e6lles aktiviteter, bliver afslutningen p\u00e5 coronakrisen formentlig [&hellip;]\" \/>\n<meta property=\"og:url\" content=\"https:\/\/kunmedierne.dk\/mors\/centerleder-vi-faar-ogsaa-udfordringer-naar-vi-aabner-igen\/\" \/>\n<meta property=\"og:site_name\" content=\"Mors\" \/>\n<meta property=\"article:published_time\" content=\"2020-04-11T09:02:41+00:00\" \/>\n<meta property=\"article:modified_time\" content=\"2024-08-12T12:06:14+00:00\" \/>\n<meta property=\"og:image\" content=\"https:\/\/kunmedierne.dk\/mors\/wp-content\/uploads\/2020\/04\/200410-midtmors-sport.jpg\" \/>\n\t<meta property=\"og:image:width\" content=\"770\" \/>\n\t<meta property=\"og:image:height\" content=\"513\" \/>\n\t<meta property=\"og:image:type\" content=\"image\/jpeg\" \/>\n<meta name=\"author\" content=\"David H\u00f8jmark\" \/>\n<meta name=\"twitter:card\" content=\"summary_large_image\" \/>\n<meta name=\"twitter:label1\" content=\"Skrevet af\" \/>\n\t<meta name=\"twitter:data1\" content=\"David H\u00f8jmark\" \/>\n\t<meta name=\"twitter:label2\" content=\"Estimeret l\u00e6setid\" \/>\n\t<meta name=\"twitter:data2\" content=\"2 minutter\" \/>\n<script type=\"application\/ld+json\" class=\"yoast-schema-graph\">{\"@context\":\"https:\/\/schema.org\",\"@graph\":[{\"@type\":\"Article\",\"@id\":\"https:\/\/kunmedierne.dk\/mors\/centerleder-vi-faar-ogsaa-udfordringer-naar-vi-aabner-igen\/#article\",\"isPartOf\":{\"@id\":\"https:\/\/kunmedierne.dk\/mors\/centerleder-vi-faar-ogsaa-udfordringer-naar-vi-aabner-igen\/\"},\"author\":{\"name\":\"David H\u00f8jmark\",\"@id\":\"https:\/\/kunmedierne.dk\/mors\/#\/schema\/person\/5fe23251bf1d0abbcdc6f7896579d548\"},\"headline\":\"Centerleder: &#8211; Vi f\u00e5r ogs\u00e5 udfordringer, n\u00e5r vi \u00e5bner igen\",\"datePublished\":\"2020-04-11T09:02:41+00:00\",\"dateModified\":\"2024-08-12T12:06:14+00:00\",\"mainEntityOfPage\":{\"@id\":\"https:\/\/kunmedierne.dk\/mors\/centerleder-vi-faar-ogsaa-udfordringer-naar-vi-aabner-igen\/\"},\"wordCount\":493,\"commentCount\":0,\"publisher\":{\"@id\":\"https:\/\/kunmedierne.dk\/mors\/#organization\"},\"image\":{\"@id\":\"https:\/\/kunmedierne.dk\/mors\/centerleder-vi-faar-ogsaa-udfordringer-naar-vi-aabner-igen\/#primaryimage\"},\"thumbnailUrl\":\"https:\/\/kunmedierne.dk\/mors\/wp-content\/uploads\/2020\/04\/200410-midtmors-sport.jpg\",\"articleSection\":[\"Lokalt\"],\"inLanguage\":\"da-DK\",\"potentialAction\":[{\"@type\":\"CommentAction\",\"name\":\"Comment\",\"target\":[\"https:\/\/kunmedierne.dk\/mors\/centerleder-vi-faar-ogsaa-udfordringer-naar-vi-aabner-igen\/#respond\"]}]},{\"@type\":\"WebPage\",\"@id\":\"https:\/\/kunmedierne.dk\/mors\/centerleder-vi-faar-ogsaa-udfordringer-naar-vi-aabner-igen\/\",\"url\":\"https:\/\/kunmedierne.dk\/mors\/centerleder-vi-faar-ogsaa-udfordringer-naar-vi-aabner-igen\/\",\"name\":\"Centerleder: - Vi f\u00e5r ogs\u00e5 udfordringer, n\u00e5r vi \u00e5bner igen - Mors\",\"isPartOf\":{\"@id\":\"https:\/\/kunmedierne.dk\/mors\/#website\"},\"primaryImageOfPage\":{\"@id\":\"https:\/\/kunmedierne.dk\/mors\/centerleder-vi-faar-ogsaa-udfordringer-naar-vi-aabner-igen\/#primaryimage\"},\"image\":{\"@id\":\"https:\/\/kunmedierne.dk\/mors\/centerleder-vi-faar-ogsaa-udfordringer-naar-vi-aabner-igen\/#primaryimage\"},\"thumbnailUrl\":\"https:\/\/kunmedierne.dk\/mors\/wp-content\/uploads\/2020\/04\/200410-midtmors-sport.jpg\",\"datePublished\":\"2020-04-11T09:02:41+00:00\",\"dateModified\":\"2024-08-12T12:06:14+00:00\",\"breadcrumb\":{\"@id\":\"https:\/\/kunmedierne.dk\/mors\/centerleder-vi-faar-ogsaa-udfordringer-naar-vi-aabner-igen\/#breadcrumb\"},\"inLanguage\":\"da-DK\",\"potentialAction\":[{\"@type\":\"ReadAction\",\"target\":[\"https:\/\/kunmedierne.dk\/mors\/centerleder-vi-faar-ogsaa-udfordringer-naar-vi-aabner-igen\/\"]}]},{\"@type\":\"ImageObject\",\"inLanguage\":\"da-DK\",\"@id\":\"https:\/\/kunmedierne.dk\/mors\/centerleder-vi-faar-ogsaa-udfordringer-naar-vi-aabner-igen\/#primaryimage\",\"url\":\"https:\/\/kunmedierne.dk\/mors\/wp-content\/uploads\/2020\/04\/200410-midtmors-sport.jpg\",\"contentUrl\":\"https:\/\/kunmedierne.dk\/mors\/wp-content\/uploads\/2020\/04\/200410-midtmors-sport.jpg\",\"width\":770,\"height\":513},{\"@type\":\"BreadcrumbList\",\"@id\":\"https:\/\/kunmedierne.dk\/mors\/centerleder-vi-faar-ogsaa-udfordringer-naar-vi-aabner-igen\/#breadcrumb\",\"itemListElement\":[{\"@type\":\"ListItem\",\"position\":1,\"name\":\"Hjem\",\"item\":\"https:\/\/kunmedierne.dk\/mors\/\"},{\"@type\":\"ListItem\",\"position\":2,\"name\":\"Centerleder: &#8211; Vi f\u00e5r ogs\u00e5 udfordringer, n\u00e5r vi \u00e5bner igen\"}]},{\"@type\":\"WebSite\",\"@id\":\"https:\/\/kunmedierne.dk\/mors\/#website\",\"url\":\"https:\/\/kunmedierne.dk\/mors\/\",\"name\":\"Mors\",\"description\":\"et netmedie med journalistik om livet p\u00e5 Mors\",\"publisher\":{\"@id\":\"https:\/\/kunmedierne.dk\/mors\/#organization\"},\"potentialAction\":[{\"@type\":\"SearchAction\",\"target\":{\"@type\":\"EntryPoint\",\"urlTemplate\":\"https:\/\/kunmedierne.dk\/mors\/?s={search_term_string}\"},\"query-input\":{\"@type\":\"PropertyValueSpecification\",\"valueRequired\":true,\"valueName\":\"search_term_string\"}}],\"inLanguage\":\"da-DK\"},{\"@type\":\"Organization\",\"@id\":\"https:\/\/kunmedierne.dk\/mors\/#organization\",\"name\":\"Mors\",\"url\":\"https:\/\/kunmedierne.dk\/mors\/\",\"logo\":{\"@type\":\"ImageObject\",\"inLanguage\":\"da-DK\",\"@id\":\"https:\/\/kunmedierne.dk\/mors\/#\/schema\/logo\/image\/\",\"url\":\"https:\/\/kunmedierne.dk\/mors\/wp-content\/uploads\/2024\/08\/kunmors-logo.svg\",\"contentUrl\":\"https:\/\/kunmedierne.dk\/mors\/wp-content\/uploads\/2024\/08\/kunmors-logo.svg\",\"caption\":\"Mors\"},\"image\":{\"@id\":\"https:\/\/kunmedierne.dk\/mors\/#\/schema\/logo\/image\/\"}},{\"@type\":\"Person\",\"@id\":\"https:\/\/kunmedierne.dk\/mors\/#\/schema\/person\/5fe23251bf1d0abbcdc6f7896579d548\",\"name\":\"David H\u00f8jmark\",\"image\":{\"@type\":\"ImageObject\",\"inLanguage\":\"da-DK\",\"@id\":\"https:\/\/kunmedierne.dk\/mors\/#\/schema\/person\/image\/\",\"url\":\"https:\/\/secure.gravatar.com\/avatar\/4315d6fb9ef244d729989f5f90268eb08d5bf8a3d84402f595fa194bb35784fd?s=96&d=mm&r=g\",\"contentUrl\":\"https:\/\/secure.gravatar.com\/avatar\/4315d6fb9ef244d729989f5f90268eb08d5bf8a3d84402f595fa194bb35784fd?s=96&d=mm&r=g\",\"caption\":\"David H\u00f8jmark\"},\"sameAs\":[\"https:\/\/www.kunmedierne.dk\"],\"url\":\"https:\/\/kunmedierne.dk\/mors\/author\/david\/\"}]}<\/script>\n<!-- \/ Yoast SEO plugin. -->","yoast_head_json":{"title":"Centerleder: - Vi f\u00e5r ogs\u00e5 udfordringer, n\u00e5r vi \u00e5bner igen - Mors","robots":{"index":"index","follow":"follow","max-snippet":"max-snippet:-1","max-image-preview":"max-image-preview:large","max-video-preview":"max-video-preview:-1"},"canonical":"https:\/\/kunmedierne.dk\/mors\/centerleder-vi-faar-ogsaa-udfordringer-naar-vi-aabner-igen\/","og_locale":"da_DK","og_type":"article","og_title":"Centerleder: - Vi f\u00e5r ogs\u00e5 udfordringer, n\u00e5r vi \u00e5bner igen - Mors","og_description":"\u00d8STER J\u00d8LBY: Vi venter alle p\u00e5 dagen og h\u00e5ber, at den snart kommer: Den endelige afbl\u00e6sning af coronakrisen og tilbagevenden til det samfund, vi kendte f\u00f8r. Men samfundet bliver ikke bare som f\u00f8r, og for mange af dem, der lever af folks lyst til at samles og dyrke f\u00e6lles aktiviteter, bliver afslutningen p\u00e5 coronakrisen formentlig [&hellip;]","og_url":"https:\/\/kunmedierne.dk\/mors\/centerleder-vi-faar-ogsaa-udfordringer-naar-vi-aabner-igen\/","og_site_name":"Mors","article_published_time":"2020-04-11T09:02:41+00:00","article_modified_time":"2024-08-12T12:06:14+00:00","og_image":[{"width":770,"height":513,"url":"https:\/\/kunmedierne.dk\/mors\/wp-content\/uploads\/2020\/04\/200410-midtmors-sport.jpg","type":"image\/jpeg"}],"author":"David H\u00f8jmark","twitter_card":"summary_large_image","twitter_misc":{"Skrevet af":"David H\u00f8jmark","Estimeret l\u00e6setid":"2 minutter"},"schema":{"@context":"https:\/\/schema.org","@graph":[{"@type":"Article","@id":"https:\/\/kunmedierne.dk\/mors\/centerleder-vi-faar-ogsaa-udfordringer-naar-vi-aabner-igen\/#article","isPartOf":{"@id":"https:\/\/kunmedierne.dk\/mors\/centerleder-vi-faar-ogsaa-udfordringer-naar-vi-aabner-igen\/"},"author":{"name":"David H\u00f8jmark","@id":"https:\/\/kunmedierne.dk\/mors\/#\/schema\/person\/5fe23251bf1d0abbcdc6f7896579d548"},"headline":"Centerleder: &#8211; Vi f\u00e5r ogs\u00e5 udfordringer, n\u00e5r vi \u00e5bner igen","datePublished":"2020-04-11T09:02:41+00:00","dateModified":"2024-08-12T12:06:14+00:00","mainEntityOfPage":{"@id":"https:\/\/kunmedierne.dk\/mors\/centerleder-vi-faar-ogsaa-udfordringer-naar-vi-aabner-igen\/"},"wordCount":493,"commentCount":0,"publisher":{"@id":"https:\/\/kunmedierne.dk\/mors\/#organization"},"image":{"@id":"https:\/\/kunmedierne.dk\/mors\/centerleder-vi-faar-ogsaa-udfordringer-naar-vi-aabner-igen\/#primaryimage"},"thumbnailUrl":"https:\/\/kunmedierne.dk\/mors\/wp-content\/uploads\/2020\/04\/200410-midtmors-sport.jpg","articleSection":["Lokalt"],"inLanguage":"da-DK","potentialAction":[{"@type":"CommentAction","name":"Comment","target":["https:\/\/kunmedierne.dk\/mors\/centerleder-vi-faar-ogsaa-udfordringer-naar-vi-aabner-igen\/#respond"]}]},{"@type":"WebPage","@id":"https:\/\/kunmedierne.dk\/mors\/centerleder-vi-faar-ogsaa-udfordringer-naar-vi-aabner-igen\/","url":"https:\/\/kunmedierne.dk\/mors\/centerleder-vi-faar-ogsaa-udfordringer-naar-vi-aabner-igen\/","name":"Centerleder: - Vi f\u00e5r ogs\u00e5 udfordringer, n\u00e5r vi \u00e5bner igen - Mors","isPartOf":{"@id":"https:\/\/kunmedierne.dk\/mors\/#website"},"primaryImageOfPage":{"@id":"https:\/\/kunmedierne.dk\/mors\/centerleder-vi-faar-ogsaa-udfordringer-naar-vi-aabner-igen\/#primaryimage"},"image":{"@id":"https:\/\/kunmedierne.dk\/mors\/centerleder-vi-faar-ogsaa-udfordringer-naar-vi-aabner-igen\/#primaryimage"},"thumbnailUrl":"https:\/\/kunmedierne.dk\/mors\/wp-content\/uploads\/2020\/04\/200410-midtmors-sport.jpg","datePublished":"2020-04-11T09:02:41+00:00","dateModified":"2024-08-12T12:06:14+00:00","breadcrumb":{"@id":"https:\/\/kunmedierne.dk\/mors\/centerleder-vi-faar-ogsaa-udfordringer-naar-vi-aabner-igen\/#breadcrumb"},"inLanguage":"da-DK","potentialAction":[{"@type":"ReadAction","target":["https:\/\/kunmedierne.dk\/mors\/centerleder-vi-faar-ogsaa-udfordringer-naar-vi-aabner-igen\/"]}]},{"@type":"ImageObject","inLanguage":"da-DK","@id":"https:\/\/kunmedierne.dk\/mors\/centerleder-vi-faar-ogsaa-udfordringer-naar-vi-aabner-igen\/#primaryimage","url":"https:\/\/kunmedierne.dk\/mors\/wp-content\/uploads\/2020\/04\/200410-midtmors-sport.jpg","contentUrl":"https:\/\/kunmedierne.dk\/mors\/wp-content\/uploads\/2020\/04\/200410-midtmors-sport.jpg","width":770,"height":513},{"@type":"BreadcrumbList","@id":"https:\/\/kunmedierne.dk\/mors\/centerleder-vi-faar-ogsaa-udfordringer-naar-vi-aabner-igen\/#breadcrumb","itemListElement":[{"@type":"ListItem","position":1,"name":"Hjem","item":"https:\/\/kunmedierne.dk\/mors\/"},{"@type":"ListItem","position":2,"name":"Centerleder: &#8211; Vi f\u00e5r ogs\u00e5 udfordringer, n\u00e5r vi \u00e5bner igen"}]},{"@type":"WebSite","@id":"https:\/\/kunmedierne.dk\/mors\/#website","url":"https:\/\/kunmedierne.dk\/mors\/","name":"Mors","description":"et netmedie med journalistik om livet p\u00e5 Mors","publisher":{"@id":"https:\/\/kunmedierne.dk\/mors\/#organization"},"potentialAction":[{"@type":"SearchAction","target":{"@type":"EntryPoint","urlTemplate":"https:\/\/kunmedierne.dk\/mors\/?s={search_term_string}"},"query-input":{"@type":"PropertyValueSpecification","valueRequired":true,"valueName":"search_term_string"}}],"inLanguage":"da-DK"},{"@type":"Organization","@id":"https:\/\/kunmedierne.dk\/mors\/#organization","name":"Mors","url":"https:\/\/kunmedierne.dk\/mors\/","logo":{"@type":"ImageObject","inLanguage":"da-DK","@id":"https:\/\/kunmedierne.dk\/mors\/#\/schema\/logo\/image\/","url":"https:\/\/kunmedierne.dk\/mors\/wp-content\/uploads\/2024\/08\/kunmors-logo.svg","contentUrl":"https:\/\/kunmedierne.dk\/mors\/wp-content\/uploads\/2024\/08\/kunmors-logo.svg","caption":"Mors"},"image":{"@id":"https:\/\/kunmedierne.dk\/mors\/#\/schema\/logo\/image\/"}},{"@type":"Person","@id":"https:\/\/kunmedierne.dk\/mors\/#\/schema\/person\/5fe23251bf1d0abbcdc6f7896579d548","name":"David H\u00f8jmark","image":{"@type":"ImageObject","inLanguage":"da-DK","@id":"https:\/\/kunmedierne.dk\/mors\/#\/schema\/person\/image\/","url":"https:\/\/secure.gravatar.com\/avatar\/4315d6fb9ef244d729989f5f90268eb08d5bf8a3d84402f595fa194bb35784fd?s=96&d=mm&r=g","contentUrl":"https:\/\/secure.gravatar.com\/avatar\/4315d6fb9ef244d729989f5f90268eb08d5bf8a3d84402f595fa194bb35784fd?s=96&d=mm&r=g","caption":"David H\u00f8jmark"},"sameAs":["https:\/\/www.kunmedierne.dk"],"url":"https:\/\/kunmedierne.dk\/mors\/author\/david\/"}]}},"_links":{"self":[{"href":"https:\/\/kunmedierne.dk\/mors\/wp-json\/wp\/v2\/posts\/17451","targetHints":{"allow":["GET"]}}],"collection":[{"href":"https:\/\/kunmedierne.dk\/mors\/wp-json\/wp\/v2\/posts"}],"about":[{"href":"https:\/\/kunmedierne.dk\/mors\/wp-json\/wp\/v2\/types\/post"}],"author":[{"embeddable":true,"href":"https:\/\/kunmedierne.dk\/mors\/wp-json\/wp\/v2\/users\/8"}],"replies":[{"embeddable":true,"href":"https:\/\/kunmedierne.dk\/mors\/wp-json\/wp\/v2\/comments?post=17451"}],"version-history":[{"count":2,"href":"https:\/\/kunmedierne.dk\/mors\/wp-json\/wp\/v2\/posts\/17451\/revisions"}],"predecessor-version":[{"id":17475,"href":"https:\/\/kunmedierne.dk\/mors\/wp-json\/wp\/v2\/posts\/17451\/revisions\/17475"}],"wp:featuredmedia":[{"embeddable":true,"href":"https:\/\/kunmedierne.dk\/mors\/wp-json\/wp\/v2\/media\/17466"}],"wp:attachment":[{"href":"https:\/\/kunmedierne.dk\/mors\/wp-json\/wp\/v2\/media?parent=17451"}],"wp:term":[{"taxonomy":"category","embeddable":true,"href":"https:\/\/kunmedierne.dk\/mors\/wp-json\/wp\/v2\/categories?post=17451"},{"taxonomy":"post_tag","embeddable":true,"href":"https:\/\/kunmedierne.dk\/mors\/wp-json\/wp\/v2\/tags?post=17451"}],"curies":[{"name":"wp","href":"https:\/\/api.w.org\/{rel}","templated":true}]}}