{"id":17356,"date":"2020-04-10T12:23:35","date_gmt":"2020-04-10T10:23:35","guid":{"rendered":"https:\/\/kunmedierne.dk\/mors\/?p=17356"},"modified":"2024-08-12T14:06:14","modified_gmt":"2024-08-12T12:06:14","slug":"ingen-klynk-fra-landmaend-under-coronakrisen","status":"publish","type":"post","link":"https:\/\/kunmedierne.dk\/mors\/ingen-klynk-fra-landmaend-under-coronakrisen\/","title":{"rendered":"Ingen klynk fra landm\u00e6nd under coronakrisen"},"content":{"rendered":"<p><strong>MORS<\/strong>: &#8220;Det er ikke ting, jeg kan g\u00f8re noget ved, men det kilder da lidt i maven.&#8221;<\/p>\n<p>M\u00e6lkeproducent Niels Holger Nordendahl p\u00e5 Ulleruphusevej opsummerer landbrugets aktuelle situation i \u00e9n s\u00e6tning: P\u00e5 trods af coronakrisen g\u00e5r det s\u00e5dan set, som det skal, men faktorer udefra kan \u00e6ndre situationen s\u00e5 meget, at man f\u00f8lger det hele med en vis sp\u00e6nding.<\/p>\n<p>Dollarkursen og markedet i andre lande er bare noget af det, der kan spille ind p\u00e5 danske landm\u00e6nds situation, men indtil videre er alarmklokkerne ikke i brug &#8211; heller ikke hos Niels Holger Nordendahl.<\/p>\n<p>&#8220;Og jeg har ikke h\u00f8rt om nogle kollegaer, der er presset endnu,&#8221; siger han.<\/p>\n<p>Som n\u00e6stformand i Landby Limfjord pr\u00e6senterer han omkring halvdelen af \u00f8ens landm\u00e6nd, og vurderingen er alts\u00e5, at coronakrisen har ramt andre dele af samfundet meget h\u00e5rdere end landbruget.<\/p>\n<p>&#8220;Indtil videre i hvert fald. Men vi holder selvf\u00f8lgelig vejret og h\u00e5ber, at det holder. Jeg kan jo ikke udtale mig om, hvordan markedet vil v\u00e6re p\u00e5 sigt, men indtil videre k\u00f8rer det,&#8221; siger Niels Holger Nordendahl.<\/p>\n<p>&nbsp;<\/p>\n<p><strong>Tager praktiske forholdsregler<\/strong><\/p>\n<p>Det bekr\u00e6fter Mette K\u00e6rgaard Iversen, m\u00e6lkeproducent fra Erslev. Hun sidder i bestyrelsen hos Landbo Thy, og hun melder f\u00f8rst og fremmest om praktiske udfordringer.<\/p>\n<p>&#8220;Det g\u00e5r, som det plejer at g\u00e5, vi har bare lidt flere hensyn at tage. Men vi har h\u00e5ndsprit til alle tankbilchauff\u00f8rer, insemin\u00f8rer og dyrl\u00e6ger, der kommer. Og s\u00e5 har vi jo snakket med vores medlemmer om at holde afstand,&#8221; siger hun.<\/p>\n<p>En af \u00e6ndringerne for medlemmerne af Landbo Thy er, at planteavlskonsulenter ikke kan komme ud som f\u00f8r. Men Mette K\u00e6rgaard Iversen p\u00e5peger, at meget, ogs\u00e5 i landbruget, kan klares over computeren, s\u00e5 den udfordring er ogs\u00e5 til at l\u00f8se.<\/p>\n<p>Men helt uden \u00f8konomiske udfordringer er landbruget selvf\u00f8lgelig ikke. Priserne p\u00e5 svin er sat ned, og if\u00f8lge Mette K\u00e6rgaard Iversen kan det ogs\u00e5 m\u00e6rkes, at de danske forbrugere k\u00f8ber hakkek\u00f8d, mens h\u00f8jrebssteg og andre mere eksklusive varer mest g\u00e5r til de restauranter og kroer, der for tiden er lukkede.<\/p>\n<p>Det f\u00e5r ogs\u00e5 betydning for hendes slagtekv\u00e6g.<\/p>\n<p>&#8220;Det er ikke s\u00e5dan, at vi ikke kan komme af med dem, men vi f\u00e5r bare ingen penge for dem,&#8221; siger hun.<\/p>\n<p>&nbsp;<\/p>\n<p><strong>Priserne var h\u00f8je i forvejen<\/strong><\/p>\n<p>Tobias Vienberg, indehaver af Virkelyst Svineproduktion, er p\u00e5 linje med sine to kollegaer. Han h\u00e6fter sig ved, at der ikke er tale om en f\u00f8devarekrise.<\/p>\n<p>&#8220;Det g\u00e5r egentlig nogenlunde fornuftigt. Eftersp\u00f8rgslen er den samme som f\u00f8r. Noteringen er selvf\u00f8lgelig faldet lidt de seneste tre uger, fordi markedet er usikkert, n\u00e5r det hele lukker ned,&#8221; siger han.<\/p>\n<p>&#8220;Men priserne var jo h\u00f8je, inden coronakrisen kom, og den er s\u00e5 bare reduceret en smule,&#8221; tilf\u00f8jer han.<\/p>\n<p>&nbsp;<\/p>\n<p>&nbsp;<\/p>\n","protected":false},"excerpt":{"rendered":"<p>MORS: &#8220;Det er ikke ting, jeg kan g\u00f8re noget ved, men det kilder da lidt i maven.&#8221; M\u00e6lkeproducent Niels Holger Nordendahl p\u00e5 Ulleruphusevej opsummerer landbrugets aktuelle situation i \u00e9n s\u00e6tning: P\u00e5 trods af coronakrisen g\u00e5r det s\u00e5dan set, som det skal, men faktorer udefra kan \u00e6ndre situationen s\u00e5 meget, at man f\u00f8lger det hele med [&hellip;]<\/p>\n","protected":false},"author":8,"featured_media":17357,"comment_status":"open","ping_status":"open","sticky":false,"template":"","format":"standard","meta":{"_acf_changed":false,"footnotes":""},"categories":[51],"tags":[159],"class_list":["post-17356","post","type-post","status-publish","format-standard","has-post-thumbnail","hentry","category-lokalt","tag-erhverv"],"acf":[],"yoast_head":"<!-- This site is optimized with the Yoast SEO plugin v26.8 - https:\/\/yoast.com\/product\/yoast-seo-wordpress\/ -->\n<title>Ingen klynk fra landm\u00e6nd under coronakrisen - Mors<\/title>\n<meta name=\"robots\" content=\"index, follow, max-snippet:-1, max-image-preview:large, max-video-preview:-1\" \/>\n<link rel=\"canonical\" href=\"https:\/\/kunmedierne.dk\/mors\/ingen-klynk-fra-landmaend-under-coronakrisen\/\" \/>\n<meta property=\"og:locale\" content=\"da_DK\" \/>\n<meta property=\"og:type\" content=\"article\" \/>\n<meta property=\"og:title\" content=\"Ingen klynk fra landm\u00e6nd under coronakrisen - Mors\" \/>\n<meta property=\"og:description\" content=\"MORS: &#8220;Det er ikke ting, jeg kan g\u00f8re noget ved, men det kilder da lidt i maven.&#8221; M\u00e6lkeproducent Niels Holger Nordendahl p\u00e5 Ulleruphusevej opsummerer landbrugets aktuelle situation i \u00e9n s\u00e6tning: P\u00e5 trods af coronakrisen g\u00e5r det s\u00e5dan set, som det skal, men faktorer udefra kan \u00e6ndre situationen s\u00e5 meget, at man f\u00f8lger det hele med [&hellip;]\" \/>\n<meta property=\"og:url\" content=\"https:\/\/kunmedierne.dk\/mors\/ingen-klynk-fra-landmaend-under-coronakrisen\/\" \/>\n<meta property=\"og:site_name\" content=\"Mors\" \/>\n<meta property=\"article:published_time\" content=\"2020-04-10T10:23:35+00:00\" \/>\n<meta property=\"article:modified_time\" content=\"2024-08-12T12:06:14+00:00\" \/>\n<meta property=\"og:image\" content=\"https:\/\/kunmedierne.dk\/mors\/wp-content\/uploads\/2020\/04\/megumi-nachev-8rVSeXEJG1g-unsplash.jpg\" \/>\n\t<meta property=\"og:image:width\" content=\"770\" \/>\n\t<meta property=\"og:image:height\" content=\"513\" \/>\n\t<meta property=\"og:image:type\" content=\"image\/jpeg\" \/>\n<meta name=\"author\" content=\"David H\u00f8jmark\" \/>\n<meta name=\"twitter:card\" content=\"summary_large_image\" \/>\n<meta name=\"twitter:label1\" content=\"Skrevet af\" \/>\n\t<meta name=\"twitter:data1\" content=\"David H\u00f8jmark\" \/>\n\t<meta name=\"twitter:label2\" content=\"Estimeret l\u00e6setid\" \/>\n\t<meta name=\"twitter:data2\" content=\"2 minutter\" \/>\n<script type=\"application\/ld+json\" class=\"yoast-schema-graph\">{\"@context\":\"https:\/\/schema.org\",\"@graph\":[{\"@type\":\"Article\",\"@id\":\"https:\/\/kunmedierne.dk\/mors\/ingen-klynk-fra-landmaend-under-coronakrisen\/#article\",\"isPartOf\":{\"@id\":\"https:\/\/kunmedierne.dk\/mors\/ingen-klynk-fra-landmaend-under-coronakrisen\/\"},\"author\":{\"name\":\"David H\u00f8jmark\",\"@id\":\"https:\/\/kunmedierne.dk\/mors\/#\/schema\/person\/5fe23251bf1d0abbcdc6f7896579d548\"},\"headline\":\"Ingen klynk fra landm\u00e6nd under coronakrisen\",\"datePublished\":\"2020-04-10T10:23:35+00:00\",\"dateModified\":\"2024-08-12T12:06:14+00:00\",\"mainEntityOfPage\":{\"@id\":\"https:\/\/kunmedierne.dk\/mors\/ingen-klynk-fra-landmaend-under-coronakrisen\/\"},\"wordCount\":499,\"commentCount\":0,\"publisher\":{\"@id\":\"https:\/\/kunmedierne.dk\/mors\/#organization\"},\"image\":{\"@id\":\"https:\/\/kunmedierne.dk\/mors\/ingen-klynk-fra-landmaend-under-coronakrisen\/#primaryimage\"},\"thumbnailUrl\":\"https:\/\/kunmedierne.dk\/mors\/wp-content\/uploads\/2020\/04\/megumi-nachev-8rVSeXEJG1g-unsplash.jpg\",\"keywords\":[\"Erhverv\"],\"articleSection\":[\"Lokalt\"],\"inLanguage\":\"da-DK\",\"potentialAction\":[{\"@type\":\"CommentAction\",\"name\":\"Comment\",\"target\":[\"https:\/\/kunmedierne.dk\/mors\/ingen-klynk-fra-landmaend-under-coronakrisen\/#respond\"]}]},{\"@type\":\"WebPage\",\"@id\":\"https:\/\/kunmedierne.dk\/mors\/ingen-klynk-fra-landmaend-under-coronakrisen\/\",\"url\":\"https:\/\/kunmedierne.dk\/mors\/ingen-klynk-fra-landmaend-under-coronakrisen\/\",\"name\":\"Ingen klynk fra landm\u00e6nd under coronakrisen - Mors\",\"isPartOf\":{\"@id\":\"https:\/\/kunmedierne.dk\/mors\/#website\"},\"primaryImageOfPage\":{\"@id\":\"https:\/\/kunmedierne.dk\/mors\/ingen-klynk-fra-landmaend-under-coronakrisen\/#primaryimage\"},\"image\":{\"@id\":\"https:\/\/kunmedierne.dk\/mors\/ingen-klynk-fra-landmaend-under-coronakrisen\/#primaryimage\"},\"thumbnailUrl\":\"https:\/\/kunmedierne.dk\/mors\/wp-content\/uploads\/2020\/04\/megumi-nachev-8rVSeXEJG1g-unsplash.jpg\",\"datePublished\":\"2020-04-10T10:23:35+00:00\",\"dateModified\":\"2024-08-12T12:06:14+00:00\",\"breadcrumb\":{\"@id\":\"https:\/\/kunmedierne.dk\/mors\/ingen-klynk-fra-landmaend-under-coronakrisen\/#breadcrumb\"},\"inLanguage\":\"da-DK\",\"potentialAction\":[{\"@type\":\"ReadAction\",\"target\":[\"https:\/\/kunmedierne.dk\/mors\/ingen-klynk-fra-landmaend-under-coronakrisen\/\"]}]},{\"@type\":\"ImageObject\",\"inLanguage\":\"da-DK\",\"@id\":\"https:\/\/kunmedierne.dk\/mors\/ingen-klynk-fra-landmaend-under-coronakrisen\/#primaryimage\",\"url\":\"https:\/\/kunmedierne.dk\/mors\/wp-content\/uploads\/2020\/04\/megumi-nachev-8rVSeXEJG1g-unsplash.jpg\",\"contentUrl\":\"https:\/\/kunmedierne.dk\/mors\/wp-content\/uploads\/2020\/04\/megumi-nachev-8rVSeXEJG1g-unsplash.jpg\",\"width\":770,\"height\":513,\"caption\":\"Coronakrisen rammer h\u00e5rdt - men indtil nu ikke hos landm\u00e6nd. Foto: Megumi Nachev\/Unsplash.\"},{\"@type\":\"BreadcrumbList\",\"@id\":\"https:\/\/kunmedierne.dk\/mors\/ingen-klynk-fra-landmaend-under-coronakrisen\/#breadcrumb\",\"itemListElement\":[{\"@type\":\"ListItem\",\"position\":1,\"name\":\"Hjem\",\"item\":\"https:\/\/kunmedierne.dk\/mors\/\"},{\"@type\":\"ListItem\",\"position\":2,\"name\":\"Ingen klynk fra landm\u00e6nd under coronakrisen\"}]},{\"@type\":\"WebSite\",\"@id\":\"https:\/\/kunmedierne.dk\/mors\/#website\",\"url\":\"https:\/\/kunmedierne.dk\/mors\/\",\"name\":\"Mors\",\"description\":\"et netmedie med journalistik om livet p\u00e5 Mors\",\"publisher\":{\"@id\":\"https:\/\/kunmedierne.dk\/mors\/#organization\"},\"potentialAction\":[{\"@type\":\"SearchAction\",\"target\":{\"@type\":\"EntryPoint\",\"urlTemplate\":\"https:\/\/kunmedierne.dk\/mors\/?s={search_term_string}\"},\"query-input\":{\"@type\":\"PropertyValueSpecification\",\"valueRequired\":true,\"valueName\":\"search_term_string\"}}],\"inLanguage\":\"da-DK\"},{\"@type\":\"Organization\",\"@id\":\"https:\/\/kunmedierne.dk\/mors\/#organization\",\"name\":\"Mors\",\"url\":\"https:\/\/kunmedierne.dk\/mors\/\",\"logo\":{\"@type\":\"ImageObject\",\"inLanguage\":\"da-DK\",\"@id\":\"https:\/\/kunmedierne.dk\/mors\/#\/schema\/logo\/image\/\",\"url\":\"https:\/\/kunmedierne.dk\/mors\/wp-content\/uploads\/2024\/08\/kunmors-logo.svg\",\"contentUrl\":\"https:\/\/kunmedierne.dk\/mors\/wp-content\/uploads\/2024\/08\/kunmors-logo.svg\",\"caption\":\"Mors\"},\"image\":{\"@id\":\"https:\/\/kunmedierne.dk\/mors\/#\/schema\/logo\/image\/\"}},{\"@type\":\"Person\",\"@id\":\"https:\/\/kunmedierne.dk\/mors\/#\/schema\/person\/5fe23251bf1d0abbcdc6f7896579d548\",\"name\":\"David H\u00f8jmark\",\"image\":{\"@type\":\"ImageObject\",\"inLanguage\":\"da-DK\",\"@id\":\"https:\/\/kunmedierne.dk\/mors\/#\/schema\/person\/image\/\",\"url\":\"https:\/\/secure.gravatar.com\/avatar\/4315d6fb9ef244d729989f5f90268eb08d5bf8a3d84402f595fa194bb35784fd?s=96&d=mm&r=g\",\"contentUrl\":\"https:\/\/secure.gravatar.com\/avatar\/4315d6fb9ef244d729989f5f90268eb08d5bf8a3d84402f595fa194bb35784fd?s=96&d=mm&r=g\",\"caption\":\"David H\u00f8jmark\"},\"sameAs\":[\"https:\/\/www.kunmedierne.dk\"],\"url\":\"https:\/\/kunmedierne.dk\/mors\/author\/david\/\"}]}<\/script>\n<!-- \/ Yoast SEO plugin. -->","yoast_head_json":{"title":"Ingen klynk fra landm\u00e6nd under coronakrisen - Mors","robots":{"index":"index","follow":"follow","max-snippet":"max-snippet:-1","max-image-preview":"max-image-preview:large","max-video-preview":"max-video-preview:-1"},"canonical":"https:\/\/kunmedierne.dk\/mors\/ingen-klynk-fra-landmaend-under-coronakrisen\/","og_locale":"da_DK","og_type":"article","og_title":"Ingen klynk fra landm\u00e6nd under coronakrisen - Mors","og_description":"MORS: &#8220;Det er ikke ting, jeg kan g\u00f8re noget ved, men det kilder da lidt i maven.&#8221; M\u00e6lkeproducent Niels Holger Nordendahl p\u00e5 Ulleruphusevej opsummerer landbrugets aktuelle situation i \u00e9n s\u00e6tning: P\u00e5 trods af coronakrisen g\u00e5r det s\u00e5dan set, som det skal, men faktorer udefra kan \u00e6ndre situationen s\u00e5 meget, at man f\u00f8lger det hele med [&hellip;]","og_url":"https:\/\/kunmedierne.dk\/mors\/ingen-klynk-fra-landmaend-under-coronakrisen\/","og_site_name":"Mors","article_published_time":"2020-04-10T10:23:35+00:00","article_modified_time":"2024-08-12T12:06:14+00:00","og_image":[{"width":770,"height":513,"url":"https:\/\/kunmedierne.dk\/mors\/wp-content\/uploads\/2020\/04\/megumi-nachev-8rVSeXEJG1g-unsplash.jpg","type":"image\/jpeg"}],"author":"David H\u00f8jmark","twitter_card":"summary_large_image","twitter_misc":{"Skrevet af":"David H\u00f8jmark","Estimeret l\u00e6setid":"2 minutter"},"schema":{"@context":"https:\/\/schema.org","@graph":[{"@type":"Article","@id":"https:\/\/kunmedierne.dk\/mors\/ingen-klynk-fra-landmaend-under-coronakrisen\/#article","isPartOf":{"@id":"https:\/\/kunmedierne.dk\/mors\/ingen-klynk-fra-landmaend-under-coronakrisen\/"},"author":{"name":"David H\u00f8jmark","@id":"https:\/\/kunmedierne.dk\/mors\/#\/schema\/person\/5fe23251bf1d0abbcdc6f7896579d548"},"headline":"Ingen klynk fra landm\u00e6nd under coronakrisen","datePublished":"2020-04-10T10:23:35+00:00","dateModified":"2024-08-12T12:06:14+00:00","mainEntityOfPage":{"@id":"https:\/\/kunmedierne.dk\/mors\/ingen-klynk-fra-landmaend-under-coronakrisen\/"},"wordCount":499,"commentCount":0,"publisher":{"@id":"https:\/\/kunmedierne.dk\/mors\/#organization"},"image":{"@id":"https:\/\/kunmedierne.dk\/mors\/ingen-klynk-fra-landmaend-under-coronakrisen\/#primaryimage"},"thumbnailUrl":"https:\/\/kunmedierne.dk\/mors\/wp-content\/uploads\/2020\/04\/megumi-nachev-8rVSeXEJG1g-unsplash.jpg","keywords":["Erhverv"],"articleSection":["Lokalt"],"inLanguage":"da-DK","potentialAction":[{"@type":"CommentAction","name":"Comment","target":["https:\/\/kunmedierne.dk\/mors\/ingen-klynk-fra-landmaend-under-coronakrisen\/#respond"]}]},{"@type":"WebPage","@id":"https:\/\/kunmedierne.dk\/mors\/ingen-klynk-fra-landmaend-under-coronakrisen\/","url":"https:\/\/kunmedierne.dk\/mors\/ingen-klynk-fra-landmaend-under-coronakrisen\/","name":"Ingen klynk fra landm\u00e6nd under coronakrisen - Mors","isPartOf":{"@id":"https:\/\/kunmedierne.dk\/mors\/#website"},"primaryImageOfPage":{"@id":"https:\/\/kunmedierne.dk\/mors\/ingen-klynk-fra-landmaend-under-coronakrisen\/#primaryimage"},"image":{"@id":"https:\/\/kunmedierne.dk\/mors\/ingen-klynk-fra-landmaend-under-coronakrisen\/#primaryimage"},"thumbnailUrl":"https:\/\/kunmedierne.dk\/mors\/wp-content\/uploads\/2020\/04\/megumi-nachev-8rVSeXEJG1g-unsplash.jpg","datePublished":"2020-04-10T10:23:35+00:00","dateModified":"2024-08-12T12:06:14+00:00","breadcrumb":{"@id":"https:\/\/kunmedierne.dk\/mors\/ingen-klynk-fra-landmaend-under-coronakrisen\/#breadcrumb"},"inLanguage":"da-DK","potentialAction":[{"@type":"ReadAction","target":["https:\/\/kunmedierne.dk\/mors\/ingen-klynk-fra-landmaend-under-coronakrisen\/"]}]},{"@type":"ImageObject","inLanguage":"da-DK","@id":"https:\/\/kunmedierne.dk\/mors\/ingen-klynk-fra-landmaend-under-coronakrisen\/#primaryimage","url":"https:\/\/kunmedierne.dk\/mors\/wp-content\/uploads\/2020\/04\/megumi-nachev-8rVSeXEJG1g-unsplash.jpg","contentUrl":"https:\/\/kunmedierne.dk\/mors\/wp-content\/uploads\/2020\/04\/megumi-nachev-8rVSeXEJG1g-unsplash.jpg","width":770,"height":513,"caption":"Coronakrisen rammer h\u00e5rdt - men indtil nu ikke hos landm\u00e6nd. Foto: Megumi Nachev\/Unsplash."},{"@type":"BreadcrumbList","@id":"https:\/\/kunmedierne.dk\/mors\/ingen-klynk-fra-landmaend-under-coronakrisen\/#breadcrumb","itemListElement":[{"@type":"ListItem","position":1,"name":"Hjem","item":"https:\/\/kunmedierne.dk\/mors\/"},{"@type":"ListItem","position":2,"name":"Ingen klynk fra landm\u00e6nd under coronakrisen"}]},{"@type":"WebSite","@id":"https:\/\/kunmedierne.dk\/mors\/#website","url":"https:\/\/kunmedierne.dk\/mors\/","name":"Mors","description":"et netmedie med journalistik om livet p\u00e5 Mors","publisher":{"@id":"https:\/\/kunmedierne.dk\/mors\/#organization"},"potentialAction":[{"@type":"SearchAction","target":{"@type":"EntryPoint","urlTemplate":"https:\/\/kunmedierne.dk\/mors\/?s={search_term_string}"},"query-input":{"@type":"PropertyValueSpecification","valueRequired":true,"valueName":"search_term_string"}}],"inLanguage":"da-DK"},{"@type":"Organization","@id":"https:\/\/kunmedierne.dk\/mors\/#organization","name":"Mors","url":"https:\/\/kunmedierne.dk\/mors\/","logo":{"@type":"ImageObject","inLanguage":"da-DK","@id":"https:\/\/kunmedierne.dk\/mors\/#\/schema\/logo\/image\/","url":"https:\/\/kunmedierne.dk\/mors\/wp-content\/uploads\/2024\/08\/kunmors-logo.svg","contentUrl":"https:\/\/kunmedierne.dk\/mors\/wp-content\/uploads\/2024\/08\/kunmors-logo.svg","caption":"Mors"},"image":{"@id":"https:\/\/kunmedierne.dk\/mors\/#\/schema\/logo\/image\/"}},{"@type":"Person","@id":"https:\/\/kunmedierne.dk\/mors\/#\/schema\/person\/5fe23251bf1d0abbcdc6f7896579d548","name":"David H\u00f8jmark","image":{"@type":"ImageObject","inLanguage":"da-DK","@id":"https:\/\/kunmedierne.dk\/mors\/#\/schema\/person\/image\/","url":"https:\/\/secure.gravatar.com\/avatar\/4315d6fb9ef244d729989f5f90268eb08d5bf8a3d84402f595fa194bb35784fd?s=96&d=mm&r=g","contentUrl":"https:\/\/secure.gravatar.com\/avatar\/4315d6fb9ef244d729989f5f90268eb08d5bf8a3d84402f595fa194bb35784fd?s=96&d=mm&r=g","caption":"David H\u00f8jmark"},"sameAs":["https:\/\/www.kunmedierne.dk"],"url":"https:\/\/kunmedierne.dk\/mors\/author\/david\/"}]}},"_links":{"self":[{"href":"https:\/\/kunmedierne.dk\/mors\/wp-json\/wp\/v2\/posts\/17356","targetHints":{"allow":["GET"]}}],"collection":[{"href":"https:\/\/kunmedierne.dk\/mors\/wp-json\/wp\/v2\/posts"}],"about":[{"href":"https:\/\/kunmedierne.dk\/mors\/wp-json\/wp\/v2\/types\/post"}],"author":[{"embeddable":true,"href":"https:\/\/kunmedierne.dk\/mors\/wp-json\/wp\/v2\/users\/8"}],"replies":[{"embeddable":true,"href":"https:\/\/kunmedierne.dk\/mors\/wp-json\/wp\/v2\/comments?post=17356"}],"version-history":[{"count":1,"href":"https:\/\/kunmedierne.dk\/mors\/wp-json\/wp\/v2\/posts\/17356\/revisions"}],"predecessor-version":[{"id":17358,"href":"https:\/\/kunmedierne.dk\/mors\/wp-json\/wp\/v2\/posts\/17356\/revisions\/17358"}],"wp:featuredmedia":[{"embeddable":true,"href":"https:\/\/kunmedierne.dk\/mors\/wp-json\/wp\/v2\/media\/17357"}],"wp:attachment":[{"href":"https:\/\/kunmedierne.dk\/mors\/wp-json\/wp\/v2\/media?parent=17356"}],"wp:term":[{"taxonomy":"category","embeddable":true,"href":"https:\/\/kunmedierne.dk\/mors\/wp-json\/wp\/v2\/categories?post=17356"},{"taxonomy":"post_tag","embeddable":true,"href":"https:\/\/kunmedierne.dk\/mors\/wp-json\/wp\/v2\/tags?post=17356"}],"curies":[{"name":"wp","href":"https:\/\/api.w.org\/{rel}","templated":true}]}}