{"id":17318,"date":"2020-04-09T17:59:03","date_gmt":"2020-04-09T15:59:03","guid":{"rendered":"https:\/\/kunmedierne.dk\/mors\/?p=17318"},"modified":"2024-08-12T14:06:15","modified_gmt":"2024-08-12T12:06:15","slug":"halinspektoer-fra-sejerslev-om-et-halvt-aar-kryber-hallerne-i-knae","status":"publish","type":"post","link":"https:\/\/kunmedierne.dk\/mors\/halinspektoer-fra-sejerslev-om-et-halvt-aar-kryber-hallerne-i-knae\/","title":{"rendered":"Halinspekt\u00f8r fra Sejerslev: Om et halvt \u00e5r kryber hallerne i kn\u00e6"},"content":{"rendered":"<p><strong>SEJERSLEV<\/strong>: Coronakrisens mange aflysninger rammer ikke mindst omr\u00e5dets haller.<\/p>\n<p>Det bliver de helt aktuelt i gabende tommer versioner af sig selv i stedet for den store aktivitet, der indtil for en m\u00e5ned siden var lagt op til med det traditionsrige Mors\u00f8 P\u00e5skest\u00e6vne.<\/p>\n<p>Det m\u00e6rker man blandt andet i Nordmorshallen &#8211; ogs\u00e5 helt personligt for halinspekt\u00f8r Mona Josefsen, der sammen med sin mand J\u00f8rgen og d\u00f8trene Julie og Laura for f\u00f8rste gang meget l\u00e6nge ikke har h\u00e5ndbold p\u00e5 programmet under h\u00f8jtiden.<\/p>\n<p>&#8220;Det er faktisk f\u00f8rste gang i 12 \u00e5r, vi er hjemme i p\u00e5sken,&#8221; siger hun og beskriver p\u00e5sken, ikke mindst for Nordmorshallen, som et par gode og sjove dage &#8211; under normale omst\u00e6ndigheder.<\/p>\n<p>Nu bliver de alt for stille, og i det hele taget er der stille i hallen i Sejerslev, hvor halinspekt\u00f8ren dog kan tr\u00f8ste sig med, at hun har sin egen Caf\u00e9 Hyggekrogen at holde i gang.<\/p>\n<p>For den klarer sig faktisk fint.<\/p>\n<p>&#8220;Take away k\u00f8rer stort set, som det plejer. Folk er rigtig gode til at bakke op om det,&#8221; siger Mona Josefsen og anl\u00e6gger en optimistisk vinkel p\u00e5 alt det andet, der plejer at foreg\u00e5 i hallen p\u00e5 denne tid af \u00e5ret.<\/p>\n<p>&#8220;H\u00e5ndbolden er jo d\u00f8d, og udend\u00f8rsaktiviteterne er d\u00f8de. Men s\u00e5 har man jo mulighed for at g\u00f8re ekstra rent og komme helt ud i hj\u00f8rnerne,&#8221; siger hun.<\/p>\n<p>&nbsp;<\/p>\n<p><strong>Hallerne bliver pressede<\/strong><\/p>\n<p>Udover p\u00e5skest\u00e6vne burde Nordmorshallen lige nu ogs\u00e5 v\u00e6re pr\u00e6get af fodbolds\u00e6sonen.<\/p>\n<p>IF Nordmors skulle have \u00e5bnet serie 4 i fredags, og allerede 18. april ville \u00e5rets f\u00f8rste North Firm have trukket masser af tilskuere til Sejerslev for at se det store derby mod Flade IF.<\/p>\n<p>Det bliver ikke til noget, og den aktivitetsl\u00f8se periode kan da ogs\u00e5 m\u00e6rkes p\u00e5 \u00f8konomien i hallen, melder Mona Josefsen.<\/p>\n<p>&#8220;Som s\u00e5dan er det \u00f8konomiske tilskud fra kommunen jo det samme. Og skiltelejen er ogs\u00e5, som den plejer. Men i l\u00e6ngden bliver det ogs\u00e5 h\u00e5rdt for Nordmorshallen. Det kan jo v\u00e6re, at kommunen siger, at n\u00e5r det ikke bliver brugt, vil den heller ikke give s\u00e5 meget i st\u00f8tte,&#8221; lyder bekymringen fra halinspekt\u00f8ren, som sl\u00e5r fast, at udgifterne, bortset fra det, der spares p\u00e5 vand og str\u00f8m, er de samme som f\u00f8r coronakrisen.<\/p>\n<p>Derfor forestiller hun sig heller ikke, at den nuv\u00e6rende tilstand kan blive ved i evigheder. Hvis der ikke kommer gang i samfundet, og dermed ogs\u00e5 aktiviteterne i hallerne, vil de blive h\u00e5rdt pressede. Om et halvt \u00e5r, vurderer hun.<\/p>\n<p>&#8220;S\u00e5 begynder de at krybe i kn\u00e6,&#8221; siger Mona Josefsen, som dog i f\u00f8rste omgang har mere ondt af nogle af de st\u00f8rre haller.<\/p>\n<p>&#8220;De har det nok sv\u00e6rere end os, fordi de har lejet ud til at meget mere,&#8221; siger hun.<\/p>\n","protected":false},"excerpt":{"rendered":"<p>SEJERSLEV: Coronakrisens mange aflysninger rammer ikke mindst omr\u00e5dets haller. Det bliver de helt aktuelt i gabende tommer versioner af sig selv i stedet for den store aktivitet, der indtil for en m\u00e5ned siden var lagt op til med det traditionsrige Mors\u00f8 P\u00e5skest\u00e6vne. Det m\u00e6rker man blandt andet i Nordmorshallen &#8211; ogs\u00e5 helt personligt for halinspekt\u00f8r [&hellip;]<\/p>\n","protected":false},"author":8,"featured_media":17319,"comment_status":"open","ping_status":"open","sticky":false,"template":"","format":"standard","meta":{"_acf_changed":false,"footnotes":""},"categories":[51],"tags":[],"class_list":["post-17318","post","type-post","status-publish","format-standard","has-post-thumbnail","hentry","category-lokalt"],"acf":[],"yoast_head":"<!-- This site is optimized with the Yoast SEO plugin v26.8 - https:\/\/yoast.com\/product\/yoast-seo-wordpress\/ -->\n<title>Halinspekt\u00f8r fra Sejerslev: Om et halvt \u00e5r kryber hallerne i kn\u00e6 - Mors<\/title>\n<meta name=\"robots\" content=\"index, follow, max-snippet:-1, max-image-preview:large, max-video-preview:-1\" \/>\n<link rel=\"canonical\" href=\"https:\/\/kunmedierne.dk\/mors\/halinspektoer-fra-sejerslev-om-et-halvt-aar-kryber-hallerne-i-knae\/\" \/>\n<meta property=\"og:locale\" content=\"da_DK\" \/>\n<meta property=\"og:type\" content=\"article\" \/>\n<meta property=\"og:title\" content=\"Halinspekt\u00f8r fra Sejerslev: Om et halvt \u00e5r kryber hallerne i kn\u00e6 - Mors\" \/>\n<meta property=\"og:description\" content=\"SEJERSLEV: Coronakrisens mange aflysninger rammer ikke mindst omr\u00e5dets haller. Det bliver de helt aktuelt i gabende tommer versioner af sig selv i stedet for den store aktivitet, der indtil for en m\u00e5ned siden var lagt op til med det traditionsrige Mors\u00f8 P\u00e5skest\u00e6vne. Det m\u00e6rker man blandt andet i Nordmorshallen &#8211; ogs\u00e5 helt personligt for halinspekt\u00f8r [&hellip;]\" \/>\n<meta property=\"og:url\" content=\"https:\/\/kunmedierne.dk\/mors\/halinspektoer-fra-sejerslev-om-et-halvt-aar-kryber-hallerne-i-knae\/\" \/>\n<meta property=\"og:site_name\" content=\"Mors\" \/>\n<meta property=\"article:published_time\" content=\"2020-04-09T15:59:03+00:00\" \/>\n<meta property=\"article:modified_time\" content=\"2024-08-12T12:06:15+00:00\" \/>\n<meta property=\"og:image\" content=\"https:\/\/kunmedierne.dk\/mors\/wp-content\/uploads\/2020\/04\/nordmorshallen.jpg\" \/>\n\t<meta property=\"og:image:width\" content=\"770\" \/>\n\t<meta property=\"og:image:height\" content=\"513\" \/>\n\t<meta property=\"og:image:type\" content=\"image\/jpeg\" \/>\n<meta name=\"author\" content=\"David H\u00f8jmark\" \/>\n<meta name=\"twitter:card\" content=\"summary_large_image\" \/>\n<meta name=\"twitter:label1\" content=\"Skrevet af\" \/>\n\t<meta name=\"twitter:data1\" content=\"David H\u00f8jmark\" \/>\n\t<meta name=\"twitter:label2\" content=\"Estimeret l\u00e6setid\" \/>\n\t<meta name=\"twitter:data2\" content=\"2 minutter\" \/>\n<script type=\"application\/ld+json\" class=\"yoast-schema-graph\">{\"@context\":\"https:\/\/schema.org\",\"@graph\":[{\"@type\":\"Article\",\"@id\":\"https:\/\/kunmedierne.dk\/mors\/halinspektoer-fra-sejerslev-om-et-halvt-aar-kryber-hallerne-i-knae\/#article\",\"isPartOf\":{\"@id\":\"https:\/\/kunmedierne.dk\/mors\/halinspektoer-fra-sejerslev-om-et-halvt-aar-kryber-hallerne-i-knae\/\"},\"author\":{\"name\":\"David H\u00f8jmark\",\"@id\":\"https:\/\/kunmedierne.dk\/mors\/#\/schema\/person\/5fe23251bf1d0abbcdc6f7896579d548\"},\"headline\":\"Halinspekt\u00f8r fra Sejerslev: Om et halvt \u00e5r kryber hallerne i kn\u00e6\",\"datePublished\":\"2020-04-09T15:59:03+00:00\",\"dateModified\":\"2024-08-12T12:06:15+00:00\",\"mainEntityOfPage\":{\"@id\":\"https:\/\/kunmedierne.dk\/mors\/halinspektoer-fra-sejerslev-om-et-halvt-aar-kryber-hallerne-i-knae\/\"},\"wordCount\":504,\"commentCount\":0,\"publisher\":{\"@id\":\"https:\/\/kunmedierne.dk\/mors\/#organization\"},\"image\":{\"@id\":\"https:\/\/kunmedierne.dk\/mors\/halinspektoer-fra-sejerslev-om-et-halvt-aar-kryber-hallerne-i-knae\/#primaryimage\"},\"thumbnailUrl\":\"https:\/\/kunmedierne.dk\/mors\/wp-content\/uploads\/2020\/04\/nordmorshallen.jpg\",\"articleSection\":[\"Lokalt\"],\"inLanguage\":\"da-DK\",\"potentialAction\":[{\"@type\":\"CommentAction\",\"name\":\"Comment\",\"target\":[\"https:\/\/kunmedierne.dk\/mors\/halinspektoer-fra-sejerslev-om-et-halvt-aar-kryber-hallerne-i-knae\/#respond\"]}]},{\"@type\":\"WebPage\",\"@id\":\"https:\/\/kunmedierne.dk\/mors\/halinspektoer-fra-sejerslev-om-et-halvt-aar-kryber-hallerne-i-knae\/\",\"url\":\"https:\/\/kunmedierne.dk\/mors\/halinspektoer-fra-sejerslev-om-et-halvt-aar-kryber-hallerne-i-knae\/\",\"name\":\"Halinspekt\u00f8r fra Sejerslev: Om et halvt \u00e5r kryber hallerne i kn\u00e6 - Mors\",\"isPartOf\":{\"@id\":\"https:\/\/kunmedierne.dk\/mors\/#website\"},\"primaryImageOfPage\":{\"@id\":\"https:\/\/kunmedierne.dk\/mors\/halinspektoer-fra-sejerslev-om-et-halvt-aar-kryber-hallerne-i-knae\/#primaryimage\"},\"image\":{\"@id\":\"https:\/\/kunmedierne.dk\/mors\/halinspektoer-fra-sejerslev-om-et-halvt-aar-kryber-hallerne-i-knae\/#primaryimage\"},\"thumbnailUrl\":\"https:\/\/kunmedierne.dk\/mors\/wp-content\/uploads\/2020\/04\/nordmorshallen.jpg\",\"datePublished\":\"2020-04-09T15:59:03+00:00\",\"dateModified\":\"2024-08-12T12:06:15+00:00\",\"breadcrumb\":{\"@id\":\"https:\/\/kunmedierne.dk\/mors\/halinspektoer-fra-sejerslev-om-et-halvt-aar-kryber-hallerne-i-knae\/#breadcrumb\"},\"inLanguage\":\"da-DK\",\"potentialAction\":[{\"@type\":\"ReadAction\",\"target\":[\"https:\/\/kunmedierne.dk\/mors\/halinspektoer-fra-sejerslev-om-et-halvt-aar-kryber-hallerne-i-knae\/\"]}]},{\"@type\":\"ImageObject\",\"inLanguage\":\"da-DK\",\"@id\":\"https:\/\/kunmedierne.dk\/mors\/halinspektoer-fra-sejerslev-om-et-halvt-aar-kryber-hallerne-i-knae\/#primaryimage\",\"url\":\"https:\/\/kunmedierne.dk\/mors\/wp-content\/uploads\/2020\/04\/nordmorshallen.jpg\",\"contentUrl\":\"https:\/\/kunmedierne.dk\/mors\/wp-content\/uploads\/2020\/04\/nordmorshallen.jpg\",\"width\":770,\"height\":513,\"caption\":\"Dette er der ingenting af for tiden i Nordmorshallen og \u00f8ens \u00f8vrige haller. Foto: Nordmorshallen.\"},{\"@type\":\"BreadcrumbList\",\"@id\":\"https:\/\/kunmedierne.dk\/mors\/halinspektoer-fra-sejerslev-om-et-halvt-aar-kryber-hallerne-i-knae\/#breadcrumb\",\"itemListElement\":[{\"@type\":\"ListItem\",\"position\":1,\"name\":\"Hjem\",\"item\":\"https:\/\/kunmedierne.dk\/mors\/\"},{\"@type\":\"ListItem\",\"position\":2,\"name\":\"Halinspekt\u00f8r fra Sejerslev: Om et halvt \u00e5r kryber hallerne i kn\u00e6\"}]},{\"@type\":\"WebSite\",\"@id\":\"https:\/\/kunmedierne.dk\/mors\/#website\",\"url\":\"https:\/\/kunmedierne.dk\/mors\/\",\"name\":\"Mors\",\"description\":\"et netmedie med journalistik om livet p\u00e5 Mors\",\"publisher\":{\"@id\":\"https:\/\/kunmedierne.dk\/mors\/#organization\"},\"potentialAction\":[{\"@type\":\"SearchAction\",\"target\":{\"@type\":\"EntryPoint\",\"urlTemplate\":\"https:\/\/kunmedierne.dk\/mors\/?s={search_term_string}\"},\"query-input\":{\"@type\":\"PropertyValueSpecification\",\"valueRequired\":true,\"valueName\":\"search_term_string\"}}],\"inLanguage\":\"da-DK\"},{\"@type\":\"Organization\",\"@id\":\"https:\/\/kunmedierne.dk\/mors\/#organization\",\"name\":\"Mors\",\"url\":\"https:\/\/kunmedierne.dk\/mors\/\",\"logo\":{\"@type\":\"ImageObject\",\"inLanguage\":\"da-DK\",\"@id\":\"https:\/\/kunmedierne.dk\/mors\/#\/schema\/logo\/image\/\",\"url\":\"https:\/\/kunmedierne.dk\/mors\/wp-content\/uploads\/2024\/08\/kunmors-logo.svg\",\"contentUrl\":\"https:\/\/kunmedierne.dk\/mors\/wp-content\/uploads\/2024\/08\/kunmors-logo.svg\",\"caption\":\"Mors\"},\"image\":{\"@id\":\"https:\/\/kunmedierne.dk\/mors\/#\/schema\/logo\/image\/\"}},{\"@type\":\"Person\",\"@id\":\"https:\/\/kunmedierne.dk\/mors\/#\/schema\/person\/5fe23251bf1d0abbcdc6f7896579d548\",\"name\":\"David H\u00f8jmark\",\"image\":{\"@type\":\"ImageObject\",\"inLanguage\":\"da-DK\",\"@id\":\"https:\/\/kunmedierne.dk\/mors\/#\/schema\/person\/image\/\",\"url\":\"https:\/\/secure.gravatar.com\/avatar\/4315d6fb9ef244d729989f5f90268eb08d5bf8a3d84402f595fa194bb35784fd?s=96&d=mm&r=g\",\"contentUrl\":\"https:\/\/secure.gravatar.com\/avatar\/4315d6fb9ef244d729989f5f90268eb08d5bf8a3d84402f595fa194bb35784fd?s=96&d=mm&r=g\",\"caption\":\"David H\u00f8jmark\"},\"sameAs\":[\"https:\/\/www.kunmedierne.dk\"],\"url\":\"https:\/\/kunmedierne.dk\/mors\/author\/david\/\"}]}<\/script>\n<!-- \/ Yoast SEO plugin. -->","yoast_head_json":{"title":"Halinspekt\u00f8r fra Sejerslev: Om et halvt \u00e5r kryber hallerne i kn\u00e6 - Mors","robots":{"index":"index","follow":"follow","max-snippet":"max-snippet:-1","max-image-preview":"max-image-preview:large","max-video-preview":"max-video-preview:-1"},"canonical":"https:\/\/kunmedierne.dk\/mors\/halinspektoer-fra-sejerslev-om-et-halvt-aar-kryber-hallerne-i-knae\/","og_locale":"da_DK","og_type":"article","og_title":"Halinspekt\u00f8r fra Sejerslev: Om et halvt \u00e5r kryber hallerne i kn\u00e6 - Mors","og_description":"SEJERSLEV: Coronakrisens mange aflysninger rammer ikke mindst omr\u00e5dets haller. Det bliver de helt aktuelt i gabende tommer versioner af sig selv i stedet for den store aktivitet, der indtil for en m\u00e5ned siden var lagt op til med det traditionsrige Mors\u00f8 P\u00e5skest\u00e6vne. Det m\u00e6rker man blandt andet i Nordmorshallen &#8211; ogs\u00e5 helt personligt for halinspekt\u00f8r [&hellip;]","og_url":"https:\/\/kunmedierne.dk\/mors\/halinspektoer-fra-sejerslev-om-et-halvt-aar-kryber-hallerne-i-knae\/","og_site_name":"Mors","article_published_time":"2020-04-09T15:59:03+00:00","article_modified_time":"2024-08-12T12:06:15+00:00","og_image":[{"width":770,"height":513,"url":"https:\/\/kunmedierne.dk\/mors\/wp-content\/uploads\/2020\/04\/nordmorshallen.jpg","type":"image\/jpeg"}],"author":"David H\u00f8jmark","twitter_card":"summary_large_image","twitter_misc":{"Skrevet af":"David H\u00f8jmark","Estimeret l\u00e6setid":"2 minutter"},"schema":{"@context":"https:\/\/schema.org","@graph":[{"@type":"Article","@id":"https:\/\/kunmedierne.dk\/mors\/halinspektoer-fra-sejerslev-om-et-halvt-aar-kryber-hallerne-i-knae\/#article","isPartOf":{"@id":"https:\/\/kunmedierne.dk\/mors\/halinspektoer-fra-sejerslev-om-et-halvt-aar-kryber-hallerne-i-knae\/"},"author":{"name":"David H\u00f8jmark","@id":"https:\/\/kunmedierne.dk\/mors\/#\/schema\/person\/5fe23251bf1d0abbcdc6f7896579d548"},"headline":"Halinspekt\u00f8r fra Sejerslev: Om et halvt \u00e5r kryber hallerne i kn\u00e6","datePublished":"2020-04-09T15:59:03+00:00","dateModified":"2024-08-12T12:06:15+00:00","mainEntityOfPage":{"@id":"https:\/\/kunmedierne.dk\/mors\/halinspektoer-fra-sejerslev-om-et-halvt-aar-kryber-hallerne-i-knae\/"},"wordCount":504,"commentCount":0,"publisher":{"@id":"https:\/\/kunmedierne.dk\/mors\/#organization"},"image":{"@id":"https:\/\/kunmedierne.dk\/mors\/halinspektoer-fra-sejerslev-om-et-halvt-aar-kryber-hallerne-i-knae\/#primaryimage"},"thumbnailUrl":"https:\/\/kunmedierne.dk\/mors\/wp-content\/uploads\/2020\/04\/nordmorshallen.jpg","articleSection":["Lokalt"],"inLanguage":"da-DK","potentialAction":[{"@type":"CommentAction","name":"Comment","target":["https:\/\/kunmedierne.dk\/mors\/halinspektoer-fra-sejerslev-om-et-halvt-aar-kryber-hallerne-i-knae\/#respond"]}]},{"@type":"WebPage","@id":"https:\/\/kunmedierne.dk\/mors\/halinspektoer-fra-sejerslev-om-et-halvt-aar-kryber-hallerne-i-knae\/","url":"https:\/\/kunmedierne.dk\/mors\/halinspektoer-fra-sejerslev-om-et-halvt-aar-kryber-hallerne-i-knae\/","name":"Halinspekt\u00f8r fra Sejerslev: Om et halvt \u00e5r kryber hallerne i kn\u00e6 - Mors","isPartOf":{"@id":"https:\/\/kunmedierne.dk\/mors\/#website"},"primaryImageOfPage":{"@id":"https:\/\/kunmedierne.dk\/mors\/halinspektoer-fra-sejerslev-om-et-halvt-aar-kryber-hallerne-i-knae\/#primaryimage"},"image":{"@id":"https:\/\/kunmedierne.dk\/mors\/halinspektoer-fra-sejerslev-om-et-halvt-aar-kryber-hallerne-i-knae\/#primaryimage"},"thumbnailUrl":"https:\/\/kunmedierne.dk\/mors\/wp-content\/uploads\/2020\/04\/nordmorshallen.jpg","datePublished":"2020-04-09T15:59:03+00:00","dateModified":"2024-08-12T12:06:15+00:00","breadcrumb":{"@id":"https:\/\/kunmedierne.dk\/mors\/halinspektoer-fra-sejerslev-om-et-halvt-aar-kryber-hallerne-i-knae\/#breadcrumb"},"inLanguage":"da-DK","potentialAction":[{"@type":"ReadAction","target":["https:\/\/kunmedierne.dk\/mors\/halinspektoer-fra-sejerslev-om-et-halvt-aar-kryber-hallerne-i-knae\/"]}]},{"@type":"ImageObject","inLanguage":"da-DK","@id":"https:\/\/kunmedierne.dk\/mors\/halinspektoer-fra-sejerslev-om-et-halvt-aar-kryber-hallerne-i-knae\/#primaryimage","url":"https:\/\/kunmedierne.dk\/mors\/wp-content\/uploads\/2020\/04\/nordmorshallen.jpg","contentUrl":"https:\/\/kunmedierne.dk\/mors\/wp-content\/uploads\/2020\/04\/nordmorshallen.jpg","width":770,"height":513,"caption":"Dette er der ingenting af for tiden i Nordmorshallen og \u00f8ens \u00f8vrige haller. Foto: Nordmorshallen."},{"@type":"BreadcrumbList","@id":"https:\/\/kunmedierne.dk\/mors\/halinspektoer-fra-sejerslev-om-et-halvt-aar-kryber-hallerne-i-knae\/#breadcrumb","itemListElement":[{"@type":"ListItem","position":1,"name":"Hjem","item":"https:\/\/kunmedierne.dk\/mors\/"},{"@type":"ListItem","position":2,"name":"Halinspekt\u00f8r fra Sejerslev: Om et halvt \u00e5r kryber hallerne i kn\u00e6"}]},{"@type":"WebSite","@id":"https:\/\/kunmedierne.dk\/mors\/#website","url":"https:\/\/kunmedierne.dk\/mors\/","name":"Mors","description":"et netmedie med journalistik om livet p\u00e5 Mors","publisher":{"@id":"https:\/\/kunmedierne.dk\/mors\/#organization"},"potentialAction":[{"@type":"SearchAction","target":{"@type":"EntryPoint","urlTemplate":"https:\/\/kunmedierne.dk\/mors\/?s={search_term_string}"},"query-input":{"@type":"PropertyValueSpecification","valueRequired":true,"valueName":"search_term_string"}}],"inLanguage":"da-DK"},{"@type":"Organization","@id":"https:\/\/kunmedierne.dk\/mors\/#organization","name":"Mors","url":"https:\/\/kunmedierne.dk\/mors\/","logo":{"@type":"ImageObject","inLanguage":"da-DK","@id":"https:\/\/kunmedierne.dk\/mors\/#\/schema\/logo\/image\/","url":"https:\/\/kunmedierne.dk\/mors\/wp-content\/uploads\/2024\/08\/kunmors-logo.svg","contentUrl":"https:\/\/kunmedierne.dk\/mors\/wp-content\/uploads\/2024\/08\/kunmors-logo.svg","caption":"Mors"},"image":{"@id":"https:\/\/kunmedierne.dk\/mors\/#\/schema\/logo\/image\/"}},{"@type":"Person","@id":"https:\/\/kunmedierne.dk\/mors\/#\/schema\/person\/5fe23251bf1d0abbcdc6f7896579d548","name":"David H\u00f8jmark","image":{"@type":"ImageObject","inLanguage":"da-DK","@id":"https:\/\/kunmedierne.dk\/mors\/#\/schema\/person\/image\/","url":"https:\/\/secure.gravatar.com\/avatar\/4315d6fb9ef244d729989f5f90268eb08d5bf8a3d84402f595fa194bb35784fd?s=96&d=mm&r=g","contentUrl":"https:\/\/secure.gravatar.com\/avatar\/4315d6fb9ef244d729989f5f90268eb08d5bf8a3d84402f595fa194bb35784fd?s=96&d=mm&r=g","caption":"David H\u00f8jmark"},"sameAs":["https:\/\/www.kunmedierne.dk"],"url":"https:\/\/kunmedierne.dk\/mors\/author\/david\/"}]}},"_links":{"self":[{"href":"https:\/\/kunmedierne.dk\/mors\/wp-json\/wp\/v2\/posts\/17318","targetHints":{"allow":["GET"]}}],"collection":[{"href":"https:\/\/kunmedierne.dk\/mors\/wp-json\/wp\/v2\/posts"}],"about":[{"href":"https:\/\/kunmedierne.dk\/mors\/wp-json\/wp\/v2\/types\/post"}],"author":[{"embeddable":true,"href":"https:\/\/kunmedierne.dk\/mors\/wp-json\/wp\/v2\/users\/8"}],"replies":[{"embeddable":true,"href":"https:\/\/kunmedierne.dk\/mors\/wp-json\/wp\/v2\/comments?post=17318"}],"version-history":[{"count":2,"href":"https:\/\/kunmedierne.dk\/mors\/wp-json\/wp\/v2\/posts\/17318\/revisions"}],"predecessor-version":[{"id":17321,"href":"https:\/\/kunmedierne.dk\/mors\/wp-json\/wp\/v2\/posts\/17318\/revisions\/17321"}],"wp:featuredmedia":[{"embeddable":true,"href":"https:\/\/kunmedierne.dk\/mors\/wp-json\/wp\/v2\/media\/17319"}],"wp:attachment":[{"href":"https:\/\/kunmedierne.dk\/mors\/wp-json\/wp\/v2\/media?parent=17318"}],"wp:term":[{"taxonomy":"category","embeddable":true,"href":"https:\/\/kunmedierne.dk\/mors\/wp-json\/wp\/v2\/categories?post=17318"},{"taxonomy":"post_tag","embeddable":true,"href":"https:\/\/kunmedierne.dk\/mors\/wp-json\/wp\/v2\/tags?post=17318"}],"curies":[{"name":"wp","href":"https:\/\/api.w.org\/{rel}","templated":true}]}}