{"id":173107,"date":"2026-05-03T15:18:28","date_gmt":"2026-05-03T13:18:28","guid":{"rendered":"https:\/\/kunmedierne.dk\/mors\/?p=173107"},"modified":"2026-05-03T16:59:31","modified_gmt":"2026-05-03T14:59:31","slug":"politiaktion-i-nykoebing-afspaerringer-to-steder","status":"publish","type":"post","link":"https:\/\/kunmedierne.dk\/mors\/politiaktion-i-nykoebing-afspaerringer-to-steder\/","title":{"rendered":"Politiaktion i Nyk\u00f8bing &#8211; afsp\u00e6rringer to steder"},"content":{"rendered":"<p><strong>POLITI<\/strong>: Midt- og Vestjyllands politi er s\u00f8ndag eftermiddag p\u00e5 opgave flere steder i Nyk\u00f8bing og har sp\u00e6rret for al f\u00e6rdsel p\u00e5 to af byens gader.<\/p>\n<a class=\"dvrt-link\" onClick=\"cdmtrack_click(104783,jQuery(this));return false\" href=\"https:\/\/konpap.dk\/\"><img decoding=\"async\" style=\"width:100%;\" src=\"https:\/\/kunmedierne.dk\/mors\/wp-content\/uploads\/2023\/10\/Kun-Mors-banner.jpg\"><\/a><script>cdmtrack_view(104783);<\/script>\n<p>If\u00f8lge vidner p\u00e5 stedet har en situation i N\u00f8rregade, som er afsp\u00e6rret i et omr\u00e5de t\u00e6t p\u00e5 St\u00f8berimuseet, relation til en afsp\u00e6rring ved k\u00f8bmanden p\u00e5 F\u00e6lledvej. Der g\u00e5r forskellige, men ubekr\u00e6ftede versioner af forl\u00f8bet p\u00e5 F\u00e6lledvej, men lidt i klokken 15 blev en mand fra en opgang p\u00e5 N\u00f8rregade lagt i h\u00e5ndjern af kampkl\u00e6dt politi.<\/p>\n<p>Her var politiet p\u00e5 det tidspunkt til stede med indsatsleder og tre \u00f8vrige k\u00f8ret\u00f8jer. Siden kom et mere til.<\/p>\n<p>Politiet er fortsat til stede i begge omr\u00e5der, hvor blandt andet skraldespande bliver unders\u00f8gt for indhold. Her er politiet blevet set fiske en kniv op af en skraldespand.<\/p>\n<a class=\"dvrt-link\" onClick=\"cdmtrack_click(169437,jQuery(this));return false\" href=\"https:\/\/thymors.dk\/sponsorater\/15-til-faellesskabet?utm_source=kunmors&amp;utm_medium=annonce&amp;utm_campaign=sponsorater\"><img decoding=\"async\" style=\"width:100%;\" src=\"https:\/\/kunmedierne.dk\/mors\/wp-content\/uploads\/2026\/03\/260407ThyMors-energi_faellesskab_generel-1.jpg\"><\/a><script>cdmtrack_view(169437);<\/script>\n<p>Ogs\u00e5 politihunde til spors\u00f8gning er i arbejde p\u00e5 N\u00f8rregade og F\u00e6lledvej, fort\u00e6ller en KunMors-kilde p\u00e5 stedet, og i N\u00f8rregade er en person blevet set f\u00f8rt ud af bygningen i DNA-dragt.<\/p>\n<p>KunMors f\u00f8lger sagen.<\/p>\n<div id=\"attachment_173114\" style=\"width: 1242px\" class=\"wp-caption alignright\"><img loading=\"lazy\" decoding=\"async\" aria-describedby=\"caption-attachment-173114\" class=\"size-full wp-image-173114\" src=\"https:\/\/kunmedierne.dk\/mors\/wp-content\/uploads\/2026\/05\/260503-politiaktion5.jpg\" alt=\"\" width=\"1232\" height=\"821\" srcset=\"https:\/\/kunmedierne.dk\/mors\/wp-content\/uploads\/2026\/05\/260503-politiaktion5.jpg 1232w, https:\/\/kunmedierne.dk\/mors\/wp-content\/uploads\/2026\/05\/260503-politiaktion5-300x200.jpg 300w, https:\/\/kunmedierne.dk\/mors\/wp-content\/uploads\/2026\/05\/260503-politiaktion5-1024x682.jpg 1024w, https:\/\/kunmedierne.dk\/mors\/wp-content\/uploads\/2026\/05\/260503-politiaktion5-510x340.jpg 510w\" sizes=\"auto, (max-width: 1232px) 100vw, 1232px\" \/><p id=\"caption-attachment-173114\" class=\"wp-caption-text\">Ogs\u00e5 et omr\u00e5de ved k\u00f8bmanden p\u00e5 F\u00e6lledvej er afsp\u00e6rret. Privatfoto.<\/p><\/div>\n<p>&nbsp;<\/p>\n<div id=\"attachment_173116\" style=\"width: 1242px\" class=\"wp-caption alignright\"><img loading=\"lazy\" decoding=\"async\" aria-describedby=\"caption-attachment-173116\" class=\"size-full wp-image-173116\" src=\"https:\/\/kunmedierne.dk\/mors\/wp-content\/uploads\/2026\/05\/260503-politiaktion4.jpg\" alt=\"\" width=\"1232\" height=\"1540\" srcset=\"https:\/\/kunmedierne.dk\/mors\/wp-content\/uploads\/2026\/05\/260503-politiaktion4.jpg 1232w, https:\/\/kunmedierne.dk\/mors\/wp-content\/uploads\/2026\/05\/260503-politiaktion4-240x300.jpg 240w, https:\/\/kunmedierne.dk\/mors\/wp-content\/uploads\/2026\/05\/260503-politiaktion4-819x1024.jpg 819w, https:\/\/kunmedierne.dk\/mors\/wp-content\/uploads\/2026\/05\/260503-politiaktion4-510x638.jpg 510w\" sizes=\"auto, (max-width: 1232px) 100vw, 1232px\" \/><p id=\"caption-attachment-173116\" class=\"wp-caption-text\">P\u00e5 N\u00f8rregade unders\u00f8ger politiet blandt andet indhold af skraldespande. Privatfoto.<\/p><\/div>\n<p>&nbsp;<\/p>\n<div id=\"attachment_173129\" style=\"width: 1913px\" class=\"wp-caption alignright\"><img loading=\"lazy\" decoding=\"async\" aria-describedby=\"caption-attachment-173129\" class=\"size-full wp-image-173129\" src=\"https:\/\/kunmedierne.dk\/mors\/wp-content\/uploads\/2026\/05\/260503-politiaktion6.jpg\" alt=\"\" width=\"1903\" height=\"1268\" srcset=\"https:\/\/kunmedierne.dk\/mors\/wp-content\/uploads\/2026\/05\/260503-politiaktion6.jpg 1903w, https:\/\/kunmedierne.dk\/mors\/wp-content\/uploads\/2026\/05\/260503-politiaktion6-300x200.jpg 300w, https:\/\/kunmedierne.dk\/mors\/wp-content\/uploads\/2026\/05\/260503-politiaktion6-1024x682.jpg 1024w, https:\/\/kunmedierne.dk\/mors\/wp-content\/uploads\/2026\/05\/260503-politiaktion6-510x340.jpg 510w\" sizes=\"auto, (max-width: 1903px) 100vw, 1903px\" \/><p id=\"caption-attachment-173129\" class=\"wp-caption-text\">Fra aktionen ud for Min K\u00f8bmand p\u00e5 F\u00e6lledvej. Privatfoto.<\/p><\/div>\n","protected":false},"excerpt":{"rendered":"<p>POLITI: Midt- og Vestjyllands politi er s\u00f8ndag eftermiddag p\u00e5 opgave flere steder i Nyk\u00f8bing og har sp\u00e6rret for al f\u00e6rdsel p\u00e5 to af byens gader. If\u00f8lge vidner p\u00e5 stedet har en situation i N\u00f8rregade, som er afsp\u00e6rret i et omr\u00e5de t\u00e6t p\u00e5 St\u00f8berimuseet, relation til en afsp\u00e6rring ved k\u00f8bmanden p\u00e5 F\u00e6lledvej. Der g\u00e5r forskellige, men [&hellip;]<\/p>\n","protected":false},"author":8,"featured_media":0,"comment_status":"closed","ping_status":"closed","sticky":false,"template":"","format":"standard","meta":{"_acf_changed":false,"footnotes":""},"categories":[54,51],"tags":[],"class_list":["post-173107","post","type-post","status-publish","format-standard","hentry","category-54","category-lokalt"],"acf":[],"yoast_head":"<!-- This site is optimized with the Yoast SEO plugin v26.8 - https:\/\/yoast.com\/product\/yoast-seo-wordpress\/ -->\n<title>Politiaktion i Nyk\u00f8bing - afsp\u00e6rringer to steder - Mors<\/title>\n<meta name=\"robots\" content=\"index, follow, max-snippet:-1, max-image-preview:large, max-video-preview:-1\" \/>\n<link rel=\"canonical\" href=\"https:\/\/kunmedierne.dk\/mors\/politiaktion-i-nykoebing-afspaerringer-to-steder\/\" \/>\n<meta property=\"og:locale\" content=\"da_DK\" \/>\n<meta property=\"og:type\" content=\"article\" \/>\n<meta property=\"og:title\" content=\"Politiaktion i Nyk\u00f8bing - afsp\u00e6rringer to steder - Mors\" \/>\n<meta property=\"og:description\" content=\"POLITI: Midt- og Vestjyllands politi er s\u00f8ndag eftermiddag p\u00e5 opgave flere steder i Nyk\u00f8bing og har sp\u00e6rret for al f\u00e6rdsel p\u00e5 to af byens gader. If\u00f8lge vidner p\u00e5 stedet har en situation i N\u00f8rregade, som er afsp\u00e6rret i et omr\u00e5de t\u00e6t p\u00e5 St\u00f8berimuseet, relation til en afsp\u00e6rring ved k\u00f8bmanden p\u00e5 F\u00e6lledvej. Der g\u00e5r forskellige, men [&hellip;]\" \/>\n<meta property=\"og:url\" content=\"https:\/\/kunmedierne.dk\/mors\/politiaktion-i-nykoebing-afspaerringer-to-steder\/\" \/>\n<meta property=\"og:site_name\" content=\"Mors\" \/>\n<meta property=\"article:published_time\" content=\"2026-05-03T13:18:28+00:00\" \/>\n<meta property=\"article:modified_time\" content=\"2026-05-03T14:59:31+00:00\" \/>\n<meta property=\"og:image\" content=\"https:\/\/kunmedierne.dk\/mors\/wp-content\/uploads\/2026\/05\/260503-politiaktion5.jpg\" \/>\n<meta name=\"author\" content=\"David H\u00f8jmark\" \/>\n<meta name=\"twitter:card\" content=\"summary_large_image\" \/>\n<meta name=\"twitter:label1\" content=\"Skrevet af\" \/>\n\t<meta name=\"twitter:data1\" content=\"David H\u00f8jmark\" \/>\n\t<meta name=\"twitter:label2\" content=\"Estimeret l\u00e6setid\" \/>\n\t<meta name=\"twitter:data2\" content=\"2 minutter\" \/>\n<script type=\"application\/ld+json\" class=\"yoast-schema-graph\">{\"@context\":\"https:\/\/schema.org\",\"@graph\":[{\"@type\":\"Article\",\"@id\":\"https:\/\/kunmedierne.dk\/mors\/politiaktion-i-nykoebing-afspaerringer-to-steder\/#article\",\"isPartOf\":{\"@id\":\"https:\/\/kunmedierne.dk\/mors\/politiaktion-i-nykoebing-afspaerringer-to-steder\/\"},\"author\":{\"name\":\"David H\u00f8jmark\",\"@id\":\"https:\/\/kunmedierne.dk\/mors\/#\/schema\/person\/5fe23251bf1d0abbcdc6f7896579d548\"},\"headline\":\"Politiaktion i Nyk\u00f8bing &#8211; afsp\u00e6rringer to steder\",\"datePublished\":\"2026-05-03T13:18:28+00:00\",\"dateModified\":\"2026-05-03T14:59:31+00:00\",\"mainEntityOfPage\":{\"@id\":\"https:\/\/kunmedierne.dk\/mors\/politiaktion-i-nykoebing-afspaerringer-to-steder\/\"},\"wordCount\":263,\"publisher\":{\"@id\":\"https:\/\/kunmedierne.dk\/mors\/#organization\"},\"image\":{\"@id\":\"https:\/\/kunmedierne.dk\/mors\/politiaktion-i-nykoebing-afspaerringer-to-steder\/#primaryimage\"},\"thumbnailUrl\":\"https:\/\/kunmedierne.dk\/mors\/wp-content\/uploads\/2026\/05\/260503-politiaktion5.jpg\",\"articleSection\":[\"112\",\"Lokalt\"],\"inLanguage\":\"da-DK\"},{\"@type\":\"WebPage\",\"@id\":\"https:\/\/kunmedierne.dk\/mors\/politiaktion-i-nykoebing-afspaerringer-to-steder\/\",\"url\":\"https:\/\/kunmedierne.dk\/mors\/politiaktion-i-nykoebing-afspaerringer-to-steder\/\",\"name\":\"Politiaktion i Nyk\u00f8bing - afsp\u00e6rringer to steder - Mors\",\"isPartOf\":{\"@id\":\"https:\/\/kunmedierne.dk\/mors\/#website\"},\"primaryImageOfPage\":{\"@id\":\"https:\/\/kunmedierne.dk\/mors\/politiaktion-i-nykoebing-afspaerringer-to-steder\/#primaryimage\"},\"image\":{\"@id\":\"https:\/\/kunmedierne.dk\/mors\/politiaktion-i-nykoebing-afspaerringer-to-steder\/#primaryimage\"},\"thumbnailUrl\":\"https:\/\/kunmedierne.dk\/mors\/wp-content\/uploads\/2026\/05\/260503-politiaktion5.jpg\",\"datePublished\":\"2026-05-03T13:18:28+00:00\",\"dateModified\":\"2026-05-03T14:59:31+00:00\",\"breadcrumb\":{\"@id\":\"https:\/\/kunmedierne.dk\/mors\/politiaktion-i-nykoebing-afspaerringer-to-steder\/#breadcrumb\"},\"inLanguage\":\"da-DK\",\"potentialAction\":[{\"@type\":\"ReadAction\",\"target\":[\"https:\/\/kunmedierne.dk\/mors\/politiaktion-i-nykoebing-afspaerringer-to-steder\/\"]}]},{\"@type\":\"ImageObject\",\"inLanguage\":\"da-DK\",\"@id\":\"https:\/\/kunmedierne.dk\/mors\/politiaktion-i-nykoebing-afspaerringer-to-steder\/#primaryimage\",\"url\":\"https:\/\/kunmedierne.dk\/mors\/wp-content\/uploads\/2026\/05\/260503-politiaktion5.jpg\",\"contentUrl\":\"https:\/\/kunmedierne.dk\/mors\/wp-content\/uploads\/2026\/05\/260503-politiaktion5.jpg\",\"width\":1232,\"height\":821,\"caption\":\"Ogs\u00e5 et omr\u00e5de ved k\u00f8bmanden p\u00e5 F\u00e6lledvej er afsp\u00e6rret. Privatfoto.\"},{\"@type\":\"BreadcrumbList\",\"@id\":\"https:\/\/kunmedierne.dk\/mors\/politiaktion-i-nykoebing-afspaerringer-to-steder\/#breadcrumb\",\"itemListElement\":[{\"@type\":\"ListItem\",\"position\":1,\"name\":\"Hjem\",\"item\":\"https:\/\/kunmedierne.dk\/mors\/\"},{\"@type\":\"ListItem\",\"position\":2,\"name\":\"Politiaktion i Nyk\u00f8bing &#8211; afsp\u00e6rringer to steder\"}]},{\"@type\":\"WebSite\",\"@id\":\"https:\/\/kunmedierne.dk\/mors\/#website\",\"url\":\"https:\/\/kunmedierne.dk\/mors\/\",\"name\":\"Mors\",\"description\":\"et netmedie med journalistik om livet p\u00e5 Mors\",\"publisher\":{\"@id\":\"https:\/\/kunmedierne.dk\/mors\/#organization\"},\"potentialAction\":[{\"@type\":\"SearchAction\",\"target\":{\"@type\":\"EntryPoint\",\"urlTemplate\":\"https:\/\/kunmedierne.dk\/mors\/?s={search_term_string}\"},\"query-input\":{\"@type\":\"PropertyValueSpecification\",\"valueRequired\":true,\"valueName\":\"search_term_string\"}}],\"inLanguage\":\"da-DK\"},{\"@type\":\"Organization\",\"@id\":\"https:\/\/kunmedierne.dk\/mors\/#organization\",\"name\":\"Mors\",\"url\":\"https:\/\/kunmedierne.dk\/mors\/\",\"logo\":{\"@type\":\"ImageObject\",\"inLanguage\":\"da-DK\",\"@id\":\"https:\/\/kunmedierne.dk\/mors\/#\/schema\/logo\/image\/\",\"url\":\"https:\/\/kunmedierne.dk\/mors\/wp-content\/uploads\/2024\/08\/kunmors-logo.svg\",\"contentUrl\":\"https:\/\/kunmedierne.dk\/mors\/wp-content\/uploads\/2024\/08\/kunmors-logo.svg\",\"caption\":\"Mors\"},\"image\":{\"@id\":\"https:\/\/kunmedierne.dk\/mors\/#\/schema\/logo\/image\/\"}},{\"@type\":\"Person\",\"@id\":\"https:\/\/kunmedierne.dk\/mors\/#\/schema\/person\/5fe23251bf1d0abbcdc6f7896579d548\",\"name\":\"David H\u00f8jmark\",\"image\":{\"@type\":\"ImageObject\",\"inLanguage\":\"da-DK\",\"@id\":\"https:\/\/kunmedierne.dk\/mors\/#\/schema\/person\/image\/\",\"url\":\"https:\/\/secure.gravatar.com\/avatar\/4315d6fb9ef244d729989f5f90268eb08d5bf8a3d84402f595fa194bb35784fd?s=96&d=mm&r=g\",\"contentUrl\":\"https:\/\/secure.gravatar.com\/avatar\/4315d6fb9ef244d729989f5f90268eb08d5bf8a3d84402f595fa194bb35784fd?s=96&d=mm&r=g\",\"caption\":\"David H\u00f8jmark\"},\"sameAs\":[\"https:\/\/www.kunmedierne.dk\"],\"url\":\"https:\/\/kunmedierne.dk\/mors\/author\/david\/\"}]}<\/script>\n<!-- \/ Yoast SEO plugin. -->","yoast_head_json":{"title":"Politiaktion i Nyk\u00f8bing - afsp\u00e6rringer to steder - Mors","robots":{"index":"index","follow":"follow","max-snippet":"max-snippet:-1","max-image-preview":"max-image-preview:large","max-video-preview":"max-video-preview:-1"},"canonical":"https:\/\/kunmedierne.dk\/mors\/politiaktion-i-nykoebing-afspaerringer-to-steder\/","og_locale":"da_DK","og_type":"article","og_title":"Politiaktion i Nyk\u00f8bing - afsp\u00e6rringer to steder - Mors","og_description":"POLITI: Midt- og Vestjyllands politi er s\u00f8ndag eftermiddag p\u00e5 opgave flere steder i Nyk\u00f8bing og har sp\u00e6rret for al f\u00e6rdsel p\u00e5 to af byens gader. If\u00f8lge vidner p\u00e5 stedet har en situation i N\u00f8rregade, som er afsp\u00e6rret i et omr\u00e5de t\u00e6t p\u00e5 St\u00f8berimuseet, relation til en afsp\u00e6rring ved k\u00f8bmanden p\u00e5 F\u00e6lledvej. Der g\u00e5r forskellige, men [&hellip;]","og_url":"https:\/\/kunmedierne.dk\/mors\/politiaktion-i-nykoebing-afspaerringer-to-steder\/","og_site_name":"Mors","article_published_time":"2026-05-03T13:18:28+00:00","article_modified_time":"2026-05-03T14:59:31+00:00","og_image":[{"url":"https:\/\/kunmedierne.dk\/mors\/wp-content\/uploads\/2026\/05\/260503-politiaktion5.jpg","type":"","width":"","height":""}],"author":"David H\u00f8jmark","twitter_card":"summary_large_image","twitter_misc":{"Skrevet af":"David H\u00f8jmark","Estimeret l\u00e6setid":"2 minutter"},"schema":{"@context":"https:\/\/schema.org","@graph":[{"@type":"Article","@id":"https:\/\/kunmedierne.dk\/mors\/politiaktion-i-nykoebing-afspaerringer-to-steder\/#article","isPartOf":{"@id":"https:\/\/kunmedierne.dk\/mors\/politiaktion-i-nykoebing-afspaerringer-to-steder\/"},"author":{"name":"David H\u00f8jmark","@id":"https:\/\/kunmedierne.dk\/mors\/#\/schema\/person\/5fe23251bf1d0abbcdc6f7896579d548"},"headline":"Politiaktion i Nyk\u00f8bing &#8211; afsp\u00e6rringer to steder","datePublished":"2026-05-03T13:18:28+00:00","dateModified":"2026-05-03T14:59:31+00:00","mainEntityOfPage":{"@id":"https:\/\/kunmedierne.dk\/mors\/politiaktion-i-nykoebing-afspaerringer-to-steder\/"},"wordCount":263,"publisher":{"@id":"https:\/\/kunmedierne.dk\/mors\/#organization"},"image":{"@id":"https:\/\/kunmedierne.dk\/mors\/politiaktion-i-nykoebing-afspaerringer-to-steder\/#primaryimage"},"thumbnailUrl":"https:\/\/kunmedierne.dk\/mors\/wp-content\/uploads\/2026\/05\/260503-politiaktion5.jpg","articleSection":["112","Lokalt"],"inLanguage":"da-DK"},{"@type":"WebPage","@id":"https:\/\/kunmedierne.dk\/mors\/politiaktion-i-nykoebing-afspaerringer-to-steder\/","url":"https:\/\/kunmedierne.dk\/mors\/politiaktion-i-nykoebing-afspaerringer-to-steder\/","name":"Politiaktion i Nyk\u00f8bing - afsp\u00e6rringer to steder - Mors","isPartOf":{"@id":"https:\/\/kunmedierne.dk\/mors\/#website"},"primaryImageOfPage":{"@id":"https:\/\/kunmedierne.dk\/mors\/politiaktion-i-nykoebing-afspaerringer-to-steder\/#primaryimage"},"image":{"@id":"https:\/\/kunmedierne.dk\/mors\/politiaktion-i-nykoebing-afspaerringer-to-steder\/#primaryimage"},"thumbnailUrl":"https:\/\/kunmedierne.dk\/mors\/wp-content\/uploads\/2026\/05\/260503-politiaktion5.jpg","datePublished":"2026-05-03T13:18:28+00:00","dateModified":"2026-05-03T14:59:31+00:00","breadcrumb":{"@id":"https:\/\/kunmedierne.dk\/mors\/politiaktion-i-nykoebing-afspaerringer-to-steder\/#breadcrumb"},"inLanguage":"da-DK","potentialAction":[{"@type":"ReadAction","target":["https:\/\/kunmedierne.dk\/mors\/politiaktion-i-nykoebing-afspaerringer-to-steder\/"]}]},{"@type":"ImageObject","inLanguage":"da-DK","@id":"https:\/\/kunmedierne.dk\/mors\/politiaktion-i-nykoebing-afspaerringer-to-steder\/#primaryimage","url":"https:\/\/kunmedierne.dk\/mors\/wp-content\/uploads\/2026\/05\/260503-politiaktion5.jpg","contentUrl":"https:\/\/kunmedierne.dk\/mors\/wp-content\/uploads\/2026\/05\/260503-politiaktion5.jpg","width":1232,"height":821,"caption":"Ogs\u00e5 et omr\u00e5de ved k\u00f8bmanden p\u00e5 F\u00e6lledvej er afsp\u00e6rret. Privatfoto."},{"@type":"BreadcrumbList","@id":"https:\/\/kunmedierne.dk\/mors\/politiaktion-i-nykoebing-afspaerringer-to-steder\/#breadcrumb","itemListElement":[{"@type":"ListItem","position":1,"name":"Hjem","item":"https:\/\/kunmedierne.dk\/mors\/"},{"@type":"ListItem","position":2,"name":"Politiaktion i Nyk\u00f8bing &#8211; afsp\u00e6rringer to steder"}]},{"@type":"WebSite","@id":"https:\/\/kunmedierne.dk\/mors\/#website","url":"https:\/\/kunmedierne.dk\/mors\/","name":"Mors","description":"et netmedie med journalistik om livet p\u00e5 Mors","publisher":{"@id":"https:\/\/kunmedierne.dk\/mors\/#organization"},"potentialAction":[{"@type":"SearchAction","target":{"@type":"EntryPoint","urlTemplate":"https:\/\/kunmedierne.dk\/mors\/?s={search_term_string}"},"query-input":{"@type":"PropertyValueSpecification","valueRequired":true,"valueName":"search_term_string"}}],"inLanguage":"da-DK"},{"@type":"Organization","@id":"https:\/\/kunmedierne.dk\/mors\/#organization","name":"Mors","url":"https:\/\/kunmedierne.dk\/mors\/","logo":{"@type":"ImageObject","inLanguage":"da-DK","@id":"https:\/\/kunmedierne.dk\/mors\/#\/schema\/logo\/image\/","url":"https:\/\/kunmedierne.dk\/mors\/wp-content\/uploads\/2024\/08\/kunmors-logo.svg","contentUrl":"https:\/\/kunmedierne.dk\/mors\/wp-content\/uploads\/2024\/08\/kunmors-logo.svg","caption":"Mors"},"image":{"@id":"https:\/\/kunmedierne.dk\/mors\/#\/schema\/logo\/image\/"}},{"@type":"Person","@id":"https:\/\/kunmedierne.dk\/mors\/#\/schema\/person\/5fe23251bf1d0abbcdc6f7896579d548","name":"David H\u00f8jmark","image":{"@type":"ImageObject","inLanguage":"da-DK","@id":"https:\/\/kunmedierne.dk\/mors\/#\/schema\/person\/image\/","url":"https:\/\/secure.gravatar.com\/avatar\/4315d6fb9ef244d729989f5f90268eb08d5bf8a3d84402f595fa194bb35784fd?s=96&d=mm&r=g","contentUrl":"https:\/\/secure.gravatar.com\/avatar\/4315d6fb9ef244d729989f5f90268eb08d5bf8a3d84402f595fa194bb35784fd?s=96&d=mm&r=g","caption":"David H\u00f8jmark"},"sameAs":["https:\/\/www.kunmedierne.dk"],"url":"https:\/\/kunmedierne.dk\/mors\/author\/david\/"}]}},"_links":{"self":[{"href":"https:\/\/kunmedierne.dk\/mors\/wp-json\/wp\/v2\/posts\/173107","targetHints":{"allow":["GET"]}}],"collection":[{"href":"https:\/\/kunmedierne.dk\/mors\/wp-json\/wp\/v2\/posts"}],"about":[{"href":"https:\/\/kunmedierne.dk\/mors\/wp-json\/wp\/v2\/types\/post"}],"author":[{"embeddable":true,"href":"https:\/\/kunmedierne.dk\/mors\/wp-json\/wp\/v2\/users\/8"}],"replies":[{"embeddable":true,"href":"https:\/\/kunmedierne.dk\/mors\/wp-json\/wp\/v2\/comments?post=173107"}],"version-history":[{"count":8,"href":"https:\/\/kunmedierne.dk\/mors\/wp-json\/wp\/v2\/posts\/173107\/revisions"}],"predecessor-version":[{"id":173130,"href":"https:\/\/kunmedierne.dk\/mors\/wp-json\/wp\/v2\/posts\/173107\/revisions\/173130"}],"wp:attachment":[{"href":"https:\/\/kunmedierne.dk\/mors\/wp-json\/wp\/v2\/media?parent=173107"}],"wp:term":[{"taxonomy":"category","embeddable":true,"href":"https:\/\/kunmedierne.dk\/mors\/wp-json\/wp\/v2\/categories?post=173107"},{"taxonomy":"post_tag","embeddable":true,"href":"https:\/\/kunmedierne.dk\/mors\/wp-json\/wp\/v2\/tags?post=173107"}],"curies":[{"name":"wp","href":"https:\/\/api.w.org\/{rel}","templated":true}]}}