{"id":172969,"date":"2026-05-01T13:47:55","date_gmt":"2026-05-01T11:47:55","guid":{"rendered":"https:\/\/kunmedierne.dk\/mors\/?p=172969"},"modified":"2026-05-01T13:49:09","modified_gmt":"2026-05-01T11:49:09","slug":"slutspilsbrag-victor-norlyk-paa-holdkortet-til-slaget-i-graakjaer-arena","status":"publish","type":"post","link":"https:\/\/kunmedierne.dk\/mors\/slutspilsbrag-victor-norlyk-paa-holdkortet-til-slaget-i-graakjaer-arena\/","title":{"rendered":"<span>Slutspilsbrag: <\/span>Victor Norlyk p\u00e5 holdkortet til slaget i Gr\u00e5kj\u00e6r Arena"},"content":{"rendered":"<blockquote>\n<h5>Denne side bliver opdateret med indhold om weekendens lokale sport. Scroll ned ad siden og find de forskellige artikler.<\/h5>\n<h5>P\u00e5 siden nu:<\/h5>\n<ul>\n<li>\n<h5>Victor Norlyk p\u00e5 holdkortet til slaget i Gr\u00e5kj\u00e6r Arena<\/h5>\n<\/li>\n<\/ul>\n<\/blockquote>\n<h2>Victor Norlyk p\u00e5 holdkortet til slaget i Gr\u00e5kj\u00e6r Arena<\/h2>\n<h4>Mors-Thy har igen sin topscorer p\u00e5 banen. Tr\u00e6neren forventer i omegnen af 30 minutter til Victor Norlyk, n\u00e5r der i aften st\u00e5r en historisk semifinale p\u00e5 spil.<\/h4>\n<h5>Af David H\u00f8jmark &#8211; 1. maj 2026 kl. 13.48<\/h5>\n<p><strong>H\u00c5NDBOLD<\/strong>: Det bliver med holdets st\u00f8rste profil p\u00e5 banen, at Mors-Thy i aften r\u00e6kker ud efter den store bog om lokal h\u00e5ndboldhistorie.<\/p>\n<p>Den kan f\u00e5 et nyt og flot kapitel tilf\u00f8rt, hvis det lykkes for Dennis Bo Jensens mandskab at hente point i Gr\u00e5kj\u00e6r Arena mod TTH Holstebro. For s\u00e5 er klubbens f\u00f8rste DM-semifinale i 13 \u00e5r en realitet &#8211; og chancen for det har f\u00e5et en dosis bl\u00e5 vitaminer.<\/p>\n<a class=\"dvrt-link\" onClick=\"cdmtrack_click(104778,jQuery(this));return false\" href=\"https:\/\/vester-begr.dk\/?gclid=CjwKCAjw5Kv7BRBSEiwAXGDElQB6WMfm9CgYVrruty-I1gaOkTkC3mlA4QRDtYNsxYgVC8sNzAJ7WhoCmBsQAvD_BwE\"><img decoding=\"async\" style=\"width:100%;\" src=\"https:\/\/kunmedierne.dk\/mors\/wp-content\/uploads\/2023\/10\/260203VesterHoukaer-02022026.jpg\"><\/a><script>cdmtrack_view(104778);<\/script>\n<p>For Victor Norlyk g\u00f8r comeback. 12 dage efter, at playmakeren, topscoreren og landsholdsspilleren m\u00e5tte udg\u00e5 mod Bjerringbro-Silkeborg er han tilbage p\u00e5 holdkortet. Ikke i fuldt vig\u00f8r, men st\u00e6rk nok til at kunne g\u00f8re en forskel.<\/p>\n<p>&#8211; Han er med, men han kommer ikke til at spille 60 minutter, lyder status fra Dennis Bo Jensen, som vurderer, at spilletiden nok kommer til at ligge omkring det halve af fuld tid.<\/p>\n<p>Det skyldes ikke, at Victor Norlyk kun er halvvejs tilbage oven p\u00e5 det slag, der en overgang fik klubben til at frygte, at en hjernerystelse havde kostet ham en tidlig afslutning p\u00e5 s\u00e6sonen. S\u00e5 galt gik det heldigvis ikke, men oven p\u00e5 den ufrivillige pause skal man heller ikke forvente en spiller klar til 60 minutter. Heller ikke selv om han tr\u00e6nede fuldt med torsdag.<\/p>\n<p>&#8211; Som jeg ogs\u00e5 har sagt hele tiden, tager vi ikke nogen chancer. Men b\u00e5de l\u00e6ger og fysioterapeut har givet gr\u00f8nt lys &#8211; og der er ikke nogen, der har presset Victor til at spille. Nogle sundhedsfaglige folk har vurderet, at risikoen ved at spille i dag ogs\u00e5 vil v\u00e6re der om 8-10 m\u00e5neder, siger Dennis Bo Jensen.<\/p>\n<a class=\"dvrt-link\" onClick=\"cdmtrack_click(104780,jQuery(this));return false\" href=\"https:\/\/www.spard.dk\/\"><img decoding=\"async\" style=\"width:100%;\" src=\"https:\/\/kunmedierne.dk\/mors\/wp-content\/uploads\/2023\/12\/sparekassen-dk-maj25.gif\"><\/a><script>cdmtrack_view(104780);<\/script>\n<p>Han kan dermed v\u00e6lge frit fra alle hylder. Alle i truppen er s\u00e5 friske, som det er muligt at v\u00e6re p\u00e5 dette tidspunkt i en lang og h\u00e5rd h\u00e5ndbolds\u00e6son.<\/p>\n<p>&#8211; Nu er det jo maj, s\u00e5 de fleste skranter hist og pist, men fysisk er vi godt k\u00f8rende. Der er ikke nogen, der g\u00e5r ud, men der er nok heller ikke nogen, der g\u00e5r i styrkelokalet og laver PR. Men det er der heller ikke hos Holstebro og Aalborg eller andre hold. Det er pr\u00e6missen, lyder det.<\/p>\n<p>&nbsp;<\/p>\n<p><strong>Har en ekstra matchbold<\/strong><\/p>\n<p>I aften klokken 20 vil flere hundrede tilh\u00e6ngere af Mors-Thy v\u00e6re p\u00e5 plads i Gr\u00e5kj\u00e6r Arena til et slag, der kan sikre klubben en endnu l\u00e6ngere s\u00e6son. Det tager trup og tilh\u00e6ngere nok cirka lige begejstret imod, og Dennis Bo Jensen er da ogs\u00e5 sv\u00e6rt tilfreds over situationen med hele to kampe til at sikre det afg\u00f8rende point.<\/p>\n<p>Skulle det glippe i aften, kan Mors-Thy afg\u00f8re det p\u00e5 hjemmebane mod Bjerringbro-Silkeborg s\u00f8ndag den 10. maj.<\/p>\n<p>&#8211; Vi st\u00e5r med en matchbold, men ikke med kniven p\u00e5 struben. Det er et privilegeret sted at st\u00e5, og det havde jeg gerne solgt den for inden slutspillet, siger Dennis Bo Jensen.<\/p>\n<a class=\"dvrt-link\" onClick=\"cdmtrack_click(169437,jQuery(this));return false\" href=\"https:\/\/thymors.dk\/sponsorater\/15-til-faellesskabet?utm_source=kunmors&amp;utm_medium=annonce&amp;utm_campaign=sponsorater\"><img decoding=\"async\" style=\"width:100%;\" src=\"https:\/\/kunmedierne.dk\/mors\/wp-content\/uploads\/2026\/03\/260407ThyMors-energi_faellesskab_generel-1.jpg\"><\/a><script>cdmtrack_view(169437);<\/script>\n<p><em>Kommer I til at spille med mere ro, n\u00e5r I ved, at I har en chance mere?<\/em><\/p>\n<p>&#8211; Det tror jeg ikke n\u00f8dvendigvis, at vi g\u00f8r &#8211; men det vil jeg h\u00e5be, at jeg kan sige ja til. Det er det, jeg pr\u00f8ver at appellere til. Men jeg tror, at historien viser, at n\u00e5r man er t\u00e6t p\u00e5 et stort m\u00e5l, stiger sp\u00e6ndingen, uanset hvordan man vender og drejer det. S\u00e5 jeg tror, det bliver en enormt intens kamp.<\/p>\n<p>&nbsp;<\/p>\n<p><strong>Skal matche Holstebros fysik<\/strong><\/p>\n<p>S\u00e5dan plejer det at v\u00e6re imod TTH Holstebro. Alene de to hjemmekampe i 2026 har vist det med sejr til TTH Holstebro p\u00e5 \u00e9t m\u00e5l i den f\u00f8rste og til Mors-Thy med to i den anden.<\/p>\n<a class=\"dvrt-link\" onClick=\"cdmtrack_click(104778,jQuery(this));return false\" href=\"https:\/\/vester-begr.dk\/?gclid=CjwKCAjw5Kv7BRBSEiwAXGDElQB6WMfm9CgYVrruty-I1gaOkTkC3mlA4QRDtYNsxYgVC8sNzAJ7WhoCmBsQAvD_BwE\"><img decoding=\"async\" style=\"width:100%;\" src=\"https:\/\/kunmedierne.dk\/mors\/wp-content\/uploads\/2023\/10\/260203VesterHoukaer-02022026.jpg\"><\/a><script>cdmtrack_view(104778);<\/script>\n<p>Nu venter det hidtil st\u00f8rste slag imellem de to nordvestjyske h\u00e5ndboldklubber, hvor det for Mors-Thy i h\u00f8j grad handler om at kunne matche hjemmeholdets store fysik.<\/p>\n<p>&#8211; Jeg er sp\u00e6ndt p\u00e5, om vi kan byde deres power op til dans, for det er der, de virkelig er s\u00e6rdeles dygtige, siger Dennis Bo Jensen.<\/p>\n<p>Du kan l\u00e6se meget mere om kampen, efterh\u00e5nden som denne side bliver opdateret.<\/p>\n<blockquote>\n<h5>L\u00c6S OGS\u00c5:<\/h5>\n<h5><a href=\"https:\/\/kunmedierne.dk\/mors\/ian-marko-fog-akademiet-er-juvelen-i-mors-thy-haandbold\/\">Ian Marko Fog: Akademiet er juvelen i Mors-Thy H\u00e5ndbold<\/a><\/h5>\n<\/blockquote>\n","protected":false},"excerpt":{"rendered":"<p>Denne side bliver opdateret med indhold om weekendens lokale sport. Scroll ned ad siden og find de forskellige artikler. P\u00e5 siden nu: Victor Norlyk p\u00e5 holdkortet til slaget i Gr\u00e5kj\u00e6r Arena Victor Norlyk p\u00e5 holdkortet til slaget i Gr\u00e5kj\u00e6r Arena Mors-Thy har igen sin topscorer p\u00e5 banen. Tr\u00e6neren forventer i omegnen af 30 minutter til [&hellip;]<\/p>\n","protected":false},"author":8,"featured_media":0,"comment_status":"closed","ping_status":"closed","sticky":false,"template":"","format":"standard","meta":{"_acf_changed":false,"footnotes":""},"categories":[53],"tags":[],"class_list":["post-172969","post","type-post","status-publish","format-standard","hentry","category-sport"],"acf":[],"yoast_head":"<!-- This site is optimized with the Yoast SEO plugin v26.8 - https:\/\/yoast.com\/product\/yoast-seo-wordpress\/ -->\n<title>Slutspilsbrag: Victor Norlyk p\u00e5 holdkortet til slaget i Gr\u00e5kj\u00e6r Arena - Mors<\/title>\n<meta name=\"robots\" content=\"index, follow, max-snippet:-1, max-image-preview:large, max-video-preview:-1\" \/>\n<link rel=\"canonical\" href=\"https:\/\/kunmedierne.dk\/mors\/slutspilsbrag-victor-norlyk-paa-holdkortet-til-slaget-i-graakjaer-arena\/\" \/>\n<meta property=\"og:locale\" content=\"da_DK\" \/>\n<meta property=\"og:type\" content=\"article\" \/>\n<meta property=\"og:title\" content=\"Slutspilsbrag: Victor Norlyk p\u00e5 holdkortet til slaget i Gr\u00e5kj\u00e6r Arena - Mors\" \/>\n<meta property=\"og:description\" content=\"Denne side bliver opdateret med indhold om weekendens lokale sport. Scroll ned ad siden og find de forskellige artikler. P\u00e5 siden nu: Victor Norlyk p\u00e5 holdkortet til slaget i Gr\u00e5kj\u00e6r Arena Victor Norlyk p\u00e5 holdkortet til slaget i Gr\u00e5kj\u00e6r Arena Mors-Thy har igen sin topscorer p\u00e5 banen. Tr\u00e6neren forventer i omegnen af 30 minutter til [&hellip;]\" \/>\n<meta property=\"og:url\" content=\"https:\/\/kunmedierne.dk\/mors\/slutspilsbrag-victor-norlyk-paa-holdkortet-til-slaget-i-graakjaer-arena\/\" \/>\n<meta property=\"og:site_name\" content=\"Mors\" \/>\n<meta property=\"article:published_time\" content=\"2026-05-01T11:47:55+00:00\" \/>\n<meta property=\"article:modified_time\" content=\"2026-05-01T11:49:09+00:00\" \/>\n<meta name=\"author\" content=\"David H\u00f8jmark\" \/>\n<meta name=\"twitter:card\" content=\"summary_large_image\" \/>\n<meta name=\"twitter:label1\" content=\"Skrevet af\" \/>\n\t<meta name=\"twitter:data1\" content=\"David H\u00f8jmark\" \/>\n\t<meta name=\"twitter:label2\" content=\"Estimeret l\u00e6setid\" \/>\n\t<meta name=\"twitter:data2\" content=\"4 minutter\" \/>\n<script type=\"application\/ld+json\" class=\"yoast-schema-graph\">{\"@context\":\"https:\/\/schema.org\",\"@graph\":[{\"@type\":\"Article\",\"@id\":\"https:\/\/kunmedierne.dk\/mors\/slutspilsbrag-victor-norlyk-paa-holdkortet-til-slaget-i-graakjaer-arena\/#article\",\"isPartOf\":{\"@id\":\"https:\/\/kunmedierne.dk\/mors\/slutspilsbrag-victor-norlyk-paa-holdkortet-til-slaget-i-graakjaer-arena\/\"},\"author\":{\"name\":\"David H\u00f8jmark\",\"@id\":\"https:\/\/kunmedierne.dk\/mors\/#\/schema\/person\/5fe23251bf1d0abbcdc6f7896579d548\"},\"headline\":\"Slutspilsbrag: Victor Norlyk p\u00e5 holdkortet til slaget i Gr\u00e5kj\u00e6r Arena\",\"datePublished\":\"2026-05-01T11:47:55+00:00\",\"dateModified\":\"2026-05-01T11:49:09+00:00\",\"mainEntityOfPage\":{\"@id\":\"https:\/\/kunmedierne.dk\/mors\/slutspilsbrag-victor-norlyk-paa-holdkortet-til-slaget-i-graakjaer-arena\/\"},\"wordCount\":816,\"publisher\":{\"@id\":\"https:\/\/kunmedierne.dk\/mors\/#organization\"},\"articleSection\":[\"Sport\"],\"inLanguage\":\"da-DK\"},{\"@type\":\"WebPage\",\"@id\":\"https:\/\/kunmedierne.dk\/mors\/slutspilsbrag-victor-norlyk-paa-holdkortet-til-slaget-i-graakjaer-arena\/\",\"url\":\"https:\/\/kunmedierne.dk\/mors\/slutspilsbrag-victor-norlyk-paa-holdkortet-til-slaget-i-graakjaer-arena\/\",\"name\":\"Slutspilsbrag: Victor Norlyk p\u00e5 holdkortet til slaget i Gr\u00e5kj\u00e6r Arena - Mors\",\"isPartOf\":{\"@id\":\"https:\/\/kunmedierne.dk\/mors\/#website\"},\"datePublished\":\"2026-05-01T11:47:55+00:00\",\"dateModified\":\"2026-05-01T11:49:09+00:00\",\"breadcrumb\":{\"@id\":\"https:\/\/kunmedierne.dk\/mors\/slutspilsbrag-victor-norlyk-paa-holdkortet-til-slaget-i-graakjaer-arena\/#breadcrumb\"},\"inLanguage\":\"da-DK\",\"potentialAction\":[{\"@type\":\"ReadAction\",\"target\":[\"https:\/\/kunmedierne.dk\/mors\/slutspilsbrag-victor-norlyk-paa-holdkortet-til-slaget-i-graakjaer-arena\/\"]}]},{\"@type\":\"BreadcrumbList\",\"@id\":\"https:\/\/kunmedierne.dk\/mors\/slutspilsbrag-victor-norlyk-paa-holdkortet-til-slaget-i-graakjaer-arena\/#breadcrumb\",\"itemListElement\":[{\"@type\":\"ListItem\",\"position\":1,\"name\":\"Hjem\",\"item\":\"https:\/\/kunmedierne.dk\/mors\/\"},{\"@type\":\"ListItem\",\"position\":2,\"name\":\"Slutspilsbrag: Victor Norlyk p\u00e5 holdkortet til slaget i Gr\u00e5kj\u00e6r Arena\"}]},{\"@type\":\"WebSite\",\"@id\":\"https:\/\/kunmedierne.dk\/mors\/#website\",\"url\":\"https:\/\/kunmedierne.dk\/mors\/\",\"name\":\"Mors\",\"description\":\"et netmedie med journalistik om livet p\u00e5 Mors\",\"publisher\":{\"@id\":\"https:\/\/kunmedierne.dk\/mors\/#organization\"},\"potentialAction\":[{\"@type\":\"SearchAction\",\"target\":{\"@type\":\"EntryPoint\",\"urlTemplate\":\"https:\/\/kunmedierne.dk\/mors\/?s={search_term_string}\"},\"query-input\":{\"@type\":\"PropertyValueSpecification\",\"valueRequired\":true,\"valueName\":\"search_term_string\"}}],\"inLanguage\":\"da-DK\"},{\"@type\":\"Organization\",\"@id\":\"https:\/\/kunmedierne.dk\/mors\/#organization\",\"name\":\"Mors\",\"url\":\"https:\/\/kunmedierne.dk\/mors\/\",\"logo\":{\"@type\":\"ImageObject\",\"inLanguage\":\"da-DK\",\"@id\":\"https:\/\/kunmedierne.dk\/mors\/#\/schema\/logo\/image\/\",\"url\":\"https:\/\/kunmedierne.dk\/mors\/wp-content\/uploads\/2024\/08\/kunmors-logo.svg\",\"contentUrl\":\"https:\/\/kunmedierne.dk\/mors\/wp-content\/uploads\/2024\/08\/kunmors-logo.svg\",\"caption\":\"Mors\"},\"image\":{\"@id\":\"https:\/\/kunmedierne.dk\/mors\/#\/schema\/logo\/image\/\"}},{\"@type\":\"Person\",\"@id\":\"https:\/\/kunmedierne.dk\/mors\/#\/schema\/person\/5fe23251bf1d0abbcdc6f7896579d548\",\"name\":\"David H\u00f8jmark\",\"image\":{\"@type\":\"ImageObject\",\"inLanguage\":\"da-DK\",\"@id\":\"https:\/\/kunmedierne.dk\/mors\/#\/schema\/person\/image\/\",\"url\":\"https:\/\/secure.gravatar.com\/avatar\/4315d6fb9ef244d729989f5f90268eb08d5bf8a3d84402f595fa194bb35784fd?s=96&d=mm&r=g\",\"contentUrl\":\"https:\/\/secure.gravatar.com\/avatar\/4315d6fb9ef244d729989f5f90268eb08d5bf8a3d84402f595fa194bb35784fd?s=96&d=mm&r=g\",\"caption\":\"David H\u00f8jmark\"},\"sameAs\":[\"https:\/\/www.kunmedierne.dk\"],\"url\":\"https:\/\/kunmedierne.dk\/mors\/author\/david\/\"}]}<\/script>\n<!-- \/ Yoast SEO plugin. -->","yoast_head_json":{"title":"Slutspilsbrag: Victor Norlyk p\u00e5 holdkortet til slaget i Gr\u00e5kj\u00e6r Arena - Mors","robots":{"index":"index","follow":"follow","max-snippet":"max-snippet:-1","max-image-preview":"max-image-preview:large","max-video-preview":"max-video-preview:-1"},"canonical":"https:\/\/kunmedierne.dk\/mors\/slutspilsbrag-victor-norlyk-paa-holdkortet-til-slaget-i-graakjaer-arena\/","og_locale":"da_DK","og_type":"article","og_title":"Slutspilsbrag: Victor Norlyk p\u00e5 holdkortet til slaget i Gr\u00e5kj\u00e6r Arena - Mors","og_description":"Denne side bliver opdateret med indhold om weekendens lokale sport. Scroll ned ad siden og find de forskellige artikler. P\u00e5 siden nu: Victor Norlyk p\u00e5 holdkortet til slaget i Gr\u00e5kj\u00e6r Arena Victor Norlyk p\u00e5 holdkortet til slaget i Gr\u00e5kj\u00e6r Arena Mors-Thy har igen sin topscorer p\u00e5 banen. Tr\u00e6neren forventer i omegnen af 30 minutter til [&hellip;]","og_url":"https:\/\/kunmedierne.dk\/mors\/slutspilsbrag-victor-norlyk-paa-holdkortet-til-slaget-i-graakjaer-arena\/","og_site_name":"Mors","article_published_time":"2026-05-01T11:47:55+00:00","article_modified_time":"2026-05-01T11:49:09+00:00","author":"David H\u00f8jmark","twitter_card":"summary_large_image","twitter_misc":{"Skrevet af":"David H\u00f8jmark","Estimeret l\u00e6setid":"4 minutter"},"schema":{"@context":"https:\/\/schema.org","@graph":[{"@type":"Article","@id":"https:\/\/kunmedierne.dk\/mors\/slutspilsbrag-victor-norlyk-paa-holdkortet-til-slaget-i-graakjaer-arena\/#article","isPartOf":{"@id":"https:\/\/kunmedierne.dk\/mors\/slutspilsbrag-victor-norlyk-paa-holdkortet-til-slaget-i-graakjaer-arena\/"},"author":{"name":"David H\u00f8jmark","@id":"https:\/\/kunmedierne.dk\/mors\/#\/schema\/person\/5fe23251bf1d0abbcdc6f7896579d548"},"headline":"Slutspilsbrag: Victor Norlyk p\u00e5 holdkortet til slaget i Gr\u00e5kj\u00e6r Arena","datePublished":"2026-05-01T11:47:55+00:00","dateModified":"2026-05-01T11:49:09+00:00","mainEntityOfPage":{"@id":"https:\/\/kunmedierne.dk\/mors\/slutspilsbrag-victor-norlyk-paa-holdkortet-til-slaget-i-graakjaer-arena\/"},"wordCount":816,"publisher":{"@id":"https:\/\/kunmedierne.dk\/mors\/#organization"},"articleSection":["Sport"],"inLanguage":"da-DK"},{"@type":"WebPage","@id":"https:\/\/kunmedierne.dk\/mors\/slutspilsbrag-victor-norlyk-paa-holdkortet-til-slaget-i-graakjaer-arena\/","url":"https:\/\/kunmedierne.dk\/mors\/slutspilsbrag-victor-norlyk-paa-holdkortet-til-slaget-i-graakjaer-arena\/","name":"Slutspilsbrag: Victor Norlyk p\u00e5 holdkortet til slaget i Gr\u00e5kj\u00e6r Arena - Mors","isPartOf":{"@id":"https:\/\/kunmedierne.dk\/mors\/#website"},"datePublished":"2026-05-01T11:47:55+00:00","dateModified":"2026-05-01T11:49:09+00:00","breadcrumb":{"@id":"https:\/\/kunmedierne.dk\/mors\/slutspilsbrag-victor-norlyk-paa-holdkortet-til-slaget-i-graakjaer-arena\/#breadcrumb"},"inLanguage":"da-DK","potentialAction":[{"@type":"ReadAction","target":["https:\/\/kunmedierne.dk\/mors\/slutspilsbrag-victor-norlyk-paa-holdkortet-til-slaget-i-graakjaer-arena\/"]}]},{"@type":"BreadcrumbList","@id":"https:\/\/kunmedierne.dk\/mors\/slutspilsbrag-victor-norlyk-paa-holdkortet-til-slaget-i-graakjaer-arena\/#breadcrumb","itemListElement":[{"@type":"ListItem","position":1,"name":"Hjem","item":"https:\/\/kunmedierne.dk\/mors\/"},{"@type":"ListItem","position":2,"name":"Slutspilsbrag: Victor Norlyk p\u00e5 holdkortet til slaget i Gr\u00e5kj\u00e6r Arena"}]},{"@type":"WebSite","@id":"https:\/\/kunmedierne.dk\/mors\/#website","url":"https:\/\/kunmedierne.dk\/mors\/","name":"Mors","description":"et netmedie med journalistik om livet p\u00e5 Mors","publisher":{"@id":"https:\/\/kunmedierne.dk\/mors\/#organization"},"potentialAction":[{"@type":"SearchAction","target":{"@type":"EntryPoint","urlTemplate":"https:\/\/kunmedierne.dk\/mors\/?s={search_term_string}"},"query-input":{"@type":"PropertyValueSpecification","valueRequired":true,"valueName":"search_term_string"}}],"inLanguage":"da-DK"},{"@type":"Organization","@id":"https:\/\/kunmedierne.dk\/mors\/#organization","name":"Mors","url":"https:\/\/kunmedierne.dk\/mors\/","logo":{"@type":"ImageObject","inLanguage":"da-DK","@id":"https:\/\/kunmedierne.dk\/mors\/#\/schema\/logo\/image\/","url":"https:\/\/kunmedierne.dk\/mors\/wp-content\/uploads\/2024\/08\/kunmors-logo.svg","contentUrl":"https:\/\/kunmedierne.dk\/mors\/wp-content\/uploads\/2024\/08\/kunmors-logo.svg","caption":"Mors"},"image":{"@id":"https:\/\/kunmedierne.dk\/mors\/#\/schema\/logo\/image\/"}},{"@type":"Person","@id":"https:\/\/kunmedierne.dk\/mors\/#\/schema\/person\/5fe23251bf1d0abbcdc6f7896579d548","name":"David H\u00f8jmark","image":{"@type":"ImageObject","inLanguage":"da-DK","@id":"https:\/\/kunmedierne.dk\/mors\/#\/schema\/person\/image\/","url":"https:\/\/secure.gravatar.com\/avatar\/4315d6fb9ef244d729989f5f90268eb08d5bf8a3d84402f595fa194bb35784fd?s=96&d=mm&r=g","contentUrl":"https:\/\/secure.gravatar.com\/avatar\/4315d6fb9ef244d729989f5f90268eb08d5bf8a3d84402f595fa194bb35784fd?s=96&d=mm&r=g","caption":"David H\u00f8jmark"},"sameAs":["https:\/\/www.kunmedierne.dk"],"url":"https:\/\/kunmedierne.dk\/mors\/author\/david\/"}]}},"_links":{"self":[{"href":"https:\/\/kunmedierne.dk\/mors\/wp-json\/wp\/v2\/posts\/172969","targetHints":{"allow":["GET"]}}],"collection":[{"href":"https:\/\/kunmedierne.dk\/mors\/wp-json\/wp\/v2\/posts"}],"about":[{"href":"https:\/\/kunmedierne.dk\/mors\/wp-json\/wp\/v2\/types\/post"}],"author":[{"embeddable":true,"href":"https:\/\/kunmedierne.dk\/mors\/wp-json\/wp\/v2\/users\/8"}],"replies":[{"embeddable":true,"href":"https:\/\/kunmedierne.dk\/mors\/wp-json\/wp\/v2\/comments?post=172969"}],"version-history":[{"count":3,"href":"https:\/\/kunmedierne.dk\/mors\/wp-json\/wp\/v2\/posts\/172969\/revisions"}],"predecessor-version":[{"id":172973,"href":"https:\/\/kunmedierne.dk\/mors\/wp-json\/wp\/v2\/posts\/172969\/revisions\/172973"}],"wp:attachment":[{"href":"https:\/\/kunmedierne.dk\/mors\/wp-json\/wp\/v2\/media?parent=172969"}],"wp:term":[{"taxonomy":"category","embeddable":true,"href":"https:\/\/kunmedierne.dk\/mors\/wp-json\/wp\/v2\/categories?post=172969"},{"taxonomy":"post_tag","embeddable":true,"href":"https:\/\/kunmedierne.dk\/mors\/wp-json\/wp\/v2\/tags?post=172969"}],"curies":[{"name":"wp","href":"https:\/\/api.w.org\/{rel}","templated":true}]}}