{"id":172945,"date":"2026-05-01T12:53:15","date_gmt":"2026-05-01T10:53:15","guid":{"rendered":"https:\/\/kunmedierne.dk\/mors\/?p=172945"},"modified":"2026-05-01T12:53:15","modified_gmt":"2026-05-01T10:53:15","slug":"solen-fjorden-og-faellesskabet-fredag-den-1-maj-er-der-kulturfest-paa-ejerslev-havn","status":"publish","type":"post","link":"https:\/\/kunmedierne.dk\/mors\/solen-fjorden-og-faellesskabet-fredag-den-1-maj-er-der-kulturfest-paa-ejerslev-havn\/","title":{"rendered":"<span>Solen, fjorden og f\u00e6llesskabet:<\/span> Fredag den 1. maj er der kulturfest p\u00e5 Ejerslev Havn"},"content":{"rendered":"<p><strong>EJERSLEV:<\/strong> Havnen summer allerede fra om formiddagen, hvor KunMors l\u00e6gger vejen forbi.<\/p>\n<p>Den smalle, snoede vej derned ligger badet i sol, flankeret af rapsmarker og m\u00e6lkeb\u00f8tter. Mange har ladet jakken blive i bilen. For\u00e5ret er landet \u2013 og det kan m\u00e6rkes hele vejen ned mod fjorden.<\/p>\n<p><img loading=\"lazy\" decoding=\"async\" class=\"alignnone wp-image-172947 size-full\" src=\"https:\/\/kunmedierne.dk\/mors\/wp-content\/uploads\/2026\/05\/design-uden-navn278.jpg\" alt=\"\" width=\"5184\" height=\"3456\" srcset=\"https:\/\/kunmedierne.dk\/mors\/wp-content\/uploads\/2026\/05\/design-uden-navn278.jpg 5184w, https:\/\/kunmedierne.dk\/mors\/wp-content\/uploads\/2026\/05\/design-uden-navn278-300x200.jpg 300w, https:\/\/kunmedierne.dk\/mors\/wp-content\/uploads\/2026\/05\/design-uden-navn278-1024x683.jpg 1024w, https:\/\/kunmedierne.dk\/mors\/wp-content\/uploads\/2026\/05\/design-uden-navn278-510x340.jpg 510w\" sizes=\"auto, (max-width: 5184px) 100vw, 5184px\" \/><\/p>\n<p>Nede ved havnen er teltene rejst. Folk st\u00e5r i sm\u00e5 grupper med kaffe i h\u00e5nden, mens b\u00f8rn l\u00f8ber mellem boder og aktiviteter.<\/p>\n<p>For mindre end et \u00e5r siden l\u00f8d det s\u00e5dan fra formand for Nordmors Beboerforening, <a href=\"https:\/\/kunmedierne.dk\/mors\/formand-for-beboerforening-nu-faar-vi-mere-kultur-paa-nordmors-det-traenger-vi-til\/\" target=\"_blank\" rel=\"noopener\">Laila S\u00f8lager: \u201cNu f\u00e5r vi mere kultur p\u00e5 Nordmors \u2013 det tr\u00e6nger vi til.\u201d<\/a><\/p>\n<a class=\"dvrt-link\" onClick=\"cdmtrack_click(114591,jQuery(this));return false\" href=\"https:\/\/www.facebook.com\/kopogkandemors\"><img decoding=\"async\" style=\"width:100%;\" src=\"https:\/\/kunmedierne.dk\/mors\/wp-content\/uploads\/2024\/03\/kop-og-kande-ja-tak-tilbud.jpg\"><\/a><script>cdmtrack_view(114591);<\/script>\n<p>I dag ligner det, hun talte om, noget der har taget form.<\/p>\n<p>Dagen blev skudt i gang med taler fra b\u00e5de region og kommune. Udvalgsformand Lars R\u00f8ntved Jensen (SF) kaldte det en historisk dag:<\/p>\n<p>&#8211; Det er jo noget af det, Nordmors har. Og noget Nordmors kan.<\/p>\n<blockquote>\n<h5>Nordmors blev i 2025 udpeget som kulturpunkt af Region Nordjylland. Det betyder, at omr\u00e5det har f\u00e5et 50.000 kroner til kulturelle aktiviteter, der styrker f\u00e6llesskab og lokal udvikling. Pengene skal bruges p\u00e5 id\u00e9er, der vokser frem lokalt blandt borgere, foreninger og ildsj\u00e6le. Kulturfesten p\u00e5 Ejerslev Havn er det f\u00f8rste store arrangement under Kulturpunkt Nordmors.<\/h5>\n<\/blockquote>\n<p>Rundt omkring p\u00e5 pladsen folder det sig ud.<\/p>\n<p>Ved krea- og kr\u00e6mmermarkedet \u00e5bner boderne \u00e9n efter \u00e9n. Her er garn, g\u00e5rd\u00e6g, pileflet og hjemmelavede specialiteter. Snakken g\u00e5r, og folk stopper op, hilser og kigger.<\/p>\n<p><img loading=\"lazy\" decoding=\"async\" class=\"alignnone wp-image-172949 size-full\" src=\"https:\/\/kunmedierne.dk\/mors\/wp-content\/uploads\/2026\/05\/design-uden-navn280.jpg\" alt=\"\" width=\"5184\" height=\"3456\" srcset=\"https:\/\/kunmedierne.dk\/mors\/wp-content\/uploads\/2026\/05\/design-uden-navn280.jpg 5184w, https:\/\/kunmedierne.dk\/mors\/wp-content\/uploads\/2026\/05\/design-uden-navn280-300x200.jpg 300w, https:\/\/kunmedierne.dk\/mors\/wp-content\/uploads\/2026\/05\/design-uden-navn280-1024x683.jpg 1024w, https:\/\/kunmedierne.dk\/mors\/wp-content\/uploads\/2026\/05\/design-uden-navn280-510x340.jpg 510w\" sizes=\"auto, (max-width: 5184px) 100vw, 5184px\" \/><\/p>\n<p>Lidt l\u00e6ngere nede mod vandet sker der noget andet.<\/p>\n<p>Her guider Mors\u00f8 Naturklub b\u00f8rn og voksne ud i fjorden if\u00f8rt vaders og med vandkikkerter. De leder efter liv under overfladen.<\/p>\n<p>\u201cSe, en reje!\u201d r\u00e5ber et barn.<\/p>\n<p>Krabber bliver fisket op med snore og st\u00e6nger fra kanten, mens andre bygger stylter p\u00e5 land.<\/p>\n<p>Tilbage ved teltene er der workshops i gang. Nogle sidder med pileflet, andre maler. Senere p\u00e5 dagen venter b\u00e5de musical, folkedans og f\u00e6llessang.<\/p>\n<div id=\"attachment_172948\" style=\"width: 5194px\" class=\"wp-caption alignnone\"><img loading=\"lazy\" decoding=\"async\" aria-describedby=\"caption-attachment-172948\" class=\"wp-image-172948 size-full\" src=\"https:\/\/kunmedierne.dk\/mors\/wp-content\/uploads\/2026\/05\/design-uden-navn279.jpg\" alt=\"\" width=\"5184\" height=\"3456\" srcset=\"https:\/\/kunmedierne.dk\/mors\/wp-content\/uploads\/2026\/05\/design-uden-navn279.jpg 5184w, https:\/\/kunmedierne.dk\/mors\/wp-content\/uploads\/2026\/05\/design-uden-navn279-300x200.jpg 300w, https:\/\/kunmedierne.dk\/mors\/wp-content\/uploads\/2026\/05\/design-uden-navn279-1024x683.jpg 1024w, https:\/\/kunmedierne.dk\/mors\/wp-content\/uploads\/2026\/05\/design-uden-navn279-510x340.jpg 510w\" sizes=\"auto, (max-width: 5184px) 100vw, 5184px\" \/><p id=\"caption-attachment-172948\" class=\"wp-caption-text\">Basta Duo giver koncert i et af teltene<\/p><\/div>\n<p>P\u00e5 pladsen er der hele tiden nogen, der standser op for at tale sammen. B\u00f8rn l\u00f8ber mellem teltene, frivillige viser vej, og nede ved vandet bliver dagens fund i spande og vandkikkerter vist frem.<\/p>\n<p>Sidste \u00e5r sagde Laila S\u00f8lager til KunMors, at Nordmors tr\u00e6ngte til mere kultur, og at det ogs\u00e5 handlede om at finde frem til fort\u00e6llingen om omr\u00e5det og menneskene her.<\/p>\n<a class=\"dvrt-link\" onClick=\"cdmtrack_click(111725,jQuery(this));return false\" href=\"https:\/\/www.thistedforsikring.dk\/?utm_source=partnerskaber&amp;utm_campaign=kun_mors\"><img decoding=\"async\" style=\"width:100%;\" src=\"https:\/\/kunmedierne.dk\/mors\/wp-content\/uploads\/2024\/02\/269409KunMors-ThistedFor-1.png\"><\/a><script>cdmtrack_view(111725);<\/script>\n<p>Ved Ejerslev Havn er den fort\u00e6lling rykket ud i solen. Den ligger i boderne, i sangen fra scenen, i b\u00f8rnene fra Naturfriskolen, i naturklubbens aktiviteter ved fjorden og i de mange lokale h\u00e6nder, der f\u00e5r dagen til at h\u00e6nge sammen.<\/p>\n<p>Solen st\u00e5r h\u00f8jt over fjorden, og kulturfesten forts\u00e6tter frem til klokken 17.<\/p>\n<p>&nbsp;<\/p>\n<blockquote>\n<h4>L\u00c6S MERE HER:<\/h4>\n<h5><a href=\"https:\/\/kunmedierne.dk\/mors\/formand-for-beboerforening-nu-faar-vi-mere-kultur-paa-nordmors-det-traenger-vi-til\/\" target=\"_blank\" rel=\"noopener\">Formand for beboerforening: \u201cNu f\u00e5r vi mere kultur p\u00e5 Nordmors \u2013 det tr\u00e6nger vi til\u201d<\/a><\/h5>\n<h5><a href=\"https:\/\/kunmedierne.dk\/mors\/nordmors-bliver-kulturelt-knudepunkt-nu-skal-faellesskabet-styrkes\/\" target=\"_blank\" rel=\"noopener\">Nordmors bliver kulturelt knudepunkt: Nu skal f\u00e6llesskabet styrkes <\/a><\/h5>\n<\/blockquote>\n","protected":false},"excerpt":{"rendered":"<p>EJERSLEV: Havnen summer allerede fra om formiddagen, hvor KunMors l\u00e6gger vejen forbi. Den smalle, snoede vej derned ligger badet i sol, flankeret af rapsmarker og m\u00e6lkeb\u00f8tter. Mange har ladet jakken blive i bilen. For\u00e5ret er landet \u2013 og det kan m\u00e6rkes hele vejen ned mod fjorden. Nede ved havnen er teltene rejst. Folk st\u00e5r i [&hellip;]<\/p>\n","protected":false},"author":2507,"featured_media":0,"comment_status":"closed","ping_status":"closed","sticky":false,"template":"","format":"standard","meta":{"_acf_changed":false,"footnotes":""},"categories":[49],"tags":[],"class_list":["post-172945","post","type-post","status-publish","format-standard","hentry","category-kultur"],"acf":[],"yoast_head":"<!-- This site is optimized with the Yoast SEO plugin v26.8 - https:\/\/yoast.com\/product\/yoast-seo-wordpress\/ -->\n<title>Solen, fjorden og f\u00e6llesskabet: Fredag den 1. maj er der kulturfest p\u00e5 Ejerslev Havn - Mors<\/title>\n<meta name=\"robots\" content=\"index, follow, max-snippet:-1, max-image-preview:large, max-video-preview:-1\" \/>\n<link rel=\"canonical\" href=\"https:\/\/kunmedierne.dk\/mors\/solen-fjorden-og-faellesskabet-fredag-den-1-maj-er-der-kulturfest-paa-ejerslev-havn\/\" \/>\n<meta property=\"og:locale\" content=\"da_DK\" \/>\n<meta property=\"og:type\" content=\"article\" \/>\n<meta property=\"og:title\" content=\"Solen, fjorden og f\u00e6llesskabet: Fredag den 1. maj er der kulturfest p\u00e5 Ejerslev Havn - Mors\" \/>\n<meta property=\"og:description\" content=\"EJERSLEV: Havnen summer allerede fra om formiddagen, hvor KunMors l\u00e6gger vejen forbi. Den smalle, snoede vej derned ligger badet i sol, flankeret af rapsmarker og m\u00e6lkeb\u00f8tter. Mange har ladet jakken blive i bilen. For\u00e5ret er landet \u2013 og det kan m\u00e6rkes hele vejen ned mod fjorden. Nede ved havnen er teltene rejst. Folk st\u00e5r i [&hellip;]\" \/>\n<meta property=\"og:url\" content=\"https:\/\/kunmedierne.dk\/mors\/solen-fjorden-og-faellesskabet-fredag-den-1-maj-er-der-kulturfest-paa-ejerslev-havn\/\" \/>\n<meta property=\"og:site_name\" content=\"Mors\" \/>\n<meta property=\"article:published_time\" content=\"2026-05-01T10:53:15+00:00\" \/>\n<meta property=\"og:image\" content=\"https:\/\/kunmedierne.dk\/mors\/wp-content\/uploads\/2026\/05\/design-uden-navn278-1024x683.jpg\" \/>\n\t<meta property=\"og:image:width\" content=\"1024\" \/>\n\t<meta property=\"og:image:height\" content=\"683\" \/>\n\t<meta property=\"og:image:type\" content=\"image\/jpeg\" \/>\n<meta name=\"author\" content=\"Katrine Hedegaard\" \/>\n<meta name=\"twitter:card\" content=\"summary_large_image\" \/>\n<meta name=\"twitter:label1\" content=\"Skrevet af\" \/>\n\t<meta name=\"twitter:data1\" content=\"Katrine Hedegaard\" \/>\n\t<meta name=\"twitter:label2\" content=\"Estimeret l\u00e6setid\" \/>\n\t<meta name=\"twitter:data2\" content=\"3 minutter\" \/>\n<script type=\"application\/ld+json\" class=\"yoast-schema-graph\">{\"@context\":\"https:\/\/schema.org\",\"@graph\":[{\"@type\":\"Article\",\"@id\":\"https:\/\/kunmedierne.dk\/mors\/solen-fjorden-og-faellesskabet-fredag-den-1-maj-er-der-kulturfest-paa-ejerslev-havn\/#article\",\"isPartOf\":{\"@id\":\"https:\/\/kunmedierne.dk\/mors\/solen-fjorden-og-faellesskabet-fredag-den-1-maj-er-der-kulturfest-paa-ejerslev-havn\/\"},\"author\":{\"name\":\"Katrine Hedegaard\",\"@id\":\"https:\/\/kunmedierne.dk\/mors\/#\/schema\/person\/b2e62a38069b12365e53e087a8709c64\"},\"headline\":\"Solen, fjorden og f\u00e6llesskabet: Fredag den 1. maj er der kulturfest p\u00e5 Ejerslev Havn\",\"datePublished\":\"2026-05-01T10:53:15+00:00\",\"mainEntityOfPage\":{\"@id\":\"https:\/\/kunmedierne.dk\/mors\/solen-fjorden-og-faellesskabet-fredag-den-1-maj-er-der-kulturfest-paa-ejerslev-havn\/\"},\"wordCount\":525,\"publisher\":{\"@id\":\"https:\/\/kunmedierne.dk\/mors\/#organization\"},\"image\":{\"@id\":\"https:\/\/kunmedierne.dk\/mors\/solen-fjorden-og-faellesskabet-fredag-den-1-maj-er-der-kulturfest-paa-ejerslev-havn\/#primaryimage\"},\"thumbnailUrl\":\"https:\/\/kunmedierne.dk\/mors\/wp-content\/uploads\/2026\/05\/design-uden-navn278.jpg\",\"articleSection\":[\"Kultur\"],\"inLanguage\":\"da-DK\"},{\"@type\":\"WebPage\",\"@id\":\"https:\/\/kunmedierne.dk\/mors\/solen-fjorden-og-faellesskabet-fredag-den-1-maj-er-der-kulturfest-paa-ejerslev-havn\/\",\"url\":\"https:\/\/kunmedierne.dk\/mors\/solen-fjorden-og-faellesskabet-fredag-den-1-maj-er-der-kulturfest-paa-ejerslev-havn\/\",\"name\":\"Solen, fjorden og f\u00e6llesskabet: Fredag den 1. maj er der kulturfest p\u00e5 Ejerslev Havn - Mors\",\"isPartOf\":{\"@id\":\"https:\/\/kunmedierne.dk\/mors\/#website\"},\"primaryImageOfPage\":{\"@id\":\"https:\/\/kunmedierne.dk\/mors\/solen-fjorden-og-faellesskabet-fredag-den-1-maj-er-der-kulturfest-paa-ejerslev-havn\/#primaryimage\"},\"image\":{\"@id\":\"https:\/\/kunmedierne.dk\/mors\/solen-fjorden-og-faellesskabet-fredag-den-1-maj-er-der-kulturfest-paa-ejerslev-havn\/#primaryimage\"},\"thumbnailUrl\":\"https:\/\/kunmedierne.dk\/mors\/wp-content\/uploads\/2026\/05\/design-uden-navn278.jpg\",\"datePublished\":\"2026-05-01T10:53:15+00:00\",\"breadcrumb\":{\"@id\":\"https:\/\/kunmedierne.dk\/mors\/solen-fjorden-og-faellesskabet-fredag-den-1-maj-er-der-kulturfest-paa-ejerslev-havn\/#breadcrumb\"},\"inLanguage\":\"da-DK\",\"potentialAction\":[{\"@type\":\"ReadAction\",\"target\":[\"https:\/\/kunmedierne.dk\/mors\/solen-fjorden-og-faellesskabet-fredag-den-1-maj-er-der-kulturfest-paa-ejerslev-havn\/\"]}]},{\"@type\":\"ImageObject\",\"inLanguage\":\"da-DK\",\"@id\":\"https:\/\/kunmedierne.dk\/mors\/solen-fjorden-og-faellesskabet-fredag-den-1-maj-er-der-kulturfest-paa-ejerslev-havn\/#primaryimage\",\"url\":\"https:\/\/kunmedierne.dk\/mors\/wp-content\/uploads\/2026\/05\/design-uden-navn278.jpg\",\"contentUrl\":\"https:\/\/kunmedierne.dk\/mors\/wp-content\/uploads\/2026\/05\/design-uden-navn278.jpg\",\"width\":5184,\"height\":3456},{\"@type\":\"BreadcrumbList\",\"@id\":\"https:\/\/kunmedierne.dk\/mors\/solen-fjorden-og-faellesskabet-fredag-den-1-maj-er-der-kulturfest-paa-ejerslev-havn\/#breadcrumb\",\"itemListElement\":[{\"@type\":\"ListItem\",\"position\":1,\"name\":\"Hjem\",\"item\":\"https:\/\/kunmedierne.dk\/mors\/\"},{\"@type\":\"ListItem\",\"position\":2,\"name\":\"Solen, fjorden og f\u00e6llesskabet: Fredag den 1. maj er der kulturfest p\u00e5 Ejerslev Havn\"}]},{\"@type\":\"WebSite\",\"@id\":\"https:\/\/kunmedierne.dk\/mors\/#website\",\"url\":\"https:\/\/kunmedierne.dk\/mors\/\",\"name\":\"Mors\",\"description\":\"et netmedie med journalistik om livet p\u00e5 Mors\",\"publisher\":{\"@id\":\"https:\/\/kunmedierne.dk\/mors\/#organization\"},\"potentialAction\":[{\"@type\":\"SearchAction\",\"target\":{\"@type\":\"EntryPoint\",\"urlTemplate\":\"https:\/\/kunmedierne.dk\/mors\/?s={search_term_string}\"},\"query-input\":{\"@type\":\"PropertyValueSpecification\",\"valueRequired\":true,\"valueName\":\"search_term_string\"}}],\"inLanguage\":\"da-DK\"},{\"@type\":\"Organization\",\"@id\":\"https:\/\/kunmedierne.dk\/mors\/#organization\",\"name\":\"Mors\",\"url\":\"https:\/\/kunmedierne.dk\/mors\/\",\"logo\":{\"@type\":\"ImageObject\",\"inLanguage\":\"da-DK\",\"@id\":\"https:\/\/kunmedierne.dk\/mors\/#\/schema\/logo\/image\/\",\"url\":\"https:\/\/kunmedierne.dk\/mors\/wp-content\/uploads\/2024\/08\/kunmors-logo.svg\",\"contentUrl\":\"https:\/\/kunmedierne.dk\/mors\/wp-content\/uploads\/2024\/08\/kunmors-logo.svg\",\"caption\":\"Mors\"},\"image\":{\"@id\":\"https:\/\/kunmedierne.dk\/mors\/#\/schema\/logo\/image\/\"}},{\"@type\":\"Person\",\"@id\":\"https:\/\/kunmedierne.dk\/mors\/#\/schema\/person\/b2e62a38069b12365e53e087a8709c64\",\"name\":\"Katrine Hedegaard\",\"image\":{\"@type\":\"ImageObject\",\"inLanguage\":\"da-DK\",\"@id\":\"https:\/\/kunmedierne.dk\/mors\/#\/schema\/person\/image\/\",\"url\":\"https:\/\/secure.gravatar.com\/avatar\/18a5c72fa9148052fd3ed5a58b40fc83cfdc9811090e6e6eec9539af058edcc0?s=96&d=mm&r=g\",\"contentUrl\":\"https:\/\/secure.gravatar.com\/avatar\/18a5c72fa9148052fd3ed5a58b40fc83cfdc9811090e6e6eec9539af058edcc0?s=96&d=mm&r=g\",\"caption\":\"Katrine Hedegaard\"},\"url\":\"https:\/\/kunmedierne.dk\/mors\/author\/katrine\/\"}]}<\/script>\n<!-- \/ Yoast SEO plugin. -->","yoast_head_json":{"title":"Solen, fjorden og f\u00e6llesskabet: Fredag den 1. maj er der kulturfest p\u00e5 Ejerslev Havn - Mors","robots":{"index":"index","follow":"follow","max-snippet":"max-snippet:-1","max-image-preview":"max-image-preview:large","max-video-preview":"max-video-preview:-1"},"canonical":"https:\/\/kunmedierne.dk\/mors\/solen-fjorden-og-faellesskabet-fredag-den-1-maj-er-der-kulturfest-paa-ejerslev-havn\/","og_locale":"da_DK","og_type":"article","og_title":"Solen, fjorden og f\u00e6llesskabet: Fredag den 1. maj er der kulturfest p\u00e5 Ejerslev Havn - Mors","og_description":"EJERSLEV: Havnen summer allerede fra om formiddagen, hvor KunMors l\u00e6gger vejen forbi. Den smalle, snoede vej derned ligger badet i sol, flankeret af rapsmarker og m\u00e6lkeb\u00f8tter. Mange har ladet jakken blive i bilen. For\u00e5ret er landet \u2013 og det kan m\u00e6rkes hele vejen ned mod fjorden. Nede ved havnen er teltene rejst. Folk st\u00e5r i [&hellip;]","og_url":"https:\/\/kunmedierne.dk\/mors\/solen-fjorden-og-faellesskabet-fredag-den-1-maj-er-der-kulturfest-paa-ejerslev-havn\/","og_site_name":"Mors","article_published_time":"2026-05-01T10:53:15+00:00","og_image":[{"width":1024,"height":683,"url":"https:\/\/kunmedierne.dk\/mors\/wp-content\/uploads\/2026\/05\/design-uden-navn278-1024x683.jpg","type":"image\/jpeg"}],"author":"Katrine Hedegaard","twitter_card":"summary_large_image","twitter_misc":{"Skrevet af":"Katrine Hedegaard","Estimeret l\u00e6setid":"3 minutter"},"schema":{"@context":"https:\/\/schema.org","@graph":[{"@type":"Article","@id":"https:\/\/kunmedierne.dk\/mors\/solen-fjorden-og-faellesskabet-fredag-den-1-maj-er-der-kulturfest-paa-ejerslev-havn\/#article","isPartOf":{"@id":"https:\/\/kunmedierne.dk\/mors\/solen-fjorden-og-faellesskabet-fredag-den-1-maj-er-der-kulturfest-paa-ejerslev-havn\/"},"author":{"name":"Katrine Hedegaard","@id":"https:\/\/kunmedierne.dk\/mors\/#\/schema\/person\/b2e62a38069b12365e53e087a8709c64"},"headline":"Solen, fjorden og f\u00e6llesskabet: Fredag den 1. maj er der kulturfest p\u00e5 Ejerslev Havn","datePublished":"2026-05-01T10:53:15+00:00","mainEntityOfPage":{"@id":"https:\/\/kunmedierne.dk\/mors\/solen-fjorden-og-faellesskabet-fredag-den-1-maj-er-der-kulturfest-paa-ejerslev-havn\/"},"wordCount":525,"publisher":{"@id":"https:\/\/kunmedierne.dk\/mors\/#organization"},"image":{"@id":"https:\/\/kunmedierne.dk\/mors\/solen-fjorden-og-faellesskabet-fredag-den-1-maj-er-der-kulturfest-paa-ejerslev-havn\/#primaryimage"},"thumbnailUrl":"https:\/\/kunmedierne.dk\/mors\/wp-content\/uploads\/2026\/05\/design-uden-navn278.jpg","articleSection":["Kultur"],"inLanguage":"da-DK"},{"@type":"WebPage","@id":"https:\/\/kunmedierne.dk\/mors\/solen-fjorden-og-faellesskabet-fredag-den-1-maj-er-der-kulturfest-paa-ejerslev-havn\/","url":"https:\/\/kunmedierne.dk\/mors\/solen-fjorden-og-faellesskabet-fredag-den-1-maj-er-der-kulturfest-paa-ejerslev-havn\/","name":"Solen, fjorden og f\u00e6llesskabet: Fredag den 1. maj er der kulturfest p\u00e5 Ejerslev Havn - Mors","isPartOf":{"@id":"https:\/\/kunmedierne.dk\/mors\/#website"},"primaryImageOfPage":{"@id":"https:\/\/kunmedierne.dk\/mors\/solen-fjorden-og-faellesskabet-fredag-den-1-maj-er-der-kulturfest-paa-ejerslev-havn\/#primaryimage"},"image":{"@id":"https:\/\/kunmedierne.dk\/mors\/solen-fjorden-og-faellesskabet-fredag-den-1-maj-er-der-kulturfest-paa-ejerslev-havn\/#primaryimage"},"thumbnailUrl":"https:\/\/kunmedierne.dk\/mors\/wp-content\/uploads\/2026\/05\/design-uden-navn278.jpg","datePublished":"2026-05-01T10:53:15+00:00","breadcrumb":{"@id":"https:\/\/kunmedierne.dk\/mors\/solen-fjorden-og-faellesskabet-fredag-den-1-maj-er-der-kulturfest-paa-ejerslev-havn\/#breadcrumb"},"inLanguage":"da-DK","potentialAction":[{"@type":"ReadAction","target":["https:\/\/kunmedierne.dk\/mors\/solen-fjorden-og-faellesskabet-fredag-den-1-maj-er-der-kulturfest-paa-ejerslev-havn\/"]}]},{"@type":"ImageObject","inLanguage":"da-DK","@id":"https:\/\/kunmedierne.dk\/mors\/solen-fjorden-og-faellesskabet-fredag-den-1-maj-er-der-kulturfest-paa-ejerslev-havn\/#primaryimage","url":"https:\/\/kunmedierne.dk\/mors\/wp-content\/uploads\/2026\/05\/design-uden-navn278.jpg","contentUrl":"https:\/\/kunmedierne.dk\/mors\/wp-content\/uploads\/2026\/05\/design-uden-navn278.jpg","width":5184,"height":3456},{"@type":"BreadcrumbList","@id":"https:\/\/kunmedierne.dk\/mors\/solen-fjorden-og-faellesskabet-fredag-den-1-maj-er-der-kulturfest-paa-ejerslev-havn\/#breadcrumb","itemListElement":[{"@type":"ListItem","position":1,"name":"Hjem","item":"https:\/\/kunmedierne.dk\/mors\/"},{"@type":"ListItem","position":2,"name":"Solen, fjorden og f\u00e6llesskabet: Fredag den 1. maj er der kulturfest p\u00e5 Ejerslev Havn"}]},{"@type":"WebSite","@id":"https:\/\/kunmedierne.dk\/mors\/#website","url":"https:\/\/kunmedierne.dk\/mors\/","name":"Mors","description":"et netmedie med journalistik om livet p\u00e5 Mors","publisher":{"@id":"https:\/\/kunmedierne.dk\/mors\/#organization"},"potentialAction":[{"@type":"SearchAction","target":{"@type":"EntryPoint","urlTemplate":"https:\/\/kunmedierne.dk\/mors\/?s={search_term_string}"},"query-input":{"@type":"PropertyValueSpecification","valueRequired":true,"valueName":"search_term_string"}}],"inLanguage":"da-DK"},{"@type":"Organization","@id":"https:\/\/kunmedierne.dk\/mors\/#organization","name":"Mors","url":"https:\/\/kunmedierne.dk\/mors\/","logo":{"@type":"ImageObject","inLanguage":"da-DK","@id":"https:\/\/kunmedierne.dk\/mors\/#\/schema\/logo\/image\/","url":"https:\/\/kunmedierne.dk\/mors\/wp-content\/uploads\/2024\/08\/kunmors-logo.svg","contentUrl":"https:\/\/kunmedierne.dk\/mors\/wp-content\/uploads\/2024\/08\/kunmors-logo.svg","caption":"Mors"},"image":{"@id":"https:\/\/kunmedierne.dk\/mors\/#\/schema\/logo\/image\/"}},{"@type":"Person","@id":"https:\/\/kunmedierne.dk\/mors\/#\/schema\/person\/b2e62a38069b12365e53e087a8709c64","name":"Katrine Hedegaard","image":{"@type":"ImageObject","inLanguage":"da-DK","@id":"https:\/\/kunmedierne.dk\/mors\/#\/schema\/person\/image\/","url":"https:\/\/secure.gravatar.com\/avatar\/18a5c72fa9148052fd3ed5a58b40fc83cfdc9811090e6e6eec9539af058edcc0?s=96&d=mm&r=g","contentUrl":"https:\/\/secure.gravatar.com\/avatar\/18a5c72fa9148052fd3ed5a58b40fc83cfdc9811090e6e6eec9539af058edcc0?s=96&d=mm&r=g","caption":"Katrine Hedegaard"},"url":"https:\/\/kunmedierne.dk\/mors\/author\/katrine\/"}]}},"_links":{"self":[{"href":"https:\/\/kunmedierne.dk\/mors\/wp-json\/wp\/v2\/posts\/172945","targetHints":{"allow":["GET"]}}],"collection":[{"href":"https:\/\/kunmedierne.dk\/mors\/wp-json\/wp\/v2\/posts"}],"about":[{"href":"https:\/\/kunmedierne.dk\/mors\/wp-json\/wp\/v2\/types\/post"}],"author":[{"embeddable":true,"href":"https:\/\/kunmedierne.dk\/mors\/wp-json\/wp\/v2\/users\/2507"}],"replies":[{"embeddable":true,"href":"https:\/\/kunmedierne.dk\/mors\/wp-json\/wp\/v2\/comments?post=172945"}],"version-history":[{"count":5,"href":"https:\/\/kunmedierne.dk\/mors\/wp-json\/wp\/v2\/posts\/172945\/revisions"}],"predecessor-version":[{"id":172955,"href":"https:\/\/kunmedierne.dk\/mors\/wp-json\/wp\/v2\/posts\/172945\/revisions\/172955"}],"wp:attachment":[{"href":"https:\/\/kunmedierne.dk\/mors\/wp-json\/wp\/v2\/media?parent=172945"}],"wp:term":[{"taxonomy":"category","embeddable":true,"href":"https:\/\/kunmedierne.dk\/mors\/wp-json\/wp\/v2\/categories?post=172945"},{"taxonomy":"post_tag","embeddable":true,"href":"https:\/\/kunmedierne.dk\/mors\/wp-json\/wp\/v2\/tags?post=172945"}],"curies":[{"name":"wp","href":"https:\/\/api.w.org\/{rel}","templated":true}]}}