{"id":172937,"date":"2026-05-03T10:09:39","date_gmt":"2026-05-03T08:09:39","guid":{"rendered":"https:\/\/kunmedierne.dk\/mors\/?p=172937"},"modified":"2026-05-03T10:10:35","modified_gmt":"2026-05-03T08:10:35","slug":"kb-moedet-kort-skal-traktoren-vaere-roed-eller-blaa","status":"publish","type":"post","link":"https:\/\/kunmedierne.dk\/mors\/kb-moedet-kort-skal-traktoren-vaere-roed-eller-blaa\/","title":{"rendered":"<span>KB-m\u00f8det kort: <\/span>Skal traktoren v\u00e6re r\u00f8d eller bl\u00e5?"},"content":{"rendered":"<blockquote>\n<h5>Livestreaming af m\u00f8derne i kommunalbestyrelsen blev endeligt vedtaget, da kommunalbestyrelsen som ventet fulgte den indstilling fra \u00f8konomiudvalget, som <a href=\"https:\/\/kunmedierne.dk\/mors\/streaming-og-spoergetid-paa-moeder-i-kommunalbestyrelsen-rykker-naermere\/\" target=\"_blank\" rel=\"noopener\">du kan l\u00e6se om her<\/a>. I februar var emnet ogs\u00e5 dagsordenen, da kommunalbestyrelsen behandlede Venstres \u00e5benhedspakke, hvilket <a href=\"https:\/\/kunmedierne.dk\/mors\/nu-bliver-der-mere-aabenhed-om-det-politiske-arbejde\/\" target=\"_blank\" rel=\"noopener\">f\u00f8rte til en debat om<\/a>, hvilke partier der skal have \u00e6ren for at sikre mere \u00e5benhed om det politiske arbejde p\u00e5 Mors.<\/h5>\n<h5>Punktet om livestreaming blev vedtaget i enighed. Keld Kortegaard (K) fortalte dog, at han havde foretrukket modellen uden afstemningsl\u00f8sning som en del af abonnementet, da det ville spare kommunen for en udgift p\u00e5 36.000 kroner om \u00e5ret.<\/h5>\n<h5><a class=\"dvrt-link\" onClick=\"cdmtrack_click(169437,jQuery(this));return false\" href=\"https:\/\/thymors.dk\/sponsorater\/15-til-faellesskabet?utm_source=kunmors&amp;utm_medium=annonce&amp;utm_campaign=sponsorater\"><img decoding=\"async\" style=\"width:100%;\" src=\"https:\/\/kunmedierne.dk\/mors\/wp-content\/uploads\/2026\/03\/260407ThyMors-energi_faellesskab_generel-1.jpg\"><\/a><script>cdmtrack_view(169437);<\/script><\/h5>\n<h5>En munter stemning opstod, da kommunalbestyrelsen vedtog en kommunegaranti til Mors\u00f8 Forsyning for noget s\u00e5 sj\u00e6ldent som k\u00f8b af en traktor. Under opl\u00e6sningen af punktet indsk\u00f8d borgmester Jens Dahlgaard (S), at han havde ladet sig fort\u00e6lle, at traktoren skal v\u00e6re r\u00f8d.<br \/>\nDet f\u00f8rte til en bem\u00e6rkning fra Tina Hosbond (V) om, at han dermed havde taget hendes joke.<br \/>\n&#8211; N\u00e5r man kommer fra landbrugskredse og g\u00e5r lidt op i traktorer, vil jeg sige, at det var hurtigt, I fik malet det r\u00f8dt, hvor I har mulighed for det, sagde hun, inden hun accepterede Jens Dahlgaards undskyldning for at have taget hendes punchline.<\/h5>\n<h5>I behandlingen af \u00e5rsregnskabet var der vanen tro anerkendelse til den kommunale administration for et godt stykke arbejde. Blandt andre fra Karin Villadsen (S), som roste regnskabet for at v\u00e6re til at s\u00e6tte sig ind i. Hun supplerede med en opfordring til morsingboerne om at g\u00f8re brug af muligheden. Du kan finde \u00e5rsregnskabet for 2025 <a href=\"https:\/\/dagsordener.mors.dk\/vis\/pdf\/bilag\/ec82c02b-f460-4fb2-a14d-07057bd6d919\/?redirectDirectlyToPdf=false\" target=\"_blank\" rel=\"noopener\">her<\/a>.<\/h5>\n<h5><a class=\"dvrt-link\" onClick=\"cdmtrack_click(104787,jQuery(this));return false\" href=\"https:\/\/www.jyskebank.dk\/kontakt\/afdelingsinfo?departmentid=11890\"><img decoding=\"async\" style=\"width:100%;\" src=\"https:\/\/kunmedierne.dk\/mors\/wp-content\/uploads\/2023\/10\/260325JyskeBankMorsNy-1.jpg\"><\/a><script>cdmtrack_view(104787);<\/script><\/h5>\n<h5>Ogs\u00e5 et halvt \u00e5r efter kommunalvalget tiltr\u00e6kker m\u00f8derne i det lokale parlament interesse fra kandidater, der ikke blev valgt ind. Blandt tilh\u00f8rerne i salen var s\u00e5ledes J\u00f8rgen Dahlgaard (DD), Ole Juul Lajgaard (EL) og Lissy J. Mikkelsen (EL). Sidstn\u00e6vnte ops\u00f8gte KunMors efter m\u00f8det som en reaktion p\u00e5, at Anette Svindborg (DF) i punktet om Feggesundf\u00e6rgen havde sagt, at Dansk Folkeparti b\u00e5de i Thy og p\u00e5 Mors var imod Thisted Kommunes opsigelse af aftalen. Lissy J. Mikkelsen mindede om, at Enhedslisten i Thisted ogs\u00e5 var imod &#8211; lige som p\u00e5 Mors.<\/h5>\n<h5>Som oplevet f\u00f8r i byr\u00e5dssalen blev der ogs\u00e5 denne gang sendt skud i retning af Christiansborg. Da den gr\u00f8nne trepart var p\u00e5 dagsordenen, satte Jesper Balle Kristensen (V) fokus p\u00e5 noget af det, man efter hans mening oplever lokalt:<br \/>\n&#8211; Det er somme tider lidt nemmere, tror jeg, at sidde p\u00e5 Christiansborg, hvor man er lidt l\u00e6ngere v\u00e6k fra virkeligheden. Man beh\u00f8ver ikke n\u00f8dvendigvis forholde sig til det perspektiv, vi er n\u00f8dt til at arbejde med herude i virkeligheden, l\u00f8d det.<\/h5>\n<h5><a class=\"dvrt-link\" onClick=\"cdmtrack_click(104780,jQuery(this));return false\" href=\"https:\/\/www.spard.dk\/\"><img decoding=\"async\" style=\"width:100%;\" src=\"https:\/\/kunmedierne.dk\/mors\/wp-content\/uploads\/2023\/12\/sparekassen-dk-maj25.gif\"><\/a><script>cdmtrack_view(104780);<\/script><\/h5>\n<h5>En enkelt politiker kom p\u00e5 tavlen i &#8220;En god sag&#8221;-ligaen. Det var Pia Storm (S), der beskrev beslutningen om livestreaming af m\u00f8derne i kommunalbestyrelsen som &#8220;en rigtig god sag&#8221; og dermed bragte sig p\u00e5 en delt f\u00f8rsteplads i den samlede stilling.<\/h5>\n<h5><b>Man scorer point i &#8220;En god dag&#8221;-ligaen, hvis man p\u00e5 et m\u00f8de i kommunalbestyrelsen formulerer en s\u00e6tning i stil med \u201cDet er en god sag\u201d. Foruden en pokal i form <\/b><b>af\u00a0<a href=\"https:\/\/da.wikipedia.org\/wiki\/Hoptimist\" target=\"_blank\" rel=\"noopener\">en Hoptimist<\/a> modtager vinderen h\u00e6drende omtale for at fremh\u00e6ve det positive, der sker p\u00e5 Mors i 2026.<\/b><\/h5>\n<h5 class=\"cdm-speech-text\"><b>Efter m\u00f8de nummer fire af 11 er stillingen:<\/b><\/h5>\n<h5 class=\"cdm-speech-text\"><b>Keld Kortegaard (K) \u2013 2 point<br \/>\nPia Storm (S) &#8211; 2 point<br \/>\nJette Jepsen (RV) &#8211; 1 point<br \/>\nPeter Lilleb\u00e6k (V) \u2013 1 point<br \/>\n<\/b><b>Tina Hosbond (V) &#8211; 1 point<br \/>\nAlle \u00f8vrige \u2013 0 point<\/b><\/h5>\n<h5><a class=\"dvrt-link\" onClick=\"cdmtrack_click(104785,jQuery(this));return false\" href=\"https:\/\/www.facebook.com\/lyndrups\"><img decoding=\"async\" style=\"width:100%;\" src=\"https:\/\/kunmedierne.dk\/mors\/wp-content\/uploads\/2022\/02\/vip-lyndrups-rengoering.jpg\"><\/a><script>cdmtrack_view(104785);<\/script><\/h5>\n<h5>\u00c5rets fjerde m\u00f8de i kommunalbestyrelsen bestod af hele 35 punkter. Heraf var de 25 dog om de v\u00e5domr\u00e5deprojekter, der blev vedtaget p\u00e5 stribe. M\u00f8det varede i en time og 38 minutter og havde deltagelse af alle 21 folkevalgte.<\/h5>\n<h5>Du kan se KunMors-referater fra de fem foreg\u00e5ende m\u00f8der her:<\/h5>\n<h5>Marts: <a href=\"https:\/\/kunmedierne.dk\/mors\/slut-med-budgetseminar-kommunalbestyrelsen-vedtog-ny-proces-for-budgetlaegning\/\" target=\"_blank\" rel=\"noopener\">1<\/a>, <a href=\"https:\/\/kunmedierne.dk\/mors\/bekymrende-kvalitet-paa-skoler-var-paa-politikernes-dagsorden\/\" target=\"_blank\" rel=\"noopener\">2<\/a>, <a href=\"https:\/\/kunmedierne.dk\/mors\/morsoe-friplejehjem-kom-et-skridt-naermere-med-en-kommunegaranti\/\" target=\"_blank\" rel=\"noopener\">3<\/a>, <a href=\"https:\/\/kunmedierne.dk\/mors\/aendringer-i-opgaver-paa-sundhedsomraadet-har-skabt-usikkerhed-blandt-sygeplejersker\/\" target=\"_blank\" rel=\"noopener\">4<\/a>, <a href=\"https:\/\/kunmedierne.dk\/mors\/kb-moedet-kort-politikerne-kan-ogsaa-selv-betale-for-en-ryste-sammen-tur\/\" target=\"_blank\" rel=\"noopener\">5<\/a><\/h5>\n<h5>Februar: <a href=\"https:\/\/kunmedierne.dk\/mors\/nu-bliver-der-mere-aabenhed-om-det-politiske-arbejde\/\" target=\"_blank\" rel=\"noopener\">1<\/a>, <a href=\"https:\/\/kunmedierne.dk\/mors\/snart-kan-der-soeges-tilskud-fra-groen-pulje-paa-mors\/\" target=\"_blank\" rel=\"noopener\">2<\/a>, <a href=\"https:\/\/kunmedierne.dk\/mors\/dagtilbudsomraadet-loeftes-med-45-mio-kroner-og-lidt-ekstra\/\" target=\"_blank\" rel=\"noopener\">3<\/a>, <a href=\"https:\/\/kunmedierne.dk\/mors\/kb-moedet-kort-keld-kortegaards-telefon-lukkede-munden-paa-meiner-noergaard\/\" target=\"_blank\" rel=\"noopener\">4<\/a><\/h5>\n<h5>Januar: <a href=\"https:\/\/kunmedierne.dk\/mors\/hans-ejner-bertelsen-satte-et-stilfaerdigt-politisk-punktum\/\" target=\"_blank\" rel=\"noopener\">1<\/a>, <a href=\"https:\/\/kunmedierne.dk\/mors\/udfordret-boligselskab-under-fortsat-tilsyn\/\" target=\"_blank\" rel=\"noopener\">2<\/a>, <a href=\"https:\/\/kunmedierne.dk\/mors\/naessundfaergen-bliver-en-god-sag-baade-for-turismen-og-oeens-borgere\/\" target=\"_blank\" rel=\"noopener\">3<\/a>, <a href=\"https:\/\/kunmedierne.dk\/mors\/kb-moedet-kort-to-scorede-point-i-en-god-sag-ligaen\/\" target=\"_blank\" rel=\"noopener\">4<\/a><\/h5>\n<h5>December: <a href=\"https:\/\/kunmedierne.dk\/mors\/nu-er-omlaegningsplanen-vedtaget-men-jette-jepsen-rv-forsoegte-i-11-time-at-aendre-kursen\/\" target=\"_blank\" rel=\"noopener\">1<\/a>, <a href=\"https:\/\/kunmedierne.dk\/mors\/lige-foer-maalstregen-nu-har-morsoe-kommune-ogsaa-faaet-en-idraetspolitik\/\" target=\"_blank\" rel=\"noopener\">2<\/a>, <a href=\"https:\/\/kunmedierne.dk\/mors\/kommunalbestyrelsen-sagde-ja-til-naeste-skridt-nyt-molermuseum-ved-ejerslev-havn\/\" target=\"_blank\" rel=\"noopener\">3<\/a>, <a href=\"https:\/\/kunmedierne.dk\/mors\/kb-moedet-kort-tore-muller-out\/\" target=\"_blank\" rel=\"noopener\">4<\/a><\/h5>\n<h5>November (2): <a href=\"https:\/\/kunmedierne.dk\/mors\/kommunalbestyrelsen-holdt-ultrakort-genforening\/\" target=\"_blank\" rel=\"noopener\">1<\/a>, <a href=\"https:\/\/kunmedierne.dk\/mors\/kb-moedet-kort-korteste-moede-i-mindst-seks-aar\/?fbclid=IwY2xjawOU93dleHRuA2FlbQIxMABicmlkETFyU1Zmb2FvamJPWTJidHFoc3J0YwZhcHBfaWQQMjIyMDM5MTc4ODIwMDg5MgABHk1q7MNx_2CHKz0TeS2mr7h2uKBzBnGWMwglu6znoAjwWJYB4bqMC4NRF6Mf_aem_8tM_uR-TDssC3cj8I5hmAw\" target=\"_blank\" rel=\"noopener\">2<\/a>, <a href=\"https:\/\/kunmedierne.dk\/mors\/kommunalbestyrelsen-sagde-ja-til-naeste-skridt-nyt-molermuseum-ved-ejerslev-havn\/\" target=\"_blank\" rel=\"noopener\">3<\/a>, <a href=\"https:\/\/kunmedierne.dk\/mors\/kb-moedet-kort-tore-muller-out\/\" target=\"_blank\" rel=\"noopener\">4<\/a><\/h5>\n<h5 class=\"cdm-speech-text\">Artikler om kommunalbestyrelsesm\u00f8det 28\/4-2026:<\/h5>\n<h5 class=\"cdm-speech-text\"><a href=\"https:\/\/kunmedierne.dk\/mors\/politiske-skud-imod-thy-da-mors-blev-alene-om-feggesundfaergen\/\">Politiske skud imod Thy, da Mors blev alene om Feggesundf\u00e6rgen<\/a><\/h5>\n<h5 class=\"cdm-speech-text\"><a href=\"https:\/\/kunmedierne.dk\/mors\/feggesundfaergen-far-er-ikke-sur-far-er-skuffet\/\">Feggesundf\u00e6rgen: &#8220;Far er ikke sur, far er skuffet!&#8221;<\/a><\/h5>\n<h5 class=\"cdm-speech-text\"><a href=\"https:\/\/kunmedierne.dk\/mors\/regnskab-sendt-videre-med-tilfredshed-men-forude-venter-svaere-prioriteringer\/\">Regnskab sendt videre med tilfredshed &#8211; men nu venter de sv\u00e6re prioriteringer<\/a><\/h5>\n<h5 class=\"cdm-speech-text\"><a href=\"https:\/\/kunmedierne.dk\/mors\/den-groenne-trepart-paa-mors-kom-25-skridt-naermere\/\">Den gr\u00f8nne trepart p\u00e5 Mors kom 25 skridt n\u00e6rmere<\/a><\/h5>\n<h5><a href=\"https:\/\/kunmedierne.dk\/mors\/kb-moedet-kort-skal-traktoren-vaere-roed-eller-blaa\/\">KB-m\u00f8det kort: Skal traktoren v\u00e6re r\u00f8d eller bl\u00e5?<\/a><\/h5>\n<\/blockquote>\n","protected":false},"excerpt":{"rendered":"<p>Livestreaming af m\u00f8derne i kommunalbestyrelsen blev endeligt vedtaget, da kommunalbestyrelsen som ventet fulgte den indstilling fra \u00f8konomiudvalget, som du kan l\u00e6se om her. I februar var emnet ogs\u00e5 dagsordenen, da kommunalbestyrelsen behandlede Venstres \u00e5benhedspakke, hvilket f\u00f8rte til en debat om, hvilke partier der skal have \u00e6ren for at sikre mere \u00e5benhed om det politiske arbejde [&hellip;]<\/p>\n","protected":false},"author":8,"featured_media":0,"comment_status":"closed","ping_status":"closed","sticky":false,"template":"","format":"standard","meta":{"_acf_changed":false,"footnotes":""},"categories":[51],"tags":[167],"class_list":["post-172937","post","type-post","status-publish","format-standard","hentry","category-lokalt","tag-politik"],"acf":[],"yoast_head":"<!-- This site is optimized with the Yoast SEO plugin v26.8 - https:\/\/yoast.com\/product\/yoast-seo-wordpress\/ -->\n<title>KB-m\u00f8det kort: Skal traktoren v\u00e6re r\u00f8d eller bl\u00e5? - Mors<\/title>\n<meta name=\"robots\" content=\"index, follow, max-snippet:-1, max-image-preview:large, max-video-preview:-1\" \/>\n<link rel=\"canonical\" href=\"https:\/\/kunmedierne.dk\/mors\/kb-moedet-kort-skal-traktoren-vaere-roed-eller-blaa\/\" \/>\n<meta property=\"og:locale\" content=\"da_DK\" \/>\n<meta property=\"og:type\" content=\"article\" \/>\n<meta property=\"og:title\" content=\"KB-m\u00f8det kort: Skal traktoren v\u00e6re r\u00f8d eller bl\u00e5? - Mors\" \/>\n<meta property=\"og:description\" content=\"Livestreaming af m\u00f8derne i kommunalbestyrelsen blev endeligt vedtaget, da kommunalbestyrelsen som ventet fulgte den indstilling fra \u00f8konomiudvalget, som du kan l\u00e6se om her. I februar var emnet ogs\u00e5 dagsordenen, da kommunalbestyrelsen behandlede Venstres \u00e5benhedspakke, hvilket f\u00f8rte til en debat om, hvilke partier der skal have \u00e6ren for at sikre mere \u00e5benhed om det politiske arbejde [&hellip;]\" \/>\n<meta property=\"og:url\" content=\"https:\/\/kunmedierne.dk\/mors\/kb-moedet-kort-skal-traktoren-vaere-roed-eller-blaa\/\" \/>\n<meta property=\"og:site_name\" content=\"Mors\" \/>\n<meta property=\"article:published_time\" content=\"2026-05-03T08:09:39+00:00\" \/>\n<meta property=\"article:modified_time\" content=\"2026-05-03T08:10:35+00:00\" \/>\n<meta name=\"author\" content=\"David H\u00f8jmark\" \/>\n<meta name=\"twitter:card\" content=\"summary_large_image\" \/>\n<meta name=\"twitter:label1\" content=\"Skrevet af\" \/>\n\t<meta name=\"twitter:data1\" content=\"David H\u00f8jmark\" \/>\n<script type=\"application\/ld+json\" class=\"yoast-schema-graph\">{\"@context\":\"https:\/\/schema.org\",\"@graph\":[{\"@type\":\"Article\",\"@id\":\"https:\/\/kunmedierne.dk\/mors\/kb-moedet-kort-skal-traktoren-vaere-roed-eller-blaa\/#article\",\"isPartOf\":{\"@id\":\"https:\/\/kunmedierne.dk\/mors\/kb-moedet-kort-skal-traktoren-vaere-roed-eller-blaa\/\"},\"author\":{\"name\":\"David H\u00f8jmark\",\"@id\":\"https:\/\/kunmedierne.dk\/mors\/#\/schema\/person\/5fe23251bf1d0abbcdc6f7896579d548\"},\"headline\":\"KB-m\u00f8det kort: Skal traktoren v\u00e6re r\u00f8d eller bl\u00e5?\",\"datePublished\":\"2026-05-03T08:09:39+00:00\",\"dateModified\":\"2026-05-03T08:10:35+00:00\",\"mainEntityOfPage\":{\"@id\":\"https:\/\/kunmedierne.dk\/mors\/kb-moedet-kort-skal-traktoren-vaere-roed-eller-blaa\/\"},\"wordCount\":723,\"publisher\":{\"@id\":\"https:\/\/kunmedierne.dk\/mors\/#organization\"},\"keywords\":[\"Politik\"],\"articleSection\":[\"Lokalt\"],\"inLanguage\":\"da-DK\"},{\"@type\":\"WebPage\",\"@id\":\"https:\/\/kunmedierne.dk\/mors\/kb-moedet-kort-skal-traktoren-vaere-roed-eller-blaa\/\",\"url\":\"https:\/\/kunmedierne.dk\/mors\/kb-moedet-kort-skal-traktoren-vaere-roed-eller-blaa\/\",\"name\":\"KB-m\u00f8det kort: Skal traktoren v\u00e6re r\u00f8d eller bl\u00e5? - Mors\",\"isPartOf\":{\"@id\":\"https:\/\/kunmedierne.dk\/mors\/#website\"},\"datePublished\":\"2026-05-03T08:09:39+00:00\",\"dateModified\":\"2026-05-03T08:10:35+00:00\",\"breadcrumb\":{\"@id\":\"https:\/\/kunmedierne.dk\/mors\/kb-moedet-kort-skal-traktoren-vaere-roed-eller-blaa\/#breadcrumb\"},\"inLanguage\":\"da-DK\",\"potentialAction\":[{\"@type\":\"ReadAction\",\"target\":[\"https:\/\/kunmedierne.dk\/mors\/kb-moedet-kort-skal-traktoren-vaere-roed-eller-blaa\/\"]}]},{\"@type\":\"BreadcrumbList\",\"@id\":\"https:\/\/kunmedierne.dk\/mors\/kb-moedet-kort-skal-traktoren-vaere-roed-eller-blaa\/#breadcrumb\",\"itemListElement\":[{\"@type\":\"ListItem\",\"position\":1,\"name\":\"Hjem\",\"item\":\"https:\/\/kunmedierne.dk\/mors\/\"},{\"@type\":\"ListItem\",\"position\":2,\"name\":\"KB-m\u00f8det kort: Skal traktoren v\u00e6re r\u00f8d eller bl\u00e5?\"}]},{\"@type\":\"WebSite\",\"@id\":\"https:\/\/kunmedierne.dk\/mors\/#website\",\"url\":\"https:\/\/kunmedierne.dk\/mors\/\",\"name\":\"Mors\",\"description\":\"et netmedie med journalistik om livet p\u00e5 Mors\",\"publisher\":{\"@id\":\"https:\/\/kunmedierne.dk\/mors\/#organization\"},\"potentialAction\":[{\"@type\":\"SearchAction\",\"target\":{\"@type\":\"EntryPoint\",\"urlTemplate\":\"https:\/\/kunmedierne.dk\/mors\/?s={search_term_string}\"},\"query-input\":{\"@type\":\"PropertyValueSpecification\",\"valueRequired\":true,\"valueName\":\"search_term_string\"}}],\"inLanguage\":\"da-DK\"},{\"@type\":\"Organization\",\"@id\":\"https:\/\/kunmedierne.dk\/mors\/#organization\",\"name\":\"Mors\",\"url\":\"https:\/\/kunmedierne.dk\/mors\/\",\"logo\":{\"@type\":\"ImageObject\",\"inLanguage\":\"da-DK\",\"@id\":\"https:\/\/kunmedierne.dk\/mors\/#\/schema\/logo\/image\/\",\"url\":\"https:\/\/kunmedierne.dk\/mors\/wp-content\/uploads\/2024\/08\/kunmors-logo.svg\",\"contentUrl\":\"https:\/\/kunmedierne.dk\/mors\/wp-content\/uploads\/2024\/08\/kunmors-logo.svg\",\"caption\":\"Mors\"},\"image\":{\"@id\":\"https:\/\/kunmedierne.dk\/mors\/#\/schema\/logo\/image\/\"}},{\"@type\":\"Person\",\"@id\":\"https:\/\/kunmedierne.dk\/mors\/#\/schema\/person\/5fe23251bf1d0abbcdc6f7896579d548\",\"name\":\"David H\u00f8jmark\",\"image\":{\"@type\":\"ImageObject\",\"inLanguage\":\"da-DK\",\"@id\":\"https:\/\/kunmedierne.dk\/mors\/#\/schema\/person\/image\/\",\"url\":\"https:\/\/secure.gravatar.com\/avatar\/4315d6fb9ef244d729989f5f90268eb08d5bf8a3d84402f595fa194bb35784fd?s=96&d=mm&r=g\",\"contentUrl\":\"https:\/\/secure.gravatar.com\/avatar\/4315d6fb9ef244d729989f5f90268eb08d5bf8a3d84402f595fa194bb35784fd?s=96&d=mm&r=g\",\"caption\":\"David H\u00f8jmark\"},\"sameAs\":[\"https:\/\/www.kunmedierne.dk\"],\"url\":\"https:\/\/kunmedierne.dk\/mors\/author\/david\/\"}]}<\/script>\n<!-- \/ Yoast SEO plugin. -->","yoast_head_json":{"title":"KB-m\u00f8det kort: Skal traktoren v\u00e6re r\u00f8d eller bl\u00e5? - Mors","robots":{"index":"index","follow":"follow","max-snippet":"max-snippet:-1","max-image-preview":"max-image-preview:large","max-video-preview":"max-video-preview:-1"},"canonical":"https:\/\/kunmedierne.dk\/mors\/kb-moedet-kort-skal-traktoren-vaere-roed-eller-blaa\/","og_locale":"da_DK","og_type":"article","og_title":"KB-m\u00f8det kort: Skal traktoren v\u00e6re r\u00f8d eller bl\u00e5? - Mors","og_description":"Livestreaming af m\u00f8derne i kommunalbestyrelsen blev endeligt vedtaget, da kommunalbestyrelsen som ventet fulgte den indstilling fra \u00f8konomiudvalget, som du kan l\u00e6se om her. I februar var emnet ogs\u00e5 dagsordenen, da kommunalbestyrelsen behandlede Venstres \u00e5benhedspakke, hvilket f\u00f8rte til en debat om, hvilke partier der skal have \u00e6ren for at sikre mere \u00e5benhed om det politiske arbejde [&hellip;]","og_url":"https:\/\/kunmedierne.dk\/mors\/kb-moedet-kort-skal-traktoren-vaere-roed-eller-blaa\/","og_site_name":"Mors","article_published_time":"2026-05-03T08:09:39+00:00","article_modified_time":"2026-05-03T08:10:35+00:00","author":"David H\u00f8jmark","twitter_card":"summary_large_image","twitter_misc":{"Skrevet af":"David H\u00f8jmark"},"schema":{"@context":"https:\/\/schema.org","@graph":[{"@type":"Article","@id":"https:\/\/kunmedierne.dk\/mors\/kb-moedet-kort-skal-traktoren-vaere-roed-eller-blaa\/#article","isPartOf":{"@id":"https:\/\/kunmedierne.dk\/mors\/kb-moedet-kort-skal-traktoren-vaere-roed-eller-blaa\/"},"author":{"name":"David H\u00f8jmark","@id":"https:\/\/kunmedierne.dk\/mors\/#\/schema\/person\/5fe23251bf1d0abbcdc6f7896579d548"},"headline":"KB-m\u00f8det kort: Skal traktoren v\u00e6re r\u00f8d eller bl\u00e5?","datePublished":"2026-05-03T08:09:39+00:00","dateModified":"2026-05-03T08:10:35+00:00","mainEntityOfPage":{"@id":"https:\/\/kunmedierne.dk\/mors\/kb-moedet-kort-skal-traktoren-vaere-roed-eller-blaa\/"},"wordCount":723,"publisher":{"@id":"https:\/\/kunmedierne.dk\/mors\/#organization"},"keywords":["Politik"],"articleSection":["Lokalt"],"inLanguage":"da-DK"},{"@type":"WebPage","@id":"https:\/\/kunmedierne.dk\/mors\/kb-moedet-kort-skal-traktoren-vaere-roed-eller-blaa\/","url":"https:\/\/kunmedierne.dk\/mors\/kb-moedet-kort-skal-traktoren-vaere-roed-eller-blaa\/","name":"KB-m\u00f8det kort: Skal traktoren v\u00e6re r\u00f8d eller bl\u00e5? - Mors","isPartOf":{"@id":"https:\/\/kunmedierne.dk\/mors\/#website"},"datePublished":"2026-05-03T08:09:39+00:00","dateModified":"2026-05-03T08:10:35+00:00","breadcrumb":{"@id":"https:\/\/kunmedierne.dk\/mors\/kb-moedet-kort-skal-traktoren-vaere-roed-eller-blaa\/#breadcrumb"},"inLanguage":"da-DK","potentialAction":[{"@type":"ReadAction","target":["https:\/\/kunmedierne.dk\/mors\/kb-moedet-kort-skal-traktoren-vaere-roed-eller-blaa\/"]}]},{"@type":"BreadcrumbList","@id":"https:\/\/kunmedierne.dk\/mors\/kb-moedet-kort-skal-traktoren-vaere-roed-eller-blaa\/#breadcrumb","itemListElement":[{"@type":"ListItem","position":1,"name":"Hjem","item":"https:\/\/kunmedierne.dk\/mors\/"},{"@type":"ListItem","position":2,"name":"KB-m\u00f8det kort: Skal traktoren v\u00e6re r\u00f8d eller bl\u00e5?"}]},{"@type":"WebSite","@id":"https:\/\/kunmedierne.dk\/mors\/#website","url":"https:\/\/kunmedierne.dk\/mors\/","name":"Mors","description":"et netmedie med journalistik om livet p\u00e5 Mors","publisher":{"@id":"https:\/\/kunmedierne.dk\/mors\/#organization"},"potentialAction":[{"@type":"SearchAction","target":{"@type":"EntryPoint","urlTemplate":"https:\/\/kunmedierne.dk\/mors\/?s={search_term_string}"},"query-input":{"@type":"PropertyValueSpecification","valueRequired":true,"valueName":"search_term_string"}}],"inLanguage":"da-DK"},{"@type":"Organization","@id":"https:\/\/kunmedierne.dk\/mors\/#organization","name":"Mors","url":"https:\/\/kunmedierne.dk\/mors\/","logo":{"@type":"ImageObject","inLanguage":"da-DK","@id":"https:\/\/kunmedierne.dk\/mors\/#\/schema\/logo\/image\/","url":"https:\/\/kunmedierne.dk\/mors\/wp-content\/uploads\/2024\/08\/kunmors-logo.svg","contentUrl":"https:\/\/kunmedierne.dk\/mors\/wp-content\/uploads\/2024\/08\/kunmors-logo.svg","caption":"Mors"},"image":{"@id":"https:\/\/kunmedierne.dk\/mors\/#\/schema\/logo\/image\/"}},{"@type":"Person","@id":"https:\/\/kunmedierne.dk\/mors\/#\/schema\/person\/5fe23251bf1d0abbcdc6f7896579d548","name":"David H\u00f8jmark","image":{"@type":"ImageObject","inLanguage":"da-DK","@id":"https:\/\/kunmedierne.dk\/mors\/#\/schema\/person\/image\/","url":"https:\/\/secure.gravatar.com\/avatar\/4315d6fb9ef244d729989f5f90268eb08d5bf8a3d84402f595fa194bb35784fd?s=96&d=mm&r=g","contentUrl":"https:\/\/secure.gravatar.com\/avatar\/4315d6fb9ef244d729989f5f90268eb08d5bf8a3d84402f595fa194bb35784fd?s=96&d=mm&r=g","caption":"David H\u00f8jmark"},"sameAs":["https:\/\/www.kunmedierne.dk"],"url":"https:\/\/kunmedierne.dk\/mors\/author\/david\/"}]}},"_links":{"self":[{"href":"https:\/\/kunmedierne.dk\/mors\/wp-json\/wp\/v2\/posts\/172937","targetHints":{"allow":["GET"]}}],"collection":[{"href":"https:\/\/kunmedierne.dk\/mors\/wp-json\/wp\/v2\/posts"}],"about":[{"href":"https:\/\/kunmedierne.dk\/mors\/wp-json\/wp\/v2\/types\/post"}],"author":[{"embeddable":true,"href":"https:\/\/kunmedierne.dk\/mors\/wp-json\/wp\/v2\/users\/8"}],"replies":[{"embeddable":true,"href":"https:\/\/kunmedierne.dk\/mors\/wp-json\/wp\/v2\/comments?post=172937"}],"version-history":[{"count":3,"href":"https:\/\/kunmedierne.dk\/mors\/wp-json\/wp\/v2\/posts\/172937\/revisions"}],"predecessor-version":[{"id":173091,"href":"https:\/\/kunmedierne.dk\/mors\/wp-json\/wp\/v2\/posts\/172937\/revisions\/173091"}],"wp:attachment":[{"href":"https:\/\/kunmedierne.dk\/mors\/wp-json\/wp\/v2\/media?parent=172937"}],"wp:term":[{"taxonomy":"category","embeddable":true,"href":"https:\/\/kunmedierne.dk\/mors\/wp-json\/wp\/v2\/categories?post=172937"},{"taxonomy":"post_tag","embeddable":true,"href":"https:\/\/kunmedierne.dk\/mors\/wp-json\/wp\/v2\/tags?post=172937"}],"curies":[{"name":"wp","href":"https:\/\/api.w.org\/{rel}","templated":true}]}}