{"id":172933,"date":"2026-05-01T11:14:12","date_gmt":"2026-05-01T09:14:12","guid":{"rendered":"https:\/\/kunmedierne.dk\/mors\/?p=172933"},"modified":"2026-05-01T11:14:12","modified_gmt":"2026-05-01T09:14:12","slug":"den-groenne-trepart-paa-mors-kom-25-skridt-naermere","status":"publish","type":"post","link":"https:\/\/kunmedierne.dk\/mors\/den-groenne-trepart-paa-mors-kom-25-skridt-naermere\/","title":{"rendered":"Den gr\u00f8nne trepart p\u00e5 Mors kom 25 skridt n\u00e6rmere"},"content":{"rendered":"<p><strong>POLITIK<\/strong>: Der er lang vej til m\u00e5let, men tirsdag blev der taget 25 skridt.<\/p>\n<p>P\u00e5 m\u00f8det i kommunalbestyrelsen var der enighed om at vedtage samtlige v\u00e5domr\u00e5der p\u00e5 dagsordenen. Ikke i den forstand, at de skal realiseres, men ved at sige god for de forunders\u00f8gelser, Mors\u00f8 Kommune har s\u00f8gt om tilskud til hos Styrelsen for Arealoml\u00e6gning og Vandmilj\u00f8.<\/p>\n<p>Det har f\u00f8rt til tilsagn, og derforkunne politikerne b\u00e5de blive orienteret og godkende anl\u00e6gsbevillinger til de 25 projekter.<\/p>\n<a class=\"dvrt-link\" onClick=\"cdmtrack_click(113414,jQuery(this));return false\" href=\"https:\/\/www.p-soerensen.dk\/\"><img decoding=\"async\" style=\"width:100%;\" src=\"https:\/\/kunmedierne.dk\/mors\/wp-content\/uploads\/2024\/03\/p-soerensen-juni25.jpg\"><\/a><script>cdmtrack_view(113414);<\/script>\n<p>Jesper Balle (V), der sammen med Poul Kristensen (S) repr\u00e6senterer Mors\u00f8 Kommune i den lokale gr\u00f8nne trepart for Limfjorden, lagde ud med at beskrive det som n\u00e6ste skridt &#8211; og et stort skridt &#8211; i den gr\u00f8nne trepart.<\/p>\n<p>Det er dog kun, understregede han, forunders\u00f8gelser, det handler om.<\/p>\n<p>&#8211; En forunders\u00f8gelser er det indledende arbejde, hvor vi sammen med eksterne r\u00e5dgivere unders\u00f8ger, om omr\u00e5det b\u00e5de fagligt og milj\u00f8m\u00e6ssigt rent faktisk egner sig til et projekt. Den afd\u00e6kker alt fra effekt og \u00f8konomi til lodsejerinddragelse. Men det indeb\u00e6rer alts\u00e5 ingen beslutning, sagde han.<\/p>\n<p>&nbsp;<\/p>\n<p><strong>Prioriterer n\u00e6ringsstofferne<\/strong><\/p>\n<p>Jesper Balle lagde ogs\u00e5 op til, at det store stykke arbejde, der indtil nu er gjort, bliver fulgt op af et endnu st\u00f8rre. Og han varslede skuffelse forude, hvis man forventer et forl\u00f8b, der lever op til de indledende forventninger.<\/p>\n<p>&#8211; Vi kan ikke komme i m\u00e5l med alle 25 projekter. Vi kan ikke komme i m\u00e5l med den realisering, der hedder 2030, som var det udmeldte m\u00e5l. Jeg tror ogs\u00e5, det bliver sv\u00e6rt at komme i m\u00e5l med at f\u00e5 alle forunders\u00f8gelser p\u00e5 plads til den deadline, der er.<\/p>\n<a class=\"dvrt-link\" onClick=\"cdmtrack_click(116504,jQuery(this));return false\" href=\"https:\/\/www.nybolig.dk\/ejendomsmaeglere\/nordvestjylland\/nybolig-morsoe-nykoebing-mors\"><img decoding=\"async\" style=\"width:100%;\" src=\"https:\/\/kunmedierne.dk\/mors\/wp-content\/uploads\/2024\/04\/250825Nybolig.jpg\"><\/a><script>cdmtrack_view(116504);<\/script>\n<p>&#8211; Det er ikke, fordi vi ikke prioriterer det, og fordi det ikke har v\u00e6ret prioriteret. Men vi prioriterer i den r\u00e6kkef\u00f8lge, hvor der er opbakning og effekt, fordi vores prim\u00e6re opgave er, at n\u00e6ringsstoffer bliver reduceret til vores vandmilj\u00f8.<\/p>\n<p>&#8211; Derudover kommer der andre opgaver med b\u00e5de drikkevand og biodiversitet. Men vores prim\u00e6re fokus er nu at f\u00e5 reduceret m\u00e6ngden af n\u00e6ringsstoffer. Derudover kommer der andre opgaver med b\u00e5de drikkevand og biodiversitet, men vores prim\u00e6re fokus er nu at f\u00e5 reduceret m\u00e6ngden af n\u00e6ringsstoffer, sagde Jesper Balle.<\/p>\n<p>&nbsp;<\/p>\n<p><strong>Brug tiden p\u00e5 det realistiske<\/strong><\/p>\n<p>Han beskrev Mors\u00f8-arbejdet med den gr\u00f8nne trepart som b\u00e5de realistisk og ambiti\u00f8s og fik opbakning til sit opl\u00e6g fra Poul Kristensen.<\/p>\n<p>&#8211; Vi skal gl\u00e6de os over, at vi nu er kommet rigtig i gang med at fors\u00f8ge at opn\u00e5 kv\u00e6lstofreduceringerne, sagde han og roste den kommunale administration for arbejdet med ans\u00f8gning om tilskud.<\/p>\n<a class=\"dvrt-link\" onClick=\"cdmtrack_click(104787,jQuery(this));return false\" href=\"https:\/\/www.jyskebank.dk\/kontakt\/afdelingsinfo?departmentid=11890\"><img decoding=\"async\" style=\"width:100%;\" src=\"https:\/\/kunmedierne.dk\/mors\/wp-content\/uploads\/2023\/10\/260325JyskeBankMorsNy-1.jpg\"><\/a><script>cdmtrack_view(104787);<\/script>\n<p>Han satte ogs\u00e5 fingeren p\u00e5 udfordringer og noterede sig, hvordan et nyligt trepartsm\u00f8de viste, at kommunerne sp\u00f8rger sig selv, hvad de skal g\u00f8re med udpeger jord, der ikke er realistisk. Det f\u00f8rer til yderligere administration, p\u00e5pegede han.<\/p>\n<p>&#8211; For mig handler det om, at man bruger tiden p\u00e5, hvad der er realistisk, i stedet for at g\u00e5 efter noget, man ikke kan komme i m\u00e5l med, sagde Poul Kristensen.<\/p>\n<p>&nbsp;<\/p>\n<p><strong>Kommunal kassekredit under pres<\/strong><\/p>\n<p>Han var dog optimist i forhold til projekterne p\u00e5 Mors, men havde ogs\u00e5 generelle nedslag med mulighed for forbedring af den gr\u00f8nne trepart &#8211; som for eksempel en mere m\u00e5lrettet kv\u00e6lstofafgift.<\/p>\n<p>&#8211; Vi ser ogs\u00e5 gerne en st\u00f8rre kompensation til de lodsejere, der kommer til at afgive jord til treparten, sagde han og p\u00e5pegede desuden en udfordring med, at kommuners kassekredit bliver presset p\u00e5 at l\u00e6gge penge ud til projekter uden at vide, om projekter bliver realiseret.<\/p>\n<a class=\"dvrt-link\" onClick=\"cdmtrack_click(147315,jQuery(this));return false\" href=\"https:\/\/sdrhaa.dk\/\"><img decoding=\"async\" style=\"width:100%;\" src=\"https:\/\/kunmedierne.dk\/mors\/wp-content\/uploads\/2025\/05\/260302Sdr-HaaDin-gebyrvenlige-sparekasse_mors-002.gif\"><\/a><script>cdmtrack_view(147315);<\/script>\n<p>&#8211; Det er man simpelthen n\u00f8dt til at f\u00e5 kigget p\u00e5, for der kan g\u00e5 to-tre \u00e5r p\u00e5 at gennemf\u00f8re det &#8211; og de frister kan jo forl\u00e6nges. Og det er f\u00f8rst, n\u00e5r man finder ud af, om det kan gennemf\u00f8res eller ikke gennemf\u00f8res, at man f\u00e5r pengene retur, sagde han.<\/p>\n<p>Ogs\u00e5 Jesper S\u00f8e Jensen (RV) var p\u00e5 banen med en kort bem\u00e6rkning i form af ros til den kommunale administration for arbejdet med de 25 v\u00e5domr\u00e5der.<\/p>\n<p>&#8211; Det er en rigtig god start p\u00e5 vej mod et gr\u00f8nnere Mors og de afledte positive effekter. Det gl\u00e6der vi os til, sagde han.<\/p>\n<blockquote>\n<h4>FAKTA<\/h4>\n<h5>De 25 v\u00e5domr\u00e5deprojekter, der nu skal igennem forunders\u00f8gelser, er Alsted Enge, Alsted S\u00f8, Birkemosen, Bulk\u00e6r, Dr\u00e5by Enge, Ejstrup Enge, Glomstrup Enge, Hovm\u00f8lle Enge, Gr\u00e6sborg Enge, Gullerup Enge, Kobberk\u00e6r, Kongsh\u00f8j Enge, L\u00f8dderup B\u00e6k, L\u00f8ngaard Enge, Nees S\u00f8, Pudsg\u00e5rd Enge, Rotholme Enge, Sejerslev Enge, Skarum Enge, St\u00f8jbjerg Enge, Sundby Enge, Thorup-Skallerup Enge, Volbjerg Enge, \u00d8stergaard Enge og \u00d8rndrup Enge.<\/h5>\n<\/blockquote>\n","protected":false},"excerpt":{"rendered":"<p>POLITIK: Der er lang vej til m\u00e5let, men tirsdag blev der taget 25 skridt. P\u00e5 m\u00f8det i kommunalbestyrelsen var der enighed om at vedtage samtlige v\u00e5domr\u00e5der p\u00e5 dagsordenen. Ikke i den forstand, at de skal realiseres, men ved at sige god for de forunders\u00f8gelser, Mors\u00f8 Kommune har s\u00f8gt om tilskud til hos Styrelsen for Arealoml\u00e6gning [&hellip;]<\/p>\n","protected":false},"author":8,"featured_media":0,"comment_status":"closed","ping_status":"closed","sticky":false,"template":"","format":"standard","meta":{"_acf_changed":false,"footnotes":""},"categories":[51],"tags":[159,167],"class_list":["post-172933","post","type-post","status-publish","format-standard","hentry","category-lokalt","tag-erhverv","tag-politik"],"acf":[],"yoast_head":"<!-- This site is optimized with the Yoast SEO plugin v26.8 - https:\/\/yoast.com\/product\/yoast-seo-wordpress\/ -->\n<title>Den gr\u00f8nne trepart p\u00e5 Mors kom 25 skridt n\u00e6rmere - Mors<\/title>\n<meta name=\"robots\" content=\"index, follow, max-snippet:-1, max-image-preview:large, max-video-preview:-1\" \/>\n<link rel=\"canonical\" href=\"https:\/\/kunmedierne.dk\/mors\/den-groenne-trepart-paa-mors-kom-25-skridt-naermere\/\" \/>\n<meta property=\"og:locale\" content=\"da_DK\" \/>\n<meta property=\"og:type\" content=\"article\" \/>\n<meta property=\"og:title\" content=\"Den gr\u00f8nne trepart p\u00e5 Mors kom 25 skridt n\u00e6rmere - Mors\" \/>\n<meta property=\"og:description\" content=\"POLITIK: Der er lang vej til m\u00e5let, men tirsdag blev der taget 25 skridt. P\u00e5 m\u00f8det i kommunalbestyrelsen var der enighed om at vedtage samtlige v\u00e5domr\u00e5der p\u00e5 dagsordenen. Ikke i den forstand, at de skal realiseres, men ved at sige god for de forunders\u00f8gelser, Mors\u00f8 Kommune har s\u00f8gt om tilskud til hos Styrelsen for Arealoml\u00e6gning [&hellip;]\" \/>\n<meta property=\"og:url\" content=\"https:\/\/kunmedierne.dk\/mors\/den-groenne-trepart-paa-mors-kom-25-skridt-naermere\/\" \/>\n<meta property=\"og:site_name\" content=\"Mors\" \/>\n<meta property=\"article:published_time\" content=\"2026-05-01T09:14:12+00:00\" \/>\n<meta name=\"author\" content=\"David H\u00f8jmark\" \/>\n<meta name=\"twitter:card\" content=\"summary_large_image\" \/>\n<meta name=\"twitter:label1\" content=\"Skrevet af\" \/>\n\t<meta name=\"twitter:data1\" content=\"David H\u00f8jmark\" \/>\n\t<meta name=\"twitter:label2\" content=\"Estimeret l\u00e6setid\" \/>\n\t<meta name=\"twitter:data2\" content=\"4 minutter\" \/>\n<script type=\"application\/ld+json\" class=\"yoast-schema-graph\">{\"@context\":\"https:\/\/schema.org\",\"@graph\":[{\"@type\":\"Article\",\"@id\":\"https:\/\/kunmedierne.dk\/mors\/den-groenne-trepart-paa-mors-kom-25-skridt-naermere\/#article\",\"isPartOf\":{\"@id\":\"https:\/\/kunmedierne.dk\/mors\/den-groenne-trepart-paa-mors-kom-25-skridt-naermere\/\"},\"author\":{\"name\":\"David H\u00f8jmark\",\"@id\":\"https:\/\/kunmedierne.dk\/mors\/#\/schema\/person\/5fe23251bf1d0abbcdc6f7896579d548\"},\"headline\":\"Den gr\u00f8nne trepart p\u00e5 Mors kom 25 skridt n\u00e6rmere\",\"datePublished\":\"2026-05-01T09:14:12+00:00\",\"mainEntityOfPage\":{\"@id\":\"https:\/\/kunmedierne.dk\/mors\/den-groenne-trepart-paa-mors-kom-25-skridt-naermere\/\"},\"wordCount\":826,\"publisher\":{\"@id\":\"https:\/\/kunmedierne.dk\/mors\/#organization\"},\"keywords\":[\"Erhverv\",\"Politik\"],\"articleSection\":[\"Lokalt\"],\"inLanguage\":\"da-DK\"},{\"@type\":\"WebPage\",\"@id\":\"https:\/\/kunmedierne.dk\/mors\/den-groenne-trepart-paa-mors-kom-25-skridt-naermere\/\",\"url\":\"https:\/\/kunmedierne.dk\/mors\/den-groenne-trepart-paa-mors-kom-25-skridt-naermere\/\",\"name\":\"Den gr\u00f8nne trepart p\u00e5 Mors kom 25 skridt n\u00e6rmere - Mors\",\"isPartOf\":{\"@id\":\"https:\/\/kunmedierne.dk\/mors\/#website\"},\"datePublished\":\"2026-05-01T09:14:12+00:00\",\"breadcrumb\":{\"@id\":\"https:\/\/kunmedierne.dk\/mors\/den-groenne-trepart-paa-mors-kom-25-skridt-naermere\/#breadcrumb\"},\"inLanguage\":\"da-DK\",\"potentialAction\":[{\"@type\":\"ReadAction\",\"target\":[\"https:\/\/kunmedierne.dk\/mors\/den-groenne-trepart-paa-mors-kom-25-skridt-naermere\/\"]}]},{\"@type\":\"BreadcrumbList\",\"@id\":\"https:\/\/kunmedierne.dk\/mors\/den-groenne-trepart-paa-mors-kom-25-skridt-naermere\/#breadcrumb\",\"itemListElement\":[{\"@type\":\"ListItem\",\"position\":1,\"name\":\"Hjem\",\"item\":\"https:\/\/kunmedierne.dk\/mors\/\"},{\"@type\":\"ListItem\",\"position\":2,\"name\":\"Den gr\u00f8nne trepart p\u00e5 Mors kom 25 skridt n\u00e6rmere\"}]},{\"@type\":\"WebSite\",\"@id\":\"https:\/\/kunmedierne.dk\/mors\/#website\",\"url\":\"https:\/\/kunmedierne.dk\/mors\/\",\"name\":\"Mors\",\"description\":\"et netmedie med journalistik om livet p\u00e5 Mors\",\"publisher\":{\"@id\":\"https:\/\/kunmedierne.dk\/mors\/#organization\"},\"potentialAction\":[{\"@type\":\"SearchAction\",\"target\":{\"@type\":\"EntryPoint\",\"urlTemplate\":\"https:\/\/kunmedierne.dk\/mors\/?s={search_term_string}\"},\"query-input\":{\"@type\":\"PropertyValueSpecification\",\"valueRequired\":true,\"valueName\":\"search_term_string\"}}],\"inLanguage\":\"da-DK\"},{\"@type\":\"Organization\",\"@id\":\"https:\/\/kunmedierne.dk\/mors\/#organization\",\"name\":\"Mors\",\"url\":\"https:\/\/kunmedierne.dk\/mors\/\",\"logo\":{\"@type\":\"ImageObject\",\"inLanguage\":\"da-DK\",\"@id\":\"https:\/\/kunmedierne.dk\/mors\/#\/schema\/logo\/image\/\",\"url\":\"https:\/\/kunmedierne.dk\/mors\/wp-content\/uploads\/2024\/08\/kunmors-logo.svg\",\"contentUrl\":\"https:\/\/kunmedierne.dk\/mors\/wp-content\/uploads\/2024\/08\/kunmors-logo.svg\",\"caption\":\"Mors\"},\"image\":{\"@id\":\"https:\/\/kunmedierne.dk\/mors\/#\/schema\/logo\/image\/\"}},{\"@type\":\"Person\",\"@id\":\"https:\/\/kunmedierne.dk\/mors\/#\/schema\/person\/5fe23251bf1d0abbcdc6f7896579d548\",\"name\":\"David H\u00f8jmark\",\"image\":{\"@type\":\"ImageObject\",\"inLanguage\":\"da-DK\",\"@id\":\"https:\/\/kunmedierne.dk\/mors\/#\/schema\/person\/image\/\",\"url\":\"https:\/\/secure.gravatar.com\/avatar\/4315d6fb9ef244d729989f5f90268eb08d5bf8a3d84402f595fa194bb35784fd?s=96&d=mm&r=g\",\"contentUrl\":\"https:\/\/secure.gravatar.com\/avatar\/4315d6fb9ef244d729989f5f90268eb08d5bf8a3d84402f595fa194bb35784fd?s=96&d=mm&r=g\",\"caption\":\"David H\u00f8jmark\"},\"sameAs\":[\"https:\/\/www.kunmedierne.dk\"],\"url\":\"https:\/\/kunmedierne.dk\/mors\/author\/david\/\"}]}<\/script>\n<!-- \/ Yoast SEO plugin. -->","yoast_head_json":{"title":"Den gr\u00f8nne trepart p\u00e5 Mors kom 25 skridt n\u00e6rmere - Mors","robots":{"index":"index","follow":"follow","max-snippet":"max-snippet:-1","max-image-preview":"max-image-preview:large","max-video-preview":"max-video-preview:-1"},"canonical":"https:\/\/kunmedierne.dk\/mors\/den-groenne-trepart-paa-mors-kom-25-skridt-naermere\/","og_locale":"da_DK","og_type":"article","og_title":"Den gr\u00f8nne trepart p\u00e5 Mors kom 25 skridt n\u00e6rmere - Mors","og_description":"POLITIK: Der er lang vej til m\u00e5let, men tirsdag blev der taget 25 skridt. P\u00e5 m\u00f8det i kommunalbestyrelsen var der enighed om at vedtage samtlige v\u00e5domr\u00e5der p\u00e5 dagsordenen. Ikke i den forstand, at de skal realiseres, men ved at sige god for de forunders\u00f8gelser, Mors\u00f8 Kommune har s\u00f8gt om tilskud til hos Styrelsen for Arealoml\u00e6gning [&hellip;]","og_url":"https:\/\/kunmedierne.dk\/mors\/den-groenne-trepart-paa-mors-kom-25-skridt-naermere\/","og_site_name":"Mors","article_published_time":"2026-05-01T09:14:12+00:00","author":"David H\u00f8jmark","twitter_card":"summary_large_image","twitter_misc":{"Skrevet af":"David H\u00f8jmark","Estimeret l\u00e6setid":"4 minutter"},"schema":{"@context":"https:\/\/schema.org","@graph":[{"@type":"Article","@id":"https:\/\/kunmedierne.dk\/mors\/den-groenne-trepart-paa-mors-kom-25-skridt-naermere\/#article","isPartOf":{"@id":"https:\/\/kunmedierne.dk\/mors\/den-groenne-trepart-paa-mors-kom-25-skridt-naermere\/"},"author":{"name":"David H\u00f8jmark","@id":"https:\/\/kunmedierne.dk\/mors\/#\/schema\/person\/5fe23251bf1d0abbcdc6f7896579d548"},"headline":"Den gr\u00f8nne trepart p\u00e5 Mors kom 25 skridt n\u00e6rmere","datePublished":"2026-05-01T09:14:12+00:00","mainEntityOfPage":{"@id":"https:\/\/kunmedierne.dk\/mors\/den-groenne-trepart-paa-mors-kom-25-skridt-naermere\/"},"wordCount":826,"publisher":{"@id":"https:\/\/kunmedierne.dk\/mors\/#organization"},"keywords":["Erhverv","Politik"],"articleSection":["Lokalt"],"inLanguage":"da-DK"},{"@type":"WebPage","@id":"https:\/\/kunmedierne.dk\/mors\/den-groenne-trepart-paa-mors-kom-25-skridt-naermere\/","url":"https:\/\/kunmedierne.dk\/mors\/den-groenne-trepart-paa-mors-kom-25-skridt-naermere\/","name":"Den gr\u00f8nne trepart p\u00e5 Mors kom 25 skridt n\u00e6rmere - Mors","isPartOf":{"@id":"https:\/\/kunmedierne.dk\/mors\/#website"},"datePublished":"2026-05-01T09:14:12+00:00","breadcrumb":{"@id":"https:\/\/kunmedierne.dk\/mors\/den-groenne-trepart-paa-mors-kom-25-skridt-naermere\/#breadcrumb"},"inLanguage":"da-DK","potentialAction":[{"@type":"ReadAction","target":["https:\/\/kunmedierne.dk\/mors\/den-groenne-trepart-paa-mors-kom-25-skridt-naermere\/"]}]},{"@type":"BreadcrumbList","@id":"https:\/\/kunmedierne.dk\/mors\/den-groenne-trepart-paa-mors-kom-25-skridt-naermere\/#breadcrumb","itemListElement":[{"@type":"ListItem","position":1,"name":"Hjem","item":"https:\/\/kunmedierne.dk\/mors\/"},{"@type":"ListItem","position":2,"name":"Den gr\u00f8nne trepart p\u00e5 Mors kom 25 skridt n\u00e6rmere"}]},{"@type":"WebSite","@id":"https:\/\/kunmedierne.dk\/mors\/#website","url":"https:\/\/kunmedierne.dk\/mors\/","name":"Mors","description":"et netmedie med journalistik om livet p\u00e5 Mors","publisher":{"@id":"https:\/\/kunmedierne.dk\/mors\/#organization"},"potentialAction":[{"@type":"SearchAction","target":{"@type":"EntryPoint","urlTemplate":"https:\/\/kunmedierne.dk\/mors\/?s={search_term_string}"},"query-input":{"@type":"PropertyValueSpecification","valueRequired":true,"valueName":"search_term_string"}}],"inLanguage":"da-DK"},{"@type":"Organization","@id":"https:\/\/kunmedierne.dk\/mors\/#organization","name":"Mors","url":"https:\/\/kunmedierne.dk\/mors\/","logo":{"@type":"ImageObject","inLanguage":"da-DK","@id":"https:\/\/kunmedierne.dk\/mors\/#\/schema\/logo\/image\/","url":"https:\/\/kunmedierne.dk\/mors\/wp-content\/uploads\/2024\/08\/kunmors-logo.svg","contentUrl":"https:\/\/kunmedierne.dk\/mors\/wp-content\/uploads\/2024\/08\/kunmors-logo.svg","caption":"Mors"},"image":{"@id":"https:\/\/kunmedierne.dk\/mors\/#\/schema\/logo\/image\/"}},{"@type":"Person","@id":"https:\/\/kunmedierne.dk\/mors\/#\/schema\/person\/5fe23251bf1d0abbcdc6f7896579d548","name":"David H\u00f8jmark","image":{"@type":"ImageObject","inLanguage":"da-DK","@id":"https:\/\/kunmedierne.dk\/mors\/#\/schema\/person\/image\/","url":"https:\/\/secure.gravatar.com\/avatar\/4315d6fb9ef244d729989f5f90268eb08d5bf8a3d84402f595fa194bb35784fd?s=96&d=mm&r=g","contentUrl":"https:\/\/secure.gravatar.com\/avatar\/4315d6fb9ef244d729989f5f90268eb08d5bf8a3d84402f595fa194bb35784fd?s=96&d=mm&r=g","caption":"David H\u00f8jmark"},"sameAs":["https:\/\/www.kunmedierne.dk"],"url":"https:\/\/kunmedierne.dk\/mors\/author\/david\/"}]}},"_links":{"self":[{"href":"https:\/\/kunmedierne.dk\/mors\/wp-json\/wp\/v2\/posts\/172933","targetHints":{"allow":["GET"]}}],"collection":[{"href":"https:\/\/kunmedierne.dk\/mors\/wp-json\/wp\/v2\/posts"}],"about":[{"href":"https:\/\/kunmedierne.dk\/mors\/wp-json\/wp\/v2\/types\/post"}],"author":[{"embeddable":true,"href":"https:\/\/kunmedierne.dk\/mors\/wp-json\/wp\/v2\/users\/8"}],"replies":[{"embeddable":true,"href":"https:\/\/kunmedierne.dk\/mors\/wp-json\/wp\/v2\/comments?post=172933"}],"version-history":[{"count":5,"href":"https:\/\/kunmedierne.dk\/mors\/wp-json\/wp\/v2\/posts\/172933\/revisions"}],"predecessor-version":[{"id":172943,"href":"https:\/\/kunmedierne.dk\/mors\/wp-json\/wp\/v2\/posts\/172933\/revisions\/172943"}],"wp:attachment":[{"href":"https:\/\/kunmedierne.dk\/mors\/wp-json\/wp\/v2\/media?parent=172933"}],"wp:term":[{"taxonomy":"category","embeddable":true,"href":"https:\/\/kunmedierne.dk\/mors\/wp-json\/wp\/v2\/categories?post=172933"},{"taxonomy":"post_tag","embeddable":true,"href":"https:\/\/kunmedierne.dk\/mors\/wp-json\/wp\/v2\/tags?post=172933"}],"curies":[{"name":"wp","href":"https:\/\/api.w.org\/{rel}","templated":true}]}}