{"id":172864,"date":"2026-04-30T17:34:01","date_gmt":"2026-04-30T15:34:01","guid":{"rendered":"https:\/\/kunmedierne.dk\/mors\/?p=172864"},"modified":"2026-04-30T15:40:09","modified_gmt":"2026-04-30T13:40:09","slug":"det-var-moeg-svaert-i-starten-nu-gaar-de-ind-ad-samme-doer-som-alle-andre-unge","status":"publish","type":"post","link":"https:\/\/kunmedierne.dk\/mors\/det-var-moeg-svaert-i-starten-nu-gaar-de-ind-ad-samme-doer-som-alle-andre-unge\/","title":{"rendered":"\u201cDet var m\u00f8j sv\u00e6rt i starten\u201d \u2013 nu g\u00e5r de ind ad samme d\u00f8r som alle andre unge"},"content":{"rendered":"<p><strong>NYK\u00d8BING:<\/strong> Tulipaner og for\u00e5rsgrene st\u00e5r p\u00e5 bordene. Fade med mad, som eleverne selv har lavet, er stillet frem. I rummet sidder unge i h\u00e6ttetr\u00f8jer og arbejdst\u00f8j side om side med undervisere, samarbejdspartnere og lokale politikere.<\/p>\n<p>Torsdag den 30. april blev FGU Nordvest nye lokaler p\u00e5 Limfjordsvej indviet.<\/p>\n<a class=\"dvrt-link\" onClick=\"cdmtrack_click(113414,jQuery(this));return false\" href=\"https:\/\/www.p-soerensen.dk\/\"><img decoding=\"async\" style=\"width:100%;\" src=\"https:\/\/kunmedierne.dk\/mors\/wp-content\/uploads\/2024\/03\/p-soerensen-juni25.jpg\"><\/a><script>cdmtrack_view(113414);<\/script>\n<p>Siden den 17. december har skolen haft adresse p\u00e5 Limfjordsvej 95, hvor FGU er flyttet ind sammen med blandt andre Mors\u00f8 Gymnasium, Mors\u00f8 Handelsgymnasium og Thy-Mors HF &amp; VUC. P\u00e5 gangene passerer elever hinanden p\u00e5 vej til timer, v\u00e6rksteder og pauser.<\/p>\n<div id=\"attachment_172867\" style=\"width: 5194px\" class=\"wp-caption alignnone\"><img loading=\"lazy\" decoding=\"async\" aria-describedby=\"caption-attachment-172867\" class=\"wp-image-172867 size-full\" src=\"https:\/\/kunmedierne.dk\/mors\/wp-content\/uploads\/2026\/04\/design-uden-navn269.jpg\" alt=\"\" width=\"5184\" height=\"3456\" srcset=\"https:\/\/kunmedierne.dk\/mors\/wp-content\/uploads\/2026\/04\/design-uden-navn269.jpg 5184w, https:\/\/kunmedierne.dk\/mors\/wp-content\/uploads\/2026\/04\/design-uden-navn269-300x200.jpg 300w, https:\/\/kunmedierne.dk\/mors\/wp-content\/uploads\/2026\/04\/design-uden-navn269-1024x683.jpg 1024w, https:\/\/kunmedierne.dk\/mors\/wp-content\/uploads\/2026\/04\/design-uden-navn269-510x340.jpg 510w\" sizes=\"auto, (max-width: 5184px) 100vw, 5184px\" \/><p id=\"caption-attachment-172867\" class=\"wp-caption-text\">Maden som elever p\u00e5 FGU har lavet<\/p><\/div>\n<p>P\u00e5 scenen takker direkt\u00f8r for FGU Nordvest Anne Mette Kornum for arbejdet med at f\u00e5 byggeriet og flytningen p\u00e5 plads. Hun vender sig mod salen og peger p\u00e5 eleverne.<\/p>\n<p>&#8211; Vi kan bygge nok s\u00e5 flotte rammer og bygninger, men uden jer elever, s\u00e5 ville det hele st\u00e5 tomt.<\/p>\n<p>Hun har aftalt med to elever, at de skal med op. De tager ordet uden manuskript.<\/p>\n<p><img loading=\"lazy\" decoding=\"async\" class=\"alignnone wp-image-172868 size-full\" src=\"https:\/\/kunmedierne.dk\/mors\/wp-content\/uploads\/2026\/04\/design-uden-navn270.jpg\" alt=\"\" width=\"5184\" height=\"3456\" srcset=\"https:\/\/kunmedierne.dk\/mors\/wp-content\/uploads\/2026\/04\/design-uden-navn270.jpg 5184w, https:\/\/kunmedierne.dk\/mors\/wp-content\/uploads\/2026\/04\/design-uden-navn270-300x200.jpg 300w, https:\/\/kunmedierne.dk\/mors\/wp-content\/uploads\/2026\/04\/design-uden-navn270-1024x683.jpg 1024w, https:\/\/kunmedierne.dk\/mors\/wp-content\/uploads\/2026\/04\/design-uden-navn270-510x340.jpg 510w\" sizes=\"auto, (max-width: 5184px) 100vw, 5184px\" \/><\/p>\n<p>&#8211; Det var specielt, siger den ene om flytningen fra Els\u00f8vej.<br \/>\n&#8211; Det var ogs\u00e5 lidt m\u00f8j sv\u00e6rt i starten.<\/p>\n<p>Eleverne fort\u00e6ller om st\u00f8rre lokaler og mere luft. Om et aktivitetsrum med bordtennis, der bliver brugt, og om pauser, hvor man kan bev\u00e6ge sig rundt. De beskriver l\u00e6rere, der finder andre veje ind i opgaverne, n\u00e5r noget virker uoverskueligt.<\/p>\n<p>Og s\u00e5 vender de tilbage til det, der fylder mest:<\/p>\n<p>At g\u00e5 samme sted som andre unge.<\/p>\n<p>&#8211; Vi f\u00f8ler, vi er ligesom andre unge.<\/p>\n<div id=\"attachment_172866\" style=\"width: 5194px\" class=\"wp-caption alignnone\"><img loading=\"lazy\" decoding=\"async\" aria-describedby=\"caption-attachment-172866\" class=\"wp-image-172866 size-full\" src=\"https:\/\/kunmedierne.dk\/mors\/wp-content\/uploads\/2026\/04\/design-uden-navn268.jpg\" alt=\"\" width=\"5184\" height=\"3456\" srcset=\"https:\/\/kunmedierne.dk\/mors\/wp-content\/uploads\/2026\/04\/design-uden-navn268.jpg 5184w, https:\/\/kunmedierne.dk\/mors\/wp-content\/uploads\/2026\/04\/design-uden-navn268-300x200.jpg 300w, https:\/\/kunmedierne.dk\/mors\/wp-content\/uploads\/2026\/04\/design-uden-navn268-1024x683.jpg 1024w, https:\/\/kunmedierne.dk\/mors\/wp-content\/uploads\/2026\/04\/design-uden-navn268-510x340.jpg 510w\" sizes=\"auto, (max-width: 5184px) 100vw, 5184px\" \/><p id=\"caption-attachment-172866\" class=\"wp-caption-text\">Leder af FGU p\u00e5 Mors, Marie Skovsted Marquartsen, viser rundt i de nye lokaler<\/p><\/div>\n<p>Udvalgsformand Lars R\u00f8ntved Jensen (SF) er ogs\u00e5 m\u00f8dt op, og KunMors fanger ham, mens han efter talerne f\u00e5r en rundvisning. Han peger p\u00e5, at samlingen af uddannelser giver de unge flere muligheder.<\/p>\n<p>&#8211; Det g\u00f8r det lettere at finde sin vej og skifte retning undervejs, siger han.<\/p>\n<a class=\"dvrt-link\" onClick=\"cdmtrack_click(104781,jQuery(this));return false\" href=\"https:\/\/www.fmspks.dk\/\"><img decoding=\"async\" style=\"width:100%;\" src=\"https:\/\/kunmedierne.dk\/mors\/wp-content\/uploads\/2022\/02\/vip-froeslev-mollerup-sparekasse.jpg\"><\/a><script>cdmtrack_view(104781);<\/script>\n<p>I de nye bygninger ligger klasselokaler og v\u00e6rksteder t\u00e6t p\u00e5 hinanden. Elever kan g\u00e5 fra en opgave til at arbejde videre med den i praksis.<\/p>\n<p>Rundvisningerne forts\u00e6tter gennem eftermiddagen. Elever viser g\u00e6ster rundt i lokalerne og fort\u00e6ller om deres hverdag.<\/p>\n<p>FGU flyttede ind f\u00f8r jul. Siden er der kommet flere unge i gangene. Flere m\u00f8der i pauserne.<\/p>\n<p>Torsdag bliver det markeret. Resten forts\u00e6tter i hverdagen.<\/p>\n<div id=\"attachment_172869\" style=\"width: 5194px\" class=\"wp-caption alignnone\"><img loading=\"lazy\" decoding=\"async\" aria-describedby=\"caption-attachment-172869\" class=\"wp-image-172869 size-full\" src=\"https:\/\/kunmedierne.dk\/mors\/wp-content\/uploads\/2026\/04\/design-uden-navn271.jpg\" alt=\"\" width=\"5184\" height=\"3456\" srcset=\"https:\/\/kunmedierne.dk\/mors\/wp-content\/uploads\/2026\/04\/design-uden-navn271.jpg 5184w, https:\/\/kunmedierne.dk\/mors\/wp-content\/uploads\/2026\/04\/design-uden-navn271-300x200.jpg 300w, https:\/\/kunmedierne.dk\/mors\/wp-content\/uploads\/2026\/04\/design-uden-navn271-1024x683.jpg 1024w, https:\/\/kunmedierne.dk\/mors\/wp-content\/uploads\/2026\/04\/design-uden-navn271-510x340.jpg 510w\" sizes=\"auto, (max-width: 5184px) 100vw, 5184px\" \/><p id=\"caption-attachment-172869\" class=\"wp-caption-text\">Kommunaldirekt\u00f8r Rikke W\u00fcrtz var med da FGUs nye lokaler p\u00e5 Limfjordsvej blev indviet torsdag den 30. april 2026<\/p><\/div>\n<p><img loading=\"lazy\" decoding=\"async\" class=\"alignnone wp-image-172871 size-full\" src=\"https:\/\/kunmedierne.dk\/mors\/wp-content\/uploads\/2026\/04\/design-uden-navn273.jpg\" alt=\"\" width=\"5184\" height=\"3456\" srcset=\"https:\/\/kunmedierne.dk\/mors\/wp-content\/uploads\/2026\/04\/design-uden-navn273.jpg 5184w, https:\/\/kunmedierne.dk\/mors\/wp-content\/uploads\/2026\/04\/design-uden-navn273-300x200.jpg 300w, https:\/\/kunmedierne.dk\/mors\/wp-content\/uploads\/2026\/04\/design-uden-navn273-1024x683.jpg 1024w, https:\/\/kunmedierne.dk\/mors\/wp-content\/uploads\/2026\/04\/design-uden-navn273-510x340.jpg 510w\" sizes=\"auto, (max-width: 5184px) 100vw, 5184px\" \/><\/p>\n","protected":false},"excerpt":{"rendered":"<p>NYK\u00d8BING: Tulipaner og for\u00e5rsgrene st\u00e5r p\u00e5 bordene. Fade med mad, som eleverne selv har lavet, er stillet frem. I rummet sidder unge i h\u00e6ttetr\u00f8jer og arbejdst\u00f8j side om side med undervisere, samarbejdspartnere og lokale politikere. Torsdag den 30. april blev FGU Nordvest nye lokaler p\u00e5 Limfjordsvej indviet. Siden den 17. december har skolen haft adresse [&hellip;]<\/p>\n","protected":false},"author":2507,"featured_media":0,"comment_status":"closed","ping_status":"closed","sticky":false,"template":"","format":"standard","meta":{"_acf_changed":false,"footnotes":""},"categories":[51],"tags":[],"class_list":["post-172864","post","type-post","status-publish","format-standard","hentry","category-lokalt"],"acf":[],"yoast_head":"<!-- This site is optimized with the Yoast SEO plugin v26.8 - https:\/\/yoast.com\/product\/yoast-seo-wordpress\/ -->\n<title>\u201cDet var m\u00f8j sv\u00e6rt i starten\u201d \u2013 nu g\u00e5r de ind ad samme d\u00f8r som alle andre unge - Mors<\/title>\n<meta name=\"robots\" content=\"index, follow, max-snippet:-1, max-image-preview:large, max-video-preview:-1\" \/>\n<link rel=\"canonical\" href=\"https:\/\/kunmedierne.dk\/mors\/det-var-moeg-svaert-i-starten-nu-gaar-de-ind-ad-samme-doer-som-alle-andre-unge\/\" \/>\n<meta property=\"og:locale\" content=\"da_DK\" \/>\n<meta property=\"og:type\" content=\"article\" \/>\n<meta property=\"og:title\" content=\"\u201cDet var m\u00f8j sv\u00e6rt i starten\u201d \u2013 nu g\u00e5r de ind ad samme d\u00f8r som alle andre unge - Mors\" \/>\n<meta property=\"og:description\" content=\"NYK\u00d8BING: Tulipaner og for\u00e5rsgrene st\u00e5r p\u00e5 bordene. Fade med mad, som eleverne selv har lavet, er stillet frem. I rummet sidder unge i h\u00e6ttetr\u00f8jer og arbejdst\u00f8j side om side med undervisere, samarbejdspartnere og lokale politikere. Torsdag den 30. april blev FGU Nordvest nye lokaler p\u00e5 Limfjordsvej indviet. Siden den 17. december har skolen haft adresse [&hellip;]\" \/>\n<meta property=\"og:url\" content=\"https:\/\/kunmedierne.dk\/mors\/det-var-moeg-svaert-i-starten-nu-gaar-de-ind-ad-samme-doer-som-alle-andre-unge\/\" \/>\n<meta property=\"og:site_name\" content=\"Mors\" \/>\n<meta property=\"article:published_time\" content=\"2026-04-30T15:34:01+00:00\" \/>\n<meta property=\"og:image\" content=\"https:\/\/kunmedierne.dk\/mors\/wp-content\/uploads\/2026\/04\/design-uden-navn269.jpg\" \/>\n<meta name=\"author\" content=\"Katrine Hedegaard\" \/>\n<meta name=\"twitter:card\" content=\"summary_large_image\" \/>\n<meta name=\"twitter:label1\" content=\"Skrevet af\" \/>\n\t<meta name=\"twitter:data1\" content=\"Katrine Hedegaard\" \/>\n\t<meta name=\"twitter:label2\" content=\"Estimeret l\u00e6setid\" \/>\n\t<meta name=\"twitter:data2\" content=\"4 minutter\" \/>\n<script type=\"application\/ld+json\" class=\"yoast-schema-graph\">{\"@context\":\"https:\/\/schema.org\",\"@graph\":[{\"@type\":\"Article\",\"@id\":\"https:\/\/kunmedierne.dk\/mors\/det-var-moeg-svaert-i-starten-nu-gaar-de-ind-ad-samme-doer-som-alle-andre-unge\/#article\",\"isPartOf\":{\"@id\":\"https:\/\/kunmedierne.dk\/mors\/det-var-moeg-svaert-i-starten-nu-gaar-de-ind-ad-samme-doer-som-alle-andre-unge\/\"},\"author\":{\"name\":\"Katrine Hedegaard\",\"@id\":\"https:\/\/kunmedierne.dk\/mors\/#\/schema\/person\/b2e62a38069b12365e53e087a8709c64\"},\"headline\":\"\u201cDet var m\u00f8j sv\u00e6rt i starten\u201d \u2013 nu g\u00e5r de ind ad samme d\u00f8r som alle andre unge\",\"datePublished\":\"2026-04-30T15:34:01+00:00\",\"mainEntityOfPage\":{\"@id\":\"https:\/\/kunmedierne.dk\/mors\/det-var-moeg-svaert-i-starten-nu-gaar-de-ind-ad-samme-doer-som-alle-andre-unge\/\"},\"wordCount\":460,\"publisher\":{\"@id\":\"https:\/\/kunmedierne.dk\/mors\/#organization\"},\"image\":{\"@id\":\"https:\/\/kunmedierne.dk\/mors\/det-var-moeg-svaert-i-starten-nu-gaar-de-ind-ad-samme-doer-som-alle-andre-unge\/#primaryimage\"},\"thumbnailUrl\":\"https:\/\/kunmedierne.dk\/mors\/wp-content\/uploads\/2026\/04\/design-uden-navn269.jpg\",\"articleSection\":[\"Lokalt\"],\"inLanguage\":\"da-DK\"},{\"@type\":\"WebPage\",\"@id\":\"https:\/\/kunmedierne.dk\/mors\/det-var-moeg-svaert-i-starten-nu-gaar-de-ind-ad-samme-doer-som-alle-andre-unge\/\",\"url\":\"https:\/\/kunmedierne.dk\/mors\/det-var-moeg-svaert-i-starten-nu-gaar-de-ind-ad-samme-doer-som-alle-andre-unge\/\",\"name\":\"\u201cDet var m\u00f8j sv\u00e6rt i starten\u201d \u2013 nu g\u00e5r de ind ad samme d\u00f8r som alle andre unge - Mors\",\"isPartOf\":{\"@id\":\"https:\/\/kunmedierne.dk\/mors\/#website\"},\"primaryImageOfPage\":{\"@id\":\"https:\/\/kunmedierne.dk\/mors\/det-var-moeg-svaert-i-starten-nu-gaar-de-ind-ad-samme-doer-som-alle-andre-unge\/#primaryimage\"},\"image\":{\"@id\":\"https:\/\/kunmedierne.dk\/mors\/det-var-moeg-svaert-i-starten-nu-gaar-de-ind-ad-samme-doer-som-alle-andre-unge\/#primaryimage\"},\"thumbnailUrl\":\"https:\/\/kunmedierne.dk\/mors\/wp-content\/uploads\/2026\/04\/design-uden-navn269.jpg\",\"datePublished\":\"2026-04-30T15:34:01+00:00\",\"breadcrumb\":{\"@id\":\"https:\/\/kunmedierne.dk\/mors\/det-var-moeg-svaert-i-starten-nu-gaar-de-ind-ad-samme-doer-som-alle-andre-unge\/#breadcrumb\"},\"inLanguage\":\"da-DK\",\"potentialAction\":[{\"@type\":\"ReadAction\",\"target\":[\"https:\/\/kunmedierne.dk\/mors\/det-var-moeg-svaert-i-starten-nu-gaar-de-ind-ad-samme-doer-som-alle-andre-unge\/\"]}]},{\"@type\":\"ImageObject\",\"inLanguage\":\"da-DK\",\"@id\":\"https:\/\/kunmedierne.dk\/mors\/det-var-moeg-svaert-i-starten-nu-gaar-de-ind-ad-samme-doer-som-alle-andre-unge\/#primaryimage\",\"url\":\"https:\/\/kunmedierne.dk\/mors\/wp-content\/uploads\/2026\/04\/design-uden-navn269.jpg\",\"contentUrl\":\"https:\/\/kunmedierne.dk\/mors\/wp-content\/uploads\/2026\/04\/design-uden-navn269.jpg\",\"width\":5184,\"height\":3456,\"caption\":\"Maden som elever p\u00e5 FGU har lavet\"},{\"@type\":\"BreadcrumbList\",\"@id\":\"https:\/\/kunmedierne.dk\/mors\/det-var-moeg-svaert-i-starten-nu-gaar-de-ind-ad-samme-doer-som-alle-andre-unge\/#breadcrumb\",\"itemListElement\":[{\"@type\":\"ListItem\",\"position\":1,\"name\":\"Hjem\",\"item\":\"https:\/\/kunmedierne.dk\/mors\/\"},{\"@type\":\"ListItem\",\"position\":2,\"name\":\"\u201cDet var m\u00f8j sv\u00e6rt i starten\u201d \u2013 nu g\u00e5r de ind ad samme d\u00f8r som alle andre unge\"}]},{\"@type\":\"WebSite\",\"@id\":\"https:\/\/kunmedierne.dk\/mors\/#website\",\"url\":\"https:\/\/kunmedierne.dk\/mors\/\",\"name\":\"Mors\",\"description\":\"et netmedie med journalistik om livet p\u00e5 Mors\",\"publisher\":{\"@id\":\"https:\/\/kunmedierne.dk\/mors\/#organization\"},\"potentialAction\":[{\"@type\":\"SearchAction\",\"target\":{\"@type\":\"EntryPoint\",\"urlTemplate\":\"https:\/\/kunmedierne.dk\/mors\/?s={search_term_string}\"},\"query-input\":{\"@type\":\"PropertyValueSpecification\",\"valueRequired\":true,\"valueName\":\"search_term_string\"}}],\"inLanguage\":\"da-DK\"},{\"@type\":\"Organization\",\"@id\":\"https:\/\/kunmedierne.dk\/mors\/#organization\",\"name\":\"Mors\",\"url\":\"https:\/\/kunmedierne.dk\/mors\/\",\"logo\":{\"@type\":\"ImageObject\",\"inLanguage\":\"da-DK\",\"@id\":\"https:\/\/kunmedierne.dk\/mors\/#\/schema\/logo\/image\/\",\"url\":\"https:\/\/kunmedierne.dk\/mors\/wp-content\/uploads\/2024\/08\/kunmors-logo.svg\",\"contentUrl\":\"https:\/\/kunmedierne.dk\/mors\/wp-content\/uploads\/2024\/08\/kunmors-logo.svg\",\"caption\":\"Mors\"},\"image\":{\"@id\":\"https:\/\/kunmedierne.dk\/mors\/#\/schema\/logo\/image\/\"}},{\"@type\":\"Person\",\"@id\":\"https:\/\/kunmedierne.dk\/mors\/#\/schema\/person\/b2e62a38069b12365e53e087a8709c64\",\"name\":\"Katrine Hedegaard\",\"image\":{\"@type\":\"ImageObject\",\"inLanguage\":\"da-DK\",\"@id\":\"https:\/\/kunmedierne.dk\/mors\/#\/schema\/person\/image\/\",\"url\":\"https:\/\/secure.gravatar.com\/avatar\/18a5c72fa9148052fd3ed5a58b40fc83cfdc9811090e6e6eec9539af058edcc0?s=96&d=mm&r=g\",\"contentUrl\":\"https:\/\/secure.gravatar.com\/avatar\/18a5c72fa9148052fd3ed5a58b40fc83cfdc9811090e6e6eec9539af058edcc0?s=96&d=mm&r=g\",\"caption\":\"Katrine Hedegaard\"},\"url\":\"https:\/\/kunmedierne.dk\/mors\/author\/katrine\/\"}]}<\/script>\n<!-- \/ Yoast SEO plugin. -->","yoast_head_json":{"title":"\u201cDet var m\u00f8j sv\u00e6rt i starten\u201d \u2013 nu g\u00e5r de ind ad samme d\u00f8r som alle andre unge - Mors","robots":{"index":"index","follow":"follow","max-snippet":"max-snippet:-1","max-image-preview":"max-image-preview:large","max-video-preview":"max-video-preview:-1"},"canonical":"https:\/\/kunmedierne.dk\/mors\/det-var-moeg-svaert-i-starten-nu-gaar-de-ind-ad-samme-doer-som-alle-andre-unge\/","og_locale":"da_DK","og_type":"article","og_title":"\u201cDet var m\u00f8j sv\u00e6rt i starten\u201d \u2013 nu g\u00e5r de ind ad samme d\u00f8r som alle andre unge - Mors","og_description":"NYK\u00d8BING: Tulipaner og for\u00e5rsgrene st\u00e5r p\u00e5 bordene. Fade med mad, som eleverne selv har lavet, er stillet frem. I rummet sidder unge i h\u00e6ttetr\u00f8jer og arbejdst\u00f8j side om side med undervisere, samarbejdspartnere og lokale politikere. Torsdag den 30. april blev FGU Nordvest nye lokaler p\u00e5 Limfjordsvej indviet. Siden den 17. december har skolen haft adresse [&hellip;]","og_url":"https:\/\/kunmedierne.dk\/mors\/det-var-moeg-svaert-i-starten-nu-gaar-de-ind-ad-samme-doer-som-alle-andre-unge\/","og_site_name":"Mors","article_published_time":"2026-04-30T15:34:01+00:00","og_image":[{"url":"https:\/\/kunmedierne.dk\/mors\/wp-content\/uploads\/2026\/04\/design-uden-navn269.jpg","type":"","width":"","height":""}],"author":"Katrine Hedegaard","twitter_card":"summary_large_image","twitter_misc":{"Skrevet af":"Katrine Hedegaard","Estimeret l\u00e6setid":"4 minutter"},"schema":{"@context":"https:\/\/schema.org","@graph":[{"@type":"Article","@id":"https:\/\/kunmedierne.dk\/mors\/det-var-moeg-svaert-i-starten-nu-gaar-de-ind-ad-samme-doer-som-alle-andre-unge\/#article","isPartOf":{"@id":"https:\/\/kunmedierne.dk\/mors\/det-var-moeg-svaert-i-starten-nu-gaar-de-ind-ad-samme-doer-som-alle-andre-unge\/"},"author":{"name":"Katrine Hedegaard","@id":"https:\/\/kunmedierne.dk\/mors\/#\/schema\/person\/b2e62a38069b12365e53e087a8709c64"},"headline":"\u201cDet var m\u00f8j sv\u00e6rt i starten\u201d \u2013 nu g\u00e5r de ind ad samme d\u00f8r som alle andre unge","datePublished":"2026-04-30T15:34:01+00:00","mainEntityOfPage":{"@id":"https:\/\/kunmedierne.dk\/mors\/det-var-moeg-svaert-i-starten-nu-gaar-de-ind-ad-samme-doer-som-alle-andre-unge\/"},"wordCount":460,"publisher":{"@id":"https:\/\/kunmedierne.dk\/mors\/#organization"},"image":{"@id":"https:\/\/kunmedierne.dk\/mors\/det-var-moeg-svaert-i-starten-nu-gaar-de-ind-ad-samme-doer-som-alle-andre-unge\/#primaryimage"},"thumbnailUrl":"https:\/\/kunmedierne.dk\/mors\/wp-content\/uploads\/2026\/04\/design-uden-navn269.jpg","articleSection":["Lokalt"],"inLanguage":"da-DK"},{"@type":"WebPage","@id":"https:\/\/kunmedierne.dk\/mors\/det-var-moeg-svaert-i-starten-nu-gaar-de-ind-ad-samme-doer-som-alle-andre-unge\/","url":"https:\/\/kunmedierne.dk\/mors\/det-var-moeg-svaert-i-starten-nu-gaar-de-ind-ad-samme-doer-som-alle-andre-unge\/","name":"\u201cDet var m\u00f8j sv\u00e6rt i starten\u201d \u2013 nu g\u00e5r de ind ad samme d\u00f8r som alle andre unge - Mors","isPartOf":{"@id":"https:\/\/kunmedierne.dk\/mors\/#website"},"primaryImageOfPage":{"@id":"https:\/\/kunmedierne.dk\/mors\/det-var-moeg-svaert-i-starten-nu-gaar-de-ind-ad-samme-doer-som-alle-andre-unge\/#primaryimage"},"image":{"@id":"https:\/\/kunmedierne.dk\/mors\/det-var-moeg-svaert-i-starten-nu-gaar-de-ind-ad-samme-doer-som-alle-andre-unge\/#primaryimage"},"thumbnailUrl":"https:\/\/kunmedierne.dk\/mors\/wp-content\/uploads\/2026\/04\/design-uden-navn269.jpg","datePublished":"2026-04-30T15:34:01+00:00","breadcrumb":{"@id":"https:\/\/kunmedierne.dk\/mors\/det-var-moeg-svaert-i-starten-nu-gaar-de-ind-ad-samme-doer-som-alle-andre-unge\/#breadcrumb"},"inLanguage":"da-DK","potentialAction":[{"@type":"ReadAction","target":["https:\/\/kunmedierne.dk\/mors\/det-var-moeg-svaert-i-starten-nu-gaar-de-ind-ad-samme-doer-som-alle-andre-unge\/"]}]},{"@type":"ImageObject","inLanguage":"da-DK","@id":"https:\/\/kunmedierne.dk\/mors\/det-var-moeg-svaert-i-starten-nu-gaar-de-ind-ad-samme-doer-som-alle-andre-unge\/#primaryimage","url":"https:\/\/kunmedierne.dk\/mors\/wp-content\/uploads\/2026\/04\/design-uden-navn269.jpg","contentUrl":"https:\/\/kunmedierne.dk\/mors\/wp-content\/uploads\/2026\/04\/design-uden-navn269.jpg","width":5184,"height":3456,"caption":"Maden som elever p\u00e5 FGU har lavet"},{"@type":"BreadcrumbList","@id":"https:\/\/kunmedierne.dk\/mors\/det-var-moeg-svaert-i-starten-nu-gaar-de-ind-ad-samme-doer-som-alle-andre-unge\/#breadcrumb","itemListElement":[{"@type":"ListItem","position":1,"name":"Hjem","item":"https:\/\/kunmedierne.dk\/mors\/"},{"@type":"ListItem","position":2,"name":"\u201cDet var m\u00f8j sv\u00e6rt i starten\u201d \u2013 nu g\u00e5r de ind ad samme d\u00f8r som alle andre unge"}]},{"@type":"WebSite","@id":"https:\/\/kunmedierne.dk\/mors\/#website","url":"https:\/\/kunmedierne.dk\/mors\/","name":"Mors","description":"et netmedie med journalistik om livet p\u00e5 Mors","publisher":{"@id":"https:\/\/kunmedierne.dk\/mors\/#organization"},"potentialAction":[{"@type":"SearchAction","target":{"@type":"EntryPoint","urlTemplate":"https:\/\/kunmedierne.dk\/mors\/?s={search_term_string}"},"query-input":{"@type":"PropertyValueSpecification","valueRequired":true,"valueName":"search_term_string"}}],"inLanguage":"da-DK"},{"@type":"Organization","@id":"https:\/\/kunmedierne.dk\/mors\/#organization","name":"Mors","url":"https:\/\/kunmedierne.dk\/mors\/","logo":{"@type":"ImageObject","inLanguage":"da-DK","@id":"https:\/\/kunmedierne.dk\/mors\/#\/schema\/logo\/image\/","url":"https:\/\/kunmedierne.dk\/mors\/wp-content\/uploads\/2024\/08\/kunmors-logo.svg","contentUrl":"https:\/\/kunmedierne.dk\/mors\/wp-content\/uploads\/2024\/08\/kunmors-logo.svg","caption":"Mors"},"image":{"@id":"https:\/\/kunmedierne.dk\/mors\/#\/schema\/logo\/image\/"}},{"@type":"Person","@id":"https:\/\/kunmedierne.dk\/mors\/#\/schema\/person\/b2e62a38069b12365e53e087a8709c64","name":"Katrine Hedegaard","image":{"@type":"ImageObject","inLanguage":"da-DK","@id":"https:\/\/kunmedierne.dk\/mors\/#\/schema\/person\/image\/","url":"https:\/\/secure.gravatar.com\/avatar\/18a5c72fa9148052fd3ed5a58b40fc83cfdc9811090e6e6eec9539af058edcc0?s=96&d=mm&r=g","contentUrl":"https:\/\/secure.gravatar.com\/avatar\/18a5c72fa9148052fd3ed5a58b40fc83cfdc9811090e6e6eec9539af058edcc0?s=96&d=mm&r=g","caption":"Katrine Hedegaard"},"url":"https:\/\/kunmedierne.dk\/mors\/author\/katrine\/"}]}},"_links":{"self":[{"href":"https:\/\/kunmedierne.dk\/mors\/wp-json\/wp\/v2\/posts\/172864","targetHints":{"allow":["GET"]}}],"collection":[{"href":"https:\/\/kunmedierne.dk\/mors\/wp-json\/wp\/v2\/posts"}],"about":[{"href":"https:\/\/kunmedierne.dk\/mors\/wp-json\/wp\/v2\/types\/post"}],"author":[{"embeddable":true,"href":"https:\/\/kunmedierne.dk\/mors\/wp-json\/wp\/v2\/users\/2507"}],"replies":[{"embeddable":true,"href":"https:\/\/kunmedierne.dk\/mors\/wp-json\/wp\/v2\/comments?post=172864"}],"version-history":[{"count":8,"href":"https:\/\/kunmedierne.dk\/mors\/wp-json\/wp\/v2\/posts\/172864\/revisions"}],"predecessor-version":[{"id":172877,"href":"https:\/\/kunmedierne.dk\/mors\/wp-json\/wp\/v2\/posts\/172864\/revisions\/172877"}],"wp:attachment":[{"href":"https:\/\/kunmedierne.dk\/mors\/wp-json\/wp\/v2\/media?parent=172864"}],"wp:term":[{"taxonomy":"category","embeddable":true,"href":"https:\/\/kunmedierne.dk\/mors\/wp-json\/wp\/v2\/categories?post=172864"},{"taxonomy":"post_tag","embeddable":true,"href":"https:\/\/kunmedierne.dk\/mors\/wp-json\/wp\/v2\/tags?post=172864"}],"curies":[{"name":"wp","href":"https:\/\/api.w.org\/{rel}","templated":true}]}}