{"id":172831,"date":"2026-04-30T09:23:40","date_gmt":"2026-04-30T07:23:40","guid":{"rendered":"https:\/\/kunmedierne.dk\/mors\/?p=172831"},"modified":"2026-04-30T09:23:40","modified_gmt":"2026-04-30T07:23:40","slug":"de-foerste-kunstnere-er-klar-til-kulturmoedet-mors-2026","status":"publish","type":"post","link":"https:\/\/kunmedierne.dk\/mors\/de-foerste-kunstnere-er-klar-til-kulturmoedet-mors-2026\/","title":{"rendered":"De f\u00f8rste kunstnere er klar til Kulturm\u00f8det Mors 2026\u00a0"},"content":{"rendered":"<p><strong>PRESSEMEDDELELSE:<\/strong> Kulturm\u00f8det er i dag en central institution i dansk kulturliv og et \u00e5rligt samlingspunkt for samtalen om kunstens og kulturens betydning for vores samfund. Her m\u00f8des kunstnere, kulturakt\u00f8rer, beslutningstagere og publikum \u2013 ikke kun for at opleve kunst, men for at diskutere, udfordre og udvikle den.<\/p>\n<a class=\"dvrt-link\" onClick=\"cdmtrack_click(111725,jQuery(this));return false\" href=\"https:\/\/www.thistedforsikring.dk\/?utm_source=partnerskaber&amp;utm_campaign=kun_mors\"><img decoding=\"async\" style=\"width:100%;\" src=\"https:\/\/kunmedierne.dk\/mors\/wp-content\/uploads\/2024\/02\/269409KunMors-ThistedFor-1.png\"><\/a><script>cdmtrack_view(111725);<\/script>\n<p>Med st\u00f8tte fra Augustinus\u00a0Fonden pr\u00e6senterer Kulturm\u00f8det endnu en gang et st\u00e6rkt program inden for klassisk musik, som en del af et st\u00f8rre program, der ogs\u00e5 rummer scenekunst, billedkunst, rytmisk musik og debatter p\u00e5 tv\u00e6rs af hele kulturlivet.<\/p>\n<blockquote>\n<h5><strong>Kulturm\u00f8det Mors 2026 afholdes den 20. &#8211; 22. august 2026 i Nyk\u00f8bing<\/strong><\/h5>\n<\/blockquote>\n<p>Blandt de f\u00f8rste offentliggjorte navne er den internationalt anerkendte strygekvartet <strong>NOVO Quartet<\/strong>, den prisvindende folkemusiktrio <strong>Stundom <\/strong>og jazzkomponist og sanger\u00a0Veronika Rud. Publikum kan ogs\u00e5 opleve komponist og performer <strong>Josefine Weber Hansen <\/strong>med soloprojektet SOLA, samt eksperimenterende v\u00e6rker med <strong>Aarhus\u00a0Sinfonietta.<\/strong><\/p>\n<p>&nbsp;<\/p>\n<p><strong>Kunst, der opst\u00e5r midt i m\u00f8det\u00a0<\/strong><\/p>\n<p>I 2026 rykker kunsten endnu t\u00e6ttere p\u00e5 publikum. Med formatet \u2018klassiske \u00f8jeblikke\u2019 skaber <strong>Ensemble\u00a0Midtvest <\/strong>sammen med skuespiller Kai Bredholt en r\u00e6kke pop-up koncerter, hvor klassisk musik opst\u00e5r midt i Kulturm\u00f8dets rum. F\u00f8r debatter, i byrummet og d\u00e9r, hvor publikum mindst venter det.<\/p>\n<p>Ogs\u00e5 den visuelle og kropslige scenekunst f\u00e5r en markant plads. I samarbejde med CPH Stage pr\u00e6senteres den reumertvindende performance <strong>Ripe\u00a0Body,<\/strong>\u00a0hvor en performer er placeret i en stor glasboks og inviterer publikum helt t\u00e6t p\u00e5 deres egne blikke og gr\u00e6nser. Samtidig indtager <strong>SPR\u00c6NG Danseteater<\/strong>\u00a0gaderne med fysisk og n\u00e6rv\u00e6rende scenekunst.<\/p>\n<a class=\"dvrt-link\" onClick=\"cdmtrack_click(114591,jQuery(this));return false\" href=\"https:\/\/www.facebook.com\/kopogkandemors\"><img decoding=\"async\" style=\"width:100%;\" src=\"https:\/\/kunmedierne.dk\/mors\/wp-content\/uploads\/2024\/03\/kop-og-kande-ja-tak-tilbud.jpg\"><\/a><script>cdmtrack_view(114591);<\/script>\n<p>Den sanselige installation <strong>BREATH af Svalholm<\/strong>\u00a0vil desuden bev\u00e6ge sig gennem Kulturm\u00f8det som en levende skulptur. Med sine pulserende bev\u00e6gelser og organiske form fremst\u00e5r v\u00e6rket n\u00e6sten som en krop, der tr\u00e6kker vejret \u2013 og skaber b\u00e5de fascination, undren og legende m\u00f8der med publikum p\u00e5 tv\u00e6rs af alder.<\/p>\n<p>&nbsp;<\/p>\n<p><strong>St\u00e6rke musikalske m\u00f8der\u00a0<\/strong><\/p>\n<p>Et s\u00e6rligt h\u00f8jdepunkt bliver m\u00f8det mellem den danske artist <strong>\u00d8sten<\/strong>\u00a0og <strong>Midtvest\u00a0Pigekor.<\/strong>\u00a0Sammen skaber de en stemningsfuld aftenkoncert, hvor det intime og det storsl\u00e5ede smelter\u00a0sammen i et unikt musikalsk udtryk.<\/p>\n<div id=\"attachment_172832\" style=\"width: 5194px\" class=\"wp-caption alignnone\"><img loading=\"lazy\" decoding=\"async\" aria-describedby=\"caption-attachment-172832\" class=\"wp-image-172832 size-full\" src=\"https:\/\/kunmedierne.dk\/mors\/wp-content\/uploads\/2026\/04\/design-uden-navn265.jpg\" alt=\"\" width=\"5184\" height=\"3456\" srcset=\"https:\/\/kunmedierne.dk\/mors\/wp-content\/uploads\/2026\/04\/design-uden-navn265.jpg 5184w, https:\/\/kunmedierne.dk\/mors\/wp-content\/uploads\/2026\/04\/design-uden-navn265-300x200.jpg 300w, https:\/\/kunmedierne.dk\/mors\/wp-content\/uploads\/2026\/04\/design-uden-navn265-1024x683.jpg 1024w, https:\/\/kunmedierne.dk\/mors\/wp-content\/uploads\/2026\/04\/design-uden-navn265-510x340.jpg 510w\" sizes=\"auto, (max-width: 5184px) 100vw, 5184px\" \/><p id=\"caption-attachment-172832\" class=\"wp-caption-text\">\u00d8sten. Foto: Christian Falck Wolff<\/p><\/div>\n<p>B\u00f8rn og familier kan opleve en opera-mini-forestilling i samarbejde med <strong>Herning Opera Festival <\/strong>p\u00e5 B\u00f8rnenes Kulturm\u00f8de.<\/p>\n<p>Traditionen tro optr\u00e6der det klassiske strygerensemble <strong>WHO KILLED BAMBI<\/strong> med en anerkendt dansk kunstner. Hvem det bliver i \u00e5r, er stadig hemmeligt, men publikum kan godt begynde at gl\u00e6de sig. Tidligere har kunstnere som Emma Sehested H\u00f8eg, Oh Land og S\u00f8ren Huss v\u00e6ret en del af formatet.<\/p>\n<a class=\"dvrt-link\" onClick=\"cdmtrack_click(104786,jQuery(this));return false\" href=\"https:\/\/limfjordsteatret.dk\/events\/tobias-dybvad-mit-bedste-onemanshow\/\"><img decoding=\"async\" style=\"width:100%;\" src=\"https:\/\/kunmedierne.dk\/mors\/wp-content\/uploads\/2023\/10\/aarskortLim_KunMors_1100x125.jpg\"><\/a><script>cdmtrack_view(104786);<\/script>\n<p>Caspar Ryttergaard, direkt\u00f8r for Kulturm\u00f8det Mors, udtaler:<\/p>\n<p>&#8211; Kulturm\u00f8det er et sted, hvor kunsten ikke kun bliver pr\u00e6senteret \u2013 den bliver sat i spil. Vi skaber m\u00f8der mellem genrer, mennesker og perspektiver, og det er netop i de m\u00f8der, at nye id\u00e9er og erkendelser opst\u00e5r. Med \u00e5rets f\u00f8rste navne tager vi endnu et skridt i arbejdet med at samle hele kulturlivet og bringe kunsten t\u00e6ttere p\u00e5 endnu flere.<\/p>\n<div id=\"attachment_172836\" style=\"width: 5194px\" class=\"wp-caption alignnone\"><img loading=\"lazy\" decoding=\"async\" aria-describedby=\"caption-attachment-172836\" class=\"wp-image-172836 size-full\" src=\"https:\/\/kunmedierne.dk\/mors\/wp-content\/uploads\/2026\/04\/design-uden-navn267.jpg\" alt=\"\" width=\"5184\" height=\"3456\" srcset=\"https:\/\/kunmedierne.dk\/mors\/wp-content\/uploads\/2026\/04\/design-uden-navn267.jpg 5184w, https:\/\/kunmedierne.dk\/mors\/wp-content\/uploads\/2026\/04\/design-uden-navn267-300x200.jpg 300w, https:\/\/kunmedierne.dk\/mors\/wp-content\/uploads\/2026\/04\/design-uden-navn267-1024x683.jpg 1024w, https:\/\/kunmedierne.dk\/mors\/wp-content\/uploads\/2026\/04\/design-uden-navn267-510x340.jpg 510w\" sizes=\"auto, (max-width: 5184px) 100vw, 5184px\" \/><p id=\"caption-attachment-172836\" class=\"wp-caption-text\">Ensemble Midtvest. Foto: Andrej Grilc<\/p><\/div>\n<p>Kulturm\u00f8det Mors har de seneste \u00e5r styrket sin position som en markant akt\u00f8r og samarbejdspartner i dansk kulturliv med et stadigt voksende publikum og en bred national tilstedev\u00e6relse. I 2026 forts\u00e6tter arbejdet med at udvikle nye partnerskaber, formater og kunstneriske m\u00f8der, der b\u00e5de engagerer det brede publikum og den professionelle branche.<\/p>\n<p>Flere navne offentligg\u00f8res l\u00f8bende frem mod Kulturm\u00f8det.<\/p>\n<blockquote>\n<h5><strong>Om Kulturm\u00f8det Mors<\/strong><br \/>\nKulturm\u00f8det Mors er en central institution i dansk kulturliv og Danmarks st\u00f8rste kulturpolitiske samlingspunkt. Hvert \u00e5r m\u00f8des kunstnere, kulturinstitutioner, beslutningstagere og borgere for at opleve kunst og deltage i samtalen om kulturens rolle i samfundet.<\/h5>\n<\/blockquote>\n","protected":false},"excerpt":{"rendered":"<p>PRESSEMEDDELELSE: Kulturm\u00f8det er i dag en central institution i dansk kulturliv og et \u00e5rligt samlingspunkt for samtalen om kunstens og kulturens betydning for vores samfund. Her m\u00f8des kunstnere, kulturakt\u00f8rer, beslutningstagere og publikum \u2013 ikke kun for at opleve kunst, men for at diskutere, udfordre og udvikle den. Med st\u00f8tte fra Augustinus\u00a0Fonden pr\u00e6senterer Kulturm\u00f8det endnu en [&hellip;]<\/p>\n","protected":false},"author":2507,"featured_media":0,"comment_status":"closed","ping_status":"closed","sticky":false,"template":"","format":"standard","meta":{"_acf_changed":false,"footnotes":""},"categories":[49],"tags":[162],"class_list":["post-172831","post","type-post","status-publish","format-standard","hentry","category-kultur","tag-kulturmoedet"],"acf":[],"yoast_head":"<!-- This site is optimized with the Yoast SEO plugin v26.8 - https:\/\/yoast.com\/product\/yoast-seo-wordpress\/ -->\n<title>De f\u00f8rste kunstnere er klar til Kulturm\u00f8det Mors 2026\u00a0 - Mors<\/title>\n<meta name=\"robots\" content=\"index, follow, max-snippet:-1, max-image-preview:large, max-video-preview:-1\" \/>\n<link rel=\"canonical\" href=\"https:\/\/kunmedierne.dk\/mors\/de-foerste-kunstnere-er-klar-til-kulturmoedet-mors-2026\/\" \/>\n<meta property=\"og:locale\" content=\"da_DK\" \/>\n<meta property=\"og:type\" content=\"article\" \/>\n<meta property=\"og:title\" content=\"De f\u00f8rste kunstnere er klar til Kulturm\u00f8det Mors 2026\u00a0 - Mors\" \/>\n<meta property=\"og:description\" content=\"PRESSEMEDDELELSE: Kulturm\u00f8det er i dag en central institution i dansk kulturliv og et \u00e5rligt samlingspunkt for samtalen om kunstens og kulturens betydning for vores samfund. Her m\u00f8des kunstnere, kulturakt\u00f8rer, beslutningstagere og publikum \u2013 ikke kun for at opleve kunst, men for at diskutere, udfordre og udvikle den. Med st\u00f8tte fra Augustinus\u00a0Fonden pr\u00e6senterer Kulturm\u00f8det endnu en [&hellip;]\" \/>\n<meta property=\"og:url\" content=\"https:\/\/kunmedierne.dk\/mors\/de-foerste-kunstnere-er-klar-til-kulturmoedet-mors-2026\/\" \/>\n<meta property=\"og:site_name\" content=\"Mors\" \/>\n<meta property=\"article:published_time\" content=\"2026-04-30T07:23:40+00:00\" \/>\n<meta property=\"og:image\" content=\"https:\/\/kunmedierne.dk\/mors\/wp-content\/uploads\/2026\/04\/design-uden-navn265.jpg\" \/>\n<meta name=\"author\" content=\"Katrine Hedegaard\" \/>\n<meta name=\"twitter:card\" content=\"summary_large_image\" \/>\n<meta name=\"twitter:label1\" content=\"Skrevet af\" \/>\n\t<meta name=\"twitter:data1\" content=\"Katrine Hedegaard\" \/>\n\t<meta name=\"twitter:label2\" content=\"Estimeret l\u00e6setid\" \/>\n\t<meta name=\"twitter:data2\" content=\"4 minutter\" \/>\n<script type=\"application\/ld+json\" class=\"yoast-schema-graph\">{\"@context\":\"https:\/\/schema.org\",\"@graph\":[{\"@type\":\"Article\",\"@id\":\"https:\/\/kunmedierne.dk\/mors\/de-foerste-kunstnere-er-klar-til-kulturmoedet-mors-2026\/#article\",\"isPartOf\":{\"@id\":\"https:\/\/kunmedierne.dk\/mors\/de-foerste-kunstnere-er-klar-til-kulturmoedet-mors-2026\/\"},\"author\":{\"name\":\"Katrine Hedegaard\",\"@id\":\"https:\/\/kunmedierne.dk\/mors\/#\/schema\/person\/b2e62a38069b12365e53e087a8709c64\"},\"headline\":\"De f\u00f8rste kunstnere er klar til Kulturm\u00f8det Mors 2026\u00a0\",\"datePublished\":\"2026-04-30T07:23:40+00:00\",\"mainEntityOfPage\":{\"@id\":\"https:\/\/kunmedierne.dk\/mors\/de-foerste-kunstnere-er-klar-til-kulturmoedet-mors-2026\/\"},\"wordCount\":655,\"publisher\":{\"@id\":\"https:\/\/kunmedierne.dk\/mors\/#organization\"},\"image\":{\"@id\":\"https:\/\/kunmedierne.dk\/mors\/de-foerste-kunstnere-er-klar-til-kulturmoedet-mors-2026\/#primaryimage\"},\"thumbnailUrl\":\"https:\/\/kunmedierne.dk\/mors\/wp-content\/uploads\/2026\/04\/design-uden-navn265.jpg\",\"keywords\":[\"Kulturm\u00f8det\"],\"articleSection\":[\"Kultur\"],\"inLanguage\":\"da-DK\"},{\"@type\":\"WebPage\",\"@id\":\"https:\/\/kunmedierne.dk\/mors\/de-foerste-kunstnere-er-klar-til-kulturmoedet-mors-2026\/\",\"url\":\"https:\/\/kunmedierne.dk\/mors\/de-foerste-kunstnere-er-klar-til-kulturmoedet-mors-2026\/\",\"name\":\"De f\u00f8rste kunstnere er klar til Kulturm\u00f8det Mors 2026\u00a0 - Mors\",\"isPartOf\":{\"@id\":\"https:\/\/kunmedierne.dk\/mors\/#website\"},\"primaryImageOfPage\":{\"@id\":\"https:\/\/kunmedierne.dk\/mors\/de-foerste-kunstnere-er-klar-til-kulturmoedet-mors-2026\/#primaryimage\"},\"image\":{\"@id\":\"https:\/\/kunmedierne.dk\/mors\/de-foerste-kunstnere-er-klar-til-kulturmoedet-mors-2026\/#primaryimage\"},\"thumbnailUrl\":\"https:\/\/kunmedierne.dk\/mors\/wp-content\/uploads\/2026\/04\/design-uden-navn265.jpg\",\"datePublished\":\"2026-04-30T07:23:40+00:00\",\"breadcrumb\":{\"@id\":\"https:\/\/kunmedierne.dk\/mors\/de-foerste-kunstnere-er-klar-til-kulturmoedet-mors-2026\/#breadcrumb\"},\"inLanguage\":\"da-DK\",\"potentialAction\":[{\"@type\":\"ReadAction\",\"target\":[\"https:\/\/kunmedierne.dk\/mors\/de-foerste-kunstnere-er-klar-til-kulturmoedet-mors-2026\/\"]}]},{\"@type\":\"ImageObject\",\"inLanguage\":\"da-DK\",\"@id\":\"https:\/\/kunmedierne.dk\/mors\/de-foerste-kunstnere-er-klar-til-kulturmoedet-mors-2026\/#primaryimage\",\"url\":\"https:\/\/kunmedierne.dk\/mors\/wp-content\/uploads\/2026\/04\/design-uden-navn265.jpg\",\"contentUrl\":\"https:\/\/kunmedierne.dk\/mors\/wp-content\/uploads\/2026\/04\/design-uden-navn265.jpg\",\"width\":5184,\"height\":3456,\"caption\":\"\u00d8sten. Foto: Christian Falck Wolff\"},{\"@type\":\"BreadcrumbList\",\"@id\":\"https:\/\/kunmedierne.dk\/mors\/de-foerste-kunstnere-er-klar-til-kulturmoedet-mors-2026\/#breadcrumb\",\"itemListElement\":[{\"@type\":\"ListItem\",\"position\":1,\"name\":\"Hjem\",\"item\":\"https:\/\/kunmedierne.dk\/mors\/\"},{\"@type\":\"ListItem\",\"position\":2,\"name\":\"De f\u00f8rste kunstnere er klar til Kulturm\u00f8det Mors 2026\u00a0\"}]},{\"@type\":\"WebSite\",\"@id\":\"https:\/\/kunmedierne.dk\/mors\/#website\",\"url\":\"https:\/\/kunmedierne.dk\/mors\/\",\"name\":\"Mors\",\"description\":\"et netmedie med journalistik om livet p\u00e5 Mors\",\"publisher\":{\"@id\":\"https:\/\/kunmedierne.dk\/mors\/#organization\"},\"potentialAction\":[{\"@type\":\"SearchAction\",\"target\":{\"@type\":\"EntryPoint\",\"urlTemplate\":\"https:\/\/kunmedierne.dk\/mors\/?s={search_term_string}\"},\"query-input\":{\"@type\":\"PropertyValueSpecification\",\"valueRequired\":true,\"valueName\":\"search_term_string\"}}],\"inLanguage\":\"da-DK\"},{\"@type\":\"Organization\",\"@id\":\"https:\/\/kunmedierne.dk\/mors\/#organization\",\"name\":\"Mors\",\"url\":\"https:\/\/kunmedierne.dk\/mors\/\",\"logo\":{\"@type\":\"ImageObject\",\"inLanguage\":\"da-DK\",\"@id\":\"https:\/\/kunmedierne.dk\/mors\/#\/schema\/logo\/image\/\",\"url\":\"https:\/\/kunmedierne.dk\/mors\/wp-content\/uploads\/2024\/08\/kunmors-logo.svg\",\"contentUrl\":\"https:\/\/kunmedierne.dk\/mors\/wp-content\/uploads\/2024\/08\/kunmors-logo.svg\",\"caption\":\"Mors\"},\"image\":{\"@id\":\"https:\/\/kunmedierne.dk\/mors\/#\/schema\/logo\/image\/\"}},{\"@type\":\"Person\",\"@id\":\"https:\/\/kunmedierne.dk\/mors\/#\/schema\/person\/b2e62a38069b12365e53e087a8709c64\",\"name\":\"Katrine Hedegaard\",\"image\":{\"@type\":\"ImageObject\",\"inLanguage\":\"da-DK\",\"@id\":\"https:\/\/kunmedierne.dk\/mors\/#\/schema\/person\/image\/\",\"url\":\"https:\/\/secure.gravatar.com\/avatar\/18a5c72fa9148052fd3ed5a58b40fc83cfdc9811090e6e6eec9539af058edcc0?s=96&d=mm&r=g\",\"contentUrl\":\"https:\/\/secure.gravatar.com\/avatar\/18a5c72fa9148052fd3ed5a58b40fc83cfdc9811090e6e6eec9539af058edcc0?s=96&d=mm&r=g\",\"caption\":\"Katrine Hedegaard\"},\"url\":\"https:\/\/kunmedierne.dk\/mors\/author\/katrine\/\"}]}<\/script>\n<!-- \/ Yoast SEO plugin. -->","yoast_head_json":{"title":"De f\u00f8rste kunstnere er klar til Kulturm\u00f8det Mors 2026\u00a0 - Mors","robots":{"index":"index","follow":"follow","max-snippet":"max-snippet:-1","max-image-preview":"max-image-preview:large","max-video-preview":"max-video-preview:-1"},"canonical":"https:\/\/kunmedierne.dk\/mors\/de-foerste-kunstnere-er-klar-til-kulturmoedet-mors-2026\/","og_locale":"da_DK","og_type":"article","og_title":"De f\u00f8rste kunstnere er klar til Kulturm\u00f8det Mors 2026\u00a0 - Mors","og_description":"PRESSEMEDDELELSE: Kulturm\u00f8det er i dag en central institution i dansk kulturliv og et \u00e5rligt samlingspunkt for samtalen om kunstens og kulturens betydning for vores samfund. Her m\u00f8des kunstnere, kulturakt\u00f8rer, beslutningstagere og publikum \u2013 ikke kun for at opleve kunst, men for at diskutere, udfordre og udvikle den. Med st\u00f8tte fra Augustinus\u00a0Fonden pr\u00e6senterer Kulturm\u00f8det endnu en [&hellip;]","og_url":"https:\/\/kunmedierne.dk\/mors\/de-foerste-kunstnere-er-klar-til-kulturmoedet-mors-2026\/","og_site_name":"Mors","article_published_time":"2026-04-30T07:23:40+00:00","og_image":[{"url":"https:\/\/kunmedierne.dk\/mors\/wp-content\/uploads\/2026\/04\/design-uden-navn265.jpg","type":"","width":"","height":""}],"author":"Katrine Hedegaard","twitter_card":"summary_large_image","twitter_misc":{"Skrevet af":"Katrine Hedegaard","Estimeret l\u00e6setid":"4 minutter"},"schema":{"@context":"https:\/\/schema.org","@graph":[{"@type":"Article","@id":"https:\/\/kunmedierne.dk\/mors\/de-foerste-kunstnere-er-klar-til-kulturmoedet-mors-2026\/#article","isPartOf":{"@id":"https:\/\/kunmedierne.dk\/mors\/de-foerste-kunstnere-er-klar-til-kulturmoedet-mors-2026\/"},"author":{"name":"Katrine Hedegaard","@id":"https:\/\/kunmedierne.dk\/mors\/#\/schema\/person\/b2e62a38069b12365e53e087a8709c64"},"headline":"De f\u00f8rste kunstnere er klar til Kulturm\u00f8det Mors 2026\u00a0","datePublished":"2026-04-30T07:23:40+00:00","mainEntityOfPage":{"@id":"https:\/\/kunmedierne.dk\/mors\/de-foerste-kunstnere-er-klar-til-kulturmoedet-mors-2026\/"},"wordCount":655,"publisher":{"@id":"https:\/\/kunmedierne.dk\/mors\/#organization"},"image":{"@id":"https:\/\/kunmedierne.dk\/mors\/de-foerste-kunstnere-er-klar-til-kulturmoedet-mors-2026\/#primaryimage"},"thumbnailUrl":"https:\/\/kunmedierne.dk\/mors\/wp-content\/uploads\/2026\/04\/design-uden-navn265.jpg","keywords":["Kulturm\u00f8det"],"articleSection":["Kultur"],"inLanguage":"da-DK"},{"@type":"WebPage","@id":"https:\/\/kunmedierne.dk\/mors\/de-foerste-kunstnere-er-klar-til-kulturmoedet-mors-2026\/","url":"https:\/\/kunmedierne.dk\/mors\/de-foerste-kunstnere-er-klar-til-kulturmoedet-mors-2026\/","name":"De f\u00f8rste kunstnere er klar til Kulturm\u00f8det Mors 2026\u00a0 - Mors","isPartOf":{"@id":"https:\/\/kunmedierne.dk\/mors\/#website"},"primaryImageOfPage":{"@id":"https:\/\/kunmedierne.dk\/mors\/de-foerste-kunstnere-er-klar-til-kulturmoedet-mors-2026\/#primaryimage"},"image":{"@id":"https:\/\/kunmedierne.dk\/mors\/de-foerste-kunstnere-er-klar-til-kulturmoedet-mors-2026\/#primaryimage"},"thumbnailUrl":"https:\/\/kunmedierne.dk\/mors\/wp-content\/uploads\/2026\/04\/design-uden-navn265.jpg","datePublished":"2026-04-30T07:23:40+00:00","breadcrumb":{"@id":"https:\/\/kunmedierne.dk\/mors\/de-foerste-kunstnere-er-klar-til-kulturmoedet-mors-2026\/#breadcrumb"},"inLanguage":"da-DK","potentialAction":[{"@type":"ReadAction","target":["https:\/\/kunmedierne.dk\/mors\/de-foerste-kunstnere-er-klar-til-kulturmoedet-mors-2026\/"]}]},{"@type":"ImageObject","inLanguage":"da-DK","@id":"https:\/\/kunmedierne.dk\/mors\/de-foerste-kunstnere-er-klar-til-kulturmoedet-mors-2026\/#primaryimage","url":"https:\/\/kunmedierne.dk\/mors\/wp-content\/uploads\/2026\/04\/design-uden-navn265.jpg","contentUrl":"https:\/\/kunmedierne.dk\/mors\/wp-content\/uploads\/2026\/04\/design-uden-navn265.jpg","width":5184,"height":3456,"caption":"\u00d8sten. Foto: Christian Falck Wolff"},{"@type":"BreadcrumbList","@id":"https:\/\/kunmedierne.dk\/mors\/de-foerste-kunstnere-er-klar-til-kulturmoedet-mors-2026\/#breadcrumb","itemListElement":[{"@type":"ListItem","position":1,"name":"Hjem","item":"https:\/\/kunmedierne.dk\/mors\/"},{"@type":"ListItem","position":2,"name":"De f\u00f8rste kunstnere er klar til Kulturm\u00f8det Mors 2026\u00a0"}]},{"@type":"WebSite","@id":"https:\/\/kunmedierne.dk\/mors\/#website","url":"https:\/\/kunmedierne.dk\/mors\/","name":"Mors","description":"et netmedie med journalistik om livet p\u00e5 Mors","publisher":{"@id":"https:\/\/kunmedierne.dk\/mors\/#organization"},"potentialAction":[{"@type":"SearchAction","target":{"@type":"EntryPoint","urlTemplate":"https:\/\/kunmedierne.dk\/mors\/?s={search_term_string}"},"query-input":{"@type":"PropertyValueSpecification","valueRequired":true,"valueName":"search_term_string"}}],"inLanguage":"da-DK"},{"@type":"Organization","@id":"https:\/\/kunmedierne.dk\/mors\/#organization","name":"Mors","url":"https:\/\/kunmedierne.dk\/mors\/","logo":{"@type":"ImageObject","inLanguage":"da-DK","@id":"https:\/\/kunmedierne.dk\/mors\/#\/schema\/logo\/image\/","url":"https:\/\/kunmedierne.dk\/mors\/wp-content\/uploads\/2024\/08\/kunmors-logo.svg","contentUrl":"https:\/\/kunmedierne.dk\/mors\/wp-content\/uploads\/2024\/08\/kunmors-logo.svg","caption":"Mors"},"image":{"@id":"https:\/\/kunmedierne.dk\/mors\/#\/schema\/logo\/image\/"}},{"@type":"Person","@id":"https:\/\/kunmedierne.dk\/mors\/#\/schema\/person\/b2e62a38069b12365e53e087a8709c64","name":"Katrine Hedegaard","image":{"@type":"ImageObject","inLanguage":"da-DK","@id":"https:\/\/kunmedierne.dk\/mors\/#\/schema\/person\/image\/","url":"https:\/\/secure.gravatar.com\/avatar\/18a5c72fa9148052fd3ed5a58b40fc83cfdc9811090e6e6eec9539af058edcc0?s=96&d=mm&r=g","contentUrl":"https:\/\/secure.gravatar.com\/avatar\/18a5c72fa9148052fd3ed5a58b40fc83cfdc9811090e6e6eec9539af058edcc0?s=96&d=mm&r=g","caption":"Katrine Hedegaard"},"url":"https:\/\/kunmedierne.dk\/mors\/author\/katrine\/"}]}},"_links":{"self":[{"href":"https:\/\/kunmedierne.dk\/mors\/wp-json\/wp\/v2\/posts\/172831","targetHints":{"allow":["GET"]}}],"collection":[{"href":"https:\/\/kunmedierne.dk\/mors\/wp-json\/wp\/v2\/posts"}],"about":[{"href":"https:\/\/kunmedierne.dk\/mors\/wp-json\/wp\/v2\/types\/post"}],"author":[{"embeddable":true,"href":"https:\/\/kunmedierne.dk\/mors\/wp-json\/wp\/v2\/users\/2507"}],"replies":[{"embeddable":true,"href":"https:\/\/kunmedierne.dk\/mors\/wp-json\/wp\/v2\/comments?post=172831"}],"version-history":[{"count":2,"href":"https:\/\/kunmedierne.dk\/mors\/wp-json\/wp\/v2\/posts\/172831\/revisions"}],"predecessor-version":[{"id":172838,"href":"https:\/\/kunmedierne.dk\/mors\/wp-json\/wp\/v2\/posts\/172831\/revisions\/172838"}],"wp:attachment":[{"href":"https:\/\/kunmedierne.dk\/mors\/wp-json\/wp\/v2\/media?parent=172831"}],"wp:term":[{"taxonomy":"category","embeddable":true,"href":"https:\/\/kunmedierne.dk\/mors\/wp-json\/wp\/v2\/categories?post=172831"},{"taxonomy":"post_tag","embeddable":true,"href":"https:\/\/kunmedierne.dk\/mors\/wp-json\/wp\/v2\/tags?post=172831"}],"curies":[{"name":"wp","href":"https:\/\/api.w.org\/{rel}","templated":true}]}}