{"id":172816,"date":"2026-04-29T21:55:58","date_gmt":"2026-04-29T19:55:58","guid":{"rendered":"https:\/\/kunmedierne.dk\/mors\/?p=172816"},"modified":"2026-04-29T21:55:58","modified_gmt":"2026-04-29T19:55:58","slug":"store-milepaele-fejres-hos-fredsoe-vognmandsforretning-og-nordvest-sortering","status":"publish","type":"post","link":"https:\/\/kunmedierne.dk\/mors\/store-milepaele-fejres-hos-fredsoe-vognmandsforretning-og-nordvest-sortering\/","title":{"rendered":"<span>Store milep\u00e6le fejres hos Freds\u00f8 Vognmandsforretning og Nordvest Sortering<\/span>"},"content":{"rendered":"<hr \/>\n<h5 style=\"text-align: center;\">Annonc\u00f8rbetalt indhold<\/h5>\n<hr \/>\n<p>L\u00f8rdag den 30. maj 2026 er der fest hos Freds\u00f8 &#8211; og flere af dem faktisk. Freds\u00f8 markerer p\u00e5 dagen flere store milep\u00e6le i deres familie- og virksomhedshistorie.<\/p>\n<p>Forretningen Freds\u00f8 Vognmandsforretning fejrer hele 90 \u00e5rs jubil\u00e6um, og Nordvest Sortering runder 25 \u00e5r. Ejer- og makkerparret Benny og Ragnhild kan desuden fejre 25 \u00e5r bag styrepinden, og det er samtidig blevet tid til, at s\u00f8nnerne Emil og Frederik bliver en del af virksomheden. Alt dette fejres i flere omgange p\u00e5 og omkring domicilet p\u00e5 Industrivej 3, 7900 Nyk\u00f8bing Mors l\u00f8rdag den 30. maj.<\/p>\n<p>Her starter festlighederne med en \u00e5ben reception fra kl. 11.00-14.00, hvor alle er velkomne. Den popul\u00e6re Mors-duo \u2018Mousen\u2019 s\u00f8rger for musik og underholdning, og der vil v\u00e6re slush-ice, soft-ice og hoppeborg til de yngste g\u00e6ster.<\/p>\n<p>Senere p\u00e5 dagen skydes selve jubil\u00e6umsfesten i gang. Her bydes indenfor til en festlig aften med mad og drikke samt dans og musik fra kl. 17.00-01.00 p\u00e5 samme adresse.<\/p>\n<p>Freds\u00f8 Vognmandsforretning og Nordvest Sortering h\u00e5ber at se kunder, forretningsforbindelser, samarbejdspartnere, venner og bekendte denne dag &#8211; og gl\u00e6der sig til at dele god mad og drikke, samt historier fra fortiden &#8211; og m\u00e5ske et blik mod fremtiden.<\/p>\n<p>Til jubil\u00e6umsfesten om aftenen skal man tilmelde sig inden 25. maj p\u00e5 mail: tilmelding@fredsoe.com eller p\u00e5 telefon 2888 4440.<\/p>\n<p>Det er ikke n\u00f8dvendigt med tilmelding til receptionen. Her m\u00f8der man bare op.<\/p>\n","protected":false},"excerpt":{"rendered":"<p>Annonc\u00f8rbetalt indhold L\u00f8rdag den 30. maj 2026 er der fest hos Freds\u00f8 &#8211; og flere af dem faktisk. Freds\u00f8 markerer p\u00e5 dagen flere store milep\u00e6le i deres familie- og virksomhedshistorie. Forretningen Freds\u00f8 Vognmandsforretning fejrer hele 90 \u00e5rs jubil\u00e6um, og Nordvest Sortering runder 25 \u00e5r. Ejer- og makkerparret Benny og Ragnhild kan desuden fejre 25 \u00e5r [&hellip;]<\/p>\n","protected":false},"author":8,"featured_media":0,"comment_status":"closed","ping_status":"closed","sticky":false,"template":"","format":"standard","meta":{"_acf_changed":false,"footnotes":""},"categories":[183,51],"tags":[],"class_list":["post-172816","post","type-post","status-publish","format-standard","hentry","category-annonce","category-lokalt"],"acf":[],"yoast_head":"<!-- This site is optimized with the Yoast SEO plugin v26.8 - https:\/\/yoast.com\/product\/yoast-seo-wordpress\/ -->\n<title>Store milep\u00e6le fejres hos Freds\u00f8 Vognmandsforretning og Nordvest Sortering - Mors<\/title>\n<meta name=\"robots\" content=\"index, follow, max-snippet:-1, max-image-preview:large, max-video-preview:-1\" \/>\n<link rel=\"canonical\" href=\"https:\/\/kunmedierne.dk\/mors\/store-milepaele-fejres-hos-fredsoe-vognmandsforretning-og-nordvest-sortering\/\" \/>\n<meta property=\"og:locale\" content=\"da_DK\" \/>\n<meta property=\"og:type\" content=\"article\" \/>\n<meta property=\"og:title\" content=\"Store milep\u00e6le fejres hos Freds\u00f8 Vognmandsforretning og Nordvest Sortering - Mors\" \/>\n<meta property=\"og:description\" content=\"Annonc\u00f8rbetalt indhold L\u00f8rdag den 30. maj 2026 er der fest hos Freds\u00f8 &#8211; og flere af dem faktisk. Freds\u00f8 markerer p\u00e5 dagen flere store milep\u00e6le i deres familie- og virksomhedshistorie. Forretningen Freds\u00f8 Vognmandsforretning fejrer hele 90 \u00e5rs jubil\u00e6um, og Nordvest Sortering runder 25 \u00e5r. Ejer- og makkerparret Benny og Ragnhild kan desuden fejre 25 \u00e5r [&hellip;]\" \/>\n<meta property=\"og:url\" content=\"https:\/\/kunmedierne.dk\/mors\/store-milepaele-fejres-hos-fredsoe-vognmandsforretning-og-nordvest-sortering\/\" \/>\n<meta property=\"og:site_name\" content=\"Mors\" \/>\n<meta property=\"article:published_time\" content=\"2026-04-29T19:55:58+00:00\" \/>\n<meta name=\"author\" content=\"David H\u00f8jmark\" \/>\n<meta name=\"twitter:card\" content=\"summary_large_image\" \/>\n<meta name=\"twitter:label1\" content=\"Skrevet af\" \/>\n\t<meta name=\"twitter:data1\" content=\"David H\u00f8jmark\" \/>\n\t<meta name=\"twitter:label2\" content=\"Estimeret l\u00e6setid\" \/>\n\t<meta name=\"twitter:data2\" content=\"2 minutter\" \/>\n<script type=\"application\/ld+json\" class=\"yoast-schema-graph\">{\"@context\":\"https:\/\/schema.org\",\"@graph\":[{\"@type\":\"Article\",\"@id\":\"https:\/\/kunmedierne.dk\/mors\/store-milepaele-fejres-hos-fredsoe-vognmandsforretning-og-nordvest-sortering\/#article\",\"isPartOf\":{\"@id\":\"https:\/\/kunmedierne.dk\/mors\/store-milepaele-fejres-hos-fredsoe-vognmandsforretning-og-nordvest-sortering\/\"},\"author\":{\"name\":\"David H\u00f8jmark\",\"@id\":\"https:\/\/kunmedierne.dk\/mors\/#\/schema\/person\/5fe23251bf1d0abbcdc6f7896579d548\"},\"headline\":\"Store milep\u00e6le fejres hos Freds\u00f8 Vognmandsforretning og Nordvest Sortering\",\"datePublished\":\"2026-04-29T19:55:58+00:00\",\"mainEntityOfPage\":{\"@id\":\"https:\/\/kunmedierne.dk\/mors\/store-milepaele-fejres-hos-fredsoe-vognmandsforretning-og-nordvest-sortering\/\"},\"wordCount\":247,\"publisher\":{\"@id\":\"https:\/\/kunmedierne.dk\/mors\/#organization\"},\"articleSection\":[\"ANNONC\u00d8RBETALT INDHOLD\",\"Lokalt\"],\"inLanguage\":\"da-DK\"},{\"@type\":\"WebPage\",\"@id\":\"https:\/\/kunmedierne.dk\/mors\/store-milepaele-fejres-hos-fredsoe-vognmandsforretning-og-nordvest-sortering\/\",\"url\":\"https:\/\/kunmedierne.dk\/mors\/store-milepaele-fejres-hos-fredsoe-vognmandsforretning-og-nordvest-sortering\/\",\"name\":\"Store milep\u00e6le fejres hos Freds\u00f8 Vognmandsforretning og Nordvest Sortering - Mors\",\"isPartOf\":{\"@id\":\"https:\/\/kunmedierne.dk\/mors\/#website\"},\"datePublished\":\"2026-04-29T19:55:58+00:00\",\"breadcrumb\":{\"@id\":\"https:\/\/kunmedierne.dk\/mors\/store-milepaele-fejres-hos-fredsoe-vognmandsforretning-og-nordvest-sortering\/#breadcrumb\"},\"inLanguage\":\"da-DK\",\"potentialAction\":[{\"@type\":\"ReadAction\",\"target\":[\"https:\/\/kunmedierne.dk\/mors\/store-milepaele-fejres-hos-fredsoe-vognmandsforretning-og-nordvest-sortering\/\"]}]},{\"@type\":\"BreadcrumbList\",\"@id\":\"https:\/\/kunmedierne.dk\/mors\/store-milepaele-fejres-hos-fredsoe-vognmandsforretning-og-nordvest-sortering\/#breadcrumb\",\"itemListElement\":[{\"@type\":\"ListItem\",\"position\":1,\"name\":\"Hjem\",\"item\":\"https:\/\/kunmedierne.dk\/mors\/\"},{\"@type\":\"ListItem\",\"position\":2,\"name\":\"Store milep\u00e6le fejres hos Freds\u00f8 Vognmandsforretning og Nordvest Sortering\"}]},{\"@type\":\"WebSite\",\"@id\":\"https:\/\/kunmedierne.dk\/mors\/#website\",\"url\":\"https:\/\/kunmedierne.dk\/mors\/\",\"name\":\"Mors\",\"description\":\"et netmedie med journalistik om livet p\u00e5 Mors\",\"publisher\":{\"@id\":\"https:\/\/kunmedierne.dk\/mors\/#organization\"},\"potentialAction\":[{\"@type\":\"SearchAction\",\"target\":{\"@type\":\"EntryPoint\",\"urlTemplate\":\"https:\/\/kunmedierne.dk\/mors\/?s={search_term_string}\"},\"query-input\":{\"@type\":\"PropertyValueSpecification\",\"valueRequired\":true,\"valueName\":\"search_term_string\"}}],\"inLanguage\":\"da-DK\"},{\"@type\":\"Organization\",\"@id\":\"https:\/\/kunmedierne.dk\/mors\/#organization\",\"name\":\"Mors\",\"url\":\"https:\/\/kunmedierne.dk\/mors\/\",\"logo\":{\"@type\":\"ImageObject\",\"inLanguage\":\"da-DK\",\"@id\":\"https:\/\/kunmedierne.dk\/mors\/#\/schema\/logo\/image\/\",\"url\":\"https:\/\/kunmedierne.dk\/mors\/wp-content\/uploads\/2024\/08\/kunmors-logo.svg\",\"contentUrl\":\"https:\/\/kunmedierne.dk\/mors\/wp-content\/uploads\/2024\/08\/kunmors-logo.svg\",\"caption\":\"Mors\"},\"image\":{\"@id\":\"https:\/\/kunmedierne.dk\/mors\/#\/schema\/logo\/image\/\"}},{\"@type\":\"Person\",\"@id\":\"https:\/\/kunmedierne.dk\/mors\/#\/schema\/person\/5fe23251bf1d0abbcdc6f7896579d548\",\"name\":\"David H\u00f8jmark\",\"image\":{\"@type\":\"ImageObject\",\"inLanguage\":\"da-DK\",\"@id\":\"https:\/\/kunmedierne.dk\/mors\/#\/schema\/person\/image\/\",\"url\":\"https:\/\/secure.gravatar.com\/avatar\/4315d6fb9ef244d729989f5f90268eb08d5bf8a3d84402f595fa194bb35784fd?s=96&d=mm&r=g\",\"contentUrl\":\"https:\/\/secure.gravatar.com\/avatar\/4315d6fb9ef244d729989f5f90268eb08d5bf8a3d84402f595fa194bb35784fd?s=96&d=mm&r=g\",\"caption\":\"David H\u00f8jmark\"},\"sameAs\":[\"https:\/\/www.kunmedierne.dk\"],\"url\":\"https:\/\/kunmedierne.dk\/mors\/author\/david\/\"}]}<\/script>\n<!-- \/ Yoast SEO plugin. -->","yoast_head_json":{"title":"Store milep\u00e6le fejres hos Freds\u00f8 Vognmandsforretning og Nordvest Sortering - Mors","robots":{"index":"index","follow":"follow","max-snippet":"max-snippet:-1","max-image-preview":"max-image-preview:large","max-video-preview":"max-video-preview:-1"},"canonical":"https:\/\/kunmedierne.dk\/mors\/store-milepaele-fejres-hos-fredsoe-vognmandsforretning-og-nordvest-sortering\/","og_locale":"da_DK","og_type":"article","og_title":"Store milep\u00e6le fejres hos Freds\u00f8 Vognmandsforretning og Nordvest Sortering - Mors","og_description":"Annonc\u00f8rbetalt indhold L\u00f8rdag den 30. maj 2026 er der fest hos Freds\u00f8 &#8211; og flere af dem faktisk. Freds\u00f8 markerer p\u00e5 dagen flere store milep\u00e6le i deres familie- og virksomhedshistorie. Forretningen Freds\u00f8 Vognmandsforretning fejrer hele 90 \u00e5rs jubil\u00e6um, og Nordvest Sortering runder 25 \u00e5r. Ejer- og makkerparret Benny og Ragnhild kan desuden fejre 25 \u00e5r [&hellip;]","og_url":"https:\/\/kunmedierne.dk\/mors\/store-milepaele-fejres-hos-fredsoe-vognmandsforretning-og-nordvest-sortering\/","og_site_name":"Mors","article_published_time":"2026-04-29T19:55:58+00:00","author":"David H\u00f8jmark","twitter_card":"summary_large_image","twitter_misc":{"Skrevet af":"David H\u00f8jmark","Estimeret l\u00e6setid":"2 minutter"},"schema":{"@context":"https:\/\/schema.org","@graph":[{"@type":"Article","@id":"https:\/\/kunmedierne.dk\/mors\/store-milepaele-fejres-hos-fredsoe-vognmandsforretning-og-nordvest-sortering\/#article","isPartOf":{"@id":"https:\/\/kunmedierne.dk\/mors\/store-milepaele-fejres-hos-fredsoe-vognmandsforretning-og-nordvest-sortering\/"},"author":{"name":"David H\u00f8jmark","@id":"https:\/\/kunmedierne.dk\/mors\/#\/schema\/person\/5fe23251bf1d0abbcdc6f7896579d548"},"headline":"Store milep\u00e6le fejres hos Freds\u00f8 Vognmandsforretning og Nordvest Sortering","datePublished":"2026-04-29T19:55:58+00:00","mainEntityOfPage":{"@id":"https:\/\/kunmedierne.dk\/mors\/store-milepaele-fejres-hos-fredsoe-vognmandsforretning-og-nordvest-sortering\/"},"wordCount":247,"publisher":{"@id":"https:\/\/kunmedierne.dk\/mors\/#organization"},"articleSection":["ANNONC\u00d8RBETALT INDHOLD","Lokalt"],"inLanguage":"da-DK"},{"@type":"WebPage","@id":"https:\/\/kunmedierne.dk\/mors\/store-milepaele-fejres-hos-fredsoe-vognmandsforretning-og-nordvest-sortering\/","url":"https:\/\/kunmedierne.dk\/mors\/store-milepaele-fejres-hos-fredsoe-vognmandsforretning-og-nordvest-sortering\/","name":"Store milep\u00e6le fejres hos Freds\u00f8 Vognmandsforretning og Nordvest Sortering - Mors","isPartOf":{"@id":"https:\/\/kunmedierne.dk\/mors\/#website"},"datePublished":"2026-04-29T19:55:58+00:00","breadcrumb":{"@id":"https:\/\/kunmedierne.dk\/mors\/store-milepaele-fejres-hos-fredsoe-vognmandsforretning-og-nordvest-sortering\/#breadcrumb"},"inLanguage":"da-DK","potentialAction":[{"@type":"ReadAction","target":["https:\/\/kunmedierne.dk\/mors\/store-milepaele-fejres-hos-fredsoe-vognmandsforretning-og-nordvest-sortering\/"]}]},{"@type":"BreadcrumbList","@id":"https:\/\/kunmedierne.dk\/mors\/store-milepaele-fejres-hos-fredsoe-vognmandsforretning-og-nordvest-sortering\/#breadcrumb","itemListElement":[{"@type":"ListItem","position":1,"name":"Hjem","item":"https:\/\/kunmedierne.dk\/mors\/"},{"@type":"ListItem","position":2,"name":"Store milep\u00e6le fejres hos Freds\u00f8 Vognmandsforretning og Nordvest Sortering"}]},{"@type":"WebSite","@id":"https:\/\/kunmedierne.dk\/mors\/#website","url":"https:\/\/kunmedierne.dk\/mors\/","name":"Mors","description":"et netmedie med journalistik om livet p\u00e5 Mors","publisher":{"@id":"https:\/\/kunmedierne.dk\/mors\/#organization"},"potentialAction":[{"@type":"SearchAction","target":{"@type":"EntryPoint","urlTemplate":"https:\/\/kunmedierne.dk\/mors\/?s={search_term_string}"},"query-input":{"@type":"PropertyValueSpecification","valueRequired":true,"valueName":"search_term_string"}}],"inLanguage":"da-DK"},{"@type":"Organization","@id":"https:\/\/kunmedierne.dk\/mors\/#organization","name":"Mors","url":"https:\/\/kunmedierne.dk\/mors\/","logo":{"@type":"ImageObject","inLanguage":"da-DK","@id":"https:\/\/kunmedierne.dk\/mors\/#\/schema\/logo\/image\/","url":"https:\/\/kunmedierne.dk\/mors\/wp-content\/uploads\/2024\/08\/kunmors-logo.svg","contentUrl":"https:\/\/kunmedierne.dk\/mors\/wp-content\/uploads\/2024\/08\/kunmors-logo.svg","caption":"Mors"},"image":{"@id":"https:\/\/kunmedierne.dk\/mors\/#\/schema\/logo\/image\/"}},{"@type":"Person","@id":"https:\/\/kunmedierne.dk\/mors\/#\/schema\/person\/5fe23251bf1d0abbcdc6f7896579d548","name":"David H\u00f8jmark","image":{"@type":"ImageObject","inLanguage":"da-DK","@id":"https:\/\/kunmedierne.dk\/mors\/#\/schema\/person\/image\/","url":"https:\/\/secure.gravatar.com\/avatar\/4315d6fb9ef244d729989f5f90268eb08d5bf8a3d84402f595fa194bb35784fd?s=96&d=mm&r=g","contentUrl":"https:\/\/secure.gravatar.com\/avatar\/4315d6fb9ef244d729989f5f90268eb08d5bf8a3d84402f595fa194bb35784fd?s=96&d=mm&r=g","caption":"David H\u00f8jmark"},"sameAs":["https:\/\/www.kunmedierne.dk"],"url":"https:\/\/kunmedierne.dk\/mors\/author\/david\/"}]}},"_links":{"self":[{"href":"https:\/\/kunmedierne.dk\/mors\/wp-json\/wp\/v2\/posts\/172816","targetHints":{"allow":["GET"]}}],"collection":[{"href":"https:\/\/kunmedierne.dk\/mors\/wp-json\/wp\/v2\/posts"}],"about":[{"href":"https:\/\/kunmedierne.dk\/mors\/wp-json\/wp\/v2\/types\/post"}],"author":[{"embeddable":true,"href":"https:\/\/kunmedierne.dk\/mors\/wp-json\/wp\/v2\/users\/8"}],"replies":[{"embeddable":true,"href":"https:\/\/kunmedierne.dk\/mors\/wp-json\/wp\/v2\/comments?post=172816"}],"version-history":[{"count":1,"href":"https:\/\/kunmedierne.dk\/mors\/wp-json\/wp\/v2\/posts\/172816\/revisions"}],"predecessor-version":[{"id":172819,"href":"https:\/\/kunmedierne.dk\/mors\/wp-json\/wp\/v2\/posts\/172816\/revisions\/172819"}],"wp:attachment":[{"href":"https:\/\/kunmedierne.dk\/mors\/wp-json\/wp\/v2\/media?parent=172816"}],"wp:term":[{"taxonomy":"category","embeddable":true,"href":"https:\/\/kunmedierne.dk\/mors\/wp-json\/wp\/v2\/categories?post=172816"},{"taxonomy":"post_tag","embeddable":true,"href":"https:\/\/kunmedierne.dk\/mors\/wp-json\/wp\/v2\/tags?post=172816"}],"curies":[{"name":"wp","href":"https:\/\/api.w.org\/{rel}","templated":true}]}}