{"id":172801,"date":"2026-04-29T16:00:58","date_gmt":"2026-04-29T14:00:58","guid":{"rendered":"https:\/\/kunmedierne.dk\/mors\/?p=172801"},"modified":"2026-04-29T16:02:17","modified_gmt":"2026-04-29T14:02:17","slug":"tidligere-medlem-af-faergebestyrelsen-afviser-version-fra-morsoe-politikere","status":"publish","type":"post","link":"https:\/\/kunmedierne.dk\/mors\/tidligere-medlem-af-faergebestyrelsen-afviser-version-fra-morsoe-politikere\/","title":{"rendered":"Tidligere medlem af f\u00e6rgebestyrelsen afviser version fra Mors\u00f8-politikere"},"content":{"rendered":"<p><strong>POLITIK<\/strong>: Var thyboerne for passive med deres utilfredshed, indtil de besluttede at tr\u00e6de ud af et langvarigt samarbejde?<\/p>\n<p>Det sp\u00f8rgsm\u00e5l er det nemt at f\u00e5 besvaret med et ja, hvis man sp\u00f8rger p\u00e5 Mors, og da kommunalbestyrelsen tirsdag behandlede fremtiden for I\/S Mors-Thy F\u00e6rgefart, l\u00f8d synspunktet <a href=\"https:\/\/kunmedierne.dk\/mors\/feggesundfaergen-far-er-ikke-sur-far-er-skuffet\/\" target=\"_blank\" rel=\"noopener\">fra to politikere<\/a> med erfaring fra den f\u00e6lles f\u00e6rgebestyrelse.<\/p>\n<a class=\"dvrt-link\" onClick=\"cdmtrack_click(104783,jQuery(this));return false\" href=\"https:\/\/konpap.dk\/\"><img decoding=\"async\" style=\"width:100%;\" src=\"https:\/\/kunmedierne.dk\/mors\/wp-content\/uploads\/2023\/10\/Kun-Mors-banner.jpg\"><\/a><script>cdmtrack_view(104783);<\/script>\n<p>&#8211; Jeg synes faktisk, det er usmageligt, at man ikke allerede for flere \u00e5r siden gjorde os opm\u00e6rksomme p\u00e5, at man \u00f8nskede at udtr\u00e6de. S\u00e5 kunne vi begynde og forberede os p\u00e5 det, sagde Poul Kristensen (S) og fik opbakning fra Meiner N\u00f8rgaard (DD):<\/p>\n<p>&#8211; Vi pr\u00f8vede faktisk i sidste periode at f\u00e5 et punkt p\u00e5 dagsordenen om, at vi skulle have budgettet tilpasset den virkelige verden frem for at man ved \u00e5rets udgang skal frems\u00e6tte ekstra regninger til de to kommuner. Nul og niks, det ville de ikke. For det s\u00e5 ikke godt ud p\u00e5 papiret med s\u00e5 stort et bel\u00f8b, s\u00e5 de ville hellere have en ekstraregning, sagde han.<\/p>\n<p>&nbsp;<\/p>\n<p><strong>Har efterlyst retvisende budgetter<\/strong><\/p>\n<p>Det kan Kristian Tilsted (V) ikke genkende. Det nu tidligere medlem af Thisted Kommunalbestyrelse var i 12 \u00e5r en del af f\u00e6rgebestyrelsen, og han mener selv at have skubbet p\u00e5 for mere pr\u00e6cise budgetter for Feggesundf\u00e6rgen.<\/p>\n<p>&#8211; I de sidste to-tre \u00e5r har jeg nok p\u00e5 samtlige m\u00f8der sagt, at vi ikke kan blive ved med at leve med, at vi ikke har retvisende budgetter, siger han.<\/p>\n<a class=\"dvrt-link\" onClick=\"cdmtrack_click(114591,jQuery(this));return false\" href=\"https:\/\/www.facebook.com\/kopogkandemors\"><img decoding=\"async\" style=\"width:100%;\" src=\"https:\/\/kunmedierne.dk\/mors\/wp-content\/uploads\/2024\/03\/kop-og-kande-ja-tak-tilbud.jpg\"><\/a><script>cdmtrack_view(114591);<\/script>\n<p>&#8211; Jeg har ogs\u00e5 gentagne gange sagt, at vi er n\u00f8dt til at lave tiltag, der g\u00f8r, at vi holder omkostningerne nede, s\u00e5 vi ikke kommer i situationer med de her efterregninger. For der er ikke en vilje i Thisted Kommune til at blive ved med at betale. Det har jeg sagt adskillige gange p\u00e5 bestyrelsesm\u00f8derne.<\/p>\n<p>P\u00e5 samme m\u00e5de afviser han, at thyboerne i f\u00e6rgebestyrelsen har sagt nej til retvisende budgetter, fordi s\u00e5 store tal ikke ville se godt ud p\u00e5 papir. Tv\u00e6rtimod har de selv efterspurgt dem, mener han.<\/p>\n<p>&#8211; Vi har ogs\u00e5 sagt, at uanset hvad ser det ikke godt ud, at vi har tal, hvor vi gentagne \u00e5r ikke holder budgetterne, siger Kristian Tilsted.<\/p>\n<p>&nbsp;<\/p>\n<p><strong>Foreslog 80-20 eller 90-10<\/strong><\/p>\n<p>Ved kommunalvalget i november opn\u00e5ede han ikke genvalg til kommunalbestyrelsen, men bakker op om det nye byr\u00e5ds beslutning om at tr\u00e6de ud af aftalen med Mors\u00f8 Kommune. If\u00f8lge Kristian Tilsted argumenterede han selv, allerede da N\u00e6ssundf\u00e6rgen blev indstillet som kommunal f\u00e6rge, at f\u00e5 aftalen taget op til genforhandling for at f\u00e5 en ny procentfordeling af udgifterne end de nuv\u00e6rende 64 procent til Mors\u00f8 og 36 til Thisted.<\/p>\n<a class=\"dvrt-link\" onClick=\"cdmtrack_click(114591,jQuery(this));return false\" href=\"https:\/\/www.facebook.com\/kopogkandemors\"><img decoding=\"async\" style=\"width:100%;\" src=\"https:\/\/kunmedierne.dk\/mors\/wp-content\/uploads\/2024\/03\/kop-og-kande-ja-tak-tilbud.jpg\"><\/a><script>cdmtrack_view(114591);<\/script>\n<p>&#8211; Det var der ikke villighed til fra Mors\u00f8s side. De sidder med formandskabet, og det vil sige, at de har den endelige beslutning, s\u00e5 den faldt, siger han.<\/p>\n<p>&#8211; Mit forslag var, at den skulle hedde 80-20 eller m\u00e5ske 90-10, men det kom aldrig videre. Og s\u00e5 er den eneste mulighed det, kommunalbestyrelsen i Thisted har gjort: At opsige aftalen og genforhandle. Og det er s\u00e5 det, der er sket nu, siger Kristian Tilsted.<\/p>\n<blockquote>\n<h4>L\u00c6S OGS\u00c5:<\/h4>\n<h5><a href=\"https:\/\/kunmedierne.dk\/mors\/politiske-skud-imod-thy-da-mors-blev-alene-om-feggesundfaergen\/\">Politiske skud imod Thy, da Mors blev alene om Feggesundf\u00e6rgen<\/a><\/h5>\n<h5><a href=\"https:\/\/kunmedierne.dk\/mors\/feggesundfaergen-far-er-ikke-sur-far-er-skuffet\/\">Feggesundf\u00e6rgen: &#8220;Far er ikke sur, far er skuffet!&#8221;<\/a><\/h5>\n<\/blockquote>\n<p>&nbsp;<\/p>\n","protected":false},"excerpt":{"rendered":"<p>POLITIK: Var thyboerne for passive med deres utilfredshed, indtil de besluttede at tr\u00e6de ud af et langvarigt samarbejde? Det sp\u00f8rgsm\u00e5l er det nemt at f\u00e5 besvaret med et ja, hvis man sp\u00f8rger p\u00e5 Mors, og da kommunalbestyrelsen tirsdag behandlede fremtiden for I\/S Mors-Thy F\u00e6rgefart, l\u00f8d synspunktet fra to politikere med erfaring fra den f\u00e6lles f\u00e6rgebestyrelse. [&hellip;]<\/p>\n","protected":false},"author":8,"featured_media":0,"comment_status":"closed","ping_status":"closed","sticky":false,"template":"","format":"standard","meta":{"_acf_changed":false,"footnotes":""},"categories":[51],"tags":[167],"class_list":["post-172801","post","type-post","status-publish","format-standard","hentry","category-lokalt","tag-politik"],"acf":[],"yoast_head":"<!-- This site is optimized with the Yoast SEO plugin v26.8 - https:\/\/yoast.com\/product\/yoast-seo-wordpress\/ -->\n<title>Tidligere medlem af f\u00e6rgebestyrelsen afviser version fra Mors\u00f8-politikere - Mors<\/title>\n<meta name=\"robots\" content=\"index, follow, max-snippet:-1, max-image-preview:large, max-video-preview:-1\" \/>\n<link rel=\"canonical\" href=\"https:\/\/kunmedierne.dk\/mors\/tidligere-medlem-af-faergebestyrelsen-afviser-version-fra-morsoe-politikere\/\" \/>\n<meta property=\"og:locale\" content=\"da_DK\" \/>\n<meta property=\"og:type\" content=\"article\" \/>\n<meta property=\"og:title\" content=\"Tidligere medlem af f\u00e6rgebestyrelsen afviser version fra Mors\u00f8-politikere - Mors\" \/>\n<meta property=\"og:description\" content=\"POLITIK: Var thyboerne for passive med deres utilfredshed, indtil de besluttede at tr\u00e6de ud af et langvarigt samarbejde? Det sp\u00f8rgsm\u00e5l er det nemt at f\u00e5 besvaret med et ja, hvis man sp\u00f8rger p\u00e5 Mors, og da kommunalbestyrelsen tirsdag behandlede fremtiden for I\/S Mors-Thy F\u00e6rgefart, l\u00f8d synspunktet fra to politikere med erfaring fra den f\u00e6lles f\u00e6rgebestyrelse. [&hellip;]\" \/>\n<meta property=\"og:url\" content=\"https:\/\/kunmedierne.dk\/mors\/tidligere-medlem-af-faergebestyrelsen-afviser-version-fra-morsoe-politikere\/\" \/>\n<meta property=\"og:site_name\" content=\"Mors\" \/>\n<meta property=\"article:published_time\" content=\"2026-04-29T14:00:58+00:00\" \/>\n<meta property=\"article:modified_time\" content=\"2026-04-29T14:02:17+00:00\" \/>\n<meta name=\"author\" content=\"David H\u00f8jmark\" \/>\n<meta name=\"twitter:card\" content=\"summary_large_image\" \/>\n<meta name=\"twitter:label1\" content=\"Skrevet af\" \/>\n\t<meta name=\"twitter:data1\" content=\"David H\u00f8jmark\" \/>\n\t<meta name=\"twitter:label2\" content=\"Estimeret l\u00e6setid\" \/>\n\t<meta name=\"twitter:data2\" content=\"3 minutter\" \/>\n<script type=\"application\/ld+json\" class=\"yoast-schema-graph\">{\"@context\":\"https:\/\/schema.org\",\"@graph\":[{\"@type\":\"Article\",\"@id\":\"https:\/\/kunmedierne.dk\/mors\/tidligere-medlem-af-faergebestyrelsen-afviser-version-fra-morsoe-politikere\/#article\",\"isPartOf\":{\"@id\":\"https:\/\/kunmedierne.dk\/mors\/tidligere-medlem-af-faergebestyrelsen-afviser-version-fra-morsoe-politikere\/\"},\"author\":{\"name\":\"David H\u00f8jmark\",\"@id\":\"https:\/\/kunmedierne.dk\/mors\/#\/schema\/person\/5fe23251bf1d0abbcdc6f7896579d548\"},\"headline\":\"Tidligere medlem af f\u00e6rgebestyrelsen afviser version fra Mors\u00f8-politikere\",\"datePublished\":\"2026-04-29T14:00:58+00:00\",\"dateModified\":\"2026-04-29T14:02:17+00:00\",\"mainEntityOfPage\":{\"@id\":\"https:\/\/kunmedierne.dk\/mors\/tidligere-medlem-af-faergebestyrelsen-afviser-version-fra-morsoe-politikere\/\"},\"wordCount\":574,\"publisher\":{\"@id\":\"https:\/\/kunmedierne.dk\/mors\/#organization\"},\"keywords\":[\"Politik\"],\"articleSection\":[\"Lokalt\"],\"inLanguage\":\"da-DK\"},{\"@type\":\"WebPage\",\"@id\":\"https:\/\/kunmedierne.dk\/mors\/tidligere-medlem-af-faergebestyrelsen-afviser-version-fra-morsoe-politikere\/\",\"url\":\"https:\/\/kunmedierne.dk\/mors\/tidligere-medlem-af-faergebestyrelsen-afviser-version-fra-morsoe-politikere\/\",\"name\":\"Tidligere medlem af f\u00e6rgebestyrelsen afviser version fra Mors\u00f8-politikere - Mors\",\"isPartOf\":{\"@id\":\"https:\/\/kunmedierne.dk\/mors\/#website\"},\"datePublished\":\"2026-04-29T14:00:58+00:00\",\"dateModified\":\"2026-04-29T14:02:17+00:00\",\"breadcrumb\":{\"@id\":\"https:\/\/kunmedierne.dk\/mors\/tidligere-medlem-af-faergebestyrelsen-afviser-version-fra-morsoe-politikere\/#breadcrumb\"},\"inLanguage\":\"da-DK\",\"potentialAction\":[{\"@type\":\"ReadAction\",\"target\":[\"https:\/\/kunmedierne.dk\/mors\/tidligere-medlem-af-faergebestyrelsen-afviser-version-fra-morsoe-politikere\/\"]}]},{\"@type\":\"BreadcrumbList\",\"@id\":\"https:\/\/kunmedierne.dk\/mors\/tidligere-medlem-af-faergebestyrelsen-afviser-version-fra-morsoe-politikere\/#breadcrumb\",\"itemListElement\":[{\"@type\":\"ListItem\",\"position\":1,\"name\":\"Hjem\",\"item\":\"https:\/\/kunmedierne.dk\/mors\/\"},{\"@type\":\"ListItem\",\"position\":2,\"name\":\"Tidligere medlem af f\u00e6rgebestyrelsen afviser version fra Mors\u00f8-politikere\"}]},{\"@type\":\"WebSite\",\"@id\":\"https:\/\/kunmedierne.dk\/mors\/#website\",\"url\":\"https:\/\/kunmedierne.dk\/mors\/\",\"name\":\"Mors\",\"description\":\"et netmedie med journalistik om livet p\u00e5 Mors\",\"publisher\":{\"@id\":\"https:\/\/kunmedierne.dk\/mors\/#organization\"},\"potentialAction\":[{\"@type\":\"SearchAction\",\"target\":{\"@type\":\"EntryPoint\",\"urlTemplate\":\"https:\/\/kunmedierne.dk\/mors\/?s={search_term_string}\"},\"query-input\":{\"@type\":\"PropertyValueSpecification\",\"valueRequired\":true,\"valueName\":\"search_term_string\"}}],\"inLanguage\":\"da-DK\"},{\"@type\":\"Organization\",\"@id\":\"https:\/\/kunmedierne.dk\/mors\/#organization\",\"name\":\"Mors\",\"url\":\"https:\/\/kunmedierne.dk\/mors\/\",\"logo\":{\"@type\":\"ImageObject\",\"inLanguage\":\"da-DK\",\"@id\":\"https:\/\/kunmedierne.dk\/mors\/#\/schema\/logo\/image\/\",\"url\":\"https:\/\/kunmedierne.dk\/mors\/wp-content\/uploads\/2024\/08\/kunmors-logo.svg\",\"contentUrl\":\"https:\/\/kunmedierne.dk\/mors\/wp-content\/uploads\/2024\/08\/kunmors-logo.svg\",\"caption\":\"Mors\"},\"image\":{\"@id\":\"https:\/\/kunmedierne.dk\/mors\/#\/schema\/logo\/image\/\"}},{\"@type\":\"Person\",\"@id\":\"https:\/\/kunmedierne.dk\/mors\/#\/schema\/person\/5fe23251bf1d0abbcdc6f7896579d548\",\"name\":\"David H\u00f8jmark\",\"image\":{\"@type\":\"ImageObject\",\"inLanguage\":\"da-DK\",\"@id\":\"https:\/\/kunmedierne.dk\/mors\/#\/schema\/person\/image\/\",\"url\":\"https:\/\/secure.gravatar.com\/avatar\/4315d6fb9ef244d729989f5f90268eb08d5bf8a3d84402f595fa194bb35784fd?s=96&d=mm&r=g\",\"contentUrl\":\"https:\/\/secure.gravatar.com\/avatar\/4315d6fb9ef244d729989f5f90268eb08d5bf8a3d84402f595fa194bb35784fd?s=96&d=mm&r=g\",\"caption\":\"David H\u00f8jmark\"},\"sameAs\":[\"https:\/\/www.kunmedierne.dk\"],\"url\":\"https:\/\/kunmedierne.dk\/mors\/author\/david\/\"}]}<\/script>\n<!-- \/ Yoast SEO plugin. -->","yoast_head_json":{"title":"Tidligere medlem af f\u00e6rgebestyrelsen afviser version fra Mors\u00f8-politikere - Mors","robots":{"index":"index","follow":"follow","max-snippet":"max-snippet:-1","max-image-preview":"max-image-preview:large","max-video-preview":"max-video-preview:-1"},"canonical":"https:\/\/kunmedierne.dk\/mors\/tidligere-medlem-af-faergebestyrelsen-afviser-version-fra-morsoe-politikere\/","og_locale":"da_DK","og_type":"article","og_title":"Tidligere medlem af f\u00e6rgebestyrelsen afviser version fra Mors\u00f8-politikere - Mors","og_description":"POLITIK: Var thyboerne for passive med deres utilfredshed, indtil de besluttede at tr\u00e6de ud af et langvarigt samarbejde? Det sp\u00f8rgsm\u00e5l er det nemt at f\u00e5 besvaret med et ja, hvis man sp\u00f8rger p\u00e5 Mors, og da kommunalbestyrelsen tirsdag behandlede fremtiden for I\/S Mors-Thy F\u00e6rgefart, l\u00f8d synspunktet fra to politikere med erfaring fra den f\u00e6lles f\u00e6rgebestyrelse. [&hellip;]","og_url":"https:\/\/kunmedierne.dk\/mors\/tidligere-medlem-af-faergebestyrelsen-afviser-version-fra-morsoe-politikere\/","og_site_name":"Mors","article_published_time":"2026-04-29T14:00:58+00:00","article_modified_time":"2026-04-29T14:02:17+00:00","author":"David H\u00f8jmark","twitter_card":"summary_large_image","twitter_misc":{"Skrevet af":"David H\u00f8jmark","Estimeret l\u00e6setid":"3 minutter"},"schema":{"@context":"https:\/\/schema.org","@graph":[{"@type":"Article","@id":"https:\/\/kunmedierne.dk\/mors\/tidligere-medlem-af-faergebestyrelsen-afviser-version-fra-morsoe-politikere\/#article","isPartOf":{"@id":"https:\/\/kunmedierne.dk\/mors\/tidligere-medlem-af-faergebestyrelsen-afviser-version-fra-morsoe-politikere\/"},"author":{"name":"David H\u00f8jmark","@id":"https:\/\/kunmedierne.dk\/mors\/#\/schema\/person\/5fe23251bf1d0abbcdc6f7896579d548"},"headline":"Tidligere medlem af f\u00e6rgebestyrelsen afviser version fra Mors\u00f8-politikere","datePublished":"2026-04-29T14:00:58+00:00","dateModified":"2026-04-29T14:02:17+00:00","mainEntityOfPage":{"@id":"https:\/\/kunmedierne.dk\/mors\/tidligere-medlem-af-faergebestyrelsen-afviser-version-fra-morsoe-politikere\/"},"wordCount":574,"publisher":{"@id":"https:\/\/kunmedierne.dk\/mors\/#organization"},"keywords":["Politik"],"articleSection":["Lokalt"],"inLanguage":"da-DK"},{"@type":"WebPage","@id":"https:\/\/kunmedierne.dk\/mors\/tidligere-medlem-af-faergebestyrelsen-afviser-version-fra-morsoe-politikere\/","url":"https:\/\/kunmedierne.dk\/mors\/tidligere-medlem-af-faergebestyrelsen-afviser-version-fra-morsoe-politikere\/","name":"Tidligere medlem af f\u00e6rgebestyrelsen afviser version fra Mors\u00f8-politikere - Mors","isPartOf":{"@id":"https:\/\/kunmedierne.dk\/mors\/#website"},"datePublished":"2026-04-29T14:00:58+00:00","dateModified":"2026-04-29T14:02:17+00:00","breadcrumb":{"@id":"https:\/\/kunmedierne.dk\/mors\/tidligere-medlem-af-faergebestyrelsen-afviser-version-fra-morsoe-politikere\/#breadcrumb"},"inLanguage":"da-DK","potentialAction":[{"@type":"ReadAction","target":["https:\/\/kunmedierne.dk\/mors\/tidligere-medlem-af-faergebestyrelsen-afviser-version-fra-morsoe-politikere\/"]}]},{"@type":"BreadcrumbList","@id":"https:\/\/kunmedierne.dk\/mors\/tidligere-medlem-af-faergebestyrelsen-afviser-version-fra-morsoe-politikere\/#breadcrumb","itemListElement":[{"@type":"ListItem","position":1,"name":"Hjem","item":"https:\/\/kunmedierne.dk\/mors\/"},{"@type":"ListItem","position":2,"name":"Tidligere medlem af f\u00e6rgebestyrelsen afviser version fra Mors\u00f8-politikere"}]},{"@type":"WebSite","@id":"https:\/\/kunmedierne.dk\/mors\/#website","url":"https:\/\/kunmedierne.dk\/mors\/","name":"Mors","description":"et netmedie med journalistik om livet p\u00e5 Mors","publisher":{"@id":"https:\/\/kunmedierne.dk\/mors\/#organization"},"potentialAction":[{"@type":"SearchAction","target":{"@type":"EntryPoint","urlTemplate":"https:\/\/kunmedierne.dk\/mors\/?s={search_term_string}"},"query-input":{"@type":"PropertyValueSpecification","valueRequired":true,"valueName":"search_term_string"}}],"inLanguage":"da-DK"},{"@type":"Organization","@id":"https:\/\/kunmedierne.dk\/mors\/#organization","name":"Mors","url":"https:\/\/kunmedierne.dk\/mors\/","logo":{"@type":"ImageObject","inLanguage":"da-DK","@id":"https:\/\/kunmedierne.dk\/mors\/#\/schema\/logo\/image\/","url":"https:\/\/kunmedierne.dk\/mors\/wp-content\/uploads\/2024\/08\/kunmors-logo.svg","contentUrl":"https:\/\/kunmedierne.dk\/mors\/wp-content\/uploads\/2024\/08\/kunmors-logo.svg","caption":"Mors"},"image":{"@id":"https:\/\/kunmedierne.dk\/mors\/#\/schema\/logo\/image\/"}},{"@type":"Person","@id":"https:\/\/kunmedierne.dk\/mors\/#\/schema\/person\/5fe23251bf1d0abbcdc6f7896579d548","name":"David H\u00f8jmark","image":{"@type":"ImageObject","inLanguage":"da-DK","@id":"https:\/\/kunmedierne.dk\/mors\/#\/schema\/person\/image\/","url":"https:\/\/secure.gravatar.com\/avatar\/4315d6fb9ef244d729989f5f90268eb08d5bf8a3d84402f595fa194bb35784fd?s=96&d=mm&r=g","contentUrl":"https:\/\/secure.gravatar.com\/avatar\/4315d6fb9ef244d729989f5f90268eb08d5bf8a3d84402f595fa194bb35784fd?s=96&d=mm&r=g","caption":"David H\u00f8jmark"},"sameAs":["https:\/\/www.kunmedierne.dk"],"url":"https:\/\/kunmedierne.dk\/mors\/author\/david\/"}]}},"_links":{"self":[{"href":"https:\/\/kunmedierne.dk\/mors\/wp-json\/wp\/v2\/posts\/172801","targetHints":{"allow":["GET"]}}],"collection":[{"href":"https:\/\/kunmedierne.dk\/mors\/wp-json\/wp\/v2\/posts"}],"about":[{"href":"https:\/\/kunmedierne.dk\/mors\/wp-json\/wp\/v2\/types\/post"}],"author":[{"embeddable":true,"href":"https:\/\/kunmedierne.dk\/mors\/wp-json\/wp\/v2\/users\/8"}],"replies":[{"embeddable":true,"href":"https:\/\/kunmedierne.dk\/mors\/wp-json\/wp\/v2\/comments?post=172801"}],"version-history":[{"count":4,"href":"https:\/\/kunmedierne.dk\/mors\/wp-json\/wp\/v2\/posts\/172801\/revisions"}],"predecessor-version":[{"id":172814,"href":"https:\/\/kunmedierne.dk\/mors\/wp-json\/wp\/v2\/posts\/172801\/revisions\/172814"}],"wp:attachment":[{"href":"https:\/\/kunmedierne.dk\/mors\/wp-json\/wp\/v2\/media?parent=172801"}],"wp:term":[{"taxonomy":"category","embeddable":true,"href":"https:\/\/kunmedierne.dk\/mors\/wp-json\/wp\/v2\/categories?post=172801"},{"taxonomy":"post_tag","embeddable":true,"href":"https:\/\/kunmedierne.dk\/mors\/wp-json\/wp\/v2\/tags?post=172801"}],"curies":[{"name":"wp","href":"https:\/\/api.w.org\/{rel}","templated":true}]}}