{"id":172791,"date":"2026-04-30T08:16:39","date_gmt":"2026-04-30T06:16:39","guid":{"rendered":"https:\/\/kunmedierne.dk\/mors\/?p=172791"},"modified":"2026-04-29T14:21:55","modified_gmt":"2026-04-29T12:21:55","slug":"vi-maa-ikke-tabe-dem-der-ikke-vinder-tage-pedersen-kalder-paa-et-opgoer-i-foreningslivet","status":"publish","type":"post","link":"https:\/\/kunmedierne.dk\/mors\/vi-maa-ikke-tabe-dem-der-ikke-vinder-tage-pedersen-kalder-paa-et-opgoer-i-foreningslivet\/","title":{"rendered":"\u201cVi m\u00e5 ikke tabe dem, der ikke vinder\u201d \u2013 Tage Pedersen kalder p\u00e5 et opg\u00f8r i foreningslivet"},"content":{"rendered":"<p><strong>T\u00c6BRING:<\/strong> I drivhuset bag huset p\u00e5 R\u00e5gh\u00f8j viser Tage Pedersen en vinranke frem.<\/p>\n<p>Der er ingen druer endnu. Bare gr\u00f8nne blade og en historie, der r\u00e6kker tilbage til 1990\u2019erne, hvor han tog en stikling med hjem fra Spanien og fik den til at gro p\u00e5 Mors.<\/p>\n<p>&#8211; Den har klaret sig fint her, siger han.<\/p>\n<a class=\"dvrt-link\" onClick=\"cdmtrack_click(116504,jQuery(this));return false\" href=\"https:\/\/www.nybolig.dk\/ejendomsmaeglere\/nordvestjylland\/nybolig-morsoe-nykoebing-mors\"><img decoding=\"async\" style=\"width:100%;\" src=\"https:\/\/kunmedierne.dk\/mors\/wp-content\/uploads\/2024\/04\/250825Nybolig.jpg\"><\/a><script>cdmtrack_view(116504);<\/script>\n<p>Lidt senere sidder vi ved det runde bord i hans v\u00e6rksted. P\u00e5 bordet ligger bordplanen til det guldbryllup, han snart skal holde med sin kone, Else Marie, p\u00e5 Galtrup Efterskole. Over 100 mennesker kommer.<\/p>\n<p>Det er egentlig ogs\u00e5 det, Tage Pedersen vil tale om.<\/p>\n<p>Ikke vinplanter. Ikke guldbryllup.<\/p>\n<p>Men alt det, der kan gro mellem mennesker, n\u00e5r nogen passer ordentligt p\u00e5 f\u00e6llesskabet.<\/p>\n<p>&nbsp;<\/p>\n<p><strong>En gammel bekymring, der kun er blevet st\u00f8rre<\/strong><\/p>\n<p>Det er ikke f\u00f8rste gang, Tage Pedersen r\u00e5ber op.<\/p>\n<p>Allerede i 1986 skrev han en artikel om udviklingen i foreningslivet. Dengang handlede det om det samme, som han taler om i dag: At idr\u00e6tten ikke m\u00e5 blive et sted, hvor kun de bedste f\u00e5r plads.<\/p>\n<p>&#8211; Jeg kan jo bare se, at det stadig er aktuelt, siger han.<\/p>\n<div id=\"attachment_172795\" style=\"width: 5194px\" class=\"wp-caption alignnone\"><img loading=\"lazy\" decoding=\"async\" aria-describedby=\"caption-attachment-172795\" class=\"wp-image-172795 size-full\" src=\"https:\/\/kunmedierne.dk\/mors\/wp-content\/uploads\/2026\/04\/design-uden-navn263.jpg\" alt=\"\" width=\"5184\" height=\"3456\" srcset=\"https:\/\/kunmedierne.dk\/mors\/wp-content\/uploads\/2026\/04\/design-uden-navn263.jpg 5184w, https:\/\/kunmedierne.dk\/mors\/wp-content\/uploads\/2026\/04\/design-uden-navn263-300x200.jpg 300w, https:\/\/kunmedierne.dk\/mors\/wp-content\/uploads\/2026\/04\/design-uden-navn263-1024x683.jpg 1024w, https:\/\/kunmedierne.dk\/mors\/wp-content\/uploads\/2026\/04\/design-uden-navn263-510x340.jpg 510w\" sizes=\"auto, (max-width: 5184px) 100vw, 5184px\" \/><p id=\"caption-attachment-172795\" class=\"wp-caption-text\">Foran Tage ligger den gamle, aktuelle artikel fra 1986<\/p><\/div>\n<p>Han holder en kort pause.<\/p>\n<p>&#8211; M\u00e5ske endnu mere aktuelt i dag.<\/p>\n<p>For \u00e9n ting har \u00e6ndret sig siden 80\u2019erne: B\u00f8rns hverdag.<\/p>\n<p>&#8211; Dengang var vi jo sammen p\u00e5 en anden m\u00e5de. I dag sidder mange med telefoner og iPads. De tror, de har venner, fordi de skriver sammen.<\/p>\n<p>Han ryster p\u00e5 hovedet.<\/p>\n<p>&#8211; Men det er ikke det samme. De skal m\u00f8des. Se hinanden i \u00f8jnene. Det er d\u00e9r, foreningerne er s\u00e5 vigtige.<\/p>\n<p>&nbsp;<\/p>\n<p><strong>Et liv i idr\u00e6t \u2013 og i mennesker<\/strong><\/p>\n<p>Tage Pedersen er 74 \u00e5r og har brugt det meste af sit liv i idr\u00e6tten. Som ung spillede han b\u00e5de fodbold, h\u00e5ndbold og dyrkede atletik, og senere blev han efterskolel\u00e6rer p\u00e5 Galtrup i 20 \u00e5r.<\/p>\n<p>&#8211; Jeg har altid g\u00e5et op i idr\u00e6t. Ikke bare det at vinde, men det, der sker mellem mennesker, siger han.<\/p>\n<a class=\"dvrt-link\" onClick=\"cdmtrack_click(104780,jQuery(this));return false\" href=\"https:\/\/www.spard.dk\/\"><img decoding=\"async\" style=\"width:100%;\" src=\"https:\/\/kunmedierne.dk\/mors\/wp-content\/uploads\/2023\/12\/sparekassen-dk-maj25.gif\"><\/a><script>cdmtrack_view(104780);<\/script>\n<p>Erfaringerne fra efterskolen fylder stadig.<\/p>\n<p>&#8211; De kom jo for at spille h\u00e5ndbold eller fodbold. Men de skulle ogs\u00e5 v\u00e6re en del af et f\u00e6llesskab. Alle skulle med \u2013 ogs\u00e5 dem, der ikke var de bedste.<\/p>\n<p>Han smiler.<\/p>\n<p>&#8211; Det var ikke altid popul\u00e6rt. Men det var vigtigt.<\/p>\n<p>&nbsp;<\/p>\n<p><strong>Et wake-up call<\/strong><\/p>\n<p>Det er derfor, han har inviteret p\u00e5 kaffe.<\/p>\n<p>&#8211; Jeg vil gerne give et wake-up call til foreningerne, siger han. \u2013 For vi er ved at miste nogen.<\/p>\n<p>Han understreger, at han ikke er imod elite.<\/p>\n<p>&#8211; Se bare Mors-Thy H\u00e5ndbold. De har gjort det fantastisk. De har bygget noget op over mange \u00e5r og f\u00e5r nu deres egne spillere op.<\/p>\n<p>Han nikker.<\/p>\n<p>&#8211; Det er flot. Det skal vi v\u00e6re stolte af.<\/p>\n<p>Men:<\/p>\n<p>&#8211; Det er kun en promille, der n\u00e5r derop. Resten er bredden. Og det er den, vi skal passe p\u00e5.<\/p>\n<p>&nbsp;<\/p>\n<p><strong>N\u00e5r konkurrencen tager over<\/strong><\/p>\n<p>If\u00f8lge Tage er der sket en forskydning.<\/p>\n<p>&#8211; Jeg kan se det i b\u00e5de h\u00e5ndbold og fodbold. Det kommer til at handle for meget om at vinde.<\/p>\n<p>Han n\u00e6vner p\u00e5skest\u00e6vnet som eksempel.<\/p>\n<p>&#8211; Det er et fantastisk st\u00e6vne med masser af ildsj\u00e6le. Men jeg kan ogs\u00e5 se, at nogle presser det for at vinde. Og s\u00e5 mister vi noget p\u00e5 vejen.<\/p>\n<p>For ham er problemet ikke, at nogen gerne vil vinde. Det m\u00e5 man gerne.<\/p>\n<p>Problemet opst\u00e5r, n\u00e5r sejren bliver vigtigere end b\u00f8rnene.<\/p>\n<p>&nbsp;<\/p>\n<p><strong>B\u00f8rnene p\u00e5 b\u00e6nken<\/strong><\/p>\n<p>Konsekvensen er tydelig for ham.<\/p>\n<p>&#8211; Der sidder b\u00f8rn p\u00e5 b\u00e6nken, som ikke f\u00e5r chancen.<\/p>\n<p>Han l\u00e6ner sig frem.<\/p>\n<p>&#8211; De bliver jo aldrig bedre, hvis de ikke f\u00e5r lov. Og s\u00e5 mister de lysten.<\/p>\n<p>Han ser alvorlig ud.<\/p>\n<p>&#8211; Og s\u00e5 kommer de ikke igen.<\/p>\n<a class=\"dvrt-link\" onClick=\"cdmtrack_click(104783,jQuery(this));return false\" href=\"https:\/\/konpap.dk\/\"><img decoding=\"async\" style=\"width:100%;\" src=\"https:\/\/kunmedierne.dk\/mors\/wp-content\/uploads\/2023\/10\/Kun-Mors-banner.jpg\"><\/a><script>cdmtrack_view(104783);<\/script>\n<p>Tage Pedersen mener, at det netop er i den brede idr\u00e6t, foreningerne skal v\u00e6re s\u00e6rligt opm\u00e6rksomme.<\/p>\n<p>&#8211; Man kan godt tabe en god kamp. S\u00e5 kan tr\u00e6neren sige: I gjorde alt, hvad I kunne, men der var nogen, der var bedre. S\u00e5dan er det jo ogs\u00e5 i livet. Man m\u00f8der altid nogen, der er bedre.<\/p>\n<p>&nbsp;<\/p>\n<p><strong>Ogs\u00e5 for\u00e6ldrene spiller med<\/strong><\/p>\n<p>Ansvaret ligger ogs\u00e5 uden for banen &#8211; ude p\u00e5 tilskuerr\u00e6kkerne.<\/p>\n<p>&#8211; For\u00e6ldre vil det bedste for deres b\u00f8rn. Det forst\u00e5r jeg godt.<\/p>\n<p>Han smiler sk\u00e6vt.<\/p>\n<p>&#8211; Men det kan kamme over. Der bliver r\u00e5bt og presset, n\u00e5r de sidder og ser deres unger spille. For\u00e6ldrene r\u00e5ber ogs\u00e5 af dommerne. Jamen det hj\u00e6lper jo ikke, siger Tage og forts\u00e6tter:<\/p>\n<p>&#8211; Vi skal v\u00e6re glade for, at nogen gider d\u00f8mme kampene. Og vi skal v\u00e6re glade for de tr\u00e6nere, der bruger aftener og weekender p\u00e5 det her. Der er jo ingen penge i det. Det er ildsj\u00e6le.<\/p>\n<p>Derfor mener han ogs\u00e5, at kulturen omkring kampene betyder noget.<\/p>\n<p>&#8211; Hvis vi presser for meget, mister vi b\u00e5de b\u00f8rn og voksne. Og s\u00e5 st\u00e5r vi fattigere tilbage.<\/p>\n<p>&nbsp;<\/p>\n<p><strong>Mere end sport<\/strong><\/p>\n<p>For Tage er foreningslivet noget langt st\u00f8rre.<\/p>\n<p>&#8211; Det handler om relationer. Om at l\u00e6re at v\u00e6re sammen.<\/p>\n<p>Han vender tilbage til det, der bekymrer ham mest.<\/p>\n<p><img loading=\"lazy\" decoding=\"async\" class=\"alignnone wp-image-172796 size-full\" src=\"https:\/\/kunmedierne.dk\/mors\/wp-content\/uploads\/2026\/04\/design-uden-navn264.jpg\" alt=\"\" width=\"5184\" height=\"3456\" srcset=\"https:\/\/kunmedierne.dk\/mors\/wp-content\/uploads\/2026\/04\/design-uden-navn264.jpg 5184w, https:\/\/kunmedierne.dk\/mors\/wp-content\/uploads\/2026\/04\/design-uden-navn264-300x200.jpg 300w, https:\/\/kunmedierne.dk\/mors\/wp-content\/uploads\/2026\/04\/design-uden-navn264-1024x683.jpg 1024w, https:\/\/kunmedierne.dk\/mors\/wp-content\/uploads\/2026\/04\/design-uden-navn264-510x340.jpg 510w\" sizes=\"auto, (max-width: 5184px) 100vw, 5184px\" \/><\/p>\n<p>&#8211; Sk\u00e6rmene fylder for meget. Det g\u00f8r de. Og derfor bliver foreningerne endnu vigtigere.<\/p>\n<p>Han mener, at b\u00f8rn og unge har brug for steder, hvor de m\u00f8der andre ansigt til ansigt. Hvor de skal forpligte sig. Hvor de ikke bare kan trykke \u201cdeltager\u201d p\u00e5 en sk\u00e6rm og blive v\u00e6k alligevel.<\/p>\n<p>&#8211; De skal have venner p\u00e5 en helt anden m\u00e5de, siger han.<\/p>\n<p>&nbsp;<\/p>\n<p><strong>Et f\u00e6llesskab, der skal passes<\/strong><\/p>\n<p>Tilbage ved bordet med bordplanen.<\/p>\n<p>&#8211; Det kr\u00e6ver noget at samle mennesker, siger han.<\/p>\n<p>Et guldbryllup med over 100 g\u00e6ster kommer ikke af sig selv.<\/p>\n<p>&#8211; Men det er det v\u00e6rd. Jeg er s\u00e5 taknemlig for, at vi kan samle s\u00e5 mange mennesker.<\/p>\n<p>Han tr\u00e6kker en linje til foreningslivet.<\/p>\n<p>&#8211; Det er det samme. Hvis vi vil have et st\u00e6rkt f\u00e6llesskab, s\u00e5 skal vi arbejde for det.<\/p>\n<a class=\"dvrt-link\" onClick=\"cdmtrack_click(113414,jQuery(this));return false\" href=\"https:\/\/www.p-soerensen.dk\/\"><img decoding=\"async\" style=\"width:100%;\" src=\"https:\/\/kunmedierne.dk\/mors\/wp-content\/uploads\/2024\/03\/p-soerensen-juni25.jpg\"><\/a><script>cdmtrack_view(113414);<\/script>\n<p>Han h\u00e5ber, at foreningerne p\u00e5 Mors vil tage budskabet til sig. Ikke som kritik af alt det, der allerede bliver gjort, men som en p\u00e5mindelse.<\/p>\n<p>&#8211; Der er rigtig mange, der g\u00f8r det godt. Men vi skal hele tiden huske, hvad det handler om.<\/p>\n<p>Han f\u00f8lger mig ud til bilen.<\/p>\n<p>&#8211; Det vigtigste er, at b\u00f8rnene har lyst til at komme igen, siger han.<\/p>\n<p>Han stopper op et \u00f8jeblik.<\/p>\n<p>&#8211; For hvis de ikke g\u00f8r det\u2026 s\u00e5 har vi ikke bare tabt en kamp. S\u00e5 har vi tabt dem.<\/p>\n<p>&nbsp;<\/p>\n","protected":false},"excerpt":{"rendered":"<p>T\u00c6BRING: I drivhuset bag huset p\u00e5 R\u00e5gh\u00f8j viser Tage Pedersen en vinranke frem. Der er ingen druer endnu. Bare gr\u00f8nne blade og en historie, der r\u00e6kker tilbage til 1990\u2019erne, hvor han tog en stikling med hjem fra Spanien og fik den til at gro p\u00e5 Mors. &#8211; Den har klaret sig fint her, siger han. [&hellip;]<\/p>\n","protected":false},"author":2507,"featured_media":0,"comment_status":"closed","ping_status":"closed","sticky":false,"template":"","format":"standard","meta":{"_acf_changed":false,"footnotes":""},"categories":[51],"tags":[],"class_list":["post-172791","post","type-post","status-publish","format-standard","hentry","category-lokalt"],"acf":[],"yoast_head":"<!-- This site is optimized with the Yoast SEO plugin v26.8 - https:\/\/yoast.com\/product\/yoast-seo-wordpress\/ -->\n<title>\u201cVi m\u00e5 ikke tabe dem, der ikke vinder\u201d \u2013 Tage Pedersen kalder p\u00e5 et opg\u00f8r i foreningslivet - Mors<\/title>\n<meta name=\"robots\" content=\"index, follow, max-snippet:-1, max-image-preview:large, max-video-preview:-1\" \/>\n<link rel=\"canonical\" href=\"https:\/\/kunmedierne.dk\/mors\/vi-maa-ikke-tabe-dem-der-ikke-vinder-tage-pedersen-kalder-paa-et-opgoer-i-foreningslivet\/\" \/>\n<meta property=\"og:locale\" content=\"da_DK\" \/>\n<meta property=\"og:type\" content=\"article\" \/>\n<meta property=\"og:title\" content=\"\u201cVi m\u00e5 ikke tabe dem, der ikke vinder\u201d \u2013 Tage Pedersen kalder p\u00e5 et opg\u00f8r i foreningslivet - Mors\" \/>\n<meta property=\"og:description\" content=\"T\u00c6BRING: I drivhuset bag huset p\u00e5 R\u00e5gh\u00f8j viser Tage Pedersen en vinranke frem. Der er ingen druer endnu. Bare gr\u00f8nne blade og en historie, der r\u00e6kker tilbage til 1990\u2019erne, hvor han tog en stikling med hjem fra Spanien og fik den til at gro p\u00e5 Mors. &#8211; Den har klaret sig fint her, siger han. [&hellip;]\" \/>\n<meta property=\"og:url\" content=\"https:\/\/kunmedierne.dk\/mors\/vi-maa-ikke-tabe-dem-der-ikke-vinder-tage-pedersen-kalder-paa-et-opgoer-i-foreningslivet\/\" \/>\n<meta property=\"og:site_name\" content=\"Mors\" \/>\n<meta property=\"article:published_time\" content=\"2026-04-30T06:16:39+00:00\" \/>\n<meta property=\"og:image\" content=\"https:\/\/kunmedierne.dk\/mors\/wp-content\/uploads\/2026\/04\/design-uden-navn263.jpg\" \/>\n<meta name=\"author\" content=\"Katrine Hedegaard\" \/>\n<meta name=\"twitter:card\" content=\"summary_large_image\" \/>\n<meta name=\"twitter:label1\" content=\"Skrevet af\" \/>\n\t<meta name=\"twitter:data1\" content=\"Katrine Hedegaard\" \/>\n\t<meta name=\"twitter:label2\" content=\"Estimeret l\u00e6setid\" \/>\n\t<meta name=\"twitter:data2\" content=\"6 minutter\" \/>\n<script type=\"application\/ld+json\" class=\"yoast-schema-graph\">{\"@context\":\"https:\/\/schema.org\",\"@graph\":[{\"@type\":\"Article\",\"@id\":\"https:\/\/kunmedierne.dk\/mors\/vi-maa-ikke-tabe-dem-der-ikke-vinder-tage-pedersen-kalder-paa-et-opgoer-i-foreningslivet\/#article\",\"isPartOf\":{\"@id\":\"https:\/\/kunmedierne.dk\/mors\/vi-maa-ikke-tabe-dem-der-ikke-vinder-tage-pedersen-kalder-paa-et-opgoer-i-foreningslivet\/\"},\"author\":{\"name\":\"Katrine Hedegaard\",\"@id\":\"https:\/\/kunmedierne.dk\/mors\/#\/schema\/person\/b2e62a38069b12365e53e087a8709c64\"},\"headline\":\"\u201cVi m\u00e5 ikke tabe dem, der ikke vinder\u201d \u2013 Tage Pedersen kalder p\u00e5 et opg\u00f8r i foreningslivet\",\"datePublished\":\"2026-04-30T06:16:39+00:00\",\"mainEntityOfPage\":{\"@id\":\"https:\/\/kunmedierne.dk\/mors\/vi-maa-ikke-tabe-dem-der-ikke-vinder-tage-pedersen-kalder-paa-et-opgoer-i-foreningslivet\/\"},\"wordCount\":1180,\"publisher\":{\"@id\":\"https:\/\/kunmedierne.dk\/mors\/#organization\"},\"image\":{\"@id\":\"https:\/\/kunmedierne.dk\/mors\/vi-maa-ikke-tabe-dem-der-ikke-vinder-tage-pedersen-kalder-paa-et-opgoer-i-foreningslivet\/#primaryimage\"},\"thumbnailUrl\":\"https:\/\/kunmedierne.dk\/mors\/wp-content\/uploads\/2026\/04\/design-uden-navn263.jpg\",\"articleSection\":[\"Lokalt\"],\"inLanguage\":\"da-DK\"},{\"@type\":\"WebPage\",\"@id\":\"https:\/\/kunmedierne.dk\/mors\/vi-maa-ikke-tabe-dem-der-ikke-vinder-tage-pedersen-kalder-paa-et-opgoer-i-foreningslivet\/\",\"url\":\"https:\/\/kunmedierne.dk\/mors\/vi-maa-ikke-tabe-dem-der-ikke-vinder-tage-pedersen-kalder-paa-et-opgoer-i-foreningslivet\/\",\"name\":\"\u201cVi m\u00e5 ikke tabe dem, der ikke vinder\u201d \u2013 Tage Pedersen kalder p\u00e5 et opg\u00f8r i foreningslivet - Mors\",\"isPartOf\":{\"@id\":\"https:\/\/kunmedierne.dk\/mors\/#website\"},\"primaryImageOfPage\":{\"@id\":\"https:\/\/kunmedierne.dk\/mors\/vi-maa-ikke-tabe-dem-der-ikke-vinder-tage-pedersen-kalder-paa-et-opgoer-i-foreningslivet\/#primaryimage\"},\"image\":{\"@id\":\"https:\/\/kunmedierne.dk\/mors\/vi-maa-ikke-tabe-dem-der-ikke-vinder-tage-pedersen-kalder-paa-et-opgoer-i-foreningslivet\/#primaryimage\"},\"thumbnailUrl\":\"https:\/\/kunmedierne.dk\/mors\/wp-content\/uploads\/2026\/04\/design-uden-navn263.jpg\",\"datePublished\":\"2026-04-30T06:16:39+00:00\",\"breadcrumb\":{\"@id\":\"https:\/\/kunmedierne.dk\/mors\/vi-maa-ikke-tabe-dem-der-ikke-vinder-tage-pedersen-kalder-paa-et-opgoer-i-foreningslivet\/#breadcrumb\"},\"inLanguage\":\"da-DK\",\"potentialAction\":[{\"@type\":\"ReadAction\",\"target\":[\"https:\/\/kunmedierne.dk\/mors\/vi-maa-ikke-tabe-dem-der-ikke-vinder-tage-pedersen-kalder-paa-et-opgoer-i-foreningslivet\/\"]}]},{\"@type\":\"ImageObject\",\"inLanguage\":\"da-DK\",\"@id\":\"https:\/\/kunmedierne.dk\/mors\/vi-maa-ikke-tabe-dem-der-ikke-vinder-tage-pedersen-kalder-paa-et-opgoer-i-foreningslivet\/#primaryimage\",\"url\":\"https:\/\/kunmedierne.dk\/mors\/wp-content\/uploads\/2026\/04\/design-uden-navn263.jpg\",\"contentUrl\":\"https:\/\/kunmedierne.dk\/mors\/wp-content\/uploads\/2026\/04\/design-uden-navn263.jpg\",\"width\":5184,\"height\":3456},{\"@type\":\"BreadcrumbList\",\"@id\":\"https:\/\/kunmedierne.dk\/mors\/vi-maa-ikke-tabe-dem-der-ikke-vinder-tage-pedersen-kalder-paa-et-opgoer-i-foreningslivet\/#breadcrumb\",\"itemListElement\":[{\"@type\":\"ListItem\",\"position\":1,\"name\":\"Hjem\",\"item\":\"https:\/\/kunmedierne.dk\/mors\/\"},{\"@type\":\"ListItem\",\"position\":2,\"name\":\"\u201cVi m\u00e5 ikke tabe dem, der ikke vinder\u201d \u2013 Tage Pedersen kalder p\u00e5 et opg\u00f8r i foreningslivet\"}]},{\"@type\":\"WebSite\",\"@id\":\"https:\/\/kunmedierne.dk\/mors\/#website\",\"url\":\"https:\/\/kunmedierne.dk\/mors\/\",\"name\":\"Mors\",\"description\":\"et netmedie med journalistik om livet p\u00e5 Mors\",\"publisher\":{\"@id\":\"https:\/\/kunmedierne.dk\/mors\/#organization\"},\"potentialAction\":[{\"@type\":\"SearchAction\",\"target\":{\"@type\":\"EntryPoint\",\"urlTemplate\":\"https:\/\/kunmedierne.dk\/mors\/?s={search_term_string}\"},\"query-input\":{\"@type\":\"PropertyValueSpecification\",\"valueRequired\":true,\"valueName\":\"search_term_string\"}}],\"inLanguage\":\"da-DK\"},{\"@type\":\"Organization\",\"@id\":\"https:\/\/kunmedierne.dk\/mors\/#organization\",\"name\":\"Mors\",\"url\":\"https:\/\/kunmedierne.dk\/mors\/\",\"logo\":{\"@type\":\"ImageObject\",\"inLanguage\":\"da-DK\",\"@id\":\"https:\/\/kunmedierne.dk\/mors\/#\/schema\/logo\/image\/\",\"url\":\"https:\/\/kunmedierne.dk\/mors\/wp-content\/uploads\/2024\/08\/kunmors-logo.svg\",\"contentUrl\":\"https:\/\/kunmedierne.dk\/mors\/wp-content\/uploads\/2024\/08\/kunmors-logo.svg\",\"caption\":\"Mors\"},\"image\":{\"@id\":\"https:\/\/kunmedierne.dk\/mors\/#\/schema\/logo\/image\/\"}},{\"@type\":\"Person\",\"@id\":\"https:\/\/kunmedierne.dk\/mors\/#\/schema\/person\/b2e62a38069b12365e53e087a8709c64\",\"name\":\"Katrine Hedegaard\",\"image\":{\"@type\":\"ImageObject\",\"inLanguage\":\"da-DK\",\"@id\":\"https:\/\/kunmedierne.dk\/mors\/#\/schema\/person\/image\/\",\"url\":\"https:\/\/secure.gravatar.com\/avatar\/18a5c72fa9148052fd3ed5a58b40fc83cfdc9811090e6e6eec9539af058edcc0?s=96&d=mm&r=g\",\"contentUrl\":\"https:\/\/secure.gravatar.com\/avatar\/18a5c72fa9148052fd3ed5a58b40fc83cfdc9811090e6e6eec9539af058edcc0?s=96&d=mm&r=g\",\"caption\":\"Katrine Hedegaard\"},\"url\":\"https:\/\/kunmedierne.dk\/mors\/author\/katrine\/\"}]}<\/script>\n<!-- \/ Yoast SEO plugin. -->","yoast_head_json":{"title":"\u201cVi m\u00e5 ikke tabe dem, der ikke vinder\u201d \u2013 Tage Pedersen kalder p\u00e5 et opg\u00f8r i foreningslivet - Mors","robots":{"index":"index","follow":"follow","max-snippet":"max-snippet:-1","max-image-preview":"max-image-preview:large","max-video-preview":"max-video-preview:-1"},"canonical":"https:\/\/kunmedierne.dk\/mors\/vi-maa-ikke-tabe-dem-der-ikke-vinder-tage-pedersen-kalder-paa-et-opgoer-i-foreningslivet\/","og_locale":"da_DK","og_type":"article","og_title":"\u201cVi m\u00e5 ikke tabe dem, der ikke vinder\u201d \u2013 Tage Pedersen kalder p\u00e5 et opg\u00f8r i foreningslivet - Mors","og_description":"T\u00c6BRING: I drivhuset bag huset p\u00e5 R\u00e5gh\u00f8j viser Tage Pedersen en vinranke frem. Der er ingen druer endnu. Bare gr\u00f8nne blade og en historie, der r\u00e6kker tilbage til 1990\u2019erne, hvor han tog en stikling med hjem fra Spanien og fik den til at gro p\u00e5 Mors. &#8211; Den har klaret sig fint her, siger han. [&hellip;]","og_url":"https:\/\/kunmedierne.dk\/mors\/vi-maa-ikke-tabe-dem-der-ikke-vinder-tage-pedersen-kalder-paa-et-opgoer-i-foreningslivet\/","og_site_name":"Mors","article_published_time":"2026-04-30T06:16:39+00:00","og_image":[{"url":"https:\/\/kunmedierne.dk\/mors\/wp-content\/uploads\/2026\/04\/design-uden-navn263.jpg","type":"","width":"","height":""}],"author":"Katrine Hedegaard","twitter_card":"summary_large_image","twitter_misc":{"Skrevet af":"Katrine Hedegaard","Estimeret l\u00e6setid":"6 minutter"},"schema":{"@context":"https:\/\/schema.org","@graph":[{"@type":"Article","@id":"https:\/\/kunmedierne.dk\/mors\/vi-maa-ikke-tabe-dem-der-ikke-vinder-tage-pedersen-kalder-paa-et-opgoer-i-foreningslivet\/#article","isPartOf":{"@id":"https:\/\/kunmedierne.dk\/mors\/vi-maa-ikke-tabe-dem-der-ikke-vinder-tage-pedersen-kalder-paa-et-opgoer-i-foreningslivet\/"},"author":{"name":"Katrine Hedegaard","@id":"https:\/\/kunmedierne.dk\/mors\/#\/schema\/person\/b2e62a38069b12365e53e087a8709c64"},"headline":"\u201cVi m\u00e5 ikke tabe dem, der ikke vinder\u201d \u2013 Tage Pedersen kalder p\u00e5 et opg\u00f8r i foreningslivet","datePublished":"2026-04-30T06:16:39+00:00","mainEntityOfPage":{"@id":"https:\/\/kunmedierne.dk\/mors\/vi-maa-ikke-tabe-dem-der-ikke-vinder-tage-pedersen-kalder-paa-et-opgoer-i-foreningslivet\/"},"wordCount":1180,"publisher":{"@id":"https:\/\/kunmedierne.dk\/mors\/#organization"},"image":{"@id":"https:\/\/kunmedierne.dk\/mors\/vi-maa-ikke-tabe-dem-der-ikke-vinder-tage-pedersen-kalder-paa-et-opgoer-i-foreningslivet\/#primaryimage"},"thumbnailUrl":"https:\/\/kunmedierne.dk\/mors\/wp-content\/uploads\/2026\/04\/design-uden-navn263.jpg","articleSection":["Lokalt"],"inLanguage":"da-DK"},{"@type":"WebPage","@id":"https:\/\/kunmedierne.dk\/mors\/vi-maa-ikke-tabe-dem-der-ikke-vinder-tage-pedersen-kalder-paa-et-opgoer-i-foreningslivet\/","url":"https:\/\/kunmedierne.dk\/mors\/vi-maa-ikke-tabe-dem-der-ikke-vinder-tage-pedersen-kalder-paa-et-opgoer-i-foreningslivet\/","name":"\u201cVi m\u00e5 ikke tabe dem, der ikke vinder\u201d \u2013 Tage Pedersen kalder p\u00e5 et opg\u00f8r i foreningslivet - Mors","isPartOf":{"@id":"https:\/\/kunmedierne.dk\/mors\/#website"},"primaryImageOfPage":{"@id":"https:\/\/kunmedierne.dk\/mors\/vi-maa-ikke-tabe-dem-der-ikke-vinder-tage-pedersen-kalder-paa-et-opgoer-i-foreningslivet\/#primaryimage"},"image":{"@id":"https:\/\/kunmedierne.dk\/mors\/vi-maa-ikke-tabe-dem-der-ikke-vinder-tage-pedersen-kalder-paa-et-opgoer-i-foreningslivet\/#primaryimage"},"thumbnailUrl":"https:\/\/kunmedierne.dk\/mors\/wp-content\/uploads\/2026\/04\/design-uden-navn263.jpg","datePublished":"2026-04-30T06:16:39+00:00","breadcrumb":{"@id":"https:\/\/kunmedierne.dk\/mors\/vi-maa-ikke-tabe-dem-der-ikke-vinder-tage-pedersen-kalder-paa-et-opgoer-i-foreningslivet\/#breadcrumb"},"inLanguage":"da-DK","potentialAction":[{"@type":"ReadAction","target":["https:\/\/kunmedierne.dk\/mors\/vi-maa-ikke-tabe-dem-der-ikke-vinder-tage-pedersen-kalder-paa-et-opgoer-i-foreningslivet\/"]}]},{"@type":"ImageObject","inLanguage":"da-DK","@id":"https:\/\/kunmedierne.dk\/mors\/vi-maa-ikke-tabe-dem-der-ikke-vinder-tage-pedersen-kalder-paa-et-opgoer-i-foreningslivet\/#primaryimage","url":"https:\/\/kunmedierne.dk\/mors\/wp-content\/uploads\/2026\/04\/design-uden-navn263.jpg","contentUrl":"https:\/\/kunmedierne.dk\/mors\/wp-content\/uploads\/2026\/04\/design-uden-navn263.jpg","width":5184,"height":3456},{"@type":"BreadcrumbList","@id":"https:\/\/kunmedierne.dk\/mors\/vi-maa-ikke-tabe-dem-der-ikke-vinder-tage-pedersen-kalder-paa-et-opgoer-i-foreningslivet\/#breadcrumb","itemListElement":[{"@type":"ListItem","position":1,"name":"Hjem","item":"https:\/\/kunmedierne.dk\/mors\/"},{"@type":"ListItem","position":2,"name":"\u201cVi m\u00e5 ikke tabe dem, der ikke vinder\u201d \u2013 Tage Pedersen kalder p\u00e5 et opg\u00f8r i foreningslivet"}]},{"@type":"WebSite","@id":"https:\/\/kunmedierne.dk\/mors\/#website","url":"https:\/\/kunmedierne.dk\/mors\/","name":"Mors","description":"et netmedie med journalistik om livet p\u00e5 Mors","publisher":{"@id":"https:\/\/kunmedierne.dk\/mors\/#organization"},"potentialAction":[{"@type":"SearchAction","target":{"@type":"EntryPoint","urlTemplate":"https:\/\/kunmedierne.dk\/mors\/?s={search_term_string}"},"query-input":{"@type":"PropertyValueSpecification","valueRequired":true,"valueName":"search_term_string"}}],"inLanguage":"da-DK"},{"@type":"Organization","@id":"https:\/\/kunmedierne.dk\/mors\/#organization","name":"Mors","url":"https:\/\/kunmedierne.dk\/mors\/","logo":{"@type":"ImageObject","inLanguage":"da-DK","@id":"https:\/\/kunmedierne.dk\/mors\/#\/schema\/logo\/image\/","url":"https:\/\/kunmedierne.dk\/mors\/wp-content\/uploads\/2024\/08\/kunmors-logo.svg","contentUrl":"https:\/\/kunmedierne.dk\/mors\/wp-content\/uploads\/2024\/08\/kunmors-logo.svg","caption":"Mors"},"image":{"@id":"https:\/\/kunmedierne.dk\/mors\/#\/schema\/logo\/image\/"}},{"@type":"Person","@id":"https:\/\/kunmedierne.dk\/mors\/#\/schema\/person\/b2e62a38069b12365e53e087a8709c64","name":"Katrine Hedegaard","image":{"@type":"ImageObject","inLanguage":"da-DK","@id":"https:\/\/kunmedierne.dk\/mors\/#\/schema\/person\/image\/","url":"https:\/\/secure.gravatar.com\/avatar\/18a5c72fa9148052fd3ed5a58b40fc83cfdc9811090e6e6eec9539af058edcc0?s=96&d=mm&r=g","contentUrl":"https:\/\/secure.gravatar.com\/avatar\/18a5c72fa9148052fd3ed5a58b40fc83cfdc9811090e6e6eec9539af058edcc0?s=96&d=mm&r=g","caption":"Katrine Hedegaard"},"url":"https:\/\/kunmedierne.dk\/mors\/author\/katrine\/"}]}},"_links":{"self":[{"href":"https:\/\/kunmedierne.dk\/mors\/wp-json\/wp\/v2\/posts\/172791","targetHints":{"allow":["GET"]}}],"collection":[{"href":"https:\/\/kunmedierne.dk\/mors\/wp-json\/wp\/v2\/posts"}],"about":[{"href":"https:\/\/kunmedierne.dk\/mors\/wp-json\/wp\/v2\/types\/post"}],"author":[{"embeddable":true,"href":"https:\/\/kunmedierne.dk\/mors\/wp-json\/wp\/v2\/users\/2507"}],"replies":[{"embeddable":true,"href":"https:\/\/kunmedierne.dk\/mors\/wp-json\/wp\/v2\/comments?post=172791"}],"version-history":[{"count":4,"href":"https:\/\/kunmedierne.dk\/mors\/wp-json\/wp\/v2\/posts\/172791\/revisions"}],"predecessor-version":[{"id":172804,"href":"https:\/\/kunmedierne.dk\/mors\/wp-json\/wp\/v2\/posts\/172791\/revisions\/172804"}],"wp:attachment":[{"href":"https:\/\/kunmedierne.dk\/mors\/wp-json\/wp\/v2\/media?parent=172791"}],"wp:term":[{"taxonomy":"category","embeddable":true,"href":"https:\/\/kunmedierne.dk\/mors\/wp-json\/wp\/v2\/categories?post=172791"},{"taxonomy":"post_tag","embeddable":true,"href":"https:\/\/kunmedierne.dk\/mors\/wp-json\/wp\/v2\/tags?post=172791"}],"curies":[{"name":"wp","href":"https:\/\/api.w.org\/{rel}","templated":true}]}}